{"id":998,"date":"2014-08-29T16:04:10","date_gmt":"2014-08-29T14:04:10","guid":{"rendered":"http:\/\/www.centraldevacaciones.com\/opiniones\/?p=998"},"modified":"2021-10-25T16:19:26","modified_gmt":"2021-10-25T14:19:26","slug":"la-costa-brava-espanola","status":"publish","type":"post","link":"https:\/\/www.centraldevacaciones.com\/blog\/la-costa-brava-espanola\/","title":{"rendered":"La Costa Brava espa\u00f1ola"},"content":{"rendered":"\t\t<div data-elementor-type=\"wp-post\" data-elementor-id=\"998\" class=\"elementor elementor-998\" data-elementor-post-type=\"post\">\n\t\t\t\t\t\t<section class=\"elementor-section elementor-top-section elementor-element elementor-element-384cb3d1 elementor-section-boxed elementor-section-height-default elementor-section-height-default\" data-id=\"384cb3d1\" data-element_type=\"section\">\n\t\t\t\t\t\t<div class=\"elementor-container elementor-column-gap-default\">\n\t\t\t\t\t<div class=\"elementor-column elementor-col-100 elementor-top-column elementor-element elementor-element-6cac0456\" data-id=\"6cac0456\" data-element_type=\"column\">\n\t\t\t<div class=\"elementor-widget-wrap elementor-element-populated\">\n\t\t\t\t\t\t<div class=\"elementor-element elementor-element-dc4a613 elementor-widget elementor-widget-text-editor\" data-id=\"dc4a613\" data-element_type=\"widget\" data-widget_type=\"text-editor.default\">\n\t\t\t\t\t\t\t\t\t<p><strong>Costa Brava<\/strong><\/p><p>El <strong>c\u00e9lebre tramo del litoral catal\u00e1n<\/strong>, la <strong>Costa Brava<\/strong>,\u00a0 situada en <strong>Gerona<\/strong>, en la provincia de la <strong>Comunidad Aut\u00f3noma de Catalu\u00f1a<\/strong>, en <strong>Espa\u00f1a<\/strong>, cuenta con <strong>rincones maravillosos<\/strong>, espacios naturales o pueblos, de arraigadas tradiciones, con vistas incre\u00edbles y gastronom\u00eda excelente, que no puedes perderte.<\/p><p>La <strong>Costa Brava<\/strong> es muy extensa, ya que, \u00a0<strong>comienza en la desembocadura del r\u00edo La Tordera, en Blanes, y termina en la frontera con Francia, en Portbou, en el noroeste de Espa\u00f1a.<\/strong> Resulta imposible descubrirla, durante un viaje. Por eso, hemos seleccionado <strong>los principales puntos de inter\u00e9s y actividades m\u00e1s importantes, <\/strong>para que las apunt\u00e9is en vuestros cuadernos de viaje, y que no pod\u00e9is perderos.<\/p><p>Los <strong>espacios naturales<\/strong> de la Costa Brava, <strong>parques, islas, calas y playas <\/strong>m\u00e1s admiradas de Gerona; sus <strong>pueblos<\/strong>, preciosos, <strong>rodeados de tierra y mar; <\/strong>y la <strong>riqueza de su patrimonio cultural,<\/strong> manifestada en museos, monumentos y restos arqueol\u00f3gicos.<\/p><p><img fetchpriority=\"high\" decoding=\"async\" class=\"alignnone size-full wp-image-19956\" src=\"https:\/\/www.centraldevacaciones.com\/blog\/wp-content\/uploads\/2021\/10\/Playa-en-la-Costa-Brava-scaled.jpg\" alt=\"La Costa Brava espa\u00f1ola: Playa en la Costa Brava\" width=\"2560\" height=\"1920\" srcset=\"https:\/\/www.centraldevacaciones.com\/blog\/wp-content\/uploads\/2021\/10\/Playa-en-la-Costa-Brava-scaled.jpg 2560w, https:\/\/www.centraldevacaciones.com\/blog\/wp-content\/uploads\/2021\/10\/Playa-en-la-Costa-Brava-300x225.jpg 300w, https:\/\/www.centraldevacaciones.com\/blog\/wp-content\/uploads\/2021\/10\/Playa-en-la-Costa-Brava-1024x768.jpg 1024w, https:\/\/www.centraldevacaciones.com\/blog\/wp-content\/uploads\/2021\/10\/Playa-en-la-Costa-Brava-768x576.jpg 768w, https:\/\/www.centraldevacaciones.com\/blog\/wp-content\/uploads\/2021\/10\/Playa-en-la-Costa-Brava-1536x1152.jpg 1536w, https:\/\/www.centraldevacaciones.com\/blog\/wp-content\/uploads\/2021\/10\/Playa-en-la-Costa-Brava-2048x1536.jpg 2048w\" sizes=\"(max-width: 2560px) 100vw, 2560px\" \/><\/p><p><strong>Lloret del Mar<\/strong>, pueblo marinero, situado <strong>en la comarca de La Selva<\/strong>, en la provincia de Gerona. Destaca por la <strong>gran variedad y contraste de su oferta tur\u00edstica<\/strong>, donde los turistas encontrar\u00e1n <strong>playas, restaurantes, discotecas, jardines situados sobre impresionantes acantilados,<\/strong> rutas y escapadas por la <strong>zona de sus bosques, y una arquitectura privilegiada<\/strong>, en la que destacan sus edificios en lo alto de espectaculares colinas.<\/p><p>Entre todas sus bondades, cabe destacar: <strong>los jardines de San Clotilde<\/strong>, el mejor jard\u00edn bot\u00e1nico mediterr\u00e1neo de Europa con m\u00e1s 15 hect\u00e1reas de extensi\u00f3n, situado sobre una monta\u00f1a, con unas vistas espectaculares. <strong>El cementerio modernista<\/strong>, construido entre 1896\u00a0 y 1901,durante el esplendor modernista, dedicado a los grandes panteones y a los hipogeos, sepulturas en tierra con una decoraci\u00f3n escultural encima. <strong>Los Caminos de Ronda<\/strong>, rutas m\u00e1gicas para practicar senderismo, bordeadas por calas y acantilados, que en el pasado fueron utilizados como medio de escape, por los contrabandistas y como acceso a las playas en casos de naufragio.\u00a0 Las <strong>playas y calas<\/strong>, son museos naturales al aire libre, entre las que destacan <strong>la Cala Sa Caleta, Playa de Canyelles, Cala d`en Trons, Cala dels Frares, Playa de Lloret, Cala Banys, Playa de Fenals, Cala Sa Boadella, Playa de Santa Cristina y la Playa de Treumal.<\/strong><\/p><p><strong>Tossa del Mar<\/strong>, un pueblo que os encantar\u00e1, por <strong>sus playas, patrimonio hist\u00f3rico y una gran oferta de ocio, <\/strong>especialmente, <strong>durante el verano espa\u00f1ol<\/strong>, que comprende desde el 21 de junio hasta principios del mes de septiembre. No os pod\u00e9is perder, <strong>la Villa Vella<\/strong>, su casco medieval amurallado, el <strong>paseo mar\u00edtimo de la Tossa<\/strong>, desde las murallas hasta <strong>la Playa de la Mar, y Sa Roqueta,<\/strong> antiguo barrio de pescadores, <strong>la Capilla de\u00a0 Sant Miquel y el Museo Municipal. <\/strong><\/p><p>Otro de los municipios que destacan de <strong>la Costa Brava,<\/strong> es <strong>San Fel\u00edu de Guixols<\/strong>, en la comarca del <strong>Bajo Ampurd\u00e1n<\/strong>. El pueblo es admirado y reconocido, adem\u00e1s de por sus playas, calas y rutas para el senderismo , por el <strong>Festival Internacional de la Porta Ferrada<\/strong>, festival de m\u00fasica que se celebra cada verano desde 1958, y el <strong>Monasterio Benedictino<\/strong>, de estilo rom\u00e1nico, es el mayor monumento de la zona. El edifico es c\u00e9lebre por su famosa <strong>Porta Ferrada<\/strong>, el elemento m\u00e1s antiguo del conjunto del siglo X.<\/p><p><strong>Calella de Palafrugell<\/strong>, pueblo que conserva como pocos de la Costa Brava, el <strong>esp\u00edritu de la tradici\u00f3n pesquera con casas bajas blancas, a orillas del Mar<\/strong>. Adem\u00e1s de contar con unas <strong>playas y calas privilegiadas<\/strong>, en las que el ba\u00f1o es muy bueno y tranquilo, puesto que es una de las <strong>pocas zonas que no se ha visto afectada por el turismo de masas<\/strong>, y no se ha llenado de hoteles.<\/p><p><strong>Cadaqu\u00e9s<\/strong>, en la comarca del <strong>Alto Ampurd\u00e1n<\/strong>, al <strong>este del Cabo de Creus<\/strong>, se encuentra un paisaje que conquist\u00f3 a directores de cine y numerosos artistas, como <strong>Salvador Dal\u00ed<\/strong>. Pintor, escritor, escultor, grabador y escen\u00f3grafo espa\u00f1ol, considerado uno de los m\u00e1ximos representantes del surrealismo. El pintor vivi\u00f3 en este pueblo, y ahora, la que fue su residencia, la <strong>Casa del Museo Salvador Dal\u00ed<\/strong>, es visitada por ciudadanos de todo el mundo. Adem\u00e1s, Cadaqu\u00e9s, es c\u00e9lebre, por el <strong>Parque Natural de Cabo de Creus<\/strong>, o <em>Cap de Creus,<\/em> espacio terrestre y mar\u00edtimo, de vistas impresionantes, con m\u00e1s de 13.886 hect\u00e1reas, visitado, cada a\u00f1o, por m\u00e1s de 435.000 turistas.<\/p><p>A 670 metros sobre el nivel del mar, en la cima de <strong>San Salvador Saverdera<\/strong>, se encuentra el <strong>Castillo de Verdera<\/strong>, en el municipio de <strong>Puerto de la Selva<\/strong>, en la comarca catalana del Alto Ampurd\u00e1n. La <strong>fortificaci\u00f3n medieval,<\/strong> ubicada <strong>en el pico m\u00e1s alto de la sierra de Rodes<\/strong>, al que solo podr\u00e9is acceder a pie. El <strong>acceso m\u00e1s popular y sencillo<\/strong>, por el que acuden todos los visitantes, es por el norte, <strong>desde el Monasterio de San Pedro de Roda<\/strong>, a trav\u00e9s de un sendero que existe por la monta\u00f1a.<\/p><p>En cuanto a la <strong>gastronom\u00eda de la zona<\/strong>, existen unos <strong>pueblos <\/strong>especialmente <strong>destacados por sus delicias culinarias:<\/strong> <strong>La Escala<\/strong> o L`Escala, playas de arena dorada, que forma junto con <strong>Roses, Sant Pere Pescador y Castell\u00f3 d`Empueries, la bah\u00eda de Roses<\/strong>, incluida en <strong>el Club de las Bah\u00edas m\u00e1s hermosas del mundo.<\/strong> El municipio de <strong>L`Escala<\/strong> es famoso por <strong>las anchoas<\/strong> que se pescan y comen en la zona, que han dado lugar a la creaci\u00f3n de la <strong>Denominaci\u00f3n de calidad de Anchoas de la Escala. \u00a0Palam\u00f3s<\/strong>, el tercer puerto comercial m\u00e1s importante de Catalu\u00f1a, despu\u00e9s de Barcelona y Tarragona, es popular por sus deliciosas, exquisitas y \u00fanicas, gambas rojas. Es el plato estrella de todos los platos de la zona, y en el Paseo Mar\u00edtimo de Palam\u00f3s, se encuentran los restaurantes que mejor las cocinan de toda la zona. En San Marti d\u00b4Empuries, un peque\u00f1o pueblo junto a las ruinas de la ciudad romana, \u00a0tendr\u00e9is que parar en el restaurante,\u00a0 La Terrasa d`Empuries, para probar el arroz caldoso, plato tradicional de la regi\u00f3n.<\/p><p>Los <strong>espacios naturales de la Costa Brava<\/strong>, ocupan gran parte de la totalidad del terreno, y se encuentran protegidos a causa de su inter\u00e9s natural. Adem\u00e1s, del ya mencionado,<strong> Parque Natural de Cabo de Creus,<\/strong> destacan, <strong>el Parque Natural\u00a0 de las Marismas de Ampurd\u00e1n, las Islas Medas, Ses Negres, y los jardines bot\u00e1nicos de Marmimutra en Blanes, y el jard\u00edn bot\u00e1nico Pinya de Rosa,<\/strong> que destacan por su diversidad vegetal y sus especies tropicales.<\/p><p>Nos despedimos con <strong>la zona m\u00e1s id\u00f3nea, para la pr\u00e1ctica de deportes acu\u00e1ticos<\/strong>, como el <strong>windsurf, kitesurf o kayak<\/strong>, entre otros, en <strong>San Pedro Pescador.<\/strong> Municipio en el centro del <strong>Golfo de Rosas, en el Alto Ampurd\u00e1n<\/strong>. Sus playas son perfectas para practicar todo tipo de deportes de agua.<\/p>\t\t\t\t\t\t\t\t<\/div>\n\t\t\t\t\t<\/div>\n\t\t<\/div>\n\t\t\t\t\t<\/div>\n\t\t<\/section>\n\t\t\t\t<\/div>\n\t\t","protected":false},"excerpt":{"rendered":"<p>Costa Brava El c\u00e9lebre tramo del litoral catal\u00e1n, la Costa Brava,\u00a0 situada en Gerona, en la provincia de la Comunidad Aut\u00f3noma de Catalu\u00f1a, en Espa\u00f1a, cuenta con rincones maravillosos, espacios naturales o pueblos, de arraigadas tradiciones, con vistas incre\u00edbles y gastronom\u00eda excelente, que no puedes perderte. La Costa Brava es muy extensa, ya que, \u00a0comienza [&hellip;]<\/p>\n","protected":false},"author":1,"featured_media":0,"comment_status":"closed","ping_status":"open","sticky":false,"template":"elementor_theme","format":"standard","meta":{"_acf_changed":false,"footnotes":""},"categories":[4,193,208,206,203,204,200,195,17],"tags":[],"class_list":["post-998","post","type-post","status-publish","format-standard","hentry","category-espana","category-europa","category-ideas-escapadas","category-ideas-viajes-lujo","category-ideas-viajes-de-novios","category-ideas-viajes-verano","category-rutas-por-espana","category-rutas-por-europa","category-viajes-por-europa"],"acf":[],"_links":{"self":[{"href":"https:\/\/www.centraldevacaciones.com\/blog\/wp-json\/wp\/v2\/posts\/998","targetHints":{"allow":["GET"]}}],"collection":[{"href":"https:\/\/www.centraldevacaciones.com\/blog\/wp-json\/wp\/v2\/posts"}],"about":[{"href":"https:\/\/www.centraldevacaciones.com\/blog\/wp-json\/wp\/v2\/types\/post"}],"author":[{"embeddable":true,"href":"https:\/\/www.centraldevacaciones.com\/blog\/wp-json\/wp\/v2\/users\/1"}],"replies":[{"embeddable":true,"href":"https:\/\/www.centraldevacaciones.com\/blog\/wp-json\/wp\/v2\/comments?post=998"}],"version-history":[{"count":0,"href":"https:\/\/www.centraldevacaciones.com\/blog\/wp-json\/wp\/v2\/posts\/998\/revisions"}],"wp:attachment":[{"href":"https:\/\/www.centraldevacaciones.com\/blog\/wp-json\/wp\/v2\/media?parent=998"}],"wp:term":[{"taxonomy":"category","embeddable":true,"href":"https:\/\/www.centraldevacaciones.com\/blog\/wp-json\/wp\/v2\/categories?post=998"},{"taxonomy":"post_tag","embeddable":true,"href":"https:\/\/www.centraldevacaciones.com\/blog\/wp-json\/wp\/v2\/tags?post=998"}],"curies":[{"name":"wp","href":"https:\/\/api.w.org\/{rel}","templated":true}]}}