{"id":995,"date":"2014-08-29T16:02:39","date_gmt":"2014-08-29T14:02:39","guid":{"rendered":"http:\/\/www.centraldevacaciones.com\/opiniones\/?p=995"},"modified":"2021-08-06T10:31:57","modified_gmt":"2021-08-06T08:31:57","slug":"la-costa-dorada-en-espana","status":"publish","type":"post","link":"https:\/\/www.centraldevacaciones.com\/blog\/la-costa-dorada-en-espana\/","title":{"rendered":"La Costa Dorada en Espa\u00f1a"},"content":{"rendered":"\t\t<div data-elementor-type=\"wp-post\" data-elementor-id=\"995\" class=\"elementor elementor-995\" data-elementor-post-type=\"post\">\n\t\t\t\t\t\t<section class=\"elementor-section elementor-top-section elementor-element elementor-element-2a75b842 elementor-section-boxed elementor-section-height-default elementor-section-height-default\" data-id=\"2a75b842\" data-element_type=\"section\">\n\t\t\t\t\t\t<div class=\"elementor-container elementor-column-gap-default\">\n\t\t\t\t\t<div class=\"elementor-column elementor-col-100 elementor-top-column elementor-element elementor-element-56dfc62\" data-id=\"56dfc62\" data-element_type=\"column\">\n\t\t\t<div class=\"elementor-widget-wrap elementor-element-populated\">\n\t\t\t\t\t\t<div class=\"elementor-element elementor-element-7d059cd1 elementor-widget elementor-widget-text-editor\" data-id=\"7d059cd1\" data-element_type=\"widget\" data-widget_type=\"text-editor.default\">\n\t\t\t\t\t\t\t\t\t<strong>La Costa Dorada <\/strong>\n\nEs el <strong>nombre tur\u00edstico<\/strong> con el que se conoce a <strong>la costa del mar Balear<\/strong>, en la provincia de <strong>Tarragona, Espa\u00f1a.<\/strong>\n\nLa <strong>Costa Dorada<\/strong> es uno de los <strong>destinos preferidos por los turistas<\/strong>, nacionales e internacionales, debido a la <strong>variedad y cantidad de actividades que ofrece<\/strong>, para todas las edades y todos los bolsillos.\n\nLos <strong>atractivos tur\u00edsticos<\/strong> de la <strong>costa del mar Balear<\/strong>, son sus <strong>playas<\/strong>, su <strong>patrimonio cultural e hist\u00f3rico<\/strong>, situado casi en su totalidad en la provincia de Tarragona, <strong>puertos pesqueros<\/strong>, y el <strong>parque tem\u00e1tico de Port Aventura<\/strong>.\n\nLas <strong>playas de la Costa Dorada<\/strong> presumen de kil\u00f3metros y kil\u00f3metros de arena dorada y aguas cristalinas. <strong>Disponen de todo tipo de lujos y servicios<\/strong>, y adem\u00e1s, algunas de ellas han sido galardonadas con la <strong>bandera azul. <\/strong>\n\nLas <strong>Playas de el Vendrell<\/strong>, en Tarragona, <strong>son el atractivo principal<\/strong> de la provincia. Las m\u00e1s populares, son <strong>la Playa de Sant Salvador<\/strong>, situadas en el municipio de <strong>Calafell,<\/strong> en el que se encuentra <strong>la Riera de la Bisbal. <\/strong>\n\n<strong><a href=\"http:\/\/www.centraldevacaciones.com\/opiniones\/wp-content\/uploads\/2014\/08\/costa-dorada.jpg\"><img fetchpriority=\"high\" decoding=\"async\" class=\"aligncenter size-medium wp-image-1050\" title=\"costa dorada\" src=\"http:\/\/www.centraldevacaciones.com\/opiniones\/wp-content\/uploads\/2014\/08\/costa-dorada-300x225.jpg\" alt=\"Ofertas Costa Dorada\" width=\"300\" height=\"225\" srcset=\"https:\/\/www.centraldevacaciones.com\/blog\/wp-content\/uploads\/2014\/08\/costa-dorada-300x225.jpg 300w, https:\/\/www.centraldevacaciones.com\/blog\/wp-content\/uploads\/2014\/08\/costa-dorada.jpg 640w\" sizes=\"(max-width: 300px) 100vw, 300px\" \/><\/a>\n<\/strong>\n\nAl lado de la <strong>Playa de Sant Salvador<\/strong>, se encuentra <strong>la Playa de Coma-Ruga<\/strong>,\u00a0 otra de los principales atractivos tur\u00edsticos de la zona. Cuenta con <strong>el famoso Port Esporti\u00f9 de Coma-Ruga<\/strong>,o <strong><em>Puerto Deportivo de Coma-Ruga<\/em><\/strong><em>,<\/em> el <strong>Riuet<\/strong> de aguas termales y la <strong>Reserva Marina Mas\u00eda Blanca. <\/strong>\n\nSituada <strong>entre \u00e9stas dos, se encuentra<\/strong>, la tercera y \u00faltima playa importante de Tarragona, <strong>la Playa del Franc\u00e0s.<\/strong> Esta playa es, especialmente, <strong>popular<\/strong> porque en ella podemos encontrar <strong>la continuaci\u00f3n de la Mas\u00eda Blanca. <\/strong>\n\nAdem\u00e1s de \u00e9stas, en la <strong>Costa Dorada<\/strong> existen <strong>otras playas, imprescindibles<\/strong>, de grandes arenales, calas secretas y rincones maravillosos, que no os pod\u00e9is perder. <strong>La Playa de la Roca Plana<\/strong> y su vecina <strong>Cala Fonda<\/strong>, bautizada como <em>Waikiki <\/em>en honor a la popular playa de Haw\u00e1i. A las playas <strong>se puede acceder desde la urbanizaci\u00f3n Punta de la Mora<\/strong>, o desde <strong>la Playa Llarga de Tarragona. <\/strong>\n\n<strong>La Playa de Cap Roig<\/strong>, situada <strong>en el municipio de L\u00b4Ampolla<\/strong>, har\u00e1 creer a los turistas como una parte m\u00e1s del paisaje de un cuadro, rodeados de verdes pinos y enormes acantilados, reflejados en aguas azules cristalinas.\n\n<strong>La Playa de Creixell<\/strong>, situada <strong>entre la Playa de Coma-Ruga y Tarragona<\/strong>, en el <strong>municipio de Creixell,<\/strong> es otro de los secretos mejor guardados de la Costa Dorada. De f\u00e1cil acceso, es una de las playas que posee mayores tramos sin explotar, solitarios, en los que los turistas podr\u00e1n disfrutar de kil\u00f3metros de arena dorada y aguas cristalinas para ellos solos.\n\nPara los que busc\u00e1is <strong>playas, totalmente, v\u00edrgenes, y calas secretas y solitarias<\/strong>, que son las mejores del litoral catal\u00e1n, y menos conocidas, no pod\u00e9is dejar de visitar, <strong>las calas de L\u00b4Alguer, Pixavaques, Cala Forn y Calafat\u00f3.<\/strong> En <strong>l\u00b4Ametlla de Mar<\/strong>, est\u00e1n dos de las mejores playas v\u00edrgenes de Espa\u00f1a, <strong>la Playa del Torrent del Pi,<\/strong> y la Playa de Santes Creus, no urbanizadas, y sin servicios, en las que tendr\u00e9is la posibilidad de nadar entre ejemplares de at\u00fan rojo.\n\nEn la <strong>provincia de Tarragona<\/strong>, a orillas del Mediterr\u00e1neo, podr\u00e9is disfrutar de sus <strong>centros de recreo y tradici\u00f3n hist\u00f3rica y patrimonio art\u00edstico<\/strong>. Entre los <strong>principales puntos de inter\u00e9s<\/strong>, de la ciudad, cabe destacar: <strong>El conjunto arqueol\u00f3gico<\/strong> que forma parte de las ruinas romanas de Tarraco, declarado <strong>Patrimonio de la Humanidad<\/strong> por la <strong>UNESCO <\/strong>en el a\u00f1o 2.000. <strong>El Casco Antiguo<\/strong>, donde se encuentra el primer asentamiento romano, <strong>la Antigua Audiencia<\/strong>, gran torre\u00f3n romano ubicado en el casco antiguo, el <strong>Anfiteatro de Tarraco<\/strong>, el <strong>Circo Romano de Tarraco<\/strong>, dentro del casco antiguo de la ciudad, <strong>el Tarraco Arena Plaza<\/strong>, el <strong>Mercado Central<\/strong>, y la <strong>Rambla Nova<\/strong>, un paseo majestuoso, lleno de terrazas, restaurantes y tiendas elegantes.\n\nPara terminar, todos aquellos que viaj\u00e9is en compa\u00f1\u00eda de ni\u00f1os, tendr\u00e9is que pasar un d\u00eda en el incre\u00edble <strong>parque tem\u00e1tico de Port Aventura<\/strong>.\u00a0 Situado <strong>en los municipios<\/strong> tarraconenses de <strong>Vila-seca y Salou,<\/strong> Espa\u00f1a. El parque, ampliado en varias ocasiones desde su creaci\u00f3n, est\u00e1 formado por un parque tem\u00e1tico, <strong>PortAventuraPark<\/strong>, un campo de golf<strong>, Mediterr\u00e1nea Beach&amp;Golf<\/strong>, y un parque acu\u00e1tico, <strong>Costa Caribe Aquatic Park<\/strong>. Si lo dese\u00e1is, tambi\u00e9n podr\u00e9is alojaros en el interior del parque, puesto que <strong>dispone de cuatro hoteles con tem\u00e1ticas distintas,<\/strong> directamente conectados con el parque de atracciones y el parque acu\u00e1tico. El <strong>hotel PortAventura<\/strong>, simulando una villa Mediterr\u00e1nea; el <strong>hotel Caribe<\/strong>, ambientado, como su nombre indica, en el Caribe; el <strong>hotel El Paso<\/strong>, inspirado en el M\u00e9xico colonial y el <strong>hotel Gold River<\/strong>, en medio del oeste en plena fiebre del oro.\t\t\t\t\t\t\t\t<\/div>\n\t\t\t\t\t<\/div>\n\t\t<\/div>\n\t\t\t\t\t<\/div>\n\t\t<\/section>\n\t\t\t\t<section class=\"elementor-section elementor-top-section elementor-element elementor-element-40b5d3ed elementor-section-boxed elementor-section-height-default elementor-section-height-default\" data-id=\"40b5d3ed\" data-element_type=\"section\">\n\t\t\t\t\t\t<div class=\"elementor-container elementor-column-gap-default\">\n\t\t\t\t\t<div class=\"elementor-column elementor-col-16 elementor-top-column elementor-element elementor-element-187a34b7\" data-id=\"187a34b7\" data-element_type=\"column\">\n\t\t\t<div class=\"elementor-widget-wrap elementor-element-populated\">\n\t\t\t\t\t\t<div class=\"elementor-element elementor-element-2ea77e20 elementor-widget elementor-widget-image\" data-id=\"2ea77e20\" data-element_type=\"widget\" data-widget_type=\"image.default\">\n\t\t\t\t\t\t\t\t\t\t\t\t\t\t\t<img decoding=\"async\" width=\"128\" height=\"128\" src=\"https:\/\/www.centraldevacaciones.com\/blog\/wp-content\/uploads\/2020\/09\/espana.png\" class=\"attachment-large size-large wp-image-12730\" alt=\"\" \/>\t\t\t\t\t\t\t\t\t\t\t\t\t\t\t<\/div>\n\t\t\t\t<div class=\"elementor-element elementor-element-1d935039 elementor-widget elementor-widget-heading\" data-id=\"1d935039\" data-element_type=\"widget\" data-widget_type=\"heading.default\">\n\t\t\t\t\t<h3 class=\"elementor-heading-title elementor-size-default\"><a href=\"https:\/\/www.centraldevacaciones.com\/blog\/ofertas-de-vacaciones\/\">Viajes por Espa\u00f1a<\/a><\/h3>\t\t\t\t<\/div>\n\t\t\t\t\t<\/div>\n\t\t<\/div>\n\t\t\t\t<div class=\"elementor-column elementor-col-16 elementor-top-column elementor-element elementor-element-75284f4e\" data-id=\"75284f4e\" data-element_type=\"column\">\n\t\t\t<div class=\"elementor-widget-wrap elementor-element-populated\">\n\t\t\t\t\t\t<div class=\"elementor-element elementor-element-3cf9df22 elementor-widget elementor-widget-image\" data-id=\"3cf9df22\" data-element_type=\"widget\" data-widget_type=\"image.default\">\n\t\t\t\t\t\t\t\t\t\t\t\t\t\t\t<img decoding=\"async\" width=\"128\" height=\"128\" src=\"https:\/\/www.centraldevacaciones.com\/blog\/wp-content\/uploads\/2020\/09\/isla.png\" class=\"attachment-large size-large wp-image-12732\" alt=\"\" \/>\t\t\t\t\t\t\t\t\t\t\t\t\t\t\t<\/div>\n\t\t\t\t<div class=\"elementor-element elementor-element-3473983f elementor-widget elementor-widget-heading\" data-id=\"3473983f\" data-element_type=\"widget\" data-widget_type=\"heading.default\">\n\t\t\t\t\t<h3 class=\"elementor-heading-title elementor-size-default\"><a href=\"https:\/\/www.centraldevacaciones.com\/blog\/vacaciones-mejores-islas-espana\/\">Islas de Espa\u00f1a<\/a><\/h3>\t\t\t\t<\/div>\n\t\t\t\t\t<\/div>\n\t\t<\/div>\n\t\t\t\t<div class=\"elementor-column elementor-col-16 elementor-top-column elementor-element elementor-element-a56b3ee\" data-id=\"a56b3ee\" data-element_type=\"column\">\n\t\t\t<div class=\"elementor-widget-wrap elementor-element-populated\">\n\t\t\t\t\t\t<div class=\"elementor-element elementor-element-38ffccec elementor-widget elementor-widget-image\" data-id=\"38ffccec\" data-element_type=\"widget\" data-widget_type=\"image.default\">\n\t\t\t\t\t\t\t\t\t\t\t\t\t\t\t<img loading=\"lazy\" decoding=\"async\" width=\"128\" height=\"128\" src=\"https:\/\/www.centraldevacaciones.com\/blog\/wp-content\/uploads\/2021\/05\/avion-1.png\" class=\"attachment-large size-large wp-image-12639\" alt=\"\" \/>\t\t\t\t\t\t\t\t\t\t\t\t\t\t\t<\/div>\n\t\t\t\t<div class=\"elementor-element elementor-element-10dc2a94 elementor-widget elementor-widget-heading\" data-id=\"10dc2a94\" data-element_type=\"widget\" data-widget_type=\"heading.default\">\n\t\t\t\t\t<h3 class=\"elementor-heading-title elementor-size-default\"><a href=\"https:\/\/www.centraldevacaciones.com\/viajes\/ofertas-a-islas-canarias.html\">Viajes a Canarias<\/a><\/h3>\t\t\t\t<\/div>\n\t\t\t\t\t<\/div>\n\t\t<\/div>\n\t\t\t\t<div class=\"elementor-column elementor-col-16 elementor-top-column elementor-element elementor-element-967800\" data-id=\"967800\" data-element_type=\"column\">\n\t\t\t<div class=\"elementor-widget-wrap elementor-element-populated\">\n\t\t\t\t\t\t<div class=\"elementor-element elementor-element-f58889f elementor-widget elementor-widget-image\" data-id=\"f58889f\" data-element_type=\"widget\" data-widget_type=\"image.default\">\n\t\t\t\t\t\t\t\t\t\t\t\t\t\t\t<img loading=\"lazy\" decoding=\"async\" width=\"128\" height=\"128\" src=\"https:\/\/www.centraldevacaciones.com\/blog\/wp-content\/uploads\/2020\/09\/sombrilla.png\" class=\"attachment-large size-large wp-image-12733\" alt=\"\" \/>\t\t\t\t\t\t\t\t\t\t\t\t\t\t\t<\/div>\n\t\t\t\t<div class=\"elementor-element elementor-element-3b9cdc32 elementor-widget elementor-widget-heading\" data-id=\"3b9cdc32\" data-element_type=\"widget\" data-widget_type=\"heading.default\">\n\t\t\t\t\t<h3 class=\"elementor-heading-title elementor-size-default\"><a href=\"https:\/\/www.centraldevacaciones.com\/viajes\/ofertas-a-lanzarote.html\">Viajes a Lanzarote<\/a><\/h3>\t\t\t\t<\/div>\n\t\t\t\t\t<\/div>\n\t\t<\/div>\n\t\t\t\t<div class=\"elementor-column elementor-col-16 elementor-top-column elementor-element elementor-element-32753f63\" data-id=\"32753f63\" data-element_type=\"column\">\n\t\t\t<div class=\"elementor-widget-wrap elementor-element-populated\">\n\t\t\t\t\t\t<div class=\"elementor-element elementor-element-6c858cf1 elementor-widget elementor-widget-image\" data-id=\"6c858cf1\" data-element_type=\"widget\" data-widget_type=\"image.default\">\n\t\t\t\t\t\t\t\t\t\t\t\t\t\t\t<img loading=\"lazy\" decoding=\"async\" width=\"128\" height=\"128\" src=\"https:\/\/www.centraldevacaciones.com\/blog\/wp-content\/uploads\/2020\/09\/avion.png\" class=\"attachment-large size-large wp-image-12734\" alt=\"\" \/>\t\t\t\t\t\t\t\t\t\t\t\t\t\t\t<\/div>\n\t\t\t\t<div class=\"elementor-element elementor-element-70c13f8e elementor-widget elementor-widget-heading\" data-id=\"70c13f8e\" data-element_type=\"widget\" data-widget_type=\"heading.default\">\n\t\t\t\t\t<h3 class=\"elementor-heading-title elementor-size-default\"><a href=\"https:\/\/www.centraldevacaciones.com\/viajes\/ofertas-a-islas-baleares.html\">Viajes a las Baleares<\/a><\/h3>\t\t\t\t<\/div>\n\t\t\t\t\t<\/div>\n\t\t<\/div>\n\t\t\t\t<div class=\"elementor-column elementor-col-16 elementor-top-column elementor-element elementor-element-23c0697a\" data-id=\"23c0697a\" data-element_type=\"column\">\n\t\t\t<div class=\"elementor-widget-wrap elementor-element-populated\">\n\t\t\t\t\t\t<div class=\"elementor-element elementor-element-14a6f3ff elementor-widget elementor-widget-image\" data-id=\"14a6f3ff\" data-element_type=\"widget\" data-widget_type=\"image.default\">\n\t\t\t\t\t\t\t\t\t\t\t\t\t\t\t<img loading=\"lazy\" decoding=\"async\" width=\"128\" height=\"128\" src=\"https:\/\/www.centraldevacaciones.com\/blog\/wp-content\/uploads\/2021\/05\/dom.png\" class=\"attachment-large size-large wp-image-12635\" alt=\"\" \/>\t\t\t\t\t\t\t\t\t\t\t\t\t\t\t<\/div>\n\t\t\t\t<div class=\"elementor-element elementor-element-7338d866 elementor-widget elementor-widget-heading\" data-id=\"7338d866\" data-element_type=\"widget\" data-widget_type=\"heading.default\">\n\t\t\t\t\t<h3 class=\"elementor-heading-title elementor-size-default\"><a href=\"https:\/\/www.centraldevacaciones.com\/viajes\/ofertas-a-mallorca.html\">Viajes a Mallorca<\/a><\/h3>\t\t\t\t<\/div>\n\t\t\t\t\t<\/div>\n\t\t<\/div>\n\t\t\t\t\t<\/div>\n\t\t<\/section>\n\t\t\t\t<section class=\"elementor-section elementor-top-section elementor-element elementor-element-579175b elementor-section-boxed elementor-section-height-default elementor-section-height-default\" data-id=\"579175b\" data-element_type=\"section\">\n\t\t\t\t\t\t<div class=\"elementor-container elementor-column-gap-default\">\n\t\t\t\t\t<div class=\"elementor-column elementor-col-100 elementor-top-column elementor-element elementor-element-415915b\" data-id=\"415915b\" data-element_type=\"column\">\n\t\t\t<div class=\"elementor-widget-wrap elementor-element-populated\">\n\t\t\t\t\t\t<div class=\"elementor-element elementor-element-bbf83f5 elementor-widget elementor-widget-text-editor\" data-id=\"bbf83f5\" data-element_type=\"widget\" data-widget_type=\"text-editor.default\">\n\t\t\t\t\t\t\t\t\t<p><span style=\"font-weight: 400;\">\u00a1Disfruta este verano como el que m\u00e1s y haz realidad el sue\u00f1o que muchos otros tienen con Central de Vacaciones! Pasa unos d\u00edas de vacaciones de desconexi\u00f3n en Espa\u00f1a, concretamente en las Islas Canarias sin preocuparte de nada junto a quien m\u00e1s quieres en una estancia premium con los extras que m\u00e1s se adapten a ti. \u00a1Haz ahora tu reserva aprovechando las ofertas antes de que se agote la disponibilidad y empieza a hacer el planning de los d\u00edas de tu estancia!\u00a0<\/span><\/p>\t\t\t\t\t\t\t\t<\/div>\n\t\t\t\t\t<\/div>\n\t\t<\/div>\n\t\t\t\t\t<\/div>\n\t\t<\/section>\n\t\t\t\t<\/div>\n\t\t","protected":false},"excerpt":{"rendered":"<p>La Costa Dorada Es el nombre tur\u00edstico con el que se conoce a la costa del mar Balear, en la provincia de Tarragona, Espa\u00f1a. La Costa Dorada es uno de los destinos preferidos por los turistas, nacionales e internacionales, debido a la variedad y cantidad de actividades que ofrece, para todas las edades y todos [&hellip;]<\/p>\n","protected":false},"author":1,"featured_media":0,"comment_status":"closed","ping_status":"open","sticky":false,"template":"elementor_theme","format":"standard","meta":{"_acf_changed":false,"footnotes":""},"categories":[297,4,193,208,206,203,204,200,195,1,17],"tags":[],"class_list":["post-995","post","type-post","status-publish","format-standard","hentry","category-caribe","category-espana","category-europa","category-ideas-escapadas","category-ideas-viajes-lujo","category-ideas-viajes-de-novios","category-ideas-viajes-verano","category-rutas-por-espana","category-rutas-por-europa","category-vacaciones","category-viajes-por-europa"],"acf":[],"_links":{"self":[{"href":"https:\/\/www.centraldevacaciones.com\/blog\/wp-json\/wp\/v2\/posts\/995","targetHints":{"allow":["GET"]}}],"collection":[{"href":"https:\/\/www.centraldevacaciones.com\/blog\/wp-json\/wp\/v2\/posts"}],"about":[{"href":"https:\/\/www.centraldevacaciones.com\/blog\/wp-json\/wp\/v2\/types\/post"}],"author":[{"embeddable":true,"href":"https:\/\/www.centraldevacaciones.com\/blog\/wp-json\/wp\/v2\/users\/1"}],"replies":[{"embeddable":true,"href":"https:\/\/www.centraldevacaciones.com\/blog\/wp-json\/wp\/v2\/comments?post=995"}],"version-history":[{"count":0,"href":"https:\/\/www.centraldevacaciones.com\/blog\/wp-json\/wp\/v2\/posts\/995\/revisions"}],"wp:attachment":[{"href":"https:\/\/www.centraldevacaciones.com\/blog\/wp-json\/wp\/v2\/media?parent=995"}],"wp:term":[{"taxonomy":"category","embeddable":true,"href":"https:\/\/www.centraldevacaciones.com\/blog\/wp-json\/wp\/v2\/categories?post=995"},{"taxonomy":"post_tag","embeddable":true,"href":"https:\/\/www.centraldevacaciones.com\/blog\/wp-json\/wp\/v2\/tags?post=995"}],"curies":[{"name":"wp","href":"https:\/\/api.w.org\/{rel}","templated":true}]}}