{"id":991,"date":"2014-08-29T16:01:26","date_gmt":"2014-08-29T14:01:26","guid":{"rendered":"http:\/\/www.centraldevacaciones.com\/opiniones\/?p=991"},"modified":"2021-08-05T11:54:34","modified_gmt":"2021-08-05T09:54:34","slug":"la-costa-tropical-en-espana","status":"publish","type":"post","link":"https:\/\/www.centraldevacaciones.com\/blog\/la-costa-tropical-en-espana\/","title":{"rendered":"La Costa Tropical en Espa\u00f1a"},"content":{"rendered":"\t\t<div data-elementor-type=\"wp-post\" data-elementor-id=\"991\" class=\"elementor elementor-991\" data-elementor-post-type=\"post\">\n\t\t\t\t\t\t<section class=\"elementor-section elementor-top-section elementor-element elementor-element-1b58c9bd elementor-section-boxed elementor-section-height-default elementor-section-height-default\" data-id=\"1b58c9bd\" data-element_type=\"section\">\n\t\t\t\t\t\t<div class=\"elementor-container elementor-column-gap-default\">\n\t\t\t\t\t<div class=\"elementor-column elementor-col-100 elementor-top-column elementor-element elementor-element-5e2778b8\" data-id=\"5e2778b8\" data-element_type=\"column\">\n\t\t\t<div class=\"elementor-widget-wrap elementor-element-populated\">\n\t\t\t\t\t\t<div class=\"elementor-element elementor-element-2ecb1ff1 elementor-widget elementor-widget-text-editor\" data-id=\"2ecb1ff1\" data-element_type=\"widget\" data-widget_type=\"text-editor.default\">\n\t\t\t\t\t\t\t\t\tEs una comarca espa\u00f1ola <strong>situada en el extremo meridional de la provincia de Granada, en Andaluc\u00eda, Espa\u00f1a,<\/strong> tambi\u00e9n conocida como la <strong>Costa Granadina.<\/strong>\n\n<strong>Entre la Costa del Sol y la Costa de Almer\u00eda<\/strong> ocupa <strong>una zona privilegiada<\/strong>, cercana al norte de \u00c1frica y Sierra Nevada, presumiendo de unas condiciones atmosf\u00e9ricas ventajosas , \u00a0con m\u00e1s de <strong>320 d\u00edas de sol al a\u00f1o<\/strong>, y una <strong>temperatura media de 20\u00ba.<\/strong>\n\nAdem\u00e1s de unas excelentes condiciones clim\u00e1ticas, la <strong>Costa Tropical cuenta con las mejores condiciones y atractivos,<\/strong> para disfrutar de unas vacaciones inolvidables: <strong>acantilados<\/strong> con unas vistas espectaculares, <strong>calas y playas paradis\u00edacas<\/strong> en las que practicar todo tipo de deportes n\u00e1uticos, <strong>restaurantes con lo mejor de la gastronom\u00eda mediterr\u00e1nea<\/strong>, y <strong>bares y discotecas<\/strong> en los que disfrutar de una <strong>gran vida nocturna.<\/strong>\n\nLos <strong>principales puntos tur\u00edsticos de la Costa Tropical<\/strong>, que gozan de una mayor popularidad, son: <strong>La R\u00e1bita, Almu\u00f1ecar, Salobre\u00f1a, Castell de Ferro y Motril<\/strong>, capital tradicional e hist\u00f3rica de la Costa, y el municipio m\u00e1s poblado y extenso.\n\n<a href=\"http:\/\/www.centraldevacaciones.com\/opiniones\/wp-content\/uploads\/2014\/08\/costa-del-sol-copia.jpg\"><img fetchpriority=\"high\" decoding=\"async\" class=\"aligncenter size-medium wp-image-1054\" title=\"costa del sol copia\" src=\"http:\/\/www.centraldevacaciones.com\/opiniones\/wp-content\/uploads\/2014\/08\/costa-del-sol-copia-300x187.jpg\" alt=\"Oferas de costa\" width=\"300\" height=\"187\" srcset=\"https:\/\/www.centraldevacaciones.com\/blog\/wp-content\/uploads\/2014\/08\/costa-del-sol-copia-300x187.jpg 300w, https:\/\/www.centraldevacaciones.com\/blog\/wp-content\/uploads\/2014\/08\/costa-del-sol-copia-768x480.jpg 768w, https:\/\/www.centraldevacaciones.com\/blog\/wp-content\/uploads\/2014\/08\/costa-del-sol-copia-1024x640.jpg 1024w\" sizes=\"(max-width: 300px) 100vw, 300px\" \/><\/a>\n\nEn general, <strong>la calidad en las instalaciones y las aguas de las playas andaluzas le han procurado<\/strong>, a lo largo de este 2014, <strong>m\u00e1s de 98 banderas azules, distintivo que premia el cumplimiento en las condiciones higi\u00e9nicas,<\/strong> salvamento, socorrismo, seguridad y sanidad, de las cuales <strong>muchas de ellas se encuentran en las playas de la Costa Tropical.<\/strong>\n\nLas <strong>playas tur\u00edsticas\u00a0 mejores equipadas y de f\u00e1cil acceso en las Costa Granadina son<\/strong>:\n<ul>\n\t<li><strong>Playa de Cabria:<\/strong> situada en el municipio espa\u00f1ol de Almu\u00f1\u00e9car, a orillas del Mediterr\u00e1neo, en la provincia de Granada.<\/li>\n\t<li><strong>Playa Calabaj\u00edo:<\/strong> una sucesi\u00f3n de peque\u00f1as playas en la zona m\u00e1s tranquila y menos urbanizada de Almu\u00f1\u00e9car.<\/li>\n\t<li><strong>Playa Calahonda: <\/strong>situada en Motril, capital de la Costa Tropical, presume de unas excelentes instalaciones, con una afluencia de ba\u00f1istas muy alta.<\/li>\n\t<li>Playa Caletilla: situada en Almu\u00f1\u00e9car, es una bonita playa, muy peque\u00f1a y estrecha, muy bien equipada.<\/li>\n\t<li><strong>Playa Cantarrij\u00e1n:<\/strong> situada en la pedan\u00eda de La Herradura, en Almu\u00f1\u00e9car, es una playa nudista, con todo tipo de instalaciones, pero de acceso complicado, por lo que su afluencia de p\u00fablico es muy baja.<\/li>\n\t<li><strong>Playa Carchuna:<\/strong> situada en Motril, es una playa que cuenta con m\u00e1s de 3 kil\u00f3metros de arenas c\u00e1lidas y doradas, con unas excelentes instalaciones.<\/li>\n\t<li><strong>Playa El Calet\u00f3n:<\/strong> situada en Salobre\u00f1a, municipio espa\u00f1ol de la comarca de la Costa Granadina, es una playa solitaria y aislada, excelente para la pr\u00e1ctica de submarinismo.<\/li>\n\t<li><strong>Playa Sotillo:<\/strong> en la pedan\u00eda de Castell de Ferro, en el municipio granadino de Gualchos, es una playa de una gran extensi\u00f3n, con paseo mar\u00edtimo y excelentes servicios e instalaciones.<\/li>\n\t<li><strong>Playa La R\u00e1bita:<\/strong> situada en la pedan\u00eda con el mismo nombre, en el municipio granadino de Albu\u00f1ol, es una playa de grava de una gran longitud, con una ocupaci\u00f3n media, a la que solo se puede acceder en coche, muy bien equipada.<\/li>\n<\/ul>\n<strong>La Costra Tropical es<\/strong> ,adem\u00e1s, <strong>poseedora de una gran riqueza cultural<\/strong>, gracias a los legados de los asentamientos de diferentes culturas y civilizaciones, en la que los turistas podr\u00e1n disfrutar de los tesoros pertenecientes a la m\u00e1s temprana antig\u00fcedad.\n\nLos <strong>monumentos imprescindibles<\/strong> de la provincia de <strong>Almu\u00f1\u00e9car<\/strong>, son, \u00a0<strong>El Castillo de San Miguel, la Iglesia de la Encarnaci\u00f3n y el Cerro de Cantalobos, los Acueductos y Termas romanas, el Puerto Deportivo de Marina del Este, el Parque Escult\u00f3rico Sirio, el Palacete de La Najarra, el Pe\u00f1\u00f3n del Santo, y su Casco hist\u00f3rico. <\/strong>\n\nEn <strong>Motril <\/strong>no pod\u00e9is perderos las visitas al <strong>Faro de Sacratif, la Iglesia de la Victoria, el pueblo pesquero de Torrenueva, el Monumento homenaje al Cardenal Belluga, el Parque de los Pueblos de Am\u00e9rica, la Cruz del Cerro de la Virgen, la Iglesia Mayor de la Encarnaci\u00f3n, los Jardines de la Casa de los Bates, la Plaza de Espa\u00f1a, la Casa de la Condesa de Torre Isabel, el Museo preindustrial de la ca\u00f1a de az\u00facar, la Plaza de los Jardinillos, y el Puerto Pesquero de Motril. <\/strong>\n\nEn el municipio de <strong>Salobre\u00f1a<\/strong>, enclavado en una roca, se encuentra el <strong>Castillo de Salobre\u00f1a<\/strong>, en el punto m\u00e1s alto de la ciudad, <strong>la Iglesia de Nuestra Se\u00f1ora del Rosario, el Centro Artesano \u201cGabriel Guirado\u201d, la B\u00f3veda, el Museo Arqueol\u00f3gico, la Placeta, la Plaza del Ayuntamiento, cargada de historia, el Casco hist\u00f3rico, la Subida al Castillo, el Pe\u00f1\u00f3n de Salobre\u00f1a, la Torre del Homenaje, el Mirador de la Zona Baja, y la Finca Matagallares. <\/strong>\n\nLas visitas culturales, obligadas, de <strong>Castell de Ferro,\u00a0 son, las Casas Culturales, el Castillo de Castell de Ferro, y la Iglesia de San Miguel.<\/strong> Por su parte, <strong>en La R\u00e1bita, se encuentra El Castillo, perteneciente a la frontera mar\u00edtima del Reino de Granada, la Torre de la Atalaya, y la Iglesia Parroquial de la Virgen del Mar,<\/strong> construida en el siglo XVII.\n\nPor \u00faltimo, no podemos olvidar su <strong>exquisita gastronom\u00eda, basada en las hortalizas, pescados, carnes y aceite de oliva virgen extra. <\/strong>\n\nLa Costa Tropical cuenta, al igual que en el resto de Andaluc\u00eda,\u00a0 con <strong>muchos productos con Denominaci\u00f3n de Origen, como el vino, el jam\u00f3n y el aceite,<\/strong> que podr\u00e9is degustar en cualquiera de sus restaurantes y terrazas, <strong>a precios muy econ\u00f3micos<\/strong>.\t\t\t\t\t\t\t\t<\/div>\n\t\t\t\t\t<\/div>\n\t\t<\/div>\n\t\t\t\t\t<\/div>\n\t\t<\/section>\n\t\t\t\t<section class=\"elementor-section elementor-top-section elementor-element elementor-element-2e90cba0 elementor-section-boxed elementor-section-height-default elementor-section-height-default\" data-id=\"2e90cba0\" data-element_type=\"section\">\n\t\t\t\t\t\t<div class=\"elementor-container elementor-column-gap-custom\">\n\t\t\t\t\t<div class=\"elementor-column elementor-col-16 elementor-top-column elementor-element elementor-element-56fc4b5a\" data-id=\"56fc4b5a\" data-element_type=\"column\">\n\t\t\t<div class=\"elementor-widget-wrap elementor-element-populated\">\n\t\t\t\t\t\t<div class=\"elementor-element elementor-element-5b0e6f5f elementor-widget elementor-widget-image\" data-id=\"5b0e6f5f\" data-element_type=\"widget\" data-widget_type=\"image.default\">\n\t\t\t\t\t\t\t\t\t\t\t\t\t\t\t<img decoding=\"async\" width=\"128\" height=\"128\" src=\"https:\/\/www.centraldevacaciones.com\/blog\/wp-content\/uploads\/2021\/05\/dom.png\" class=\"attachment-large size-large wp-image-12635\" alt=\"\" \/>\t\t\t\t\t\t\t\t\t\t\t\t\t\t\t<\/div>\n\t\t\t\t<div class=\"elementor-element elementor-element-3986053f elementor-widget elementor-widget-heading\" data-id=\"3986053f\" data-element_type=\"widget\" data-widget_type=\"heading.default\">\n\t\t\t\t\t<h3 class=\"elementor-heading-title elementor-size-default\"><a href=\"https:\/\/www.centraldevacaciones.com\/viajes\/\">Ofertas vacacionales<\/a><\/h3>\t\t\t\t<\/div>\n\t\t\t\t\t<\/div>\n\t\t<\/div>\n\t\t\t\t<div class=\"elementor-column elementor-col-16 elementor-top-column elementor-element elementor-element-9b35e78\" data-id=\"9b35e78\" data-element_type=\"column\">\n\t\t\t<div class=\"elementor-widget-wrap elementor-element-populated\">\n\t\t\t\t\t\t<div class=\"elementor-element elementor-element-6fdae8c1 elementor-widget elementor-widget-image\" data-id=\"6fdae8c1\" data-element_type=\"widget\" data-widget_type=\"image.default\">\n\t\t\t\t\t\t\t\t\t\t\t\t\t\t\t<img decoding=\"async\" width=\"128\" height=\"128\" src=\"https:\/\/www.centraldevacaciones.com\/blog\/wp-content\/uploads\/2021\/05\/camas.png\" class=\"attachment-large size-large wp-image-12637\" alt=\"\" \/>\t\t\t\t\t\t\t\t\t\t\t\t\t\t\t<\/div>\n\t\t\t\t<div class=\"elementor-element elementor-element-35ee3a23 elementor-widget elementor-widget-heading\" data-id=\"35ee3a23\" data-element_type=\"widget\" data-widget_type=\"heading.default\">\n\t\t\t\t\t<h3 class=\"elementor-heading-title elementor-size-default\"><a href=\"https:\/\/www.centraldevacaciones.com\/blog\/hoteles-de-ciudad\/\">Ofertas hoteles<\/a><\/h3>\t\t\t\t<\/div>\n\t\t\t\t\t<\/div>\n\t\t<\/div>\n\t\t\t\t<div class=\"elementor-column elementor-col-16 elementor-top-column elementor-element elementor-element-a09e7e1\" data-id=\"a09e7e1\" data-element_type=\"column\">\n\t\t\t<div class=\"elementor-widget-wrap elementor-element-populated\">\n\t\t\t\t\t\t<div class=\"elementor-element elementor-element-3b5d11da elementor-widget elementor-widget-image\" data-id=\"3b5d11da\" data-element_type=\"widget\" data-widget_type=\"image.default\">\n\t\t\t\t\t\t\t\t\t\t\t\t\t\t\t<img loading=\"lazy\" decoding=\"async\" width=\"128\" height=\"128\" src=\"https:\/\/www.centraldevacaciones.com\/blog\/wp-content\/uploads\/2021\/05\/avion-1.png\" class=\"attachment-large size-large wp-image-12639\" alt=\"\" \/>\t\t\t\t\t\t\t\t\t\t\t\t\t\t\t<\/div>\n\t\t\t\t<div class=\"elementor-element elementor-element-32874b66 elementor-widget elementor-widget-heading\" data-id=\"32874b66\" data-element_type=\"widget\" data-widget_type=\"heading.default\">\n\t\t\t\t\t<h3 class=\"elementor-heading-title elementor-size-default\"><a href=\"https:\/\/www.centraldevacaciones.com\/blog\/destinos-vacaciones\/\">Mejores destinos<\/a><\/h3>\t\t\t\t<\/div>\n\t\t\t\t\t<\/div>\n\t\t<\/div>\n\t\t\t\t<div class=\"elementor-column elementor-col-16 elementor-top-column elementor-element elementor-element-1be1e060\" data-id=\"1be1e060\" data-element_type=\"column\">\n\t\t\t<div class=\"elementor-widget-wrap elementor-element-populated\">\n\t\t\t\t\t\t<div class=\"elementor-element elementor-element-1642db6c elementor-widget elementor-widget-image\" data-id=\"1642db6c\" data-element_type=\"widget\" data-widget_type=\"image.default\">\n\t\t\t\t\t\t\t\t\t\t\t\t\t\t\t<img loading=\"lazy\" decoding=\"async\" width=\"128\" height=\"128\" src=\"https:\/\/www.centraldevacaciones.com\/blog\/wp-content\/uploads\/2021\/05\/cama-solar.png\" class=\"attachment-large size-large wp-image-12640\" alt=\"\" \/>\t\t\t\t\t\t\t\t\t\t\t\t\t\t\t<\/div>\n\t\t\t\t<div class=\"elementor-element elementor-element-426bdd13 elementor-widget elementor-widget-heading\" data-id=\"426bdd13\" data-element_type=\"widget\" data-widget_type=\"heading.default\">\n\t\t\t\t\t<h3 class=\"elementor-heading-title elementor-size-default\"><a href=\"https:\/\/www.centraldevacaciones.com\/blog\/ofertas-circuitos\/\">Circuitos vacacionales<\/a><\/h3>\t\t\t\t<\/div>\n\t\t\t\t\t<\/div>\n\t\t<\/div>\n\t\t\t\t<div class=\"elementor-column elementor-col-16 elementor-top-column elementor-element elementor-element-1646d5ae\" data-id=\"1646d5ae\" data-element_type=\"column\">\n\t\t\t<div class=\"elementor-widget-wrap elementor-element-populated\">\n\t\t\t\t\t\t<div class=\"elementor-element elementor-element-60796e24 elementor-widget elementor-widget-image\" data-id=\"60796e24\" data-element_type=\"widget\" data-widget_type=\"image.default\">\n\t\t\t\t\t\t\t\t\t\t\t\t\t\t\t<img loading=\"lazy\" decoding=\"async\" width=\"128\" height=\"128\" src=\"https:\/\/www.centraldevacaciones.com\/blog\/wp-content\/uploads\/2021\/05\/en-todo-el-mundo.png\" class=\"attachment-large size-large wp-image-12641\" alt=\"\" \/>\t\t\t\t\t\t\t\t\t\t\t\t\t\t\t<\/div>\n\t\t\t\t<div class=\"elementor-element elementor-element-3981ecc4 elementor-widget elementor-widget-heading\" data-id=\"3981ecc4\" data-element_type=\"widget\" data-widget_type=\"heading.default\">\n\t\t\t\t\t<h3 class=\"elementor-heading-title elementor-size-default\"><a href=\"https:\/\/www.centraldevacaciones.com\/blog\/vuelo-hotel\/\">Vuelo + hotel <\/a><\/h3>\t\t\t\t<\/div>\n\t\t\t\t\t<\/div>\n\t\t<\/div>\n\t\t\t\t<div class=\"elementor-column elementor-col-16 elementor-top-column elementor-element elementor-element-77d5fcd1\" data-id=\"77d5fcd1\" data-element_type=\"column\">\n\t\t\t<div class=\"elementor-widget-wrap elementor-element-populated\">\n\t\t\t\t\t\t<div class=\"elementor-element elementor-element-c5b541 elementor-widget elementor-widget-image\" data-id=\"c5b541\" data-element_type=\"widget\" data-widget_type=\"image.default\">\n\t\t\t\t\t\t\t\t\t\t\t\t\t\t\t<img loading=\"lazy\" decoding=\"async\" width=\"128\" height=\"128\" src=\"https:\/\/www.centraldevacaciones.com\/blog\/wp-content\/uploads\/2021\/05\/crucero.png\" class=\"attachment-large size-large wp-image-12642\" alt=\"\" \/>\t\t\t\t\t\t\t\t\t\t\t\t\t\t\t<\/div>\n\t\t\t\t<div class=\"elementor-element elementor-element-795cca00 elementor-widget elementor-widget-heading\" data-id=\"795cca00\" data-element_type=\"widget\" data-widget_type=\"heading.default\">\n\t\t\t\t\t<h3 class=\"elementor-heading-title elementor-size-default\"><a href=\"https:\/\/www.centraldevacaciones.com\/blog\/destinos-cruceros\/\">Ofertas  cruceros<\/a><\/h3>\t\t\t\t<\/div>\n\t\t\t\t\t<\/div>\n\t\t<\/div>\n\t\t\t\t\t<\/div>\n\t\t<\/section>\n\t\t\t\t<section class=\"elementor-section elementor-top-section elementor-element elementor-element-21b34e2 elementor-section-boxed elementor-section-height-default elementor-section-height-default\" data-id=\"21b34e2\" data-element_type=\"section\">\n\t\t\t\t\t\t<div class=\"elementor-container elementor-column-gap-default\">\n\t\t\t\t\t<div class=\"elementor-column elementor-col-100 elementor-top-column elementor-element elementor-element-d60d37d\" data-id=\"d60d37d\" data-element_type=\"column\">\n\t\t\t<div class=\"elementor-widget-wrap elementor-element-populated\">\n\t\t\t\t\t\t<div class=\"elementor-element elementor-element-c379846 elementor-widget elementor-widget-text-editor\" data-id=\"c379846\" data-element_type=\"widget\" data-widget_type=\"text-editor.default\">\n\t\t\t\t\t\t\t\t\t<p><span style=\"font-weight: 400;\">\u00a1Disfruta este verano como el que m\u00e1s y haz realidad el sue\u00f1o que muchos otros tienen con Central de Vacaciones! Pasa unos d\u00edas de vacaciones de desconexi\u00f3n en Espa\u00f1a, concretamente en las Islas Canarias sin preocuparte de nada junto a quien m\u00e1s quieres en una estancia premium con los extras que m\u00e1s se adapten a ti. \u00a1Haz ahora tu reserva aprovechando las ofertas antes de que se agote la disponibilidad y empieza a hacer el planning de los d\u00edas de tu estancia! <\/span><\/p>\t\t\t\t\t\t\t\t<\/div>\n\t\t\t\t\t<\/div>\n\t\t<\/div>\n\t\t\t\t\t<\/div>\n\t\t<\/section>\n\t\t\t\t<\/div>\n\t\t","protected":false},"excerpt":{"rendered":"<p>Es una comarca espa\u00f1ola situada en el extremo meridional de la provincia de Granada, en Andaluc\u00eda, Espa\u00f1a, tambi\u00e9n conocida como la Costa Granadina. Entre la Costa del Sol y la Costa de Almer\u00eda ocupa una zona privilegiada, cercana al norte de \u00c1frica y Sierra Nevada, presumiendo de unas condiciones atmosf\u00e9ricas ventajosas , \u00a0con m\u00e1s de [&hellip;]<\/p>\n","protected":false},"author":1,"featured_media":0,"comment_status":"closed","ping_status":"open","sticky":false,"template":"elementor_theme","format":"standard","meta":{"_acf_changed":false,"footnotes":""},"categories":[4,193,208,206,203,204,200,195,17],"tags":[],"class_list":["post-991","post","type-post","status-publish","format-standard","hentry","category-espana","category-europa","category-ideas-escapadas","category-ideas-viajes-lujo","category-ideas-viajes-de-novios","category-ideas-viajes-verano","category-rutas-por-espana","category-rutas-por-europa","category-viajes-por-europa"],"acf":[],"_links":{"self":[{"href":"https:\/\/www.centraldevacaciones.com\/blog\/wp-json\/wp\/v2\/posts\/991","targetHints":{"allow":["GET"]}}],"collection":[{"href":"https:\/\/www.centraldevacaciones.com\/blog\/wp-json\/wp\/v2\/posts"}],"about":[{"href":"https:\/\/www.centraldevacaciones.com\/blog\/wp-json\/wp\/v2\/types\/post"}],"author":[{"embeddable":true,"href":"https:\/\/www.centraldevacaciones.com\/blog\/wp-json\/wp\/v2\/users\/1"}],"replies":[{"embeddable":true,"href":"https:\/\/www.centraldevacaciones.com\/blog\/wp-json\/wp\/v2\/comments?post=991"}],"version-history":[{"count":0,"href":"https:\/\/www.centraldevacaciones.com\/blog\/wp-json\/wp\/v2\/posts\/991\/revisions"}],"wp:attachment":[{"href":"https:\/\/www.centraldevacaciones.com\/blog\/wp-json\/wp\/v2\/media?parent=991"}],"wp:term":[{"taxonomy":"category","embeddable":true,"href":"https:\/\/www.centraldevacaciones.com\/blog\/wp-json\/wp\/v2\/categories?post=991"},{"taxonomy":"post_tag","embeddable":true,"href":"https:\/\/www.centraldevacaciones.com\/blog\/wp-json\/wp\/v2\/tags?post=991"}],"curies":[{"name":"wp","href":"https:\/\/api.w.org\/{rel}","templated":true}]}}