{"id":9056,"date":"2020-10-05T10:57:01","date_gmt":"2020-10-05T08:57:01","guid":{"rendered":"https:\/\/www.centraldevacaciones.com\/blog\/?p=9056"},"modified":"2021-11-09T09:49:48","modified_gmt":"2021-11-09T08:49:48","slug":"los-mejores-sitios-para-visitar-en-otono-en-espana","status":"publish","type":"post","link":"https:\/\/www.centraldevacaciones.com\/blog\/los-mejores-sitios-para-visitar-en-otono-en-espana\/","title":{"rendered":"Los mejores sitios para visitar en oto\u00f1o en Espa\u00f1a"},"content":{"rendered":"\t\t<div data-elementor-type=\"wp-post\" data-elementor-id=\"9056\" class=\"elementor elementor-9056\" data-elementor-post-type=\"post\">\n\t\t\t\t\t\t<section class=\"elementor-section elementor-top-section elementor-element elementor-element-477b2bc5 elementor-section-boxed elementor-section-height-default elementor-section-height-default\" data-id=\"477b2bc5\" data-element_type=\"section\">\n\t\t\t\t\t\t<div class=\"elementor-container elementor-column-gap-default\">\n\t\t\t\t\t<div class=\"elementor-column elementor-col-100 elementor-top-column elementor-element elementor-element-2911d70d\" data-id=\"2911d70d\" data-element_type=\"column\">\n\t\t\t<div class=\"elementor-widget-wrap elementor-element-populated\">\n\t\t\t\t\t\t<div class=\"elementor-element elementor-element-11007a8e elementor-widget elementor-widget-text-editor\" data-id=\"11007a8e\" data-element_type=\"widget\" data-widget_type=\"text-editor.default\">\n\t\t\t\t\t\t\t\t\t\n<p>Se acab\u00f3 la temporada de verano. \u00bfY ahora qu\u00e9? Aunque muchos ya empiezan a echar de menos la playa y el buen tiempo, la estaci\u00f3n del a\u00f1o en la que acabamos de entrar es tambi\u00e9n perfecta para una escapada de fin de semana o unas vacaciones improvisadas. Compru\u00e9balo: para ello, hoy te traemos algunos de los mejores sitios para visitar en oto\u00f1o en <a href=\"https:\/\/www.centraldevacaciones.com\/ofertas-viajes\/ofertas-centraldevacaciones-a-espa%D1a;62;0;0;0;0.html\"><strong>Espa\u00f1a<\/strong><\/a>, en los que podr\u00e1s disfrutar de espectaculares paisajes que cortan la respiraci\u00f3n. De hecho, en ning\u00fan otro momento del calendario contemplar\u00e1s esta incre\u00edble paleta de colores en plena naturaleza.<\/p>\n\n<p>En <a href=\"https:\/\/www.centraldevacaciones.com\/\"><strong>Centraldevacaciones.com<\/strong><\/a>, lo tenemos todo a punto para que elijas entre las mejores casas rurales, hoteles con encanto en la monta\u00f1a y muchos otros alojamientos rodeados de parajes incre\u00edbles. Echa un vistazo a nuestro <em>top-10<\/em> de destinos para este oto\u00f1o. Eso s\u00ed: ya te adelantamos que te costar\u00e1 decidirte solo por uno. Empezamos.<\/p>\n\n<h2 class=\"wp-block-heading\">La Fageda d\u2018en Jord\u00e0, Girona<\/h2>\n\n<p>No hace falta <a href=\"https:\/\/www.centraldevacaciones.com\/blog\/cual-es-la-mejor-isla-de-canarias-para-viajar\/\"><strong>viajar a Canarias<\/strong><\/a> para ver volcanes en Espa\u00f1a. Basta con poner rumbo a la comarca de la Garrotxa, en Girona. Y una vez all\u00ed, aprovecha para descubrir uno de los grandes tesoros naturales de Catalu\u00f1a: la Fageda d\u2019en Jord\u00e0, <strong>uno de los mayores hayedos de Europa.<\/strong> Este magn\u00edfico bosque se asienta sobre una colada de lava procedente del volc\u00e1n del Croscat, lo que le explica lo accidentado de su orograf\u00eda. El hayedo se halla en los l\u00edmites del Parque Natural de la Zona Volc\u00e1nica de la Garrotxa y ofrece en esta \u00e9poca del a\u00f1o una explosi\u00f3n crom\u00e1tica \u00fanica, en la que los tonos rojos, naranjas, amarillos y marrones son los protagonistas. Por cierto: otro de los aspectos que lo convierten en una atracci\u00f3n \u00fanica es la presencia de este tipo de vegetaci\u00f3n en cotas tan bajas (entre 550 m y 660 m sobre el nivel del mar).<\/p>\n\n<p>Durante tu visita, no dejes de subir hasta el cr\u00e1ter del cercano <strong>volc\u00e1n de Santa Margarida<\/strong>, en cuyo interior hay una peque\u00f1a ermita; viajar en el tiempo en la vecina <strong>Santa Pau,<\/strong> uno de los pueblos medievales m\u00e1s bonitos de Catalu\u00f1a, o recorrer la capital comarcal, <strong>Olot,<\/strong> situada a tan solo 4 km.<\/p>\n\n<div class=\"wp-block-image\">\n<figure class=\"aligncenter\"><img fetchpriority=\"high\" decoding=\"async\" class=\"alignnone size-full wp-image-20488\" src=\"https:\/\/www.centraldevacaciones.com\/blog\/wp-content\/uploads\/2021\/11\/La-Fageda-den-Jorda.jpg\" alt=\"Los mejores sitios para visitar en oto\u00f1o en Espa\u00f1a: La Fageda d'en Jord\u00e0\" width=\"1024\" height=\"735\" srcset=\"https:\/\/www.centraldevacaciones.com\/blog\/wp-content\/uploads\/2021\/11\/La-Fageda-den-Jorda.jpg 1024w, https:\/\/www.centraldevacaciones.com\/blog\/wp-content\/uploads\/2021\/11\/La-Fageda-den-Jorda-300x215.jpg 300w, https:\/\/www.centraldevacaciones.com\/blog\/wp-content\/uploads\/2021\/11\/La-Fageda-den-Jorda-768x551.jpg 768w\" sizes=\"(max-width: 1024px) 100vw, 1024px\" \/><\/figure>\n<\/div>\n\n<h2 class=\"wp-block-heading\">Parque Nacional de Ordesa y Monte Perdido, Huesca<\/h2>\n\n<p>Nos desplazamos ahora a la comarca de Sobrarbe, en el Pirineo de Huesca, para descubrir otro de los mejores sitios para visitar en oto\u00f1o. Nos referimos al Parque Nacional de Ordesa y Monte Perdido, un espacio protegido de m\u00e1s de 15.600 hect\u00e1reas y con altitudes superiores a los 2.000 m, <strong>declarado Patrimonio de la Humanidad por la UNESCO en 1997<\/strong>.<\/p>\n\n<p>Sus valles est\u00e1n cubiertos por una exuberante vegetaci\u00f3n dominada por hayedos, abetos y pinos negros (en total, los bosques ocupan una quinta parte de la superficie total del parque). Ahora bien, la flora local va mucho m\u00e1s all\u00e1, ya que re\u00fane <strong>1.400 especies vegetales,<\/strong> incluyendo 82 endemismos de los Pirineos. Este el hogar de animales como el rebeco, el quebrantahuesos y el oso pardo, del que se calcula que hay una veintena de ejemplares en la zona (sin embargo, recuerda que esta especie acostumbra a hibernar a partir de octubre). Adem\u00e1s, este escenario es ideal para practicar <strong>deportes de monta\u00f1a y al aire libre, como el descenso de barrancos, la escalada o el <em>trekking<\/em><\/strong><em>.<\/em> Sobre todo en estos meses, antes de la llegada de las primeras nevadas (y sin las altas temperaturas de julio o agosto).<\/p>\n\n<figure class=\"wp-block-image\"><img decoding=\"async\" class=\"alignnone size-full wp-image-20489\" src=\"https:\/\/www.centraldevacaciones.com\/blog\/wp-content\/uploads\/2021\/11\/La-Selva-de-Irati.jpg\" alt=\"Los mejores sitios para visitar en oto\u00f1o en Espa\u00f1a: La selva de Irati\" width=\"1024\" height=\"683\" srcset=\"https:\/\/www.centraldevacaciones.com\/blog\/wp-content\/uploads\/2021\/11\/La-Selva-de-Irati.jpg 1024w, https:\/\/www.centraldevacaciones.com\/blog\/wp-content\/uploads\/2021\/11\/La-Selva-de-Irati-300x200.jpg 300w, https:\/\/www.centraldevacaciones.com\/blog\/wp-content\/uploads\/2021\/11\/La-Selva-de-Irati-768x512.jpg 768w\" sizes=\"(max-width: 1024px) 100vw, 1024px\" \/><\/figure>\n\n<h2 class=\"wp-block-heading\">La Selva de Irati, Navarra<\/h2>\n\n<p>Continuamos nuestro viaje hacia el oeste para detenernos en el norte de Navarra. Concretamente, en <strong>el segundo hayedo m\u00e1s extenso de Europa<\/strong>: la selva de Irati. Este bosque de cuento de hadas se enmarca en el valle que forman el r\u00edo Irati y sus afluentes (Egurgio, Arrantzariena, Kakolla y Txangoa) y est\u00e1 circundado de monta\u00f1as, como los picos de Orhi, Okabe, Urkulu, Ortzanzurieta y Abodi. All\u00ed te aguardan unas 12.400 hect\u00e1reas cubiertas de hayas y abetos blancos, consideradas por muchos como uno de los lugares de mayor inter\u00e9s tur\u00edstico de esta comunidad foral. Y en octubre y noviembre, sus caminos lucen mejor que nunca.\u00a0<\/p>\n\n<p>Respecto a la fauna, hasta mediados del siglo XIX era habitual ver osos, lobos y ciervos, aunque hoy solo pueden avistarse estos \u00faltimos, ya que fueron reintroducidos en 1957. Si miras al cielo, tambi\u00e9n es probable que te topes con el vuelo de los buitres negros.<\/p>\n\n<p><span data-ccp-props=\"{\">\u00a0<\/span><\/p>\n\n<div class=\"wp-block-image\">\n<figure class=\"aligncenter\"><img decoding=\"async\" width=\"1024\" height=\"682\" class=\"wp-image-9059\" src=\"https:\/\/www.centraldevacaciones.com\/blog\/wp-content\/uploads\/2020\/10\/forest-3838048_1280-1024x682.png\" alt=\"DESTINOS OTO\u00d1O EN ESPA\u00d1A - Selva de Irati\" srcset=\"https:\/\/www.centraldevacaciones.com\/blog\/wp-content\/uploads\/2020\/10\/forest-3838048_1280-1024x682.png 1024w, https:\/\/www.centraldevacaciones.com\/blog\/wp-content\/uploads\/2020\/10\/forest-3838048_1280-300x200.png 300w, https:\/\/www.centraldevacaciones.com\/blog\/wp-content\/uploads\/2020\/10\/forest-3838048_1280-768x512.png 768w, https:\/\/www.centraldevacaciones.com\/blog\/wp-content\/uploads\/2020\/10\/forest-3838048_1280.png 1280w\" sizes=\"(max-width: 1024px) 100vw, 1024px\" \/><\/figure>\n<\/div>\n\n<h2 class=\"wp-block-heading\">Parque Natural de Gorbeia, Vizcaya (Bizkaia)<\/h2>\n\n<p>Tiempo ahora de conocer <strong>el mayor parque natural de Euskadi:<\/strong> el Parque Natural de Gorbeia, con una extensi\u00f3n de m\u00e1s de 20.000 hect\u00e1reas. De esas, unas 6.000 est\u00e1n ocupadas por hayas, el \u00e1rbol m\u00e1s numeroso, si bien tambi\u00e9n pueden encontrarse encinares y algunos bosques de ribera, de gran importancia para mantener la diversidad de los r\u00edos. \u00a0<\/p>\n\n<p>\u00bfQuieres avistar la fauna local? En ese caso, debes saber que el animal m\u00e1s com\u00fan en este espacio protegido es el ciervo, aunque hay 167 especies de vertebrados en la zona. Entre los moradores m\u00e1s habituales, destacan la nutria, el p\u00e1jaro carpintero y la trucha. En cualquier caso, el parque tambi\u00e9n ofrece numerosas opciones de <strong>senderismo y, en condiciones normales, actividades deportivas y culturales como talleres de yoga o alfarer\u00eda<\/strong>. Consulta las opciones disponibles este a\u00f1o, ya que las habituales podr\u00edan verse condicionadas por el <a href=\"https:\/\/www.centraldevacaciones.com\/blog\/destinos-seguros-para-este-verano-tras-el-covid-19\/\"><strong>episodio de COVID-19<\/strong><\/a>). \u00bfQu\u00e9 te parece?<\/p>\n\n<div class=\"wp-block-image\">\n<figure class=\"aligncenter\"><img loading=\"lazy\" decoding=\"async\" class=\"alignnone size-full wp-image-20491\" src=\"https:\/\/www.centraldevacaciones.com\/blog\/wp-content\/uploads\/2021\/11\/Parque-Natural-de-Gorbeia.jpg\" alt=\"Los mejores sitios para visitar en oto\u00f1o en Espa\u00f1a: Parque Natural de Gorbeia\" width=\"575\" height=\"421\" srcset=\"https:\/\/www.centraldevacaciones.com\/blog\/wp-content\/uploads\/2021\/11\/Parque-Natural-de-Gorbeia.jpg 575w, https:\/\/www.centraldevacaciones.com\/blog\/wp-content\/uploads\/2021\/11\/Parque-Natural-de-Gorbeia-300x220.jpg 300w\" sizes=\"(max-width: 575px) 100vw, 575px\" \/><\/figure>\n<\/div>\n\n<h2 class=\"wp-block-heading\">Parque Natural de Somiedo, Asturias<\/h2>\n\n<p>Aunque tendemos a asociar el Principado de Asturias con un eterno color verde, esta descripci\u00f3n ofrece matices en estos meses, ya que los ocres se abren paso con fuerza. Y qu\u00e9 mejor escenario para atestiguarlo que el Parque Natural de Somiedo. Mucho m\u00e1s extenso que los anteriores \u2014mide 39.164 hect\u00e1reas\u2014 y ubicado en el centro de la Cordillera Cant\u00e1brica, en el municipio de Somiedo, fue elevado a la categor\u00eda de <strong>Reserva de la Biosfera por la UNESCO en el a\u00f1o 2000.<\/strong><\/p>\n\n<p>Sus bosques, que ocupan casi la cuarta parte de la extensi\u00f3n del parque, re\u00fanen hayas, arces, hayas, fresnos, tilos y robles, as\u00ed como acebos, tejos, quejigos, abedules y casta\u00f1os. Acentuando este abanico de colores, tambi\u00e9n hay <strong>amplias zonas de pasto,<\/strong> ocupando un 20% del parque, y una gran variedad faun\u00edstica, que incluye osos pardos \u2014aunque dif\u00edcilmente se dejan ver a partir de octubre\u2014, lobos, jabal\u00edes, ciervos, corzos, rebecos, zorros, martas, tejones, gardu\u00f1as, nutrias y gatos salvajes.<\/p>\n\n<p>El parque tambi\u00e9n cuenta con <strong>rutas de senderismo<\/strong> que ascienden hasta una zona de lagos. No dejes de recorrerlas, mientras sientes el crujido de la hojarasca bajo tus botas. \u00a0\u00bfTe lo imaginas?<\/p>\n\n<div class=\"wp-block-image\">\n<figure class=\"aligncenter\"><img loading=\"lazy\" decoding=\"async\" class=\"alignnone size-full wp-image-20492\" src=\"https:\/\/www.centraldevacaciones.com\/blog\/wp-content\/uploads\/2021\/11\/Parque-Natural-de-Somiedo-en-Asturias.jpg\" alt=\"Los mejores sitios para visitar en oto\u00f1o en Espa\u00f1a: Parque Natural de Somiedo en Asturias\" width=\"1024\" height=\"678\" srcset=\"https:\/\/www.centraldevacaciones.com\/blog\/wp-content\/uploads\/2021\/11\/Parque-Natural-de-Somiedo-en-Asturias.jpg 1024w, https:\/\/www.centraldevacaciones.com\/blog\/wp-content\/uploads\/2021\/11\/Parque-Natural-de-Somiedo-en-Asturias-300x199.jpg 300w, https:\/\/www.centraldevacaciones.com\/blog\/wp-content\/uploads\/2021\/11\/Parque-Natural-de-Somiedo-en-Asturias-768x509.jpg 768w\" sizes=\"(max-width: 1024px) 100vw, 1024px\" \/><\/figure>\n<\/div>\n\n<h2 class=\"wp-block-heading\">Fragas do Eume, A Coru\u00f1a<\/h2>\n\n<p>Otro de los mejores sitios para visitar en oto\u00f1o en Espa\u00f1a son los bosques del r\u00edo Eume, un parque natural en Galicia creado en 1997. <strong>Se trata de uno de los bosques costeros mejor conservados de Europa<\/strong> y uno de los pocos que quedan en el continente de este tipo. Las Fragas do Eume ocupan los municipios de Cabanas, A Capela, Monfero, Pontedeume y As Pontes de Garc\u00eda Rodr\u00edguez, y te aseguramos que te brindar\u00e1n una experiencia inenarrable.<\/p>\n\n<div class=\"wp-block-image\">\n<figure class=\"aligncenter\"><img loading=\"lazy\" decoding=\"async\" class=\"alignnone size-full wp-image-20493\" src=\"https:\/\/www.centraldevacaciones.com\/blog\/wp-content\/uploads\/2021\/11\/Fragas-do-Eume-en-A-Coruna.jpg\" alt=\"Los mejores sitios para visitar en oto\u00f1o en Espa\u00f1a: Fragas do Eume en A Coru\u00f1a\" width=\"1024\" height=\"681\" srcset=\"https:\/\/www.centraldevacaciones.com\/blog\/wp-content\/uploads\/2021\/11\/Fragas-do-Eume-en-A-Coruna.jpg 1024w, https:\/\/www.centraldevacaciones.com\/blog\/wp-content\/uploads\/2021\/11\/Fragas-do-Eume-en-A-Coruna-300x200.jpg 300w, https:\/\/www.centraldevacaciones.com\/blog\/wp-content\/uploads\/2021\/11\/Fragas-do-Eume-en-A-Coruna-768x511.jpg 768w\" sizes=\"(max-width: 1024px) 100vw, 1024px\" \/><\/figure>\n<\/div>\n\n<h2 class=\"wp-block-heading\">Parque Natural de Arribes del Duero, Zamora y Salamanca<\/h2>\n\n<p>Si te est\u00e1s planteando unas peque\u00f1as <a href=\"https:\/\/www.centraldevacaciones.com\/ofertas-viajes\/ofertas-centraldevacaciones-a-portugal;161;0;0;0;0.html\"><strong>vacaciones en Portugal<\/strong><\/a>, puedes acercarte a este enclave fronterizo con el pa\u00eds luso: el Parque Natural de Arribes del Duero, entre las provincias castellanoleonesas de Zamora y Salamanca. Este espacio protegido, cincelado por el curso de los r\u00edos \u00c1gueda, Duero, Esla, Huebra, Tormes y Uces, esboza la comarca natural de Los Arribes del Duero, sin l\u00edmites definidos, pero de una belleza paisaj\u00edstica sin parang\u00f3n.<\/p>\n\n<p>A tu llegada, te rendir\u00e1s ante la majestuosidad de sus profundos precipicios y de los colores que visten sus arces, cuyas hojas adquieren una preciosa tonalidad rojiza. El lugar cuenta con miradores desde donde gozar de unas vistas \u00fanicas. No obstante, si prefieres contemplar esta joya desde una perspectiva diferente, ap\u00fantate uno de los relajantes <strong>cruceros fluviales<\/strong> por el Duero. Te garantizamos que valen mucho la pena. Al concluir tu traves\u00eda, an\u00edmate a regar tu escapada oto\u00f1al con uno de los excelentes vinos locales.<\/p>\n\n<div class=\"wp-block-image\">\n<figure class=\"aligncenter\"><img loading=\"lazy\" decoding=\"async\" class=\"alignnone size-full wp-image-20494\" src=\"https:\/\/www.centraldevacaciones.com\/blog\/wp-content\/uploads\/2021\/11\/Parque-Natural-Arribes-Duero.jpg\" alt=\"Los mejores sitios para visitar en oto\u00f1o en Espa\u00f1a\" width=\"646\" height=\"466\" srcset=\"https:\/\/www.centraldevacaciones.com\/blog\/wp-content\/uploads\/2021\/11\/Parque-Natural-Arribes-Duero.jpg 646w, https:\/\/www.centraldevacaciones.com\/blog\/wp-content\/uploads\/2021\/11\/Parque-Natural-Arribes-Duero-300x216.jpg 300w\" sizes=\"(max-width: 646px) 100vw, 646px\" \/><\/figure>\n<\/div>\n\n<h2 class=\"wp-block-heading\">Hayedo de Tejera Negra, Guadalajara<\/h2>\n\n<p>Nos vamos de Castilla y Le\u00f3n a Castilla-La Mancha, uno de los destinos de turismo rural menos conocidos, pero tambi\u00e9n uno de los que encierran m\u00e1s sorpresas. Y es que la patria de don Quijote es una de las regiones vin\u00edcolas m\u00e1s importantes de la pen\u00ednsula\u2026 y una caja de sorpresas en cuanto a paisajes se refiere. Prueba de ello es el\u00a0 Hayedo de Tejera Negra, situado en el t\u00e9rmino municipal de Cantalojas. Es uno de los hayedos situados m\u00e1s al sur de Europa y est\u00e1 <strong>incluido en la lista del Patrimonio de la Humanidad en 2017.<\/strong><\/p>\n\n<p>Como su nombre indica, el principal reclamo del parque es su masa forestal de hayas, de unas 400 hect\u00e1reas, si bien tambi\u00e9n hay especies como melojos, pinos, tejos, acebo y abedules. Si eres <strong>amante de las setas, <\/strong>aqu\u00ed no te resultar\u00e1 dif\u00edcil dar con ellas en octubre y noviembre. Una de las que m\u00e1s proliferan es el delicioso<em> Boletus edulis<\/em>, identificable por su grueso pie blanquecino y su sombrero marr\u00f3n. En cuanto a los animales, podr\u00e1s avistar corzos, zorros, gatos monteses, lobos ib\u00e9ricos, gardu\u00f1as, tejones, comadrejas, jabal\u00edes y rapaces nocturnas, como el c\u00e1rabo, el b\u00faho chico o el mochuelo.<\/p>\n\n<div class=\"wp-block-image\">\n<figure class=\"aligncenter\"><img loading=\"lazy\" decoding=\"async\" class=\"alignnone size-full wp-image-20495\" src=\"https:\/\/www.centraldevacaciones.com\/blog\/wp-content\/uploads\/2021\/11\/Hayedo-Tejera-Negra.jpg\" alt=\"Los mejores sitios para visitar en oto\u00f1o en Espa\u00f1a: Hayedo Tejera Negra\" width=\"604\" height=\"428\" srcset=\"https:\/\/www.centraldevacaciones.com\/blog\/wp-content\/uploads\/2021\/11\/Hayedo-Tejera-Negra.jpg 604w, https:\/\/www.centraldevacaciones.com\/blog\/wp-content\/uploads\/2021\/11\/Hayedo-Tejera-Negra-300x213.jpg 300w\" sizes=\"(max-width: 604px) 100vw, 604px\" \/><\/figure>\n<\/div>\n\n<h2 class=\"wp-block-heading\">Valle del Jerte, C\u00e1ceres<\/h2>\n\n<p>Aunque este rinc\u00f3n de Extremadura es conocido sobre todo por la floraci\u00f3n del cerezo, que tiene lugar en el mes de marzo, adentrarte en el valle del Jerte en oto\u00f1o es tambi\u00e9n un acierto. Declarado Bien de Inter\u00e9s Cultural en 1973, esta mancomunidad de municipios situada junto al Valle del Ambroz es un regalo para los sentidos, tambi\u00e9n en la \u00e9poca de la ca\u00edda de la hoja. Accede al Centro de Interpretaci\u00f3n de la Naturaleza y, desde all\u00ed, sigue la ruta a trav\u00e9s de la que se accede a un espacio natural de gran atractivo, conocido como Pilones.\u00a0 <strong>\u00a0<\/strong><strong>\u00a0\u00a0<\/strong><\/p>\n\n<p>No dejes tampoco de recorrer la localidad de Jerte, rodeada de huertas y \u00e1rboles frutales. Aunque fue arrasada por las tropas napole\u00f3nicas en 1809, la calleja de los Bueyes conserva edificios que sobrevivieron al fue, y cuyas fachadas lucen los tradicionales entramados de adobe y madera. A su vez, en la calle Ram\u00f3n Cepeda, podr\u00e1s ver casas nobles con sillares de piedra y arcos de medio punto. Y a tan solo 2 km del pueblo, tienes la entrada principal de un paraje que no te dejar\u00e1 indiferente: la <strong>garganta de los Infiernos.<\/strong> \u00a0\u00a0<\/p>\n\n<p>Adem\u00e1s, en estos meses del a\u00f1o se suelen organizarse actividades especiales de naturaleza y gastronom\u00eda: la Oto\u00f1ada, un motivo m\u00e1s para visitar este rinc\u00f3n de Extremadura y, de paso, probar los suculentos <a href=\"https:\/\/www.centraldevacaciones.com\/blog\/prueba-los-platos-tipicos-de-la-union-europea\/\"><strong>platos t\u00edpicos<\/strong><\/a> locales. Son una aut\u00e9ntica delicia.<\/p>\n\n<div class=\"wp-block-image\">\n<figure class=\"aligncenter\"><img loading=\"lazy\" decoding=\"async\" width=\"631\" height=\"440\" class=\"wp-image-9065\" src=\"https:\/\/www.centraldevacaciones.com\/blog\/wp-content\/uploads\/2020\/10\/Valle_Jerte.jpg\" alt=\"DESTINOS OTO\u00d1O EN ESPA\u00d1A - Valle del Jerte\" srcset=\"https:\/\/www.centraldevacaciones.com\/blog\/wp-content\/uploads\/2020\/10\/Valle_Jerte.jpg 631w, https:\/\/www.centraldevacaciones.com\/blog\/wp-content\/uploads\/2020\/10\/Valle_Jerte-300x209.jpg 300w\" sizes=\"(max-width: 631px) 100vw, 631px\" \/><\/figure>\n<\/div>\n\n<h2 class=\"wp-block-heading\">\u00a0Parque Natural de la Sierra de Grazalema, C\u00e1diz\u00a0<\/h2>\n\n<p>Damos por concluida nuestra lista con los diez mejores sitios para visitar en oto\u00f1o en Espa\u00f1a en tierras gaditanas, en el \u00a0Parque Natural de la Sierra de Grazalema. Parte de su superficie est\u00e1 cubierta por un tupido <strong>pinsapar de 400 hect\u00e1reas salpicado de encinas, abetos, arces y quejigos<\/strong> en las zonas altas. La abundancia de l\u00edquenes y musgos y l\u00edquenes son una rareza en mitad de la casi siempre \u00e1rida Andaluc\u00eda, a lo que se suma escarpados ca\u00f1ones y grutas subterr\u00e1neas que te har\u00e1n sentir el magnetismo de los paisajes oto\u00f1ales.<\/p>\n\n<p>\u00bfA\u00fan no te has decidido? Date prisa: echa un vistazo a nuestras ofertas para viajar en oto\u00f1o, siempre al mejor precio y con el respaldo de una agencia de viajes l\u00edder. \u00bfVienes con nosotros?<\/p>\n\n<div class=\"wp-block-image\">\n<figure class=\"aligncenter\"><img loading=\"lazy\" decoding=\"async\" width=\"1024\" height=\"682\" class=\"wp-image-9066\" src=\"https:\/\/www.centraldevacaciones.com\/blog\/wp-content\/uploads\/2020\/10\/landscape-3651975_1280-1024x682.jpg\" alt=\"DESTINOS OTO\u00d1O EN ESPA\u00d1A - Grazalema\" srcset=\"https:\/\/www.centraldevacaciones.com\/blog\/wp-content\/uploads\/2020\/10\/landscape-3651975_1280-1024x682.jpg 1024w, https:\/\/www.centraldevacaciones.com\/blog\/wp-content\/uploads\/2020\/10\/landscape-3651975_1280-300x200.jpg 300w, https:\/\/www.centraldevacaciones.com\/blog\/wp-content\/uploads\/2020\/10\/landscape-3651975_1280-768x512.jpg 768w, https:\/\/www.centraldevacaciones.com\/blog\/wp-content\/uploads\/2020\/10\/landscape-3651975_1280.jpg 1280w\" sizes=\"(max-width: 1024px) 100vw, 1024px\" \/><\/figure>\n<\/div>\n\t\t\t\t\t\t\t\t<\/div>\n\t\t\t\t\t<\/div>\n\t\t<\/div>\n\t\t\t\t\t<\/div>\n\t\t<\/section>\n\t\t\t\t<\/div>\n\t\t","protected":false},"excerpt":{"rendered":"<p>Se acab\u00f3 la temporada de verano. \u00bfY ahora qu\u00e9? Aunque muchos ya empiezan a echar de menos la playa y el buen tiempo, la estaci\u00f3n del a\u00f1o en la que acabamos de entrar es tambi\u00e9n perfecta para una escapada de fin de semana o unas vacaciones improvisadas. Compru\u00e9balo: para ello, hoy te traemos algunos de [&hellip;]<\/p>\n","protected":false},"author":3,"featured_media":9058,"comment_status":"open","ping_status":"open","sticky":false,"template":"elementor_theme","format":"standard","meta":{"_acf_changed":false,"footnotes":""},"categories":[208,4,207,205,200,1,12],"tags":[254,75,184],"class_list":["post-9056","post","type-post","status-publish","format-standard","has-post-thumbnail","hentry","category-ideas-escapadas","category-espana","category-ideas-viajes-invierno","category-ideas-viajes-low-cost","category-rutas-por-espana","category-vacaciones","category-viajes","tag-chollos-en-viajes","tag-escapadas-por-espana","tag-viajes-baratos"],"acf":[],"_links":{"self":[{"href":"https:\/\/www.centraldevacaciones.com\/blog\/wp-json\/wp\/v2\/posts\/9056","targetHints":{"allow":["GET"]}}],"collection":[{"href":"https:\/\/www.centraldevacaciones.com\/blog\/wp-json\/wp\/v2\/posts"}],"about":[{"href":"https:\/\/www.centraldevacaciones.com\/blog\/wp-json\/wp\/v2\/types\/post"}],"author":[{"embeddable":true,"href":"https:\/\/www.centraldevacaciones.com\/blog\/wp-json\/wp\/v2\/users\/3"}],"replies":[{"embeddable":true,"href":"https:\/\/www.centraldevacaciones.com\/blog\/wp-json\/wp\/v2\/comments?post=9056"}],"version-history":[{"count":0,"href":"https:\/\/www.centraldevacaciones.com\/blog\/wp-json\/wp\/v2\/posts\/9056\/revisions"}],"wp:featuredmedia":[{"embeddable":true,"href":"https:\/\/www.centraldevacaciones.com\/blog\/wp-json\/wp\/v2\/media\/9058"}],"wp:attachment":[{"href":"https:\/\/www.centraldevacaciones.com\/blog\/wp-json\/wp\/v2\/media?parent=9056"}],"wp:term":[{"taxonomy":"category","embeddable":true,"href":"https:\/\/www.centraldevacaciones.com\/blog\/wp-json\/wp\/v2\/categories?post=9056"},{"taxonomy":"post_tag","embeddable":true,"href":"https:\/\/www.centraldevacaciones.com\/blog\/wp-json\/wp\/v2\/tags?post=9056"}],"curies":[{"name":"wp","href":"https:\/\/api.w.org\/{rel}","templated":true}]}}