{"id":869,"date":"2014-07-31T16:23:44","date_gmt":"2014-07-31T14:23:44","guid":{"rendered":"http:\/\/www.centraldevacaciones.com\/opiniones\/?p=869"},"modified":"2021-06-30T18:22:40","modified_gmt":"2021-06-30T16:22:40","slug":"te-regalamos-cuba-precios-insuperables-para-agosto","status":"publish","type":"post","link":"https:\/\/www.centraldevacaciones.com\/blog\/te-regalamos-cuba-precios-insuperables-para-agosto\/","title":{"rendered":"\u00a1Te regalamos Cuba! Precios insuperables para Agosto"},"content":{"rendered":"<p>Muchas m\u00e1s Ofertas para Agosto!!!<\/p>\n<p>Cuba no se pod\u00eda quedar atr\u00e1s, ya tenemos aqu\u00ed los mejores precios para viajar a la Isla Caribe\u00f1a y disfrutar del car\u00e1cter cubano.<\/p>\n<p style=\"text-align: center;\"><a href=\"http:\/\/www.centraldevacaciones.com\/opiniones\/wp-content\/uploads\/2014\/07\/CUBAgostoFB.jpg\"><img decoding=\"async\" class=\"aligncenter size-medium wp-image-870\" title=\"CUBAgostoFB\" src=\"http:\/\/www.centraldevacaciones.com\/opiniones\/wp-content\/uploads\/2014\/07\/CUBAgostoFB-300x132.jpg\" alt=\"Ofertas Cuba\" width=\"300\" height=\"132\" srcset=\"https:\/\/www.centraldevacaciones.com\/blog\/wp-content\/uploads\/2014\/07\/CUBAgostoFB-300x132.jpg 300w, https:\/\/www.centraldevacaciones.com\/blog\/wp-content\/uploads\/2014\/07\/CUBAgostoFB.jpg 625w\" sizes=\"(max-width: 300px) 100vw, 300px\" \/><\/a><\/p>\n<p>Unos precios muy muy ajustados. La Habana, 9 d\u00edas y 7 noches desde solo 915\u20ac. El Caribe cubano, Varadero, desde solo 999\u20ac. Y para los inconformistas tenemos su combinado, La Habana + Varadero desde solo 999\u20ac.<\/p>\n<p>Incre\u00edbles ofertas para nuestros incre\u00edbles clientes. No lo pienses m\u00e1s y disfruta t\u00fa unas vacaciones inolvidables<\/p>\n","protected":false},"excerpt":{"rendered":"<p>Muchas m\u00e1s Ofertas para Agosto!!! Cuba no se pod\u00eda quedar atr\u00e1s, ya tenemos aqu\u00ed los mejores precios para viajar a la Isla Caribe\u00f1a y disfrutar del car\u00e1cter cubano. Unos precios muy muy ajustados. La Habana, 9 d\u00edas y 7 noches desde solo 915\u20ac. El Caribe cubano, Varadero, desde solo 999\u20ac. Y para los inconformistas tenemos [&hellip;]<\/p>\n","protected":false},"author":1,"featured_media":0,"comment_status":"closed","ping_status":"open","sticky":false,"template":"elementor_theme","format":"standard","meta":{"_acf_changed":false,"footnotes":""},"categories":[297,3,206,204,194,1],"tags":[],"class_list":["post-869","post","type-post","status-publish","format-standard","hentry","category-caribe","category-cuba","category-ideas-viajes-lujo","category-ideas-viajes-verano","category-islas-paradisiacas","category-vacaciones"],"acf":[],"_links":{"self":[{"href":"https:\/\/www.centraldevacaciones.com\/blog\/wp-json\/wp\/v2\/posts\/869","targetHints":{"allow":["GET"]}}],"collection":[{"href":"https:\/\/www.centraldevacaciones.com\/blog\/wp-json\/wp\/v2\/posts"}],"about":[{"href":"https:\/\/www.centraldevacaciones.com\/blog\/wp-json\/wp\/v2\/types\/post"}],"author":[{"embeddable":true,"href":"https:\/\/www.centraldevacaciones.com\/blog\/wp-json\/wp\/v2\/users\/1"}],"replies":[{"embeddable":true,"href":"https:\/\/www.centraldevacaciones.com\/blog\/wp-json\/wp\/v2\/comments?post=869"}],"version-history":[{"count":0,"href":"https:\/\/www.centraldevacaciones.com\/blog\/wp-json\/wp\/v2\/posts\/869\/revisions"}],"wp:attachment":[{"href":"https:\/\/www.centraldevacaciones.com\/blog\/wp-json\/wp\/v2\/media?parent=869"}],"wp:term":[{"taxonomy":"category","embeddable":true,"href":"https:\/\/www.centraldevacaciones.com\/blog\/wp-json\/wp\/v2\/categories?post=869"},{"taxonomy":"post_tag","embeddable":true,"href":"https:\/\/www.centraldevacaciones.com\/blog\/wp-json\/wp\/v2\/tags?post=869"}],"curies":[{"name":"wp","href":"https:\/\/api.w.org\/{rel}","templated":true}]}}