{"id":847,"date":"2014-07-22T11:03:17","date_gmt":"2014-07-22T09:03:17","guid":{"rendered":"http:\/\/www.centraldevacaciones.com\/opiniones\/?p=847"},"modified":"2021-12-13T12:24:25","modified_gmt":"2021-12-13T11:24:25","slug":"bratislava-la-hermosa-capital-de-eslovaquia","status":"publish","type":"post","link":"https:\/\/www.centraldevacaciones.com\/blog\/bratislava-la-hermosa-capital-de-eslovaquia\/","title":{"rendered":"Qu\u00e9 ver en Bratislava, la capital de Eslovaquia"},"content":{"rendered":"\t\t<div data-elementor-type=\"wp-post\" data-elementor-id=\"847\" class=\"elementor elementor-847\" data-elementor-post-type=\"post\">\n\t\t\t\t\t\t<section class=\"elementor-section elementor-top-section elementor-element elementor-element-ab4f54d elementor-section-boxed elementor-section-height-default elementor-section-height-default\" data-id=\"ab4f54d\" data-element_type=\"section\">\n\t\t\t\t\t\t<div class=\"elementor-container elementor-column-gap-default\">\n\t\t\t\t\t<div class=\"elementor-column elementor-col-100 elementor-top-column elementor-element elementor-element-3cb0e1a\" data-id=\"3cb0e1a\" data-element_type=\"column\">\n\t\t\t<div class=\"elementor-widget-wrap elementor-element-populated\">\n\t\t\t\t\t\t<div class=\"elementor-element elementor-element-9b7db41 elementor-widget elementor-widget-text-editor\" data-id=\"9b7db41\" data-element_type=\"widget\" data-widget_type=\"text-editor.default\">\n\t\t\t\t\t\t\t\t\t<p>Si vas a viajar a <strong>Bratislava, la capital de Eslovaquia<\/strong>, te topar\u00e1s con una ciudad cargada de historia y en continua transformaci\u00f3n. Esto especialmente visible en las inmediaciones de la estaci\u00f3n de autobuses, una de las principales puertas de entrada a esta urbe, aunque tambi\u00e9n se est\u00e1 trabajando en la recuperaci\u00f3n de edificios emblem\u00e1ticos y de infraestructuras heredadas del antiguo r\u00e9gimen comunista. \u00bfTe gustar\u00eda visitar este destino centroeuropeo? Si es as\u00ed, no te pierdas nuestras recomendaciones sobre qu\u00e9 ver en Bratislava.<\/p><p>Antes de entrar en materia, no est\u00e1 de m\u00e1s conocer algunos detalles sobre esta ciudad, que cuenta con la mayor densidad de poblaci\u00f3n de Europa central. Sede del parlamento y gobierno eslovacos, cuenta con una gran oferta arquitect\u00f3nica y cultural.<\/p>\t\t\t\t\t\t\t\t<\/div>\n\t\t\t\t\t<\/div>\n\t\t<\/div>\n\t\t\t\t\t<\/div>\n\t\t<\/section>\n\t\t\t\t<section class=\"elementor-section elementor-top-section elementor-element elementor-element-9323586 elementor-section-boxed elementor-section-height-default elementor-section-height-default\" data-id=\"9323586\" data-element_type=\"section\">\n\t\t\t\t\t\t<div class=\"elementor-container elementor-column-gap-default\">\n\t\t\t\t\t<div class=\"elementor-column elementor-col-100 elementor-top-column elementor-element elementor-element-9f5c892\" data-id=\"9f5c892\" data-element_type=\"column\">\n\t\t\t<div class=\"elementor-widget-wrap elementor-element-populated\">\n\t\t\t\t\t\t<div class=\"elementor-element elementor-element-6a1deec elementor-widget elementor-widget-image\" data-id=\"6a1deec\" data-element_type=\"widget\" data-widget_type=\"image.default\">\n\t\t\t\t\t\t\t\t\t\t\t\t\t\t\t<img decoding=\"async\" width=\"300\" height=\"143\" src=\"https:\/\/www.centraldevacaciones.com\/blog\/wp-content\/uploads\/2014\/07\/bratislava-1905408_640-300x143.jpg\" class=\"attachment-medium size-medium wp-image-6823\" alt=\"Bratislava\" srcset=\"https:\/\/www.centraldevacaciones.com\/blog\/wp-content\/uploads\/2014\/07\/bratislava-1905408_640-300x143.jpg 300w, https:\/\/www.centraldevacaciones.com\/blog\/wp-content\/uploads\/2014\/07\/bratislava-1905408_640.jpg 640w\" sizes=\"(max-width: 300px) 100vw, 300px\" \/>\t\t\t\t\t\t\t\t\t\t\t\t\t\t\t<\/div>\n\t\t\t\t\t<\/div>\n\t\t<\/div>\n\t\t\t\t\t<\/div>\n\t\t<\/section>\n\t\t\t\t<section class=\"elementor-section elementor-top-section elementor-element elementor-element-fbd9ad9 elementor-section-boxed elementor-section-height-default elementor-section-height-default\" data-id=\"fbd9ad9\" data-element_type=\"section\">\n\t\t\t\t\t\t<div class=\"elementor-container elementor-column-gap-default\">\n\t\t\t\t\t<div class=\"elementor-column elementor-col-100 elementor-top-column elementor-element elementor-element-c9de9c6\" data-id=\"c9de9c6\" data-element_type=\"column\">\n\t\t\t<div class=\"elementor-widget-wrap elementor-element-populated\">\n\t\t\t\t\t\t<div class=\"elementor-element elementor-element-9e7b0f5 elementor-widget elementor-widget-heading\" data-id=\"9e7b0f5\" data-element_type=\"widget\" data-widget_type=\"heading.default\">\n\t\t\t\t\t<h2 class=\"elementor-heading-title elementor-size-default\">Lugares de inter\u00e9s en Bratislava, capital de Eslovaquia<\/h2>\t\t\t\t<\/div>\n\t\t\t\t\t<\/div>\n\t\t<\/div>\n\t\t\t\t\t<\/div>\n\t\t<\/section>\n\t\t\t\t<section class=\"elementor-section elementor-top-section elementor-element elementor-element-36e340c elementor-section-boxed elementor-section-height-default elementor-section-height-default\" data-id=\"36e340c\" data-element_type=\"section\">\n\t\t\t\t\t\t<div class=\"elementor-container elementor-column-gap-default\">\n\t\t\t\t\t<div class=\"elementor-column elementor-col-100 elementor-top-column elementor-element elementor-element-f89a5aa\" data-id=\"f89a5aa\" data-element_type=\"column\">\n\t\t\t<div class=\"elementor-widget-wrap elementor-element-populated\">\n\t\t\t\t\t\t<div class=\"elementor-element elementor-element-6a6e974 elementor-widget elementor-widget-text-editor\" data-id=\"6a6e974\" data-element_type=\"widget\" data-widget_type=\"text-editor.default\">\n\t\t\t\t\t\t\t\t\t<ul><li><strong>Centro hist\u00f3rico<\/strong>: La zona m\u00e1s interesante desde el punto de vista monumental y art\u00edstico es el n\u00facleo hist\u00f3rico, colorido y acogedor, donde se concentran <strong style=\"font-size: inherit; text-align: justify;\">numerosas tiendas y restaurantes<\/strong><span style=\"font-size: inherit; text-align: justify;\">. Eso s\u00ed: ten en cuenta que los precios son sensiblemente superiores a los de otras zonas de la ciudad, y duplican o triplican los del interior del pa\u00eds. Aqu\u00ed tambi\u00e9n es visible la aparici\u00f3n de una nueva clase adinerada que d\u00eda y noche pasan su tiempo entre tiendas de dise\u00f1o y las terrazas m\u00e1s de moda. T\u00f3mate el tiempo para caminar entre museos y edificios de estilo rococ\u00f3, y tambi\u00e9n para descubrir algunas de las muchas<\/span><strong style=\"font-size: inherit; text-align: justify;\"> estatuas<\/strong><span style=\"font-size: inherit; text-align: justify;\"> que salpican el centro hist\u00f3rico. Una de ellas representa a un hombre saliendo de una alcantarilla y es \u00fanica en el mundo en su g\u00e9nero. Sin duda, es uno de los lugares m\u00e1s fotografiados.<\/span><\/li><li><p><span style=\"font-size: inherit;\"><strong>Puerto fluvial<\/strong>: Menci\u00f3n especial merece tambi\u00e9n el <strong>puerto fluvial,<\/strong> a orillas del r\u00edo Danubio, donde se pueden ver barcos mercantes y una gran actividad.<\/span><\/p><\/li><li><span style=\"font-size: inherit;\">Castillo de Bratislava: Erigido en el siglo XV sobre una colina durante el reinado de Segismundo de Luxemburgo. En 1811, fue destruido por un incendio, que tambi\u00e9n afect\u00f3 a algunas construcciones de los alrededores y, desde la d\u00e9cada de 1950, se est\u00e1 llevando a cabo una reconstrucci\u00f3n del conjunto. Actualmente, el castillo da cabida a exposiciones arqueol\u00f3gicas, hist\u00f3ricas y art\u00edsticas. Tambi\u00e9n es posible subir hasta el \u00faltimo piso de esta construcci\u00f3n, desde donde se disfruta de unas vistas de impresi\u00f3n, o ver un v\u00eddeo que resume la historia del completo. <\/span>A la d\u00e9cada de 1970, corresponde el<strong> puente<\/strong> que conecta al sur y al norte de la ciudad con una torre de aspecto futurista, y desde la que gozar\u00e1s de una magn\u00edfica panor\u00e1mica sobre el Danubio.<\/li><li><strong>Catedral de San Mart\u00edn<\/strong>: Uno de los edificios m\u00e1s llamativos del casco antiguo es la <strong>catedral de San Mart\u00edn<\/strong>, dedicada al culto cat\u00f3lico y de estilo g\u00f3tico. Levantada a finales del siglo XIII, fue ampliada en el siglo XIV y remodelada en el siglo XVIII. En 1835, un incendio la destruy\u00f3, lo que en 1847 oblig\u00f3 a su reconstrucci\u00f3n.<\/li><\/ul>\t\t\t\t\t\t\t\t<\/div>\n\t\t\t\t\t<\/div>\n\t\t<\/div>\n\t\t\t\t\t<\/div>\n\t\t<\/section>\n\t\t\t\t<section class=\"elementor-section elementor-top-section elementor-element elementor-element-15a49f0 elementor-section-boxed elementor-section-height-default elementor-section-height-default\" data-id=\"15a49f0\" data-element_type=\"section\">\n\t\t\t\t\t\t<div class=\"elementor-container elementor-column-gap-default\">\n\t\t\t\t\t<div class=\"elementor-column elementor-col-100 elementor-top-column elementor-element elementor-element-54ca7c5\" data-id=\"54ca7c5\" data-element_type=\"column\">\n\t\t\t<div class=\"elementor-widget-wrap elementor-element-populated\">\n\t\t\t\t\t\t<div class=\"elementor-element elementor-element-1c58e2b elementor-widget elementor-widget-image\" data-id=\"1c58e2b\" data-element_type=\"widget\" data-widget_type=\"image.default\">\n\t\t\t\t\t\t\t\t\t\t\t\t\t\t\t<img fetchpriority=\"high\" decoding=\"async\" width=\"300\" height=\"199\" src=\"https:\/\/www.centraldevacaciones.com\/blog\/wp-content\/uploads\/2014\/07\/roadway-3133194_640-300x199.jpg\" class=\"attachment-medium size-medium wp-image-6829\" alt=\"Estatua alcantarila\" srcset=\"https:\/\/www.centraldevacaciones.com\/blog\/wp-content\/uploads\/2014\/07\/roadway-3133194_640-300x199.jpg 300w, https:\/\/www.centraldevacaciones.com\/blog\/wp-content\/uploads\/2014\/07\/roadway-3133194_640.jpg 640w\" sizes=\"(max-width: 300px) 100vw, 300px\" \/>\t\t\t\t\t\t\t\t\t\t\t\t\t\t\t<\/div>\n\t\t\t\t\t<\/div>\n\t\t<\/div>\n\t\t\t\t\t<\/div>\n\t\t<\/section>\n\t\t\t\t<section class=\"elementor-section elementor-top-section elementor-element elementor-element-945b03a elementor-section-boxed elementor-section-height-default elementor-section-height-default\" data-id=\"945b03a\" data-element_type=\"section\">\n\t\t\t\t\t\t<div class=\"elementor-container elementor-column-gap-default\">\n\t\t\t\t\t<div class=\"elementor-column elementor-col-100 elementor-top-column elementor-element elementor-element-bfab7be\" data-id=\"bfab7be\" data-element_type=\"column\">\n\t\t\t<div class=\"elementor-widget-wrap elementor-element-populated\">\n\t\t\t\t\t\t<div class=\"elementor-element elementor-element-ece7118 elementor-widget elementor-widget-text-editor\" data-id=\"ece7118\" data-element_type=\"widget\" data-widget_type=\"text-editor.default\">\n\t\t\t\t\t\t\t\t\t<ul><li><strong>Museos de Bratislava<\/strong>:\u00a0 Entre los museos de Bratislava m\u00e1s recomendables, cabe referirse al <strong style=\"text-align: justify;\">Danubiana Meulensteen Art Museum<\/strong><span style=\"text-align: justify;\">, con colecciones de arte contempor\u00e1neo, y el <\/span><strong style=\"text-align: justify;\">Stm Muzeum Dopravy<\/strong><span style=\"text-align: justify;\">, en el que se exhiben coches de \u00e9poca y otros medios de transporte.<\/span><\/li><li><strong>Otros puntos de inter\u00e9s fuera del centro<\/strong>: Fuera del centro hist\u00f3rico, a medio camino entre este y la estaci\u00f3n, se alza la <strong>iglesia de Santa Isabel o iglesia Azul<\/strong>, situada en la calle de Bezru\u010dova y de principios del siglo XX.\u00a0 El edifico est\u00e1 consagrado a Isabel de Hungr\u00eda, hija de Andr\u00e9s II, quien creci\u00f3 en el castillo de Pressburg (Pozsonyi v\u00e1r). Adem\u00e1s de deslumbrar por el llamativo color de su fachada, esta iglesia tambi\u00e9n re\u00fane mosaicos, may\u00f3licas y un techo de cristal azul.<\/li><\/ul><p>Por cierto: ahora que ya sabes qu\u00e9 ver en Bratislava, no dejes de reservar mesa para probar el plato nacional eslovaco: los <strong><em>bryndzov\u00e9 halu\u0161ky<\/em>,<\/strong> unos deliciosos <em>dumplings<\/em> cubiertos de queso de oveja fundido. \u00a1Repetir\u00e1s!<\/p>\t\t\t\t\t\t\t\t<\/div>\n\t\t\t\t\t<\/div>\n\t\t<\/div>\n\t\t\t\t\t<\/div>\n\t\t<\/section>\n\t\t\t\t<section class=\"elementor-section elementor-top-section elementor-element elementor-element-6023b1ab elementor-section-boxed elementor-section-height-default elementor-section-height-default\" data-id=\"6023b1ab\" data-element_type=\"section\">\n\t\t\t\t\t\t<div class=\"elementor-container elementor-column-gap-default\">\n\t\t\t\t\t<div class=\"elementor-column elementor-col-100 elementor-top-column elementor-element elementor-element-1bb6bbb4\" data-id=\"1bb6bbb4\" data-element_type=\"column\">\n\t\t\t<div class=\"elementor-widget-wrap elementor-element-populated\">\n\t\t\t\t\t\t<div class=\"elementor-element elementor-element-56491c9e elementor-widget elementor-widget-text-editor\" data-id=\"56491c9e\" data-element_type=\"widget\" data-widget_type=\"text-editor.default\">\n\t\t\t\t\t\t\t\t\t<h2>C\u00f3mo llegar a Bratislava<\/h2><p>Una de las formas de acceder a la capital eslovaca es tomar un vuelo a Bratislava. El <strong>aeropuerto internacional de Bratislava<\/strong> (Letisko Milana Rastislava \u0160tef\u00e1nika Aeropuerto, BTS, www.airportbratislava.sk) es el principal del pa\u00eds y conecta a Eslovaquia con la mayor\u00eda de las ciudades europeas. La compa\u00f1\u00eda de bajo coste Ryanair opera vuelos entre la ciudad y destinos como <strong>Londres, Par\u00eds, Roma y Bruselas.<\/strong> Puede ser una opci\u00f3n muy interesante (y barata) para llegar a Viena, la capital de Austria, situada a solo 65 km de la ciudad.<\/p><p>Para ir del aeropuerto al centro de la ciudad, puedes tomar un taxi \u2014no obstante, los taxis son caros, con precios de tarifa media de unos 30 euros, si bien puede ser un precio razonable para grupos\u2014 o el autob\u00fas 61. El terminal est\u00e1 a unos 8,5 km del centro de Praga.<\/p><p>Bratislava es un buen destino para acceder a \u00e9l en tren. La compa\u00f1\u00eda ZSR (www.zsr.sk) tiene servicios hacia y desde Viena, Austria (el viaje dura una hora y 12 minutos) o <a href=\"https:\/\/reservaviajes.centraldevacaciones.com\/ES\/idea\/285535\/oferta-de-viaje-a-budapest\"><strong>Budapest<\/strong><\/a> (el trayecto tiene una duraci\u00f3n de 3 horas y 45 minutos). La estaci\u00f3n de tren principal de la ciudad es la <strong>Bratislava Hlavn\u00e1 stanica<\/strong> (Bratislava ht. St.), situada junto al casco antiguo y el castillo. Otra estaci\u00f3n ampliamente utilizada es el Bratislava-Petr \u017ealka, 4 millas al sur, cruzando el r\u00edo Danubio. Los trenes internacionales trabajan salen y llegan a ambas.<\/p><p>Otra opci\u00f3n es llegar a Bratislava en bus. De hecho, como hemos indicado antes, la ciudad cuenta con una <strong>estaci\u00f3n de autobuses<\/strong> en Chalupkova \/ Okrug Bratislava, 811 09. De all\u00ed llegan y salen autobuses que conectan Bratislava con 24 pa\u00edses europeos. Entre los destinos m\u00e1s interesantes, cabe referirse a las ciudades de Viena y Budapest.<\/p><p>\u00bfTe animas a viajar a Bratislava? En ese caso, consulta las <a href=\"https:\/\/www.centraldevacaciones.com\/ofertas-viajes\/\"><strong>ofertas de viaje<\/strong><\/a> de Central de Vacaciones, con los mejores viajes baratos y de calidad. \u00a1Reserva hoy mismo tus vuelos y el hotel a precios de otra \u00e9poca!<\/p>\t\t\t\t\t\t\t\t<\/div>\n\t\t\t\t\t<\/div>\n\t\t<\/div>\n\t\t\t\t\t<\/div>\n\t\t<\/section>\n\t\t\t\t<\/div>\n\t\t","protected":false},"excerpt":{"rendered":"<p>Si vas a viajar a Bratislava, la capital de Eslovaquia, te topar\u00e1s con una ciudad cargada de historia y en continua transformaci\u00f3n. Esto especialmente visible en las inmediaciones de la estaci\u00f3n de autobuses, una de las principales puertas de entrada a esta urbe, aunque tambi\u00e9n se est\u00e1 trabajando en la recuperaci\u00f3n de edificios emblem\u00e1ticos y [&hellip;]<\/p>\n","protected":false},"author":1,"featured_media":0,"comment_status":"closed","ping_status":"open","sticky":false,"template":"elementor_theme","format":"standard","meta":{"_acf_changed":false,"footnotes":""},"categories":[193,208,207,205,195,1,17],"tags":[],"class_list":["post-847","post","type-post","status-publish","format-standard","hentry","category-europa","category-ideas-escapadas","category-ideas-viajes-invierno","category-ideas-viajes-low-cost","category-rutas-por-europa","category-vacaciones","category-viajes-por-europa"],"acf":[],"_links":{"self":[{"href":"https:\/\/www.centraldevacaciones.com\/blog\/wp-json\/wp\/v2\/posts\/847","targetHints":{"allow":["GET"]}}],"collection":[{"href":"https:\/\/www.centraldevacaciones.com\/blog\/wp-json\/wp\/v2\/posts"}],"about":[{"href":"https:\/\/www.centraldevacaciones.com\/blog\/wp-json\/wp\/v2\/types\/post"}],"author":[{"embeddable":true,"href":"https:\/\/www.centraldevacaciones.com\/blog\/wp-json\/wp\/v2\/users\/1"}],"replies":[{"embeddable":true,"href":"https:\/\/www.centraldevacaciones.com\/blog\/wp-json\/wp\/v2\/comments?post=847"}],"version-history":[{"count":0,"href":"https:\/\/www.centraldevacaciones.com\/blog\/wp-json\/wp\/v2\/posts\/847\/revisions"}],"wp:attachment":[{"href":"https:\/\/www.centraldevacaciones.com\/blog\/wp-json\/wp\/v2\/media?parent=847"}],"wp:term":[{"taxonomy":"category","embeddable":true,"href":"https:\/\/www.centraldevacaciones.com\/blog\/wp-json\/wp\/v2\/categories?post=847"},{"taxonomy":"post_tag","embeddable":true,"href":"https:\/\/www.centraldevacaciones.com\/blog\/wp-json\/wp\/v2\/tags?post=847"}],"curies":[{"name":"wp","href":"https:\/\/api.w.org\/{rel}","templated":true}]}}