{"id":8257,"date":"2020-09-04T12:51:53","date_gmt":"2020-09-04T10:51:53","guid":{"rendered":"https:\/\/www.centraldevacaciones.com\/blog\/?p=8257"},"modified":"2024-03-26T16:11:16","modified_gmt":"2024-03-26T15:11:16","slug":"cual-es-la-mejor-isla-de-canarias-para-viajar","status":"publish","type":"post","link":"https:\/\/www.centraldevacaciones.com\/blog\/cual-es-la-mejor-isla-de-canarias-para-viajar\/","title":{"rendered":"\u00bfCu\u00e1l es la mejor isla de Canarias para viajar?"},"content":{"rendered":"\t\t<div data-elementor-type=\"wp-post\" data-elementor-id=\"8257\" class=\"elementor elementor-8257\" data-elementor-post-type=\"post\">\n\t\t\t\t\t\t<section class=\"elementor-section elementor-top-section elementor-element elementor-element-7083e563 elementor-section-boxed elementor-section-height-default elementor-section-height-default\" data-id=\"7083e563\" data-element_type=\"section\">\n\t\t\t\t\t\t<div class=\"elementor-container elementor-column-gap-default\">\n\t\t\t\t\t<div class=\"elementor-column elementor-col-100 elementor-top-column elementor-element elementor-element-1f550201\" data-id=\"1f550201\" data-element_type=\"column\">\n\t\t\t<div class=\"elementor-widget-wrap elementor-element-populated\">\n\t\t\t\t\t\t<div class=\"elementor-element elementor-element-42a0d470 elementor-widget elementor-widget-text-editor\" data-id=\"42a0d470\" data-element_type=\"widget\" data-widget_type=\"text-editor.default\">\n\t\t\t\t\t\t\t\t\t\n<p>Tras Catalu\u00f1a y Baleares, las islas Canarias son la tercera comunidad aut\u00f3noma m\u00e1s visitada por el turismo internacional (al menos, antes del <a href=\"https:\/\/www.centraldevacaciones.com\/blog\/destinos-seguros-para-este-verano-tras-el-covid-19\/\"><strong>episodio de Covid-19<\/strong><\/a> y de este verano tan diferente). Los motivos de su innegable poder de atracci\u00f3n son de sobras conocidos: m\u00e1s de <strong>500 playas de impresi\u00f3n<\/strong> \u201456 de las cuales han sido distinguidas con la Bandera Azul por su calidad\u2014; peque\u00f1os pueblos y ciudades que enamoran, una envidiable temperatura primaveral a lo largo de todo el a\u00f1o, una red hotelera y de servicios de primer nivel, la exquisita gastronom\u00eda canaria\u2026 Adem\u00e1s, algunos pa\u00edses europeos la han considerado estos d\u00edas como una regi\u00f3n segura para las vacaciones por la baja incidencia que en ella est\u00e1 teniendo el nuevo coronavirus. Ahora bien: \u00bfcu\u00e1l es la mejor isla de Canarias para viajar?<\/p>\n\n<p>Si est\u00e1s pensando en descubrir este impresionante destino de la <a href=\"https:\/\/www.centraldevacaciones.com\/blog\/ofertas-de-viajes-en-la-playa-espana\/\"><strong>costa espa\u00f1ola<\/strong><\/a>, pero a\u00fan no sabes por qu\u00e9 isla decantarte, te recomendamos que sigas leyendo, ya que vamos a resumirte las principales caracter\u00edsticas de las sietes islas del archipi\u00e9lago que cuentan con administraci\u00f3n propia: por un lado, Gran Canaria, Lanzarote y Fuerteventura, en la provincia de Las Palmas; por el otro, Tenerife, La Palma, El Hierro y La Gomera, pertenecientes a la provincia de Santa Cruz de Tenerife.<\/p>\n\n<p>Cualquiera de ellas es id\u00f3nea para desconectar y relajarse en un marco \u00fanico, si bien la decisi\u00f3n final depender\u00e1, fundamentalmente, de si tu prioridad es tomar el sol y ba\u00f1arte en el Atl\u00e1ntico, hacer turismo cultural o descubrir naturaleza salvaje de formas imposibles. \u00a1Toma nota de nuestros consejos<\/p>\n\n<h2 class=\"wp-block-heading\">Gran Canaria: un continente en miniatura<\/h2>\n\n<p>\u00bfSab\u00edas que, en la primera campa\u00f1a publicitaria que se lanz\u00f3 para promocionar Gran Canaria, este territorio fue definido como un \u201ccontinente en miniatura\u201d? Una descripci\u00f3n m\u00e1s que acertada, ya que en solo 1.560 km<sup>2<\/sup> re\u00fane una diversidad paisaj\u00edstica sin parang\u00f3n, que comprende desde monta\u00f1as tan elevadas como el <strong>Pico de las Nieves<\/strong> (1.949 m de altitud) hasta algunas de las playas m\u00e1s bonitas de Canarias, pasando por los animados n\u00facleos tur\u00edsticos del sur o los tranquilos pueblos del interior.\u00a0 Su geograf\u00eda combina a la perfecci\u00f3n hermosos paisajes volc\u00e1nicos y litorales, frondosos valles y \u00e1reas des\u00e9rticas, enclaves cincelados por los persistentes vientos alisios. \u00bfLes hacemos una visita?<\/p>\n\n<p>Es mucho lo que hay que ver Gran Canaria, empezando por la capital insular, <strong>Las Palmas.<\/strong> All\u00ed merece la pena conocer el puerto de la Luz, el parque de Santa Catalina, el barrio fundacional de La Vegueta, la Ciudad Jard\u00edn, la catedral de Santa Ana, el Museo N\u00e9stor \u2014una importante pinacoteca situada en la calle de Francisco Gonz\u00e1lez D\u00edaz, 4\u2014, la Casa-Museo P\u00e9rez Gald\u00f3s \u2014en la calle de Cano, 6 (consulta las fechas de reapertura, ya que en el momento de escribir estas l\u00edneas estaba cerrada temporalmente)\u2014, el Auditorio Alfredo Kraus y las playas de Las Canteras y de Alcavaneras.<\/p>\n\n<p>Otros lugares de inter\u00e9s en Gran Canaria son<strong> Agaete<\/strong>, donde se encuentran el puerto de las Nieves, el paraje conocido como El Dedo de Dios, el Parque Natural Tamadaba y la playa de Guayedra; <strong>Artenara,<\/strong> con la iglesia de la Virgen de la Cuevita y la cueva de Dou; <strong>Arucas,<\/strong> una localidad famosa por su catedral y su arquitectura volc\u00e1nica; <strong>G\u00e1ldar,<\/strong> donde se halla el Palacio del Guanarteme; <strong>Puerto de Mog\u00e1n,<\/strong> con un seductor puerto pesquero; <strong>Telde,<\/strong> una ciudad colonial que alberga la iglesia de San Juan, y <strong>Teror,<\/strong> donde podr\u00e1s contemplar la bas\u00edlica de Nuestra Se\u00f1ora del Pino, la Cruz de Tejeda, el Roque Nublo y numerosas muestras de arquitectura t\u00edpica.<\/p>\n\n<p>En cualquier caso, unas <a href=\"https:\/\/www.centraldevacaciones.com\/viajes\/ofertas-a-gran-canaria.html\"><strong>vacaciones en Gran Canaria<\/strong><\/a> ser\u00e1n ideales para quienes deseen disfrutar de las mejores playas de Canarias, entre las que se cuentan las <strong>dunas de Maspalomas.<\/strong>\u00a0<\/p>\n\n<div class=\"wp-block-image\">\n<figure class=\"aligncenter\"><img fetchpriority=\"high\" decoding=\"async\" class=\"alignnone size-full wp-image-20499\" src=\"https:\/\/www.centraldevacaciones.com\/blog\/wp-content\/uploads\/2021\/11\/Gran-Canaria.jpg\" alt=\"\u00bfCu\u00e1l es la mejor isla de Canarias para viajar?: Gran Canaria\" width=\"1920\" height=\"1284\" srcset=\"https:\/\/www.centraldevacaciones.com\/blog\/wp-content\/uploads\/2021\/11\/Gran-Canaria.jpg 1920w, https:\/\/www.centraldevacaciones.com\/blog\/wp-content\/uploads\/2021\/11\/Gran-Canaria-300x201.jpg 300w, https:\/\/www.centraldevacaciones.com\/blog\/wp-content\/uploads\/2021\/11\/Gran-Canaria-1024x685.jpg 1024w, https:\/\/www.centraldevacaciones.com\/blog\/wp-content\/uploads\/2021\/11\/Gran-Canaria-768x514.jpg 768w, https:\/\/www.centraldevacaciones.com\/blog\/wp-content\/uploads\/2021\/11\/Gran-Canaria-1536x1027.jpg 1536w\" sizes=\"(max-width: 1920px) 100vw, 1920px\" \/><\/figure>\n<\/div>\n\n<h2 class=\"wp-block-heading\">Viaja a Lanzarote, la isla de la Luna<\/h2>\n\n<p>\u00bfPensando en una <a href=\"https:\/\/www.centraldevacaciones.com\/viajes\/ofertas-a-lanzarote.html\"><strong>escapada a Lanzarote<\/strong><\/a>? No nos extra\u00f1a, ya que esta peque\u00f1a isla ofrece un paisaje \u00fanico en el mundo. Por su aspecto \u00e1rido y rocoso, casi selenita, se la conoce popularmente como la <em>isla de la Luna.<\/em> Otros se refieren a ella como la <em>isla de los Volcanes<\/em>, ya que cuenta con un centenar de estos accidentes geogr\u00e1ficos. Declarada Reserva de la Biosfera por la UNESCO en 1993 y con un 41% de su superficie formada por espacios protegidos, esta tierra justifica con creces cualquier viaje.<\/p>\n\n<p>All\u00ed te aguardan siete municipios \u2014Arrecife, Har\u00eda, San Bartolom\u00e9, Teguise, T\u00edas, Tinajo y Yaiza\u2014con apartamentos y hoteles econ\u00f3micos para unas vacaciones en Lanzarote de 10. \u00bfQu\u00e9 ver en Lanzarote? Nuestro consejo es que empieces por la capital insular, <strong>Arrecife,<\/strong> donde conviene visitar el puerto y los fuertes de San Jos\u00e9 y San Gabriel. Otra localidad remarcable es <strong>Teguise,<\/strong> donde podr\u00e1s ver la fortaleza de Santa B\u00e1rbara. Estos dos municipios disponen de buenas playas, casi tanto como las de <strong>Puerto del Carmen o Playa Blanca.<\/strong><\/p>\n\n<p>Sea como fuere, el plato fuerte son los reclamos naturales de Lanzarote. Entre sus puntos de inter\u00e9s, hay que mencionar la <strong>Cueva de los Verdes,<\/strong> la mayor gruta de su g\u00e9nero, as\u00ed como tres espacios creados por el artista local C\u00e9sar Manrique para disfrutar de lo mejor del paisaje lanzarote\u00f1o: <strong>el Jard\u00edn del Cactus, los Jameos del Agua y el Mirador del R\u00edo,<\/strong> con vistas a la isla de Graciosa. Por supuesto, no pod\u00edamos olvidarnos del <strong>Parque Nacional de Timanfaya<\/strong>, tambi\u00e9n conocido como las Monta\u00f1as del Fuego, uno de los rincones m\u00e1s emblem\u00e1ticos de la isla.<\/p>\n\n<figure class=\"wp-block-image\"><img decoding=\"async\" class=\"alignnone size-full wp-image-20563\" src=\"https:\/\/www.centraldevacaciones.com\/blog\/wp-content\/uploads\/2021\/11\/Fuerteventura.jpg\" alt=\"\u00bfCu\u00e1l es la mejor isla de Canarias para viajar?: Fuerteventura\" width=\"1920\" height=\"1280\" srcset=\"https:\/\/www.centraldevacaciones.com\/blog\/wp-content\/uploads\/2021\/11\/Fuerteventura.jpg 1920w, https:\/\/www.centraldevacaciones.com\/blog\/wp-content\/uploads\/2021\/11\/Fuerteventura-300x200.jpg 300w, https:\/\/www.centraldevacaciones.com\/blog\/wp-content\/uploads\/2021\/11\/Fuerteventura-1024x683.jpg 1024w, https:\/\/www.centraldevacaciones.com\/blog\/wp-content\/uploads\/2021\/11\/Fuerteventura-768x512.jpg 768w, https:\/\/www.centraldevacaciones.com\/blog\/wp-content\/uploads\/2021\/11\/Fuerteventura-1536x1024.jpg 1536w\" sizes=\"(max-width: 1920px) 100vw, 1920px\" \/><\/figure>\n\n<h2 class=\"wp-block-heading\">Descubre Fuerteventura, la playa de Canarias<\/h2>\n\n<p>Muchos se refieren a ella como la <em>playa de Canarias. <\/em>De forma m\u00e1s que merecida, ya que, de sus 326 km de frente mar\u00edtimo, <strong>77 km est\u00e1n ocupados por extensas playas de arena dorada. <\/strong>Situada a apenas 98 km de las costas de Marruecos, es la segunda isla m\u00e1s extensa de Canarias, solo superada por Tenerife; la m\u00e1s antigua del archipi\u00e9lago \u2014su formaci\u00f3n se inici\u00f3 hace 30 millones de a\u00f1os\u2014 y una de las que m\u00e1s sorprenden al visitante, por sus impactantes malpa\u00edses o campos de lava. Dado que su relieve es pr\u00e1cticamente llano \u2014su punto m\u00e1s alto no supera los 807 km\u2014, la costa suele ser el principal polo de atracci\u00f3n para los turistas o viajeros, sobre todo para los amantes al surf.<\/p>\n\n<p>Con seis municipios \u2014Antigua, Betancuria, La Oliva, P\u00e1jara y Puerto del Rosario\u2014 y cinco \u00e1reas tur\u00edsticas \u2014Caleta de Fuste, Corralejo, Costa Calma, Morro Jable y Puerto del Rosario\u2014, Fuerteventura es una apuesta segura. Un apunte: desde 2009, forma parte de la Reserva de la Biosfera.<\/p>\n\n<p><a href=\"https:\/\/www.centraldevacaciones.com\/viajes\/ofertas-a-fuerteventura.html\"><strong>\u00bfQu\u00e9 ver en Fuerteventura?<\/strong><\/a>M\u00e1s all\u00e1 de las playas de Corralejo (en el norte) y de Morro Jable (en la pen\u00ednsula de Jand\u00eda, en el sur), la isla atesora un importante patrimonio arquitect\u00f3nico. Un buen ejemplo de ello lo tenemos en <strong>Betancuria,<\/strong> que destaca por su pintoresca arquitectura local y por la iglesia de Santa Mar\u00eda. Tambi\u00e9n se puede hacer una visita a <strong>La Oliva,<\/strong> con una iglesia fortificada y la Casa de los Coroneles, o a <strong>Puerto del Rosario,<\/strong> la capital majorera, con un importante puerto y un bello parque municipal. Por otro lado, desde el puerto de Corralejo se puede hacer una excursi\u00f3n a la <strong>isla de Lobos<\/strong>, un islote de 6 km<sup>2<\/sup> ubicado en el estrecho de la Bocaina y con un parque natural con 130 especies vegetales y varios tipos de ave.<\/p>\n\n<p><span data-ccp-props=\"{\">\u00a0<\/span><\/p>\n\n<div class=\"wp-block-image\">\n<figure class=\"aligncenter\"><img decoding=\"async\" class=\"alignnone size-full wp-image-20564\" src=\"https:\/\/www.centraldevacaciones.com\/blog\/wp-content\/uploads\/2021\/11\/Playa-de-Tenerife.jpg\" alt=\"\u00bfCu\u00e1l es la mejor isla de Canarias para viajar?: Playa de Tenerife\" width=\"1920\" height=\"1280\" srcset=\"https:\/\/www.centraldevacaciones.com\/blog\/wp-content\/uploads\/2021\/11\/Playa-de-Tenerife.jpg 1920w, https:\/\/www.centraldevacaciones.com\/blog\/wp-content\/uploads\/2021\/11\/Playa-de-Tenerife-300x200.jpg 300w, https:\/\/www.centraldevacaciones.com\/blog\/wp-content\/uploads\/2021\/11\/Playa-de-Tenerife-1024x683.jpg 1024w, https:\/\/www.centraldevacaciones.com\/blog\/wp-content\/uploads\/2021\/11\/Playa-de-Tenerife-768x512.jpg 768w, https:\/\/www.centraldevacaciones.com\/blog\/wp-content\/uploads\/2021\/11\/Playa-de-Tenerife-1536x1024.jpg 1536w\" sizes=\"(max-width: 1920px) 100vw, 1920px\" \/><\/figure>\n<\/div>\n\n<h2 class=\"wp-block-heading\">Tenerife: a la sombra del Teide<\/h2>\n\n<p>Ya en la provincia de Santa Cruz de Tenerife, toca valorar las ventajas de un <a href=\"https:\/\/www.centraldevacaciones.com\/viajes\/ofertas-a-tenerife.html\"><strong>viaje a Tenerife<\/strong><\/a>, la isla m\u00e1s poblada de Canarias. Conocida como la <em>isla Picuda<\/em> por su curiosa forma de \u00e1nade y como la <em>isla de la Eterna Primavera<\/em> por su extraordinario clima subtropical, este destino ofrece una variedad de paisajes excepcional. En ella se dan cita playas de arena negra, villas marineras, arquitectura de aire colonial y dos aeropuertos, lo que hace que sea f\u00e1cil tomar un vuelo a Tenerife desde muchos puntos de Europa. Dotado de una important\u00edsima infraestructura hotelera, de restauraci\u00f3n y de ocio, este es uno de esos destinos m\u00e1gicos que deben visitarse por lo menos una vez en la vida.<\/p>\n\n<p>No es poco lo que hay que ver en Tenerife. En la capital isle\u00f1a, <strong>Santa Cruz de Tenerife,<\/strong> tienes la oportunidad de recorrer sin prisas el paseo mar\u00edtimo, la plaza de la Candelaria, la iglesia de la Concepci\u00f3n, el Mercado Africano, el parque de Garc\u00eda Sanabria y el castillo de Paso Alto. En el pueblo de <strong>San Andr\u00e9s,<\/strong> en el mismo t\u00e9rmino municipal, se asoma al oc\u00e9ano la archiconocida playa de Las Teresitas.<\/p>\n\n<p>Visita tambi\u00e9n <strong>San Crist\u00f3bal de la Laguna<\/strong>, una ciudad universitaria de la que podr\u00e1s ver la catedral, la iglesia de la Concepci\u00f3n, el monte de las Mercedes y el Pico del Ingl\u00e9s; <strong>Garachico,<\/strong> donde se alza el castillo de San Miguel; <strong>Icod de los Vinos,<\/strong> localidad que da cabida al famoso Drago Milenario, un \u00e1rbol de unos 800 a\u00f1os antig\u00fcedad; <strong>La Orotava,<\/strong> un excelente ejemplo de arquitectura colonial, donde hay que descubrir la calle de San Francisco, la iglesia de Nuestra Se\u00f1ora de la Concepci\u00f3n y el mirador de Humboldt; el <strong>Puerto de Santa Cruz,<\/strong> donde descuellan el puerto pesquero, la avenida de Col\u00f3n, el castillo de San Felipe, el Jard\u00edn Bot\u00e1nico y algunas playas volc\u00e1nicas; <strong>Tacoronte,<\/strong> un pueblo en el que se encuentra el Bosque de la Esperanza y, por supuesto, el <strong>Parque Nacional del Teide.<\/strong> Elevado a la categor\u00eda de Patrimonio de la Humanidad por la UNESCO en 2007, da cabida a la cima m\u00e1s alta de Espa\u00f1a: el volc\u00e1n del Teide.<\/p>\n\n<p>Desde nuestro punto de vista, Tenerife es, posiblemente, la mejor isla de Canarias para visitar paisajes con encanto, si bien tambi\u00e9n posee playas notables, como las de <strong>Los Cristianos, la de Las Am\u00e9ricas, la de Torviscas o las de Costa Adeje, <\/strong>donde abren sus puertas numerosos hoteles en Tenerife.<\/p>\n\n<div class=\"wp-block-image\">\n<figure class=\"aligncenter\"><img loading=\"lazy\" decoding=\"async\" class=\"alignnone size-full wp-image-20565\" src=\"https:\/\/www.centraldevacaciones.com\/blog\/wp-content\/uploads\/2021\/11\/La-isla-de-la-Palma.jpg\" alt=\"\u00bfCu\u00e1l es la mejor isla de Canarias para viajar?: La isla de la Palma\" width=\"1280\" height=\"896\" srcset=\"https:\/\/www.centraldevacaciones.com\/blog\/wp-content\/uploads\/2021\/11\/La-isla-de-la-Palma.jpg 1280w, https:\/\/www.centraldevacaciones.com\/blog\/wp-content\/uploads\/2021\/11\/La-isla-de-la-Palma-300x210.jpg 300w, https:\/\/www.centraldevacaciones.com\/blog\/wp-content\/uploads\/2021\/11\/La-isla-de-la-Palma-1024x717.jpg 1024w, https:\/\/www.centraldevacaciones.com\/blog\/wp-content\/uploads\/2021\/11\/La-isla-de-la-Palma-768x538.jpg 768w\" sizes=\"(max-width: 1280px) 100vw, 1280px\" \/><\/figure>\n<\/div>\n\n<h2 class=\"wp-block-heading\">La Palma: la isla bonita<\/h2>\n\n<p>A 107 km al noroeste de Tenerife, podr\u00e1s regalarte unas <a href=\"https:\/\/www.centraldevacaciones.com\/viajes\/ofertas-a-la-palma-22.html\"><strong>vacaciones en La Palma<\/strong><\/a> para enmarcar. \u00bfEst\u00e1s listo\/a para explorar el territorio que inspir\u00f3 a la mism\u00edsima Madonna en su <em>hit La isla bonita<\/em>? Su gran superficie boscosa y sus extensiones de pinares y laurisilva le confieren una apariencia singular.<\/p>\n\n<p>Con una altura m\u00e1xima de 2.426 m en el <strong>Roque de los Muchachos,<\/strong> La Palma se caracteriza por la gran depresi\u00f3n que forma la <strong>Caldera de Taburiente,<\/strong> declarada Parque Nacional en 1954. Desde el centro de la isla hasta el sur, en la denominada <strong>Cumbre Vieja<\/strong>, hay una serie de volcanes, como el de San Antonio, el de San Juan o el\u00a0 de Tenegu\u00eda, que en 1971 registr\u00f3 la pen\u00faltima erupci\u00f3n volc\u00e1nica de Canarias (la \u00faltima, submarina, tuvo lugar en El Hierro en 2011). En La Palma tambi\u00e9n se localizan el <strong>Parque Natural de Cumbre Vieja<\/strong> y el <strong>Parque Natural de las Nieves, <\/strong>as\u00ed como otros espacios protegidos de gran belleza, algunos incluidos en la Reserva de la Biosfera de La Palma (2002). Una propuesta ideal para practicar senderismo en Canarias.<\/p>\n\n<p>El municipio m\u00e1s poblado de la isla es Los <strong>Llanos de Aridane,<\/strong> que supera en este caso la capital insular, <strong>Santa Cruz de La Palma<\/strong>. En los Llanos de Aridane, puedes visitar la plaza de Espa\u00f1a y el Ayuntamiento y hacer una escapada a la mencionada Caldera de Taburiente, donde ver\u00e1s el que probablemente sea el mayor cr\u00e1ter del mundo. Y en Santa Cruz de la Palma, puedes acercarte a la plaza de Espa\u00f1a, la iglesia Matriz de El Salvador, fundada en torno a 1500; el Ayuntamiento y el Museo Naval. All\u00ed se exhibe una r\u00e9plica de la <em>Santa Mar\u00eda,<\/em> una de las tres carabelas de Crist\u00f3bal Col\u00f3n.<\/p>\n\n<p>Dir\u00edgete tambi\u00e9n a <strong>Tazacorte<\/strong>, donde podr\u00e1s contemplar el barranco de las Angustias, la monta\u00f1a de El Time y sus playas.<\/p>\n\n<div class=\"wp-block-image\">\n<figure class=\"aligncenter\"><img loading=\"lazy\" decoding=\"async\" class=\"alignnone size-full wp-image-20566\" src=\"https:\/\/www.centraldevacaciones.com\/blog\/wp-content\/uploads\/2021\/11\/La-Gomera-y-el-Hierro.jpg\" alt=\"\u00bfCu\u00e1l es la mejor isla de Canarias para viajar?: La Gomera y el Hierro\" width=\"1024\" height=\"576\" srcset=\"https:\/\/www.centraldevacaciones.com\/blog\/wp-content\/uploads\/2021\/11\/La-Gomera-y-el-Hierro.jpg 1024w, https:\/\/www.centraldevacaciones.com\/blog\/wp-content\/uploads\/2021\/11\/La-Gomera-y-el-Hierro-300x169.jpg 300w, https:\/\/www.centraldevacaciones.com\/blog\/wp-content\/uploads\/2021\/11\/La-Gomera-y-el-Hierro-768x432.jpg 768w\" sizes=\"(max-width: 1024px) 100vw, 1024px\" \/><\/figure>\n<\/div>\n\n<h2 class=\"wp-block-heading\">Por qu\u00e9 visitar La Gomera y El Hierro<\/h2>\n\n<p>Cerramos nuestro repaso de cu\u00e1l es la mejor isla de Canarias para viajar en las dos que registran una menor actividad tur\u00edstica, pero que tambi\u00e9n hay que tener en cuenta para unas vacaciones de playa memorables.<\/p>\n\n<p>La isla de La Gomera, de 369,76 km\u00b2 y rebautizada popularmente como la <em>isla Colombina,<\/em> tiene como buque insignia el <strong>Parque Nacional de Garajonay,<\/strong> incluido en 1986 en la lista del Patrimonio de la Humanidad y famoso por su bosque de laurisilva. Ac\u00e9rcate tambi\u00e9n el <strong>precipicio de Los \u00d3rganos,<\/strong> en Vallehermoso, una curiosa chimenea de lava que se sec\u00f3 al aire libre y que presenta una ins\u00f3lita estructura hexagonal. O al\u00f3jate en un <a href=\"https:\/\/www.centraldevacaciones.com\/viajes\/ofertas-a-la-gomera-18.html\"><strong>apartamento u hotel en La Gomera<\/strong><\/a> en cualquiera de los seis municipios insulares: <strong>Agulo, Alajer\u00f3, Hermigua, Vallehermoso, Valle Gran Rey o San Sebasti\u00e1n de la Gomera,<\/strong> la capital. All\u00ed ver\u00e1s la iglesia de Nuestra Se\u00f1ora de la Asunci\u00f3n o la Torre del Conde. Por cierto: no dejes de asistir a una demostraci\u00f3n del <strong>Silbo Gomero,<\/strong> una forma de comunicaci\u00f3n que es parte del Patrimonio Cultural Inmaterial de la Humanidad.<\/p>\n\n<p>Pero si lo que prefieres son unas <a href=\"https:\/\/www.centraldevacaciones.com\/viajes\/ofertas-a-el-hierro-21.html\"><strong>vacaciones en El Hierro<\/strong><\/a>, en nuestro sitio web tambi\u00e9n encontrar\u00e1s ofertas de viaje a esta monta\u00f1osa y volc\u00e1nica isla, cuya capital, <strong>Valverde,<\/strong> apenas llega a los 4.000 habitantes. Si quieres aparcar el estr\u00e9s, esta es tu isla perfecta. En ella experimentar\u00e1s la tranquilidad en estado puro. \u00a0<\/p>\n\n<p>Hay trayectos en <em>ferry<\/em> regulares que conectan la isla, desde el puerto de <strong>La Estaca,<\/strong> con el puerto de Los Cristianos, en Tenerife. En otros puntos de la isla, hay peque\u00f1os puertos pesqueros y deportivos, como el puerto de<strong> La Restinga, <\/strong>donde tienen su base los pescadores que faenan en el mar de las Calmas. Tambi\u00e9n se puede llegar all\u00ed tomando un vuelo hasta el aeropuerto de El Hierro.<\/p>\n\n<div class=\"wp-block-image\">\n<figure class=\"aligncenter\"><img loading=\"lazy\" decoding=\"async\" class=\"alignnone size-full wp-image-20567\" src=\"https:\/\/www.centraldevacaciones.com\/blog\/wp-content\/uploads\/2021\/11\/Tazacorte.jpg\" alt=\"\u00bfCu\u00e1l es la mejor isla de Canarias para viajar?: Tazacorte\" width=\"1024\" height=\"681\" srcset=\"https:\/\/www.centraldevacaciones.com\/blog\/wp-content\/uploads\/2021\/11\/Tazacorte.jpg 1024w, https:\/\/www.centraldevacaciones.com\/blog\/wp-content\/uploads\/2021\/11\/Tazacorte-300x200.jpg 300w, https:\/\/www.centraldevacaciones.com\/blog\/wp-content\/uploads\/2021\/11\/Tazacorte-768x511.jpg 768w\" sizes=\"(max-width: 1024px) 100vw, 1024px\" \/><\/figure>\n<\/div>\n\n<p>\u00bfYa sabes cu\u00e1l es la mejor isla Canaria para ti? No le des m\u00e1s vueltas: consulta nuestras ofertas y<em> packs<\/em> vacacionales, elige tu apartamento u hotel y el n\u00famero de noche que prefieras y empieza a contar los d\u00edas para conocer Canarias a precios incre\u00edbles. \u00bfNos dejas acompa\u00f1arte en esta aventura?<\/p>\n\n<div class=\"wp-block-image\">\n<figure class=\"aligncenter\"><img loading=\"lazy\" decoding=\"async\" class=\"alignnone size-full wp-image-20568\" src=\"https:\/\/www.centraldevacaciones.com\/blog\/wp-content\/uploads\/2021\/11\/Paisaje-en-Las-Canarias.jpg\" alt=\"\u00bfCu\u00e1l es la mejor isla de Canarias para viajar?: Paisaje en Las Canarias\" width=\"1024\" height=\"683\" srcset=\"https:\/\/www.centraldevacaciones.com\/blog\/wp-content\/uploads\/2021\/11\/Paisaje-en-Las-Canarias.jpg 1024w, https:\/\/www.centraldevacaciones.com\/blog\/wp-content\/uploads\/2021\/11\/Paisaje-en-Las-Canarias-300x200.jpg 300w, https:\/\/www.centraldevacaciones.com\/blog\/wp-content\/uploads\/2021\/11\/Paisaje-en-Las-Canarias-768x512.jpg 768w\" sizes=\"(max-width: 1024px) 100vw, 1024px\" \/><\/figure>\n<\/div>\n\t\t\t\t\t\t\t\t<\/div>\n\t\t\t\t\t<\/div>\n\t\t<\/div>\n\t\t\t\t\t<\/div>\n\t\t<\/section>\n\t\t\t\t<section class=\"elementor-section elementor-top-section elementor-element elementor-element-ba596ab elementor-section-boxed elementor-section-height-default elementor-section-height-default\" data-id=\"ba596ab\" data-element_type=\"section\">\n\t\t\t\t\t\t<div class=\"elementor-container elementor-column-gap-default\">\n\t\t\t\t\t<div class=\"elementor-column elementor-col-16 elementor-top-column elementor-element elementor-element-100eec7\" data-id=\"100eec7\" data-element_type=\"column\">\n\t\t\t<div class=\"elementor-widget-wrap elementor-element-populated\">\n\t\t\t\t\t\t<div class=\"elementor-element elementor-element-f691c35 elementor-widget elementor-widget-image\" data-id=\"f691c35\" data-element_type=\"widget\" data-widget_type=\"image.default\">\n\t\t\t\t\t\t\t\t\t\t\t\t\t\t\t<img loading=\"lazy\" decoding=\"async\" width=\"128\" height=\"128\" src=\"https:\/\/www.centraldevacaciones.com\/blog\/wp-content\/uploads\/2020\/09\/espana.png\" class=\"attachment-large size-large wp-image-12730\" alt=\"\" \/>\t\t\t\t\t\t\t\t\t\t\t\t\t\t\t<\/div>\n\t\t\t\t<div class=\"elementor-element elementor-element-416e9a0 elementor-widget elementor-widget-heading\" data-id=\"416e9a0\" data-element_type=\"widget\" data-widget_type=\"heading.default\">\n\t\t\t\t\t<h3 class=\"elementor-heading-title elementor-size-default\"><a href=\"https:\/\/www.centraldevacaciones.com\/blog\/ofertas-de-vacaciones\/\">Viajes por Espa\u00f1a<\/a><\/h3>\t\t\t\t<\/div>\n\t\t\t\t\t<\/div>\n\t\t<\/div>\n\t\t\t\t<div class=\"elementor-column elementor-col-16 elementor-top-column elementor-element elementor-element-63acdb9\" data-id=\"63acdb9\" data-element_type=\"column\">\n\t\t\t<div class=\"elementor-widget-wrap elementor-element-populated\">\n\t\t\t\t\t\t<div class=\"elementor-element elementor-element-e7a2bca elementor-widget elementor-widget-image\" data-id=\"e7a2bca\" data-element_type=\"widget\" data-widget_type=\"image.default\">\n\t\t\t\t\t\t\t\t\t\t\t\t\t\t\t<img loading=\"lazy\" decoding=\"async\" width=\"128\" height=\"128\" src=\"https:\/\/www.centraldevacaciones.com\/blog\/wp-content\/uploads\/2020\/09\/isla.png\" class=\"attachment-large size-large wp-image-12732\" alt=\"\" \/>\t\t\t\t\t\t\t\t\t\t\t\t\t\t\t<\/div>\n\t\t\t\t<div class=\"elementor-element elementor-element-dab58af elementor-widget elementor-widget-heading\" data-id=\"dab58af\" data-element_type=\"widget\" data-widget_type=\"heading.default\">\n\t\t\t\t\t<h3 class=\"elementor-heading-title elementor-size-default\"><a href=\"https:\/\/www.centraldevacaciones.com\/blog\/vacaciones-mejores-islas-espana\/\">Islas de Espa\u00f1a<\/a><\/h3>\t\t\t\t<\/div>\n\t\t\t\t\t<\/div>\n\t\t<\/div>\n\t\t\t\t<div class=\"elementor-column elementor-col-16 elementor-top-column elementor-element elementor-element-56e60a4\" data-id=\"56e60a4\" data-element_type=\"column\">\n\t\t\t<div class=\"elementor-widget-wrap elementor-element-populated\">\n\t\t\t\t\t\t<div class=\"elementor-element elementor-element-c645e1f elementor-widget elementor-widget-image\" data-id=\"c645e1f\" data-element_type=\"widget\" data-widget_type=\"image.default\">\n\t\t\t\t\t\t\t\t\t\t\t\t\t\t\t<img loading=\"lazy\" decoding=\"async\" width=\"128\" height=\"128\" src=\"https:\/\/www.centraldevacaciones.com\/blog\/wp-content\/uploads\/2021\/05\/avion-1.png\" class=\"attachment-large size-large wp-image-12639\" alt=\"\" \/>\t\t\t\t\t\t\t\t\t\t\t\t\t\t\t<\/div>\n\t\t\t\t<div class=\"elementor-element elementor-element-50903e9 elementor-widget elementor-widget-heading\" data-id=\"50903e9\" data-element_type=\"widget\" data-widget_type=\"heading.default\">\n\t\t\t\t\t<h3 class=\"elementor-heading-title elementor-size-default\"><a href=\"https:\/\/www.centraldevacaciones.com\/viajes\/ofertas-a-islas-canarias.html\">Viajes a Canarias<\/a><\/h3>\t\t\t\t<\/div>\n\t\t\t\t\t<\/div>\n\t\t<\/div>\n\t\t\t\t<div class=\"elementor-column elementor-col-16 elementor-top-column elementor-element elementor-element-18fd9c5\" data-id=\"18fd9c5\" data-element_type=\"column\">\n\t\t\t<div class=\"elementor-widget-wrap elementor-element-populated\">\n\t\t\t\t\t\t<div class=\"elementor-element elementor-element-0008c52 elementor-widget elementor-widget-image\" data-id=\"0008c52\" data-element_type=\"widget\" data-widget_type=\"image.default\">\n\t\t\t\t\t\t\t\t\t\t\t\t\t\t\t<img loading=\"lazy\" decoding=\"async\" width=\"128\" height=\"128\" src=\"https:\/\/www.centraldevacaciones.com\/blog\/wp-content\/uploads\/2020\/09\/sombrilla.png\" class=\"attachment-large size-large wp-image-12733\" alt=\"\" \/>\t\t\t\t\t\t\t\t\t\t\t\t\t\t\t<\/div>\n\t\t\t\t<div class=\"elementor-element elementor-element-adf2fff elementor-widget elementor-widget-heading\" data-id=\"adf2fff\" data-element_type=\"widget\" data-widget_type=\"heading.default\">\n\t\t\t\t\t<h3 class=\"elementor-heading-title elementor-size-default\"><a href=\"https:\/\/www.centraldevacaciones.com\/viajes\/ofertas-a-lanzarote.html\">Viajes a Lanzarote<\/a><\/h3>\t\t\t\t<\/div>\n\t\t\t\t\t<\/div>\n\t\t<\/div>\n\t\t\t\t<div class=\"elementor-column elementor-col-16 elementor-top-column elementor-element elementor-element-e925174\" data-id=\"e925174\" data-element_type=\"column\">\n\t\t\t<div class=\"elementor-widget-wrap elementor-element-populated\">\n\t\t\t\t\t\t<div class=\"elementor-element elementor-element-e9378e8 elementor-widget elementor-widget-image\" data-id=\"e9378e8\" data-element_type=\"widget\" data-widget_type=\"image.default\">\n\t\t\t\t\t\t\t\t\t\t\t\t\t\t\t<img loading=\"lazy\" decoding=\"async\" width=\"128\" height=\"128\" src=\"https:\/\/www.centraldevacaciones.com\/blog\/wp-content\/uploads\/2020\/09\/avion.png\" class=\"attachment-large size-large wp-image-12734\" alt=\"\" \/>\t\t\t\t\t\t\t\t\t\t\t\t\t\t\t<\/div>\n\t\t\t\t<div class=\"elementor-element elementor-element-0949669 elementor-widget elementor-widget-heading\" data-id=\"0949669\" data-element_type=\"widget\" data-widget_type=\"heading.default\">\n\t\t\t\t\t<h3 class=\"elementor-heading-title elementor-size-default\"><a href=\"https:\/\/www.centraldevacaciones.com\/viajes\/ofertas-a-islas-baleares.html\">Viajes a las Baleares<\/a><\/h3>\t\t\t\t<\/div>\n\t\t\t\t\t<\/div>\n\t\t<\/div>\n\t\t\t\t<div class=\"elementor-column elementor-col-16 elementor-top-column elementor-element elementor-element-b39e108\" data-id=\"b39e108\" data-element_type=\"column\">\n\t\t\t<div class=\"elementor-widget-wrap elementor-element-populated\">\n\t\t\t\t\t\t<div class=\"elementor-element elementor-element-f1bbe82 elementor-widget elementor-widget-image\" data-id=\"f1bbe82\" data-element_type=\"widget\" data-widget_type=\"image.default\">\n\t\t\t\t\t\t\t\t\t\t\t\t\t\t\t<img loading=\"lazy\" decoding=\"async\" width=\"128\" height=\"128\" src=\"https:\/\/www.centraldevacaciones.com\/blog\/wp-content\/uploads\/2021\/05\/dom.png\" class=\"attachment-large size-large wp-image-12635\" alt=\"\" \/>\t\t\t\t\t\t\t\t\t\t\t\t\t\t\t<\/div>\n\t\t\t\t<div class=\"elementor-element elementor-element-6afb752 elementor-widget elementor-widget-heading\" data-id=\"6afb752\" data-element_type=\"widget\" data-widget_type=\"heading.default\">\n\t\t\t\t\t<h3 class=\"elementor-heading-title elementor-size-default\"><a href=\"https:\/\/www.centraldevacaciones.com\/viajes\/ofertas-a-mallorca.html\">Viajes a Mallorca<\/a><\/h3>\t\t\t\t<\/div>\n\t\t\t\t\t<\/div>\n\t\t<\/div>\n\t\t\t\t\t<\/div>\n\t\t<\/section>\n\t\t\t\t<section class=\"elementor-section elementor-top-section elementor-element elementor-element-190239c elementor-section-boxed elementor-section-height-default elementor-section-height-default\" data-id=\"190239c\" data-element_type=\"section\">\n\t\t\t\t\t\t<div class=\"elementor-container elementor-column-gap-default\">\n\t\t\t\t\t<div class=\"elementor-column elementor-col-100 elementor-top-column elementor-element elementor-element-7de4f3a\" data-id=\"7de4f3a\" data-element_type=\"column\">\n\t\t\t<div class=\"elementor-widget-wrap elementor-element-populated\">\n\t\t\t\t\t\t<div class=\"elementor-element elementor-element-7fec9e3 elementor-widget elementor-widget-text-editor\" data-id=\"7fec9e3\" data-element_type=\"widget\" data-widget_type=\"text-editor.default\">\n\t\t\t\t\t\t\t\t\t<p>\u00a1Disfruta este verano como el que m\u00e1s y haz realidad el sue\u00f1o que muchos otros tienen con Central de Vacaciones! Pasa unos d\u00edas de vacaciones de desconexi\u00f3n en Espa\u00f1a, concretamente en las Islas Canarias sin preocuparte de nada junto a quien m\u00e1s quieres en una estancia premium con los extras que m\u00e1s se adapten a ti. \u00a1Haz ahora tu reserva aprovechando las ofertas antes de que se agote la disponibilidad y empieza a hacer el planning de los d\u00edas de tu estancia!\u00a0<\/p>\t\t\t\t\t\t\t\t<\/div>\n\t\t\t\t\t<\/div>\n\t\t<\/div>\n\t\t\t\t\t<\/div>\n\t\t<\/section>\n\t\t\t\t<section class=\"elementor-section elementor-top-section elementor-element elementor-element-594ec69a elementor-section-full_width elementor-section-height-default elementor-section-height-default\" data-id=\"594ec69a\" data-element_type=\"section\" data-settings=\"{&quot;background_background&quot;:&quot;classic&quot;}\">\n\t\t\t\t\t\t<div class=\"elementor-container elementor-column-gap-default\">\n\t\t\t\t\t<div class=\"elementor-column elementor-col-100 elementor-top-column elementor-element elementor-element-2c53ef5f\" data-id=\"2c53ef5f\" data-element_type=\"column\">\n\t\t\t<div class=\"elementor-widget-wrap elementor-element-populated\">\n\t\t\t\t\t\t<div class=\"elementor-element elementor-element-446e8c62 elementor-widget elementor-widget-image\" data-id=\"446e8c62\" data-element_type=\"widget\" data-widget_type=\"image.default\">\n\t\t\t\t\t\t\t\t\t\t\t\t\t\t\t<img loading=\"lazy\" decoding=\"async\" width=\"800\" height=\"294\" src=\"https:\/\/www.centraldevacaciones.com\/blog\/wp-content\/uploads\/2014\/12\/Banner-Newsletter-1024x376.png\" class=\"attachment-large size-large wp-image-184640\" alt=\"\" srcset=\"https:\/\/www.centraldevacaciones.com\/blog\/wp-content\/uploads\/2014\/12\/Banner-Newsletter-1024x376.png 1024w, https:\/\/www.centraldevacaciones.com\/blog\/wp-content\/uploads\/2014\/12\/Banner-Newsletter-300x110.png 300w, https:\/\/www.centraldevacaciones.com\/blog\/wp-content\/uploads\/2014\/12\/Banner-Newsletter-768x282.png 768w, https:\/\/www.centraldevacaciones.com\/blog\/wp-content\/uploads\/2014\/12\/Banner-Newsletter-1536x564.png 1536w, https:\/\/www.centraldevacaciones.com\/blog\/wp-content\/uploads\/2014\/12\/Banner-Newsletter.png 1920w\" sizes=\"(max-width: 800px) 100vw, 800px\" \/>\t\t\t\t\t\t\t\t\t\t\t\t\t\t\t<\/div>\n\t\t\t\t<div class=\"elementor-element elementor-element-6d7742ff elementor-widget elementor-widget-shortcode\" data-id=\"6d7742ff\" data-element_type=\"widget\" data-widget_type=\"shortcode.default\">\n\t\t\t\t\t\t\t<div class=\"elementor-shortcode\">[mailerlite_form form_id=1]<\/div>\n\t\t\t\t\t\t<\/div>\n\t\t\t\t\t<\/div>\n\t\t<\/div>\n\t\t\t\t\t<\/div>\n\t\t<\/section>\n\t\t\t\t<\/div>\n\t\t","protected":false},"excerpt":{"rendered":"<p>Tras Catalu\u00f1a y Baleares, las islas Canarias son la tercera comunidad aut\u00f3noma m\u00e1s visitada por el turismo internacional (al menos, antes del episodio de Covid-19 y de este verano tan diferente). Los motivos de su innegable poder de atracci\u00f3n son de sobras conocidos: m\u00e1s de 500 playas de impresi\u00f3n \u201456 de las cuales han sido [&hellip;]<\/p>\n","protected":false},"author":3,"featured_media":8263,"comment_status":"open","ping_status":"open","sticky":false,"template":"elementor_theme","format":"standard","meta":{"_acf_changed":false,"footnotes":""},"categories":[1,4,208,207,204,205,194,200,12],"tags":[43,113,275,278,184,281],"class_list":["post-8257","post","type-post","status-publish","format-standard","has-post-thumbnail","hentry","category-vacaciones","category-espana","category-ideas-escapadas","category-ideas-viajes-invierno","category-ideas-viajes-verano","category-ideas-viajes-low-cost","category-islas-paradisiacas","category-rutas-por-espana","category-viajes","tag-canarias","tag-islas-canarias","tag-ofertas-de-viajes-a-canarias","tag-ofertas-de-viajes-a-gran-canaria","tag-viajes-baratos","tag-vuelo-y-hotel-a-canarias"],"acf":[],"_links":{"self":[{"href":"https:\/\/www.centraldevacaciones.com\/blog\/wp-json\/wp\/v2\/posts\/8257","targetHints":{"allow":["GET"]}}],"collection":[{"href":"https:\/\/www.centraldevacaciones.com\/blog\/wp-json\/wp\/v2\/posts"}],"about":[{"href":"https:\/\/www.centraldevacaciones.com\/blog\/wp-json\/wp\/v2\/types\/post"}],"author":[{"embeddable":true,"href":"https:\/\/www.centraldevacaciones.com\/blog\/wp-json\/wp\/v2\/users\/3"}],"replies":[{"embeddable":true,"href":"https:\/\/www.centraldevacaciones.com\/blog\/wp-json\/wp\/v2\/comments?post=8257"}],"version-history":[{"count":0,"href":"https:\/\/www.centraldevacaciones.com\/blog\/wp-json\/wp\/v2\/posts\/8257\/revisions"}],"wp:featuredmedia":[{"embeddable":true,"href":"https:\/\/www.centraldevacaciones.com\/blog\/wp-json\/wp\/v2\/media\/8263"}],"wp:attachment":[{"href":"https:\/\/www.centraldevacaciones.com\/blog\/wp-json\/wp\/v2\/media?parent=8257"}],"wp:term":[{"taxonomy":"category","embeddable":true,"href":"https:\/\/www.centraldevacaciones.com\/blog\/wp-json\/wp\/v2\/categories?post=8257"},{"taxonomy":"post_tag","embeddable":true,"href":"https:\/\/www.centraldevacaciones.com\/blog\/wp-json\/wp\/v2\/tags?post=8257"}],"curies":[{"name":"wp","href":"https:\/\/api.w.org\/{rel}","templated":true}]}}