{"id":821,"date":"2014-07-15T17:54:10","date_gmt":"2014-07-15T15:54:10","guid":{"rendered":"http:\/\/www.centraldevacaciones.com\/opiniones\/?p=821"},"modified":"2021-06-30T18:22:42","modified_gmt":"2021-06-30T16:22:42","slug":"dos-grandes-ofertas-para-este-verano","status":"publish","type":"post","link":"https:\/\/www.centraldevacaciones.com\/blog\/dos-grandes-ofertas-para-este-verano\/","title":{"rendered":"\u00a1Dos grandes Ofertas para este Verano!"},"content":{"rendered":"<p>Ya est\u00e1 aqu\u00ed el verano y nuestras Islas est\u00e1n  en su mejor momento. Desde <a href=\"http:\/\/www.centraldevacaciones.com\/viajes\/9\/0\/0\/0\/ofertas-a-Espana.html\">centraldevacaciones.com<\/a> te presentamos dos  grandes ofertas para dos de nuestras islas m\u00e1s espectaculares: Ibiza y  Fuerteventura.<\/p>\n<p><a href=\"http:\/\/www.centraldevacaciones.com\/opiniones\/wp-content\/uploads\/2014\/07\/IbizaFuerteventuraFB.jpg\"><img decoding=\"async\" class=\"aligncenter size-medium wp-image-822\" title=\"IbizaFuerteventuraFB\" src=\"http:\/\/www.centraldevacaciones.com\/opiniones\/wp-content\/uploads\/2014\/07\/IbizaFuerteventuraFB-300x131.jpg\" alt=\"Oferta Islas Verano 2014\" width=\"300\" height=\"131\" \/><\/a><br \/>\nVive el verano  en Ibiza. Desde 605\u20ac disfruta de la isla, de sus playas y de su animada  vida nocturna. Te ofrecemos una gran variedad de hoteles para que elijas  tu preferido. Salidas desde Madrid los d\u00edas del 1 al 24 de agosto.<\/p>\n<p>Desconecta y rel\u00e1jate en Fuerteventura. Desde solo 519 emp\u00e1pate de sol,  mar y tranquilidad. La cadena gran hotelera Princess te espera para  acogerte. Salidas desde Madrid los martes, jueves y s\u00e1bados de Agosto,  Septiembre y Octubre (martes solo hasta el 9\/9).<\/p>\n<p>Inf\u00f3rmate y  haz tu reserva. Entra en<a href=\"http:\/\/www.centraldevacaciones.com\/viajes\/9\/0\/0\/0\/ofertas-a-Espana.html\"> nuestra web<\/a> o bien ponte en contacto con uno de  nuestros agentes comerciales especializados, te ayudar\u00e1n a planificar  tus mejores vacaciones.<\/p>\n","protected":false},"excerpt":{"rendered":"<p>Ya est\u00e1 aqu\u00ed el verano y nuestras Islas est\u00e1n en su mejor momento. Desde centraldevacaciones.com te presentamos dos grandes ofertas para dos de nuestras islas m\u00e1s espectaculares: Ibiza y Fuerteventura. Vive el verano en Ibiza. Desde 605\u20ac disfruta de la isla, de sus playas y de su animada vida nocturna. Te ofrecemos una gran variedad [&hellip;]<\/p>\n","protected":false},"author":1,"featured_media":0,"comment_status":"closed","ping_status":"open","sticky":false,"template":"elementor_theme","format":"standard","meta":{"_acf_changed":false,"footnotes":""},"categories":[4,193,208,204,205,194,200,195,1,17],"tags":[],"class_list":["post-821","post","type-post","status-publish","format-standard","hentry","category-espana","category-europa","category-ideas-escapadas","category-ideas-viajes-verano","category-ideas-viajes-low-cost","category-islas-paradisiacas","category-rutas-por-espana","category-rutas-por-europa","category-vacaciones","category-viajes-por-europa"],"acf":[],"_links":{"self":[{"href":"https:\/\/www.centraldevacaciones.com\/blog\/wp-json\/wp\/v2\/posts\/821","targetHints":{"allow":["GET"]}}],"collection":[{"href":"https:\/\/www.centraldevacaciones.com\/blog\/wp-json\/wp\/v2\/posts"}],"about":[{"href":"https:\/\/www.centraldevacaciones.com\/blog\/wp-json\/wp\/v2\/types\/post"}],"author":[{"embeddable":true,"href":"https:\/\/www.centraldevacaciones.com\/blog\/wp-json\/wp\/v2\/users\/1"}],"replies":[{"embeddable":true,"href":"https:\/\/www.centraldevacaciones.com\/blog\/wp-json\/wp\/v2\/comments?post=821"}],"version-history":[{"count":0,"href":"https:\/\/www.centraldevacaciones.com\/blog\/wp-json\/wp\/v2\/posts\/821\/revisions"}],"wp:attachment":[{"href":"https:\/\/www.centraldevacaciones.com\/blog\/wp-json\/wp\/v2\/media?parent=821"}],"wp:term":[{"taxonomy":"category","embeddable":true,"href":"https:\/\/www.centraldevacaciones.com\/blog\/wp-json\/wp\/v2\/categories?post=821"},{"taxonomy":"post_tag","embeddable":true,"href":"https:\/\/www.centraldevacaciones.com\/blog\/wp-json\/wp\/v2\/tags?post=821"}],"curies":[{"name":"wp","href":"https:\/\/api.w.org\/{rel}","templated":true}]}}