{"id":8177,"date":"2020-08-06T10:38:26","date_gmt":"2020-08-06T08:38:26","guid":{"rendered":"https:\/\/www.centraldevacaciones.com\/blog\/?p=8177"},"modified":"2024-10-28T12:45:54","modified_gmt":"2024-10-28T11:45:54","slug":"mar-y-montana-este-verano-10-destinos-nacionales-que-lo-tienen-todo","status":"publish","type":"post","link":"https:\/\/www.centraldevacaciones.com\/blog\/mar-y-montana-este-verano-10-destinos-nacionales-que-lo-tienen-todo\/","title":{"rendered":"Mar y monta\u00f1a este verano: 10 destinos nacionales que lo tienen todo"},"content":{"rendered":"\t\t<div data-elementor-type=\"wp-post\" data-elementor-id=\"8177\" class=\"elementor elementor-8177\" data-elementor-post-type=\"post\">\n\t\t\t\t\t\t<section class=\"elementor-section elementor-top-section elementor-element elementor-element-3b9246ce elementor-section-boxed elementor-section-height-default elementor-section-height-default\" data-id=\"3b9246ce\" data-element_type=\"section\">\n\t\t\t\t\t\t<div class=\"elementor-container elementor-column-gap-default\">\n\t\t\t\t\t<div class=\"elementor-column elementor-col-100 elementor-top-column elementor-element elementor-element-481d2f6e\" data-id=\"481d2f6e\" data-element_type=\"column\">\n\t\t\t<div class=\"elementor-widget-wrap elementor-element-populated\">\n\t\t\t\t\t\t<div class=\"elementor-element elementor-element-75935f64 elementor-widget elementor-widget-text-editor\" data-id=\"75935f64\" data-element_type=\"widget\" data-widget_type=\"text-editor.default\">\n\t\t\t\t\t\t\t\t\t\n<p>En este verano at\u00edpico, el turismo de proximidad y sostenible<a href=\"https:\/\/www.centraldevacaciones.com\/blog\/destinos-seguros-para-este-verano-tras-el-covid-19\/\">\u00a0<\/a>\u00a0est\u00e1n siendo los protagonistas. Dos variables que nos est\u00e1n dejando escenas nunca vistas: playas sin aglomeraciones (y hasta con un sistema de reservas online), resorts sin apenas visitantes extranjeros, discotecas y <em>pubs<\/em> cerrados\u2026 Pese a todo, los destinos de costa pueden ser totalmente seguros si se siguen las indicaciones de las autoridades. Pero \u00bfqu\u00e9 ocurre con aquellos que, en cualquier caso, prefieren otras opciones, pero que viajan en compa\u00f1\u00eda de personas que buscan sol y playa? Es posible que esta situaci\u00f3n te resulte familiar, \u00bfverdad? Si es as\u00ed, no te pierdas nuestras sugerencias de lugares con mar y monta\u00f1a para este verano, con 10 destinos nacionales con propuestas para todos los gustos. \u00a1Empezamos!<\/p>\n\n<h2 class=\"wp-block-heading\">1. La Costa Brava: no solo Mediterr\u00e1neo<\/h2>\n\n<p><span style=\"font-weight: 400;\">No deber\u00eda sorprender que la Costa Brava, en la provincia de Girona, sea uno de los destinos m\u00e1s visitados de Catalu\u00f1a. Los motivos son muchos: 214 km de litoral entre las localidades de Portbou y Blanes, playas de ensue\u00f1o tachonadas de pinares y abruptos acantilados, calas de aguas cristalinas como las de Cadaqu\u00e9s o Tossa de Mar, pueblos medievales de postal, restos arqueol\u00f3gicos grecorromanos, una exquisita gastronom\u00eda marinera\u2026 \u00bfQui\u00e9n puede resistirse a este destino con mar y monta\u00f1a?<\/span><\/p>\n<p><span style=\"font-weight: 400;\">La mayor\u00eda de los<\/span><a href=\"https:\/\/www.centraldevacaciones.com\/blog\/ofertas-viajes-costa-brava\/\"> <b>hoteles en la Costa Brava<\/b><\/a><span style=\"font-weight: 400;\">, situados en municipios como L\u2019Escala, Calella de Palafrugell, Palam\u00f3s, Santa Cristina d\u2019Aro, Sant Feliu de Gu\u00edxols, Tossa de Mar o Lloret de Mar, se hallan en primera l\u00ednea de mar y junto a playas con el distintivo Bandera Azul por su calidad y servicios. Adem\u00e1s, este destino tambi\u00e9n ofrece actividades como snorkel y senderismo en sus paisajes monta\u00f1osos. Parques naturales como el Cap de Creus y el Mass\u00eds de les Gavarres invitan a explorar rutas entre acantilados, bosques mediterr\u00e1neos y miradores con vistas espectaculares.<\/span><\/p>\n<p><span style=\"font-weight: 400;\">De todos modos, unas vacaciones en la Costa Brava son mucho m\u00e1s. Es el punto de partida perfecto para explorar la hermosa <\/span><b>sierra de la Albera<\/b><span style=\"font-weight: 400;\">, que se extiende en parte por la comarca del Alt Empord\u00e0 y ha sido declarada Lugar de Importancia Comunitaria. All\u00ed podr\u00e1s descubrir el Coll de Panissars y El Pert\u00fas, una v\u00eda de paso milenaria del Pirineo y parte del tramo gerundense del <\/span><a href=\"https:\/\/reservaviajes.centraldevacaciones.com\/ES\/idea\/484529\/camino-de-santiago-ruta-norte\"><b>Camino de Santiago<\/b><\/a><span style=\"font-weight: 400;\">; monumentos megal\u00edticos, monasterios como el de Sant Quirze de Colera, la iglesia rom\u00e1nica de Santa Maria de Colera, y los castillos de Requesens y Rocabert\u00ed. Los encantadores pueblos medievales de la zona, como Pals y Peratallada, completan la experiencia cultural, aportando un toque hist\u00f3rico y pintoresco. La Costa Brava es el destino perfecto para quienes buscan la combinaci\u00f3n ideal de aventuras al aire libre, playas paradis\u00edacas y patrimonio hist\u00f3rico, todo en un mismo lugar.<\/span><\/p>\n\n<div class=\"wp-block-image\">\n<figure class=\"aligncenter\"><img fetchpriority=\"high\" decoding=\"async\" class=\"alignnone size-full wp-image-20592\" src=\"https:\/\/www.centraldevacaciones.com\/blog\/wp-content\/uploads\/2021\/11\/La-Costa-Brava.jpg\" alt=\"10 Destinos de mar y monta\u00f1a: La Costa Brava\" width=\"1024\" height=\"683\" srcset=\"https:\/\/www.centraldevacaciones.com\/blog\/wp-content\/uploads\/2021\/11\/La-Costa-Brava.jpg 1024w, https:\/\/www.centraldevacaciones.com\/blog\/wp-content\/uploads\/2021\/11\/La-Costa-Brava-300x200.jpg 300w, https:\/\/www.centraldevacaciones.com\/blog\/wp-content\/uploads\/2021\/11\/La-Costa-Brava-768x512.jpg 768w\" sizes=\"(max-width: 1024px) 100vw, 1024px\" \/><\/figure>\n<\/div>\n\n<h2 class=\"wp-block-heading\">2. La Costa Dorada: mucho m\u00e1s que playas<\/h2>\n\n<p><span style=\"font-weight: 400;\">No nos despedimos a\u00fan de Catalu\u00f1a, ya que la Costa Dorada (o Costa Daurada) es otro de los mejores destinos de mar y monta\u00f1a para este verano. Adem\u00e1s de poder relajarte en localidades costeras como Tarragona ciudad, Salou, Vila-seca o Cambrils \u2014a tan solo 3 km del spa de las termas de Montbri\u00f3 del Camp\u2014, esta costa tambi\u00e9n ofrece mucho m\u00e1s que sus extensas y doradas playas mediterr\u00e1neas. La Costa Dorada es famosa por sus arenales, pero tambi\u00e9n tiene un entorno natural y cultural impresionante que combina a la perfecci\u00f3n mar y monta\u00f1a.<\/span><\/p>\n<p><span style=\"font-weight: 400;\">A pocos kil\u00f3metros del litoral, puedes explorar las <\/span><b>monta\u00f1as de Prades<\/b><span style=\"font-weight: 400;\"> y la <\/span><b>sierra del Montsant<\/b><span style=\"font-weight: 400;\">, en el Priorat, ideales para actividades al aire libre como senderismo y ciclismo, con rutas que llevan a miradores espectaculares. En el Montsant, podr\u00e1s descubrir la hist\u00f3rica cartuja de Escaladei, la m\u00e1s antigua de la pen\u00ednsula, datada en el siglo XII, y en Prades, conocida como la \u201cVilla Roja\u201d por el color de la piedra de sus edificios, encontrar\u00e1s la fuente renacentista de la plaza Mayor. En pueblos tan fotog\u00e9nicos como Siurana, situado a 737 m de altura y con vistas al pantano, podr\u00e1s disfrutar de un entorno \u00fanico.<\/span><\/p>\n<p><span style=\"font-weight: 400;\">Un poco m\u00e1s al sur, el <\/span><b>Parque Natural dels Ports<\/b><span style=\"font-weight: 400;\"> y las <\/span><b>sierras de Cavalls y P\u00e0ndols<\/b><span style=\"font-weight: 400;\"> tambi\u00e9n son perfectos para el senderismo y el contacto con la naturaleza. Adem\u00e1s, la Costa Dorada alberga un rico patrimonio cultural: la hist\u00f3rica ciudad de Tarragona, con sus ruinas romanas declaradas Patrimonio de la Humanidad, y encantadores pueblos vin\u00edcolas en el Priorat. \u00bfPreparado\/a para tus<\/span><a href=\"https:\/\/www.centraldevacaciones.com\/blog\/ofertas-viajes-costa-dorada\/\"> <b>vacaciones en la Costa Dorada<\/b><\/a><span style=\"font-weight: 400;\">? Este destino es ideal para quienes desean disfrutar del mar y descubrir monta\u00f1as, naturaleza y cultura en un solo viaje este verano.<\/span><\/p>\n\n<figure class=\"wp-block-image\"><img decoding=\"async\" class=\"alignnone size-full wp-image-20594\" src=\"https:\/\/www.centraldevacaciones.com\/blog\/wp-content\/uploads\/2021\/11\/La-Costa-Dorada.jpg\" alt=\"10 destinos de mar y monta\u00f1a: La Costa Dorada\" width=\"1024\" height=\"683\" srcset=\"https:\/\/www.centraldevacaciones.com\/blog\/wp-content\/uploads\/2021\/11\/La-Costa-Dorada.jpg 1024w, https:\/\/www.centraldevacaciones.com\/blog\/wp-content\/uploads\/2021\/11\/La-Costa-Dorada-300x200.jpg 300w, https:\/\/www.centraldevacaciones.com\/blog\/wp-content\/uploads\/2021\/11\/La-Costa-Dorada-768x512.jpg 768w\" sizes=\"(max-width: 1024px) 100vw, 1024px\" \/><\/figure>\n\n<h2 class=\"wp-block-heading\">3. La Costa Blanca: m\u00e1s all\u00e1 de Benidorm<\/h2>\n\n<p><span style=\"font-weight: 400;\">Hablar de la Costa Blanca, en la costa de Alicante, implica referirse a la ciudad costera de Espa\u00f1a m\u00e1s conocida: Benidorm, uno de los grandes destinos tur\u00edsticos de la <\/span><a href=\"https:\/\/www.centraldevacaciones.com\/blog\/ofertas-de-viajes-en-la-playa-espana\/\"><b>costa espa\u00f1ola<\/b><\/a><span style=\"font-weight: 400;\">. En ella aguardan lugares como la ic\u00f3nica playa de Levante, el Gran Hotel Bali \u2014el m\u00e1s alto del sur de Europa\u2014 o el mirador conocido como Balc\u00f3n del Mediterr\u00e1neo. Sin embargo, unas <\/span><a href=\"https:\/\/www.centraldevacaciones.com\/blog\/ofertas-viajes-costa-blanca\/\"><span style=\"font-weight: 400;\">\u00a0<\/span><b>vacaciones en la Costa Blanca<\/b><\/a><span style=\"font-weight: 400;\"> es mucho m\u00e1s que Benidorm, ofreciendo una combinaci\u00f3n \u00fanica de playas paradis\u00edacas y paisajes monta\u00f1osos perfectos para los amantes de la naturaleza.<\/span><\/p>\n<p><span style=\"font-weight: 400;\">Adem\u00e1s de sus conocidas playas de arena dorada y aguas turquesas, como las de J\u00e1vea o Calpe, la Costa Blanca esconde un tesoro natural en su interior. Si te gusta el trekking, podr\u00e1s explorar enclaves como la <\/span><b>sierra de Mariola, la Sierra de Aitana o el Parque Natural del Montg\u00f3<\/b><span style=\"font-weight: 400;\">, que ofrecen rutas de senderismo y ciclismo con vistas panor\u00e1micas al Mediterr\u00e1neo y una rica biodiversidad. \u00bfPrefieres la bicicleta? La Costa Blanca es un destino ideal para ciclistas, con rutas que incluyen puertos de monta\u00f1a como <\/span><b>la Carrasqueta, el Coll de Rates o el Xorret de Cat\u00ed<\/b><span style=\"font-weight: 400;\">, adem\u00e1s de opciones como el <\/span><b>Pe\u00f1\u00f3n de Ifach y la Sierra de Aitana.<\/b><\/p>\n<p><span style=\"font-weight: 400;\">Para quienes buscan una experiencia m\u00e1s tranquila y aut\u00e9ntica, pueblos como Altea, con sus calles empedradas y casas blancas, o Guadalest, enclavado en lo alto de una monta\u00f1a, aportan el encanto tradicional de la regi\u00f3n. La Costa Blanca es el destino ideal para quienes desean disfrutar del sol y el mar, pero tambi\u00e9n explorar la belleza natural y cultural m\u00e1s all\u00e1 de las zonas tur\u00edsticas. Naturaleza en may\u00fasculas y una oferta que combina mar y monta\u00f1a\u2026 \u00a1te costar\u00e1 decidirte!<\/span><\/p>\n\n<div class=\"wp-block-image\">\n<figure class=\"aligncenter\"><img decoding=\"async\" class=\"alignnone size-full wp-image-20595\" src=\"https:\/\/www.centraldevacaciones.com\/blog\/wp-content\/uploads\/2021\/11\/La-Costa-Blanca.jpg\" alt=\"10 destinos de mar y monta\u00f1a: La Costa Blanca\" width=\"1024\" height=\"683\" srcset=\"https:\/\/www.centraldevacaciones.com\/blog\/wp-content\/uploads\/2021\/11\/La-Costa-Blanca.jpg 1024w, https:\/\/www.centraldevacaciones.com\/blog\/wp-content\/uploads\/2021\/11\/La-Costa-Blanca-300x200.jpg 300w, https:\/\/www.centraldevacaciones.com\/blog\/wp-content\/uploads\/2021\/11\/La-Costa-Blanca-768x512.jpg 768w\" sizes=\"(max-width: 1024px) 100vw, 1024px\" \/><\/figure>\n<\/div>\n\n<h2 class=\"wp-block-heading\">4. La Costa C\u00e1lida: Murcia al completo<\/h2>\n\n<p><span style=\"font-weight: 400;\">\u00bfQu\u00e9 te parecer\u00eda regalarte un <\/span><a href=\"https:\/\/www.centraldevacaciones.com\/blog\/ofertas-viajes-costa-calida\/\"><b>viaje a la Costa C\u00e1lida<\/b><\/a><span style=\"font-weight: 400;\"> este verano? Sabia elecci\u00f3n: adem\u00e1s de encontrar playas tan seductoras como las de Los Alc\u00e1zares, La Manga del Mar Menor, \u00c1guilas o Mazarr\u00f3n, la Regi\u00f3n de Murcia tambi\u00e9n es ideal para el turismo rural y para descubrir algunos de los mejores paisajes de monta\u00f1a de Espa\u00f1a. Con m\u00e1s de 250 kil\u00f3metros de litoral ba\u00f1ado por el Mediterr\u00e1neo y el Mar Menor, la Costa C\u00e1lida ofrece playas para todos los gustos, desde calas tranquilas como las de Calblanque hasta las populares aguas de La Manga.<\/span><\/p>\n<p><span style=\"font-weight: 400;\">Para quienes buscan monta\u00f1a, basta con desplazarse a la preciosa <\/span><b>sierra de Espu\u00f1a<\/b><span style=\"font-weight: 400;\">, situada a apenas unos kil\u00f3metros de la ciudad de Murcia y a 50 km de la costa. Esta cordillera de roca caliza, que alcanza los 1.583 m de altitud en su cota m\u00e1s elevada, destaca por sus curiosas formaciones k\u00e1rsticas y brinda excelentes rutas de senderismo y actividades al aire libre. Otra opci\u00f3n para los amantes del senderismo es organizar una excursi\u00f3n por la <\/span><b>sierra del Molino<\/b><span style=\"font-weight: 400;\">, en las estribaciones del municipio de Calasparra, famoso tambi\u00e9n por su excelente arroz.<\/span><\/p>\n<p><span style=\"font-weight: 400;\">Adem\u00e1s, Murcia es rica en patrimonio hist\u00f3rico y cultural, con ciudades como Cartagena, reconocida por su legado romano, y encantadores pueblos rurales que completan la experiencia. La Costa C\u00e1lida combina lo mejor del Mediterr\u00e1neo y la naturaleza, ofreciendo una experiencia completa de playa, monta\u00f1a y cultura para disfrutar de unas vacaciones perfectas.<\/span><\/p>\n\n<div class=\"wp-block-image\">\n<figure class=\"aligncenter\"><img loading=\"lazy\" decoding=\"async\" class=\"alignnone size-full wp-image-20596\" src=\"https:\/\/www.centraldevacaciones.com\/blog\/wp-content\/uploads\/2021\/11\/La-Costa-calida.jpg\" alt=\"10 destinos de mar y monta\u00f1a: La Costa C\u00e1lida\" width=\"1024\" height=\"634\" srcset=\"https:\/\/www.centraldevacaciones.com\/blog\/wp-content\/uploads\/2021\/11\/La-Costa-calida.jpg 1024w, https:\/\/www.centraldevacaciones.com\/blog\/wp-content\/uploads\/2021\/11\/La-Costa-calida-300x186.jpg 300w, https:\/\/www.centraldevacaciones.com\/blog\/wp-content\/uploads\/2021\/11\/La-Costa-calida-768x476.jpg 768w\" sizes=\"(max-width: 1024px) 100vw, 1024px\" \/><\/figure>\n<\/div>\n\n<h2 class=\"wp-block-heading\">5. Granada: de Sierra Nevada a la Costa Tropical\u00a0<\/h2>\n\n<p><span style=\"font-weight: 400;\">Llega el momento de referirse a Andaluc\u00eda y a uno de sus tramos litorales m\u00e1s tranquilos: la Costa Tropical. All\u00ed tienes destinos de playa tan soleados y apacibles como Motril, Salobre\u00f1a o Almu\u00f1\u00e9car, que gozan de un microclima que permite disfrutar de sus playas pr\u00e1cticamente todo el a\u00f1o. Cualquiera de ellos es un lugar perfecto para hacer una escapada a Granada, una provincia que lo tiene todo para unas vacaciones de mar y monta\u00f1a.<\/span><\/p>\n<p><span style=\"font-weight: 400;\">Granada ofrece un contraste \u00fanico entre las cumbres nevadas de Sierra Nevada y las c\u00e1lidas playas de la Costa Tropical. En menos de una hora, puedes pasar de practicar senderismo o ciclismo en los espectaculares paisajes monta\u00f1osos de Sierra Nevada a disfrutar del sol y las aguas cristalinas de Almu\u00f1\u00e9car o Salobre\u00f1a. Adem\u00e1s, <\/span><b>Sierra Nevada<\/b><span style=\"font-weight: 400;\"> es un para\u00edso para los amantes de la naturaleza, declarada Reserva de la Biosfera por la UNESCO, y alberga el Mulhac\u00e9n, el pico m\u00e1s alto de la pen\u00ednsula ib\u00e9rica, a 3.479 m sobre el nivel del mar, ideal para los aventureros.<\/span><\/p>\n<p><span style=\"font-weight: 400;\">Granada tambi\u00e9n hechiza por su ciudad monumental, con la majestuosa Alhambra y los barrios \u00fanicos del Albaic\u00edn y el Sacromonte. Este destino combina a la perfecci\u00f3n la tranquilidad de la monta\u00f1a con el encanto del Mediterr\u00e1neo, haciendo de Granada un lugar incomparable para unas vacaciones completas. \u00bfEst\u00e1s listo\/a para viajar hasta all\u00ed?<\/span><\/p>\n\n<div class=\"wp-block-image\">\n<figure class=\"aligncenter\"><img loading=\"lazy\" decoding=\"async\" class=\"alignnone size-full wp-image-20597\" src=\"https:\/\/www.centraldevacaciones.com\/blog\/wp-content\/uploads\/2021\/11\/De-Sierra-Nevada-a-la-Costa-Tropical.jpg\" alt=\"10 destinos de mar y monta\u00f1a\" width=\"1024\" height=\"631\" srcset=\"https:\/\/www.centraldevacaciones.com\/blog\/wp-content\/uploads\/2021\/11\/De-Sierra-Nevada-a-la-Costa-Tropical.jpg 1024w, https:\/\/www.centraldevacaciones.com\/blog\/wp-content\/uploads\/2021\/11\/De-Sierra-Nevada-a-la-Costa-Tropical-300x185.jpg 300w, https:\/\/www.centraldevacaciones.com\/blog\/wp-content\/uploads\/2021\/11\/De-Sierra-Nevada-a-la-Costa-Tropical-768x473.jpg 768w\" sizes=\"(max-width: 1024px) 100vw, 1024px\" \/><\/figure>\n<\/div>\n\n<h2 class=\"wp-block-heading\">6. Descubre los secretos de la Costa del Sol<\/h2>\n\n<p><span style=\"font-weight: 400;\">\u00bfHace un <\/span><a href=\"https:\/\/www.centraldevacaciones.com\/blog\/ofertas-viajes-costa-del-sol\/\"><b>viaje a la Costa del Sol <\/b><span style=\"font-weight: 400;\">entre el mar y la monta\u00f1a<\/span><\/a><span style=\"font-weight: 400;\">? Destinos como Benalm\u00e1dena, Estepona, Marbella, Mijas, Nerja, Torremolinos o Torrox son todo un cl\u00e1sico para aprovechar el verano y las playas de M\u00e1laga, con kil\u00f3metros de litoral que van desde las arenas doradas de Torremolinos hasta las calas escondidas de Nerja, ideales para disfrutar de d\u00edas de sol y mar. No obstante, esta es tambi\u00e9n la excusa perfecta para explorar una provincia cuya orograf\u00eda ofrece muchas m\u00e1s sorpresas.<\/span><\/p>\n<p><span style=\"font-weight: 400;\">A pocos kil\u00f3metros tierra adentro, encontrar\u00e1s la impresionante Sierra de las Nieves y la Sierra de Mijas, con rutas de senderismo que te llevar\u00e1n a descubrir paisajes monta\u00f1osos sorprendentes y vistas panor\u00e1micas al Mediterr\u00e1neo. Adem\u00e1s, el paraje del <\/span><b>Torcal de Antequera<\/b><span style=\"font-weight: 400;\">, considerado uno de los paisajes k\u00e1rsticos m\u00e1s espectaculares de Europa, invita a recorrer sus senderos y observar su fauna y vegetaci\u00f3n \u00fanicas. Y para los amantes de la aventura, el famoso <\/span><b>Caminito del Rey<\/b><span style=\"font-weight: 400;\">, un sobrecogedor circuito de pasarelas entre precipicios, ofrece una experiencia inolvidable para quienes se atrevan a recorrer sus 3 km suspendidos en altura.<\/span><\/p>\n<p><span style=\"font-weight: 400;\">Los pueblos blancos de la zona, como Mijas o Frigiliana, aportan una mezcla de historia, cultura y tradici\u00f3n andaluza en entornos naturales. La Costa del Sol es un destino completo, donde puedes relajarte en la playa por la ma\u00f1ana y explorar monta\u00f1as o pintorescos pueblos por la tarde, haciendo de cada d\u00eda una experiencia inolvidable. \u00bfPodr\u00e1s elegir entre tantas playas y monta\u00f1as?<\/span><\/p>\n\n<div class=\"wp-block-image\">\n<figure class=\"aligncenter\"><img loading=\"lazy\" decoding=\"async\" class=\"alignnone wp-image-20598 size-full\" src=\"https:\/\/www.centraldevacaciones.com\/blog\/wp-content\/uploads\/2021\/11\/La-Costa-del-Sol.jpg\" alt=\"10 destinos de mar y monta\u00f1a: Murcia al completo\" width=\"1024\" height=\"768\" srcset=\"https:\/\/www.centraldevacaciones.com\/blog\/wp-content\/uploads\/2021\/11\/La-Costa-del-Sol.jpg 1024w, https:\/\/www.centraldevacaciones.com\/blog\/wp-content\/uploads\/2021\/11\/La-Costa-del-Sol-300x225.jpg 300w, https:\/\/www.centraldevacaciones.com\/blog\/wp-content\/uploads\/2021\/11\/La-Costa-del-Sol-768x576.jpg 768w\" sizes=\"(max-width: 1024px) 100vw, 1024px\" \/><\/figure>\n<\/div>\n\n<h2 class=\"wp-block-heading\">7. Cantabria: el destino infinito<\/h2>\n\n<p><span style=\"font-weight: 400;\">Un conocido eslogan publicitario afirma que Cantabria es infinita. Basta con una <\/span><a href=\"https:\/\/www.centraldevacaciones.com\/blog\/costa-de-cantabria\/\"><b>escapada a la costa de Cantabria<\/b><\/a><span style=\"font-weight: 400;\"> para comprobar que encontrar\u00e1s paisajes de mar y monta\u00f1a hasta decir basta. A orillas del mar Cant\u00e1brico, podr\u00e1s aparcar los problemas en localidades costeras como Suances, Santo\u00f1a, Laredo o la capital de la regi\u00f3n, Santander, y en pueblos tan m\u00e1gicos como San Vicente de la Barquera o Comillas, que alberga uno de los escasos edificios de Antoni Gaud\u00ed fuera de Catalu\u00f1a. Adem\u00e1s, Cantabria cuenta con playas espectaculares como las de Somo, donde las olas del Cant\u00e1brico y los impresionantes acantilados crean paisajes \u00fanicos.<\/span><\/p>\n<p><span style=\"font-weight: 400;\">Cantabria no es solo mar. A pocos kil\u00f3metros del litoral, puedes adentrarte en la majestuosidad de los Picos de Europa o explorar los valles verdes de Li\u00e9bana, donde el senderismo y las rutas a pie o en bicicleta te conectan con la naturaleza en su estado m\u00e1s puro. Tambi\u00e9n vale la pena hacer excursiones a villas de interior como Santillana del Mar, con su belleza medieval, o Potes, dos aut\u00e9nticas maravillas en piedra. El <\/span><b>Parque Nacional de los<\/b> <b>Picos de Europa<\/b><span style=\"font-weight: 400;\"> ofrece infinidad de rutas de senderismo, y en <\/span><b>Fuente D\u00e9<\/b><span style=\"font-weight: 400;\">, podr\u00e1s tomar el funicular y disfrutar de unas vistas de impresi\u00f3n.<\/span><\/p>\n<p><span style=\"font-weight: 400;\">La riqueza hist\u00f3rica y cultural de Cantabria, con sitios como la famosa cueva de Altamira, hacen de esta regi\u00f3n un destino completo y diverso. Desde playas hasta monta\u00f1as, Cantabria ofrece una experiencia infinita para quienes buscan aventura, relax y cultura en un solo lugar.<\/span><\/p>\n\n<div class=\"wp-block-image\">\n<figure class=\"aligncenter\"><img loading=\"lazy\" decoding=\"async\" class=\"alignnone size-full wp-image-20599\" src=\"https:\/\/www.centraldevacaciones.com\/blog\/wp-content\/uploads\/2021\/11\/Cantabria.jpg\" alt=\"10 destinos de mar y monta\u00f1a: Cantabria\" width=\"1024\" height=\"683\" srcset=\"https:\/\/www.centraldevacaciones.com\/blog\/wp-content\/uploads\/2021\/11\/Cantabria.jpg 1024w, https:\/\/www.centraldevacaciones.com\/blog\/wp-content\/uploads\/2021\/11\/Cantabria-300x200.jpg 300w, https:\/\/www.centraldevacaciones.com\/blog\/wp-content\/uploads\/2021\/11\/Cantabria-768x512.jpg 768w\" sizes=\"(max-width: 1024px) 100vw, 1024px\" \/><\/figure>\n<\/div>\n\n<h2 class=\"wp-block-heading\">8. La Costa Verde: Asturias en tus manos<\/h2>\n\n<p><span style=\"font-weight: 400;\">Cantabria no es la \u00fanica comunidad aut\u00f3noma que puede presumir de los <\/span><b>Picos de Europa<\/b><span style=\"font-weight: 400;\">: otro tanto podr\u00eda decirse del Principado de Asturias, que, junto con el norte de la provincia de Le\u00f3n (Castilla y Le\u00f3n), tambi\u00e9n alberga este imponente sistema monta\u00f1oso. Su lugar m\u00e1s ic\u00f3nico en tierras asturianas son los famosos<\/span><b> lagos de Covadonga<\/b><span style=\"font-weight: 400;\">, el Enol y el Ercina, de origen glaciar. Sin embargo, si te gusta el trekking, lo mejor es aventurarse por la m\u00edtica <\/span><b>Ruta del Cares<\/b><span style=\"font-weight: 400;\">, entre Asturias y Le\u00f3n, donde disfrutar\u00e1s de algunos de los paisajes monta\u00f1osos m\u00e1s bonitos de Espa\u00f1a.<\/span><\/p>\n<p><span style=\"font-weight: 400;\">\u00bfQuieres que tus viajes de mar y monta\u00f1a no te alejen del Cant\u00e1brico? No hay problema: con unas <\/span><a href=\"https:\/\/www.centraldevacaciones.com\/blog\/costa-verde\/\"><b>vacaciones en la Costa Verde<\/b><\/a><span style=\"font-weight: 400;\">, podr\u00e1s relajarte en las mejores playas, como las de Llanes, Gij\u00f3n, Muros del Nal\u00f3n o la salvaje playa del Silencio, e incluso en lugares \u00fanicos como la playa de Gulpiyuri, una playa interior rodeada de verdes prados. Asturias ofrece peque\u00f1os pueblos pesqueros con encanto, como Cudillero o Lastres, que destacan por su autenticidad y tradici\u00f3n.<\/span><\/p>\n<p><span style=\"font-weight: 400;\">Adem\u00e1s, no puedes dejar de visitar Oviedo, la capital auton\u00f3mica, famosa por su arquitectura prerrom\u00e1nica y su riqueza cultural. La Costa Verde es un destino que lo tiene todo: desde playas de ensue\u00f1o hasta monta\u00f1as imponentes, ideal para quienes buscan disfrutar de la belleza de Asturias en su m\u00e1ximo esplendor, combinando naturaleza, cultura y sabor en un solo viaje.<\/span><\/p>\n\n<div class=\"wp-block-image\">\n<figure class=\"aligncenter\"><img loading=\"lazy\" decoding=\"async\" class=\"alignnone size-full wp-image-20600\" src=\"https:\/\/www.centraldevacaciones.com\/blog\/wp-content\/uploads\/2021\/11\/La-Costa-Verde.jpg\" alt=\"10 destinos de mar y monta\u00f1a: La Costa Verde\" width=\"1024\" height=\"683\" srcset=\"https:\/\/www.centraldevacaciones.com\/blog\/wp-content\/uploads\/2021\/11\/La-Costa-Verde.jpg 1024w, https:\/\/www.centraldevacaciones.com\/blog\/wp-content\/uploads\/2021\/11\/La-Costa-Verde-300x200.jpg 300w, https:\/\/www.centraldevacaciones.com\/blog\/wp-content\/uploads\/2021\/11\/La-Costa-Verde-768x512.jpg 768w\" sizes=\"(max-width: 1024px) 100vw, 1024px\" \/><\/figure>\n<\/div>\n\n<h2 class=\"wp-block-heading\">9. Mallorca: la magia de la sierra de Tramuntana<\/h2>\n\n<p><span style=\"font-weight: 400;\">Tus vacaciones de mar y monta\u00f1a en Espa\u00f1a no tienen por qu\u00e9 ser en la pen\u00ednsula ib\u00e9rica. Toma un ferry o un <\/span><a href=\"https:\/\/www.centraldevacaciones.com\/viajes\/ofertas-a-mallorca.html\"><b>vuelo a Mallorca<\/b><\/a><span style=\"font-weight: 400;\">, la mayor de las islas Baleares y uno de los principales destinos de playa y monta\u00f1a del pa\u00eds. Di adi\u00f3s a las preocupaciones en sus m\u00e1s de 300 playas y calas de aguas cristalinas, como Cala Dei\u00e0 o Cala Tuent, repartidas por sus 555 km de costa. Visita la capital, Palma de Mallorca, o n\u00facleos tur\u00edsticos junto al Mediterr\u00e1neo, como Port d\u2019Alc\u00fadia, Cala d\u2019Or, Calvi\u00e0 o Port d\u2019Andratx.<\/span><\/p>\n<p><span style=\"font-weight: 400;\">Pero si lo tuyo es la monta\u00f1a, dedica tiempo a conocer la <\/span><b>Sierra de Tramuntana<\/b><span style=\"font-weight: 400;\">, declarada Patrimonio de la Humanidad por la UNESCO en 2011. Con paisajes abruptos, rutas de senderismo como el Cam\u00ed de s&#8217;Arxiduc y encantadores pueblos de monta\u00f1a como Dei\u00e0, Valldemossa y S\u00f3ller \u2014un pintoresco pueblo rodeado de plantaciones de \u00e1rboles frutales y un tren de \u00e9poca a\u00fan en funcionamiento\u2014, la Tramuntana es ideal para quienes buscan una combinaci\u00f3n de naturaleza y aventura. Adem\u00e1s, en el este de la isla, ser\u00e1s testigo del encanto de la <\/span><b>sierra de Llevant<\/b><span style=\"font-weight: 400;\">, un enclave perfecto para practicar ciclismo.<\/span><\/p>\n<p><span style=\"font-weight: 400;\">Mallorca no solo ofrece un Mediterr\u00e1neo espectacular, sino tambi\u00e9n la oportunidad de explorar valles y monta\u00f1as llenos de historia, cultura y vistas inigualables. Este destino es el equilibrio perfecto entre mar y monta\u00f1a, con una magia que lo convierte en un lugar imperdible para tus vacaciones de verano.<\/span><\/p>\n\n<div class=\"wp-block-image\">\n<figure class=\"aligncenter\"><img loading=\"lazy\" decoding=\"async\" class=\"alignnone size-full wp-image-20601\" src=\"https:\/\/www.centraldevacaciones.com\/blog\/wp-content\/uploads\/2021\/11\/Cala-en-Mallorca.jpg\" alt=\"10 destinos de mar y monta\u00f1a: Mallorca\" width=\"1024\" height=\"683\" srcset=\"https:\/\/www.centraldevacaciones.com\/blog\/wp-content\/uploads\/2021\/11\/Cala-en-Mallorca.jpg 1024w, https:\/\/www.centraldevacaciones.com\/blog\/wp-content\/uploads\/2021\/11\/Cala-en-Mallorca-300x200.jpg 300w, https:\/\/www.centraldevacaciones.com\/blog\/wp-content\/uploads\/2021\/11\/Cala-en-Mallorca-768x512.jpg 768w\" sizes=\"(max-width: 1024px) 100vw, 1024px\" \/><\/figure>\n<\/div>\n\n<h2 class=\"wp-block-heading\">10. Tenerife: de la playa de Los Cristianos al Teide<\/h2>\n\n<p><span style=\"font-weight: 400;\">Finalizamos nuestra lista de propuestas de mar y monta\u00f1a en el otro gran archipi\u00e9lago espa\u00f1ol: las islas Canarias. Y en concreto, con unas <\/span><a href=\"https:\/\/www.centraldevacaciones.com\/viajes\/ofertas-a-tenerife.html\"><b>vacaciones en Tenerife<\/b><\/a><span style=\"font-weight: 400;\">, su isla m\u00e1s poblada y un acierto para quienes busquen lugares llenos de contrastes. Sin obviar playas como Los Cristianos, con su arena dorada y aguas tranquilas, ideal para disfrutar del sol y practicar deportes acu\u00e1ticos, Tenerife tambi\u00e9n cuenta con otras playas destacadas como Las Teresitas, apodada el \u00abCaribe canario\u00bb, o Las Am\u00e9ricas, famosa por su animada vida nocturna, adem\u00e1s de playas naturales como Masca o Monta\u00f1a Pelada.<\/span><\/p>\n<p><span style=\"font-weight: 400;\">Pero Tenerife no debe solo su atractivo a sus playas; sus monta\u00f1as tambi\u00e9n son parte fundamental de su encanto, en especial el <\/span><b>Parque Nacional del Teide<\/b><span style=\"font-weight: 400;\">, incorporado al Patrimonio de la Humanidad en 2007 y hogar del volc\u00e1n Teide, el pico m\u00e1s alto de Espa\u00f1a, con 3.718 m de altura. Este majestuoso volc\u00e1n ofrece rutas de senderismo por paisajes lunares y miradores con vistas panor\u00e1micas impresionantes. Adem\u00e1s, el parque es un lugar ideal para observar las estrellas, siendo uno de los cielos m\u00e1s limpios del hemisferio norte.<\/span><\/p>\n<p><span style=\"font-weight: 400;\">Tenerife tambi\u00e9n ofrece una biodiversidad \u00fanica y peque\u00f1os pueblos con encanto, como Garachico y La Orotava, que a\u00f1aden un toque cultural y pintoresco al viaje. Esta isla combina playas paradis\u00edacas con aventuras en la monta\u00f1a, haciendo de Tenerife un destino completo para disfrutar de unas vacaciones inolvidables.<\/span><\/p>\n\n<p>\u00bfA qu\u00e9 est\u00e1s esperando? Si buscas destino de mar y monta\u00f1a para este verano, o para cuando desees, consulta nuestras ofertas, elige tu apartamento u hotel y el n\u00famero de noche que desees y haz la maleta. Con Central de Vacaciones, escaparte a precios incre\u00edbles est\u00e1 en tu mano. \u00a1Compru\u00e9balo!<\/p>\n\n<div class=\"wp-block-image\">\n<figure class=\"aligncenter\"><img loading=\"lazy\" decoding=\"async\" class=\"alignnone size-full wp-image-20602\" src=\"https:\/\/www.centraldevacaciones.com\/blog\/wp-content\/uploads\/2021\/11\/Tenerife.jpg\" alt=\"10 destinos de mar y monta\u00f1a: Tenerife\" width=\"1024\" height=\"683\" srcset=\"https:\/\/www.centraldevacaciones.com\/blog\/wp-content\/uploads\/2021\/11\/Tenerife.jpg 1024w, https:\/\/www.centraldevacaciones.com\/blog\/wp-content\/uploads\/2021\/11\/Tenerife-300x200.jpg 300w, https:\/\/www.centraldevacaciones.com\/blog\/wp-content\/uploads\/2021\/11\/Tenerife-768x512.jpg 768w\" sizes=\"(max-width: 1024px) 100vw, 1024px\" \/><\/figure>\n<\/div>\n\t\t\t\t\t\t\t\t<\/div>\n\t\t\t\t\t<\/div>\n\t\t<\/div>\n\t\t\t\t\t<\/div>\n\t\t<\/section>\n\t\t\t\t<section class=\"elementor-section elementor-top-section elementor-element elementor-element-987227e elementor-section-boxed elementor-section-height-default elementor-section-height-default\" data-id=\"987227e\" data-element_type=\"section\">\n\t\t\t\t\t\t<div class=\"elementor-container elementor-column-gap-custom\">\n\t\t\t\t\t<div class=\"elementor-column elementor-col-16 elementor-top-column elementor-element elementor-element-333c2a1e\" data-id=\"333c2a1e\" data-element_type=\"column\">\n\t\t\t<div class=\"elementor-widget-wrap elementor-element-populated\">\n\t\t\t\t\t\t<div class=\"elementor-element elementor-element-5d01b849 elementor-widget elementor-widget-image\" data-id=\"5d01b849\" data-element_type=\"widget\" data-widget_type=\"image.default\">\n\t\t\t\t\t\t\t\t\t\t\t\t\t\t\t<img loading=\"lazy\" decoding=\"async\" width=\"128\" height=\"128\" src=\"https:\/\/www.centraldevacaciones.com\/blog\/wp-content\/uploads\/2021\/05\/dom.png\" class=\"attachment-large size-large wp-image-12635\" alt=\"\" \/>\t\t\t\t\t\t\t\t\t\t\t\t\t\t\t<\/div>\n\t\t\t\t<div class=\"elementor-element elementor-element-3e08c01a elementor-widget elementor-widget-heading\" data-id=\"3e08c01a\" data-element_type=\"widget\" data-widget_type=\"heading.default\">\n\t\t\t\t\t<h3 class=\"elementor-heading-title elementor-size-default\"><a href=\"https:\/\/www.centraldevacaciones.com\/viajes\/\">Ofertas vacacionales<\/a><\/h3>\t\t\t\t<\/div>\n\t\t\t\t\t<\/div>\n\t\t<\/div>\n\t\t\t\t<div class=\"elementor-column elementor-col-16 elementor-top-column elementor-element elementor-element-6aaa5335\" data-id=\"6aaa5335\" data-element_type=\"column\">\n\t\t\t<div class=\"elementor-widget-wrap elementor-element-populated\">\n\t\t\t\t\t\t<div class=\"elementor-element elementor-element-155f67f5 elementor-widget elementor-widget-image\" data-id=\"155f67f5\" data-element_type=\"widget\" data-widget_type=\"image.default\">\n\t\t\t\t\t\t\t\t\t\t\t\t\t\t\t<img loading=\"lazy\" decoding=\"async\" width=\"128\" height=\"128\" src=\"https:\/\/www.centraldevacaciones.com\/blog\/wp-content\/uploads\/2021\/05\/camas.png\" class=\"attachment-large size-large wp-image-12637\" alt=\"\" \/>\t\t\t\t\t\t\t\t\t\t\t\t\t\t\t<\/div>\n\t\t\t\t<div class=\"elementor-element elementor-element-75eb2247 elementor-widget elementor-widget-heading\" data-id=\"75eb2247\" data-element_type=\"widget\" data-widget_type=\"heading.default\">\n\t\t\t\t\t<h3 class=\"elementor-heading-title elementor-size-default\"><a href=\"https:\/\/www.centraldevacaciones.com\/blog\/hoteles-de-ciudad\/\">Ofertas hoteles<\/a><\/h3>\t\t\t\t<\/div>\n\t\t\t\t\t<\/div>\n\t\t<\/div>\n\t\t\t\t<div class=\"elementor-column elementor-col-16 elementor-top-column elementor-element elementor-element-1f4d288c\" data-id=\"1f4d288c\" data-element_type=\"column\">\n\t\t\t<div class=\"elementor-widget-wrap elementor-element-populated\">\n\t\t\t\t\t\t<div class=\"elementor-element elementor-element-59a3a1ab elementor-widget elementor-widget-image\" data-id=\"59a3a1ab\" data-element_type=\"widget\" data-widget_type=\"image.default\">\n\t\t\t\t\t\t\t\t\t\t\t\t\t\t\t<img loading=\"lazy\" decoding=\"async\" width=\"128\" height=\"128\" src=\"https:\/\/www.centraldevacaciones.com\/blog\/wp-content\/uploads\/2021\/05\/avion-1.png\" class=\"attachment-large size-large wp-image-12639\" alt=\"\" \/>\t\t\t\t\t\t\t\t\t\t\t\t\t\t\t<\/div>\n\t\t\t\t<div class=\"elementor-element elementor-element-3ecb6ddb elementor-widget elementor-widget-heading\" data-id=\"3ecb6ddb\" data-element_type=\"widget\" data-widget_type=\"heading.default\">\n\t\t\t\t\t<h3 class=\"elementor-heading-title elementor-size-default\"><a href=\"https:\/\/www.centraldevacaciones.com\/blog\/destinos-vacaciones\/\">Mejores destinos<\/a><\/h3>\t\t\t\t<\/div>\n\t\t\t\t\t<\/div>\n\t\t<\/div>\n\t\t\t\t<div class=\"elementor-column elementor-col-16 elementor-top-column elementor-element elementor-element-5cff69a7\" data-id=\"5cff69a7\" data-element_type=\"column\">\n\t\t\t<div class=\"elementor-widget-wrap elementor-element-populated\">\n\t\t\t\t\t\t<div class=\"elementor-element elementor-element-3b33dddd elementor-widget elementor-widget-image\" data-id=\"3b33dddd\" data-element_type=\"widget\" data-widget_type=\"image.default\">\n\t\t\t\t\t\t\t\t\t\t\t\t\t\t\t<img loading=\"lazy\" decoding=\"async\" width=\"128\" height=\"128\" src=\"https:\/\/www.centraldevacaciones.com\/blog\/wp-content\/uploads\/2021\/05\/cama-solar.png\" class=\"attachment-large size-large wp-image-12640\" alt=\"\" \/>\t\t\t\t\t\t\t\t\t\t\t\t\t\t\t<\/div>\n\t\t\t\t<div class=\"elementor-element elementor-element-46de78c elementor-widget elementor-widget-heading\" data-id=\"46de78c\" data-element_type=\"widget\" data-widget_type=\"heading.default\">\n\t\t\t\t\t<h3 class=\"elementor-heading-title elementor-size-default\"><a href=\"https:\/\/www.centraldevacaciones.com\/blog\/ofertas-circuitos\/\">Circuitos vacacionales<\/a><\/h3>\t\t\t\t<\/div>\n\t\t\t\t\t<\/div>\n\t\t<\/div>\n\t\t\t\t<div class=\"elementor-column elementor-col-16 elementor-top-column elementor-element elementor-element-639a588c\" data-id=\"639a588c\" data-element_type=\"column\">\n\t\t\t<div class=\"elementor-widget-wrap elementor-element-populated\">\n\t\t\t\t\t\t<div class=\"elementor-element elementor-element-1651043b elementor-widget elementor-widget-image\" data-id=\"1651043b\" data-element_type=\"widget\" data-widget_type=\"image.default\">\n\t\t\t\t\t\t\t\t\t\t\t\t\t\t\t<img loading=\"lazy\" decoding=\"async\" width=\"128\" height=\"128\" src=\"https:\/\/www.centraldevacaciones.com\/blog\/wp-content\/uploads\/2021\/05\/en-todo-el-mundo.png\" class=\"attachment-large size-large wp-image-12641\" alt=\"\" \/>\t\t\t\t\t\t\t\t\t\t\t\t\t\t\t<\/div>\n\t\t\t\t<div class=\"elementor-element elementor-element-131079cb elementor-widget elementor-widget-heading\" data-id=\"131079cb\" data-element_type=\"widget\" data-widget_type=\"heading.default\">\n\t\t\t\t\t<h3 class=\"elementor-heading-title elementor-size-default\"><a href=\"https:\/\/www.centraldevacaciones.com\/blog\/vuelo-hotel\/\">Vuelo + hotel <\/a><\/h3>\t\t\t\t<\/div>\n\t\t\t\t\t<\/div>\n\t\t<\/div>\n\t\t\t\t<div class=\"elementor-column elementor-col-16 elementor-top-column elementor-element elementor-element-5f5a1f24\" data-id=\"5f5a1f24\" data-element_type=\"column\">\n\t\t\t<div class=\"elementor-widget-wrap elementor-element-populated\">\n\t\t\t\t\t\t<div class=\"elementor-element elementor-element-2e3e8ae8 elementor-widget elementor-widget-image\" data-id=\"2e3e8ae8\" data-element_type=\"widget\" data-widget_type=\"image.default\">\n\t\t\t\t\t\t\t\t\t\t\t\t\t\t\t<img loading=\"lazy\" decoding=\"async\" width=\"128\" height=\"128\" src=\"https:\/\/www.centraldevacaciones.com\/blog\/wp-content\/uploads\/2021\/05\/crucero.png\" class=\"attachment-large size-large wp-image-12642\" alt=\"\" \/>\t\t\t\t\t\t\t\t\t\t\t\t\t\t\t<\/div>\n\t\t\t\t<div class=\"elementor-element elementor-element-6598e649 elementor-widget elementor-widget-heading\" data-id=\"6598e649\" data-element_type=\"widget\" data-widget_type=\"heading.default\">\n\t\t\t\t\t<h3 class=\"elementor-heading-title elementor-size-default\"><a href=\"https:\/\/www.centraldevacaciones.com\/blog\/destinos-cruceros\/\">Ofertas  cruceros<\/a><\/h3>\t\t\t\t<\/div>\n\t\t\t\t\t<\/div>\n\t\t<\/div>\n\t\t\t\t\t<\/div>\n\t\t<\/section>\n\t\t\t\t<\/div>\n\t\t","protected":false},"excerpt":{"rendered":"<p>En este verano at\u00edpico, el turismo de proximidad y sostenible\u00a0\u00a0est\u00e1n siendo los protagonistas. Dos variables que nos est\u00e1n dejando escenas nunca vistas: playas sin aglomeraciones (y hasta con un sistema de reservas online), resorts sin apenas visitantes extranjeros, discotecas y pubs cerrados\u2026 Pese a todo, los destinos de costa pueden ser totalmente seguros si se [&hellip;]<\/p>\n","protected":false},"author":3,"featured_media":8189,"comment_status":"open","ping_status":"open","sticky":false,"template":"elementor_theme","format":"standard","meta":{"_acf_changed":false,"footnotes":""},"categories":[1,4,193,208,205,195,12,17],"tags":[252,184],"class_list":["post-8177","post","type-post","status-publish","format-standard","has-post-thumbnail","hentry","category-vacaciones","category-espana","category-europa","category-ideas-escapadas","category-ideas-viajes-low-cost","category-rutas-por-europa","category-viajes","category-viajes-por-europa","tag-viajar-barato-a-europa","tag-viajes-baratos"],"acf":[],"_links":{"self":[{"href":"https:\/\/www.centraldevacaciones.com\/blog\/wp-json\/wp\/v2\/posts\/8177","targetHints":{"allow":["GET"]}}],"collection":[{"href":"https:\/\/www.centraldevacaciones.com\/blog\/wp-json\/wp\/v2\/posts"}],"about":[{"href":"https:\/\/www.centraldevacaciones.com\/blog\/wp-json\/wp\/v2\/types\/post"}],"author":[{"embeddable":true,"href":"https:\/\/www.centraldevacaciones.com\/blog\/wp-json\/wp\/v2\/users\/3"}],"replies":[{"embeddable":true,"href":"https:\/\/www.centraldevacaciones.com\/blog\/wp-json\/wp\/v2\/comments?post=8177"}],"version-history":[{"count":30,"href":"https:\/\/www.centraldevacaciones.com\/blog\/wp-json\/wp\/v2\/posts\/8177\/revisions"}],"predecessor-version":[{"id":185938,"href":"https:\/\/www.centraldevacaciones.com\/blog\/wp-json\/wp\/v2\/posts\/8177\/revisions\/185938"}],"wp:featuredmedia":[{"embeddable":true,"href":"https:\/\/www.centraldevacaciones.com\/blog\/wp-json\/wp\/v2\/media\/8189"}],"wp:attachment":[{"href":"https:\/\/www.centraldevacaciones.com\/blog\/wp-json\/wp\/v2\/media?parent=8177"}],"wp:term":[{"taxonomy":"category","embeddable":true,"href":"https:\/\/www.centraldevacaciones.com\/blog\/wp-json\/wp\/v2\/categories?post=8177"},{"taxonomy":"post_tag","embeddable":true,"href":"https:\/\/www.centraldevacaciones.com\/blog\/wp-json\/wp\/v2\/tags?post=8177"}],"curies":[{"name":"wp","href":"https:\/\/api.w.org\/{rel}","templated":true}]}}