{"id":778,"date":"2014-06-25T17:52:45","date_gmt":"2014-06-25T15:52:45","guid":{"rendered":"http:\/\/www.centraldevacaciones.com\/opiniones\/?p=778"},"modified":"2021-10-22T15:34:07","modified_gmt":"2021-10-22T13:34:07","slug":"viaje-a-menorca-el-mejor-punto-turistico-del-mundo","status":"publish","type":"post","link":"https:\/\/www.centraldevacaciones.com\/blog\/viaje-a-menorca-el-mejor-punto-turistico-del-mundo\/","title":{"rendered":"Turismo en Menorca, de los mejores destinos para visitar"},"content":{"rendered":"\t\t<div data-elementor-type=\"wp-post\" data-elementor-id=\"778\" class=\"elementor elementor-778\" data-elementor-post-type=\"post\">\n\t\t\t\t\t\t<section class=\"elementor-section elementor-top-section elementor-element elementor-element-6b0c924f elementor-section-boxed elementor-section-height-default elementor-section-height-default\" data-id=\"6b0c924f\" data-element_type=\"section\">\n\t\t\t\t\t\t<div class=\"elementor-container elementor-column-gap-default\">\n\t\t\t\t\t<div class=\"elementor-column elementor-col-100 elementor-top-column elementor-element elementor-element-32c94be7\" data-id=\"32c94be7\" data-element_type=\"column\">\n\t\t\t<div class=\"elementor-widget-wrap elementor-element-populated\">\n\t\t\t\t\t\t<div class=\"elementor-element elementor-element-4abaa029 elementor-widget elementor-widget-text-editor\" data-id=\"4abaa029\" data-element_type=\"widget\" data-widget_type=\"text-editor.default\">\n\t\t\t\t\t\t\t\t\t<p>Con las <strong>ofertas de viajes a Menorca<\/strong>, usted puede viajar tranquila y c\u00f3modamente a uno de los destinos tur\u00edsticos m\u00e1s representativos de la zona ubicado en las Islas Baleares en Espa\u00f1a. Se dice que el nombre de Menorca se deriva de Minorca, lo cual hace referencia a su tama\u00f1o, ya que es m\u00e1s peque\u00f1a que la isla de Mallorca.<\/p><p><iframe title=\"Menorca - V\u00eddeo de promoci\u00f3n tur\u00edstica\" width=\"800\" height=\"600\" src=\"https:\/\/www.youtube.com\/embed\/mG0T-Capb3k?feature=oembed\" frameborder=\"0\" allow=\"accelerometer; autoplay; clipboard-write; encrypted-media; gyroscope; picture-in-picture; web-share\" referrerpolicy=\"strict-origin-when-cross-origin\" allowfullscreen><\/iframe><\/p><p>Puede verificar todas las ofertas disponibles para poder organizar muy bien su viaja a este punto importante. Aproveche las <strong>ofertas de viaje a Menorca<\/strong> y vea todo los que puede disfrutar de esta isla. Aunque es muy peque\u00f1a, pero tienen muchas cosas que mostrar a todos sus turistas que la visitan.<\/p><p>Puede disfrutar sus noches en los mejores alojamientos disponibles en el lugar. Adem\u00e1s disfrutar la vista de muchos monumentos, paseos por sus costas y disfrutar de los exquisitos platillos que se preparan en la zona. Por eso pregunta por las ofertas de viaje a Menorca y descubre por tus propios medios lo que esta isla tiene para tu benepl\u00e1cito.<\/p><p>Menorca cuenta tambi\u00e9n con deliciosos platos t\u00edpicos, como por ejemplo: el Queso D. O. Mah\u00f3n \u2013 Menorca, Sobrasada, Carnixua, Camot o Cuixot, Oliaigua, Caldereta de langosta, Coca Bamba, Pastissets, y 7 platos m\u00e1s que son la especialidad de la gastronom\u00eda de Menorca. Si tienen curiosidad y quieres probar esos ricos platos, pues entonces, ll\u00e1manos y te informaremos\u00a0sobre las <strong>ofertas de viaje a Menorca<\/strong> para que de inmediato comiences a prep\u00e1rate y\u00a0 luego comenzar el camino hacia ese nuevo rumbo donde sin duda se vivir\u00e1n nuevas aventuras y nuevas experiencias muy divertidas.<\/p><p>Se puede, una vez estando dentro de Menorca, organizar una gira por sus 8 municipios los cuales cada uno cuenta con grandes atractivos para todos los turistas que decida entrar a ellos, si quieres saber c\u00f3mo es la vida de cada municipio puedes visitarlos aprovechando el paquete adquirido con tus <strong>ofertas de viaje a Menorca<\/strong>, por ejemplo, si quieres conocer la ciudad industrial universitaria de Menorca, entonces visita el municipio de Alayor. Pero si quieres saber cu\u00e1l es la capital de la isla Menorca, donde queda su sede episcopal y adem\u00e1s cual es el municipio m\u00e1s poblado, te recomendamos visitar el municipio.<\/p><p>La <strong>pen\u00ednsula ib\u00e9rica<\/strong> est\u00e1 llena de grandes lugares, en <strong>Espa\u00f1a<\/strong> podemos encontrar lugares maravillosos ubicados en las Islas del oc\u00e9ano atl\u00e1ntico, algunas de ellas son las Islas Baleares, donde una de sus m\u00e1s importantes islas en <strong>Menorca<\/strong>, podr\u00e1s visitar este lugar, ah\u00ed se habla catal\u00e1n y castellano, por lo que la comunicaci\u00f3n no ser\u00e1 ning\u00fan problema, podr\u00e1s tambi\u00e9n probar la gastronom\u00eda de Menorca que es riqu\u00edsima. Entonces, comenzamos con las recomendaciones de lugares que debes visitar en Menorca durante tu estancia en esta isla, s\u00ed es que piensas ir.<\/p><h2>\u00bfQu\u00e9 ver en Menorca?<\/h2><p>\u00a0<\/p><p>En la isla existen grandes variedades de monumentos y sitios para visitar, pero entre todo esto, lo que m\u00e1s llama la atenci\u00f3n de <strong>Menorca<\/strong> es el <strong>Monte<\/strong> <strong>Toro<\/strong>, ya que es el monte m\u00e1s alto de la isla con 358\u00a0metros\u00a0de altura.<\/p><p>Su nombre proviene de una antigua leyenda de que supuestamente un toro se encontraba sobre la cima custodiando la monta\u00f1a y as\u00ed impedir que nadie pudiese alcanzarla jam\u00e1s, pero cuenta esta leyenda que dos monjes un d\u00eda pudieron llegar a la cumbre de la monta\u00f1a atra\u00eddos por unas luces muy misteriosas que sal\u00edan de esta monta\u00f1a, cuando consiguieron llegar el toro muy enfurecido les atac\u00f3 pero al ver unos crucifijos que llevaban estos el toro se amans\u00f3 y los guio hacia un monte en el que se encontraba una Virgen a la que llamaron \u201cNuestra se\u00f1ora del Toro\u201d.<\/p><p>Este monte se localiza en <strong>Mercadal<\/strong>, en el centro de la isla de Menorca.<\/p><p>Entre las caracter\u00edsticas de este destacan que desde la cima podemos ver la isla entera y un poco de la isla de Mallorca, adem\u00e1s se encuentra en la cima el santuario de la Virgen del toro.<\/p><p>Espero haberte ayudado a decidir <strong>Qu\u00e9 ver en Menorca<\/strong>.<\/p>\t\t\t\t\t\t\t\t<\/div>\n\t\t\t\t\t<\/div>\n\t\t<\/div>\n\t\t\t\t\t<\/div>\n\t\t<\/section>\n\t\t\t\t<section class=\"elementor-section elementor-top-section elementor-element elementor-element-10d7250f elementor-section-boxed elementor-section-height-default elementor-section-height-default\" data-id=\"10d7250f\" data-element_type=\"section\">\n\t\t\t\t\t\t<div class=\"elementor-container elementor-column-gap-default\">\n\t\t\t\t\t<div class=\"elementor-column elementor-col-16 elementor-top-column elementor-element elementor-element-6da4d1ac\" data-id=\"6da4d1ac\" data-element_type=\"column\">\n\t\t\t<div class=\"elementor-widget-wrap elementor-element-populated\">\n\t\t\t\t\t\t<div class=\"elementor-element elementor-element-221d9c3a elementor-widget elementor-widget-image\" data-id=\"221d9c3a\" data-element_type=\"widget\" data-widget_type=\"image.default\">\n\t\t\t\t\t\t\t\t\t\t\t\t\t\t\t<img decoding=\"async\" width=\"128\" height=\"128\" src=\"https:\/\/www.centraldevacaciones.com\/blog\/wp-content\/uploads\/2020\/09\/espana.png\" class=\"attachment-large size-large wp-image-12730\" alt=\"\" \/>\t\t\t\t\t\t\t\t\t\t\t\t\t\t\t<\/div>\n\t\t\t\t<div class=\"elementor-element elementor-element-653861cc elementor-widget elementor-widget-heading\" data-id=\"653861cc\" data-element_type=\"widget\" data-widget_type=\"heading.default\">\n\t\t\t\t\t<h3 class=\"elementor-heading-title elementor-size-default\"><a href=\"https:\/\/www.centraldevacaciones.com\/blog\/ofertas-de-vacaciones\/\">Viajes por Espa\u00f1a<\/a><\/h3>\t\t\t\t<\/div>\n\t\t\t\t\t<\/div>\n\t\t<\/div>\n\t\t\t\t<div class=\"elementor-column elementor-col-16 elementor-top-column elementor-element elementor-element-55f60abe\" data-id=\"55f60abe\" data-element_type=\"column\">\n\t\t\t<div class=\"elementor-widget-wrap elementor-element-populated\">\n\t\t\t\t\t\t<div class=\"elementor-element elementor-element-3b5a383e elementor-widget elementor-widget-image\" data-id=\"3b5a383e\" data-element_type=\"widget\" data-widget_type=\"image.default\">\n\t\t\t\t\t\t\t\t\t\t\t\t\t\t\t<img decoding=\"async\" width=\"128\" height=\"128\" src=\"https:\/\/www.centraldevacaciones.com\/blog\/wp-content\/uploads\/2020\/09\/isla.png\" class=\"attachment-large size-large wp-image-12732\" alt=\"\" \/>\t\t\t\t\t\t\t\t\t\t\t\t\t\t\t<\/div>\n\t\t\t\t<div class=\"elementor-element elementor-element-8b3c7d8 elementor-widget elementor-widget-heading\" data-id=\"8b3c7d8\" data-element_type=\"widget\" data-widget_type=\"heading.default\">\n\t\t\t\t\t<h3 class=\"elementor-heading-title elementor-size-default\"><a href=\"https:\/\/www.centraldevacaciones.com\/blog\/vacaciones-mejores-islas-espana\/\">Islas de Espa\u00f1a<\/a><\/h3>\t\t\t\t<\/div>\n\t\t\t\t\t<\/div>\n\t\t<\/div>\n\t\t\t\t<div class=\"elementor-column elementor-col-16 elementor-top-column elementor-element elementor-element-2756892c\" data-id=\"2756892c\" data-element_type=\"column\">\n\t\t\t<div class=\"elementor-widget-wrap elementor-element-populated\">\n\t\t\t\t\t\t<div class=\"elementor-element elementor-element-6320dcc elementor-widget elementor-widget-image\" data-id=\"6320dcc\" data-element_type=\"widget\" data-widget_type=\"image.default\">\n\t\t\t\t\t\t\t\t\t\t\t\t\t\t\t<img decoding=\"async\" width=\"128\" height=\"128\" src=\"https:\/\/www.centraldevacaciones.com\/blog\/wp-content\/uploads\/2021\/05\/avion-1.png\" class=\"attachment-large size-large wp-image-12639\" alt=\"\" \/>\t\t\t\t\t\t\t\t\t\t\t\t\t\t\t<\/div>\n\t\t\t\t<div class=\"elementor-element elementor-element-509f98d elementor-widget elementor-widget-heading\" data-id=\"509f98d\" data-element_type=\"widget\" data-widget_type=\"heading.default\">\n\t\t\t\t\t<h3 class=\"elementor-heading-title elementor-size-default\"><a href=\"https:\/\/www.centraldevacaciones.com\/viajes\/ofertas-a-islas-canarias.html\">Viajes a Canarias<\/a><\/h3>\t\t\t\t<\/div>\n\t\t\t\t\t<\/div>\n\t\t<\/div>\n\t\t\t\t<div class=\"elementor-column elementor-col-16 elementor-top-column elementor-element elementor-element-5333a824\" data-id=\"5333a824\" data-element_type=\"column\">\n\t\t\t<div class=\"elementor-widget-wrap elementor-element-populated\">\n\t\t\t\t\t\t<div class=\"elementor-element elementor-element-3bdc943e elementor-widget elementor-widget-image\" data-id=\"3bdc943e\" data-element_type=\"widget\" data-widget_type=\"image.default\">\n\t\t\t\t\t\t\t\t\t\t\t\t\t\t\t<img loading=\"lazy\" decoding=\"async\" width=\"128\" height=\"128\" src=\"https:\/\/www.centraldevacaciones.com\/blog\/wp-content\/uploads\/2020\/09\/sombrilla.png\" class=\"attachment-large size-large wp-image-12733\" alt=\"\" \/>\t\t\t\t\t\t\t\t\t\t\t\t\t\t\t<\/div>\n\t\t\t\t<div class=\"elementor-element elementor-element-1273b66b elementor-widget elementor-widget-heading\" data-id=\"1273b66b\" data-element_type=\"widget\" data-widget_type=\"heading.default\">\n\t\t\t\t\t<h3 class=\"elementor-heading-title elementor-size-default\"><a href=\"https:\/\/www.centraldevacaciones.com\/viajes\/ofertas-a-lanzarote.html\">Viajes a Lanzarote<\/a><\/h3>\t\t\t\t<\/div>\n\t\t\t\t\t<\/div>\n\t\t<\/div>\n\t\t\t\t<div class=\"elementor-column elementor-col-16 elementor-top-column elementor-element elementor-element-5a369fae\" data-id=\"5a369fae\" data-element_type=\"column\">\n\t\t\t<div class=\"elementor-widget-wrap elementor-element-populated\">\n\t\t\t\t\t\t<div class=\"elementor-element elementor-element-60885be2 elementor-widget elementor-widget-image\" data-id=\"60885be2\" data-element_type=\"widget\" data-widget_type=\"image.default\">\n\t\t\t\t\t\t\t\t\t\t\t\t\t\t\t<img loading=\"lazy\" decoding=\"async\" width=\"128\" height=\"128\" src=\"https:\/\/www.centraldevacaciones.com\/blog\/wp-content\/uploads\/2020\/09\/avion.png\" class=\"attachment-large size-large wp-image-12734\" alt=\"\" \/>\t\t\t\t\t\t\t\t\t\t\t\t\t\t\t<\/div>\n\t\t\t\t<div class=\"elementor-element elementor-element-72345bc9 elementor-widget elementor-widget-heading\" data-id=\"72345bc9\" data-element_type=\"widget\" data-widget_type=\"heading.default\">\n\t\t\t\t\t<h3 class=\"elementor-heading-title elementor-size-default\"><a href=\"https:\/\/www.centraldevacaciones.com\/viajes\/ofertas-a-islas-baleares.html\">Viajes a las Baleares<\/a><\/h3>\t\t\t\t<\/div>\n\t\t\t\t\t<\/div>\n\t\t<\/div>\n\t\t\t\t<div class=\"elementor-column elementor-col-16 elementor-top-column elementor-element elementor-element-3de27e2f\" data-id=\"3de27e2f\" data-element_type=\"column\">\n\t\t\t<div class=\"elementor-widget-wrap elementor-element-populated\">\n\t\t\t\t\t\t<div class=\"elementor-element elementor-element-455c3667 elementor-widget elementor-widget-image\" data-id=\"455c3667\" data-element_type=\"widget\" data-widget_type=\"image.default\">\n\t\t\t\t\t\t\t\t\t\t\t\t\t\t\t<img loading=\"lazy\" decoding=\"async\" width=\"128\" height=\"128\" src=\"https:\/\/www.centraldevacaciones.com\/blog\/wp-content\/uploads\/2021\/05\/dom.png\" class=\"attachment-large size-large wp-image-12635\" alt=\"\" \/>\t\t\t\t\t\t\t\t\t\t\t\t\t\t\t<\/div>\n\t\t\t\t<div class=\"elementor-element elementor-element-109003f0 elementor-widget elementor-widget-heading\" data-id=\"109003f0\" data-element_type=\"widget\" data-widget_type=\"heading.default\">\n\t\t\t\t\t<h3 class=\"elementor-heading-title elementor-size-default\"><a href=\"https:\/\/www.centraldevacaciones.com\/viajes\/ofertas-a-mallorca.html\">Viajes a Mallorca<\/a><\/h3>\t\t\t\t<\/div>\n\t\t\t\t\t<\/div>\n\t\t<\/div>\n\t\t\t\t\t<\/div>\n\t\t<\/section>\n\t\t\t\t<section class=\"elementor-section elementor-top-section elementor-element elementor-element-c9e8131 elementor-section-boxed elementor-section-height-default elementor-section-height-default\" data-id=\"c9e8131\" data-element_type=\"section\">\n\t\t\t\t\t\t<div class=\"elementor-container elementor-column-gap-default\">\n\t\t\t\t\t<div class=\"elementor-column elementor-col-100 elementor-top-column elementor-element elementor-element-a116526\" data-id=\"a116526\" data-element_type=\"column\">\n\t\t\t<div class=\"elementor-widget-wrap elementor-element-populated\">\n\t\t\t\t\t\t<div class=\"elementor-element elementor-element-bb8907a elementor-widget elementor-widget-text-editor\" data-id=\"bb8907a\" data-element_type=\"widget\" data-widget_type=\"text-editor.default\">\n\t\t\t\t\t\t\t\t\t<p><span style=\"font-weight: 400;\">\u00a1Disfruta este verano como el que m\u00e1s y haz realidad el sue\u00f1o que muchos otros tienen con Central de Vacaciones! Pasa unos d\u00edas de vacaciones de desconexi\u00f3n en Espa\u00f1a, concretamente en las Islas Canarias sin preocuparte de nada junto a quien m\u00e1s quieres en una estancia premium con los extras que m\u00e1s se adapten a ti. \u00a1Haz ahora tu reserva aprovechando las ofertas antes de que se agote la disponibilidad y empieza a hacer el planning de los d\u00edas de tu estancia!<\/span><\/p>\t\t\t\t\t\t\t\t<\/div>\n\t\t\t\t\t<\/div>\n\t\t<\/div>\n\t\t\t\t\t<\/div>\n\t\t<\/section>\n\t\t\t\t<\/div>\n\t\t","protected":false},"excerpt":{"rendered":"<p>Con las ofertas de viajes a Menorca, usted puede viajar tranquila y c\u00f3modamente a uno de los destinos tur\u00edsticos m\u00e1s representativos de la zona ubicado en las Islas Baleares en Espa\u00f1a. Se dice que el nombre de Menorca se deriva de Minorca, lo cual hace referencia a su tama\u00f1o, ya que es m\u00e1s peque\u00f1a que [&hellip;]<\/p>\n","protected":false},"author":1,"featured_media":0,"comment_status":"closed","ping_status":"open","sticky":false,"template":"elementor_theme","format":"standard","meta":{"_acf_changed":false,"footnotes":""},"categories":[4,193,208,204,194,200,195,12,17],"tags":[],"class_list":["post-778","post","type-post","status-publish","format-standard","hentry","category-espana","category-europa","category-ideas-escapadas","category-ideas-viajes-verano","category-islas-paradisiacas","category-rutas-por-espana","category-rutas-por-europa","category-viajes","category-viajes-por-europa"],"acf":[],"_links":{"self":[{"href":"https:\/\/www.centraldevacaciones.com\/blog\/wp-json\/wp\/v2\/posts\/778","targetHints":{"allow":["GET"]}}],"collection":[{"href":"https:\/\/www.centraldevacaciones.com\/blog\/wp-json\/wp\/v2\/posts"}],"about":[{"href":"https:\/\/www.centraldevacaciones.com\/blog\/wp-json\/wp\/v2\/types\/post"}],"author":[{"embeddable":true,"href":"https:\/\/www.centraldevacaciones.com\/blog\/wp-json\/wp\/v2\/users\/1"}],"replies":[{"embeddable":true,"href":"https:\/\/www.centraldevacaciones.com\/blog\/wp-json\/wp\/v2\/comments?post=778"}],"version-history":[{"count":0,"href":"https:\/\/www.centraldevacaciones.com\/blog\/wp-json\/wp\/v2\/posts\/778\/revisions"}],"wp:attachment":[{"href":"https:\/\/www.centraldevacaciones.com\/blog\/wp-json\/wp\/v2\/media?parent=778"}],"wp:term":[{"taxonomy":"category","embeddable":true,"href":"https:\/\/www.centraldevacaciones.com\/blog\/wp-json\/wp\/v2\/categories?post=778"},{"taxonomy":"post_tag","embeddable":true,"href":"https:\/\/www.centraldevacaciones.com\/blog\/wp-json\/wp\/v2\/tags?post=778"}],"curies":[{"name":"wp","href":"https:\/\/api.w.org\/{rel}","templated":true}]}}