{"id":776,"date":"2016-08-20T17:52:27","date_gmt":"2016-08-20T15:52:27","guid":{"rendered":"http:\/\/www.centraldevacaciones.com\/opiniones\/?p=776"},"modified":"2021-08-04T10:35:18","modified_gmt":"2021-08-04T08:35:18","slug":"mallorca-una-excelente-opcion-para-vacacionar","status":"publish","type":"post","link":"https:\/\/www.centraldevacaciones.com\/blog\/mallorca-una-excelente-opcion-para-vacacionar\/","title":{"rendered":"Mallorca, una excelente opci\u00f3n para vacacionar"},"content":{"rendered":"\t\t<div data-elementor-type=\"wp-post\" data-elementor-id=\"776\" class=\"elementor elementor-776\" data-elementor-post-type=\"post\">\n\t\t\t\t\t\t<section class=\"elementor-section elementor-top-section elementor-element elementor-element-b741b11 elementor-section-boxed elementor-section-height-default elementor-section-height-default\" data-id=\"b741b11\" data-element_type=\"section\">\n\t\t\t\t\t\t<div class=\"elementor-container elementor-column-gap-default\">\n\t\t\t\t\t<div class=\"elementor-column elementor-col-100 elementor-top-column elementor-element elementor-element-18bd8850\" data-id=\"18bd8850\" data-element_type=\"column\">\n\t\t\t<div class=\"elementor-widget-wrap elementor-element-populated\">\n\t\t\t\t\t\t<div class=\"elementor-element elementor-element-40a19e7d elementor-widget elementor-widget-text-editor\" data-id=\"40a19e7d\" data-element_type=\"widget\" data-widget_type=\"text-editor.default\">\n\t\t\t\t\t\t\t\t\tMallorca es la isla con mayor extensi\u00f3n de la comunidad autonom\u00eda de Islas Baleares, comunidad compuesta por<b> islas y archipi\u00e9lagos<\/b>, que si bien no son muy grandes en extensi\u00f3n, si lo son en <b>belleza<\/b>.\n\nMallorca, ubicada en el archipi\u00e9lago Balear, es uno de las opciones tur\u00edsticas con mayor importancia dentro del grupo de islas, su fama alcanza no solo a nivel nacional si no que tambi\u00e9n se extiende a muchos pa\u00edses m\u00e1s. Cuenta con una extensi\u00f3n de 3,640.11km<sup>2<\/sup>, convirti\u00e9ndose as\u00ed, en la isla con mayor extensi\u00f3n en toda Espa\u00f1a. Para el a\u00f1o 2011, contaba con una poblaci\u00f3n de 873,414 habitantes, esto seg\u00fan datos obtenidos de INE. Por tanto, organiza tu viaje aprovechando las <strong>ofertas de viaje a Mallorca<\/strong>.\n\nEstas islas con un gran atractivo natural \u00a0han logrado cautivar a millones de viajeros, que no piensan dos veces en <a href=\"http:\/\/www.centraldevacaciones.com\/viajes\/ofertas-a-Mallorca.html\">coger un avi\u00f3n para conocer esta isla de gran belleza<\/a>. <b>La isla de Mallorca se ha convertido en uno de los puntos de referencia de la comunidad<\/b>, gracias a sus <b>atractivos naturales<\/b> y a todas las actividades que pueden ser llevadas a cabo en la isla.\n<h2><\/h2>\n<iframe title=\"Playas de Baleares\" width=\"800\" height=\"450\" src=\"https:\/\/www.youtube.com\/embed\/umxNUOOTowQ?feature=oembed\" frameborder=\"0\" allow=\"accelerometer; autoplay; clipboard-write; encrypted-media; gyroscope; picture-in-picture; web-share\" referrerpolicy=\"strict-origin-when-cross-origin\" allowfullscreen><\/iframe>\n\nMallorca posee unos bellos y hermosos edificios construidos bajo un excelente dise\u00f1o, entre los cuales figuran castillos, catedrales, monasterios, paseos, entre otros. El que tiene mayor representatividad es el castillo de Bellver, el cual posee un estilo europeo, cuya planta tiene forma circular. Si est\u00e1 pensando en hacer un viaje a Mallorca, es bien importante que sepa lo siguiente: primero, haga sus reservaciones consultando las <strong>ofertas de viajes a Mallorca<\/strong>, luego verifique cuales son los medios que se utilizan en Mallorca para comunicarse con otros lugares.\n\nEn Mallorca se disfruta de una serie de gustos gastron\u00f3micos. Si usted desea viajar a este important\u00edsimo destino tur\u00edstico\u00a0 para disfrutar de su exquisita variedad gastron\u00f3mica pues no le queda m\u00e1s que informarse sobre las mejores <strong>ofertas de viajes a Mallorca<\/strong>, para comenzar sus tr\u00e1mites y luego emprender el mejor de sus viajes. Entre los mejores platillos que cocinan en Mallorca est\u00e1, el frito mallorqu\u00edn (h\u00edgado, patatas y pimientos). Tambi\u00e9n est\u00e1n las sopas como el tumbet, berenjenas, y una de las muchas formas que tienen para cocinar el arroz que es el arr\u00f3s brut, el cual es una especie de arroz caldoso, que lleva setas, caracoles, carne de cerdo, de conejo y de aves.\n\nTambi\u00e9n puede disfrutar de la variedad de reposter\u00edas, pastas y adem\u00e1s, de sus fiestas que tambi\u00e9n son muy populares.\n<h1><b>Mallorca: Playa, fiesta y senderismo<\/b><\/h1>\n<b>Las playas m\u00e1s bellas de la isla de Mallorca<\/b>\n\nhttps:\/\/youtu.be\/yKXdemIPUkc\n\n<span style=\"font-weight: 400;\">Cuando se habla de playas en la ciudad, no se puede dejar de lado la <\/span><b>playa Cala Mesquida<\/b><span style=\"font-weight: 400;\">, una playa que ha logrado convertirse en uno de los puntos de referencia de la isla. <\/span><b>La playa est\u00e1 muy cerca de los centros urbanos de la regi\u00f3n<\/b><span style=\"font-weight: 400;\">, por lo que no ser\u00e1 un problema llegar a ella. Gracias a sus aguas tranquilas y a su espacio c\u00e1lido, se ha convertido en un centro de turismo familiar, donde los m\u00e1s peque\u00f1os de la casa pueden disfrutar de un tiempo agradable en compa\u00f1\u00eda de sus padres.<\/span>\n\n<span style=\"font-weight: 400;\">Para los amantes de la tranquilidad y lo atrevido, est\u00e1 la <\/span><b>playa Sa Canova<\/b><span style=\"font-weight: 400;\">, una playa \u201cvirgen\u201d y hasta un poco rural. La playa cuenta con una tranquila agua cristalina, arena blanca y la tradicional vegetaci\u00f3n de la isla, caracterizada por el estilo des\u00e9rtico de la misma, lo que la hace un lugar id\u00f3neo para las personas que quieren tener un espacio de relajaci\u00f3n y soledad. Esta playa, al ser muy solitaria, se ha convertido en <\/span><b>uno de los mejores espacios para practicar el nudismo<\/b><span style=\"font-weight: 400;\">, por lo que se ha convertido en un lugar donde s\u00f3lo pueden ir personas mayores de edad, dejando de lado los paseos en familia.<\/span>\n<h2><b>El senderismo es la actividad favorita<\/b><\/h2>\n<span style=\"font-weight: 400;\">En una isla con tantos atractivos naturales, no es de extra\u00f1ar que <\/span><b>el senderismo sea una de las actividades m\u00e1s recurrentes <\/b><span style=\"font-weight: 400;\">entre los viajeros nacionales e internacionales. Esta pr\u00e1ctica <\/span><b>se lleva a cabo en las colinas y puntos m\u00e1s altos de la isla<\/b><span style=\"font-weight: 400;\">, donde se tiene una incre\u00edble vista de las costas y la vegetaci\u00f3n aut\u00f3ctona.<\/span>\n\n<b>La finca de Son Real<\/b><span style=\"font-weight: 400;\"> es uno de los caminos m\u00e1s concurridos por los senderistas, empezando porque en esta parte de la isla <\/span><b>se encuentra uno de los yacimientos arqueol\u00f3gicos m\u00e1s significativos<\/b><span style=\"font-weight: 400;\"> de la regi\u00f3n, y donde la belleza natural de la zona cautiva hasta al viajero m\u00e1s exigente. En la actualidad, este camino se ha convertido en un punto de referencia entre los senderistas de la isla.<\/span>\n\n<b>El sendero de Tramuntana<\/b> <span style=\"font-weight: 400;\">es uno de los espacios m\u00e1s incre\u00edbles de la isla gracias a su belleza natural y a su clima tropical. Esta zona se ha convertido en uno de los <\/span><b>s\u00edmbolos del eco-deporte en la isla<\/b><span style=\"font-weight: 400;\">, llamando la atenci\u00f3n de los amantes de la naturaleza que desean conocer un poco de los atractivos naturales de la isla, que han sido considerados por la UNESCO como patrimonio de la humanidad.<\/span>\t\t\t\t\t\t\t\t<\/div>\n\t\t\t\t\t<\/div>\n\t\t<\/div>\n\t\t\t\t\t<\/div>\n\t\t<\/section>\n\t\t\t\t<section class=\"elementor-section elementor-top-section elementor-element elementor-element-e3d2ece elementor-section-boxed elementor-section-height-default elementor-section-height-default\" data-id=\"e3d2ece\" data-element_type=\"section\">\n\t\t\t\t\t\t<div class=\"elementor-container elementor-column-gap-default\">\n\t\t\t\t\t<div class=\"elementor-column elementor-col-16 elementor-top-column elementor-element elementor-element-7f64ac5a\" data-id=\"7f64ac5a\" data-element_type=\"column\">\n\t\t\t<div class=\"elementor-widget-wrap elementor-element-populated\">\n\t\t\t\t\t\t<div class=\"elementor-element elementor-element-3800e58f elementor-widget elementor-widget-image\" data-id=\"3800e58f\" data-element_type=\"widget\" data-widget_type=\"image.default\">\n\t\t\t\t\t\t\t\t\t\t\t\t\t\t\t<img decoding=\"async\" width=\"128\" height=\"128\" src=\"https:\/\/www.centraldevacaciones.com\/blog\/wp-content\/uploads\/2020\/09\/espana.png\" class=\"attachment-large size-large wp-image-12730\" alt=\"\" \/>\t\t\t\t\t\t\t\t\t\t\t\t\t\t\t<\/div>\n\t\t\t\t<div class=\"elementor-element elementor-element-321cb79a elementor-widget elementor-widget-heading\" data-id=\"321cb79a\" data-element_type=\"widget\" data-widget_type=\"heading.default\">\n\t\t\t\t\t<h3 class=\"elementor-heading-title elementor-size-default\"><a href=\"https:\/\/www.centraldevacaciones.com\/blog\/ofertas-de-vacaciones\/\">Viajes por Espa\u00f1a<\/a><\/h3>\t\t\t\t<\/div>\n\t\t\t\t\t<\/div>\n\t\t<\/div>\n\t\t\t\t<div class=\"elementor-column elementor-col-16 elementor-top-column elementor-element elementor-element-155458d8\" data-id=\"155458d8\" data-element_type=\"column\">\n\t\t\t<div class=\"elementor-widget-wrap elementor-element-populated\">\n\t\t\t\t\t\t<div class=\"elementor-element elementor-element-ca0c86c elementor-widget elementor-widget-image\" data-id=\"ca0c86c\" data-element_type=\"widget\" data-widget_type=\"image.default\">\n\t\t\t\t\t\t\t\t\t\t\t\t\t\t\t<img decoding=\"async\" width=\"128\" height=\"128\" src=\"https:\/\/www.centraldevacaciones.com\/blog\/wp-content\/uploads\/2020\/09\/isla.png\" class=\"attachment-large size-large wp-image-12732\" alt=\"\" \/>\t\t\t\t\t\t\t\t\t\t\t\t\t\t\t<\/div>\n\t\t\t\t<div class=\"elementor-element elementor-element-4b10d27c elementor-widget elementor-widget-heading\" data-id=\"4b10d27c\" data-element_type=\"widget\" data-widget_type=\"heading.default\">\n\t\t\t\t\t<h3 class=\"elementor-heading-title elementor-size-default\"><a href=\"https:\/\/www.centraldevacaciones.com\/blog\/vacaciones-mejores-islas-espana\/\">Islas de Espa\u00f1a<\/a><\/h3>\t\t\t\t<\/div>\n\t\t\t\t\t<\/div>\n\t\t<\/div>\n\t\t\t\t<div class=\"elementor-column elementor-col-16 elementor-top-column elementor-element elementor-element-495e28f\" data-id=\"495e28f\" data-element_type=\"column\">\n\t\t\t<div class=\"elementor-widget-wrap elementor-element-populated\">\n\t\t\t\t\t\t<div class=\"elementor-element elementor-element-131c5762 elementor-widget elementor-widget-image\" data-id=\"131c5762\" data-element_type=\"widget\" data-widget_type=\"image.default\">\n\t\t\t\t\t\t\t\t\t\t\t\t\t\t\t<img decoding=\"async\" width=\"128\" height=\"128\" src=\"https:\/\/www.centraldevacaciones.com\/blog\/wp-content\/uploads\/2021\/05\/avion-1.png\" class=\"attachment-large size-large wp-image-12639\" alt=\"\" \/>\t\t\t\t\t\t\t\t\t\t\t\t\t\t\t<\/div>\n\t\t\t\t<div class=\"elementor-element elementor-element-2ba232f9 elementor-widget elementor-widget-heading\" data-id=\"2ba232f9\" data-element_type=\"widget\" data-widget_type=\"heading.default\">\n\t\t\t\t\t<h3 class=\"elementor-heading-title elementor-size-default\"><a href=\"https:\/\/www.centraldevacaciones.com\/viajes\/ofertas-a-islas-canarias.html\">Viajes a Canarias<\/a><\/h3>\t\t\t\t<\/div>\n\t\t\t\t\t<\/div>\n\t\t<\/div>\n\t\t\t\t<div class=\"elementor-column elementor-col-16 elementor-top-column elementor-element elementor-element-6fedd3d3\" data-id=\"6fedd3d3\" data-element_type=\"column\">\n\t\t\t<div class=\"elementor-widget-wrap elementor-element-populated\">\n\t\t\t\t\t\t<div class=\"elementor-element elementor-element-20ca02eb elementor-widget elementor-widget-image\" data-id=\"20ca02eb\" data-element_type=\"widget\" data-widget_type=\"image.default\">\n\t\t\t\t\t\t\t\t\t\t\t\t\t\t\t<img loading=\"lazy\" decoding=\"async\" width=\"128\" height=\"128\" src=\"https:\/\/www.centraldevacaciones.com\/blog\/wp-content\/uploads\/2020\/09\/sombrilla.png\" class=\"attachment-large size-large wp-image-12733\" alt=\"\" \/>\t\t\t\t\t\t\t\t\t\t\t\t\t\t\t<\/div>\n\t\t\t\t<div class=\"elementor-element elementor-element-20a48525 elementor-widget elementor-widget-heading\" data-id=\"20a48525\" data-element_type=\"widget\" data-widget_type=\"heading.default\">\n\t\t\t\t\t<h3 class=\"elementor-heading-title elementor-size-default\"><a href=\"https:\/\/www.centraldevacaciones.com\/viajes\/ofertas-a-lanzarote.html\">Viajes a Lanzarote<\/a><\/h3>\t\t\t\t<\/div>\n\t\t\t\t\t<\/div>\n\t\t<\/div>\n\t\t\t\t<div class=\"elementor-column elementor-col-16 elementor-top-column elementor-element elementor-element-28b20baf\" data-id=\"28b20baf\" data-element_type=\"column\">\n\t\t\t<div class=\"elementor-widget-wrap elementor-element-populated\">\n\t\t\t\t\t\t<div class=\"elementor-element elementor-element-28ed126 elementor-widget elementor-widget-image\" data-id=\"28ed126\" data-element_type=\"widget\" data-widget_type=\"image.default\">\n\t\t\t\t\t\t\t\t\t\t\t\t\t\t\t<img loading=\"lazy\" decoding=\"async\" width=\"128\" height=\"128\" src=\"https:\/\/www.centraldevacaciones.com\/blog\/wp-content\/uploads\/2020\/09\/avion.png\" class=\"attachment-large size-large wp-image-12734\" alt=\"\" \/>\t\t\t\t\t\t\t\t\t\t\t\t\t\t\t<\/div>\n\t\t\t\t<div class=\"elementor-element elementor-element-67a74cff elementor-widget elementor-widget-heading\" data-id=\"67a74cff\" data-element_type=\"widget\" data-widget_type=\"heading.default\">\n\t\t\t\t\t<h3 class=\"elementor-heading-title elementor-size-default\"><a href=\"https:\/\/www.centraldevacaciones.com\/viajes\/ofertas-a-islas-baleares.html\">Viajes a las Baleares<\/a><\/h3>\t\t\t\t<\/div>\n\t\t\t\t\t<\/div>\n\t\t<\/div>\n\t\t\t\t<div class=\"elementor-column elementor-col-16 elementor-top-column elementor-element elementor-element-1a27d031\" data-id=\"1a27d031\" data-element_type=\"column\">\n\t\t\t<div class=\"elementor-widget-wrap elementor-element-populated\">\n\t\t\t\t\t\t<div class=\"elementor-element elementor-element-8bcc985 elementor-widget elementor-widget-image\" data-id=\"8bcc985\" data-element_type=\"widget\" data-widget_type=\"image.default\">\n\t\t\t\t\t\t\t\t\t\t\t\t\t\t\t<img loading=\"lazy\" decoding=\"async\" width=\"128\" height=\"128\" src=\"https:\/\/www.centraldevacaciones.com\/blog\/wp-content\/uploads\/2021\/05\/dom.png\" class=\"attachment-large size-large wp-image-12635\" alt=\"\" \/>\t\t\t\t\t\t\t\t\t\t\t\t\t\t\t<\/div>\n\t\t\t\t<div class=\"elementor-element elementor-element-59fb087a elementor-widget elementor-widget-heading\" data-id=\"59fb087a\" data-element_type=\"widget\" data-widget_type=\"heading.default\">\n\t\t\t\t\t<h3 class=\"elementor-heading-title elementor-size-default\"><a href=\"https:\/\/www.centraldevacaciones.com\/viajes\/ofertas-a-mallorca.html\">Viajes a Mallorca<\/a><\/h3>\t\t\t\t<\/div>\n\t\t\t\t\t<\/div>\n\t\t<\/div>\n\t\t\t\t\t<\/div>\n\t\t<\/section>\n\t\t\t\t<section class=\"elementor-section elementor-top-section elementor-element elementor-element-8876489 elementor-section-boxed elementor-section-height-default elementor-section-height-default\" data-id=\"8876489\" data-element_type=\"section\">\n\t\t\t\t\t\t<div class=\"elementor-container elementor-column-gap-default\">\n\t\t\t\t\t<div class=\"elementor-column elementor-col-100 elementor-top-column elementor-element elementor-element-025f9d4\" data-id=\"025f9d4\" data-element_type=\"column\">\n\t\t\t<div class=\"elementor-widget-wrap elementor-element-populated\">\n\t\t\t\t\t\t<div class=\"elementor-element elementor-element-3f6f504 elementor-widget elementor-widget-text-editor\" data-id=\"3f6f504\" data-element_type=\"widget\" data-widget_type=\"text-editor.default\">\n\t\t\t\t\t\t\t\t\t<p>\u00a1Disfruta este verano como el que m\u00e1s y haz realidad el sue\u00f1o que muchos otros tienen con Central de Vacaciones! Pasa unos d\u00edas de vacaciones de desconexi\u00f3n en Espa\u00f1a, concretamente en las Islas Canarias sin preocuparte de nada junto a quien m\u00e1s quieres en una estancia premium con los extras que m\u00e1s se adapten a ti. \u00a1Haz ahora tu reserva aprovechando las ofertas antes de que se agote la disponibilidad y empieza a hacer el planning de los d\u00edas de tu estancia!<\/p>\t\t\t\t\t\t\t\t<\/div>\n\t\t\t\t\t<\/div>\n\t\t<\/div>\n\t\t\t\t\t<\/div>\n\t\t<\/section>\n\t\t\t\t<\/div>\n\t\t","protected":false},"excerpt":{"rendered":"<p>Mallorca es la isla con mayor extensi\u00f3n de la comunidad autonom\u00eda de Islas Baleares, comunidad compuesta por islas y archipi\u00e9lagos, que si bien no son muy grandes en extensi\u00f3n, si lo son en belleza. Mallorca, ubicada en el archipi\u00e9lago Balear, es uno de las opciones tur\u00edsticas con mayor importancia dentro del grupo de islas, su [&hellip;]<\/p>\n","protected":false},"author":1,"featured_media":0,"comment_status":"closed","ping_status":"open","sticky":false,"template":"elementor_theme","format":"standard","meta":{"_acf_changed":false,"footnotes":""},"categories":[208,4,193,204,194,200,195,17],"tags":[125],"class_list":["post-776","post","type-post","status-publish","format-standard","hentry","category-ideas-escapadas","category-espana","category-europa","category-ideas-viajes-verano","category-islas-paradisiacas","category-rutas-por-espana","category-rutas-por-europa","category-viajes-por-europa","tag-mallorca"],"acf":[],"_links":{"self":[{"href":"https:\/\/www.centraldevacaciones.com\/blog\/wp-json\/wp\/v2\/posts\/776","targetHints":{"allow":["GET"]}}],"collection":[{"href":"https:\/\/www.centraldevacaciones.com\/blog\/wp-json\/wp\/v2\/posts"}],"about":[{"href":"https:\/\/www.centraldevacaciones.com\/blog\/wp-json\/wp\/v2\/types\/post"}],"author":[{"embeddable":true,"href":"https:\/\/www.centraldevacaciones.com\/blog\/wp-json\/wp\/v2\/users\/1"}],"replies":[{"embeddable":true,"href":"https:\/\/www.centraldevacaciones.com\/blog\/wp-json\/wp\/v2\/comments?post=776"}],"version-history":[{"count":0,"href":"https:\/\/www.centraldevacaciones.com\/blog\/wp-json\/wp\/v2\/posts\/776\/revisions"}],"wp:attachment":[{"href":"https:\/\/www.centraldevacaciones.com\/blog\/wp-json\/wp\/v2\/media?parent=776"}],"wp:term":[{"taxonomy":"category","embeddable":true,"href":"https:\/\/www.centraldevacaciones.com\/blog\/wp-json\/wp\/v2\/categories?post=776"},{"taxonomy":"post_tag","embeddable":true,"href":"https:\/\/www.centraldevacaciones.com\/blog\/wp-json\/wp\/v2\/tags?post=776"}],"curies":[{"name":"wp","href":"https:\/\/api.w.org\/{rel}","templated":true}]}}