{"id":7663,"date":"2020-06-19T13:26:58","date_gmt":"2020-06-19T11:26:58","guid":{"rendered":"https:\/\/www.centraldevacaciones.com\/blog\/?p=7663"},"modified":"2021-07-28T10:56:30","modified_gmt":"2021-07-28T08:56:30","slug":"ruta-por-hungria-descubre-el-pais-de-los-magiares","status":"publish","type":"post","link":"https:\/\/www.centraldevacaciones.com\/blog\/ruta-por-hungria-descubre-el-pais-de-los-magiares\/","title":{"rendered":"Ruta por Hungr\u00eda: descubre el pa\u00eds de los magiares"},"content":{"rendered":"\t\t<div data-elementor-type=\"wp-post\" data-elementor-id=\"7663\" class=\"elementor elementor-7663\" data-elementor-post-type=\"post\">\n\t\t\t\t\t\t<section class=\"elementor-section elementor-top-section elementor-element elementor-element-1871a452 elementor-section-boxed elementor-section-height-default elementor-section-height-default\" data-id=\"1871a452\" data-element_type=\"section\">\n\t\t\t\t\t\t<div class=\"elementor-container elementor-column-gap-default\">\n\t\t\t\t\t<div class=\"elementor-column elementor-col-100 elementor-top-column elementor-element elementor-element-741f9af4\" data-id=\"741f9af4\" data-element_type=\"column\">\n\t\t\t<div class=\"elementor-widget-wrap elementor-element-populated\">\n\t\t\t\t\t\t<div class=\"elementor-element elementor-element-1c341aa3 elementor-widget elementor-widget-text-editor\" data-id=\"1c341aa3\" data-element_type=\"widget\" data-widget_type=\"text-editor.default\">\n\t\t\t\t\t\t\t\t\t<p><\/p>\n<p> Seg\u00fan una encuesta realizada por&nbsp;European&nbsp;Best&nbsp;Destinations,&nbsp;<strong>Budapest,<\/strong>&nbsp;la capital de Hungr\u00eda, fue elegida el destino&nbsp;n\u00famero uno para visitar en&nbsp;2019.&nbsp;Y aunque son muchas las razones por las que hacer caso a esta recomendaci\u00f3n, los tesoros de este pa\u00eds de Europa del Este no acaban en su ciudad principal. \u00bfTe gustar\u00eda conocerlos? Si es as\u00ed, presta atenci\u00f3n a esta ruta como Europa que te sugerimos, con el que podr\u00e1s recorrer esta tierra a fondo. \u00a1Comenzamos!&nbsp;<\/p>\n<p><\/p>\n<p><\/p>\n<p>&nbsp; <\/p>\n<p><\/p>\n<p><\/p>\n<h2 class=\"wp-block-heading\">Qu\u00e9 ver en&nbsp;Budapest&nbsp;<\/h2>\n<p><\/p>\n<p><\/p>\n<p>a manera m\u00e1s c\u00f3moda de empezar la ruta por Hungr\u00eda es&nbsp;tomar un&nbsp;<a href=\"https:\/\/reservaviajes.centraldevacaciones.com\/ES\/idea\/285535\/oferta-de-viaje-a-budapest\" target=\"_blank\" rel=\"noreferrer noopener\"><strong>vuelo a Budapest<\/strong><\/a>. Adem\u00e1s de ser la primera atracci\u00f3n&nbsp;del pa\u00eds, con m\u00e1s de 4 millones de&nbsp;turistas&nbsp;al a\u00f1o, este es tambi\u00e9n un punto de partida ideal para hacer excursiones por Hungr\u00eda.&nbsp;&nbsp;<\/p>\n<p><\/p>\n<p><\/p>\n<p>De todos modos, no&nbsp;adelantaremos&nbsp;acontecimientos, ya que es mucho lo que hay que ver en&nbsp;Budapest.&nbsp;Una ciudad que, en realidad, son tres:&nbsp;<strong>\u00d3buda<\/strong>&nbsp;(o Vieja Buda),&nbsp;<strong>Buda,<\/strong>&nbsp;en la&nbsp;orilla occidental del Danubio, y&nbsp;<strong>Pest,<\/strong>&nbsp;en la margen&nbsp;oriental, si bien todas se unificaron&nbsp;en&nbsp;1873.&nbsp;<\/p>\n<p><\/p>\n<p><\/p>\n<p>Te aconsejamos empezar tu recorrido por Budapest en&nbsp;Buda, ubicada en una antigua colina. Entre sus principales reclamos, cabe referirse al&nbsp;<strong>Basti\u00f3n de los Pescadores<\/strong>&nbsp;(Hal\u00e1szb\u00e1stya), una terraza de estilo neorrom\u00e1nico que toma su nombre de los pescadores que defendieron esta parte de la ciudad en la Edad Media. Desde sus siete torres, gozar\u00e1s de una magn\u00edfica panor\u00e1mica del Danubio, la isla Margarita y Pest. Junto al mismo, se halla la&nbsp;<strong>iglesia de Mat\u00edas<\/strong>, de estilo neog\u00f3tico y embellecida con numerosos azulejos (la entrada es de pago). Tampoco hay que perderse el&nbsp;<strong>castillo de Buda<\/strong>, que alberg\u00f3 la residencia de los reyes h\u00fangaros. Aunque se complet\u00f3 por primera vez en 1265, la parte m\u00e1s antigua a\u00fan en pie es del siglo XIV. Hoy, el castillo da cabida a dos museos: la Galer\u00eda Nacional y el Museo de Historia de Budapest. \u00bfTe apetece relajarte? Si esa as\u00ed,&nbsp;en Buda tambi\u00e9n dispones de unos&nbsp;<strong>ba\u00f1os turcos.<\/strong>&nbsp;<\/p>\n<p><\/p>\n<p><\/p>\n<p>Al finalizar tu visita, en la misma orilla, puedes subir a la&nbsp;<strong>colina de&nbsp;G<\/strong><strong>e<\/strong><strong>ll<\/strong><strong>\u00e9<\/strong><strong>rt,<\/strong>&nbsp;el punto m\u00e1s alto de Budapest. El mejor momento del d\u00eda es la hora de la puesta de sol, donde podr\u00e1s&nbsp;ver el r\u00edo y Budapest iluminada desde una perspectiva excepcional.&nbsp;&nbsp;<\/p>\n<p><\/p>\n<p><\/p>\n<p>Desde all\u00ed, y cruzando&nbsp;alguno de&nbsp;los puentes sobre el Danubio \u2014el&nbsp;<strong>puente de las Cadenas<\/strong>&nbsp;es el m\u00e1s emblem\u00e1tico\u2014, llegar\u00e1s a Pest, la parte m\u00e1s moderna de Budapest y la que concentra un mayor n\u00famero de monumentos hist\u00f3ricos y rincones con encanto. Entre ellos, recomendamos el Parlamento de Hungr\u00eda, la Gran Sinagoga de Budapest,&nbsp;la segunda m\u00e1s grande del mundo;&nbsp;la catedral bas\u00edlica de San Esteban, la&nbsp;mayor iglesia de la&nbsp;ciudad; la avenida&nbsp;de&nbsp;Andr\u00e1ssy&nbsp;y&nbsp;V\u00e1ci&nbsp;Utca,&nbsp;las dos calles m\u00e1s importantes de Budapest; la plaza de los H\u00e9roes y el castillo de&nbsp;Vajdahunyad. No muy lejos de all\u00ed,&nbsp;te topar\u00e1s con&nbsp;los&nbsp;<strong>ba\u00f1os de&nbsp;Sz\u00e9chenyi,<\/strong>&nbsp;uno de los balnearios m\u00e1s bonitos de&nbsp;Europa.&nbsp;&nbsp;<\/p>\n<p><\/p>\n<p><\/p>\n<p>Por la noche, antes de descansar en tu&nbsp;<a href=\"https:\/\/www.centraldevacaciones.com\/blog\/hoteles-budapest\/\" target=\"_blank\">hotel en Budapest<\/a>, te animamos a visitar los&nbsp;<strong><em>ruin&nbsp;bars,<\/em><\/strong>&nbsp;bares que abren sus puertas en antiguas f\u00e1bricas o edificios en estado de abandono que han sido acondicionados como bares.&nbsp;&nbsp;<\/p>\n<p><\/p>\n<p><\/p>\n<div class=\"wp-block-image\">\n<figure class=\"aligncenter\"><img fetchpriority=\"high\" decoding=\"async\" width=\"640\" height=\"480\" src=\"https:\/\/www.centraldevacaciones.com\/blog\/wp-content\/uploads\/2020\/06\/1_Budapest.jpg\" alt=\"ruta por hungr\u00eda, Budapest\" class=\"wp-image-7664\" srcset=\"https:\/\/www.centraldevacaciones.com\/blog\/wp-content\/uploads\/2020\/06\/1_Budapest.jpg 640w, https:\/\/www.centraldevacaciones.com\/blog\/wp-content\/uploads\/2020\/06\/1_Budapest-300x225.jpg 300w\" sizes=\"(max-width: 640px) 100vw, 640px\" \/><\/figure>\n<\/div>\n<p><\/p>\n<p><\/p>\n<h2 class=\"wp-block-heading\">La curva del Danubio:&nbsp;Esztergom, Visegr\u00e1d y&nbsp;Szentendre&nbsp;<\/h2>\n<p><\/p>\n<p><\/p>\n<p>Seguimos con nuestro recorrido por los destinos seguros para este verano bajando hasta la provincia de Castell\u00f3n, en cuyo litoral aguarda la <strong>Costa de Azahar<\/strong>. Entre sus principales reclamos, podemos hablar de <strong>Vinar\u00f2s,<\/strong> un municipio tranquilo y con playas frecuentadas sobre todo por familias de la zona, y en la que no faltan algunos<em> pubs<\/em> junto al mar; de <strong>Pe\u00f1\u00edscola,<\/strong> un fotog\u00e9nico pueblo con un notable casco hist\u00f3rico y un impresionante castillo papal, o de <strong>Oropesa del Mar<\/strong>, donde llevan semanas trabajando para adaptar sus playas \u2014como las de Amplaries, La Concha y Morro de Gos a la llamada nueva normalidad, dot\u00e1ndolas de todas las garant\u00edas sanitarias.<\/p>\n<p><\/p>\n<p><\/p>\n<p>Una de las excursiones desde Budapest m\u00e1s&nbsp;frecuentes&nbsp;es el itinerario de&nbsp;<strong>Esztergom, Visegr\u00e1d y&nbsp;Szentendre<\/strong>, las tres ciudades m\u00e1s&nbsp;bonitas&nbsp;de la curva del Danubio. Realizando esta visita podr\u00e1s acercarte a algunos de los episodios m\u00e1s importantes de la historia h\u00fangara.&nbsp;&nbsp;<\/p>\n<p><\/p>\n<p><\/p>\n<p>La primera parada de este recorrido, organizado por turoperadores locales y de unas ocho horas de duraci\u00f3n, es&nbsp;<strong>Esztergom<\/strong><strong>,<\/strong>&nbsp;antigua capital del pa\u00eds y a\u00fan hoy centro de&nbsp;la&nbsp;Iglesia cat\u00f3lica&nbsp;h\u00fangara.&nbsp;De ah\u00ed que esta localidad d\u00e9 cabida a la&nbsp;<strong>catedral&nbsp;<\/strong><strong>de San Adalberto&nbsp;<\/strong>(1822-1869), la iglesia&nbsp;m\u00e1s grande de Hungr\u00eda. All\u00ed se hallan enterrados algunos cardenales famosos, como el&nbsp;primado&nbsp;J\u00f3zsef&nbsp;Mindszenty. Frente a la misma, se levanta el&nbsp;<strong>puente de Mar\u00eda Valeria<\/strong>, que conecta esta localidad con el pueblo de&nbsp;Sturovo, perteneciente a Eslovaquia. Desde&nbsp;este punto,&nbsp;podr\u00e1s sacar las mejores fotos de la catedral.&nbsp;&nbsp;<\/p>\n<p><\/p>\n<p><\/p>\n<p>El segundo lugar que se visitar\u00e1 es el&nbsp;<strong>castillo de&nbsp;<\/strong><strong>Visegr\u00e1d<\/strong><strong>,<\/strong>&nbsp;una fortificaci\u00f3n emplazada en lo alto de una monta\u00f1a y de&nbsp;mediados del siglo XIII.&nbsp;Su emplazamiento brinda unas vistas de ensue\u00f1o sobre el&nbsp;valle del Danubio.&nbsp;En el interior del castillo, se exhiben armaduras, escudos y recreaciones de escenas cotidianas&nbsp;del medievo&nbsp;a tama\u00f1o natural.&nbsp;&nbsp;<\/p>\n<p><\/p>\n<p><\/p>\n<p>Desde all\u00ed, y tras la comida, se pone rumbo a&nbsp;<strong>Szentendre<\/strong>,&nbsp;una peque\u00f1a ciudad barroca construida sobre&nbsp;un antiguo asentamiento medieval. Esta pintoresca localidad se ha ganado el sobrenombre&nbsp;del&nbsp;<em>Pueblo de los<\/em><em>&nbsp;Artistas<\/em>. Su centro hist\u00f3rico, formado por estrechas calles empedradas, cuenta con una decoraci\u00f3n que hace honor al sobrenombre de&nbsp;Szentendre, uno de los pueblos m\u00e1s bellos de Hungr\u00eda.&nbsp;Durante la temporada de verano, el regreso a Budapest&nbsp;desde all\u00ed&nbsp;se hace en barco, siguiendo el Danubio.&nbsp;&nbsp;<\/p>\n<p><\/p>\n<p><\/p>\n<figure class=\"wp-block-image\"><img decoding=\"async\" width=\"640\" height=\"480\" src=\"https:\/\/www.centraldevacaciones.com\/blog\/wp-content\/uploads\/2020\/06\/2_Szentendre.jpg\" alt=\"\" class=\"wp-image-7665\" srcset=\"https:\/\/www.centraldevacaciones.com\/blog\/wp-content\/uploads\/2020\/06\/2_Szentendre.jpg 640w, https:\/\/www.centraldevacaciones.com\/blog\/wp-content\/uploads\/2020\/06\/2_Szentendre-300x225.jpg 300w\" sizes=\"(max-width: 640px) 100vw, 640px\" \/><\/figure>\n<p><\/p>\n<p><\/p>\n<h2 class=\"wp-block-heading\">El&nbsp;Palacio de&nbsp;G\u00f6d\u00f6ll\u0151: el castillo de Sissi&nbsp;<\/h2>\n<p><\/p>\n<p><\/p>\n<p>A apenas 31 km de Budapest, te espera otra excursi\u00f3n indispensable en tu ruta por Hungr\u00eda: el&nbsp;<strong>P<\/strong><strong>alacio de&nbsp;G\u00f6d\u00f6ll\u0151<\/strong><strong>&nbsp;o&nbsp;<\/strong><strong>Palacio de&nbsp;Grassalkovich<\/strong><strong>,&nbsp;<\/strong>situado en&nbsp;G\u00f6d\u00f6ll\u0151<strong>&nbsp;<\/strong>y residencia de la emperatriz del&nbsp;desaparecido&nbsp;Imperio austroh\u00fangaro Isabel de Baviera, m\u00e1s conocida como Sissi.&nbsp;Aseguran que le gustaba tanto el pa\u00eds que, adem\u00e1s de aprender h\u00fangaro, opt\u00f3 por pasar la mayor parte de su tiempo all\u00ed.&nbsp;El espacio que nos&nbsp;ocupa era su lugar preferido. Su&nbsp;construcci\u00f3n&nbsp;dio comienzo&nbsp;en torno a 1733,&nbsp;con el austr\u00edaco&nbsp;Andr\u00e1s&nbsp;Mayerhoffer&nbsp;como maestro de obras.&nbsp;No obstante, el&nbsp;palacio,&nbsp;rodeado de agradables jardines,&nbsp;ha sufrido varios cambios y ampliaciones desde entonces. \u00bfTe animas a visitarlo?<\/p>\n<p><\/p>\n<p><\/p>\n<p><span data-ccp-props=\"{&quot;201341983&quot;:0,&quot;335551550&quot;:6,&quot;335551620&quot;:6,&quot;335559739&quot;:160,&quot;335559740&quot;:259}\">&nbsp;<\/span><\/p>\n<p><\/p>\n<p><\/p>\n<div class=\"wp-block-image\">\n<figure class=\"aligncenter\"><img decoding=\"async\" width=\"640\" height=\"480\" src=\"https:\/\/www.centraldevacaciones.com\/blog\/wp-content\/uploads\/2020\/06\/3_Palacio-de-Godollo.jpg\" alt=\"palacio de godillo, ruta por Hungr\u00eda \" class=\"wp-image-7666\" srcset=\"https:\/\/www.centraldevacaciones.com\/blog\/wp-content\/uploads\/2020\/06\/3_Palacio-de-Godollo.jpg 640w, https:\/\/www.centraldevacaciones.com\/blog\/wp-content\/uploads\/2020\/06\/3_Palacio-de-Godollo-300x225.jpg 300w\" sizes=\"(max-width: 640px) 100vw, 640px\" \/><\/figure>\n<\/div>\n<p><\/p>\n<p><\/p>\n<h2 class=\"wp-block-heading\">H\u00f6ll\u00f6k\u0151:&nbsp;un precioso pueblo tradicional&nbsp;<\/h2>\n<p><\/p>\n<p><\/p>\n<p>Otra excursi\u00f3n desde Budapest para sacar el m\u00e1ximo partido a tu ruta por Hungr\u00eda&nbsp;consiste en ir hasta&nbsp;H\u00f6ll\u00f6k\u0151. Se trata de&nbsp;un pueblo&nbsp;t\u00edpico&nbsp;de la campi\u00f1a h\u00fangara de menos de 400 habitantes, situado a unos 100 km de la capital magiar&nbsp;y declarado&nbsp;<strong>Patrimonio de la Humanidad por la UNESCO en 1987,&nbsp;<\/strong>gracias a&nbsp;sus interesantes muestras de arquitectura popular.&nbsp;Para llegar hasta all\u00ed en transporte p\u00fablico desde Budapest,&nbsp;dispones de&nbsp;un \u00fanico bus diario&nbsp;que sale a&nbsp;las&nbsp;08:30&nbsp;h&nbsp;desde&nbsp;la estaci\u00f3n de bus de&nbsp;Stadion&nbsp;(el autob\u00fas que efect\u00faa el trayecto de vuelta pasa por&nbsp;H\u00f6ll\u00f6k\u0151&nbsp;a las 15:00 h de lunes a s\u00e1bado o bien a las 16:00 h, los domingos). La duraci\u00f3n del recorrido es de dos horas exactas&nbsp;y el precio del billete es econ\u00f3mico.&nbsp;<\/p>\n<p><\/p>\n<p><\/p>\n<p>&nbsp;Una vez all\u00ed, te recomendamos pasear sin prisas por la localidad, prestando atenci\u00f3n a sus magn\u00edficas casas de madera, a las tiendas de artesan\u00eda y a sus peque\u00f1os museos, como el de las mu\u00f1ecas o el de las postales. A las afueras, resulta obligado entrar en el&nbsp;<strong>castillo de&nbsp;<\/strong><strong>H\u00f6ll\u00f6k\u0151<\/strong><strong>,<\/strong>&nbsp;originario del siglo XIII y perfectamente restaurado.&nbsp;&nbsp;<\/p>\n<p><\/p>\n<p><\/p>\n<div class=\"wp-block-image\">\n<figure class=\"aligncenter\"><img loading=\"lazy\" decoding=\"async\" width=\"640\" height=\"425\" src=\"https:\/\/www.centraldevacaciones.com\/blog\/wp-content\/uploads\/2020\/06\/4_Holloko.jpg\" alt=\"ruta por hungr\u00eda, holloko\" class=\"wp-image-7667\" srcset=\"https:\/\/www.centraldevacaciones.com\/blog\/wp-content\/uploads\/2020\/06\/4_Holloko.jpg 640w, https:\/\/www.centraldevacaciones.com\/blog\/wp-content\/uploads\/2020\/06\/4_Holloko-300x199.jpg 300w\" sizes=\"(max-width: 640px) 100vw, 640px\" \/><\/figure>\n<\/div>\n<p><\/p>\n<p><\/p>\n<h2 class=\"wp-block-heading\">Abad\u00eda de&nbsp;Pannonhalma&nbsp;<\/h2>\n<p><\/p>\n<p><\/p>\n<p>Desde Budapest, tambi\u00e9n hay que visitar&nbsp;el primer&nbsp;monasterio h\u00fangaro&nbsp;y&nbsp;el&nbsp;m\u00e1s importante&nbsp;del pa\u00eds, elevado a la categor\u00eda de&nbsp;<strong>Patrimonio de la Humanidad&nbsp;en 1996.<\/strong>&nbsp;Su historia arranca&nbsp;en el a\u00f1o 996, cuando los monjes benedictinos fundaron sobre una&nbsp;monta\u00f1a&nbsp;la primera escuela del pa\u00eds y&nbsp;redactaron&nbsp;el primer texto en lengua magiar.&nbsp;En la actualidad, este es el hogar de unos&nbsp;70 monjes. Entre sus principales dependencias,&nbsp;se cuentan&nbsp;a la iglesia, a la llamada&nbsp;Porta&nbsp;Speciosa&nbsp;y a su&nbsp;biblioteca,&nbsp;que re\u00fane unos&nbsp;300.000 vol\u00famenes.&nbsp;La abad\u00eda se encuentra a 96 km de Budapest.&nbsp;<\/p>\n<p><\/p>\n<p><\/p>\n<figure class=\"wp-block-image\"><img loading=\"lazy\" decoding=\"async\" width=\"640\" height=\"423\" src=\"https:\/\/www.centraldevacaciones.com\/blog\/wp-content\/uploads\/2020\/06\/5_Abadi\u0301a_Pannonhalma.jpg\" alt=\"Abad\u00eda Pannonhalma, ruta por Hungr\u00eda\" class=\"wp-image-7668\" srcset=\"https:\/\/www.centraldevacaciones.com\/blog\/wp-content\/uploads\/2020\/06\/5_Abadi\u0301a_Pannonhalma.jpg 640w, https:\/\/www.centraldevacaciones.com\/blog\/wp-content\/uploads\/2020\/06\/5_Abadi\u0301a_Pannonhalma-300x198.jpg 300w\" sizes=\"(max-width: 640px) 100vw, 640px\" \/><\/figure>\n<p><\/p>\n<p><\/p>\n<h2 class=\"wp-block-heading\">Visitar el lago&nbsp;Balat\u00f3n&nbsp;<\/h2>\n<p><\/p>\n<p><\/p>\n<p>Seguimos con las excursiones desde Budapest proponi\u00e9ndote&nbsp;viajar&nbsp;al lago&nbsp;Balat\u00f3n, el lago m\u00e1s grande de Europa central,&nbsp;ubicado unos&nbsp;80 km al suroeste de&nbsp;la capital h\u00fangara.&nbsp;Este&nbsp;enclave, de&nbsp;598 km<sup>2<\/sup><sup>&nbsp;<\/sup>de extensi\u00f3n,&nbsp;se ha consolidado como un importante activo&nbsp;tur\u00edstico gracias a sus&nbsp;tranquilas&nbsp;playas,&nbsp;colinas de origen&nbsp;volc\u00e1nico&nbsp;y&nbsp;hoteles, distribuidos a lo largo de sus&nbsp;197 km. En la localidad de&nbsp;<strong>Veszpr\u00e9m<\/strong><strong>,<\/strong>&nbsp;encontramos un castillo&nbsp;amurallado&nbsp;y, en la de&nbsp;<strong>Keszthely<\/strong>, el&nbsp;<strong>Museo&nbsp;Balat\u00f3n,<\/strong>&nbsp;con colecciones de arqueolog\u00eda y geolog\u00eda.&nbsp;&nbsp;<\/p>\n<p><\/p>\n<p><\/p>\n<p>La mejor \u00e9poca del a\u00f1o para visitar el lago es el verano, ya que los alrededores acogen algunos<strong>&nbsp;festivales<\/strong>&nbsp;con conciertos al aire libre.&nbsp;Sin embargo, si te gusta el pescado, podr\u00e1s saborear en cualquier momento el exquisito pescado fresco capturado in situ.&nbsp;&nbsp;<\/p>\n<p><\/p>\n<p><\/p>\n<figure class=\"wp-block-image\"><img loading=\"lazy\" decoding=\"async\" width=\"640\" height=\"402\" src=\"https:\/\/www.centraldevacaciones.com\/blog\/wp-content\/uploads\/2020\/06\/6_Balato\u0301n.jpg\" alt=\"Ruta por Hungr\u00eda. Balant\u00f3n\" class=\"wp-image-7669\" srcset=\"https:\/\/www.centraldevacaciones.com\/blog\/wp-content\/uploads\/2020\/06\/6_Balato\u0301n.jpg 640w, https:\/\/www.centraldevacaciones.com\/blog\/wp-content\/uploads\/2020\/06\/6_Balato\u0301n-300x188.jpg 300w\" sizes=\"(max-width: 640px) 100vw, 640px\" \/><\/figure>\n<p><\/p>\n<p><\/p>\n<h2 class=\"wp-block-heading\">Regi\u00f3n vin\u00edcola de&nbsp;Tokaj-Hegyalja&nbsp;<\/h2>\n<p><\/p>\n<p><\/p>\n<p>\u00bfTe&nbsp;apasiona&nbsp;el vino? Entonces, est\u00e1s de suerte, ya que Hungr\u00eda es un importante productor de esta bebida alcoh\u00f3lica. Si quieres degustarla en la principal regi\u00f3n vin\u00edcola h\u00fangara: la de&nbsp;Tokaj-Hegyalja, que forma parte de la lista del&nbsp;<strong>Patrimonio de la Humanidad desde 2002.<\/strong>&nbsp;Localizada en el&nbsp;noreste de Hungr\u00eda&nbsp;e integrada por una treintena de&nbsp;aldeas&nbsp;y 7.000 hect\u00e1reas de vi\u00f1edos, destaca por su belleza paisaj\u00edstica y su tranquilidad, ideal para desconectar y saborear una copa de vino. El que se produce en la regi\u00f3n, el&nbsp;<strong><em>asz\u00fa,<\/em><\/strong>&nbsp;es la m\u00e1s antigua de vino botritizado&nbsp;\u2014preparado con uvas sobre las que ha actuado un tipo espec\u00edfico de hongo\u2014, cuyo origen&nbsp;se remonta al siglo XVII.&nbsp;<\/p>\n<p><\/p>\n<p><\/p>\n<figure class=\"wp-block-image\"><img loading=\"lazy\" decoding=\"async\" width=\"643\" height=\"445\" src=\"https:\/\/www.centraldevacaciones.com\/blog\/wp-content\/uploads\/2020\/06\/7_Tojak-Hegyalja.jpg\" alt=\"Ruta por Hungr\u00eda. Ruta vin\u00edcola\" class=\"wp-image-7670\" srcset=\"https:\/\/www.centraldevacaciones.com\/blog\/wp-content\/uploads\/2020\/06\/7_Tojak-Hegyalja.jpg 643w, https:\/\/www.centraldevacaciones.com\/blog\/wp-content\/uploads\/2020\/06\/7_Tojak-Hegyalja-300x208.jpg 300w\" sizes=\"(max-width: 643px) 100vw, 643px\" \/><\/figure>\n<p><\/p>\n<p><\/p>\n<h2 class=\"wp-block-heading\">P\u00e9cs: descubre su pasado romano&nbsp;<\/h2>\n<p><\/p>\n<p><\/p>\n<p>Abandonamos Budapest para recorrer los 238 km que&nbsp;separan la capital h\u00fangara de P\u00e9cs, en el suroeste del pa\u00eds y una de las cinco mayores urbes h\u00fangaras. Su antigua&nbsp;<strong>necr\u00f3polis paleocristiana,<\/strong>&nbsp;de cuando P\u00e9cs se llamaba&nbsp;Sopianae,&nbsp;tambi\u00e9n figuran en la lista del Patrimonio&nbsp;de la Humanidad por la UNESCO&nbsp;desde el a\u00f1o 2000.&nbsp;Algunos de los sarc\u00f3fagos que han llegado hasta nuestros d\u00edas muestras escenas del&nbsp;<em>G\u00e9nesis&nbsp;<\/em>y de la Virgen Mar\u00eda. Tambi\u00e9n te recomendamos visitar la&nbsp;<strong>catedral de P\u00e9cs,<\/strong>&nbsp;cuyo primer edificio data del siglo IV. La construcci\u00f3n actual combina elementos rom\u00e1nicos, g\u00f3ticos, renacentistas y neorrom\u00e1nicos. Este \u00faltimo predomina en su fachada, restaurada en la d\u00e9cada de 1880. Tambi\u00e9n es aconsejable pasarse por el&nbsp;<strong>Museo&nbsp;Zsolnay,<\/strong>&nbsp;dedicado a una importante f\u00e1brica de cer\u00e1mica del siglo XIX, y por la&nbsp;<strong>plaza de&nbsp;<\/strong><strong>Sz\u00e9chenyi<\/strong><strong>,<\/strong>&nbsp;en la que se puede admirar la mezquita de&nbsp;<strong>Pasha&nbsp;Qasim.<\/strong><\/p>\n<p><\/p>\n<p><\/p>\n<figure class=\"wp-block-image\"><img loading=\"lazy\" decoding=\"async\" width=\"640\" height=\"426\" src=\"https:\/\/www.centraldevacaciones.com\/blog\/wp-content\/uploads\/2020\/06\/8_Pe\u0301cs.jpg\" alt=\"Ruta por Hungr\u00eda. P\u00e9cs\" class=\"wp-image-7671\" srcset=\"https:\/\/www.centraldevacaciones.com\/blog\/wp-content\/uploads\/2020\/06\/8_Pe\u0301cs.jpg 640w, https:\/\/www.centraldevacaciones.com\/blog\/wp-content\/uploads\/2020\/06\/8_Pe\u0301cs-300x200.jpg 300w\" sizes=\"(max-width: 640px) 100vw, 640px\" \/><\/figure>\n<p><\/p>\n<p><\/p>\n<h2 class=\"wp-block-heading\">Debrecen: la segunda ciudad de Hungr\u00eda&nbsp;<\/h2>\n<p><\/p>\n<p><\/p>\n<p>La \u00faltima parte de nuestra ruta por Hungr\u00eda nos lleva a&nbsp;Debrecen, situada a 304 km de P\u00e9cs y en el extremo oriental del pa\u00eds. Antigua capital h\u00fangara y&nbsp;segunda ciudad m\u00e1s grande del pa\u00eds,&nbsp;es tambi\u00e9n un destino que vale la pena conocer. Entre sus principales alicientes,&nbsp;habr\u00eda que hablar de&nbsp;la&nbsp;<strong>Gran Iglesia Reformada,<\/strong>&nbsp;la&nbsp;<strong>Universidad de Debrecen,<\/strong>&nbsp;el&nbsp;<strong>MODEM Debrecen,<\/strong>&nbsp;un museo de arte moderno y contempor\u00e1neo; el&nbsp;<strong>Nagyerd,<\/strong>&nbsp;el mayor bosque de Debrecen, que se extiende sobre la gran llanura h\u00fangara o&nbsp;<strong><em>puszta<\/em><\/strong><strong><em>,&nbsp;<\/em><\/strong>y el&nbsp;<strong>Parque Nacional del&nbsp;Hortob\u00e1gy<\/strong><strong>,<\/strong>&nbsp;declarado Patrimonio de la Humanidad en 1999. Adem\u00e1s, cada 20 de agosto, se celebra el carnaval de Debrecen,&nbsp;en el que las flores son las grandes protagonistas.&nbsp;<\/p>\n<p><\/p>\n<p><\/p>\n<figure class=\"wp-block-image\"><img loading=\"lazy\" decoding=\"async\" width=\"640\" height=\"480\" src=\"https:\/\/www.centraldevacaciones.com\/blog\/wp-content\/uploads\/2020\/06\/9_Debrecen.jpg\" alt=\"Ruta por Hungr\u00eda. Debrecen\" class=\"wp-image-7672\" srcset=\"https:\/\/www.centraldevacaciones.com\/blog\/wp-content\/uploads\/2020\/06\/9_Debrecen.jpg 640w, https:\/\/www.centraldevacaciones.com\/blog\/wp-content\/uploads\/2020\/06\/9_Debrecen-300x225.jpg 300w\" sizes=\"(max-width: 640px) 100vw, 640px\" \/><\/figure>\n<p><\/p>\n<p><\/p>\n<p>\u00bfQuieres aprovechar tu&nbsp;<a href=\"https:\/\/www.centraldevacaciones.com\/ofertas-viajes\/ofertas-centraldevacaciones-a-hungria;85;0;0;0;0.html\" target=\"_blank\"><b>viaje a Hungr\u00eda<\/b><\/a>&nbsp;para degustar la gastronom\u00eda h\u00fangara? En ese caso,&nbsp;no dejes de&nbsp;probar las&nbsp;salchichas&nbsp;al&nbsp;estilo&nbsp;de&nbsp;Debrecen&nbsp;(casi tan famosas como el&nbsp;<em>goulash&nbsp;<\/em>o la paprika).&nbsp;&nbsp;<\/p>\n<p><\/p>\n<p><\/p>\n<p>Con nuestras&nbsp;<a href=\"https:\/\/www.centraldevacaciones.com\/ofertas-viajes\/\" target=\"_blank\" rel=\"noreferrer noopener\"><strong>ofertas de viajes<\/strong><\/a>, podr\u00e1s&nbsp;recorre el pa\u00eds de los magiares a precios inmejorables, con vuelos y hoteles&nbsp;baratos y de calidad. \u00bfA\u00fan te lo est\u00e1s pensando?&nbsp;&nbsp;<\/p>\n<p><\/p>\t\t\t\t\t\t\t\t<\/div>\n\t\t\t\t\t<\/div>\n\t\t<\/div>\n\t\t\t\t\t<\/div>\n\t\t<\/section>\n\t\t\t\t<section class=\"elementor-section elementor-top-section elementor-element elementor-element-3fd66423 elementor-section-boxed elementor-section-height-default elementor-section-height-default\" data-id=\"3fd66423\" data-element_type=\"section\">\n\t\t\t\t\t\t<div class=\"elementor-container elementor-column-gap-custom\">\n\t\t\t\t\t<div class=\"elementor-column elementor-col-16 elementor-top-column elementor-element elementor-element-1990c166\" data-id=\"1990c166\" data-element_type=\"column\">\n\t\t\t<div class=\"elementor-widget-wrap elementor-element-populated\">\n\t\t\t\t\t\t<div class=\"elementor-element elementor-element-56d8b7c6 elementor-widget elementor-widget-image\" data-id=\"56d8b7c6\" data-element_type=\"widget\" data-widget_type=\"image.default\">\n\t\t\t\t\t\t\t\t\t\t\t\t\t\t\t<img loading=\"lazy\" decoding=\"async\" width=\"128\" height=\"128\" src=\"https:\/\/www.centraldevacaciones.com\/blog\/wp-content\/uploads\/2021\/05\/dom.png\" class=\"attachment-large size-large wp-image-12635\" alt=\"\" \/>\t\t\t\t\t\t\t\t\t\t\t\t\t\t\t<\/div>\n\t\t\t\t<div class=\"elementor-element elementor-element-40c7108c elementor-widget elementor-widget-heading\" data-id=\"40c7108c\" data-element_type=\"widget\" data-widget_type=\"heading.default\">\n\t\t\t\t\t<h3 class=\"elementor-heading-title elementor-size-default\"><a href=\"https:\/\/www.centraldevacaciones.com\/viajes\/\">Ofertas vacacionales<\/a><\/h3>\t\t\t\t<\/div>\n\t\t\t\t\t<\/div>\n\t\t<\/div>\n\t\t\t\t<div class=\"elementor-column elementor-col-16 elementor-top-column elementor-element elementor-element-11c823b8\" data-id=\"11c823b8\" data-element_type=\"column\">\n\t\t\t<div class=\"elementor-widget-wrap elementor-element-populated\">\n\t\t\t\t\t\t<div class=\"elementor-element elementor-element-17aeb2f8 elementor-widget elementor-widget-image\" data-id=\"17aeb2f8\" data-element_type=\"widget\" data-widget_type=\"image.default\">\n\t\t\t\t\t\t\t\t\t\t\t\t\t\t\t<img loading=\"lazy\" decoding=\"async\" width=\"128\" height=\"128\" src=\"https:\/\/www.centraldevacaciones.com\/blog\/wp-content\/uploads\/2021\/05\/camas.png\" class=\"attachment-large size-large wp-image-12637\" alt=\"\" \/>\t\t\t\t\t\t\t\t\t\t\t\t\t\t\t<\/div>\n\t\t\t\t<div class=\"elementor-element elementor-element-4d85d44b elementor-widget elementor-widget-heading\" data-id=\"4d85d44b\" data-element_type=\"widget\" data-widget_type=\"heading.default\">\n\t\t\t\t\t<h3 class=\"elementor-heading-title elementor-size-default\"><a href=\"https:\/\/www.centraldevacaciones.com\/blog\/hoteles-de-ciudad\/\">Ofertas hoteles<\/a><\/h3>\t\t\t\t<\/div>\n\t\t\t\t\t<\/div>\n\t\t<\/div>\n\t\t\t\t<div class=\"elementor-column elementor-col-16 elementor-top-column elementor-element elementor-element-5c858059\" data-id=\"5c858059\" data-element_type=\"column\">\n\t\t\t<div class=\"elementor-widget-wrap elementor-element-populated\">\n\t\t\t\t\t\t<div class=\"elementor-element elementor-element-77263687 elementor-widget elementor-widget-image\" data-id=\"77263687\" data-element_type=\"widget\" data-widget_type=\"image.default\">\n\t\t\t\t\t\t\t\t\t\t\t\t\t\t\t<img loading=\"lazy\" decoding=\"async\" width=\"128\" height=\"128\" src=\"https:\/\/www.centraldevacaciones.com\/blog\/wp-content\/uploads\/2021\/05\/avion-1.png\" class=\"attachment-large size-large wp-image-12639\" alt=\"\" \/>\t\t\t\t\t\t\t\t\t\t\t\t\t\t\t<\/div>\n\t\t\t\t<div class=\"elementor-element elementor-element-1902d70f elementor-widget elementor-widget-heading\" data-id=\"1902d70f\" data-element_type=\"widget\" data-widget_type=\"heading.default\">\n\t\t\t\t\t<h3 class=\"elementor-heading-title elementor-size-default\"><a href=\"https:\/\/www.centraldevacaciones.com\/blog\/destinos-vacaciones\/\">Mejores destinos<\/a><\/h3>\t\t\t\t<\/div>\n\t\t\t\t\t<\/div>\n\t\t<\/div>\n\t\t\t\t<div class=\"elementor-column elementor-col-16 elementor-top-column elementor-element elementor-element-a458e66\" data-id=\"a458e66\" data-element_type=\"column\">\n\t\t\t<div class=\"elementor-widget-wrap elementor-element-populated\">\n\t\t\t\t\t\t<div class=\"elementor-element elementor-element-4ad260eb elementor-widget elementor-widget-image\" data-id=\"4ad260eb\" data-element_type=\"widget\" data-widget_type=\"image.default\">\n\t\t\t\t\t\t\t\t\t\t\t\t\t\t\t<img loading=\"lazy\" decoding=\"async\" width=\"128\" height=\"128\" src=\"https:\/\/www.centraldevacaciones.com\/blog\/wp-content\/uploads\/2021\/05\/cama-solar.png\" class=\"attachment-large size-large wp-image-12640\" alt=\"\" \/>\t\t\t\t\t\t\t\t\t\t\t\t\t\t\t<\/div>\n\t\t\t\t<div class=\"elementor-element elementor-element-7726b208 elementor-widget elementor-widget-heading\" data-id=\"7726b208\" data-element_type=\"widget\" data-widget_type=\"heading.default\">\n\t\t\t\t\t<h3 class=\"elementor-heading-title elementor-size-default\"><a href=\"https:\/\/www.centraldevacaciones.com\/blog\/ofertas-circuitos\/\">Circuitos vacacionales<\/a><\/h3>\t\t\t\t<\/div>\n\t\t\t\t\t<\/div>\n\t\t<\/div>\n\t\t\t\t<div class=\"elementor-column elementor-col-16 elementor-top-column elementor-element elementor-element-7f9263a7\" data-id=\"7f9263a7\" data-element_type=\"column\">\n\t\t\t<div class=\"elementor-widget-wrap elementor-element-populated\">\n\t\t\t\t\t\t<div class=\"elementor-element elementor-element-2faa3f7e elementor-widget elementor-widget-image\" data-id=\"2faa3f7e\" data-element_type=\"widget\" data-widget_type=\"image.default\">\n\t\t\t\t\t\t\t\t\t\t\t\t\t\t\t<img loading=\"lazy\" decoding=\"async\" width=\"128\" height=\"128\" src=\"https:\/\/www.centraldevacaciones.com\/blog\/wp-content\/uploads\/2021\/05\/en-todo-el-mundo.png\" class=\"attachment-large size-large wp-image-12641\" alt=\"\" \/>\t\t\t\t\t\t\t\t\t\t\t\t\t\t\t<\/div>\n\t\t\t\t<div class=\"elementor-element elementor-element-71584af9 elementor-widget elementor-widget-heading\" data-id=\"71584af9\" data-element_type=\"widget\" data-widget_type=\"heading.default\">\n\t\t\t\t\t<h3 class=\"elementor-heading-title elementor-size-default\"><a href=\"https:\/\/www.centraldevacaciones.com\/blog\/vuelo-hotel\/\">Vuelo + hotel <\/a><\/h3>\t\t\t\t<\/div>\n\t\t\t\t\t<\/div>\n\t\t<\/div>\n\t\t\t\t<div class=\"elementor-column elementor-col-16 elementor-top-column elementor-element elementor-element-41244aa6\" data-id=\"41244aa6\" data-element_type=\"column\">\n\t\t\t<div class=\"elementor-widget-wrap elementor-element-populated\">\n\t\t\t\t\t\t<div class=\"elementor-element elementor-element-72d1f380 elementor-widget elementor-widget-image\" data-id=\"72d1f380\" data-element_type=\"widget\" data-widget_type=\"image.default\">\n\t\t\t\t\t\t\t\t\t\t\t\t\t\t\t<img loading=\"lazy\" decoding=\"async\" width=\"128\" height=\"128\" src=\"https:\/\/www.centraldevacaciones.com\/blog\/wp-content\/uploads\/2021\/05\/crucero.png\" class=\"attachment-large size-large wp-image-12642\" alt=\"\" \/>\t\t\t\t\t\t\t\t\t\t\t\t\t\t\t<\/div>\n\t\t\t\t<div class=\"elementor-element elementor-element-20286137 elementor-widget elementor-widget-heading\" data-id=\"20286137\" data-element_type=\"widget\" data-widget_type=\"heading.default\">\n\t\t\t\t\t<h3 class=\"elementor-heading-title elementor-size-default\"><a href=\"https:\/\/www.centraldevacaciones.com\/blog\/destinos-cruceros\/\">Ofertas  cruceros<\/a><\/h3>\t\t\t\t<\/div>\n\t\t\t\t\t<\/div>\n\t\t<\/div>\n\t\t\t\t\t<\/div>\n\t\t<\/section>\n\t\t\t\t<section class=\"elementor-section elementor-top-section elementor-element elementor-element-391329b elementor-section-boxed elementor-section-height-default elementor-section-height-default\" data-id=\"391329b\" data-element_type=\"section\">\n\t\t\t\t\t\t<div class=\"elementor-container elementor-column-gap-default\">\n\t\t\t\t\t<div class=\"elementor-column elementor-col-100 elementor-top-column elementor-element elementor-element-6581947\" data-id=\"6581947\" data-element_type=\"column\">\n\t\t\t<div class=\"elementor-widget-wrap elementor-element-populated\">\n\t\t\t\t\t\t<div class=\"elementor-element elementor-element-b24c8bd elementor-widget elementor-widget-text-editor\" data-id=\"b24c8bd\" data-element_type=\"widget\" data-widget_type=\"text-editor.default\">\n\t\t\t\t\t\t\t\t\t<p><span style=\"font-weight: 400;\">\u00bfTe gustar\u00eda poder disfrutar este verano de unas vacaciones en tu lugar favorito con los extras m\u00e1s premium que mejor se adapten a ti y poder contar la experiencia a tus conocidos? Est\u00e1s en el sitio correcto, \u00a1Si\u00e9ntete como en casa desde el primer d\u00eda de estancia en cualquier hotel reservado con Central de Vacaciones!<\/span><\/p>\n<p><span style=\"font-weight: 400;\">Haz tu reserva cuando quieras y a donde quieras, teniendo acceso a todo tipo de lujos para elegir y disfruta unos d\u00edas de verano inolvidables junto a las personas que m\u00e1s quieres. \u00a1Haz ya tu reserva antes de que se agote la disponibilidad a muchos destinos y disfruta de un verano espectacular cuando y donde quieras con Central de Vacaciones!<\/span><\/p>\t\t\t\t\t\t\t\t<\/div>\n\t\t\t\t\t<\/div>\n\t\t<\/div>\n\t\t\t\t\t<\/div>\n\t\t<\/section>\n\t\t\t\t<\/div>\n\t\t","protected":false},"excerpt":{"rendered":"<p>Seg\u00fan una encuesta realizada por&nbsp;European&nbsp;Best&nbsp;Destinations,&nbsp;Budapest,&nbsp;la capital de Hungr\u00eda, fue elegida el destino&nbsp;n\u00famero uno para visitar en&nbsp;2019.&nbsp;Y aunque son muchas las razones por las que hacer caso a esta recomendaci\u00f3n, los tesoros de este pa\u00eds de Europa del Este no acaban en su ciudad principal. \u00bfTe gustar\u00eda conocerlos? Si es as\u00ed, presta atenci\u00f3n a esta ruta [&hellip;]<\/p>\n","protected":false},"author":3,"featured_media":7667,"comment_status":"open","ping_status":"open","sticky":false,"template":"elementor_theme","format":"standard","meta":{"_acf_changed":false,"footnotes":""},"categories":[204,208,205,1,12],"tags":[252,184],"class_list":["post-7663","post","type-post","status-publish","format-standard","has-post-thumbnail","hentry","category-ideas-viajes-verano","category-ideas-escapadas","category-ideas-viajes-low-cost","category-vacaciones","category-viajes","tag-viajar-barato-a-europa","tag-viajes-baratos"],"acf":[],"_links":{"self":[{"href":"https:\/\/www.centraldevacaciones.com\/blog\/wp-json\/wp\/v2\/posts\/7663","targetHints":{"allow":["GET"]}}],"collection":[{"href":"https:\/\/www.centraldevacaciones.com\/blog\/wp-json\/wp\/v2\/posts"}],"about":[{"href":"https:\/\/www.centraldevacaciones.com\/blog\/wp-json\/wp\/v2\/types\/post"}],"author":[{"embeddable":true,"href":"https:\/\/www.centraldevacaciones.com\/blog\/wp-json\/wp\/v2\/users\/3"}],"replies":[{"embeddable":true,"href":"https:\/\/www.centraldevacaciones.com\/blog\/wp-json\/wp\/v2\/comments?post=7663"}],"version-history":[{"count":0,"href":"https:\/\/www.centraldevacaciones.com\/blog\/wp-json\/wp\/v2\/posts\/7663\/revisions"}],"wp:featuredmedia":[{"embeddable":true,"href":"https:\/\/www.centraldevacaciones.com\/blog\/wp-json\/wp\/v2\/media\/7667"}],"wp:attachment":[{"href":"https:\/\/www.centraldevacaciones.com\/blog\/wp-json\/wp\/v2\/media?parent=7663"}],"wp:term":[{"taxonomy":"category","embeddable":true,"href":"https:\/\/www.centraldevacaciones.com\/blog\/wp-json\/wp\/v2\/categories?post=7663"},{"taxonomy":"post_tag","embeddable":true,"href":"https:\/\/www.centraldevacaciones.com\/blog\/wp-json\/wp\/v2\/tags?post=7663"}],"curies":[{"name":"wp","href":"https:\/\/api.w.org\/{rel}","templated":true}]}}