{"id":759,"date":"2016-02-25T17:50:56","date_gmt":"2016-02-25T16:50:56","guid":{"rendered":"http:\/\/www.centraldevacaciones.com\/opiniones\/?p=759"},"modified":"2021-07-20T10:52:37","modified_gmt":"2021-07-20T08:52:37","slug":"conozca-nuevos-lugares-viaje-a-formentera","status":"publish","type":"post","link":"https:\/\/www.centraldevacaciones.com\/blog\/conozca-nuevos-lugares-viaje-a-formentera\/","title":{"rendered":"Conozca nuevos lugares, viaje a Formentera"},"content":{"rendered":"\t\t<div data-elementor-type=\"wp-post\" data-elementor-id=\"759\" class=\"elementor elementor-759\" data-elementor-post-type=\"post\">\n\t\t\t\t\t\t<section class=\"elementor-section elementor-top-section elementor-element elementor-element-1c2e597f elementor-section-boxed elementor-section-height-default elementor-section-height-default\" data-id=\"1c2e597f\" data-element_type=\"section\">\n\t\t\t\t\t\t<div class=\"elementor-container elementor-column-gap-default\">\n\t\t\t\t\t<div class=\"elementor-column elementor-col-100 elementor-top-column elementor-element elementor-element-8641cb\" data-id=\"8641cb\" data-element_type=\"column\">\n\t\t\t<div class=\"elementor-widget-wrap elementor-element-populated\">\n\t\t\t\t\t\t<div class=\"elementor-element elementor-element-2d53af4a elementor-widget elementor-widget-text-editor\" data-id=\"2d53af4a\" data-element_type=\"widget\" data-widget_type=\"text-editor.default\">\n\t\t\t\t\t\t\t\t\t<h1>Turismo en Formentera.<\/h1>\nFormentera, el \u00faltimo para\u00edso del Mediterr\u00e1neo. Esta es conocida de esa forma por haber logrado la relaci\u00f3n justa entre el turismo y la protecci\u00f3n del medio ambiente.\n\nDurante muchas generaciones, los lugare\u00f1os hicieron posible que se conserve con playas y aguas cristalinas, y con un clima que la hacen una joya del mar que la rodea.\n\nFormentera es un municipio espa\u00f1ol, que se halla ubicado dentro del mar Mediterr\u00e1neo. En la isla Formentera se puede disfrutar del ambiente natural, una belleza sin igual. Si est\u00e1 preparando uno de sus viajes y no sabe qu\u00e9 destino tomar, pues aqu\u00ed le dejamos algunas de las cosas que le pueden ayudar mucho para que organice sus vacaciones, pero antes que nada pregunte por las <a href=\"https:\/\/www.centraldevacaciones.com\/hoteles-costas\/listado_sd.php?nombre=&amp;categoria=&amp;desde=10&amp;tipo=ISB&amp;destino=24&amp;zona=\"><strong>ofertas de viajes a Formentera<\/strong><\/a>, as\u00ed podr\u00e1 viajar m\u00e1s seguro y con menos presupuesto.\n\n&nbsp;\n\n<iframe title=\"Formentera El \u00faltimo para\u00edso del Mediterr\u00e1neo\" width=\"800\" height=\"600\" src=\"https:\/\/www.youtube.com\/embed\/zg3r9NU3oPk?feature=oembed\" frameborder=\"0\" allow=\"accelerometer; autoplay; clipboard-write; encrypted-media; gyroscope; picture-in-picture; web-share\" referrerpolicy=\"strict-origin-when-cross-origin\" allowfullscreen><\/iframe>\n\nLa \u00fanica forma en que puedes llegar es en barco desde <a href=\"http:\/\/blog.centraldevacaciones.com\/espana\/ofertas-islas-baleares-mallorca-menorca-ibiza-y-formentera.html\">Ibiza<\/a>. Esto, es un punto a favor de la isla, que la convierte en algo tranquilo alejado del estr\u00e9s y del aglutinamiento de personas. Podr\u00e1s gozar de la isla paseando en bicicleta, ba\u00f1\u00e1ndote en alguna de las tantas playas de arena blanca y con aguas transparentes, donde podr\u00e1s hacer cualquier deporte acu\u00e1tico. Lo que la hace ser due\u00f1a de un mar \u00fanico en cristalinidad y que la diferencia del resto del Mediterr\u00e1neo, es que a la isla la rodea la pradera de posidonia, que es una depuradora natural, limpia el agua y permite la sedimentaci\u00f3n de la arena en el litoral. Esta es una gran selva submarina que declararon Patrimonio de la Humanidad en 1999.\n\nLa diferencia que marca la isla es el respeto por la naturaleza, la perdurabilidad de su propia cultura, y la visi\u00f3n que busca lograr exclusividad a trav\u00e9s del cuidado del medio ambiente.\n\nFormentera no solo es un para\u00edso del Mediterr\u00e1neo en que te puedes relajar y disfrutar en paz. Adem\u00e1s tiene muchas posibilidades de realizar actividades y ofrece condiciones inmejorables para los deportes n\u00e1uticos, ideal para el submarinismo, debido a lo transparente y templada que es el agua del marm aden\u00e1s la forma de la isla permite practicar vela y windsurf todos los d\u00edas del a\u00f1o. Encontrar\u00e1s gran oferta de actividades para cualquier edad, para hacer solo o en familia. En las rutas verdes puedes disfrutar la bicicleta o el trekking que lo llevar\u00e1n a lugares rec\u00f3nditos y secretos de la isla. Deportes con todos los niveles de dificultad como windsurf o el kitesurf. Podr\u00e1s navegar en kayak para visitar grutas y cuevas escondidas en cercan\u00edas a la costa y un hermoso paisaje submarino. Como dato podemos decirle que en el Puerto de la Savina est\u00e1 la Escuela Municipal de Vela, en que imparten cursos de windsurf, catamar\u00e1n, l\u00e1ser, kayak, etc.\n\nPor las caracter\u00edsticas de la isla es evidente que lo mejor para recorrerla es a pie o en bicicleta, que adem\u00e1s de ser ecol\u00f3gicas se puede visitar todos los lugares. Cuando usted llegue podr\u00e1 pedir que le faciliten la informaci\u00f3n de caminos en bicicleta o a pie, donde admirar\u00e1 lugares desconocidos y le permiten tomar contacto con la naturaleza.\n\n<iframe title=\"Spot Formentera Spanish\" width=\"800\" height=\"450\" src=\"https:\/\/www.youtube.com\/embed\/2Wsm86d9qEo?feature=oembed\" frameborder=\"0\" allow=\"accelerometer; autoplay; clipboard-write; encrypted-media; gyroscope; picture-in-picture; web-share\" referrerpolicy=\"strict-origin-when-cross-origin\" allowfullscreen><\/iframe>\n\nLo que hay que tener en cuenta siempre es colaborar con el lugar, respetando el entorno, evitando ensuciar y siempre acatar los carteles indicadores que se ir\u00e1n apareciendo en contacto con la naturaleza.\n\nLa isla de Formentera tiene caracter\u00edsticas inmejorables a la hora de practicar submarinismo. Sus costas constituyen uno de los pocos rincones que est\u00e1n bien conservados en el Mediterr\u00e1neo. En este lugar se encuentra la Reserva Marina del Freos de Ibiza y Formentera. Este es el \u00fanico espacio natural de todo el Mar Mediterr\u00e1neo incluido en la lista de Bienes Patrimonio de la Humanidad de UNESCO. Cuando uno hace inmersiones, se debe destacar la visibilidad que tendr\u00e1 (hasta unos 50 metros) con una variedad de paisajes que caracteriza la zona: cuevas, pecios, inmersiones poco profundas de bello paisaje, praderas de posidonia, etc.\n\nLa visibilidad del agua var\u00eda seg\u00fan la temporada, yendo de 15 hasta los 50 metros. El clima es muy bueno durante todo el a\u00f1o, lo que le permitir\u00e1 bucear a lo largo de toda la temporada con temperaturas m\u00e1ximas de 30 grados en el verano, unos 22 en primavera y oto\u00f1o y unos 15 grados en el invierno.\n\nLa caracter\u00edstica que destaca al buceo en Formentera es la gran variedad de paisajes submarinos que se pueden encontrar en una zona tan reducida. A las pocas millas al norte se puede bucear en paredes, precios, cuevas, etc.\n\nEl turismo en Formentera no solo es para los que desean pasar el tiempo en la playa o buceando. Tambi\u00e9n resulta un para\u00edso para los que aman navegar a vela y en cayac en el mar. Cuenta con 69 km de litoral, en los que 40 son de costa arenosa. Se ubica al sur de Ibiza y hacen que sea un lugar de sue\u00f1os para disfrutar de la navegaci\u00f3n a vela. Las distancias son cortas y se peude desplazar en poco tiempo de sur a norte o una excursi\u00f3n a Ibiza en unas 2 horas.\n\nEl agua al ser tan turquesa, hace que si uno navega a una milla de la costa hace parecer que vuela a varios metros sobre un azul que alterna con el marr\u00f3n de las rocas y los verdes de los bancos de posidonia.\n\nPara los amantes de la vela ligera, la isla le ofrece la posibilidad de encontrar condiciones a la carta. Los vientos reinantes son los de componente este en per\u00edodo estival y oeste en el invierno. La isla tiene una playa de 3 km de longitud con agua en sus dos caras, que se orienta de norte a sur y con un paso en el medio entre la isla Formentera y el islote de Espalmador. El viento hace que durante el verano la cara este de la playa tenga olas y la orientada a poniente viento de tierra constante, poco rol\u00f3n y mar plana.\n\nEn el per\u00edodo estival, tiene vientos ligeros o medios, de entre 5 \u2013 15 nudos, nunca menos, como rara vez superiores. En el invierno es diferente, porque se encuentra o la calma o vientos que superan los 30 nudos. Es un para\u00edso para la navegaci\u00f3n en familia y para la iniciaci\u00f3n en el verano, y para los expertos en el invierno.\n\nLa isla da buenas condiciones para tecnificar el deporte. Son muy magnificas sus condiciones, y es tan as\u00ed que la mejor regatista de la historia decidi\u00f3 instalarse para su entrenamiento en la isla, siendo confirmado por ella como uno de los mejores lugares de la geograf\u00eda espa\u00f1ola para la tecnificaci\u00f3n de la vela.\n\n&nbsp;\n\n<iframe title=\"Pasi\u00f3n por Formentera\" width=\"800\" height=\"600\" src=\"https:\/\/www.youtube.com\/embed\/HBpb_ARSHSs?feature=oembed\" frameborder=\"0\" allow=\"accelerometer; autoplay; clipboard-write; encrypted-media; gyroscope; picture-in-picture; web-share\" referrerpolicy=\"strict-origin-when-cross-origin\" allowfullscreen><\/iframe>\n\nBuenas <strong>ofertas de viajes a Formentera<\/strong>, est\u00e1n disponibles para que se pueda organizar unas buenas y merecidas vacaciones. Formentera es uno de los tantos destinos tur\u00edsticos que tiene Espa\u00f1a en la parte del mediterr\u00e1neo que le corresponde.\n\n&nbsp;\n\n&nbsp;\n\n<a href=\"https:\/\/www.centraldevacaciones.com\/viajes\/ofertas-a-Formentera.html\"><img decoding=\"async\" class=\"aligncenter size-medium wp-image-802\" title=\"BannerSeccionesFormen\" src=\"http:\/\/www.centraldevacaciones.com\/opiniones\/wp-content\/uploads\/2014\/06\/BannerSeccionesFormen-300x57.jpg\" alt=\"\" width=\"300\" height=\"57\" srcset=\"https:\/\/www.centraldevacaciones.com\/blog\/wp-content\/uploads\/2014\/06\/BannerSeccionesFormen-300x57.jpg 300w, https:\/\/www.centraldevacaciones.com\/blog\/wp-content\/uploads\/2014\/06\/BannerSeccionesFormen-768x146.jpg 768w, https:\/\/www.centraldevacaciones.com\/blog\/wp-content\/uploads\/2014\/06\/BannerSeccionesFormen.jpg 920w\" sizes=\"(max-width: 300px) 100vw, 300px\" \/><\/a>\n\nFormentera, forma parte de lo que en Espa\u00f1a se llama, comunidad aut\u00f3noma, y a la comunidad que pertenece Formentera es \u00a0Balear. En total son cuatro islas las que conforman la comunidad aut\u00f3noma de Balear, y Formentera es una de ellas. Tambi\u00e9n es importante recalcar, por si han escuchado hablar de las islas Pitiusas, la isla Formentera y la isla Ibiza y otros islotes, son parte\u00a0 de las islas Pitiusas. Ahora con m\u00e1s seguridad puedes consultar las <strong>ofertas de viajes a Formentera.<\/strong>\n\nSin duda alguna se est\u00e1n preguntando si esta isla es conf\u00edale y hay habitantes en e el lugar, pues, si, hay habitantes. De acuerdo con datos del INE para el a\u00f1o 2012, se contabilizaban 10,757 habitantes. De hecho esta isla como ya se dijo antes es parte de las islas Baleares y de ese grupo, Formentera es la m\u00e1s peque\u00f1a de todas. Se ubica al costado sur de la isla Ibiza, con la cual se separan unos 3.6km. En toda la pen\u00ednsula ib\u00e9rica, el lugar m\u00e1s cercano a Formentera es Denia perteneciente a la provincia de Alicante, la cual se ubica a 100km de Formentera.\n\nLa isla Formentera le ofrece un m\u00ednimo de 69km, completamente disponibles en sus playas, es decir, usted tendr\u00e1 suficiente espacio para disfrutar de sus vacaciones y mejor a\u00fan, si lo hace viajando con las <strong>ofertas de viajes a Formentera<\/strong>, que le dar\u00e1n una mejor garant\u00eda de su estad\u00eda en este lugar, en el cual podr\u00e1 disfrutar de su inmensa belleza,, la cual obtiene de sus preciosos acantilados, donde la sensaci\u00f3n suave del clima reposa naturalmente sobre la piel de los habitantes y visitantes turistas, el promedio de temperatura es de 18.6<sup>0<\/sup> C\n\nSi buscas diversi\u00f3n pero al mismo tiempo un lugar en el que puedas estar relajado por mucho tiempo, libre del estr\u00e9s que provoca el ruido de la ciudad, el trabajo de la oficina o la universidad, o la monoton\u00eda del hogar, entonces debes de comenzar por planear unas vacaciones, y una de las recomendaciones que te doy es que visites las islas del territorio espa\u00f1ol que se encuentran en el oc\u00e9ano atl\u00e1ntico, entre las cuales podemos encontrar <strong>Formentera<\/strong>, aunque tambi\u00e9n hay otras como Ibiza, Mallorca o Lanzarote.\n\n<img fetchpriority=\"high\" decoding=\"async\" class=\"aligncenter size-medium wp-image-716\" title=\"Woman Swimming in Shoal Bay\" src=\"http:\/\/www.centraldevacaciones.com\/opiniones\/wp-content\/uploads\/2014\/06\/formentera-apartamentos-5-300x210.jpg\" alt=\"foto isla\" width=\"300\" height=\"210\" srcset=\"https:\/\/www.centraldevacaciones.com\/blog\/wp-content\/uploads\/2014\/06\/formentera-apartamentos-5-300x210.jpg 300w, https:\/\/www.centraldevacaciones.com\/blog\/wp-content\/uploads\/2014\/06\/formentera-apartamentos-5.jpg 400w\" sizes=\"(max-width: 300px) 100vw, 300px\" \/>\n\nA pesar de tener un espacio limitado, la isla de Formentera tiene una inmensa <strong>variedad de actividades<\/strong> que te van a sorprender y que podr\u00e1s realizar con tu pareja, amigos o familia, empecemos hablando de la costa de la isla que cuenta con playas de vistas incre\u00edbles, las <strong>playas<\/strong> son de arena o de roca adem\u00e1s hay acantilados, calas\u2026 etc.\n\nTodo lo que puedas imaginar se encuentra en esta isla, si nos propusi\u00e9ramos resumir Formentera en dos palabras creo que todos estar\u00edamos de acuerdo eligiendo \u201c<strong>Para\u00edso Natural<\/strong>\u201d, ya que esta isla es un aut\u00e9ntico para\u00edso rodeado de maravillas como por ejemplo las playas de arena blanca y aguas cristalinas, \u00bfA qui\u00e9n lo le gustar\u00eda ba\u00f1arse en ellas?, estas playas son una de las miles de maravillas que tiene esta isla.\n\nTambi\u00e9n podremos visitar los mercadillos hippies que la isla sigue conservando con mucho orgullo, otra cosa que podremos visitar son los molinos de Formentera que aunque nos pueda parecer una tonter\u00eda son una de las cosas m\u00e1s visitadas de la isla por su aspecto tan antiguo y encantador.\n\nEntre las cosas <strong>Que hacer en Formentera<\/strong> hay una que seguramente os llame mucho la atenci\u00f3n y es recorrer la isla en bicicleta y disfrutar del aire puro y el olor a mar.\t\t\t\t\t\t\t\t<\/div>\n\t\t\t\t\t<\/div>\n\t\t<\/div>\n\t\t\t\t\t<\/div>\n\t\t<\/section>\n\t\t\t\t<section class=\"elementor-section elementor-top-section elementor-element elementor-element-4abf0846 elementor-section-boxed elementor-section-height-default elementor-section-height-default\" data-id=\"4abf0846\" data-element_type=\"section\">\n\t\t\t\t\t\t<div class=\"elementor-container elementor-column-gap-default\">\n\t\t\t\t\t<div class=\"elementor-column elementor-col-16 elementor-top-column elementor-element elementor-element-5f151bfa\" data-id=\"5f151bfa\" data-element_type=\"column\">\n\t\t\t<div class=\"elementor-widget-wrap elementor-element-populated\">\n\t\t\t\t\t\t<div class=\"elementor-element elementor-element-12c3f32e elementor-widget elementor-widget-image\" data-id=\"12c3f32e\" data-element_type=\"widget\" data-widget_type=\"image.default\">\n\t\t\t\t\t\t\t\t\t\t\t\t\t\t\t<img decoding=\"async\" width=\"128\" height=\"128\" src=\"https:\/\/www.centraldevacaciones.com\/blog\/wp-content\/uploads\/2020\/09\/espana.png\" class=\"attachment-large size-large wp-image-12730\" alt=\"\" \/>\t\t\t\t\t\t\t\t\t\t\t\t\t\t\t<\/div>\n\t\t\t\t<div class=\"elementor-element elementor-element-256cc28c elementor-widget elementor-widget-heading\" data-id=\"256cc28c\" data-element_type=\"widget\" data-widget_type=\"heading.default\">\n\t\t\t\t\t<h3 class=\"elementor-heading-title elementor-size-default\"><a href=\"https:\/\/www.centraldevacaciones.com\/blog\/ofertas-de-vacaciones\/\">Viajes por Espa\u00f1a<\/a><\/h3>\t\t\t\t<\/div>\n\t\t\t\t\t<\/div>\n\t\t<\/div>\n\t\t\t\t<div class=\"elementor-column elementor-col-16 elementor-top-column elementor-element elementor-element-2b4c3768\" data-id=\"2b4c3768\" data-element_type=\"column\">\n\t\t\t<div class=\"elementor-widget-wrap elementor-element-populated\">\n\t\t\t\t\t\t<div class=\"elementor-element elementor-element-3efc68a elementor-widget elementor-widget-image\" data-id=\"3efc68a\" data-element_type=\"widget\" data-widget_type=\"image.default\">\n\t\t\t\t\t\t\t\t\t\t\t\t\t\t\t<img loading=\"lazy\" decoding=\"async\" width=\"128\" height=\"128\" src=\"https:\/\/www.centraldevacaciones.com\/blog\/wp-content\/uploads\/2020\/09\/isla.png\" class=\"attachment-large size-large wp-image-12732\" alt=\"\" \/>\t\t\t\t\t\t\t\t\t\t\t\t\t\t\t<\/div>\n\t\t\t\t<div class=\"elementor-element elementor-element-1e3668cc elementor-widget elementor-widget-heading\" data-id=\"1e3668cc\" data-element_type=\"widget\" data-widget_type=\"heading.default\">\n\t\t\t\t\t<h3 class=\"elementor-heading-title elementor-size-default\"><a href=\"https:\/\/www.centraldevacaciones.com\/blog\/vacaciones-mejores-islas-espana\/\">Islas de Espa\u00f1a<\/a><\/h3>\t\t\t\t<\/div>\n\t\t\t\t\t<\/div>\n\t\t<\/div>\n\t\t\t\t<div class=\"elementor-column elementor-col-16 elementor-top-column elementor-element elementor-element-2db9f646\" data-id=\"2db9f646\" data-element_type=\"column\">\n\t\t\t<div class=\"elementor-widget-wrap elementor-element-populated\">\n\t\t\t\t\t\t<div class=\"elementor-element elementor-element-7be8707f elementor-widget elementor-widget-image\" data-id=\"7be8707f\" data-element_type=\"widget\" data-widget_type=\"image.default\">\n\t\t\t\t\t\t\t\t\t\t\t\t\t\t\t<img loading=\"lazy\" decoding=\"async\" width=\"128\" height=\"128\" src=\"https:\/\/www.centraldevacaciones.com\/blog\/wp-content\/uploads\/2021\/05\/avion-1.png\" class=\"attachment-large size-large wp-image-12639\" alt=\"\" \/>\t\t\t\t\t\t\t\t\t\t\t\t\t\t\t<\/div>\n\t\t\t\t<div class=\"elementor-element elementor-element-7d35e336 elementor-widget elementor-widget-heading\" data-id=\"7d35e336\" data-element_type=\"widget\" data-widget_type=\"heading.default\">\n\t\t\t\t\t<h3 class=\"elementor-heading-title elementor-size-default\"><a href=\"https:\/\/www.centraldevacaciones.com\/viajes\/ofertas-a-islas-canarias.html\">Viajes a Canarias<\/a><\/h3>\t\t\t\t<\/div>\n\t\t\t\t\t<\/div>\n\t\t<\/div>\n\t\t\t\t<div class=\"elementor-column elementor-col-16 elementor-top-column elementor-element elementor-element-38d04545\" data-id=\"38d04545\" data-element_type=\"column\">\n\t\t\t<div class=\"elementor-widget-wrap elementor-element-populated\">\n\t\t\t\t\t\t<div class=\"elementor-element elementor-element-43dc2190 elementor-widget elementor-widget-image\" data-id=\"43dc2190\" data-element_type=\"widget\" data-widget_type=\"image.default\">\n\t\t\t\t\t\t\t\t\t\t\t\t\t\t\t<img loading=\"lazy\" decoding=\"async\" width=\"128\" height=\"128\" src=\"https:\/\/www.centraldevacaciones.com\/blog\/wp-content\/uploads\/2020\/09\/sombrilla.png\" class=\"attachment-large size-large wp-image-12733\" alt=\"\" \/>\t\t\t\t\t\t\t\t\t\t\t\t\t\t\t<\/div>\n\t\t\t\t<div class=\"elementor-element elementor-element-5989d067 elementor-widget elementor-widget-heading\" data-id=\"5989d067\" data-element_type=\"widget\" data-widget_type=\"heading.default\">\n\t\t\t\t\t<h3 class=\"elementor-heading-title elementor-size-default\"><a href=\"https:\/\/www.centraldevacaciones.com\/viajes\/ofertas-a-lanzarote.html\">Viajes a Lanzarote<\/a><\/h3>\t\t\t\t<\/div>\n\t\t\t\t\t<\/div>\n\t\t<\/div>\n\t\t\t\t<div class=\"elementor-column elementor-col-16 elementor-top-column elementor-element elementor-element-25c92693\" data-id=\"25c92693\" data-element_type=\"column\">\n\t\t\t<div class=\"elementor-widget-wrap elementor-element-populated\">\n\t\t\t\t\t\t<div class=\"elementor-element elementor-element-6a82c3ec elementor-widget elementor-widget-image\" data-id=\"6a82c3ec\" data-element_type=\"widget\" data-widget_type=\"image.default\">\n\t\t\t\t\t\t\t\t\t\t\t\t\t\t\t<img loading=\"lazy\" decoding=\"async\" width=\"128\" height=\"128\" src=\"https:\/\/www.centraldevacaciones.com\/blog\/wp-content\/uploads\/2020\/09\/avion.png\" class=\"attachment-large size-large wp-image-12734\" alt=\"\" \/>\t\t\t\t\t\t\t\t\t\t\t\t\t\t\t<\/div>\n\t\t\t\t<div class=\"elementor-element elementor-element-30ffd3cc elementor-widget elementor-widget-heading\" data-id=\"30ffd3cc\" data-element_type=\"widget\" data-widget_type=\"heading.default\">\n\t\t\t\t\t<h3 class=\"elementor-heading-title elementor-size-default\"><a href=\"https:\/\/www.centraldevacaciones.com\/viajes\/ofertas-a-islas-baleares.html\">Viajes a las Baleares<\/a><\/h3>\t\t\t\t<\/div>\n\t\t\t\t\t<\/div>\n\t\t<\/div>\n\t\t\t\t<div class=\"elementor-column elementor-col-16 elementor-top-column elementor-element elementor-element-647bb3a3\" data-id=\"647bb3a3\" data-element_type=\"column\">\n\t\t\t<div class=\"elementor-widget-wrap elementor-element-populated\">\n\t\t\t\t\t\t<div class=\"elementor-element elementor-element-2277ee81 elementor-widget elementor-widget-image\" data-id=\"2277ee81\" data-element_type=\"widget\" data-widget_type=\"image.default\">\n\t\t\t\t\t\t\t\t\t\t\t\t\t\t\t<img loading=\"lazy\" decoding=\"async\" width=\"128\" height=\"128\" src=\"https:\/\/www.centraldevacaciones.com\/blog\/wp-content\/uploads\/2021\/05\/dom.png\" class=\"attachment-large size-large wp-image-12635\" alt=\"\" \/>\t\t\t\t\t\t\t\t\t\t\t\t\t\t\t<\/div>\n\t\t\t\t<div class=\"elementor-element elementor-element-7c3f3f39 elementor-widget elementor-widget-heading\" data-id=\"7c3f3f39\" data-element_type=\"widget\" data-widget_type=\"heading.default\">\n\t\t\t\t\t<h3 class=\"elementor-heading-title elementor-size-default\"><a href=\"https:\/\/www.centraldevacaciones.com\/viajes\/ofertas-a-mallorca.html\">Viajes a Mallorca<\/a><\/h3>\t\t\t\t<\/div>\n\t\t\t\t\t<\/div>\n\t\t<\/div>\n\t\t\t\t\t<\/div>\n\t\t<\/section>\n\t\t\t\t<section class=\"elementor-section elementor-top-section elementor-element elementor-element-5f0c14f elementor-section-boxed elementor-section-height-default elementor-section-height-default\" data-id=\"5f0c14f\" data-element_type=\"section\">\n\t\t\t\t\t\t<div class=\"elementor-container elementor-column-gap-default\">\n\t\t\t\t\t<div class=\"elementor-column elementor-col-100 elementor-top-column elementor-element elementor-element-db18375\" data-id=\"db18375\" data-element_type=\"column\">\n\t\t\t<div class=\"elementor-widget-wrap elementor-element-populated\">\n\t\t\t\t\t\t<div class=\"elementor-element elementor-element-1c42233 elementor-widget elementor-widget-text-editor\" data-id=\"1c42233\" data-element_type=\"widget\" data-widget_type=\"text-editor.default\">\n\t\t\t\t\t\t\t\t\t<p><span style=\"font-weight: 400;\">\u00a1Disfruta este verano como el que m\u00e1s y haz realidad el sue\u00f1o que muchos otros tienen con Central de Vacaciones! Pasa unos d\u00edas de vacaciones de desconexi\u00f3n en Espa\u00f1a, concretamente en las Islas Canarias sin preocuparte de nada junto a quien m\u00e1s quieres en una estancia premium con los extras que m\u00e1s se adapten a ti. \u00a1Haz ahora tu reserva aprovechando las ofertas antes de que se agote la disponibilidad y empieza a hacer el planning de los d\u00edas de tu estancia!\u00a0<\/span><\/p>\t\t\t\t\t\t\t\t<\/div>\n\t\t\t\t\t<\/div>\n\t\t<\/div>\n\t\t\t\t\t<\/div>\n\t\t<\/section>\n\t\t\t\t<\/div>\n\t\t","protected":false},"excerpt":{"rendered":"<p>Turismo en Formentera. Formentera, el \u00faltimo para\u00edso del Mediterr\u00e1neo. Esta es conocida de esa forma por haber logrado la relaci\u00f3n justa entre el turismo y la protecci\u00f3n del medio ambiente. Durante muchas generaciones, los lugare\u00f1os hicieron posible que se conserve con playas y aguas cristalinas, y con un clima que la hacen una joya del [&hellip;]<\/p>\n","protected":false},"author":1,"featured_media":0,"comment_status":"closed","ping_status":"open","sticky":false,"template":"elementor_theme","format":"standard","meta":{"_acf_changed":false,"footnotes":""},"categories":[4,193,208,206,203,204,194,200,17],"tags":[],"class_list":["post-759","post","type-post","status-publish","format-standard","hentry","category-espana","category-europa","category-ideas-escapadas","category-ideas-viajes-lujo","category-ideas-viajes-de-novios","category-ideas-viajes-verano","category-islas-paradisiacas","category-rutas-por-espana","category-viajes-por-europa"],"acf":[],"_links":{"self":[{"href":"https:\/\/www.centraldevacaciones.com\/blog\/wp-json\/wp\/v2\/posts\/759","targetHints":{"allow":["GET"]}}],"collection":[{"href":"https:\/\/www.centraldevacaciones.com\/blog\/wp-json\/wp\/v2\/posts"}],"about":[{"href":"https:\/\/www.centraldevacaciones.com\/blog\/wp-json\/wp\/v2\/types\/post"}],"author":[{"embeddable":true,"href":"https:\/\/www.centraldevacaciones.com\/blog\/wp-json\/wp\/v2\/users\/1"}],"replies":[{"embeddable":true,"href":"https:\/\/www.centraldevacaciones.com\/blog\/wp-json\/wp\/v2\/comments?post=759"}],"version-history":[{"count":0,"href":"https:\/\/www.centraldevacaciones.com\/blog\/wp-json\/wp\/v2\/posts\/759\/revisions"}],"wp:attachment":[{"href":"https:\/\/www.centraldevacaciones.com\/blog\/wp-json\/wp\/v2\/media?parent=759"}],"wp:term":[{"taxonomy":"category","embeddable":true,"href":"https:\/\/www.centraldevacaciones.com\/blog\/wp-json\/wp\/v2\/categories?post=759"},{"taxonomy":"post_tag","embeddable":true,"href":"https:\/\/www.centraldevacaciones.com\/blog\/wp-json\/wp\/v2\/tags?post=759"}],"curies":[{"name":"wp","href":"https:\/\/api.w.org\/{rel}","templated":true}]}}