{"id":6984,"date":"2020-05-26T09:30:36","date_gmt":"2020-05-26T07:30:36","guid":{"rendered":"https:\/\/www.centraldevacaciones.com\/blog\/?p=6984"},"modified":"2021-06-30T18:13:29","modified_gmt":"2021-06-30T16:13:29","slug":"destinos-seguros-para-este-verano-tras-el-covid-19","status":"publish","type":"post","link":"https:\/\/www.centraldevacaciones.com\/blog\/destinos-seguros-para-este-verano-tras-el-covid-19\/","title":{"rendered":"Destinos seguros para este verano tras el Covid-19"},"content":{"rendered":"\n<p> <\/p>\n\n\n\n<p>Ya es oficial: tal\ncomo anunci\u00f3 el Gobierno espa\u00f1ol a finales de la semana pasada, habr\u00e1 temporada\nde verano tambi\u00e9n para el turismo internacional, con la llegada de los primeros\nvisitantes extranjeros sin cuarentena a partir de principios de julio. Adem\u00e1s,\ntodo el pa\u00eds ha alcanzado o superado la fase 1 del proceso de desescalada, en\nla que es posible alojarse en hoteles y casas rurales de la misma provincia o\nregi\u00f3n sanitaria sin utilizar las zonas comunes. Todo ello sin olvidar que\nmuchos municipios se encuentran ya en la <strong>fase\n2, en la que se autoriza el uso de piscinas en hoteles y apartamentos, as\u00ed como\nlos ba\u00f1os en la playa.<\/strong> \u00bfPor qu\u00e9 no aprovecharlo despu\u00e9s de tantas semanas\nde encierro? Si t\u00fa tampoco quieres o\u00edr hablar de volver a quedarte en casa, te\ninvitamos a conocer los mejores destinos seguros para este verano tras el\nCovid-19.<\/p>\n\n\n\n<p>Ahora bien: \u00bfa qu\u00e9\nlugares vamos a viajar este verano? Seg\u00fan Pablo D\u00edaz, profesor de los Estudios\nde Econom\u00eda y Empresa de la Universitat Oberta de Catalunya (UOC), <strong>el turismo en Espa\u00f1a volver\u00e1 a ser de\nproximidad<\/strong> <strong>en los pr\u00f3ximos meses<\/strong>,\nasemej\u00e1ndose al de aquellos a\u00f1os en los que \u201clas familias se desplazaban en sus\npropios autom\u00f3viles y mayormente a apartamentos veraniegos\u201d. Esta tendencia se\nexplicar\u00eda por la voluntad de disfrutar de unas vacaciones baratas, pero sin\nrenunciar a la calidad. Por otro lado, las restricciones temporales a la\nentrada de turistas for\u00e1neos en otros pa\u00edses hacen que muchas personas est\u00e9n\nesperando a que el destino internacional deseado aclare cu\u00e1les son las\ncondiciones de acceso.&nbsp; <\/p>\n\n\n\n<p>Tampoco hay que perder de vista que muchos <strong><a href=\"https:\/\/www.centraldevacaciones.com\/blog\/ofertas-de-viajes-en-la-playa-espana\/\">hoteles de playa en Espa\u00f1a<\/a><\/strong> est\u00e1n lanzando grandes descuentos para atraer a los m\u00e1s indecisos. Esta circunstancia, unida al anuncio del Ejecutivo, <strong>ha disparado las b\u00fasquedas de hoteles en los \u00faltimos d\u00edas, <\/strong>como hemos podido comprobar en Central de Vacaciones, siendo los destinos de playa nacionales los que est\u00e1n suscitando un mayor inter\u00e9s. <\/p>\n\n\n\n<p>\u00bfQuieres conocer\nlos destinos m\u00e1s seguros y econ\u00f3micos para el verano de 2020? Si es as\u00ed, sigue\nleyendo, porque te indicaremos d\u00f3nde podr\u00e1s alojarte sin riesgos y al mejor\nprecio. \u00a1Recuerda que, <strong>a partir de la\nfase 3, ya podr\u00e1s moverte libremente por todo el territorio nacional!<\/strong> Y si\naun as\u00ed prefieres un viaje al extranjero, tambi\u00e9n te indicamos cu\u00e1les son los\npa\u00edses que est\u00e1n a punto de volver a abrir sus fronteras tras superar el brote\nde coronavirus. El sector tur\u00edstico ya est\u00e1 preparado para la reactivaci\u00f3n de\nla actividad, \u00bfy t\u00fa? \u00a1Toma nota!<\/p>\n\n\n\n<p>&nbsp; <\/p>\n\n\n\n<h2 class=\"wp-block-heading\">Apostar por apartamentos y hoteles de playa en Catalu\u00f1a &nbsp;<\/h2>\n\n\n\n<p>Con una cifra\nr\u00e9cord de <strong>m\u00e1s de 19 millones de turistas\nextranjeros el a\u00f1o pasado,<\/strong> Catalu\u00f1a es uno de los puntos m\u00e1s visitados de\nla pen\u00ednsula ib\u00e9rica. Motivos para ello no le faltan: pueblos y ciudades llenas\nde historia, villas marineras, espectaculares paisajes de monta\u00f1as, la\nexquisita gastronom\u00eda mediterr\u00e1nea\u2026 y sus magn\u00edficas playas y calas, repartidas\na lo largo de<strong> cerca de 700 km de litoral<\/strong>.\nMuchas de ellas son de peque\u00f1as de dimensiones, por lo que podr\u00e1s disfrutarlas\nen exclusiva con tus acompa\u00f1antes, lo que te har\u00e1 olvidarte de tener que\nguardar la distancia de seguridad (para ello, tendr\u00e1s que madrugar, pero valdr\u00e1\nla pena). \u00bfTe animas a disfrutar de estos rincones m\u00e1gicos en primera persona?<\/p>\n\n\n\n<p>En los primeros d\u00edas tras el anuncio del Gobierno, en nuestra agencia estamos constatando que uno de los destinos m\u00e1s buscados es la <strong><a href=\"https:\/\/www.centraldevacaciones.com\/blog\/ofertas-viajes-costa-brava\/\">Costa Brava<\/a><\/strong>, en la Girona, donde los usuarios se interesan sobre todo por apartamentos y hoteles en<strong> Lloret de Mar, Tossa de Mar, Blanes, Sant Feliu de Gu\u00edxols<\/strong> y otras localidades de la zona. En cualquiera de ellas, podr\u00e1s relajarte en algunas de las mejores playas de Catalu\u00f1a, rodeadas de acantilados y frondosos pinares, y explorar a poca distancia preciosos pueblos medievales y espacios protegidos como el <strong>Parque Natural del Cap de Creus<\/strong> o la Reserva Natural Integral de les <strong>Illes Medes<\/strong>, un para\u00edso para los amantes del <em>snorkel<\/em> y el submarinismo. <\/p>\n\n\n\n<p>Tambi\u00e9n estamos recibiendo muchas consultas acerca de los hoteles en la <strong>Costa de Barcelona<\/strong>&nbsp;<strong>.<\/strong> As\u00ed, municipios como <strong>Calella de Mar <\/strong>\u2014uno de los principales destinos tur\u00edsticos de la comarca del Maresme, muy apreciado para la pr\u00e1ctica de deportes acu\u00e1ticos como los paseos en kayak o el <em>parasailing<\/em>, y por su oferta de ocio nocturno\u2014, <strong>Santa Susanna o Premi\u00e0 de Mar<\/strong> son algunos de los que est\u00e1n copando las b\u00fasquedas en las inmediaciones de <a href=\"https:\/\/www.centraldevacaciones.com\/blog\/los-secretos-turisticos-de-barcelona\/\"><strong>Barcelona ciudad<\/strong><\/a>. Ya en la provincia de Tarragona, aguarda la apacible <strong><a href=\"https:\/\/www.centraldevacaciones.com\/blog\/ofertas-viajes-costa-dorada\/\">Costa Dorada<\/a><\/strong>&nbsp;, un destino tranquilo y perfecto para el turismo familiar, con lugares de verano como <strong>Cambrils, Salou o Vila-seca<\/strong>. En estas dos \u00faltimas localidades donde abren sus puertas los parques tem\u00e1ticos de PortAventura World, id\u00f3neo para viajar con ni\u00f1os.<\/p>\n\n\n\n<div class=\"wp-block-image\"><figure class=\"aligncenter\"><img fetchpriority=\"high\" decoding=\"async\" width=\"640\" height=\"480\" src=\"https:\/\/www.centraldevacaciones.com\/blog\/wp-content\/uploads\/2020\/05\/Costa_Brava.jpg\" alt=\"lugares seguros para viajar covid 19, costa brava\" class=\"wp-image-6985\" srcset=\"https:\/\/www.centraldevacaciones.com\/blog\/wp-content\/uploads\/2020\/05\/Costa_Brava.jpg 640w, https:\/\/www.centraldevacaciones.com\/blog\/wp-content\/uploads\/2020\/05\/Costa_Brava-300x225.jpg 300w\" sizes=\"(max-width: 640px) 100vw, 640px\" \/><\/figure><\/div>\n\n\n\n<h2 class=\"wp-block-heading\">Las playas de la Comunidad Valenciana y Murcia: un acierto seguro<\/h2>\n\n\n\n<p>Seguimos con\nnuestro recorrido por los destinos seguros para este verano bajando hasta la\nprovincia de Castell\u00f3n, en cuyo litoral aguarda la <strong>Costa de Azahar<\/strong>. Entre sus principales reclamos, podemos hablar de <strong>Vinar\u00f2s,<\/strong> un municipio tranquilo y con\nplayas frecuentadas sobre todo por familias de la zona, y en la que no faltan\nalgunos<em> pubs<\/em> junto al mar; de <strong>Pe\u00f1\u00edscola,<\/strong> un fotog\u00e9nico pueblo con un\nnotable casco hist\u00f3rico y un impresionante castillo papal, o de <strong>Oropesa del Mar<\/strong>, donde llevan semanas\ntrabajando para adaptar sus playas \u2014como las de Amplaries, La Concha y Morro de\nGos a la llamada nueva normalidad, dot\u00e1ndolas de todas las garant\u00edas sanitarias.<\/p>\n\n\n\n<p>En la provincia de <strong>Valencia,<\/strong> adem\u00e1s de su capital, cabe\nreferirse a destinos como <strong>Gand\u00eda.<\/strong> Sin\nobviar sus excelentes playas y su amplio abanico de discotecas, esta ciudad\ntambi\u00e9n posee un rico patrimonio monumental, con reclamos como el Palacio Ducal\nde los Borja, la colegiata de Gand\u00eda o el Museo Fallero. <\/p>\n\n\n\n<p>A su vez, la <strong><a href=\"https:\/\/www.centraldevacaciones.com\/blog\/ofertas-viajes-costa-blanca\/\">Costa Blanca<\/a><\/strong>&nbsp;<strong>,<\/strong> en Alicante, tambi\u00e9n pone en tus manos destinos seguros de vacaciones para este verano. Uno de los m\u00e1s buscados est\u00e1 siendo, como no pod\u00eda ser de otro modo, <strong>Benidorm,<\/strong> que espera recuperar el turismo internacional \u2014sobre todo, brit\u00e1nico\u2014 a comienzos de julio. De todos modos, quienes busquen algo m\u00e1s tranquilo pueden decantarse por otros municipios costeros, como <strong>Calpe o Altea.<\/strong> <\/p>\n\n\n\n<p>En cuanto a la <strong>Regi\u00f3n de Murcia<\/strong>, hay que destacar su\nr\u00e1pida recuperaci\u00f3n tras el brote de Covid-19, pero tambi\u00e9n el hecho de que\nhaya sido <strong>la comunidad aut\u00f3noma donde el\nvirus ha tenido una menor incidencia<\/strong> (en el momento de escribir estas\nl\u00edneas, ocupaba la \u00faltima posici\u00f3n en la lista de contagios por cada 100.000\nhabitantes, con poco m\u00e1s de 100 personas). \u00bfY qu\u00e9 encontrar\u00e1 el viajero en esta\ntierra c\u00e1lida y acogedora? La lista es ingente: playas como las de la <strong>Manga del Mar Menor, Los Alc\u00e1zares,\nMazarr\u00f3n o \u00c1guilas,<\/strong> ciudades monumentales como Murcia o Cartagena, pueblos\ncon encanto como<strong> Moratalla<\/strong>\u2026 \u00bfA qu\u00e9\nesperas para hacer las maletas?<\/p>\n\n\n\n<figure class=\"wp-block-image\"><img decoding=\"async\" width=\"640\" height=\"416\" src=\"https:\/\/www.centraldevacaciones.com\/blog\/wp-content\/uploads\/2020\/05\/Comunidad_Valenciana_Benidorm.jpg\" alt=\"sitios seguros para viajar covid 19, comunidad valenciana\" class=\"wp-image-6986\" srcset=\"https:\/\/www.centraldevacaciones.com\/blog\/wp-content\/uploads\/2020\/05\/Comunidad_Valenciana_Benidorm.jpg 640w, https:\/\/www.centraldevacaciones.com\/blog\/wp-content\/uploads\/2020\/05\/Comunidad_Valenciana_Benidorm-300x195.jpg 300w\" sizes=\"(max-width: 640px) 100vw, 640px\" \/><\/figure>\n\n\n\n<h2 class=\"wp-block-heading\"> Por qu\u00e9 reservar hoteles de playa en Andaluc\u00eda <\/h2>\n\n\n\n<p><strong>M\u00e1s de 3.000 horas de sol al a\u00f1o, 800 km de costas y una\nexcelente oferta hotelera<\/strong>, de restaurantes y de todo\ntipo servicios. Esta es la tarjeta de presentaci\u00f3n de la regi\u00f3n situada m\u00e1s al\nsur de la Espa\u00f1a peninsular, y tambi\u00e9n una de las que m\u00e1s est\u00e1n llamando la\natenci\u00f3n entre los futuros veraneantes.<\/p>\n\n\n\n<p>Uno de los destinos m\u00e1s buscados est\u00e1 siendo la <strong><a href=\"https:\/\/www.centraldevacaciones.com\/blog\/ofertas-viajes-costa-almeria\/\">Costa de Almer\u00eda<\/a>,<\/strong> con n\u00facleos tur\u00edsticos como el pintoresco pueblo de <strong>Moj\u00e1car, Roquetas de Mar o el Cabo de Gata.<\/strong> Con un total de 217 km de franja costera y 13 municipios, desde Pulp\u00ed, en el l\u00edmite con Murcia, y hasta Adra, el litoral almeriense est\u00e1 a punto para dar la bienvenida a los veraneantes tras el Covid-19, con las m\u00e1ximas medidas de seguridad para una estancia sin riesgos.<\/p>\n\n\n\n<p>Yendo hacia el oeste, encontramos la <strong>Costa Tropical<\/strong>, en Granada, con destinos vacaciones como <strong>Almu\u00f1\u00e9car, Gualcho, L\u00fajar, Motril, Salobre\u00f1a o V\u00e9lez de Benaudalla<\/strong>. Siguiendo hacia poniente, se despliega otro de los grandes cl\u00e1sicos del turismo de playa: la <strong>Costa del Sol<\/strong>&nbsp;<strong>, <\/strong>en M\u00e1laga. Entre las localidades que m\u00e1s b\u00fasquedas est\u00e1n recibiendo, est\u00e1n <strong>Benalm\u00e1dena y Torremolinos<\/strong>.  A su vez, la <strong>Costa de la Luz,<\/strong> que comprende las provincias de <strong>C\u00e1diz y Huelva<\/strong>, son una opci\u00f3n ideal para volver a practicar deportes acu\u00e1ticos como el <em>kitesurf<\/em> tras el confinamiento, o bien combinar el turismo de sol y playa con la naturaleza, visitando las cercanas marismas del Guadalquivir y el Parque Nacional de Do\u00f1ana. <\/p>\n\n\n\n<p><span data-ccp-props=\"{&quot;201341983&quot;:0,&quot;335551550&quot;:6,&quot;335551620&quot;:6,&quot;335559739&quot;:160,&quot;335559740&quot;:259}\">&nbsp;<\/span><\/p>\n\n\n\n<div class=\"wp-block-image\"><figure class=\"aligncenter\"><img decoding=\"async\" width=\"640\" height=\"424\" src=\"https:\/\/www.centraldevacaciones.com\/blog\/wp-content\/uploads\/2020\/05\/Andaluci\u0301a_Benalmadena.jpg\" alt=\"sitios seguros para viajar covid 19, andalucia\" class=\"wp-image-6987\" srcset=\"https:\/\/www.centraldevacaciones.com\/blog\/wp-content\/uploads\/2020\/05\/Andaluci\u0301a_Benalmadena.jpg 640w, https:\/\/www.centraldevacaciones.com\/blog\/wp-content\/uploads\/2020\/05\/Andaluci\u0301a_Benalmadena-300x199.jpg 300w\" sizes=\"(max-width: 640px) 100vw, 640px\" \/><\/figure><\/div>\n\n\n\n<h2 class=\"wp-block-heading\">Turismo en islas espa\u00f1olas: Baleares y Canarias <\/h2>\n\n\n\n<p>Cerramos nuestro repaso a&nbsp;los platos t\u00edpicos de la Uni\u00f3n Europea&nbsp;en Europa oriental, donde aguardan al viajero infinidad de platos de influencia eslava.&nbsp;&nbsp;<\/p>\n\n\n\n<p>En nuestro repaso a\nlos destinos seguros para este verano, no pod\u00edan faltar los viajes a los\narchipi\u00e9lagos espa\u00f1oles. En Baleares, la Federaci\u00f3n Hotelera de <a href=\"https:\/\/www.centraldevacaciones.com\/viajes\/ofertas-a-mallorca.html\"><strong>Mallorca<\/strong><\/a><strong> \u2014<\/strong>el principal destino vacacional de esta comunidad aut\u00f3noma\u2014 ya lo\ntiene todo a punto para alojar a los primeros turistas. Razones no faltan, ya\nque las m\u00e1s de 3<strong>00 playas y calas\nmallorquinas<\/strong> esperan a los veraneantes con los brazos abiertos y con todas\nlas medidas de seguridad. Otro tanto ocurre con los pueblos del interior, en la\nsierra de Tramuntana, declarada Patrimonio de la Humanidad por la UNESCO en\n2011. Asimismo, no hay que olvidar las otras tres grandes islas del territorio\nBalear: <strong>Menorca, Ibiza y Formentera<\/strong>,\nsiendo esta \u00faltima uno de los cuatro primeros lugares de Espa\u00f1a en alcanzar la\nfase 1, debido al escaso impacto que ha tenido en ellas el brote de Covid-19.<\/p>\n\n\n\n<p>Los otros tres se hallan en <a href=\"https:\/\/www.centraldevacaciones.com\/viajes\/ofertas-a-islas-canarias.html\"><strong>islas Canarias<\/strong><\/a>, concretamente en <strong>La Gomera, El Hierro y la Graciosa. <\/strong>De hecho, esta comunidad aut\u00f3noma ha sido la segunda donde se han registrado menos contagios de coronavirus en relaci\u00f3n con el n\u00famero de habitantes durante la crisis, solo por delante de la Regi\u00f3n de Murcia. En estos momentos, los hoteles en <strong>Puerto de la Cruz,<\/strong> en la costa norte de Tenerife, est\u00e1n siendo los m\u00e1s consultados por los internautas.&nbsp; <\/p>\n\n\n\n<div class=\"wp-block-image\"><figure class=\"aligncenter\"><img loading=\"lazy\" decoding=\"async\" width=\"640\" height=\"426\" src=\"https:\/\/www.centraldevacaciones.com\/blog\/wp-content\/uploads\/2020\/05\/Canarias_Tenerife.jpg\" alt=\"Sitios para viajar seguro covid 19, Canarias\" class=\"wp-image-6988\" srcset=\"https:\/\/www.centraldevacaciones.com\/blog\/wp-content\/uploads\/2020\/05\/Canarias_Tenerife.jpg 640w, https:\/\/www.centraldevacaciones.com\/blog\/wp-content\/uploads\/2020\/05\/Canarias_Tenerife-300x200.jpg 300w\" sizes=\"(max-width: 640px) 100vw, 640px\" \/><\/figure><\/div>\n\n\n\n<h2 class=\"wp-block-heading\"> \u00bfA qu\u00e9 destinos internacionales se podr\u00e1 viajar este verano? <\/h2>\n\n\n\n<p>Los otros tres se hallan en <a href=\"https:\/\/www.centraldevacaciones.com\/viajes\/ofertas-a-islas-canarias.html\"><strong>islas Canarias<\/strong><\/a>, concretamente en <strong>La Gomera, El Hierro y la Graciosa. <\/strong>De hecho, esta comunidad aut\u00f3noma ha sido la segunda donde se han registrado menos contagios de coronavirus en relaci\u00f3n con el n\u00famero de habitantes durante la crisis, solo por delante de la Regi\u00f3n de Murcia. En estos momentos, los hoteles en <strong>Puerto de la Cruz,<\/strong> en la costa norte de Tenerife, est\u00e1n siendo los m\u00e1s consultados por los internautas.&nbsp; <\/p>\n\n\n\n<p>Adem\u00e1s de la costa espa\u00f1ola, es muy posible que en breve tambi\u00e9n podamos empezar a hacer planes para nuestras vacaciones de verano en destinos internacionales. Por proximidad, precio y por el bajo n\u00famero de contagiados por Covid-19 en tierras lusas, las <strong><a href=\"https:\/\/www.centraldevacaciones.com\/ofertas-viajes\/ofertas-centraldevacaciones-a-portugal;161;0;0;0;0.html\">ofertas de viaje a Portugal<\/a><\/strong> se han convertido en una buena opci\u00f3n para muchos viajeros. De ah\u00ed que este pa\u00eds espere acoger a visitantes extranjeros, sobre todo de Espa\u00f1a y muy especialmente en los <strong><a href=\"https:\/\/www.centraldevacaciones.com\/blog\/ofertas-algarve\/\">hoteles del<\/a><\/strong><a href=\"https:\/\/www.centraldevacaciones.com\/blog\/ofertas-algarve\/\"> <\/a><strong><a href=\"https:\/\/www.centraldevacaciones.com\/blog\/ofertas-algarve\/\">Algarve<\/a>.<\/strong> En este sentido, el Gobierno portugu\u00e9s ha anunciado que est\u00e1 preparando el pa\u00eds para la llegada de veraneantes, y que est\u00e1 a la espera de las indicaciones de Bruselas.\u00a0 <\/p>\n\n\n\n<p>En el caso de los <a href=\"https:\/\/www.centraldevacaciones.com\/ofertas-viajes\/ofertas-centraldevacaciones-a-italia;106;0;0;0;0.html\"><strong>viajes a Italia<\/strong><\/a>, el Gobierno del\npa\u00eds transalpino<strong> abrir\u00e1 sus fronteras con\nel resto de pa\u00edses de Europa el pr\u00f3ximo 3 de junio, sin restricciones ni cuarentenas<\/strong>.\nAunque el <em>Bel Paese<\/em> ha sido uno de\nlos m\u00e1s golpeados por la pandemia, los \u00faltimos datos que baraja el sistema de\nsalud italiano vaticinan que el fin del brote est\u00e1 muy cerca.&nbsp; <\/p>\n\n\n\n<p>Los que est\u00e9n\nvalorando pasar sus <a href=\"https:\/\/www.centraldevacaciones.com\/ofertas-viajes\/ofertas-centraldevacaciones-a-grecia-ofertas_de_escapadas;73;0;0;152;0.html\"><strong>vacaciones en Grecia<\/strong><\/a>, deben saber\nque el pa\u00eds heleno, donde el Covid-19 ha dejado muy pocos contagios, <strong>permitir\u00e1 la entrada de turistas internacionales\ndesde el 1 de julio.<\/strong> <\/p>\n\n\n\n<p>Fuera de la Uni\u00f3n\nEuropea, <strong>Islandia est\u00e1 prepar\u00e1ndose para\nrecibir a los primeros visitantes tras la epidemia antes del 15 de junio.<\/strong> Aunque\ntodav\u00eda se desconocen las condiciones para ingresar en este pa\u00eds n\u00f3rdico, la\nidea que cobra m\u00e1s fuerza es que los reci\u00e9n llegados puedan escoger entre un\ntest r\u00e1pido o una cuarentena de dos semanas. Tambi\u00e9n tendr\u00edan que utilizar una\naplicaci\u00f3n de rastreo, que ya utiliza gran parte de la poblaci\u00f3n islandesa. &nbsp;<\/p>\n\n\n\n<p>Finalmente, la\nvecina <strong>Andorra <\/strong>contempla la\nposibilidad de que los turistas que visiten el Principado, procedentes sobre\ntodo de Espa\u00f1a y Francia, se sometan al test de coronavirus voluntaria y\ngratuitamente. <\/p>\n\n\n\n<p>Hasta aqu\u00ed nuestras\nsugerencias de destinos seguros para este verano. De todos modos, estamos convencidos\nde que la lista se ampliar\u00e1 en los pr\u00f3ximos d\u00edas y semanas. No esperes m\u00e1s: echa\nun vistazo a nuestras <a href=\"https:\/\/www.centraldevacaciones.com\/\"><strong>ofertas de vacaciones<\/strong><\/a> y empieza a\npreparar c\u00f3mo vas a celebrar la vuelta a la normalidad. En nuestro sitio web, podr\u00e1s\nreservar tu escapada con los mejores precios. \u00a1Compru\u00e9balo!<\/p>\n\n\n\n<figure class=\"wp-block-image\"><img loading=\"lazy\" decoding=\"async\" width=\"640\" height=\"427\" src=\"https:\/\/www.centraldevacaciones.com\/blog\/wp-content\/uploads\/2020\/05\/Internacional_Venecia.jpg\" alt=\"sitios seguros para viajar covid 19, Venecia\" class=\"wp-image-6989\" srcset=\"https:\/\/www.centraldevacaciones.com\/blog\/wp-content\/uploads\/2020\/05\/Internacional_Venecia.jpg 640w, https:\/\/www.centraldevacaciones.com\/blog\/wp-content\/uploads\/2020\/05\/Internacional_Venecia-300x200.jpg 300w\" sizes=\"(max-width: 640px) 100vw, 640px\" \/><\/figure>\n","protected":false},"excerpt":{"rendered":"<p>Ya es oficial: tal como anunci\u00f3 el Gobierno espa\u00f1ol a finales de la semana pasada, habr\u00e1 temporada de verano tambi\u00e9n para el turismo internacional, con la llegada de los primeros visitantes extranjeros sin cuarentena a partir de principios de julio. Adem\u00e1s, todo el pa\u00eds ha alcanzado o superado la fase 1 del proceso de desescalada, [&hellip;]<\/p>\n","protected":false},"author":3,"featured_media":6987,"comment_status":"open","ping_status":"open","sticky":false,"template":"elementor_theme","format":"standard","meta":{"_acf_changed":false,"footnotes":""},"categories":[4,208,204,205,200,1,12],"tags":[75,252,184],"class_list":["post-6984","post","type-post","status-publish","format-standard","has-post-thumbnail","hentry","category-espana","category-ideas-escapadas","category-ideas-viajes-verano","category-ideas-viajes-low-cost","category-rutas-por-espana","category-vacaciones","category-viajes","tag-escapadas-por-espana","tag-viajar-barato-a-europa","tag-viajes-baratos"],"acf":[],"_links":{"self":[{"href":"https:\/\/www.centraldevacaciones.com\/blog\/wp-json\/wp\/v2\/posts\/6984","targetHints":{"allow":["GET"]}}],"collection":[{"href":"https:\/\/www.centraldevacaciones.com\/blog\/wp-json\/wp\/v2\/posts"}],"about":[{"href":"https:\/\/www.centraldevacaciones.com\/blog\/wp-json\/wp\/v2\/types\/post"}],"author":[{"embeddable":true,"href":"https:\/\/www.centraldevacaciones.com\/blog\/wp-json\/wp\/v2\/users\/3"}],"replies":[{"embeddable":true,"href":"https:\/\/www.centraldevacaciones.com\/blog\/wp-json\/wp\/v2\/comments?post=6984"}],"version-history":[{"count":0,"href":"https:\/\/www.centraldevacaciones.com\/blog\/wp-json\/wp\/v2\/posts\/6984\/revisions"}],"wp:featuredmedia":[{"embeddable":true,"href":"https:\/\/www.centraldevacaciones.com\/blog\/wp-json\/wp\/v2\/media\/6987"}],"wp:attachment":[{"href":"https:\/\/www.centraldevacaciones.com\/blog\/wp-json\/wp\/v2\/media?parent=6984"}],"wp:term":[{"taxonomy":"category","embeddable":true,"href":"https:\/\/www.centraldevacaciones.com\/blog\/wp-json\/wp\/v2\/categories?post=6984"},{"taxonomy":"post_tag","embeddable":true,"href":"https:\/\/www.centraldevacaciones.com\/blog\/wp-json\/wp\/v2\/tags?post=6984"}],"curies":[{"name":"wp","href":"https:\/\/api.w.org\/{rel}","templated":true}]}}