{"id":694,"date":"2016-11-12T15:12:50","date_gmt":"2016-11-12T14:12:50","guid":{"rendered":"http:\/\/www.centraldevacaciones.com\/opiniones\/?p=694"},"modified":"2021-08-13T17:30:00","modified_gmt":"2021-08-13T15:30:00","slug":"que-ver-en-gran-canaria","status":"publish","type":"post","link":"https:\/\/www.centraldevacaciones.com\/blog\/que-ver-en-gran-canaria\/","title":{"rendered":"Qu\u00e9 ver en Gran Canaria. Gu\u00eda tur\u00edstica: Gran canaria."},"content":{"rendered":"\t\t<div data-elementor-type=\"wp-post\" data-elementor-id=\"694\" class=\"elementor elementor-694\" data-elementor-post-type=\"post\">\n\t\t\t\t\t\t<section class=\"elementor-section elementor-top-section elementor-element elementor-element-b035cb1 elementor-section-boxed elementor-section-height-default elementor-section-height-default\" data-id=\"b035cb1\" data-element_type=\"section\">\n\t\t\t\t\t\t<div class=\"elementor-container elementor-column-gap-default\">\n\t\t\t\t\t<div class=\"elementor-column elementor-col-100 elementor-top-column elementor-element elementor-element-619a3961\" data-id=\"619a3961\" data-element_type=\"column\">\n\t\t\t<div class=\"elementor-widget-wrap elementor-element-populated\">\n\t\t\t\t\t\t<div class=\"elementor-element elementor-element-16cf32f2 elementor-widget elementor-widget-text-editor\" data-id=\"16cf32f2\" data-element_type=\"widget\" data-widget_type=\"text-editor.default\">\n\t\t\t\t\t\t\t\t\t<h1>Informaci\u00f3n tur\u00edstica y gu\u00eda de viaje de Gran Canaria<\/h1><p><strong>Lugar: Comunidad Aut\u00f3noma Canarias.<\/strong><\/p><p>Las islas Canarias, conforman un archipi\u00e9lago de Espa\u00f1a que se toma como el territorio m\u00e1s austral (austral quiere decir \u201cal sur\u201d) del pa\u00eds, resaltando como diferencia principal entre \u00e9ste y dichas islas que las segundas se encuentran en el Oc\u00e9ano Atl\u00e1ntico mientras que el resto se ubica en el Mar Mediterr\u00e1neo. La comunidad est\u00e1 compuesta por varias islas del archipi\u00e9lago Canarias junto al archipi\u00e9lago Chinijo y la isla Lobos. De entre las cuales destacan Tenerife, Gran Canaria, Fuerteventura y Lanzarote por su actividad tur\u00edstica, y no es para menos, pues mientras vayas leyendo este post, dato a dato te dar\u00e1n m\u00e1s y m\u00e1s ganas de hacer\u00a0las maletas y tomar un vuelo directo, empezando por \u00a0<strong>Gran Canaria, <\/strong>sede administrativa de la capital.<\/p><p><strong>Algunas curiosidades de Gran Canaria<\/strong><\/p><p>Existen territorios reconocidos como de <em>Nacionalidad hist\u00f3rica, <\/em>como es el caso del archipi\u00e9lago de las islas Canarias, noci\u00f3n de utilizaci\u00f3n com\u00fan en la pol\u00edtica espa\u00f1ola para reconocer a aquellas comunidades que se auto-reconocen con una identidad colectiva distinta a la del resto del pa\u00eds, ya sea en t\u00e9rminos culturales o ling\u00fc\u00edsticos.<\/p><p>Otro dato digno de menci\u00f3n es que, el archipi\u00e9lago de las islas Canarias, cuenta con 4 parques nacionales, reconocidos adem\u00e1s por la UNESCO como parte del Patrimonio de la humanidad, de los cuales tres han sido declarados tambi\u00e9n como integrantes de las Reserva mundial de la bi\u00f3sfera; las Canarias componen la provincia aut\u00f3noma con m\u00e1s parques nacionales de Espa\u00f1a.<\/p><p><strong>Informaci\u00f3n geopol\u00edtica<\/strong><\/p><ul><li><u>Bandera<\/u><\/li><\/ul><p>La Gran Canaria cuenta con una bandera propia, conformada por la divisi\u00f3n del rect\u00e1ngulo en dos tri\u00e1ngulos, de manera diagonal, el superior de color amarillo y otro de color azul, en cuya uni\u00f3n central se encuentra el escudo insular.<\/p><p>Ya en conjunto, la bandera de la Comunidad Aut\u00f3noma de Canarias est\u00e1 compuesta de tres franjas verticales de igual alto y ancho, las cuales se encuentran coloreadas, en orden, de blanco, azul y amarillo.<\/p><ul><li><u>Tipo de gobernanza<\/u><\/li><\/ul><p>La comunidad, como claramente se puede apreciar en su nombre, es aut\u00f3noma, lo cual quiere decir que, aunque est\u00e9 sujeta a ciertas normas y compromisos con Espa\u00f1a, cuenta con su propio sistema de administraci\u00f3n a trav\u00e9s de cabildos insulares (de los cuales la Gran Canaria cuenta con su propio cabildo).<\/p><p>Adem\u00e1s, la capital de la Comunidad Aut\u00f3noma de Canarias, se encuentra en la isla, cuyo nombre es <em>Las Palmas de Gran Canaria<\/em>, el principal centro comercial y gran destino tur\u00edstico del archipi\u00e9lago; aqu\u00ed se encuentra tambi\u00e9n la representaci\u00f3n del gobierno espa\u00f1ol para las 13 islas que comparte la comunidad.<\/p><ul><li><u>Poblaci\u00f3n<\/u><\/li><\/ul><p>La isla de Gran Canaria, cuenta con una poblaci\u00f3n de 847.830 habitantes (para 2015), mientras que la provincia, en total, cuenta con 2.128.647 habitantes y una densidad poblacional de 284 habitantes por Kil\u00f3metro cuadrado, aproximadamente.<\/p><ul><li><u>Situaci\u00f3n geogr\u00e1fica<\/u><\/li><\/ul><p>La comunidad canaria se encuentra en el hemisferio norte del planeta, en la parte occidental de \u00c1frica y rodeada por el Oc\u00e9ano atl\u00e1ntico (destino muy apreciado por quienes recorren el mundo), siendo uno de los territorios de ultramar de Europa en \u00c1frica; como consecuencia de su localizaci\u00f3n geogr\u00e1fica, existen otras caracter\u00edsticas a tener en cuenta como:<\/p><ul><li>Zona horaria: El uso horario del archipi\u00e9lago es UTC+1 durante el verano, es decir, una hora m\u00e1s a partir del tiempo de la l\u00ednea divisora de Greenwich (en Inglaterra), sin embargo, en invierno utiliza el mismo horario de la l\u00ednea (UTC+-0), tambi\u00e9n llamado como <em>horario de invierno boreal.<\/em><\/li><\/ul><ul><li>Clima: dado que el archipi\u00e9lago se encuentra cerca del tr\u00f3pico y se encuentra en el Oc\u00e9ano Atl\u00e1ntico, su tipo de clima est\u00e1 catalogado como \u201csubtropical oce\u00e1nico\u201d, con sensaci\u00f3n fuerte de los vientos alisios del norte y la temperatura media anual de 18\u00ba cent\u00edgrados, con un m\u00e1ximo de 6\u00ba en invierno (lo cual ser\u00eda un invierno muy fuerte en la zona).<\/li><\/ul><p>Adem\u00e1s, por su cercan\u00eda con el desierto del Sahara, es com\u00fan ver calima en varios momentos del a\u00f1o (suspensi\u00f3n del polvo en el aire, transportado desde el desierto en este caso).<\/p><ul><li>Extensi\u00f3n: Gran Canaria cuenta, aproximadamente, con 1.560 Km cuadrados, siendo la segunda isla m\u00e1s grande de las Canarias (despu\u00e9s de Tenerife, que es la primera) mientras que, en conjunto, las islas del archipi\u00e9lago canario tienen una superficie de 7.446,95 Km cuadrados.<\/li><\/ul><p><strong>Historia (descripci\u00f3n breve de su gobernanza)<\/strong><\/p><p>Se desconoce quienes fueron o c\u00f3mo llegaron los primeros pobladores a la Gran canaria (como en varias de las islas del archipi\u00e9lago), sin embargo, hay arque\u00f3logos que apuntan hacia los primeros siglos de nuestras era. Los espa\u00f1oles llegaron a la isla en 1478, tras lo cual se inici\u00f3 una lucha entre estos y la poblaci\u00f3n aborigen que, evidentemente, ganaron los primeros entre 1481 y 1483, conquistando la isla.<\/p><p>Las islas canarias mantuvieron un r\u00e9gimen feudal, hasta que en 1802 este es abolido por la corona. En 1912 se aprueba la Ley de los cabildos y varias islas de las Canarias, entre ellas Fuerteventura, obtiene su sistema de gobernanza moderno y, a partir de los a\u00f1os 60, se convierte en una potencia tur\u00edstica.<\/p><p><strong>Festividades especiales<\/strong><\/p><ul><li>2 de febrero: d\u00eda de la Virgen de la Candelaria, patrona de la isla y del archipi\u00e9lago canario.<\/li><li>Corpus Christi.<\/li><li>Semana santa.<\/li><li>Carnaval (intensamente celebrado en las islas antes del tiempo de cuaresma, tradici\u00f3n cristiana), uno de los m\u00e1s famosos del mundo.<\/li><\/ul><p><strong>Econom\u00eda de Gran Canaria<\/strong><\/p><p>La econom\u00eda de la isla se ha desarrollado en torno a el turismo el intenso comercio de varios productos provenientes de todas las dem\u00e1s islas canarias y la agricultura. La isla es famosa por sus hermosas playas, aunque nuevas actividades como el senderismo se han ido poupularizando en los \u00faltimos a\u00f1os.<\/p><p><strong>Lugares tur\u00edsticos de la isla<\/strong><\/p><p>Entre las famosas playas de la isla te recomendamos que explores Maspalomas, La charca (por la Laguna costera), Playa ingl\u00e9s y Meloneras; adem\u00e1s, si te llama la atenci\u00f3n, existe una playa artificial llamada Puerto Rico, cerca de la cual tambi\u00e9n puedes visitar el Puerto de Mog\u00e1n \u00a1\u00bf A qu\u00e9 esperas?!<\/p><p><a href=\"http:\/\/www.centraldevacaciones.com\/opiniones\/wp-content\/uploads\/2014\/06\/grancanaria.jpg\"><img fetchpriority=\"high\" decoding=\"async\" class=\"aligncenter wp-image-714 size-full\" title=\"grancanaria\" src=\"https:\/\/www.centraldevacaciones.com\/blog\/wp-content\/uploads\/2014\/06\/grancanaria.jpg\" alt=\"foto isla\" width=\"1000\" height=\"750\" srcset=\"https:\/\/www.centraldevacaciones.com\/blog\/wp-content\/uploads\/2014\/06\/grancanaria.jpg 1000w, https:\/\/www.centraldevacaciones.com\/blog\/wp-content\/uploads\/2014\/06\/grancanaria-300x225.jpg 300w, https:\/\/www.centraldevacaciones.com\/blog\/wp-content\/uploads\/2014\/06\/grancanaria-768x576.jpg 768w\" sizes=\"(max-width: 1000px) 100vw, 1000px\" \/><\/a><\/p><p>Ya estando en la Gran Canaria te recomiendo que visites la <strong>Cala Macarelleta<\/strong>, un lugar agradable, un oasis de alegr\u00eda y de disfrute con amigos, familia o pareja.<\/p><p>Para llegar hasta ella habr\u00e1 que caminar un corto trayecto monte a trav\u00e9s pero es satisfactorio ya que as\u00ed se evitan masificaciones y adem\u00e1s podemos disfrutar de las vistas y el aroma de la naturaleza, adem\u00e1s los m\u00e1s peques podr\u00e1n disfrutar descubriendo nuevas especies y aromas de plantas que antes no conoc\u00edan.<\/p><p>Podr\u00e1s experimentar una sensaci\u00f3n paradisiaca lejos de la ciudad, urbanizaciones, ruidos de coches, la sirena de las ambulancias, etc\u2026<\/p><p>Sus aguas tan cristalinas y extremadamente limpias hacen que se pueda ver la sombra de los cascos de los veleros, tambi\u00e9n podr\u00e1s nadar hasta la siguiente cala m\u00e1s peque\u00f1a que se encuentra al lado de esta, lo podr\u00e1s hacer nadando gracias a que la distancia es m\u00ednima, estas son dos calas hermanas ambas con el mismo agua turquesa y cristalina, a mitad de camino hay un punto en el que podremos ver a las dos hermanas, Macarelleta y Macarella, es una de las vistas m\u00e1s bonitas del trayecto y que nadie deber\u00eda perderse.<\/p><p>Ahora ya saben<strong> Qu\u00e9 ver en Gran Canaria<\/strong>,\u00a0no te pierdas estas paradisiacas playas y el ben\u00e9volo clima que ba\u00f1a las islas durante todo el a\u00f1o.<\/p>\t\t\t\t\t\t\t\t<\/div>\n\t\t\t\t\t<\/div>\n\t\t<\/div>\n\t\t\t\t\t<\/div>\n\t\t<\/section>\n\t\t\t\t<section class=\"elementor-section elementor-top-section elementor-element elementor-element-5f2440ba elementor-section-boxed elementor-section-height-default elementor-section-height-default\" data-id=\"5f2440ba\" data-element_type=\"section\">\n\t\t\t\t\t\t<div class=\"elementor-container elementor-column-gap-default\">\n\t\t\t\t\t<div class=\"elementor-column elementor-col-16 elementor-top-column elementor-element elementor-element-11e20ae9\" data-id=\"11e20ae9\" data-element_type=\"column\">\n\t\t\t<div class=\"elementor-widget-wrap elementor-element-populated\">\n\t\t\t\t\t\t<div class=\"elementor-element elementor-element-32e76d9b elementor-widget elementor-widget-image\" data-id=\"32e76d9b\" data-element_type=\"widget\" data-widget_type=\"image.default\">\n\t\t\t\t\t\t\t\t\t\t\t\t\t\t\t<img decoding=\"async\" width=\"128\" height=\"128\" src=\"https:\/\/www.centraldevacaciones.com\/blog\/wp-content\/uploads\/2020\/09\/espana.png\" class=\"attachment-large size-large wp-image-12730\" alt=\"\" \/>\t\t\t\t\t\t\t\t\t\t\t\t\t\t\t<\/div>\n\t\t\t\t<div class=\"elementor-element elementor-element-4ab886f9 elementor-widget elementor-widget-heading\" data-id=\"4ab886f9\" data-element_type=\"widget\" data-widget_type=\"heading.default\">\n\t\t\t\t\t<h3 class=\"elementor-heading-title elementor-size-default\"><a href=\"https:\/\/www.centraldevacaciones.com\/blog\/ofertas-de-vacaciones\/\">Viajes por Espa\u00f1a<\/a><\/h3>\t\t\t\t<\/div>\n\t\t\t\t\t<\/div>\n\t\t<\/div>\n\t\t\t\t<div class=\"elementor-column elementor-col-16 elementor-top-column elementor-element elementor-element-1267398e\" data-id=\"1267398e\" data-element_type=\"column\">\n\t\t\t<div class=\"elementor-widget-wrap elementor-element-populated\">\n\t\t\t\t\t\t<div class=\"elementor-element elementor-element-5d3643a8 elementor-widget elementor-widget-image\" data-id=\"5d3643a8\" data-element_type=\"widget\" data-widget_type=\"image.default\">\n\t\t\t\t\t\t\t\t\t\t\t\t\t\t\t<img decoding=\"async\" width=\"128\" height=\"128\" src=\"https:\/\/www.centraldevacaciones.com\/blog\/wp-content\/uploads\/2020\/09\/isla.png\" class=\"attachment-large size-large wp-image-12732\" alt=\"\" \/>\t\t\t\t\t\t\t\t\t\t\t\t\t\t\t<\/div>\n\t\t\t\t<div class=\"elementor-element elementor-element-4a9e5491 elementor-widget elementor-widget-heading\" data-id=\"4a9e5491\" data-element_type=\"widget\" data-widget_type=\"heading.default\">\n\t\t\t\t\t<h3 class=\"elementor-heading-title elementor-size-default\"><a href=\"https:\/\/www.centraldevacaciones.com\/blog\/vacaciones-mejores-islas-espana\/\">Islas de Espa\u00f1a<\/a><\/h3>\t\t\t\t<\/div>\n\t\t\t\t\t<\/div>\n\t\t<\/div>\n\t\t\t\t<div class=\"elementor-column elementor-col-16 elementor-top-column elementor-element elementor-element-9614f44\" data-id=\"9614f44\" data-element_type=\"column\">\n\t\t\t<div class=\"elementor-widget-wrap elementor-element-populated\">\n\t\t\t\t\t\t<div class=\"elementor-element elementor-element-1573b88 elementor-widget elementor-widget-image\" data-id=\"1573b88\" data-element_type=\"widget\" data-widget_type=\"image.default\">\n\t\t\t\t\t\t\t\t\t\t\t\t\t\t\t<img loading=\"lazy\" decoding=\"async\" width=\"128\" height=\"128\" src=\"https:\/\/www.centraldevacaciones.com\/blog\/wp-content\/uploads\/2021\/05\/avion-1.png\" class=\"attachment-large size-large wp-image-12639\" alt=\"\" \/>\t\t\t\t\t\t\t\t\t\t\t\t\t\t\t<\/div>\n\t\t\t\t<div class=\"elementor-element elementor-element-22b97078 elementor-widget elementor-widget-heading\" data-id=\"22b97078\" data-element_type=\"widget\" data-widget_type=\"heading.default\">\n\t\t\t\t\t<h3 class=\"elementor-heading-title elementor-size-default\"><a href=\"https:\/\/www.centraldevacaciones.com\/viajes\/ofertas-a-islas-canarias.html\">Viajes a Canarias<\/a><\/h3>\t\t\t\t<\/div>\n\t\t\t\t\t<\/div>\n\t\t<\/div>\n\t\t\t\t<div class=\"elementor-column elementor-col-16 elementor-top-column elementor-element elementor-element-21afa0c5\" data-id=\"21afa0c5\" data-element_type=\"column\">\n\t\t\t<div class=\"elementor-widget-wrap elementor-element-populated\">\n\t\t\t\t\t\t<div class=\"elementor-element elementor-element-624c1578 elementor-widget elementor-widget-image\" data-id=\"624c1578\" data-element_type=\"widget\" data-widget_type=\"image.default\">\n\t\t\t\t\t\t\t\t\t\t\t\t\t\t\t<img loading=\"lazy\" decoding=\"async\" width=\"128\" height=\"128\" src=\"https:\/\/www.centraldevacaciones.com\/blog\/wp-content\/uploads\/2020\/09\/sombrilla.png\" class=\"attachment-large size-large wp-image-12733\" alt=\"\" \/>\t\t\t\t\t\t\t\t\t\t\t\t\t\t\t<\/div>\n\t\t\t\t<div class=\"elementor-element elementor-element-5aa1575a elementor-widget elementor-widget-heading\" data-id=\"5aa1575a\" data-element_type=\"widget\" data-widget_type=\"heading.default\">\n\t\t\t\t\t<h3 class=\"elementor-heading-title elementor-size-default\"><a href=\"https:\/\/www.centraldevacaciones.com\/viajes\/ofertas-a-lanzarote.html\">Viajes a Lanzarote<\/a><\/h3>\t\t\t\t<\/div>\n\t\t\t\t\t<\/div>\n\t\t<\/div>\n\t\t\t\t<div class=\"elementor-column elementor-col-16 elementor-top-column elementor-element elementor-element-67b6df3e\" data-id=\"67b6df3e\" data-element_type=\"column\">\n\t\t\t<div class=\"elementor-widget-wrap elementor-element-populated\">\n\t\t\t\t\t\t<div class=\"elementor-element elementor-element-e03dfbd elementor-widget elementor-widget-image\" data-id=\"e03dfbd\" data-element_type=\"widget\" data-widget_type=\"image.default\">\n\t\t\t\t\t\t\t\t\t\t\t\t\t\t\t<img loading=\"lazy\" decoding=\"async\" width=\"128\" height=\"128\" src=\"https:\/\/www.centraldevacaciones.com\/blog\/wp-content\/uploads\/2020\/09\/avion.png\" class=\"attachment-large size-large wp-image-12734\" alt=\"\" \/>\t\t\t\t\t\t\t\t\t\t\t\t\t\t\t<\/div>\n\t\t\t\t<div class=\"elementor-element elementor-element-6f2896f9 elementor-widget elementor-widget-heading\" data-id=\"6f2896f9\" data-element_type=\"widget\" data-widget_type=\"heading.default\">\n\t\t\t\t\t<h3 class=\"elementor-heading-title elementor-size-default\"><a href=\"https:\/\/www.centraldevacaciones.com\/viajes\/ofertas-a-islas-baleares.html\">Viajes a las Baleares<\/a><\/h3>\t\t\t\t<\/div>\n\t\t\t\t\t<\/div>\n\t\t<\/div>\n\t\t\t\t<div class=\"elementor-column elementor-col-16 elementor-top-column elementor-element elementor-element-485b54b6\" data-id=\"485b54b6\" data-element_type=\"column\">\n\t\t\t<div class=\"elementor-widget-wrap elementor-element-populated\">\n\t\t\t\t\t\t<div class=\"elementor-element elementor-element-61fe1704 elementor-widget elementor-widget-image\" data-id=\"61fe1704\" data-element_type=\"widget\" data-widget_type=\"image.default\">\n\t\t\t\t\t\t\t\t\t\t\t\t\t\t\t<img loading=\"lazy\" decoding=\"async\" width=\"128\" height=\"128\" src=\"https:\/\/www.centraldevacaciones.com\/blog\/wp-content\/uploads\/2021\/05\/dom.png\" class=\"attachment-large size-large wp-image-12635\" alt=\"\" \/>\t\t\t\t\t\t\t\t\t\t\t\t\t\t\t<\/div>\n\t\t\t\t<div class=\"elementor-element elementor-element-552589fc elementor-widget elementor-widget-heading\" data-id=\"552589fc\" data-element_type=\"widget\" data-widget_type=\"heading.default\">\n\t\t\t\t\t<h3 class=\"elementor-heading-title elementor-size-default\"><a href=\"https:\/\/www.centraldevacaciones.com\/viajes\/ofertas-a-mallorca.html\">Viajes a Mallorca<\/a><\/h3>\t\t\t\t<\/div>\n\t\t\t\t\t<\/div>\n\t\t<\/div>\n\t\t\t\t\t<\/div>\n\t\t<\/section>\n\t\t\t\t<section class=\"elementor-section elementor-top-section elementor-element elementor-element-0f07056 elementor-section-boxed elementor-section-height-default elementor-section-height-default\" data-id=\"0f07056\" data-element_type=\"section\">\n\t\t\t\t\t\t<div class=\"elementor-container elementor-column-gap-default\">\n\t\t\t\t\t<div class=\"elementor-column elementor-col-100 elementor-top-column elementor-element elementor-element-3c5cf83\" data-id=\"3c5cf83\" data-element_type=\"column\">\n\t\t\t<div class=\"elementor-widget-wrap elementor-element-populated\">\n\t\t\t\t\t\t<div class=\"elementor-element elementor-element-babfb91 elementor-widget elementor-widget-text-editor\" data-id=\"babfb91\" data-element_type=\"widget\" data-widget_type=\"text-editor.default\">\n\t\t\t\t\t\t\t\t\t<p><span style=\"font-weight: 400;\">\u00a1Disfruta este verano como el que m\u00e1s y haz realidad el sue\u00f1o que muchos otros tienen con Central de Vacaciones! Pasa unos d\u00edas de vacaciones de desconexi\u00f3n en Espa\u00f1a, concretamente en las Islas Canarias sin preocuparte de nada junto a quien m\u00e1s quieres en una estancia premium con los extras que m\u00e1s se adapten a ti. \u00a1Haz ahora tu reserva aprovechando las ofertas antes de que se agote la disponibilidad y empieza a hacer el planning de los d\u00edas de tu estancia! <\/span><\/p>\t\t\t\t\t\t\t\t<\/div>\n\t\t\t\t\t<\/div>\n\t\t<\/div>\n\t\t\t\t\t<\/div>\n\t\t<\/section>\n\t\t\t\t<\/div>\n\t\t","protected":false},"excerpt":{"rendered":"<p>Informaci\u00f3n tur\u00edstica y gu\u00eda de viaje de Gran Canaria Lugar: Comunidad Aut\u00f3noma Canarias. Las islas Canarias, conforman un archipi\u00e9lago de Espa\u00f1a que se toma como el territorio m\u00e1s austral (austral quiere decir \u201cal sur\u201d) del pa\u00eds, resaltando como diferencia principal entre \u00e9ste y dichas islas que las segundas se encuentran en el Oc\u00e9ano Atl\u00e1ntico mientras [&hellip;]<\/p>\n","protected":false},"author":1,"featured_media":714,"comment_status":"closed","ping_status":"open","sticky":false,"template":"elementor_theme","format":"standard","meta":{"_acf_changed":false,"footnotes":""},"categories":[4,208,207,204,194,200,195,1,17],"tags":[],"class_list":["post-694","post","type-post","status-publish","format-standard","has-post-thumbnail","hentry","category-espana","category-ideas-escapadas","category-ideas-viajes-invierno","category-ideas-viajes-verano","category-islas-paradisiacas","category-rutas-por-espana","category-rutas-por-europa","category-vacaciones","category-viajes-por-europa"],"acf":[],"_links":{"self":[{"href":"https:\/\/www.centraldevacaciones.com\/blog\/wp-json\/wp\/v2\/posts\/694","targetHints":{"allow":["GET"]}}],"collection":[{"href":"https:\/\/www.centraldevacaciones.com\/blog\/wp-json\/wp\/v2\/posts"}],"about":[{"href":"https:\/\/www.centraldevacaciones.com\/blog\/wp-json\/wp\/v2\/types\/post"}],"author":[{"embeddable":true,"href":"https:\/\/www.centraldevacaciones.com\/blog\/wp-json\/wp\/v2\/users\/1"}],"replies":[{"embeddable":true,"href":"https:\/\/www.centraldevacaciones.com\/blog\/wp-json\/wp\/v2\/comments?post=694"}],"version-history":[{"count":0,"href":"https:\/\/www.centraldevacaciones.com\/blog\/wp-json\/wp\/v2\/posts\/694\/revisions"}],"wp:featuredmedia":[{"embeddable":true,"href":"https:\/\/www.centraldevacaciones.com\/blog\/wp-json\/wp\/v2\/media\/714"}],"wp:attachment":[{"href":"https:\/\/www.centraldevacaciones.com\/blog\/wp-json\/wp\/v2\/media?parent=694"}],"wp:term":[{"taxonomy":"category","embeddable":true,"href":"https:\/\/www.centraldevacaciones.com\/blog\/wp-json\/wp\/v2\/categories?post=694"},{"taxonomy":"post_tag","embeddable":true,"href":"https:\/\/www.centraldevacaciones.com\/blog\/wp-json\/wp\/v2\/tags?post=694"}],"curies":[{"name":"wp","href":"https:\/\/api.w.org\/{rel}","templated":true}]}}