{"id":6903,"date":"2020-05-12T13:12:53","date_gmt":"2020-05-12T11:12:53","guid":{"rendered":"https:\/\/www.centraldevacaciones.com\/blog\/?p=6903"},"modified":"2021-10-22T13:39:46","modified_gmt":"2021-10-22T11:39:46","slug":"top-playas-mas-bonitas-de-espana","status":"publish","type":"post","link":"https:\/\/www.centraldevacaciones.com\/blog\/top-playas-mas-bonitas-de-espana\/","title":{"rendered":"Top Playas m\u00e1s bonitas de Espa\u00f1a"},"content":{"rendered":"\t\t<div data-elementor-type=\"wp-post\" data-elementor-id=\"6903\" class=\"elementor elementor-6903\" data-elementor-post-type=\"post\">\n\t\t\t\t\t\t<section class=\"elementor-section elementor-top-section elementor-element elementor-element-3101e85f elementor-section-boxed elementor-section-height-default elementor-section-height-default\" data-id=\"3101e85f\" data-element_type=\"section\">\n\t\t\t\t\t\t<div class=\"elementor-container elementor-column-gap-default\">\n\t\t\t\t\t<div class=\"elementor-column elementor-col-100 elementor-top-column elementor-element elementor-element-7682d5b8\" data-id=\"7682d5b8\" data-element_type=\"column\">\n\t\t\t<div class=\"elementor-widget-wrap elementor-element-populated\">\n\t\t\t\t\t\t<div class=\"elementor-element elementor-element-2131c0b0 elementor-widget elementor-widget-text-editor\" data-id=\"2131c0b0\" data-element_type=\"widget\" data-widget_type=\"text-editor.default\">\n\t\t\t\t\t\t\t\t\t<p><\/p>\n<h4 class=\"wp-block-heading\">El verano est\u00e1 muy pr\u00f3ximo y desde luego que vamos a seguir viajando a nuestras querid\u00edsimas playas espa\u00f1olas.<\/h4>\n<p><\/p>\n<p><\/p>\n<h4 class=\"wp-block-heading\">A continuaci\u00f3n vas a poder ver las playas que m\u00e1s le gustan a nuestros clientes y que m\u00e1s reservan a lo largo de estos \u00faltimos a\u00f1os.<\/h4>\n<p><\/p>\n<p><\/p>\n<h4 class=\"wp-block-heading\">Puedes reservar tu hotel, apartamento o alojamiento preferido para cualquiera de estas playas en nuestro site a trav\u00e9s de nuestro <a href=\"https:\/\/reservaviajes.centraldevacaciones.com\/?tripType=ONLY_HOTEL\">motor de Hoteles<\/a>.<\/h4>\n<p><\/p>\n<p><\/p>\n<h3 class=\"wp-block-heading\">Playa de Bolonia. Tarifa (C\u00e1diz)<\/h3>\n<p><\/p>\n<p><\/p>\n<div class=\"wp-block-image\">\n<figure class=\"aligncenter\"><img fetchpriority=\"high\" decoding=\"async\" class=\"alignnone wp-image-19631 size-full\" src=\"https:\/\/www.centraldevacaciones.com\/blog\/wp-content\/uploads\/2021\/10\/Playa-de-Bolonia.jpg\" alt=\"Top Playas m\u00e1s bonitas de Espa\u00f1a: Playa de Bolonia\" width=\"512\" height=\"319\" srcset=\"https:\/\/www.centraldevacaciones.com\/blog\/wp-content\/uploads\/2021\/10\/Playa-de-Bolonia.jpg 512w, https:\/\/www.centraldevacaciones.com\/blog\/wp-content\/uploads\/2021\/10\/Playa-de-Bolonia-300x187.jpg 300w\" sizes=\"(max-width: 512px) 100vw, 512px\" \/>\n<p>\u00a0<\/p>\n<figcaption>Playa de Bolonia<\/figcaption>\n<\/figure>\n<\/div>\n<p><\/p>\n<p><\/p>\n<p>Play\u00f3n enorme donde todav\u00eda puedes encontrar vacas junto al agua, m\u00e1s de 3 kil\u00f3metros de arena entre Valdevaqueros y Zahara de los Atunes, perteneciente al parque Natural del Estrecho. La afluencia en verano de esta playa es bastante elevada porque se encuentra dentro del Top Mundial de playas. Adem\u00e1s no s\u00f3lo es arena, sol y mar, tambi\u00e9n podr\u00e1s visitar la ciudad romana de Baelo Claudia, muy pero que muy aconsejable, podr\u00e1s encontrar unas ruinas romanas junto al mar en gran estado de conservaci\u00f3n, adem\u00e1s podr\u00e1s disfrutar de una visita guiada por profesionales y conocer los or\u00edgenes de esta magn\u00edfica ciudad. \u00bfTe gusta el plan? En Centraldevacaciones.com encontrar\u00e1s ofertas para los\u00a0<a href=\"https:\/\/www.centraldevacaciones.com\/blog\/costa-de-la-luz\/\" target=\"_blank\" rel=\"noopener\">mejores hoteles en la costa de la Luz<\/a>.<\/p>\n<p><\/p>\n<p><\/p>\n<h3 class=\"wp-block-heading\">Playa de Rodas. Vigo (Pontevedra)<\/h3>\n<p><\/p>\n<p><\/p>\n<div class=\"wp-block-image\">\n<figure class=\"aligncenter\"><img decoding=\"async\" class=\"alignnone wp-image-19632 size-full\" src=\"https:\/\/www.centraldevacaciones.com\/blog\/wp-content\/uploads\/2021\/10\/Playa-de-Rodas.jpg\" alt=\"Top Playas m\u00e1s bonitas de Espa\u00f1a: Playa de Rodas \" width=\"1024\" height=\"434\" srcset=\"https:\/\/www.centraldevacaciones.com\/blog\/wp-content\/uploads\/2021\/10\/Playa-de-Rodas.jpg 1024w, https:\/\/www.centraldevacaciones.com\/blog\/wp-content\/uploads\/2021\/10\/Playa-de-Rodas-300x127.jpg 300w, https:\/\/www.centraldevacaciones.com\/blog\/wp-content\/uploads\/2021\/10\/Playa-de-Rodas-768x326.jpg 768w\" sizes=\"(max-width: 1024px) 100vw, 1024px\" \/>\n<p>\u00a0<\/p>\n<figcaption>Playa de Rodas<\/figcaption>\n<\/figure>\n<\/div>\n<p><\/p>\n<p><\/p>\n<p>La fotograf\u00eda lo dice todo, las Islas C\u00edes disponen de uno de los arenales mejor conservados del Mundo. En alguna ocasi\u00f3n diversos medios internacionales, en los \u00faltimos a\u00f1os, han llegado a considerarla como la Mejor Playa del Mundo. Recuerda que para poderla visitar has de ir en barco y que hay un l\u00edmite diario de ocupaci\u00f3n para preservar este lugar paradisiaco, as\u00ed que reserva tu plaza con cierta antelaci\u00f3n si quieres disfrutar de las C\u00edes en el Oc\u00e9ano Atl\u00e1ntico.<\/p>\n<p><\/p>\n<p><\/p>\n<h3 class=\"wp-block-heading\">Playa de Las Catedrales. Ribadeo (Lugo)<\/h3>\n<p><\/p>\n<p><\/p>\n<div class=\"wp-block-image\">\n<figure class=\"aligncenter\"><img decoding=\"async\" class=\"alignnone wp-image-19640 size-full\" src=\"https:\/\/www.centraldevacaciones.com\/blog\/wp-content\/uploads\/2021\/10\/Playa-de-Las-Catedrales.jpg\" alt=\"Top Playas m\u00e1s bonitas de Espa\u00f1a: Playa de Las Catedrales\" width=\"768\" height=\"508\" srcset=\"https:\/\/www.centraldevacaciones.com\/blog\/wp-content\/uploads\/2021\/10\/Playa-de-Las-Catedrales.jpg 768w, https:\/\/www.centraldevacaciones.com\/blog\/wp-content\/uploads\/2021\/10\/Playa-de-Las-Catedrales-300x198.jpg 300w\" sizes=\"(max-width: 768px) 100vw, 768px\" \/><br \/>\n<p>\u00a0<\/p>\n<figcaption>Playa de las Catedrales<\/figcaption>\n<\/figure>\n<\/div>\n<p><\/p>\n<p><\/p>\n<p>Quiz\u00e1s sea la playa m\u00e1s fotografiada de Espa\u00f1a y quien sabe, si pudiera ser del mundo. Este arenal permite uno de los mejores paseos que hoy por hoy se pueden disfrutar en una playa a nivel mundial. Ahh! Recuerda, s\u00f3lo es accesible con mareas bajas y en temporada alta, se precisa de una autorizaci\u00f3n de la Xunta de Galicia para bajar a disfrutar del monumento natural. Si tienes pensado visitar Galicia, es una parada obligatoria en tu recorrido.<\/p>\n<p><\/p>\n<p><\/p>\n<h3 class=\"wp-block-heading\">Playa de la Barrosa. Chiclana de la Frontera (C\u00e1diz)<\/h3>\n<p><\/p>\n<p><\/p>\n<div class=\"wp-block-image\">\n<figure class=\"aligncenter\"><img loading=\"lazy\" decoding=\"async\" class=\"alignnone wp-image-19645 size-full\" src=\"https:\/\/www.centraldevacaciones.com\/blog\/wp-content\/uploads\/2021\/10\/Playa-de-la-Barrosa.jpg\" alt=\"Top Playas m\u00e1s bonitas de Espa\u00f1a: Playa de la Barrosa\" width=\"750\" height=\"430\" srcset=\"https:\/\/www.centraldevacaciones.com\/blog\/wp-content\/uploads\/2021\/10\/Playa-de-la-Barrosa.jpg 750w, https:\/\/www.centraldevacaciones.com\/blog\/wp-content\/uploads\/2021\/10\/Playa-de-la-Barrosa-300x172.jpg 300w\" sizes=\"(max-width: 750px) 100vw, 750px\" \/>\n<p>\u00a0<\/p>\n<figcaption>Playa de la Barrosa<\/figcaption>\n<\/figure>\n<\/div>\n<p><\/p>\n<p><\/p>\n<p>Para nosotros es una de nuestras favoritas sin duda, conjuga entre sus m\u00e1s de 5 kil\u00f3metros de longitud, una mezcla de colores en funci\u00f3n de la hora del d\u00eda que la hace m\u00e1gica. Zona hotelera con una calidad superlativa, unos chiringuitos, quiz\u00e1s de los mejores de Espa\u00f1a, d\u00f3nde desde el amanecer hasta altas horas de la madrugada, podr\u00e1s disfrutar desde la mejor gastronom\u00eda hasta la mejor de las copas o sus espectaculares y decoradas terrazas chill out con grandes camas balinesas o tumbonas atendidas por camareros selectos. Si adem\u00e1s prefieres aislarte, existen innumerables rincones para poderla disfrutar en soledad, adem\u00e1s su gran anchura, hace que los rincones sean privativos y re\u00fanan condiciones perfectas para los amantes del sol o de la sombra. Un consejo, los d\u00edas de fuerte levante, disfruta de sus pueblos cercanos, ganader\u00edas o de su naturaleza y sierra a un paso, porque la playa no estar\u00e1 plenamente disfrutable.<\/p>\n<p><\/p>\n<p><\/p>\n<h3 class=\"wp-block-heading\">Playa de Los Muertos. Carboneras (Almer\u00eda)<\/h3>\n<p><\/p>\n<p><\/p>\n<div class=\"wp-block-image\">\n<figure class=\"aligncenter\"><img loading=\"lazy\" decoding=\"async\" class=\"alignnone wp-image-19646 size-full\" src=\"https:\/\/www.centraldevacaciones.com\/blog\/wp-content\/uploads\/2021\/10\/Playa-de-los-muertos.jpg\" alt=\"Top Playas m\u00e1s bonitas de Espa\u00f1a: Playa de los muertos\" width=\"624\" height=\"416\" srcset=\"https:\/\/www.centraldevacaciones.com\/blog\/wp-content\/uploads\/2021\/10\/Playa-de-los-muertos.jpg 624w, https:\/\/www.centraldevacaciones.com\/blog\/wp-content\/uploads\/2021\/10\/Playa-de-los-muertos-300x200.jpg 300w\" sizes=\"(max-width: 624px) 100vw, 624px\" \/>\n<p>\u00a0<\/p>\n<figcaption>Playa de los Muertos<\/figcaption>\n<\/figure>\n<\/div>\n<p><\/p>\n<p><\/p>\n<p>Vaya nombre!!! pues no dejes de visitarla si reservas tu\u00a0<a href=\"https:\/\/www.centraldevacaciones.com\/blog\/ofertas-viajes-costa-almeria\/\" target=\"_blank\" rel=\"noopener\">hotel en la Costa de Almer\u00eda<\/a>. Se encuentra dentro del Parque natural del Cabo de Gata-N\u00edjar y con un muy f\u00e1cil acceso. Debe su nombre a qu\u00e9 en tiempos hist\u00f3ricos, las corrientes hac\u00edan llegar a sus costas, los cad\u00e1veres de n\u00e1ufragos o navegantes. Es por ello que los d\u00edas en los que sopla el levante, has de tener cuidado con sus resacas.<\/p>\n<p><\/p>\n<p><\/p>\n<h3 class=\"wp-block-heading\">Playa de la Concha. San Sebasti\u00e1n (Guip\u00fazcoa)<\/h3>\n<p><\/p>\n<p><\/p>\n<div class=\"wp-block-image\">\n<figure class=\"aligncenter\"><img loading=\"lazy\" decoding=\"async\" class=\"alignnone wp-image-19647 size-full\" src=\"https:\/\/www.centraldevacaciones.com\/blog\/wp-content\/uploads\/2021\/10\/Playa-de-la-Concha.jpg\" alt=\"Top Playas m\u00e1s bonitas de Espa\u00f1a: Playa de la Concha en San Sebasti\u00e1n\" width=\"1024\" height=\"576\" srcset=\"https:\/\/www.centraldevacaciones.com\/blog\/wp-content\/uploads\/2021\/10\/Playa-de-la-Concha.jpg 1024w, https:\/\/www.centraldevacaciones.com\/blog\/wp-content\/uploads\/2021\/10\/Playa-de-la-Concha-300x169.jpg 300w, https:\/\/www.centraldevacaciones.com\/blog\/wp-content\/uploads\/2021\/10\/Playa-de-la-Concha-768x432.jpg 768w\" sizes=\"(max-width: 1024px) 100vw, 1024px\" \/>\n<p>\u00a0<\/p>\n<figcaption>Playa de la Concha<\/figcaption>\n<\/figure>\n<\/div>\n<p><\/p>\n<p><\/p>\n<p>En Europa dicen que es la Mejor. \u00bfT\u00fa qu\u00e9 opinas? Isla de Santa Clara, Monte Igueldo y Urgull la franquean, la pleamar casi la deja sin arena, los ba\u00f1istas la desalojan, las piraguas, las tablas de surf la coronan, en fin, un aut\u00e9ntico placer para la vista, un paseo magn\u00edfico y el mejor ba\u00f1o. Poco m\u00e1s se puede decir de esta playa, maravillosa.<\/p>\n<p><\/p>\n<p><\/p>\n<h3 class=\"wp-block-heading\">Playa de Ses Illetes. Formentera (Islas Baleares)<img loading=\"lazy\" decoding=\"async\" class=\"alignnone wp-image-19648 size-full\" src=\"https:\/\/www.centraldevacaciones.com\/blog\/wp-content\/uploads\/2021\/10\/Playa-de-Ses-Illes.jpg\" alt=\"Top Playas m\u00e1s bonitas de Espa\u00f1a: Playa de Ses Illes en Formentera\" width=\"1000\" height=\"563\" srcset=\"https:\/\/www.centraldevacaciones.com\/blog\/wp-content\/uploads\/2021\/10\/Playa-de-Ses-Illes.jpg 1000w, https:\/\/www.centraldevacaciones.com\/blog\/wp-content\/uploads\/2021\/10\/Playa-de-Ses-Illes-300x169.jpg 300w, https:\/\/www.centraldevacaciones.com\/blog\/wp-content\/uploads\/2021\/10\/Playa-de-Ses-Illes-768x432.jpg 768w\" sizes=\"(max-width: 1000px) 100vw, 1000px\" \/><\/h3>\n<div class=\"wp-block-image\">\n<figure class=\"aligncenter\">\n<figcaption>Playa de Ses Illetes<\/figcaption>\n<\/figure>\n<\/div>\n<p><\/p>\n<p><\/p>\n<p>No pod\u00eda faltar en el Top de Playas nacionales ni mundiales, la playa con la arena m\u00e1s fina y con las aguas m\u00e1s azules del mediterr\u00e1neo. Cierra los ojos, y jam\u00e1s creer\u00edas que est\u00e1s en Espa\u00f1a, el mejor caribe, no envidia a nada de esta espectacular playa. Dunas, yates incre\u00edbles, c\u00e1lidas aguas, belleza infinita a la que se suman algunos de los restaurantes m\u00e1s famosos del mundo y que cada verano son visitados por actores y actrices de Hollywood, grandes futbolistas y empresarios, as\u00ed como los famosos de los famosos. Puedes llegar caminando desde el puerto o mediante una barca desde el mismo.<\/p>\n<p><\/p>\n<p><\/p>\n<h3 class=\"wp-block-heading\">Playas de Calblanque. Cartagena (Murcia)<\/h3>\n<p><\/p>\n<p><\/p>\n<div class=\"wp-block-image\">\n<figure class=\"aligncenter\"><img loading=\"lazy\" decoding=\"async\" class=\"alignnone wp-image-19649 size-full\" src=\"https:\/\/www.centraldevacaciones.com\/blog\/wp-content\/uploads\/2021\/10\/Playas-de-Calblanque.jpg\" alt=\"Top Playas m\u00e1s bonitas de Espa\u00f1a: Playas de Calblanque\" width=\"1024\" height=\"334\" srcset=\"https:\/\/www.centraldevacaciones.com\/blog\/wp-content\/uploads\/2021\/10\/Playas-de-Calblanque.jpg 1024w, https:\/\/www.centraldevacaciones.com\/blog\/wp-content\/uploads\/2021\/10\/Playas-de-Calblanque-300x98.jpg 300w, https:\/\/www.centraldevacaciones.com\/blog\/wp-content\/uploads\/2021\/10\/Playas-de-Calblanque-768x251.jpg 768w\" sizes=\"(max-width: 1024px) 100vw, 1024px\" \/>\n<p>\u00a0<\/p>\n<figcaption>Calblanque en Murcia<\/figcaption>\n<\/figure>\n<\/div>\n<p><\/p>\n<p><\/p>\n<p>Rodeada de un ecosistema \u00fanico y protegido junto a La Manga del Mar Menor, jam\u00e1s pensar\u00edas que este play\u00f3n estaba ah\u00ed! En verano se puede visitar con ciertas restricciones para protegerla de la masificaci\u00f3n, pero si te alojas en La Manga o sus diversos pueblos tan tur\u00edsticos cercanos, visitala, no te arrepentir\u00e1s. La m\u00e1s cercana de sus playas tiene un aparcamiento denominado El Atochar, la llaman Playa Larga porque tiene casi 3 kil\u00f3metros de arena de un color dorado. En la parte oeste, con acceso a pie, est\u00e1 la playa de Negrete, maravillosa playa tradicionalmente nudista que dispone de unas dunas enormes. Tienes que tener en cuenta que son playas v\u00edrgenes que no suelen estar vigiladas y que disponen de grandes corrientes, atentos a los vientos para evitar resacas.<\/p>\n<p><\/p>\n<p><\/p>\n<h3 class=\"wp-block-heading\">Playa de Macarella. Menorca (Islas Baleares)<\/h3>\n<p><\/p>\n<p><\/p>\n<div class=\"wp-block-image\">\n<figure class=\"aligncenter\"><img loading=\"lazy\" decoding=\"async\" class=\"alignnone wp-image-19650 size-full\" src=\"https:\/\/www.centraldevacaciones.com\/blog\/wp-content\/uploads\/2021\/10\/Playa-de-Macarella.jpg\" alt=\"Top Playas m\u00e1s bonitas de Espa\u00f1a: Cala en Macarella\" width=\"1024\" height=\"679\" srcset=\"https:\/\/www.centraldevacaciones.com\/blog\/wp-content\/uploads\/2021\/10\/Playa-de-Macarella.jpg 1024w, https:\/\/www.centraldevacaciones.com\/blog\/wp-content\/uploads\/2021\/10\/Playa-de-Macarella-300x199.jpg 300w, https:\/\/www.centraldevacaciones.com\/blog\/wp-content\/uploads\/2021\/10\/Playa-de-Macarella-768x509.jpg 768w\" sizes=\"(max-width: 1024px) 100vw, 1024px\" \/>\n<p>\u00a0<\/p>\n<figcaption>Playa de Macarella en Menorca<\/figcaption>\n<\/figure>\n<\/div>\n<p><\/p>\n<p><\/p>\n<p>\u00bfEs una playa?, \u00bfEs una piscina? \u00bfEs un rinc\u00f3n de Las Maldivas? Tienes que visitarla, recorrer su senda de entrada y alcanzar su primera vista en un d\u00eda de pleno sol, har\u00e1 que no te puedas olvidar de vivir esta magn\u00edfica experiencia con la que has so\u00f1ado decenas de ocasiones. Es uno de los rincones m\u00e1s bonitos de Europa sin duda. El turquesa de sus aguas har\u00e1n que un chapuz\u00f3n te haga levitar por unos minutos. No hay nada parecido.Consigue tu oferta de\u00a0<a href=\"https:\/\/www.centraldevacaciones.com\/viajes\/ofertas-a-menorca.html\" target=\"_blank\" rel=\"noopener\">Vuelo + Hotel en Menorca<\/a>\u00a0en nuestra web y a\u00f1ade Traslados, Rent a Car, Actividades, Excursiones y hasta incluso Ferries. \u00a1No dejes de hacerlo y conseguir el mejor ahorro!<\/p>\n<p><\/p>\n<p><\/p>\n<h3 class=\"wp-block-heading\">Playas de Papagayo. Playa Blanca (Lanzarote)<\/h3>\n<p><\/p>\n<p><\/p>\n<div class=\"wp-block-image\">\n<figure class=\"aligncenter\"><img loading=\"lazy\" decoding=\"async\" class=\"alignnone wp-image-19651 size-full\" src=\"https:\/\/www.centraldevacaciones.com\/blog\/wp-content\/uploads\/2021\/10\/Playas-de-Papagayo.jpg\" alt=\"Top Playas m\u00e1s bonitas de Espa\u00f1a: Playas de Prepagayo\" width=\"1024\" height=\"683\" srcset=\"https:\/\/www.centraldevacaciones.com\/blog\/wp-content\/uploads\/2021\/10\/Playas-de-Papagayo.jpg 1024w, https:\/\/www.centraldevacaciones.com\/blog\/wp-content\/uploads\/2021\/10\/Playas-de-Papagayo-300x200.jpg 300w, https:\/\/www.centraldevacaciones.com\/blog\/wp-content\/uploads\/2021\/10\/Playas-de-Papagayo-768x512.jpg 768w\" sizes=\"(max-width: 1024px) 100vw, 1024px\" \/>\n<p>\u00a0<\/p>\n<figcaption>Playas de Papagayo<\/figcaption>\n<\/figure>\n<\/div>\n<p><\/p>\n<p><\/p>\n<p>\u00a1Impresionante! esta es la expresi\u00f3n cuando llegas por primera vez. De origen volc\u00e1nico, surgen varias playas de tintes africanos en medio de un Parque Natural de los Ajaches, bautizadas como Playa Mujeres, El Pozo, Caleta del Congrio, Puerto Muelas y El Papagayo. El lugar m\u00e1s paradisiaco de Lanzarote. Desde la mayor\u00eda puedes ver el islote de Lobos y Fuerteventura, decoraci\u00f3n especial para terminar de retocar este magn\u00edfico cuadro. Silencio, apacible murmullo de sus aguas y un viento acompa\u00f1ante que apacigua el calor en pleno verano, convierte estas calas en rincones jam\u00e1s so\u00f1ados. Ideales para disfrutar en familia. Reserva tus\u00a0<a href=\"https:\/\/www.centraldevacaciones.com\/viajes\/ofertas-a-islas-canarias.html\" target=\"_blank\" rel=\"noopener\">vacaciones en las Islas Canarias<\/a>\u00a0con Centraldevacaciones, ahora!\u00a0<\/p>\n<p><\/p>\n<p><\/p>\n<h3 class=\"wp-block-heading\">Platges de Comte. Ibiza (Islas Baleares)<\/h3>\n<p><\/p>\n<p><\/p>\n<div class=\"wp-block-image\">\n<figure class=\"aligncenter\"><img loading=\"lazy\" decoding=\"async\" class=\"alignnone wp-image-19652 size-full\" src=\"https:\/\/www.centraldevacaciones.com\/blog\/wp-content\/uploads\/2021\/10\/Platges-de-Comte-en-Ibiza.jpg\" alt=\"Top Playas m\u00e1s bonitas de Espa\u00f1a: Platges de Comte en Ibiza\" width=\"1024\" height=\"683\" srcset=\"https:\/\/www.centraldevacaciones.com\/blog\/wp-content\/uploads\/2021\/10\/Platges-de-Comte-en-Ibiza.jpg 1024w, https:\/\/www.centraldevacaciones.com\/blog\/wp-content\/uploads\/2021\/10\/Platges-de-Comte-en-Ibiza-300x200.jpg 300w, https:\/\/www.centraldevacaciones.com\/blog\/wp-content\/uploads\/2021\/10\/Platges-de-Comte-en-Ibiza-768x512.jpg 768w\" sizes=\"(max-width: 1024px) 100vw, 1024px\" \/>\n<p>\u00a0<\/p>\n<figcaption>Cala Conta<\/figcaption>\n<\/figure>\n<\/div>\n<p><\/p>\n<p><\/p>\n<p>Nos dejamos lo mejor para el final, una postal en toda regla, Cala no muy grande, con unos 600 metros de playa dividida en partes muy accesibles, visita imprescindible si viajas a Ibiza. Arena blanca, pendiente suave, agua transparente y fondo arenoso, si te gusta bucear, es un rinc\u00f3n estupendo. Sus chiringuitos ofrecen desde desayunos hasta cenas, adem\u00e1s de copas y m\u00fasica que ameniza tu estancia. La filosof\u00eda de la isla en estado puro. Disfruta de esta playa con nuestras\u00a0<a href=\"https:\/\/www.centraldevacaciones.com\/viajes\/ofertas-a-ibiza.html\" target=\"_blank\" rel=\"noopener\">ofertas de viaje a Ibiza<\/a>\u00a0para este verano. \u00a1No te lo pierdas!\u00a0<\/p>\n<p><\/p>\t\t\t\t\t\t\t\t<\/div>\n\t\t\t\t\t<\/div>\n\t\t<\/div>\n\t\t\t\t\t<\/div>\n\t\t<\/section>\n\t\t\t\t<section class=\"elementor-section elementor-top-section elementor-element elementor-element-7c663586 elementor-section-boxed elementor-section-height-default elementor-section-height-default\" data-id=\"7c663586\" data-element_type=\"section\">\n\t\t\t\t\t\t<div class=\"elementor-container elementor-column-gap-default\">\n\t\t\t\t\t<div class=\"elementor-column elementor-col-16 elementor-top-column elementor-element elementor-element-7610bb60\" data-id=\"7610bb60\" data-element_type=\"column\">\n\t\t\t<div class=\"elementor-widget-wrap elementor-element-populated\">\n\t\t\t\t\t\t<div class=\"elementor-element elementor-element-3c45e3d9 elementor-widget elementor-widget-image\" data-id=\"3c45e3d9\" data-element_type=\"widget\" data-widget_type=\"image.default\">\n\t\t\t\t\t\t\t\t\t\t\t\t\t\t\t<img loading=\"lazy\" decoding=\"async\" width=\"128\" height=\"128\" src=\"https:\/\/www.centraldevacaciones.com\/blog\/wp-content\/uploads\/2020\/09\/espana.png\" class=\"attachment-large size-large wp-image-12730\" alt=\"\" \/>\t\t\t\t\t\t\t\t\t\t\t\t\t\t\t<\/div>\n\t\t\t\t<div class=\"elementor-element elementor-element-278cd023 elementor-widget elementor-widget-heading\" data-id=\"278cd023\" data-element_type=\"widget\" data-widget_type=\"heading.default\">\n\t\t\t\t\t<h3 class=\"elementor-heading-title elementor-size-default\"><a href=\"https:\/\/www.centraldevacaciones.com\/blog\/ofertas-de-vacaciones\/\">Viajes por Espa\u00f1a<\/a><\/h3>\t\t\t\t<\/div>\n\t\t\t\t\t<\/div>\n\t\t<\/div>\n\t\t\t\t<div class=\"elementor-column elementor-col-16 elementor-top-column elementor-element elementor-element-41e8daef\" data-id=\"41e8daef\" data-element_type=\"column\">\n\t\t\t<div class=\"elementor-widget-wrap elementor-element-populated\">\n\t\t\t\t\t\t<div class=\"elementor-element elementor-element-4ee2debf elementor-widget elementor-widget-image\" data-id=\"4ee2debf\" data-element_type=\"widget\" data-widget_type=\"image.default\">\n\t\t\t\t\t\t\t\t\t\t\t\t\t\t\t<img loading=\"lazy\" decoding=\"async\" width=\"128\" height=\"128\" src=\"https:\/\/www.centraldevacaciones.com\/blog\/wp-content\/uploads\/2020\/09\/isla.png\" class=\"attachment-large size-large wp-image-12732\" alt=\"\" \/>\t\t\t\t\t\t\t\t\t\t\t\t\t\t\t<\/div>\n\t\t\t\t<div class=\"elementor-element elementor-element-2f18cfdc elementor-widget elementor-widget-heading\" data-id=\"2f18cfdc\" data-element_type=\"widget\" data-widget_type=\"heading.default\">\n\t\t\t\t\t<h3 class=\"elementor-heading-title elementor-size-default\"><a href=\"https:\/\/www.centraldevacaciones.com\/blog\/vacaciones-mejores-islas-espana\/\">Islas de Espa\u00f1a<\/a><\/h3>\t\t\t\t<\/div>\n\t\t\t\t\t<\/div>\n\t\t<\/div>\n\t\t\t\t<div class=\"elementor-column elementor-col-16 elementor-top-column elementor-element elementor-element-1222863f\" data-id=\"1222863f\" data-element_type=\"column\">\n\t\t\t<div class=\"elementor-widget-wrap elementor-element-populated\">\n\t\t\t\t\t\t<div class=\"elementor-element elementor-element-11c6f5f9 elementor-widget elementor-widget-image\" data-id=\"11c6f5f9\" data-element_type=\"widget\" data-widget_type=\"image.default\">\n\t\t\t\t\t\t\t\t\t\t\t\t\t\t\t<img loading=\"lazy\" decoding=\"async\" width=\"128\" height=\"128\" src=\"https:\/\/www.centraldevacaciones.com\/blog\/wp-content\/uploads\/2021\/05\/avion-1.png\" class=\"attachment-large size-large wp-image-12639\" alt=\"\" \/>\t\t\t\t\t\t\t\t\t\t\t\t\t\t\t<\/div>\n\t\t\t\t<div class=\"elementor-element elementor-element-832a8ec elementor-widget elementor-widget-heading\" data-id=\"832a8ec\" data-element_type=\"widget\" data-widget_type=\"heading.default\">\n\t\t\t\t\t<h3 class=\"elementor-heading-title elementor-size-default\"><a href=\"https:\/\/www.centraldevacaciones.com\/viajes\/ofertas-a-islas-canarias.html\">Viajes a Canarias<\/a><\/h3>\t\t\t\t<\/div>\n\t\t\t\t\t<\/div>\n\t\t<\/div>\n\t\t\t\t<div class=\"elementor-column elementor-col-16 elementor-top-column elementor-element elementor-element-4b0194b9\" data-id=\"4b0194b9\" data-element_type=\"column\">\n\t\t\t<div class=\"elementor-widget-wrap elementor-element-populated\">\n\t\t\t\t\t\t<div class=\"elementor-element elementor-element-409bb20e elementor-widget elementor-widget-image\" data-id=\"409bb20e\" data-element_type=\"widget\" data-widget_type=\"image.default\">\n\t\t\t\t\t\t\t\t\t\t\t\t\t\t\t<img loading=\"lazy\" decoding=\"async\" width=\"128\" height=\"128\" src=\"https:\/\/www.centraldevacaciones.com\/blog\/wp-content\/uploads\/2020\/09\/sombrilla.png\" class=\"attachment-large size-large wp-image-12733\" alt=\"\" \/>\t\t\t\t\t\t\t\t\t\t\t\t\t\t\t<\/div>\n\t\t\t\t<div class=\"elementor-element elementor-element-104ad937 elementor-widget elementor-widget-heading\" data-id=\"104ad937\" data-element_type=\"widget\" data-widget_type=\"heading.default\">\n\t\t\t\t\t<h3 class=\"elementor-heading-title elementor-size-default\"><a href=\"https:\/\/www.centraldevacaciones.com\/viajes\/ofertas-a-lanzarote.html\">Viajes a Lanzarote<\/a><\/h3>\t\t\t\t<\/div>\n\t\t\t\t\t<\/div>\n\t\t<\/div>\n\t\t\t\t<div class=\"elementor-column elementor-col-16 elementor-top-column elementor-element elementor-element-1d979806\" data-id=\"1d979806\" data-element_type=\"column\">\n\t\t\t<div class=\"elementor-widget-wrap elementor-element-populated\">\n\t\t\t\t\t\t<div class=\"elementor-element elementor-element-49da1034 elementor-widget elementor-widget-image\" data-id=\"49da1034\" data-element_type=\"widget\" data-widget_type=\"image.default\">\n\t\t\t\t\t\t\t\t\t\t\t\t\t\t\t<img loading=\"lazy\" decoding=\"async\" width=\"128\" height=\"128\" src=\"https:\/\/www.centraldevacaciones.com\/blog\/wp-content\/uploads\/2020\/09\/avion.png\" class=\"attachment-large size-large wp-image-12734\" alt=\"\" \/>\t\t\t\t\t\t\t\t\t\t\t\t\t\t\t<\/div>\n\t\t\t\t<div class=\"elementor-element elementor-element-1aa01005 elementor-widget elementor-widget-heading\" data-id=\"1aa01005\" data-element_type=\"widget\" data-widget_type=\"heading.default\">\n\t\t\t\t\t<h3 class=\"elementor-heading-title elementor-size-default\"><a href=\"https:\/\/www.centraldevacaciones.com\/viajes\/ofertas-a-islas-baleares.html\">Viajes a las Baleares<\/a><\/h3>\t\t\t\t<\/div>\n\t\t\t\t\t<\/div>\n\t\t<\/div>\n\t\t\t\t<div class=\"elementor-column elementor-col-16 elementor-top-column elementor-element elementor-element-32ca187d\" data-id=\"32ca187d\" data-element_type=\"column\">\n\t\t\t<div class=\"elementor-widget-wrap elementor-element-populated\">\n\t\t\t\t\t\t<div class=\"elementor-element elementor-element-744f1b75 elementor-widget elementor-widget-image\" data-id=\"744f1b75\" data-element_type=\"widget\" data-widget_type=\"image.default\">\n\t\t\t\t\t\t\t\t\t\t\t\t\t\t\t<img loading=\"lazy\" decoding=\"async\" width=\"128\" height=\"128\" src=\"https:\/\/www.centraldevacaciones.com\/blog\/wp-content\/uploads\/2021\/05\/dom.png\" class=\"attachment-large size-large wp-image-12635\" alt=\"\" \/>\t\t\t\t\t\t\t\t\t\t\t\t\t\t\t<\/div>\n\t\t\t\t<div class=\"elementor-element elementor-element-44a47118 elementor-widget elementor-widget-heading\" data-id=\"44a47118\" data-element_type=\"widget\" data-widget_type=\"heading.default\">\n\t\t\t\t\t<h3 class=\"elementor-heading-title elementor-size-default\"><a href=\"https:\/\/www.centraldevacaciones.com\/viajes\/ofertas-a-mallorca.html\">Viajes a Mallorca<\/a><\/h3>\t\t\t\t<\/div>\n\t\t\t\t\t<\/div>\n\t\t<\/div>\n\t\t\t\t\t<\/div>\n\t\t<\/section>\n\t\t\t\t<section class=\"elementor-section elementor-top-section elementor-element elementor-element-8edc4e7 elementor-section-boxed elementor-section-height-default elementor-section-height-default\" data-id=\"8edc4e7\" data-element_type=\"section\">\n\t\t\t\t\t\t<div class=\"elementor-container elementor-column-gap-default\">\n\t\t\t\t\t<div class=\"elementor-column elementor-col-100 elementor-top-column elementor-element elementor-element-82bf1e8\" data-id=\"82bf1e8\" data-element_type=\"column\">\n\t\t\t<div class=\"elementor-widget-wrap elementor-element-populated\">\n\t\t\t\t\t\t<div class=\"elementor-element elementor-element-ca3d4f8 elementor-widget elementor-widget-text-editor\" data-id=\"ca3d4f8\" data-element_type=\"widget\" data-widget_type=\"text-editor.default\">\n\t\t\t\t\t\t\t\t\t<p><span style=\"font-weight: 400;\">\u00a1Disfruta este verano como el que m\u00e1s y haz realidad el sue\u00f1o que muchos otros tienen con Central de Vacaciones! Pasa unos d\u00edas de vacaciones de desconexi\u00f3n en Espa\u00f1a, concretamente en las Islas Canarias sin preocuparte de nada junto a quien m\u00e1s quieres en una estancia premium con los extras que m\u00e1s se adapten a ti. \u00a1Haz ahora tu reserva aprovechando las ofertas antes de que se agote la disponibilidad y empieza a hacer el planning de los d\u00edas de tu estancia!<\/span><\/p>\t\t\t\t\t\t\t\t<\/div>\n\t\t\t\t\t<\/div>\n\t\t<\/div>\n\t\t\t\t\t<\/div>\n\t\t<\/section>\n\t\t\t\t<\/div>\n\t\t","protected":false},"excerpt":{"rendered":"<p>El verano est\u00e1 muy pr\u00f3ximo y desde luego que vamos a seguir viajando a nuestras querid\u00edsimas playas espa\u00f1olas. A continuaci\u00f3n vas a poder ver las playas que m\u00e1s le gustan a nuestros clientes y que m\u00e1s reservan a lo largo de estos \u00faltimos a\u00f1os. Puedes reservar tu hotel, apartamento o alojamiento preferido para cualquiera de [&hellip;]<\/p>\n","protected":false},"author":3,"featured_media":6911,"comment_status":"open","ping_status":"open","sticky":true,"template":"elementor_theme","format":"standard","meta":{"_acf_changed":false,"footnotes":""},"categories":[4,208,1],"tags":[],"class_list":["post-6903","post","type-post","status-publish","format-standard","has-post-thumbnail","hentry","category-espana","category-ideas-escapadas","category-vacaciones"],"acf":[],"_links":{"self":[{"href":"https:\/\/www.centraldevacaciones.com\/blog\/wp-json\/wp\/v2\/posts\/6903","targetHints":{"allow":["GET"]}}],"collection":[{"href":"https:\/\/www.centraldevacaciones.com\/blog\/wp-json\/wp\/v2\/posts"}],"about":[{"href":"https:\/\/www.centraldevacaciones.com\/blog\/wp-json\/wp\/v2\/types\/post"}],"author":[{"embeddable":true,"href":"https:\/\/www.centraldevacaciones.com\/blog\/wp-json\/wp\/v2\/users\/3"}],"replies":[{"embeddable":true,"href":"https:\/\/www.centraldevacaciones.com\/blog\/wp-json\/wp\/v2\/comments?post=6903"}],"version-history":[{"count":0,"href":"https:\/\/www.centraldevacaciones.com\/blog\/wp-json\/wp\/v2\/posts\/6903\/revisions"}],"wp:featuredmedia":[{"embeddable":true,"href":"https:\/\/www.centraldevacaciones.com\/blog\/wp-json\/wp\/v2\/media\/6911"}],"wp:attachment":[{"href":"https:\/\/www.centraldevacaciones.com\/blog\/wp-json\/wp\/v2\/media?parent=6903"}],"wp:term":[{"taxonomy":"category","embeddable":true,"href":"https:\/\/www.centraldevacaciones.com\/blog\/wp-json\/wp\/v2\/categories?post=6903"},{"taxonomy":"post_tag","embeddable":true,"href":"https:\/\/www.centraldevacaciones.com\/blog\/wp-json\/wp\/v2\/tags?post=6903"}],"curies":[{"name":"wp","href":"https:\/\/api.w.org\/{rel}","templated":true}]}}