{"id":6872,"date":"2020-03-13T11:23:01","date_gmt":"2020-03-13T10:23:01","guid":{"rendered":"https:\/\/www.centraldevacaciones.com\/blog\/?p=6872"},"modified":"2021-06-30T18:13:30","modified_gmt":"2021-06-30T16:13:30","slug":"las-mejores-ciudades-para-visitar-en-semana-santa","status":"publish","type":"post","link":"https:\/\/www.centraldevacaciones.com\/blog\/las-mejores-ciudades-para-visitar-en-semana-santa\/","title":{"rendered":"Las mejores ciudades para visitar en Semana Santa"},"content":{"rendered":"\n<p style=\"text-align: justify;\"><span data-contrast=\"auto\">Despu\u00e9s de Navidad,<\/span><span data-contrast=\"auto\">&nbsp;Semana Santa<\/span><span data-contrast=\"auto\">&nbsp;es<\/span><span data-contrast=\"auto\">&nbsp;<\/span><span data-contrast=\"auto\">para muchos&nbsp;<\/span><span data-contrast=\"auto\">la primera oportunidad<\/span><span data-contrast=\"auto\">&nbsp;<\/span><span data-contrast=\"auto\">d<\/span><span data-contrast=\"auto\">e regalarse unas merecidas vacaciones<\/span><span data-contrast=\"auto\">&nbsp;(y<\/span><span data-contrast=\"auto\">&nbsp;de hacer m\u00e1s llevadera la espera hasta el verano<\/span><span data-contrast=\"auto\">)<\/span><span data-contrast=\"auto\">. \u00bfT<\/span><span data-contrast=\"auto\">e apetece a ti tambi\u00e9n disfrutar de este momento del a\u00f1o? Si es as\u00ed, toma nota, ya que queremos proponerte las mejores ciudades para visitar en Semana Santa.&nbsp;<\/span><span data-ccp-props=\"{&quot;201341983&quot;:0,&quot;335551550&quot;:6,&quot;335551620&quot;:6,&quot;335559739&quot;:160,&quot;335559740&quot;:259}\">&nbsp;<\/span><\/p>\n<p style=\"text-align: justify;\"><span data-contrast=\"auto\">Con nuestras&nbsp;<\/span><a href=\"https:\/\/www.centraldevacaciones.com\/ofertas-viajes\/\"><strong><span data-contrast=\"none\"><span data-ccp-charstyle=\"Hyperlink\">ofertas de viaje<\/span><\/span><\/strong><\/a><span data-contrast=\"auto\">, podr\u00e1s conocer estos destinos a precios incre\u00edbles, con vuelos y hoteles al mejor precio y el respaldo de un equipo al que le encanta recorrer mundo tanto como a ti. \u00bfPreparado\/a para elegir el tuyo? Vamos all\u00e1.&nbsp;<\/span><span data-ccp-props=\"{&quot;201341983&quot;:0,&quot;335551550&quot;:6,&quot;335551620&quot;:6,&quot;335559739&quot;:160,&quot;335559740&quot;:259}\">&nbsp;<\/span><\/p>\n\n\n\n<h2 class=\"wp-block-heading\">Budapest, Hungr\u00eda&nbsp; <\/h2>\n\n\n\n<p style=\"text-align: justify;\"><span data-contrast=\"auto\">Una de las mejore<\/span><span data-contrast=\"auto\">s<\/span><span data-contrast=\"auto\">&nbsp;ciudades para visitar en Semana Santa es&nbsp;<\/span><a href=\"https:\/\/reservaviajes.centraldevacaciones.com\/ES\/idea\/285535\/oferta-de-viaje-a-budapest\"><strong><span data-contrast=\"none\"><span data-ccp-charstyle=\"Hyperlink\">Budapest<\/span><\/span><\/strong><\/a><strong><span data-contrast=\"auto\">,<\/span><\/strong><span data-contrast=\"auto\">&nbsp;la<\/span><span data-contrast=\"auto\">&nbsp;<\/span><span data-contrast=\"auto\">capital magiar. M\u00e1s all\u00e1 de las impagables vistas del Danubio o de sus espectaculares monumentos \u2014como el Parlamento de Hungr\u00eda, la Gran Sinagoga de Budapest, la iglesia de Mat\u00edas<\/span><span data-contrast=\"auto\">&nbsp;o<\/span><span data-contrast=\"auto\">&nbsp;el Basti\u00f3n de los Pescadores<\/span><span data-contrast=\"auto\">\u2014, esta&nbsp;<\/span><span data-contrast=\"auto\">vibrante urbe<\/span><span data-contrast=\"auto\">&nbsp;tambi\u00e9n se suma a una de las fiestas cat\u00f3licas m\u00e1s importantes del a\u00f1o. Uno de los lugares clave en estas fechas es el&nbsp;<\/span><strong><span data-contrast=\"auto\">Castillo de&nbsp;Vajdahunyad<\/span><\/strong><strong><span data-contrast=\"auto\">&nbsp;<\/span><\/strong><span data-contrast=\"auto\">(<\/span><span data-contrast=\"auto\">1896<\/span><span data-contrast=\"auto\">&#8211;<\/span><span data-contrast=\"auto\">1908<\/span><span data-contrast=\"auto\">). All\u00ed se<\/span><span data-contrast=\"auto\">&nbsp;lleva a cabo<\/span><span data-contrast=\"auto\">&nbsp;el<\/span><span data-contrast=\"auto\">&nbsp;<\/span><strong><span data-contrast=\"auto\">F<\/span><\/strong><strong><span data-contrast=\"auto\">estival del Cordero de Pascua<\/span><\/strong><strong><span data-contrast=\"auto\">,&nbsp;<\/span><\/strong><span data-contrast=\"auto\">una cita gastron\u00f3mica en la que diversos chefs compiten<\/span><span data-contrast=\"auto\">&nbsp;entre s\u00ed<\/span><span data-contrast=\"auto\">&nbsp;<\/span><span data-contrast=\"auto\">el Domingo de&nbsp;<\/span><span data-contrast=\"auto\">Resurrecci\u00f3n<\/span><span data-contrast=\"auto\">. \u00bfEl objetivo?<\/span><span data-contrast=\"auto\">&nbsp;<\/span><span data-contrast=\"auto\">Elaborar<\/span><span data-contrast=\"auto\">&nbsp;la<\/span><span data-contrast=\"auto\">&nbsp;mejor receta a partir del tipo de carne mencionado. Tambi\u00e9n<\/span><span data-contrast=\"auto\">&nbsp;se puede visitar el<\/span><span data-contrast=\"auto\">&nbsp;<\/span><strong><span data-contrast=\"auto\">Museo H\u00fangaro del Ferrocarril<\/span><\/strong><span data-contrast=\"auto\">,&nbsp;<\/span><span data-contrast=\"auto\">donde se organiza una actividad en la que los ni\u00f1os tienen que localizar huevos de Pascua.&nbsp;<\/span><span data-ccp-props=\"{&quot;201341983&quot;:0,&quot;335551550&quot;:6,&quot;335551620&quot;:6,&quot;335559739&quot;:160,&quot;335559740&quot;:259}\">&nbsp;<\/span><\/p>\n<p style=\"text-align: justify;\"><span data-contrast=\"auto\">Y eso no es todo: tomando un autob\u00fas desde Budapest, en apenas dos horas se alcanza el pintoresco pueblo de&nbsp;<\/span><strong><span data-contrast=\"auto\">Holl\u00f3k\u0151,<\/span><\/strong><span data-contrast=\"auto\">&nbsp;situado en el norte de Hungr\u00eda y declarado&nbsp;<\/span><span data-contrast=\"auto\">Patrimonio de la Humanidad por la UNESCO<\/span><span data-contrast=\"auto\">&nbsp;en 1987. Esta encantadora localidad, cuyos habitantes a\u00fan lucen los trajes t\u00edpicos para ir a misa en domingo, acoge el famoso&nbsp;<\/span><strong><span data-contrast=\"auto\">Festival de Pascua<\/span><\/strong><strong><span data-contrast=\"auto\">,&nbsp;<\/span><\/strong><span data-contrast=\"auto\">en la que los<\/span><span data-contrast=\"auto\">&nbsp;participantes<\/span><span data-contrast=\"auto\">&nbsp;se lanzan cubos de agua<\/span><span data-contrast=\"auto\">&nbsp;(foto)<\/span><span data-contrast=\"auto\">.<\/span><strong><span data-contrast=\"auto\">&nbsp;<\/span><\/strong><span data-contrast=\"auto\">Por cierto<\/span><span data-contrast=\"auto\">&nbsp;\u00bfsab\u00edas que,&nbsp;<\/span><span data-contrast=\"auto\">en h\u00fangaro,&nbsp;<\/span><span data-contrast=\"auto\">a la Pascua se la denomina<\/span><span data-contrast=\"auto\">&nbsp;<\/span><em><span data-contrast=\"auto\">H\u00fasv\u00e9t<\/span><\/em><span data-contrast=\"auto\">, que significa \u2018comer carne\u2019?<\/span><span data-ccp-props=\"{&quot;201341983&quot;:0,&quot;335551550&quot;:6,&quot;335551620&quot;:6,&quot;335559739&quot;:160,&quot;335559740&quot;:259}\">&nbsp;<\/span><\/p>\n\n\n\n<div class=\"wp-block-image\"><figure class=\"aligncenter\"><img fetchpriority=\"high\" decoding=\"async\" width=\"607\" height=\"410\" src=\"https:\/\/www.centraldevacaciones.com\/blog\/wp-content\/uploads\/2020\/03\/1_Holloko_Hungr\u00eda.jpg\" alt=\"\" class=\"wp-image-6873\" srcset=\"https:\/\/www.centraldevacaciones.com\/blog\/wp-content\/uploads\/2020\/03\/1_Holloko_Hungr\u00eda.jpg 607w, https:\/\/www.centraldevacaciones.com\/blog\/wp-content\/uploads\/2020\/03\/1_Holloko_Hungr\u00eda-300x203.jpg 300w\" sizes=\"(max-width: 607px) 100vw, 607px\" \/><\/figure><\/div>\n\n\n\n<h2 class=\"wp-block-heading\"> Praga, Rep\u00fablica Checa <\/h2>\n\n\n\n<p style=\"text-align: justify;\"><span class=\"TextRun SCXW61496570 BCX0\" lang=\"ES-ES\" xml:lang=\"ES-ES\" data-contrast=\"auto\"><span class=\"NormalTextRun SCXW61496570 BCX0\">Otro cl\u00e1sico de los circuitos por Europa es la Rep\u00fablica Checa y su imponente capital,&nbsp;<\/span><\/span><span class=\"TextRun SCXW61496570 BCX0\" lang=\"ES-ES\" xml:lang=\"ES-ES\" data-contrast=\"auto\"><span class=\"NormalTextRun SCXW61496570 BCX0\">Praga<\/span><\/span><span class=\"TextRun SCXW61496570 BCX0\" lang=\"ES-ES\" xml:lang=\"ES-ES\" data-contrast=\"auto\"><span class=\"NormalTextRun SCXW61496570 BCX0\">.&nbsp;<\/span><\/span><span class=\"TextRun SCXW61496570 BCX0\" lang=\"ES-ES\" xml:lang=\"ES-ES\" data-contrast=\"auto\"><span class=\"NormalTextRun SCXW61496570 BCX0\">Este es el escenario de una Semana Santa de lo m\u00e1s especial, ya que, en este caso, conserva&nbsp;<\/span><\/span><span class=\"TextRun SCXW61496570 BCX0\" lang=\"ES-ES\" xml:lang=\"ES-ES\" data-contrast=\"auto\"><span class=\"NormalTextRun SCXW61496570 BCX0\">ritos pagan<\/span><\/span><span class=\"TextRun SCXW61496570 BCX0\" lang=\"ES-ES\" xml:lang=\"ES-ES\" data-contrast=\"auto\"><span class=\"NormalTextRun SCXW61496570 BCX0\">os vinculad<\/span><\/span><span class=\"TextRun SCXW61496570 BCX0\" lang=\"ES-ES\" xml:lang=\"ES-ES\" data-contrast=\"auto\"><span class=\"NormalTextRun SCXW61496570 BCX0\">os<\/span><\/span><span class=\"TextRun SCXW61496570 BCX0\" lang=\"ES-ES\" xml:lang=\"ES-ES\" data-contrast=\"auto\"><span class=\"NormalTextRun SCXW61496570 BCX0\">&nbsp;a la llegada de la primavera.&nbsp;<\/span><\/span><span class=\"TextRun SCXW61496570 BCX0\" lang=\"ES-ES\" xml:lang=\"ES-ES\" data-contrast=\"auto\"><span class=\"NormalTextRun SCXW61496570 BCX0\">Entre los eventos relacionados con esta fecha, destacan los festejos que&nbsp;<\/span><\/span><span class=\"TextRun SCXW61496570 BCX0\" lang=\"ES-ES\" xml:lang=\"ES-ES\" data-contrast=\"auto\"><span class=\"NormalTextRun SCXW61496570 BCX0\">se desarrollan en el&nbsp;<\/span><\/span><span class=\"TextRun SCXW61496570 BCX0\" lang=\"ES-ES\" xml:lang=\"ES-ES\" data-contrast=\"auto\"><span class=\"NormalTextRun SCXW61496570 BCX0\">castillo de&nbsp;<\/span><span class=\"SpellingError SCXW61496570 BCX0\">K\u0159ivokl\u00e1t<\/span><\/span><span class=\"TextRun SCXW61496570 BCX0\" lang=\"ES-ES\" xml:lang=\"ES-ES\" data-contrast=\"auto\"><span class=\"NormalTextRun SCXW61496570 BCX0\">,&nbsp;<\/span><\/span><span class=\"TextRun SCXW61496570 BCX0\" lang=\"ES-ES\" xml:lang=\"ES-ES\" data-contrast=\"auto\"><span class=\"NormalTextRun SCXW61496570 BCX0\">co<\/span><\/span><span class=\"TextRun SCXW61496570 BCX0\" lang=\"ES-ES\" xml:lang=\"ES-ES\" data-contrast=\"auto\"><span class=\"NormalTextRun SCXW61496570 BCX0\">municado<\/span><\/span><span class=\"TextRun SCXW61496570 BCX0\" lang=\"ES-ES\" xml:lang=\"ES-ES\" data-contrast=\"auto\"><span class=\"NormalTextRun SCXW61496570 BCX0\">&nbsp;con Praga a trav\u00e9s de un tren hist\u00f3rico.<\/span><\/span><span class=\"TextRun SCXW61496570 BCX0\" lang=\"ES-ES\" xml:lang=\"ES-ES\" data-contrast=\"auto\"><span class=\"NormalTextRun SCXW61496570 BCX0\">&nbsp;De todos modos,&nbsp;<\/span><\/span><span class=\"TextRun SCXW61496570 BCX0\" lang=\"ES-ES\" xml:lang=\"ES-ES\" data-contrast=\"auto\"><span class=\"NormalTextRun SCXW61496570 BCX0\">el protagonista de<\/span><\/span><span class=\"TextRun SCXW61496570 BCX0\" lang=\"ES-ES\" xml:lang=\"ES-ES\" data-contrast=\"auto\"><span class=\"NormalTextRun SCXW61496570 BCX0\">&nbsp;estas fechas es el color verde, hasta el punto de que<\/span><\/span><span class=\"TextRun SCXW61496570 BCX0\" lang=\"ES-ES\" xml:lang=\"ES-ES\" data-contrast=\"auto\"><span class=\"NormalTextRun SCXW61496570 BCX0\">, coincidiendo con<\/span><\/span><span class=\"TextRun SCXW61496570 BCX0\" lang=\"ES-ES\" xml:lang=\"ES-ES\" data-contrast=\"auto\"><span class=\"NormalTextRun SCXW61496570 BCX0\">&nbsp;el&nbsp;<\/span><span class=\"SpellingError SCXW61496570 BCX0\">Zelen\u00fd<\/span><span class=\"NormalTextRun SCXW61496570 BCX0\">&nbsp;<\/span><span class=\"SpellingError SCXW61496570 BCX0\">\u010dtvrtek<\/span><span class=\"NormalTextRun SCXW61496570 BCX0\">&nbsp;o Jueves Verde (Jueves Santo)<\/span><\/span><span class=\"TextRun SCXW61496570 BCX0\" lang=\"ES-ES\" xml:lang=\"ES-ES\" data-contrast=\"auto\"><span class=\"NormalTextRun SCXW61496570 BCX0\">,<\/span><\/span><span class=\"TextRun SCXW61496570 BCX0\" lang=\"ES-ES\" xml:lang=\"ES-ES\" data-contrast=\"auto\"><span class=\"NormalTextRun SCXW61496570 BCX0\">&nbsp;algunas cervecer\u00edas de Praga y otras ciudades checas, como Brno, sirven a sus clientes cervezas verdes<\/span><\/span><span class=\"TextRun SCXW61496570 BCX0\" lang=\"ES-ES\" xml:lang=\"ES-ES\" data-contrast=\"auto\"><span class=\"NormalTextRun SCXW61496570 BCX0\">, un color que simboliza la renovaci\u00f3n. Hasta el Domingo de Pascua, se suspenden los toques de campana en algunas iglesias checas<\/span><\/span><span class=\"TextRun SCXW61496570 BCX0\" lang=\"ES-ES\" xml:lang=\"ES-ES\" data-contrast=\"auto\"><span class=\"NormalTextRun SCXW61496570 BCX0\">, y&nbsp;<\/span><\/span><span class=\"TextRun SCXW61496570 BCX0\" lang=\"ES-ES\" xml:lang=\"ES-ES\" data-contrast=\"auto\"><span class=\"NormalTextRun SCXW61496570 BCX0\">el Lunes de Pascua, se celebra la&nbsp;<\/span><\/span><span class=\"TextRun SCXW61496570 BCX0\" lang=\"ES-ES\" xml:lang=\"ES-ES\" data-contrast=\"auto\"><span class=\"SpellingError SCXW61496570 BCX0\">Poml\u00e1zka<\/span><span class=\"NormalTextRun SCXW61496570 BCX0\">,<\/span><\/span><span class=\"TextRun SCXW61496570 BCX0\" lang=\"ES-ES\" xml:lang=\"ES-ES\" data-contrast=\"auto\"><span class=\"NormalTextRun SCXW61496570 BCX0\">&nbsp;<\/span><\/span><span class=\"TextRun SCXW61496570 BCX0\" lang=\"ES-ES\" xml:lang=\"ES-ES\" data-contrast=\"auto\"><span class=\"NormalTextRun SCXW61496570 BCX0\">una fiesta amenizada con<\/span><\/span><span class=\"TextRun SCXW61496570 BCX0\" lang=\"ES-ES\" xml:lang=\"ES-ES\" data-contrast=\"auto\"><span class=\"NormalTextRun SCXW61496570 BCX0\">&nbsp;danzas t\u00edpicas<\/span><\/span><span class=\"TextRun SCXW61496570 BCX0\" lang=\"ES-ES\" xml:lang=\"ES-ES\" data-contrast=\"auto\"><span class=\"NormalTextRun SCXW61496570 BCX0\">,<\/span><\/span><span class=\"TextRun SCXW61496570 BCX0\" lang=\"ES-ES\" xml:lang=\"ES-ES\" data-contrast=\"auto\"><span class=\"NormalTextRun SCXW61496570 BCX0\">&nbsp;y<\/span><\/span><span class=\"TextRun SCXW61496570 BCX0\" lang=\"ES-ES\" xml:lang=\"ES-ES\" data-contrast=\"auto\"><span class=\"NormalTextRun SCXW61496570 BCX0\">&nbsp;en la que<\/span><\/span><span class=\"TextRun SCXW61496570 BCX0\" lang=\"ES-ES\" xml:lang=\"ES-ES\" data-contrast=\"auto\"><span class=\"NormalTextRun SCXW61496570 BCX0\">&nbsp;las chicas regalan huevos de Pascua de color verde. Tambi\u00e9n se consume el<\/span><\/span><span class=\"TextRun SCXW61496570 BCX0\" lang=\"ES-ES\" xml:lang=\"ES-ES\" data-contrast=\"auto\"><span class=\"NormalTextRun SCXW61496570 BCX0\">&nbsp;<\/span><\/span><span class=\"TextRun SCXW61496570 BCX0\" lang=\"ES-ES\" xml:lang=\"ES-ES\" data-contrast=\"auto\"><span class=\"SpellingError SCXW61496570 BCX0\">slivovice<\/span><span class=\"NormalTextRun SCXW61496570 BCX0\">,&nbsp;<\/span><\/span><span class=\"TextRun SCXW61496570 BCX0\" lang=\"ES-ES\" xml:lang=\"ES-ES\" data-contrast=\"auto\"><span class=\"NormalTextRun SCXW61496570 BCX0\">un licor casero.<\/span><\/span><span class=\"TextRun SCXW61496570 BCX0\" lang=\"ES-ES\" xml:lang=\"ES-ES\" data-contrast=\"auto\"><span class=\"NormalTextRun SCXW61496570 BCX0\">&nbsp;A su vez, la&nbsp;<\/span><\/span><span class=\"TextRun SCXW61496570 BCX0\" lang=\"ES-ES\" xml:lang=\"ES-ES\" data-contrast=\"auto\"><span class=\"NormalTextRun SCXW61496570 BCX0\">plaza de la Ciudad Vieja y la plaza de Wenceslao de Praga<\/span><\/span><span class=\"TextRun SCXW61496570 BCX0\" lang=\"ES-ES\" xml:lang=\"ES-ES\" data-contrast=\"auto\"><span class=\"NormalTextRun SCXW61496570 BCX0\">&nbsp;acogen unos coloridos mercados de Pascua.<\/span><\/span><span class=\"TextRun SCXW61496570 BCX0\" lang=\"ES-ES\" xml:lang=\"ES-ES\" data-contrast=\"auto\"><span class=\"NormalTextRun SCXW61496570 BCX0\">&nbsp;\u00bfQu\u00e9 m\u00e1s necesitas para<\/span><\/span><span class=\"TextRun SCXW61496570 BCX0\" lang=\"ES-ES\" xml:lang=\"ES-ES\" data-contrast=\"auto\"><span class=\"NormalTextRun SCXW61496570 BCX0\">&nbsp;empezar a planear<\/span><\/span><span class=\"TextRun SCXW61496570 BCX0\" lang=\"ES-ES\" xml:lang=\"ES-ES\" data-contrast=\"auto\"><span class=\"NormalTextRun SCXW61496570 BCX0\">&nbsp;tu&nbsp;<\/span><\/span><a class=\"Hyperlink SCXW61496570 BCX0\" href=\"https:\/\/www.centraldevacaciones.com\/viajes\/ofertas-a-praga.html\" target=\"_blank\" rel=\"noreferrer noopener\"><span class=\"TextRun Underlined SCXW61496570 BCX0\" lang=\"ES-ES\" xml:lang=\"ES-ES\" data-contrast=\"none\"><span class=\"NormalTextRun SCXW61496570 BCX0\" data-ccp-charstyle=\"Hyperlink\">viaje a Praga<\/span><\/span><\/a><span class=\"TextRun SCXW61496570 BCX0\" lang=\"ES-ES\" xml:lang=\"ES-ES\" data-contrast=\"auto\"><span class=\"NormalTextRun SCXW61496570 BCX0\">?<\/span><\/span><span class=\"EOP SCXW61496570 BCX0\" data-ccp-props=\"{&quot;201341983&quot;:0,&quot;335551550&quot;:6,&quot;335551620&quot;:6,&quot;335559739&quot;:160,&quot;335559740&quot;:259}\">&nbsp;<\/span><\/p>\n\n\n\n<div class=\"wp-block-image\"><figure class=\"aligncenter\"><img decoding=\"async\" width=\"595\" height=\"370\" src=\"https:\/\/www.centraldevacaciones.com\/blog\/wp-content\/uploads\/2020\/03\/2_Praga.jpg\" alt=\"\" class=\"wp-image-6874\" srcset=\"https:\/\/www.centraldevacaciones.com\/blog\/wp-content\/uploads\/2020\/03\/2_Praga.jpg 595w, https:\/\/www.centraldevacaciones.com\/blog\/wp-content\/uploads\/2020\/03\/2_Praga-300x187.jpg 300w\" sizes=\"(max-width: 595px) 100vw, 595px\" \/><\/figure><\/div>\n\n\n\n<h2 class=\"wp-block-heading\"> Cracovia, Polonia&nbsp; <\/h2>\n\n\n\n<p style=\"text-align: justify;\"><span data-contrast=\"auto\">Sin abandonar todav\u00eda<\/span><span data-contrast=\"auto\">&nbsp;Europa del Este, viaja<\/span><span data-contrast=\"auto\">mos<\/span><span data-contrast=\"auto\">&nbsp;esta vez a Cracovia, una de las ciudades m\u00e1s importantes de Polonia. Poseedora de un impresionante casco antiguo \u2014fue&nbsp;<\/span><span data-contrast=\"auto\">declarado Patrimonio de la Humanidad en 1978<\/span><span data-contrast=\"auto\">\u2014, esta&nbsp;<\/span><span data-contrast=\"auto\">urbe<\/span><span data-contrast=\"auto\">&nbsp;alberga<\/span><span data-contrast=\"auto\">&nbsp;en la plaza del Mercado<\/span><span data-contrast=\"auto\">&nbsp;su c\u00e9lebre&nbsp;<\/span><strong><span data-contrast=\"auto\">Mercado de Pascua,<\/span><\/strong><span data-contrast=\"auto\">&nbsp;en el que los visitantes pueden degustar algunas de las especialidades de la&nbsp;<\/span><span data-contrast=\"auto\">gastronom\u00eda&nbsp;<\/span><span data-contrast=\"auto\">polaca tradicional<\/span><span data-contrast=\"auto\">, como los pasteles&nbsp;<\/span><em><span data-contrast=\"auto\">mazurka&nbsp;<\/span><\/em><span data-contrast=\"auto\">o los r\u00e1banos picantes<\/span><span data-contrast=\"auto\">.&nbsp;<\/span><span data-contrast=\"auto\">Tambi\u00e9n se pueden adquirir&nbsp;<\/span><span data-contrast=\"auto\">huevos de Pascua pintados a mano<\/span><span data-contrast=\"auto\">, llamados&nbsp;<\/span><strong><em><span data-contrast=\"auto\">pisankis.<\/span><\/em><\/strong><span data-contrast=\"auto\">&nbsp;<\/span><span data-contrast=\"auto\">El S\u00e1bado Santo, muchos<\/span><span data-contrast=\"auto\">&nbsp;<\/span><span data-contrast=\"auto\">fieles<\/span><span data-contrast=\"auto\">&nbsp;<\/span><span data-contrast=\"auto\">llevan cestas repletas de&nbsp;<\/span><em><span data-contrast=\"auto\">pisanki<\/span><\/em><em><span data-contrast=\"auto\">s<\/span><\/em><span data-contrast=\"auto\">&nbsp;<\/span><span data-contrast=\"auto\">a las iglesias para que sean bendecidos.&nbsp;<\/span><span data-ccp-props=\"{&quot;201341983&quot;:0,&quot;335551550&quot;:6,&quot;335551620&quot;:6,&quot;335559739&quot;:160,&quot;335559740&quot;:259}\">&nbsp;<\/span><\/p>\n<p style=\"text-align: justify;\"><span data-contrast=\"auto\">Puedes<\/span><span data-contrast=\"auto\">&nbsp;completar tu vis<\/span><span data-contrast=\"auto\">i<\/span><span data-contrast=\"auto\">ta realizando algunas excursiones desde Cracovia. Entre las m\u00e1s demandadas, destacan la de las&nbsp;<\/span><strong><span data-contrast=\"auto\">minas de sal de&nbsp;Wieliczka<\/span><\/strong><span data-contrast=\"auto\">&nbsp;o la del&nbsp;<\/span><strong><span data-contrast=\"auto\">campo de concentraci\u00f3n de&nbsp;<\/span><\/strong><strong><span data-contrast=\"auto\">Auschwitz-Birkenau<\/span><\/strong><strong><span data-contrast=\"auto\">.<\/span><\/strong><span data-contrast=\"auto\">&nbsp;<\/span><span data-ccp-props=\"{&quot;201341983&quot;:0,&quot;335551550&quot;:6,&quot;335551620&quot;:6,&quot;335559739&quot;:160,&quot;335559740&quot;:259}\">&nbsp;<\/span><\/p>\n<p style=\"text-align: justify;\"><span data-ccp-props=\"{&quot;201341983&quot;:0,&quot;335551550&quot;:6,&quot;335551620&quot;:6,&quot;335559739&quot;:160,&quot;335559740&quot;:259}\">&nbsp;<\/span><\/p>\n\n\n\n<div class=\"wp-block-image\"><figure class=\"aligncenter\"><img decoding=\"async\" width=\"615\" height=\"431\" src=\"https:\/\/www.centraldevacaciones.com\/blog\/wp-content\/uploads\/2020\/03\/3_Cracovia.jpg\" alt=\"\" class=\"wp-image-6875\" srcset=\"https:\/\/www.centraldevacaciones.com\/blog\/wp-content\/uploads\/2020\/03\/3_Cracovia.jpg 615w, https:\/\/www.centraldevacaciones.com\/blog\/wp-content\/uploads\/2020\/03\/3_Cracovia-300x210.jpg 300w\" sizes=\"(max-width: 615px) 100vw, 615px\" \/><\/figure><\/div>\n\n\n\n<h2 class=\"wp-block-heading\"> Florencia, Italia&nbsp; <\/h2>\n\n\n\n<p style=\"text-align: justify;\"><span class=\"TextRun SCXW189395784 BCX0\" lang=\"ES-ES\" xml:lang=\"ES-ES\" data-contrast=\"auto\"><span class=\"NormalTextRun SCXW189395784 BCX0\">\u00bfQui\u00e9n puede resistirse a un<\/span><\/span><span class=\"TextRun SCXW189395784 BCX0\" lang=\"ES-ES\" xml:lang=\"ES-ES\" data-contrast=\"auto\"><span class=\"NormalTextRun SCXW189395784 BCX0\">&nbsp;<\/span><\/span><a class=\"Hyperlink SCXW189395784 BCX0\" href=\"https:\/\/www.centraldevacaciones.com\/blog\/ruta-por-la-toscana-10-lugares-imprescindibles\/\" target=\"_blank\" rel=\"noreferrer noopener\"><span class=\"TextRun Underlined SCXW189395784 BCX0\" lang=\"ES-ES\" xml:lang=\"ES-ES\" data-contrast=\"none\"><span class=\"NormalTextRun SCXW189395784 BCX0\" data-ccp-charstyle=\"Hyperlink\">viaje a la Toscana<\/span><\/span><\/a><span class=\"TextRun SCXW189395784 BCX0\" lang=\"ES-ES\" xml:lang=\"ES-ES\" data-contrast=\"auto\"><span class=\"NormalTextRun SCXW189395784 BCX0\">? Aunque no se necesitan pretextos para&nbsp;<\/span><\/span><span class=\"TextRun SCXW189395784 BCX0\" lang=\"ES-ES\" xml:lang=\"ES-ES\" data-contrast=\"auto\"><span class=\"NormalTextRun SCXW189395784 BCX0\">recorrer<\/span><\/span><span class=\"TextRun SCXW189395784 BCX0\" lang=\"ES-ES\" xml:lang=\"ES-ES\" data-contrast=\"auto\"><span class=\"NormalTextRun SCXW189395784 BCX0\">&nbsp;esta regi\u00f3n del norte de Italia, debes saber que Florencia ofrece a\u00fan m\u00e1s alicientes en esta \u00e9poca del a\u00f1o. Uno de ellos es la celebraci\u00f3n del&nbsp;<\/span><\/span><span class=\"TextRun SCXW189395784 BCX0\" lang=\"ES-ES\" xml:lang=\"ES-ES\" data-contrast=\"auto\"><span class=\"SpellingError SCXW189395784 BCX0\">Scoppio<\/span><span class=\"NormalTextRun SCXW189395784 BCX0\">&nbsp;del Carro<\/span><\/span><span class=\"TextRun SCXW189395784 BCX0\" lang=\"ES-ES\" xml:lang=\"ES-ES\" data-contrast=\"auto\"><span class=\"NormalTextRun SCXW189395784 BCX0\">&nbsp;(<\/span><\/span><span class=\"TextRun SCXW189395784 BCX0\" lang=\"ES-ES\" xml:lang=\"ES-ES\" data-contrast=\"auto\"><span class=\"NormalTextRun SCXW189395784 BCX0\">\u2018E<\/span><\/span><span class=\"TextRun SCXW189395784 BCX0\" lang=\"ES-ES\" xml:lang=\"ES-ES\" data-contrast=\"auto\"><span class=\"NormalTextRun SCXW189395784 BCX0\">xplosi\u00f3n del Carro<\/span><\/span><span class=\"TextRun SCXW189395784 BCX0\" lang=\"ES-ES\" xml:lang=\"ES-ES\" data-contrast=\"auto\"><span class=\"NormalTextRun SCXW189395784 BCX0\">\u2019<\/span><\/span><span class=\"TextRun SCXW189395784 BCX0\" lang=\"ES-ES\" xml:lang=\"ES-ES\" data-contrast=\"auto\"><span class=\"NormalTextRun SCXW189395784 BCX0\">)<\/span><\/span><span class=\"TextRun SCXW189395784 BCX0\" lang=\"ES-ES\" xml:lang=\"ES-ES\" data-contrast=\"auto\"><span class=\"NormalTextRun SCXW189395784 BCX0\">, una tradici\u00f3n basada en una leyenda de 1099. Se dice que fue entonces cuando el obispo de Florencia hizo fuego con tres piedras tra\u00eddas del Santo Sepulcro por un cruzado, y que&nbsp;<\/span><\/span><span class=\"TextRun SCXW189395784 BCX0\" lang=\"ES-ES\" xml:lang=\"ES-ES\" data-contrast=\"auto\"><span class=\"NormalTextRun SCXW189395784 BCX0\">las llamas<\/span><\/span><span class=\"TextRun SCXW189395784 BCX0\" lang=\"ES-ES\" xml:lang=\"ES-ES\" data-contrast=\"auto\"><span class=\"NormalTextRun SCXW189395784 BCX0\">&nbsp;se repart<\/span><\/span><span class=\"TextRun SCXW189395784 BCX0\" lang=\"ES-ES\" xml:lang=\"ES-ES\" data-contrast=\"auto\"><span class=\"NormalTextRun SCXW189395784 BCX0\">ieron<\/span><\/span><span class=\"TextRun SCXW189395784 BCX0\" lang=\"ES-ES\" xml:lang=\"ES-ES\" data-contrast=\"auto\"><span class=\"NormalTextRun SCXW189395784 BCX0\">&nbsp;entre los florentinos para que calentaran sus casas.&nbsp;<\/span><\/span><span class=\"TextRun SCXW189395784 BCX0\" lang=\"ES-ES\" xml:lang=\"ES-ES\" data-contrast=\"auto\"><span class=\"NormalTextRun SCXW189395784 BCX0\">H<\/span><\/span><span class=\"TextRun SCXW189395784 BCX0\" lang=\"ES-ES\" xml:lang=\"ES-ES\" data-contrast=\"auto\"><span class=\"NormalTextRun SCXW189395784 BCX0\">oy, m\u00e1s de nueve siglos despu\u00e9s, cada Domingo de Pascua se instala un carro a las puertas de la catedral cargado con fuegos artificiales.&nbsp;<\/span><\/span><span class=\"TextRun SCXW189395784 BCX0\" lang=\"ES-ES\" xml:lang=\"ES-ES\" data-contrast=\"auto\"><span class=\"NormalTextRun SCXW189395784 BCX0\">Para encender la mecha, se realiza lo que se conoce como el&nbsp;<\/span><\/span><span class=\"TextRun SCXW189395784 BCX0\" lang=\"ES-ES\" xml:lang=\"ES-ES\" data-contrast=\"auto\"><span class=\"NormalTextRun SCXW189395784 BCX0\">Vuelo de la Paloma:<\/span><\/span><span class=\"TextRun SCXW189395784 BCX0\" lang=\"ES-ES\" xml:lang=\"ES-ES\" data-contrast=\"auto\"><span class=\"NormalTextRun SCXW189395784 BCX0\">&nbsp;desde el altar&nbsp;<\/span><\/span><span class=\"TextRun SCXW189395784 BCX0\" lang=\"ES-ES\" xml:lang=\"ES-ES\" data-contrast=\"auto\"><span class=\"NormalTextRun SCXW189395784 BCX0\">del Duomo<\/span><\/span><span class=\"TextRun SCXW189395784 BCX0\" lang=\"ES-ES\" xml:lang=\"ES-ES\" data-contrast=\"auto\"><span class=\"NormalTextRun SCXW189395784 BCX0\">, el obispo prende fuego a una pieza met\u00e1lica con forma de paloma, que se desplaza hasta el carro a trav\u00e9s de un cable. Curioso, \u00bfverdad?<\/span><\/span><span class=\"EOP SCXW189395784 BCX0\" data-ccp-props=\"{&quot;201341983&quot;:0,&quot;335551550&quot;:6,&quot;335551620&quot;:6,&quot;335559739&quot;:160,&quot;335559740&quot;:259}\">&nbsp;<\/span><\/p>\n\n\n\n<div class=\"wp-block-image\"><figure class=\"aligncenter\"><img loading=\"lazy\" decoding=\"async\" width=\"640\" height=\"426\" src=\"https:\/\/www.centraldevacaciones.com\/blog\/wp-content\/uploads\/2020\/03\/4_Florencia.jpg\" alt=\"\" class=\"wp-image-6876\" srcset=\"https:\/\/www.centraldevacaciones.com\/blog\/wp-content\/uploads\/2020\/03\/4_Florencia.jpg 640w, https:\/\/www.centraldevacaciones.com\/blog\/wp-content\/uploads\/2020\/03\/4_Florencia-300x200.jpg 300w\" sizes=\"(max-width: 640px) 100vw, 640px\" \/><\/figure><\/div>\n\n\n\n<h2 class=\"wp-block-heading\"> Roma, Italia&nbsp; <\/h2>\n\n\n\n<p style=\"text-align: justify;\"><span class=\"TextRun SCXW78854332 BCX0\" lang=\"ES-ES\" xml:lang=\"ES-ES\" data-contrast=\"auto\"><span class=\"NormalTextRun SCXW78854332 BCX0\">Sin desmerecer&nbsp;<\/span><\/span><span class=\"TextRun SCXW78854332 BCX0\" lang=\"ES-ES\" xml:lang=\"ES-ES\" data-contrast=\"auto\"><span class=\"NormalTextRun SCXW78854332 BCX0\">todo lo que brinda<\/span><\/span><span class=\"TextRun SCXW78854332 BCX0\" lang=\"ES-ES\" xml:lang=\"ES-ES\" data-contrast=\"auto\"><span class=\"NormalTextRun SCXW78854332 BCX0\">&nbsp;Florencia, los eventos m\u00e1s importantes de la Semana Santa en Italia son los que tienen lugar en&nbsp;<\/span><\/span><a class=\"Hyperlink SCXW78854332 BCX0\" href=\"https:\/\/www.centraldevacaciones.com\/viajes\/ofertas-a-roma.html\" target=\"_blank\" rel=\"noreferrer noopener\"><span class=\"TextRun Underlined SCXW78854332 BCX0\" lang=\"ES-ES\" xml:lang=\"ES-ES\" data-contrast=\"none\"><span class=\"NormalTextRun SCXW78854332 BCX0\" data-ccp-charstyle=\"Hyperlink\">Roma<\/span><\/span><\/a><span class=\"TextRun SCXW78854332 BCX0\" lang=\"ES-ES\" xml:lang=\"ES-ES\" data-contrast=\"auto\"><span class=\"NormalTextRun SCXW78854332 BCX0\">,&nbsp;<\/span><\/span><span class=\"TextRun SCXW78854332 BCX0\" lang=\"ES-ES\" xml:lang=\"ES-ES\" data-contrast=\"auto\"><span class=\"NormalTextRun SCXW78854332 BCX0\">la Ciudad Eterna.<\/span><\/span><span class=\"TextRun SCXW78854332 BCX0\" lang=\"ES-ES\" xml:lang=\"ES-ES\" data-contrast=\"auto\"><span class=\"NormalTextRun SCXW78854332 BCX0\">&nbsp;El principal acontecimiento es el&nbsp;<\/span><\/span><span class=\"TextRun SCXW78854332 BCX0\" lang=\"ES-ES\" xml:lang=\"ES-ES\" data-contrast=\"auto\"><span class=\"SpellingError SCXW78854332 BCX0\">Via<\/span><span class=\"NormalTextRun SCXW78854332 BCX0\">&nbsp;Crucis,<\/span><\/span><span class=\"TextRun SCXW78854332 BCX0\" lang=\"ES-ES\" xml:lang=\"ES-ES\" data-contrast=\"auto\"><span class=\"NormalTextRun SCXW78854332 BCX0\">&nbsp;que tiene lugar el&nbsp;<\/span><\/span><span class=\"TextRun SCXW78854332 BCX0\" lang=\"ES-ES\" xml:lang=\"ES-ES\" data-contrast=\"auto\"><span class=\"NormalTextRun SCXW78854332 BCX0\">Viernes Santo<\/span><\/span><span class=\"TextRun SCXW78854332 BCX0\" lang=\"ES-ES\" xml:lang=\"ES-ES\" data-contrast=\"auto\"><span class=\"NormalTextRun SCXW78854332 BCX0\">. Oficiado por el Papa, se desarrolla entre el&nbsp;<\/span><\/span><span class=\"TextRun SCXW78854332 BCX0\" lang=\"ES-ES\" xml:lang=\"ES-ES\" data-contrast=\"auto\"><span class=\"NormalTextRun SCXW78854332 BCX0\">Coliseo&nbsp;<\/span><\/span><span class=\"TextRun SCXW78854332 BCX0\" lang=\"ES-ES\" xml:lang=\"ES-ES\" data-contrast=\"auto\"><span class=\"NormalTextRun SCXW78854332 BCX0\">y&nbsp;<\/span><\/span><span class=\"TextRun SCXW78854332 BCX0\" lang=\"ES-ES\" xml:lang=\"ES-ES\" data-contrast=\"auto\"><span class=\"NormalTextRun SCXW78854332 BCX0\">las colinas del monte Palatino.<\/span><\/span><span class=\"TextRun SCXW78854332 BCX0\" lang=\"ES-ES\" xml:lang=\"ES-ES\" data-contrast=\"auto\"><span class=\"NormalTextRun SCXW78854332 BCX0\">&nbsp;<\/span><\/span><span class=\"TextRun SCXW78854332 BCX0\" lang=\"ES-ES\" xml:lang=\"ES-ES\" data-contrast=\"auto\"><span class=\"NormalTextRun SCXW78854332 BCX0\">El&nbsp;<\/span><\/span><span class=\"TextRun SCXW78854332 BCX0\" lang=\"ES-ES\" xml:lang=\"ES-ES\" data-contrast=\"auto\"><span class=\"NormalTextRun SCXW78854332 BCX0\">S\u00e1bado Santo, a partir de las 20:30 h, se celebra la vigilia pascual en las iglesias de Roma, y el&nbsp;<\/span><\/span><span class=\"TextRun SCXW78854332 BCX0\" lang=\"ES-ES\" xml:lang=\"ES-ES\" data-contrast=\"auto\"><span class=\"NormalTextRun SCXW78854332 BCX0\">Domingo de&nbsp;<\/span><\/span><span class=\"TextRun SCXW78854332 BCX0\" lang=\"ES-ES\" xml:lang=\"ES-ES\" data-contrast=\"auto\"><span class=\"NormalTextRun SCXW78854332 BCX0\">Pascua,<\/span><\/span><span class=\"TextRun SCXW78854332 BCX0\" lang=\"ES-ES\" xml:lang=\"ES-ES\" data-contrast=\"auto\"><span class=\"NormalTextRun SCXW78854332 BCX0\">&nbsp;a las 10<\/span><\/span><span class=\"TextRun SCXW78854332 BCX0\" lang=\"ES-ES\" xml:lang=\"ES-ES\" data-contrast=\"auto\"><span class=\"NormalTextRun SCXW78854332 BCX0\">:00 h<\/span><\/span><span class=\"TextRun SCXW78854332 BCX0\" lang=\"ES-ES\" xml:lang=\"ES-ES\" data-contrast=\"auto\"><span class=\"NormalTextRun SCXW78854332 BCX0\">&nbsp;de la ma\u00f1ana<\/span><\/span><span class=\"TextRun SCXW78854332 BCX0\" lang=\"ES-ES\" xml:lang=\"ES-ES\" data-contrast=\"auto\"><span class=\"NormalTextRun SCXW78854332 BCX0\">, tiene lugar la que se dice que&nbsp;<\/span><\/span><span class=\"TextRun SCXW78854332 BCX0\" lang=\"ES-ES\" xml:lang=\"ES-ES\" data-contrast=\"auto\"><span class=\"NormalTextRun SCXW78854332 BCX0\">es la misa m\u00e1s multitudinaria del mundo.<\/span><\/span><span class=\"TextRun SCXW78854332 BCX0\" lang=\"ES-ES\" xml:lang=\"ES-ES\" data-contrast=\"auto\"><span class=\"NormalTextRun SCXW78854332 BCX0\">&nbsp;Durante la misma, el Sumo Pont\u00edfice&nbsp;<\/span><\/span><span class=\"TextRun SCXW78854332 BCX0\" lang=\"ES-ES\" xml:lang=\"ES-ES\" data-contrast=\"auto\"><span class=\"NormalTextRun SCXW78854332 BCX0\">Papa&nbsp;<\/span><\/span><span class=\"TextRun SCXW78854332 BCX0\" lang=\"ES-ES\" xml:lang=\"ES-ES\" data-contrast=\"auto\"><span class=\"NormalTextRun SCXW78854332 BCX0\">sale al<\/span><\/span><span class=\"TextRun SCXW78854332 BCX0\" lang=\"ES-ES\" xml:lang=\"ES-ES\" data-contrast=\"auto\"><span class=\"NormalTextRun SCXW78854332 BCX0\">&nbsp;balc\u00f3n de<\/span><\/span><span class=\"TextRun SCXW78854332 BCX0\" lang=\"ES-ES\" xml:lang=\"ES-ES\" data-contrast=\"auto\"><span class=\"NormalTextRun SCXW78854332 BCX0\">&nbsp;San Pedro del<\/span><\/span><span class=\"TextRun SCXW78854332 BCX0\" lang=\"ES-ES\" xml:lang=\"ES-ES\" data-contrast=\"auto\"><span class=\"NormalTextRun SCXW78854332 BCX0\">&nbsp;Vaticano y da su bendici\u00f3n Urbi et Orbi a<\/span><\/span><span class=\"TextRun SCXW78854332 BCX0\" lang=\"ES-ES\" xml:lang=\"ES-ES\" data-contrast=\"auto\"><span class=\"NormalTextRun SCXW78854332 BCX0\">&nbsp;los asistentes.&nbsp;<\/span><\/span><\/p>\n\n\n\n<div class=\"wp-block-image\"><figure class=\"aligncenter\"><img loading=\"lazy\" decoding=\"async\" width=\"607\" height=\"424\" src=\"https:\/\/www.centraldevacaciones.com\/blog\/wp-content\/uploads\/2020\/03\/5_Roma.jpg\" alt=\"\" class=\"wp-image-6877\" srcset=\"https:\/\/www.centraldevacaciones.com\/blog\/wp-content\/uploads\/2020\/03\/5_Roma.jpg 607w, https:\/\/www.centraldevacaciones.com\/blog\/wp-content\/uploads\/2020\/03\/5_Roma-300x210.jpg 300w\" sizes=\"(max-width: 607px) 100vw, 607px\" \/><\/figure><\/div>\n\n\n\n<h2 class=\"wp-block-heading\"> La&nbsp;Valeta,&nbsp;Malta&nbsp; <\/h2>\n\n\n\n<p style=\"text-align: justify;\"><span data-contrast=\"auto\">En nuestro<\/span><em><span data-contrast=\"auto\">&nbsp;tour<\/span><\/em><span data-contrast=\"auto\">&nbsp;por las mejores ciudades para disfrutar de la Semana Santa, hacemos ahora una&nbsp;<\/span><a href=\"https:\/\/www.centraldevacaciones.com\/viajes\/ofertas-a-isla-de-malta.html\"><strong><span data-contrast=\"none\"><span data-ccp-charstyle=\"Hyperlink\">escapada a Malta<\/span><\/span><\/strong><\/a><span data-contrast=\"auto\">&nbsp;y su fotog\u00e9nica capital,&nbsp;<\/span><strong><span data-contrast=\"auto\">La Valeta<\/span><\/strong><strong><span data-contrast=\"auto\">,&nbsp;<\/span><\/strong><span data-contrast=\"auto\">una ciudad&nbsp;<\/span><span data-contrast=\"auto\">reconocida internacionalmente<\/span><span data-contrast=\"auto\">&nbsp;por sus celebraciones religiosas.<\/span><strong><span data-contrast=\"auto\">&nbsp;<\/span><\/strong><span data-contrast=\"auto\">Una fecha clave es el Jueves Santo, en el que la poblaci\u00f3n local&nbsp;<\/span><span data-contrast=\"auto\">efect\u00faa<\/span><span data-contrast=\"auto\">&nbsp;lo que se conoce como las&nbsp;<\/span><strong><span data-contrast=\"auto\">Siete Visitas,<\/span><\/strong><span data-contrast=\"auto\">&nbsp;consistentes en visitar siete de las 356 iglesias del pa\u00eds<\/span><span data-contrast=\"auto\">, especialmente decoradas para la ocasi\u00f3n<\/span><span data-contrast=\"auto\">.&nbsp;<\/span><span data-contrast=\"auto\">Sin embargo,&nbsp;<\/span><span data-contrast=\"auto\">se alcanza el momento m\u00e1s \u00e1lgido con<\/span><span data-contrast=\"auto\">&nbsp;la procesi\u00f3n de&nbsp;<\/span><strong><span data-contrast=\"auto\">Viernes de Pasi\u00f3n,<\/span><\/strong><span data-contrast=\"auto\">&nbsp;en el que una procesi\u00f3n&nbsp;<\/span><span data-contrast=\"auto\">discurre por<\/span><span data-contrast=\"auto\">&nbsp;las calles de esta ciudad de&nbsp;<\/span><span data-contrast=\"auto\">apenas 6.000&nbsp;<\/span><span data-contrast=\"auto\">habitantes<\/span><span data-contrast=\"auto\">&nbsp;acompa\u00f1ando a la imagen de la Virgen de los Dolores.&nbsp;<\/span><span data-contrast=\"auto\">Durante el<\/span><span data-contrast=\"auto\">&nbsp;<\/span><span data-contrast=\"auto\">Domingo de<\/span><span data-contrast=\"auto\">&nbsp;Pascua&nbsp;<\/span><span data-contrast=\"auto\">tambi\u00e9n se&nbsp;<\/span><span data-contrast=\"auto\">organizan&nbsp;<\/span><span data-contrast=\"auto\">desfiles, si bien estos tienen un car\u00e1cter marcadamente festivo.&nbsp;<\/span><span data-ccp-props=\"{&quot;201341983&quot;:0,&quot;335551550&quot;:6,&quot;335551620&quot;:6,&quot;335559739&quot;:160,&quot;335559740&quot;:259}\">&nbsp;<\/span><\/p>\n<p style=\"text-align: justify;\"><span data-contrast=\"auto\">Otras localidades en las que se celebran tradicionales de Semana Santa son<\/span><span data-contrast=\"auto\">&nbsp;<\/span><strong><span data-contrast=\"auto\">Vittoriosa,&nbsp;Senglea&nbsp;y&nbsp;Cospicua<\/span><\/strong><strong><span data-contrast=\"auto\">,<\/span><\/strong><span data-contrast=\"auto\">&nbsp;<\/span><span data-contrast=\"auto\">en las que t<\/span><span data-contrast=\"auto\">ambi\u00e9n se vive intensamente este momento del calendario lit\u00fargico.&nbsp;&nbsp;<\/span><span data-ccp-props=\"{&quot;201341983&quot;:0,&quot;335551550&quot;:6,&quot;335551620&quot;:6,&quot;335559739&quot;:160,&quot;335559740&quot;:259}\">&nbsp;<\/span><\/p>\n<p><span data-ccp-props=\"{&quot;201341983&quot;:0,&quot;335551550&quot;:6,&quot;335551620&quot;:6,&quot;335559739&quot;:160,&quot;335559740&quot;:259}\">&nbsp;<\/span><\/p>\n\n\n\n<div class=\"wp-block-image\"><figure class=\"aligncenter\"><img loading=\"lazy\" decoding=\"async\" width=\"640\" height=\"454\" src=\"https:\/\/www.centraldevacaciones.com\/blog\/wp-content\/uploads\/2020\/03\/6_La_Valetta.jpg\" alt=\"\" class=\"wp-image-6878\" srcset=\"https:\/\/www.centraldevacaciones.com\/blog\/wp-content\/uploads\/2020\/03\/6_La_Valetta.jpg 640w, https:\/\/www.centraldevacaciones.com\/blog\/wp-content\/uploads\/2020\/03\/6_La_Valetta-300x213.jpg 300w\" sizes=\"(max-width: 640px) 100vw, 640px\" \/><\/figure><\/div>\n\n\n\n<h2 class=\"wp-block-heading\"> Nueva York, Estados Unidos&nbsp; <\/h2>\n\n\n\n<p style=\"text-align: justify;\"><span data-contrast=\"auto\">Normalmente, se considera que quienes<\/span><span data-contrast=\"auto\">&nbsp;residen<\/span><span data-contrast=\"auto\">&nbsp;en la costa oeste de Estados Unidos son en su mayor\u00eda protestantes, y quienes lo hacen en la costa este, cat\u00f3licos.<\/span><span data-contrast=\"auto\">&nbsp;M\u00e1s all\u00e1 de las etiquetas<\/span><span data-contrast=\"auto\">&nbsp;y los clich\u00e9s<\/span><span data-contrast=\"auto\">, la ciudad m\u00e1s poblada de esta zona del pa\u00eds es una de las mejores ciudades para disfrutar de la Semana Santa. \u00a1Compru\u00e9balo con un&nbsp;<\/span><a href=\"https:\/\/www.centraldevacaciones.com\/viajes\/ofertas-a-nueva-york.html\"><strong><span data-contrast=\"none\"><span data-ccp-charstyle=\"Hyperlink\">viaje a Nueva York<\/span><\/span><\/strong><\/a><span data-contrast=\"auto\">! En la Gran Manzana, podr\u00e1s&nbsp;<\/span><span data-contrast=\"auto\">pasar&nbsp;<\/span><span data-contrast=\"auto\">un Domingo de Resurrecci\u00f3n diferente,&nbsp;<\/span><span data-contrast=\"auto\">viendo el<\/span><span data-contrast=\"auto\">&nbsp;Desfile de Pascua (o&nbsp;<\/span><strong><span data-contrast=\"auto\">Easter&nbsp;Parade<\/span><\/strong><span data-contrast=\"auto\">). Este tiene como marco la emblem\u00e1tica Quinta Avenida,&nbsp;<\/span><span data-contrast=\"auto\">desde la calle 49 hasta la 57. El lugar ideal&nbsp;<\/span><span data-contrast=\"auto\">para apostarse y ser testigo de esta r\u00faa son los<\/span><span data-contrast=\"auto\">&nbsp;alrededo<\/span><span data-contrast=\"auto\">res de<\/span><span data-contrast=\"auto\">&nbsp;la&nbsp;<\/span><strong><span data-contrast=\"auto\">c<\/span><\/strong><strong><span data-contrast=\"auto\">atedral de San Patricio.<\/span><\/strong><span data-contrast=\"auto\">&nbsp;<\/span><span data-contrast=\"auto\">Por cierto: presta atenci\u00f3n a los atrevidos sombreros y tocados que lucen los asistentes.&nbsp;<\/span><span data-ccp-props=\"{&quot;201341983&quot;:0,&quot;335551550&quot;:6,&quot;335551620&quot;:6,&quot;335559739&quot;:160,&quot;335559740&quot;:259}\">&nbsp;<\/span><\/p>\n<p><span data-ccp-props=\"{&quot;201341983&quot;:0,&quot;335559739&quot;:160,&quot;335559740&quot;:259}\">&nbsp;<\/span><\/p>\n\n\n\n<div class=\"wp-block-image\"><figure class=\"aligncenter\"><img loading=\"lazy\" decoding=\"async\" width=\"584\" height=\"401\" src=\"https:\/\/www.centraldevacaciones.com\/blog\/wp-content\/uploads\/2020\/03\/7_Nueva_York.jpg\" alt=\"\" class=\"wp-image-6879\" srcset=\"https:\/\/www.centraldevacaciones.com\/blog\/wp-content\/uploads\/2020\/03\/7_Nueva_York.jpg 584w, https:\/\/www.centraldevacaciones.com\/blog\/wp-content\/uploads\/2020\/03\/7_Nueva_York-300x206.jpg 300w\" sizes=\"(max-width: 584px) 100vw, 584px\" \/><\/figure><\/div>\n\n\n\n<h2 class=\"wp-block-heading\"> Par\u00eds, Francia&nbsp; <\/h2>\n\n\n\n<p style=\"text-align: justify;\"><span class=\"TextRun SCXW178598207 BCX0\" lang=\"ES-ES\" xml:lang=\"ES-ES\" data-contrast=\"auto\"><span class=\"NormalTextRun SCXW178598207 BCX0\">Regresamos a Europa, para conocer c\u00f3mo conmemoran la pasi\u00f3n y resurrecci\u00f3n de Cristo en la&nbsp;<\/span><\/span><span class=\"TextRun SCXW178598207 BCX0\" lang=\"ES-ES\" xml:lang=\"ES-ES\" data-contrast=\"auto\"><span class=\"NormalTextRun SCXW178598207 BCX0\">capital francesa:&nbsp;<\/span><\/span><a class=\"Hyperlink SCXW178598207 BCX0\" href=\"https:\/\/www.centraldevacaciones.com\/blog\/tag\/paris\/\" target=\"_blank\" rel=\"noreferrer noopener\"><span class=\"TextRun Underlined SCXW178598207 BCX0\" lang=\"ES-ES\" xml:lang=\"ES-ES\" data-contrast=\"none\"><span class=\"NormalTextRun SCXW178598207 BCX0\" data-ccp-charstyle=\"Hyperlink\">Par\u00eds<\/span><\/span><\/a><span class=\"TextRun SCXW178598207 BCX0\" lang=\"ES-ES\" xml:lang=\"ES-ES\" data-contrast=\"auto\"><span class=\"NormalTextRun SCXW178598207 BCX0\">,<\/span><\/span><span class=\"TextRun SCXW178598207 BCX0\" lang=\"ES-ES\" xml:lang=\"ES-ES\" data-contrast=\"auto\"><span class=\"NormalTextRun SCXW178598207 BCX0\">&nbsp;la Ciudad de la Luz. Como podr\u00e1s comprobar,&nbsp;<\/span><\/span><span class=\"TextRun SCXW178598207 BCX0\" lang=\"ES-ES\" xml:lang=\"ES-ES\" data-contrast=\"auto\"><span class=\"SpellingError SCXW178598207 BCX0\">P\u00e2ques<\/span><\/span><span class=\"TextRun SCXW178598207 BCX0\" lang=\"ES-ES\" xml:lang=\"ES-ES\" data-contrast=\"auto\"><span class=\"NormalTextRun SCXW178598207 BCX0\">&nbsp;(Pascua) es una festividad se\u00f1alada en el pa\u00eds galo. Al igual que ocurre en Praga, las campanas de las iglesias parisinas no suenan entre el Jueves Santo y el S\u00e1bado Santo.<\/span><\/span><span class=\"TextRun SCXW178598207 BCX0\" lang=\"ES-ES\" xml:lang=\"ES-ES\" data-contrast=\"auto\"><span class=\"NormalTextRun SCXW178598207 BCX0\">&nbsp;<\/span><\/span><span class=\"TextRun SCXW178598207 BCX0\" lang=\"ES-ES\" xml:lang=\"ES-ES\" data-contrast=\"auto\"><span class=\"NormalTextRun SCXW178598207 BCX0\">Seg\u00fan una leyenda que se explica a los ni\u00f1os, se dice que esto es as\u00ed porque viajan hasta Roma para ser bendecidas por el Papa. A la vuelta, traen consigo huevos de Pascua y chocolate, que se distribuir\u00e1n entre los m\u00e1s peque\u00f1os. En Francia, solo es festivo el Lunes de Resurrecci\u00f3n<\/span><\/span><span class=\"TextRun SCXW178598207 BCX0\" lang=\"ES-ES\" xml:lang=\"ES-ES\" data-contrast=\"auto\"><span class=\"NormalTextRun SCXW178598207 BCX0\">&nbsp;(<\/span><span class=\"SpellingError SCXW178598207 BCX0\">Lundi<\/span><span class=\"NormalTextRun SCXW178598207 BCX0\">&nbsp;de&nbsp;<\/span><span class=\"SpellingError SCXW178598207 BCX0\">P\u00e2ques<\/span><span class=\"NormalTextRun SCXW178598207 BCX0\">)<\/span><\/span><span class=\"TextRun SCXW178598207 BCX0\" lang=\"ES-ES\" xml:lang=\"ES-ES\" data-contrast=\"auto\"><span class=\"NormalTextRun SCXW178598207 BCX0\">. Es entonces cuanto tiene lugar la tradicional caza de huevos en algunos rincones de la ciudad,&nbsp;<\/span><\/span><span class=\"TextRun SCXW178598207 BCX0\" lang=\"ES-ES\" xml:lang=\"ES-ES\" data-contrast=\"auto\"><span class=\"NormalTextRun SCXW178598207 BCX0\">como&nbsp;<\/span><\/span><span class=\"TextRun SCXW178598207 BCX0\" lang=\"ES-ES\" xml:lang=\"ES-ES\" data-contrast=\"auto\"><span class=\"NormalTextRun SCXW178598207 BCX0\">los Campos El\u00edseos, los jardines&nbsp;<\/span><\/span><span class=\"TextRun SCXW178598207 BCX0\" lang=\"ES-ES\" xml:lang=\"ES-ES\" data-contrast=\"auto\"><span class=\"NormalTextRun SCXW178598207 BCX0\">Renoir del Museo de Montmartre,&nbsp;<\/span><\/span><span class=\"TextRun SCXW178598207 BCX0\" lang=\"ES-ES\" xml:lang=\"ES-ES\" data-contrast=\"auto\"><span class=\"NormalTextRun SCXW178598207 BCX0\">o<\/span><\/span><span class=\"TextRun SCXW178598207 BCX0\" lang=\"ES-ES\" xml:lang=\"ES-ES\" data-contrast=\"auto\"><span class=\"NormalTextRun SCXW178598207 BCX0\">&nbsp;el Museo de Chocolate<\/span><\/span><span class=\"TextRun SCXW178598207 BCX0\" lang=\"ES-ES\" xml:lang=\"ES-ES\" data-contrast=\"auto\"><span class=\"NormalTextRun SCXW178598207 BCX0\">. A su vez, los adultos podr\u00e1n degustar el indefectible&nbsp;<\/span><\/span><span class=\"TextRun SCXW178598207 BCX0\" lang=\"ES-ES\" xml:lang=\"ES-ES\" data-contrast=\"auto\"><span class=\"SpellingError SCXW178598207 BCX0\">navarin<\/span><span class=\"NormalTextRun SCXW178598207 BCX0\">&nbsp;<\/span><span class=\"SpellingError SCXW178598207 BCX0\">d\u2019agneu<\/span><\/span><span class=\"TextRun SCXW178598207 BCX0\" lang=\"ES-ES\" xml:lang=\"ES-ES\" data-contrast=\"auto\"><span class=\"NormalTextRun SCXW178598207 BCX0\">, un plato t\u00edpico de la cocina francesa que se prepara con carne de cordero aderezada con hierbas provenzales<\/span><\/span><span class=\"TextRun SCXW178598207 BCX0\" lang=\"ES-ES\" xml:lang=\"ES-ES\" data-contrast=\"auto\"><span class=\"NormalTextRun SCXW178598207 BCX0\">.&nbsp;<\/span><\/span><span class=\"TextRun SCXW178598207 BCX0\" lang=\"ES-ES\" xml:lang=\"ES-ES\" data-contrast=\"auto\"><span class=\"NormalTextRun SCXW178598207 BCX0\">Bon&nbsp;<\/span><span class=\"SpellingError SCXW178598207 BCX0\">app\u00e9tit<\/span><span class=\"NormalTextRun SCXW178598207 BCX0\">&nbsp;!<\/span><\/span><span class=\"EOP SCXW178598207 BCX0\" data-ccp-props=\"{&quot;201341983&quot;:0,&quot;335551550&quot;:6,&quot;335551620&quot;:6,&quot;335559739&quot;:160,&quot;335559740&quot;:259}\">&nbsp;<\/span><\/p>\n\n\n\n<div class=\"wp-block-image\"><figure class=\"aligncenter\"><img loading=\"lazy\" decoding=\"async\" width=\"575\" height=\"418\" src=\"https:\/\/www.centraldevacaciones.com\/blog\/wp-content\/uploads\/2020\/03\/8_Par\u00eds.jpg\" alt=\"\" class=\"wp-image-6880\" srcset=\"https:\/\/www.centraldevacaciones.com\/blog\/wp-content\/uploads\/2020\/03\/8_Par\u00eds.jpg 575w, https:\/\/www.centraldevacaciones.com\/blog\/wp-content\/uploads\/2020\/03\/8_Par\u00eds-300x218.jpg 300w\" sizes=\"(max-width: 575px) 100vw, 575px\" \/><\/figure><\/div>\n\n\n\n<h2 class=\"wp-block-heading\"> &nbsp;Sevilla, Espa\u00f1a&nbsp; <\/h2>\n\n\n\n<p style=\"text-align: justify;\"><span class=\"TextRun SCXW248935236 BCX0\" lang=\"ES-ES\" xml:lang=\"ES-ES\" data-contrast=\"auto\"><span class=\"NormalTextRun SCXW248935236 BCX0\">Nos quedamos en Espa\u00f1a para descubrir otra de las mejores ciudades para visitar en Semana Santa: Sevilla<\/span><\/span><span class=\"TextRun SCXW248935236 BCX0\" lang=\"ES-ES\" xml:lang=\"ES-ES\" data-contrast=\"auto\"><span class=\"NormalTextRun SCXW248935236 BCX0\">. Las cifras de las celebraciones en la capital hispalense hablan por s\u00ed solas, ya que sus procesiones de Semana Santa est\u00e1n secundadas por m\u00e1s de 70 hermandades.&nbsp;<\/span><\/span><span class=\"TextRun SCXW248935236 BCX0\" lang=\"ES-ES\" xml:lang=\"ES-ES\" data-contrast=\"auto\"><span class=\"NormalTextRun SCXW248935236 BCX0\">En&nbsp;<\/span><\/span><span class=\"TextRun SCXW248935236 BCX0\" lang=\"ES-ES\" xml:lang=\"ES-ES\" data-contrast=\"auto\"><span class=\"NormalTextRun SCXW248935236 BCX0\">1980<\/span><\/span><span class=\"TextRun SCXW248935236 BCX0\" lang=\"ES-ES\" xml:lang=\"ES-ES\" data-contrast=\"auto\"><span class=\"NormalTextRun SCXW248935236 BCX0\">,<\/span><\/span><span class=\"TextRun SCXW248935236 BCX0\" lang=\"ES-ES\" xml:lang=\"ES-ES\" data-contrast=\"auto\"><span class=\"NormalTextRun SCXW248935236 BCX0\">&nbsp;fue declarada&nbsp;<\/span><\/span><span class=\"TextRun SCXW248935236 BCX0\" lang=\"ES-ES\" xml:lang=\"ES-ES\" data-contrast=\"auto\"><span class=\"NormalTextRun SCXW248935236 BCX0\">Fiesta&nbsp;<\/span><\/span><span class=\"TextRun SCXW248935236 BCX0\" lang=\"ES-ES\" xml:lang=\"ES-ES\" data-contrast=\"auto\"><span class=\"NormalTextRun SCXW248935236 BCX0\">de Inter\u00e9s Tur\u00edstico Internacional<\/span><\/span><span class=\"TextRun SCXW248935236 BCX0\" lang=\"ES-ES\" xml:lang=\"ES-ES\" data-contrast=\"auto\"><span class=\"NormalTextRun SCXW248935236 BCX0\">&nbsp;y es una de las<\/span><\/span><span class=\"TextRun SCXW248935236 BCX0\" lang=\"ES-ES\" xml:lang=\"ES-ES\" data-contrast=\"auto\"><span class=\"NormalTextRun SCXW248935236 BCX0\">&nbsp;grandes fiestas de primavera de&nbsp;<\/span><\/span><span class=\"TextRun SCXW248935236 BCX0\" lang=\"ES-ES\" xml:lang=\"ES-ES\" data-contrast=\"auto\"><span class=\"NormalTextRun SCXW248935236 BCX0\">la capital andaluza<\/span><\/span><span class=\"TextRun SCXW248935236 BCX0\" lang=\"ES-ES\" xml:lang=\"ES-ES\" data-contrast=\"auto\"><span class=\"NormalTextRun SCXW248935236 BCX0\">, junto con la Feria de Abril.<\/span><\/span><span class=\"TextRun SCXW248935236 BCX0\" lang=\"ES-ES\" xml:lang=\"ES-ES\" data-contrast=\"auto\"><span class=\"NormalTextRun SCXW248935236 BCX0\">&nbsp;Definitivamente,&nbsp;<\/span><\/span><span class=\"TextRun SCXW248935236 BCX0\" lang=\"ES-ES\" xml:lang=\"ES-ES\" data-contrast=\"auto\"><span class=\"NormalTextRun SCXW248935236 BCX0\">ver a los cofrades bajo los pasos<\/span><\/span><span class=\"TextRun SCXW248935236 BCX0\" lang=\"ES-ES\" xml:lang=\"ES-ES\" data-contrast=\"auto\"><span class=\"NormalTextRun SCXW248935236 BCX0\">&nbsp;es una experiencia \u00fanica y llena de emoci\u00f3n, incluso para los no creyentes. Incluso, esta tradici\u00f3n se ha colado en Hollywood,&nbsp;<\/span><\/span><span class=\"TextRun SCXW248935236 BCX0\" lang=\"ES-ES\" xml:lang=\"ES-ES\" data-contrast=\"auto\"><span class=\"NormalTextRun SCXW248935236 BCX0\">apareciendo&nbsp;<\/span><\/span><span class=\"TextRun SCXW248935236 BCX0\" lang=\"ES-ES\" xml:lang=\"ES-ES\" data-contrast=\"auto\"><span class=\"NormalTextRun SCXW248935236 BCX0\">en pel\u00edculas como&nbsp;<\/span><\/span><span class=\"TextRun SCXW248935236 BCX0\" lang=\"ES-ES\" xml:lang=\"ES-ES\" data-contrast=\"auto\"><span class=\"NormalTextRun SCXW248935236 BCX0\">Misi\u00f3n Imposible 2<\/span><\/span><span class=\"TextRun SCXW248935236 BCX0\" lang=\"ES-ES\" xml:lang=\"ES-ES\" data-contrast=\"auto\"><span class=\"NormalTextRun SCXW248935236 BCX0\">&nbsp;(en la que, en un error clamoroso de documentaci\u00f3n, se mezclaron<\/span><\/span><span class=\"TextRun SCXW248935236 BCX0\" lang=\"ES-ES\" xml:lang=\"ES-ES\" data-contrast=\"auto\"><span class=\"NormalTextRun SCXW248935236 BCX0\">&nbsp;en la trama<\/span><\/span><span class=\"TextRun SCXW248935236 BCX0\" lang=\"ES-ES\" xml:lang=\"ES-ES\" data-contrast=\"auto\"><span class=\"NormalTextRun SCXW248935236 BCX0\">&nbsp;nazarenos y falleras).&nbsp;<\/span><\/span><\/p>\n\n\n\n<div class=\"wp-block-image\"><figure class=\"aligncenter\"><img loading=\"lazy\" decoding=\"async\" width=\"640\" height=\"461\" src=\"https:\/\/www.centraldevacaciones.com\/blog\/wp-content\/uploads\/2020\/03\/9_Sevilla.jpg\" alt=\"\" class=\"wp-image-6881\" srcset=\"https:\/\/www.centraldevacaciones.com\/blog\/wp-content\/uploads\/2020\/03\/9_Sevilla.jpg 640w, https:\/\/www.centraldevacaciones.com\/blog\/wp-content\/uploads\/2020\/03\/9_Sevilla-300x216.jpg 300w\" sizes=\"(max-width: 640px) 100vw, 640px\" \/><\/figure><\/div>\n\n\n\n<h2 class=\"wp-block-heading\"> Oviedo, Espa\u00f1a&nbsp; <\/h2>\n\n\n\n<p style=\"text-align: justify;\"><span data-contrast=\"auto\">De Andaluc\u00eda, viajamos al norte de Espa\u00f1a. En concreto, a Asturias y su capital, Oviedo. Adem\u00e1s de las tradicionales procesiones \u2014secundadas por cofrad\u00edas que tienen su origen en el siglo XVII\u2014, este es&nbsp;<\/span><span data-contrast=\"auto\">uno de los dos \u00fanicos momentos del&nbsp;<\/span><span data-contrast=\"auto\">a\u00f1o,&nbsp;<\/span><span data-contrast=\"auto\">junto con la<\/span><span data-contrast=\"auto\">&nbsp;festividad de San Mateo<\/span><span data-contrast=\"auto\">,<\/span><span data-contrast=\"auto\">&nbsp;en el que la catedral de Oviedo exhibe el&nbsp;<\/span><strong><span data-contrast=\"auto\">Santo Sudario<\/span><\/strong><span data-contrast=\"auto\">, un<\/span><span data-contrast=\"auto\">a tela<\/span><span data-contrast=\"auto\">&nbsp;de<\/span><span data-contrast=\"auto\">&nbsp;<\/span><span data-contrast=\"auto\">l<\/span><span data-contrast=\"auto\">a<\/span><span data-contrast=\"auto\">&nbsp;que se dice que cubri\u00f3 el rostro de Jes\u00fas cuando fu<\/span><span data-contrast=\"auto\">e amortajado tras ser bajado de la&nbsp;<\/span><span data-contrast=\"auto\">c<\/span><span data-contrast=\"auto\">ruz.<\/span><span data-ccp-props=\"{&quot;201341983&quot;:0,&quot;335551550&quot;:6,&quot;335551620&quot;:6,&quot;335559739&quot;:160,&quot;335559740&quot;:259}\">&nbsp;<\/span><\/p>\n<p style=\"text-align: justify;\"><span data-contrast=\"auto\">\u00bfConoces otras ciudades<\/span><span data-contrast=\"auto\">, o pueblos,<\/span><span data-contrast=\"auto\">&nbsp;que merezca la pena visitar en Semana Santa? Si esa s\u00ed, no dudes en mandarnos tus sugerencias<\/span><span data-contrast=\"auto\">&nbsp;para ampliar esta lista de los mejores destinos<\/span><span data-contrast=\"auto\">.&nbsp;<\/span><span data-ccp-props=\"{&quot;201341983&quot;:0,&quot;335551550&quot;:6,&quot;335551620&quot;:6,&quot;335559739&quot;:160,&quot;335559740&quot;:259}\">&nbsp;<\/span><\/p>\n\n\n\n<div class=\"wp-block-image\"><figure class=\"aligncenter\"><img loading=\"lazy\" decoding=\"async\" width=\"640\" height=\"426\" src=\"https:\/\/www.centraldevacaciones.com\/blog\/wp-content\/uploads\/2020\/03\/10_Oviedo.jpg\" alt=\"\" class=\"wp-image-6882\" srcset=\"https:\/\/www.centraldevacaciones.com\/blog\/wp-content\/uploads\/2020\/03\/10_Oviedo.jpg 640w, https:\/\/www.centraldevacaciones.com\/blog\/wp-content\/uploads\/2020\/03\/10_Oviedo-300x200.jpg 300w\" sizes=\"(max-width: 640px) 100vw, 640px\" \/><\/figure><\/div>\n\n\n\n<hr class=\"wp-block-separator is-style-dots\"\/>\n\n\n\n<p>En <a href=\"https:\/\/www.centraldevacaciones.com\/\">Central de Vacaciones<\/a> encontrar\u00e1s un gran n\u00famero de ofertas de Viajes alrededor del mundo. Descubre los destinos y paquetes con todo incluido mejor valorados por nuestros clientes, y reserva ahora tus vacaciones al mejor precio. <\/p><br>Si te gustar\u00eda visitar un sitio de playa no te puedes perder: <br><ul><li><a href=\"https:\/\/www.centraldevacaciones.com\/viajes\/ofertas-a-mallorca.html\">Viajes\na Mallorca<\/a><\/li><li><a href=\"https:\/\/www.centraldevacaciones.com\/viajes\/ofertas-a-islas-canarias.html\">Ofertas\na Islas Canarias<\/a><\/li><li>&nbsp;<a href=\"https:\/\/www.centraldevacaciones.com\/blog\/ofertas-algarve\/\">Viajes todo\nincluido al Algarve<\/a><\/li><li>&nbsp;<a href=\"https:\/\/www.centraldevacaciones.com\/viajes\/ofertas-a-fuerteventura.html\">Paquetes\nde viajes a Fuerteventura<\/a> <\/li><\/ul><p>Prefieres ir m\u00e1s\nlejos? No te pierdas nuestras mejores <a href=\"https:\/\/www.centraldevacaciones.com\/viajes\/ofertas-a-el-caribe.html\">ofertas\nde viajes al Caribe<\/a>: <\/p><ul><li><a href=\"https:\/\/www.centraldevacaciones.com\/viajes\/ofertas-a-punta-cana.html\">Viajes a Punta Cana<\/a>\u00a0<\/li><li><a href=\"https:\/\/www.centraldevacaciones.com\/ofertas-viajes\/ofertas-centraldevacaciones-a-cuba;50;0;0;0;0.html\">Paquetes de Viajes a Cuba<\/a><\/li><li><a href=\"https:\/\/www.centraldevacaciones.com\/viajes\/ofertas-a-mexico-caribe.html\">Viajes a Riviera Maya<\/a>\u00a0<\/li><li><a href=\"https:\/\/www.centraldevacaciones.com\/ofertas-viajes\/ofertas-centraldevacaciones-a-costa+rica;48;0;0;0;0.html\">Ofertas todo incluido a Costa Rica<\/a> <\/li><\/ul><br><p>Y si quieres\nredescubrir Europa, te proponemos algunos de los destinos m\u00e1s destacados: <\/p>\n<ul><li><a href=\"https:\/\/www.centraldevacaciones.com\/viajes\/disney.php\">Ofertas a\nDisneyland Par\u00eds<\/a><\/li><li><a href=\"https:\/\/www.centraldevacaciones.com\/blog\/ofertas-hoteles-londres\/\">Viajes\na Londres<\/a><\/li><li><a href=\"https:\/\/www.centraldevacaciones.com\/viajes\/ofertas-a-grecia.html\">&nbsp;Vacaciones en Grecia<\/a><\/li><li><a href=\"https:\/\/www.centraldevacaciones.com\/blog\/hoteles-budapest\/\">Ofertas a\nBudapest<\/a> <\/li><\/ul>\n\n\n\n<hr class=\"wp-block-separator is-style-dots\"\/>\n","protected":false},"excerpt":{"rendered":"<p>Despu\u00e9s de Navidad,&nbsp;Semana Santa&nbsp;es&nbsp;para muchos&nbsp;la primera oportunidad&nbsp;de regalarse unas merecidas vacaciones&nbsp;(y&nbsp;de hacer m\u00e1s llevadera la espera hasta el verano). \u00bfTe apetece a ti tambi\u00e9n disfrutar de este momento del a\u00f1o? Si es as\u00ed, toma nota, ya que queremos proponerte las mejores ciudades para visitar en Semana Santa.&nbsp;&nbsp; Con nuestras&nbsp;ofertas de viaje, podr\u00e1s conocer estos destinos [&hellip;]<\/p>\n","protected":false},"author":3,"featured_media":6875,"comment_status":"open","ping_status":"open","sticky":false,"template":"elementor_theme","format":"standard","meta":{"_acf_changed":false,"footnotes":""},"categories":[1,4,5,193,208,12],"tags":[165,252,184],"class_list":["post-6872","post","type-post","status-publish","format-standard","has-post-thumbnail","hentry","category-vacaciones","category-espana","category-estados-unidos","category-europa","category-ideas-escapadas","category-viajes","tag-semana-santa","tag-viajar-barato-a-europa","tag-viajes-baratos"],"acf":[],"_links":{"self":[{"href":"https:\/\/www.centraldevacaciones.com\/blog\/wp-json\/wp\/v2\/posts\/6872","targetHints":{"allow":["GET"]}}],"collection":[{"href":"https:\/\/www.centraldevacaciones.com\/blog\/wp-json\/wp\/v2\/posts"}],"about":[{"href":"https:\/\/www.centraldevacaciones.com\/blog\/wp-json\/wp\/v2\/types\/post"}],"author":[{"embeddable":true,"href":"https:\/\/www.centraldevacaciones.com\/blog\/wp-json\/wp\/v2\/users\/3"}],"replies":[{"embeddable":true,"href":"https:\/\/www.centraldevacaciones.com\/blog\/wp-json\/wp\/v2\/comments?post=6872"}],"version-history":[{"count":0,"href":"https:\/\/www.centraldevacaciones.com\/blog\/wp-json\/wp\/v2\/posts\/6872\/revisions"}],"wp:featuredmedia":[{"embeddable":true,"href":"https:\/\/www.centraldevacaciones.com\/blog\/wp-json\/wp\/v2\/media\/6875"}],"wp:attachment":[{"href":"https:\/\/www.centraldevacaciones.com\/blog\/wp-json\/wp\/v2\/media?parent=6872"}],"wp:term":[{"taxonomy":"category","embeddable":true,"href":"https:\/\/www.centraldevacaciones.com\/blog\/wp-json\/wp\/v2\/categories?post=6872"},{"taxonomy":"post_tag","embeddable":true,"href":"https:\/\/www.centraldevacaciones.com\/blog\/wp-json\/wp\/v2\/tags?post=6872"}],"curies":[{"name":"wp","href":"https:\/\/api.w.org\/{rel}","templated":true}]}}