{"id":6475,"date":"2020-01-20T14:27:05","date_gmt":"2020-01-20T13:27:05","guid":{"rendered":"https:\/\/www.centraldevacaciones.com\/blog\/?p=6475"},"modified":"2022-03-11T10:20:46","modified_gmt":"2022-03-11T09:20:46","slug":"los-pueblos-medievales-mas-bonitos-de-espana","status":"publish","type":"post","link":"https:\/\/www.centraldevacaciones.com\/blog\/los-pueblos-medievales-mas-bonitos-de-espana\/","title":{"rendered":"Los pueblos medievales m\u00e1s bonitos de Espa\u00f1a"},"content":{"rendered":"\t\t<div data-elementor-type=\"wp-post\" data-elementor-id=\"6475\" class=\"elementor elementor-6475\" data-elementor-post-type=\"post\">\n\t\t\t\t\t\t<section class=\"elementor-section elementor-top-section elementor-element elementor-element-413c9772 elementor-section-boxed elementor-section-height-default elementor-section-height-default\" data-id=\"413c9772\" data-element_type=\"section\">\n\t\t\t\t\t\t<div class=\"elementor-container elementor-column-gap-default\">\n\t\t\t\t\t<div class=\"elementor-column elementor-col-100 elementor-top-column elementor-element elementor-element-708c94f6\" data-id=\"708c94f6\" data-element_type=\"column\">\n\t\t\t<div class=\"elementor-widget-wrap elementor-element-populated\">\n\t\t\t\t\t\t<div class=\"elementor-element elementor-element-7c56eb36 elementor-widget elementor-widget-text-editor\" data-id=\"7c56eb36\" data-element_type=\"widget\" data-widget_type=\"text-editor.default\">\n\t\t\t\t\t\t\t\t\t\n<p style=\"text-align: justify;\">M\u00e1s de 82 millones de turistas. Esta es la exorbitante cifra de viajeros que llegan a <a href=\"https:\/\/www.centraldevacaciones.com\/ofertas-viajes\/ofertas-centraldevacaciones-a-espa%D1a;62;0;0;0;0.html\"><strong>Espa\u00f1a<\/strong><\/a> cada a\u00f1o. Qu\u00e9 duda cabe que sus cerca de 6.000 km de costas y sus magn\u00edficas playas explican en parte este <em>boom.<\/em> Sin embargo, este no es el \u00fanico motivo por el que este pa\u00eds del sur de Europa se ha consolidado como el segundo destino m\u00e1s visitado del mundo, solo por detr\u00e1s de <a href=\"https:\/\/www.centraldevacaciones.com\/ofertas-viajes\/ofertas-centraldevacaciones-a-francia;68;0;0;0;0.html\"><strong>Francia<\/strong><\/a>. Podr\u00edamos citar otros muchos, como la deliciosa dieta mediterr\u00e1nea, su excelente clima\u2026 o los secretos que esconde el interior, que concentra localidades de gran belleza. \u00bfPreparado\/a para conocer los pueblos medievales m\u00e1s bonitos de Espa\u00f1a?<\/p>\n<p style=\"text-align: justify;\">En Central de Vacaciones, hemos seleccionado para ti 10 localidades que no te dejar\u00e1n indiferente, y que te brindan la oportunidad de disfrutar de un inolvidable viaje en el tiempo. Y para que te sea m\u00e1s f\u00e1cil consultar esta lista, te los presentamos por orden alfab\u00e9tico. Presta atenci\u00f3n.<\/p>\n\n<h2 class=\"wp-block-heading\">1. A\u00ednsa (Huesca)<\/h2>\n\n<p style=\"text-align: justify;\">El Pirineo aragon\u00e9s es mucho m\u00e1s que una especie de para\u00edso terrenal para los amantes de la escalada, el barranquismo y otros deportes de monta\u00f1a. De hecho, tambi\u00e9n son una excelente opci\u00f3n para una escapada de turismo rural en familia o en pareja gracias a algunos de sus espectaculares pueblos de monta\u00f1a. Uno de los m\u00e1s notables es <strong>A\u00ednsa, declarado Conjunto Hist\u00f3rico-Art\u00edstico Nacional.<\/strong> Entre sus principales edificios, cabe referirse al <strong>castillo del A\u00ednsa<\/strong>, de los siglos del XI al XVII, que form\u00f3 parte de la l\u00ednea de defensa de los territorios cristianos. A continuaci\u00f3n, dir\u00edgete a la <strong>iglesia parroquial de Santa Mar\u00eda,<\/strong> rom\u00e1nica, iniciada en el siglo XI y terminada en el siglo XII. Su campanario, de dimensiones \u00fanicas dentro del rom\u00e1nico aragon\u00e9s y dotado de saeteras defensivas, fue restaurado entre 1967 y 1970. Visita tambi\u00e9n la <strong>Casa de Bielsa<\/strong>, del siglo XVI o XVII; la <strong>Casa Arnal,<\/strong> del siglo XVI, un excelente ejemplo de edificaci\u00f3n t\u00edpica de la comarca, con portadas y rejas, y la <strong>plaza Mayor,<\/strong> presidida por el edificio del Ayuntamiento y con bellos soportales.<\/p>\n\n<div class=\"wp-block-image\">\n<figure class=\"aligncenter\"><img fetchpriority=\"high\" decoding=\"async\" width=\"635\" height=\"464\" class=\"wp-image-6476\" src=\"https:\/\/www.centraldevacaciones.com\/blog\/wp-content\/uploads\/2020\/01\/1_A\u00ednsa.jpg\" alt=\"\" srcset=\"https:\/\/www.centraldevacaciones.com\/blog\/wp-content\/uploads\/2020\/01\/1_A\u00ednsa.jpg 635w, https:\/\/www.centraldevacaciones.com\/blog\/wp-content\/uploads\/2020\/01\/1_A\u00ednsa-300x219.jpg 300w\" sizes=\"(max-width: 635px) 100vw, 635px\" \/><\/figure>\n<\/div>\n\n<h2 class=\"wp-block-heading\">2. Albarrac\u00edn (Teruel)<\/h2>\n\n<p style=\"text-align: justify;\">Teruel no solo existe, sino que merece la pena visitarla. Y aunque esta provincia es rica en lo que a pueblos medievales se refiere \u2014all\u00ed encontramos, por ejemplo, joyas como La Iglesuela del Cid, Cantavieja, Mirambel, Rubielos de Mora, Puertomingalvo o Valderrobres\u2014, existe uno que destaca por derecho propio: Albarrac\u00edn, declarado como Bien de Inter\u00e9s Cultural. Una vez all\u00ed, dedica un tiempo a contemplar la <strong>catedral del Salvador, <\/strong>situada junto al castillo y del siglo XVI, dotada de una \u00fanica nave y de capillas laterales. En su interior, hay tapices historiados con la vida de Gede\u00f3n. Tambi\u00e9n te recomendamos pasarte por el <strong>Palacio Episcopal,<\/strong> con una hermosa portada barroca; la <strong>plaza del Ayuntamiento<\/strong>, con balcones de madera; las ruinas del <strong>castillo,<\/strong> la <strong>Torre del Andador<\/strong> y, sobre todo, sus impactantes murallas, del siglo XVI y de construcci\u00f3n cristiana. \u00a1No te lo puedes perder!<\/p>\n\n<div class=\"wp-block-image\">\n<figure class=\"aligncenter\"><img decoding=\"async\" width=\"640\" height=\"426\" class=\"wp-image-6477\" src=\"https:\/\/www.centraldevacaciones.com\/blog\/wp-content\/uploads\/2020\/01\/2_Albarrac\u00edn.jpg\" alt=\"\" srcset=\"https:\/\/www.centraldevacaciones.com\/blog\/wp-content\/uploads\/2020\/01\/2_Albarrac\u00edn.jpg 640w, https:\/\/www.centraldevacaciones.com\/blog\/wp-content\/uploads\/2020\/01\/2_Albarrac\u00edn-300x200.jpg 300w\" sizes=\"(max-width: 640px) 100vw, 640px\" \/><\/figure>\n<\/div>\n\n<h2 class=\"wp-block-heading\">3. Alc\u00fadia (Mallorca)<\/h2>\n\n<p style=\"text-align: justify;\">Dentro de nuestra selecci\u00f3n de los pueblos medievales m\u00e1s bonitos de Espa\u00f1a, no pod\u00eda faltar una de las localidades mallorquinas m\u00e1s fotog\u00e9nicas: <strong>Alc\u00fadia<\/strong> (si bien, t\u00e9cnicamente, ostenta el t\u00edtulo de ciudad desde 1523). Situada entre las bah\u00edas de Pollen\u00e7a y la de Alc\u00fadia y con una poblaci\u00f3n de 21.000 habitantes, posee un trazado urban\u00edstico t\u00edpicamente medieval, condicionado por los dos recintos de murallas que la circundan. Al observar el per\u00edmetro amurallado, <strong>f\u00edjate especialmente en el portal del Moll y en la puerta de Xara.<\/strong> Sus encantadoras callejuelas son estrechas e irregulares y atesoran elementos caracter\u00edsticos de su pasado esplendor, de gran valor arquitect\u00f3nico. Antiguamente, Alc\u00fadia fue conocida con los nombres de Pollentia, en la \u00e9poca de los romanos, y Guinyent, en los a\u00f1os inmediatamente posteriores a la reconquista de la isla. \u00a1Que no falte este destino durante tus <a href=\"https:\/\/www.centraldevacaciones.com\/viajes\/ofertas-a-mallorca.html\"><strong>vacaciones en Mallorca<\/strong><\/a>!<\/p>\n\n<div class=\"wp-block-image\">\n<figure class=\"aligncenter\"><img decoding=\"async\" width=\"640\" height=\"480\" class=\"wp-image-6478\" src=\"https:\/\/www.centraldevacaciones.com\/blog\/wp-content\/uploads\/2020\/01\/3_Alc\u00fadia.jpg\" alt=\"\" srcset=\"https:\/\/www.centraldevacaciones.com\/blog\/wp-content\/uploads\/2020\/01\/3_Alc\u00fadia.jpg 640w, https:\/\/www.centraldevacaciones.com\/blog\/wp-content\/uploads\/2020\/01\/3_Alc\u00fadia-300x225.jpg 300w\" sizes=\"(max-width: 640px) 100vw, 640px\" \/><\/figure>\n<\/div>\n\n<h2 class=\"wp-block-heading\">4. Besal\u00fa (Girona)<\/h2>\n\n<p style=\"text-align: justify;\">Llega el momento de viajar a Catalu\u00f1a para descubrir la asombrosa villa de Besal\u00fa, nacida en torno al cerro ocupado por el castillo condal y la <strong>iglesia de Santa Mar\u00eda de Besal\u00fa, <\/strong>elevada a la categor\u00eda de Conjunto Hist\u00f3rico-Art\u00edstico Nacional en 1966. Entre sus numerosos atractivos, conviene referirse a su ic\u00f3nico <strong>puente rom\u00e1nico<\/strong> sobre el r\u00edo Fluvi\u00e0, documentado en el siglo XI; el <strong>barrio jud\u00edo<\/strong>, que a\u00fan conserva algunos vestigios de los ba\u00f1os o<em> miqw\u00e9<\/em>; la <strong>plaza Major,<\/strong> el palacio de la <strong>Curia Real,<\/strong> la <strong>calle del Portalet <\/strong>y el <strong>monasterio de Sant Pere<\/strong>, con una iglesia rom\u00e1nica del siglo XII.<\/p>\n\n<div class=\"wp-block-image\">\n<figure class=\"aligncenter\"><img loading=\"lazy\" decoding=\"async\" width=\"640\" height=\"480\" class=\"wp-image-6479\" src=\"https:\/\/www.centraldevacaciones.com\/blog\/wp-content\/uploads\/2020\/01\/4_Besal\u00fa.jpg\" alt=\"\" srcset=\"https:\/\/www.centraldevacaciones.com\/blog\/wp-content\/uploads\/2020\/01\/4_Besal\u00fa.jpg 640w, https:\/\/www.centraldevacaciones.com\/blog\/wp-content\/uploads\/2020\/01\/4_Besal\u00fa-300x225.jpg 300w\" sizes=\"(max-width: 640px) 100vw, 640px\" \/><\/figure>\n<\/div>\n\n<h2 class=\"wp-block-heading\">5. Fr\u00edas (Burgos)<\/h2>\n\n<p style=\"text-align: justify;\">Nuestro viaje nos lleva ahora a la localidad burgalesa de Fr\u00edas. Pese a sus reducidas dimensiones \u2014apenas cuenta con 300 habitantes\u2014 este peque\u00f1o pueblo medieval puede presumir de haber sido elevado a la categor\u00eda de Conjunto Hist\u00f3rico-Art\u00edstico en 1982. Sin duda, su elemento m\u00e1s representativo es su sobrecogedor <strong>castillo, de los siglos XII-XVI, llamado indistintamente de los Duques de Fr\u00edas o de los Velascos,<\/strong> que domina el n\u00facleo urbano desde lo alto de un cerro. Adem\u00e1s, sus calles concentran buenos ejemplos de arquitectura popular. Sentir\u00e1s la historia de Castilla en esta villa medieval.<\/p>\n\n<div class=\"wp-block-image\">\n<figure class=\"aligncenter\"><img loading=\"lazy\" decoding=\"async\" width=\"599\" height=\"427\" class=\"wp-image-6480\" src=\"https:\/\/www.centraldevacaciones.com\/blog\/wp-content\/uploads\/2020\/01\/5_Fr\u00edas.jpg\" alt=\"\" srcset=\"https:\/\/www.centraldevacaciones.com\/blog\/wp-content\/uploads\/2020\/01\/5_Fr\u00edas.jpg 599w, https:\/\/www.centraldevacaciones.com\/blog\/wp-content\/uploads\/2020\/01\/5_Fr\u00edas-300x214.jpg 300w\" sizes=\"(max-width: 599px) 100vw, 599px\" \/><\/figure>\n<\/div>\n\n<h2 class=\"wp-block-heading\">6. Guadalupe (C\u00e1ceres)<\/h2>\n\n<p style=\"text-align: justify;\">Ponemos rumbo a Extremadura para recorrer sin prisas Guadalupe, una localidad de apenas 2.000 habitantes, pero llena de magia. El origen de su importancia hay que buscarlo en el siglo XIII o comienzos del XIV, cuando se hall\u00f3 una talla de la Virgen en el r\u00edo Guadalupe. Despu\u00e9s de la construcci\u00f3n del primer santuario dedicado a la misma, el lugar se consolid\u00f3 como el segundo centro de peregrinaci\u00f3n de la pen\u00ednsula ib\u00e9rica despu\u00e9s de Compostela, etapa final del <a href=\"https:\/\/reservaviajes.centraldevacaciones.com\/ES\/idea\/484529\/camino-de-santiago-ruta-norte\"><strong>Camino de Santiago<\/strong><\/a>. Sus mayores reclamos son el <strong>Real<\/strong> <strong>Monasterio de Santa Mar\u00eda, <\/strong>que combina elementos g\u00f3ticos, renacentistas y barrocos, y <strong>La Puebla,<\/strong> un importante Conjunto Hist\u00f3rico-Art\u00edstico de los siglos del XIV al XVI. Tampoco hay que pasar por alto la antigua<strong> juder\u00eda, <\/strong>ni la <strong>iglesia de Nuestra Se\u00f1ora,<\/strong> de estilo g\u00f3tico. En cuanto a sus museos, cabe mencionar el <strong>Museo de Bordados<\/strong> y el <strong>Museo de Libros Miniados.<\/strong><\/p>\n\n<div class=\"wp-block-image\">\n<figure class=\"aligncenter\"><img loading=\"lazy\" decoding=\"async\" width=\"592\" height=\"410\" class=\"wp-image-6481\" src=\"https:\/\/www.centraldevacaciones.com\/blog\/wp-content\/uploads\/2020\/01\/6_Guadalupe.jpg\" alt=\"\" srcset=\"https:\/\/www.centraldevacaciones.com\/blog\/wp-content\/uploads\/2020\/01\/6_Guadalupe.jpg 592w, https:\/\/www.centraldevacaciones.com\/blog\/wp-content\/uploads\/2020\/01\/6_Guadalupe-300x208.jpg 300w\" sizes=\"(max-width: 592px) 100vw, 592px\" \/><\/figure>\n<\/div>\n\n<h2 class=\"wp-block-heading\">7. Hondarribia (Guip\u00fazcoa)<\/h2>\n\n<p style=\"text-align: justify;\">Euskadi es otro lugar de la pen\u00ednsula ib\u00e9rica que no nos pod\u00edamos dejar en el tintero y uno de los pueblos m\u00e1s bonitos para unas <a href=\"https:\/\/www.centraldevacaciones.com\/blog\/destinos-vacaciones\/ofertas-espana\/\">vacaciones en Espa\u00f1a<\/a>. Entre otros motivos, por dar cabida a Hondarribia (o Fuenterrab\u00eda, en castellano), una localidad de 17.000 habitantes y declarada Conjunto Monumental que tambi\u00e9n te transportar\u00e1 al medievo. Su centro hist\u00f3rico corresponde al antiguo recinto amurallado de esta villa fundada en 1203, que todav\u00eda conserva parte de sus murallas y sus baluartes, as\u00ed como las dos puertas de acceso a la plaza fuerte. Sus calles forman un plano rectangular de calles adoquinadas y fachadas con balcones de forja. En la parte superior del promontorio donde se ubica el n\u00facleo hist\u00f3rico se encuentra el <strong>castillo de Carlos V. <\/strong>Otros edificios indispensables son los<strong> palacios de Egiluz y Zuloaga, <\/strong>este \u00faltimo tambi\u00e9n llamado Casa de Torre Alta; la<strong> Casa Mugaretenea, <\/strong>del siglo XVI y de factura renacentista; el<strong> castillo de San Telmo, <\/strong>la<strong> fortaleza de Guadalupe <\/strong>y la<strong> Torre de Jaizkibel.<\/strong><\/p>\n\n<div class=\"wp-block-image\">\n<figure class=\"aligncenter\"><img loading=\"lazy\" decoding=\"async\" width=\"550\" height=\"348\" class=\"wp-image-6482\" src=\"https:\/\/www.centraldevacaciones.com\/blog\/wp-content\/uploads\/2020\/01\/7_Hondarribia.jpg\" alt=\"\" srcset=\"https:\/\/www.centraldevacaciones.com\/blog\/wp-content\/uploads\/2020\/01\/7_Hondarribia.jpg 550w, https:\/\/www.centraldevacaciones.com\/blog\/wp-content\/uploads\/2020\/01\/7_Hondarribia-300x190.jpg 300w\" sizes=\"(max-width: 550px) 100vw, 550px\" \/><\/figure>\n<\/div>\n\n<h2 class=\"wp-block-heading\">8. La Alberca (Salamanca)<\/h2>\n\n<p style=\"text-align: justify;\">Nuestro viaje por los pueblos medievales m\u00e1s bonitos de Espa\u00f1a nos lleva directamente a uno de los emblemas de la comarca salmantina de la Sierra de Francia: La Alberca. Declarado Conjunto Hist\u00f3rico-Art\u00edstico en 1940, este precioso pueblo tiene como rincones m\u00e1s destacables la <strong>plaza Mayor<\/strong> y la<strong> iglesia de Nuestra Se\u00f1ora de la Asunci\u00f3n<\/strong>, del siglo XVIII, que alberga un p\u00falpito de piedra policromado, as\u00ed como ermitas. Por otro lado, este pueblo serrano tambi\u00e9n destaca por tradiciones como las turroneras o la moza de \u00e1nimas, as\u00ed como la fiesta de La Loa, que tiene lugar cada 15 de agosto. Cerca de La Alberca, puedes visitar el <strong>santuario de Nuestra Se\u00f1ora de la Pe\u00f1a de Francia<\/strong>, patrona de la provincia de Salamanca, y el <strong>Parque Natural Las Batuecas-Pe\u00f1a de Francia, <\/strong>con paisajes que dejan sin palabras.<\/p>\n\n<div class=\"wp-block-image\">\n<figure class=\"aligncenter\"><img loading=\"lazy\" decoding=\"async\" width=\"640\" height=\"426\" class=\"wp-image-6483\" src=\"https:\/\/www.centraldevacaciones.com\/blog\/wp-content\/uploads\/2020\/01\/8_La_Alberca.jpg\" alt=\"\" srcset=\"https:\/\/www.centraldevacaciones.com\/blog\/wp-content\/uploads\/2020\/01\/8_La_Alberca.jpg 640w, https:\/\/www.centraldevacaciones.com\/blog\/wp-content\/uploads\/2020\/01\/8_La_Alberca-300x200.jpg 300w\" sizes=\"(max-width: 640px) 100vw, 640px\" \/><\/figure>\n<\/div>\n\n<h2 class=\"wp-block-heading\">9. Olite (Navarra)<\/h2>\n\n<p style=\"text-align: justify;\">La siguiente parada de nuestro repaso a los pueblos medievales m\u00e1s bonitos de Espa\u00f1a ser\u00e1 Olite, localidad que da cabida al palacio real de Olite o Palacio de los Reyes de Navarra de Olite. Esta es una construcci\u00f3n del siglo XV con car\u00e1cter cortesano y militar, y en la que los aspectos residenciales prevalecieron sobre los defensivos. Erigido entre los siglos XIII y XIV, fue una de las sedes de la corte del Reino de Navarra desde el reinado de Carlos III el Noble. El conjunto descuella por sus estancias, jardines y fosos, circundados de altas murallas y rematados por numerosas torres, lo que les brinda un encanto especial. En su \u00e9poca, lleg\u00f3 a ser considerado como uno de los m\u00e1s hermosos de Europa. Se pueden diferenciar claramente dos recintos: el Palacio Viejo, que hoy da cabida a un Parador Nacional de Turismo, y el Palacio Nuevo. Por otro lado, aprovecha tu escapada a Olite para visitar la <strong>iglesia de Santa Mar\u00eda la Real de Olite<\/strong> y la <strong>iglesia de San Pedro.<\/strong><\/p>\n\n<div class=\"wp-block-image\">\n<figure class=\"aligncenter\"><img loading=\"lazy\" decoding=\"async\" width=\"640\" height=\"480\" class=\"wp-image-6484\" src=\"https:\/\/www.centraldevacaciones.com\/blog\/wp-content\/uploads\/2020\/01\/9_Olite.jpg\" alt=\"\" srcset=\"https:\/\/www.centraldevacaciones.com\/blog\/wp-content\/uploads\/2020\/01\/9_Olite.jpg 640w, https:\/\/www.centraldevacaciones.com\/blog\/wp-content\/uploads\/2020\/01\/9_Olite-300x225.jpg 300w\" sizes=\"(max-width: 640px) 100vw, 640px\" \/><\/figure>\n<\/div>\n\n<h2 class=\"wp-block-heading\">10. Santillana del Mar (Cantabria)<\/h2>\n\n<p style=\"text-align: justify;\">La llaman el <em>pueblo de las Tres Mentiras<\/em> porque su nombre recoge, precisamente, tres inexactitudes: ni es santa, ni es llana, ni tiene salida al mar. Sin embargo, esta villa c\u00e1ntabra es uno de los pueblos medievales m\u00e1s bonitos de Espa\u00f1a. Uno de sus polos tur\u00edsticos es la cueva de Altamira, considerada como la Capilla Sixtina del arte rupestre y declarada Patrimonio de la Humanidad por la UNESCO. Asimismo, la arquitectura medieval tambi\u00e9n est\u00e1 muy presente, teniendo como principal exponente la <strong>colegiata de Santillana del Mar,<\/strong> que data del siglo XII. Adem\u00e1s, hay otras construcciones medievales interesantes, como la <strong>Torre de Don Borja <\/strong>o la <strong>Torre del Merino<\/strong>, ambas de estilo g\u00f3tico. \u00a1Te encantar\u00e1 pasear por sus calles empedradas!<\/p>\n<p style=\"text-align: justify;\">Hasta aqu\u00ed nuestra lista de los pueblos medievales m\u00e1s bonitos de Espa\u00f1a, si bien somos conscientes de que nos hemos dejado algunos con monumentos de gran belleza y que hay que ver, como Alqu\u00e9zar (Huesca), Pedraza (Segovia), Buitrago del Lozoya (Madrid), Peratallada (Girona), Montefr\u00edo (Granada) o el castillo de Pe\u00f1afiel (Valladolid). En cualquier caso, esta es una de las muchas propuestas que encontrar\u00e1n entre nuestras <a href=\"https:\/\/www.centraldevacaciones.com\/ofertas-viajes\/\"><strong>ofertas de viajes y vacaciones<\/strong><\/a>. Te animamos a consultarlas, reservar tus vuelos y hoteles y disfrutar de una escapada \u00fanica y a precios incre\u00edbles. \u00bfNos dejas acompa\u00f1arte en esta aventura?<\/p>\n\n<div class=\"wp-block-image\">\n<figure class=\"aligncenter\"><img loading=\"lazy\" decoding=\"async\" width=\"640\" height=\"426\" class=\"wp-image-6485\" src=\"https:\/\/www.centraldevacaciones.com\/blog\/wp-content\/uploads\/2020\/01\/10_Santillana_del_Mar.jpg\" alt=\"\" srcset=\"https:\/\/www.centraldevacaciones.com\/blog\/wp-content\/uploads\/2020\/01\/10_Santillana_del_Mar.jpg 640w, https:\/\/www.centraldevacaciones.com\/blog\/wp-content\/uploads\/2020\/01\/10_Santillana_del_Mar-300x200.jpg 300w\" sizes=\"(max-width: 640px) 100vw, 640px\" \/><\/figure>\n<\/div>\n\n<p>\u00a0<\/p>\n\t\t\t\t\t\t\t\t<\/div>\n\t\t\t\t\t<\/div>\n\t\t<\/div>\n\t\t\t\t\t<\/div>\n\t\t<\/section>\n\t\t\t\t<\/div>\n\t\t","protected":false},"excerpt":{"rendered":"<p>M\u00e1s de 82 millones de turistas. Esta es la exorbitante cifra de viajeros que llegan a Espa\u00f1a cada a\u00f1o. Qu\u00e9 duda cabe que sus cerca de 6.000 km de costas y sus magn\u00edficas playas explican en parte este boom. Sin embargo, este no es el \u00fanico motivo por el que este pa\u00eds del sur de [&hellip;]<\/p>\n","protected":false},"author":3,"featured_media":6481,"comment_status":"open","ping_status":"open","sticky":false,"template":"elementor_theme","format":"standard","meta":{"_acf_changed":false,"footnotes":""},"categories":[208,4,200,195,17],"tags":[75,139,279],"class_list":["post-6475","post","type-post","status-publish","format-standard","has-post-thumbnail","hentry","category-ideas-escapadas","category-espana","category-rutas-por-espana","category-rutas-por-europa","category-viajes-por-europa","tag-escapadas-por-espana","tag-ofertas","tag-ofertas-de-viajes-a-mallorca"],"acf":[],"_links":{"self":[{"href":"https:\/\/www.centraldevacaciones.com\/blog\/wp-json\/wp\/v2\/posts\/6475","targetHints":{"allow":["GET"]}}],"collection":[{"href":"https:\/\/www.centraldevacaciones.com\/blog\/wp-json\/wp\/v2\/posts"}],"about":[{"href":"https:\/\/www.centraldevacaciones.com\/blog\/wp-json\/wp\/v2\/types\/post"}],"author":[{"embeddable":true,"href":"https:\/\/www.centraldevacaciones.com\/blog\/wp-json\/wp\/v2\/users\/3"}],"replies":[{"embeddable":true,"href":"https:\/\/www.centraldevacaciones.com\/blog\/wp-json\/wp\/v2\/comments?post=6475"}],"version-history":[{"count":0,"href":"https:\/\/www.centraldevacaciones.com\/blog\/wp-json\/wp\/v2\/posts\/6475\/revisions"}],"wp:featuredmedia":[{"embeddable":true,"href":"https:\/\/www.centraldevacaciones.com\/blog\/wp-json\/wp\/v2\/media\/6481"}],"wp:attachment":[{"href":"https:\/\/www.centraldevacaciones.com\/blog\/wp-json\/wp\/v2\/media?parent=6475"}],"wp:term":[{"taxonomy":"category","embeddable":true,"href":"https:\/\/www.centraldevacaciones.com\/blog\/wp-json\/wp\/v2\/categories?post=6475"},{"taxonomy":"post_tag","embeddable":true,"href":"https:\/\/www.centraldevacaciones.com\/blog\/wp-json\/wp\/v2\/tags?post=6475"}],"curies":[{"name":"wp","href":"https:\/\/api.w.org\/{rel}","templated":true}]}}