{"id":6388,"date":"2019-12-09T17:03:36","date_gmt":"2019-12-09T16:03:36","guid":{"rendered":"https:\/\/www.centraldevacaciones.com\/blog\/?p=6388"},"modified":"2021-06-30T18:13:47","modified_gmt":"2021-06-30T16:13:47","slug":"8-alternativas-a-los-destinos-turisticos-mas-visitados","status":"publish","type":"post","link":"https:\/\/www.centraldevacaciones.com\/blog\/8-alternativas-a-los-destinos-turisticos-mas-visitados\/","title":{"rendered":"8 alternativas a los destinos tur\u00edsticos m\u00e1s visitados"},"content":{"rendered":"<p>Eres de los nuestros: sabemos que no ves el momento de hacer la maleta, reservar los vuelos y hoteles que necesitas y lanzarte a hacer kil\u00f3metros como si no hubiera un ma\u00f1ana. Aunque compartimos ese sentimiento \u2014e incluso las mariposas en el est\u00f3mago en los d\u00edas previos a la aventura\u2014, la emoci\u00f3n que precede a cualquier escapada de fin de semana puede dar paso a la m\u00e1s absoluta decepci\u00f3n al llegar al destino elegido. \u00bfEl motivo? La masificaci\u00f3n de visitantes en algunas ciudades y pueblos europeos. Y aunque no tenemos una varita m\u00e1gica para ahorrarte las colas y las aglomeraciones, queremos echarte una mano con este molesto inconveniente, proponi\u00e9ndote 10 alternativas a los destinos tur\u00edsticos m\u00e1s visitados.<\/p>\n<p>Eligiendo las siguientes recomendaciones, tendr\u00e1s la tranquilidad de disfrutar de opciones con una afluencia de turistas moderada, pero sin renunciar a la magia que impregna las localidades a las que se asemejan. \u00bfPreparado\/a? \u00a1Toma nota!<\/p>\n\n\n<h2 class=\"wp-block-heading\">Gaztelugatxe, el monte Saint-Michel vasco<\/h2>\n\n\n\n<p style=\"text-align: justify;\">Que no te asuste la dif\u00edcil pronunciaci\u00f3n del nombre que acabas de leer. Si te tienta la idea de visitar el fotog\u00e9nico monte Saint-Michel, en la costa noroccidental de Francia, pero te entran escalofr\u00edos solo de pensar en el volumen de visitantes, tienes la soluci\u00f3n muy cerca. En concreto, al noroeste de Bermeo y en el litoral de Vizcaya. All\u00ed te aguarda Gaztelugatxe, una preciosa isla rocosa frente a la costa a la que se puede acceder cruzando un puente. Su \u00fanica construcci\u00f3n es la <strong>iglesia de<\/strong> <strong>San Juan Gaztelugatxe, <\/strong>demolida en 1886 y reconstruida totalmente. Para llegar hasta ella, deber\u00e1s salvar 241 escalones. Una vez all\u00ed, ver\u00e1s una campana en la pared frontal del edificio. Dice la leyenda que, si el reci\u00e9n llegado la toca tres veces, se cumplir\u00e1 el deseo que haya pedido. \u00bfTe animas a intentarlo?<\/p>\n\n\n\n<figure class=\"wp-block-image\"><img fetchpriority=\"high\" decoding=\"async\" width=\"640\" height=\"426\" src=\"https:\/\/www.centraldevacaciones.com\/blog\/wp-content\/uploads\/2019\/12\/1_Gaztelugatze.jpg\" alt=\"\" class=\"wp-image-6389\" srcset=\"https:\/\/www.centraldevacaciones.com\/blog\/wp-content\/uploads\/2019\/12\/1_Gaztelugatze.jpg 640w, https:\/\/www.centraldevacaciones.com\/blog\/wp-content\/uploads\/2019\/12\/1_Gaztelugatze-300x200.jpg 300w\" sizes=\"(max-width: 640px) 100vw, 640px\" \/><\/figure>\n\n\n\n<h2 class=\"wp-block-heading\"><br> Moj\u00e1car, la Ibiza tranquila<\/h2>\n\n\n\n<p style=\"text-align: justify;\">\u00bfA qui\u00e9n no le apetecer\u00eda contemplar sin prisas la genuina arquitectura ibicenca? \u00bfO dar un paseo por conjunto hist\u00f3rico y art\u00edstico de Dalt Vila, declarado Patrimonio de la Humanidad por la UNESCO en 1999? Aunque marcarse un <a href=\"https:\/\/www.centraldevacaciones.com\/viajes\/ofertas-a-Ibiza.html\"><strong>viaje a Ibiza<\/strong><\/a> es una apuesta segura, es posible que el alto n\u00famero de visitantes te empuje a buscar un plan B si buscas unas vacaciones tranquilas. En Moj\u00e1car, un pintoresco pueblo junto a la costa almeriense, podr\u00e1s saborear la imagen que te brindan sus preciosas casas encaladas y del Mediterr\u00e1neo, pero con mucha menos gente. Adem\u00e1s de explorar el d\u00e9dalo de callejuelas de esta localidad, te invitamos a descubrir la historia del <strong>Indalo,<\/strong> una figura antropom\u00f3rfica hallada en pinturas prehist\u00f3ricas en la cercana V\u00e9lez-Blanco. O conocer detalles de la visita que unos colaboradores de Walt Disney realizaron en busca de su partida de nacimiento, ya que se cre\u00eda que Moj\u00e1car pudo haber sido su villa natal, en vez de Chicago.&nbsp;<\/p>\n<p style=\"text-align: justify;\">Por cierto: en Moj\u00e1car Playa, tambi\u00e9n encontrar\u00e1s una peque\u00f1a oferta de ocio nocturno, con la que no echar\u00e1s tanto de menos la noche ibicenca.<\/p>\n\n\n\n<figure class=\"wp-block-image\"><img decoding=\"async\" width=\"800\" height=\"536\" src=\"https:\/\/www.centraldevacaciones.com\/blog\/wp-content\/uploads\/2019\/12\/2_Moj\u00e1car.jpg\" alt=\"\" class=\"wp-image-6390\" srcset=\"https:\/\/www.centraldevacaciones.com\/blog\/wp-content\/uploads\/2019\/12\/2_Moj\u00e1car.jpg 800w, https:\/\/www.centraldevacaciones.com\/blog\/wp-content\/uploads\/2019\/12\/2_Moj\u00e1car-300x201.jpg 300w, https:\/\/www.centraldevacaciones.com\/blog\/wp-content\/uploads\/2019\/12\/2_Moj\u00e1car-768x515.jpg 768w\" sizes=\"(max-width: 800px) 100vw, 800px\" \/><\/figure>\n\n\n\n<p><\/p>\n\n\n\n<h2 class=\"wp-block-heading\">B\u00e9rgamo, todo un descubrimiento cerca de Mil\u00e1n<\/h2>\n\n\n\n<p style=\"text-align: justify;\">Aunque nadie discute que Mil\u00e1n es la capital de la moda y las finanzas de Italia, puede que este no sea el plan ideal para quien prefiere huir de la jungla de asfalto. Por suerte, la alternativa se encuentra a poca distancia. En B\u00e9rgamo, para ser m\u00e1s exactos. Aunque es probable que nunca te hayas planteado este destino como una posibilidad factible para tus vacaciones, quiz\u00e1s cambies de opini\u00f3n al saber que esta es <strong>una de las cinco ciudades italianas<\/strong>, <strong>junto a Padua, Ferrara, Lucca y Grosseto,<\/strong> <strong>que conserva su centro hist\u00f3rico completamente amurallado<\/strong>, y que ha logrado mantener su apariencia original a lo largo de los siglos. Entre los principales monumentos del casco antiguo de B\u00e9rgamo, en la <strong>Ciudad Alta,<\/strong> destacan la fuente de Contarini, el Palazzo della Ragione, la Torre C\u00edvica, la capilla Colleoni, el baptisterio y la bas\u00edlica de Santa Mar\u00eda la Mayor. A pesar de que la catedral de Mil\u00e1n es uno de los edificios g\u00f3ticos m\u00e1s espectaculares del <em>Bel Paese<\/em>, te garantizamos que B\u00e9rgamo no te dejar\u00e1 indiferente. Palabra.&nbsp;<\/p>\n\n\n\n<figure class=\"wp-block-image\"><img decoding=\"async\" width=\"640\" height=\"426\" src=\"https:\/\/www.centraldevacaciones.com\/blog\/wp-content\/uploads\/2019\/12\/3_B\u00e9rgamo.jpg\" alt=\"\" class=\"wp-image-6391\" srcset=\"https:\/\/www.centraldevacaciones.com\/blog\/wp-content\/uploads\/2019\/12\/3_B\u00e9rgamo.jpg 640w, https:\/\/www.centraldevacaciones.com\/blog\/wp-content\/uploads\/2019\/12\/3_B\u00e9rgamo-300x200.jpg 300w\" sizes=\"(max-width: 640px) 100vw, 640px\" \/><\/figure>\n\n\n\n<h2 class=\"wp-block-heading\"><br> Siena, predecesora de Florencia<\/h2>\n\n\n\n<p style=\"text-align: justify;\">No nos extra\u00f1a que Stendhal se sintiese abrumado ante el rosario de monumentos de Florencia, hasta el punto de dar nombre a uno de los s\u00edndromes m\u00e1s famosos. Florencia es belleza en estado puro, piedra hecha arte, pero tambi\u00e9n un im\u00e1n que atrae anualmente a millones de turistas. Afortunadamente, su<em> alter ego <\/em>es la ciudad que, precisamente, rivaliz\u00f3 con ella en el pasado como capital de la Toscana. Y aunque la villa de los Medici acab\u00f3 gan\u00e1ndole la partida, Siena sigue conservando monumentos que nada tiene que envidiar a su antigua rival. Prueba de ello es la <strong>Torre del Mangia,<\/strong> a\u00fan m\u00e1s ic\u00f3nica que el <strong>Palazzo della Signoria,<\/strong> situada en la <strong>Piazza del Campo,<\/strong> o su magn\u00edfica <strong>catedral,<\/strong> dise\u00f1ada para ser la mayor de su \u00e9poca, a pesar de que la falta de dinero acabara frustrando el plan inicial.<\/p>\n\n\n\n<figure class=\"wp-block-image\"><img loading=\"lazy\" decoding=\"async\" width=\"793\" height=\"544\" src=\"https:\/\/www.centraldevacaciones.com\/blog\/wp-content\/uploads\/2019\/12\/4_Siena.jpg\" alt=\"\" class=\"wp-image-6392\" srcset=\"https:\/\/www.centraldevacaciones.com\/blog\/wp-content\/uploads\/2019\/12\/4_Siena.jpg 793w, https:\/\/www.centraldevacaciones.com\/blog\/wp-content\/uploads\/2019\/12\/4_Siena-300x206.jpg 300w, https:\/\/www.centraldevacaciones.com\/blog\/wp-content\/uploads\/2019\/12\/4_Siena-768x527.jpg 768w\" sizes=\"(max-width: 793px) 100vw, 793px\" \/><\/figure>\n\n\n\n<h2 class=\"wp-block-heading\"> Herculano, la otra Pompeya <\/h2>\n\n\n\n<p style=\"text-align: justify;\">Como ocurri\u00f3 con Pompeya, el tiempo se detuvo en Herculano en agosto del a\u00f1o 79, cuando una erupci\u00f3n del Vesubio acab\u00f3 con la vida en la ciudad. O la convirti\u00f3 en inmortal, seg\u00fan se mire. Sin embargo, hay una ligera diferencia entre ambos sitios arqueol\u00f3gicos: mientras que Pompeya fue sepultada por un manto de cenizas, Herculano fue arrasada por una lengua de lava, como a\u00fan se aprecia en las rejas de algunas de las viviendas y tiendas que forman este extraordinario complejo arqueol\u00f3gico. Aunque menos visitada que Pompeya, Herculano es tambi\u00e9n ofrece un incre\u00edble viaje en el tiempo y, como la anterior, tambi\u00e9n es <strong>Patrimonio de la Humanidad desde 1997<\/strong>. Durante tu excursi\u00f3n a Herculano, presta atenci\u00f3n a sus <strong>casas nobles<\/strong> y a <strong>las termas masculinas y femeninas<\/strong>, perfectamente conservadas.<\/p>\n<p style=\"text-align: justify;\">\u00bfQuieres comprobarlo in situ? En ese caso, no te pierdas nuestras <a href=\"https:\/\/www.centraldevacaciones.com\/ofertas-viajes\/Ofertas-Centraldevacaciones-a-ITALIA-Ofertas_de_Escapadas;106;0;0;152;0.html\"><strong>ofertas de vacaciones en Italia<\/strong><\/a>.<\/p>\n\n\n\n<figure class=\"wp-block-image\"><img loading=\"lazy\" decoding=\"async\" width=\"640\" height=\"426\" src=\"https:\/\/www.centraldevacaciones.com\/blog\/wp-content\/uploads\/2019\/12\/5_Herculano.jpg\" alt=\"\" class=\"wp-image-6393\" srcset=\"https:\/\/www.centraldevacaciones.com\/blog\/wp-content\/uploads\/2019\/12\/5_Herculano.jpg 640w, https:\/\/www.centraldevacaciones.com\/blog\/wp-content\/uploads\/2019\/12\/5_Herculano-300x200.jpg 300w\" sizes=\"(max-width: 640px) 100vw, 640px\" \/><\/figure>\n\n\n\n<h2 class=\"wp-block-heading\">Erfurt, la peque\u00f1a M\u00fanich<\/h2>\n\n\n\n<p style=\"text-align: justify;\">Emprendemos ahora un <a href=\"https:\/\/www.centraldevacaciones.com\/ofertas-viajes\/ofertas-centraldevacaciones-a-alemania;3;0;0;0;0.html\"><strong>viaje a Alemania<\/strong><\/a> en busca de m\u00e1s alternativas a los destinos tur\u00edsticos m\u00e1s visitados. A pesar de que M\u00fanich, la vibrante capital de Baviera, es uno de los principales alicientes del pa\u00eds germ\u00e1nico, volvemos a encontrarnos con una situaci\u00f3n familiar: la gran cantidad de visitantes. Si tienes ganas de disfrutar de un destino similar en tierras teutonas y con el sabor de la arquitectura germ\u00e1nica, pero a un ritmo m\u00e1s reposado, pon rumbo a Erfurt, la capital de Turingia. All\u00ed podr\u00e1s admirar el <strong>monasterio de San Agust\u00edn,<\/strong> en el que vivi\u00f3 Mart\u00edn Lutero de 1505 a 1511; la <strong>antigua sinagoga, <\/strong>una de las m\u00e1s viejas de Europa (data de los siglos XI y XII); la <strong>catedral de Erfurt y la Severikirche<\/strong> (o iglesia de San Severo), ambas situadas en la Domplatz o plaza de la Catedral; la <strong>ciudadela de Petersberg<\/strong> y el encantador<strong> Kr\u00e4merbr\u00fccke, <\/strong>un puente sobre el que se levantan casas tradicionales. <br> <\/p>\n\n\n\n<figure class=\"wp-block-image\"><img loading=\"lazy\" decoding=\"async\" width=\"640\" height=\"426\" src=\"https:\/\/www.centraldevacaciones.com\/blog\/wp-content\/uploads\/2019\/12\/6_Erfurt.jpg\" alt=\"\" class=\"wp-image-6394\" srcset=\"https:\/\/www.centraldevacaciones.com\/blog\/wp-content\/uploads\/2019\/12\/6_Erfurt.jpg 640w, https:\/\/www.centraldevacaciones.com\/blog\/wp-content\/uploads\/2019\/12\/6_Erfurt-300x200.jpg 300w\" sizes=\"(max-width: 640px) 100vw, 640px\" \/><\/figure>\n\n\n\n<h2 class=\"wp-block-heading\">Trakai, la Carcasona del B\u00e1ltico<\/h2>\n\n\n\n<p style=\"text-align: justify;\">Sabemos que la ciudad fortificada de Carcasona, en el <strong><a href=\"https:\/\/www.centraldevacaciones.com\/blog\/ideas-de-ruta-para-tu-viaje-al-sur-de-francia-occitania\/\">sur de Francia<\/a><\/strong>, es un regalo para los sentidos. Por algo es Patrimonio de la Humanidad desde 1997. Ahora bien: lo normal es que tengamos que compartir la visita por las murallas y su castillo con miles de turistas. \u00bfTe da pereza? Si es as\u00ed, su otro <em>yo<\/em> te espera en Trakai, una peque\u00f1a localidad de Lituania situada a unos 28 km de la capital nacional, Vilna, desde donde se puede llegar c\u00f3modamente en tren. All\u00ed podr\u00e1s descubrir el Parque Nacional Hist\u00f3rico de Trakai, fundado en 1991 y el \u00fanico no solo de Lituania, sino tambi\u00e9n en toda Europa. Su buque insignia el hipn\u00f3tico <strong>castillo de Trakai<\/strong> (1337), ubicado en un islote en mitad de un lago y con imponentes torreones de forma c\u00f3nica que recuerdan a los de Carcasona.<\/p>\n<p style=\"text-align: justify;\">Si quieres conocer este tesoro, echa un vistazo a nuestras <a href=\"https:\/\/www.centraldevacaciones.com\/ofertas-viajes\/Republicas-Balticas:-Lituania-Letonia-y-Estonia\/Vilnius-Riga-y-Tallin--\/reservas\/268\/\"><strong>ofertas de viaje a las rep\u00fablicas B\u00e1lticas<\/strong><\/a><strong>.<\/strong><\/p>\n\n\n\n<figure class=\"wp-block-image\"><img loading=\"lazy\" decoding=\"async\" width=\"640\" height=\"408\" src=\"https:\/\/www.centraldevacaciones.com\/blog\/wp-content\/uploads\/2019\/12\/7_Trakai.jpg\" alt=\"\" class=\"wp-image-6395\" srcset=\"https:\/\/www.centraldevacaciones.com\/blog\/wp-content\/uploads\/2019\/12\/7_Trakai.jpg 640w, https:\/\/www.centraldevacaciones.com\/blog\/wp-content\/uploads\/2019\/12\/7_Trakai-300x191.jpg 300w\" sizes=\"(max-width: 640px) 100vw, 640px\" \/><\/figure>\n\n\n\n<h2 class=\"wp-block-heading\">Perast, en Montenegro, en vez de Dubrovnik <\/h2>\n\n\n\n<p style=\"text-align: justify;\">Concluimos nuestras alternativas a los destinos tur\u00edsticos m\u00e1s visitados viajando a las costas del Adri\u00e1tico. Concretamente, a <strong>Montenegro<\/strong>, pa\u00eds en el que encontramos una ciudad gemela en miniatura de la popular urbe croata de Dubrovnik: <strong>Perast.<\/strong> Situada frente a la evocadora bah\u00eda de Kotor, su bello casco hist\u00f3rico ha sabido preservar el alma de las antiguas villas marineras creadas por los venecianos. Adem\u00e1s de 19 palacios nobles, Perast tambi\u00e9n da cabida a incre\u00edbles iglesias, como la de <strong>San Nicol\u00e1s,<\/strong> de estilo rom\u00e1nico, <strong>la de Nuestra Se\u00f1ora del Rosario, la de Nuestra Se\u00f1ora de las Rocas y el monasterio de San Jorge<\/strong> (no visitable), estos dos \u00faltimos edificios erigidos en un islote.<\/p>\n<p style=\"text-align: justify;\">\u00bfQu\u00e9 te han parecido estas recomendaciones? Si quieres ampliar la lista, no dudes en mandarnos tus sugerencias.<\/p>\n\n\n\n<figure class=\"wp-block-image\"><img loading=\"lazy\" decoding=\"async\" width=\"640\" height=\"426\" src=\"https:\/\/www.centraldevacaciones.com\/blog\/wp-content\/uploads\/2019\/12\/8_Perast.jpg\" alt=\"\" class=\"wp-image-6396\" srcset=\"https:\/\/www.centraldevacaciones.com\/blog\/wp-content\/uploads\/2019\/12\/8_Perast.jpg 640w, https:\/\/www.centraldevacaciones.com\/blog\/wp-content\/uploads\/2019\/12\/8_Perast-300x200.jpg 300w\" sizes=\"(max-width: 640px) 100vw, 640px\" \/><\/figure>\n","protected":false},"excerpt":{"rendered":"<p>Eres de los nuestros: sabemos que no ves el momento de hacer la maleta, reservar los vuelos y hoteles que necesitas y lanzarte a hacer kil\u00f3metros como si no hubiera un ma\u00f1ana. Aunque compartimos ese sentimiento \u2014e incluso las mariposas en el est\u00f3mago en los d\u00edas previos a la aventura\u2014, la emoci\u00f3n que precede a [&hellip;]<\/p>\n","protected":false},"author":3,"featured_media":6401,"comment_status":"closed","ping_status":"open","sticky":false,"template":"elementor_theme","format":"standard","meta":{"_acf_changed":false,"footnotes":""},"categories":[208,215,193,204,205,1],"tags":[255,254,230,274,257,252,184,259],"class_list":["post-6388","post","type-post","status-publish","format-standard","has-post-thumbnail","hentry","category-ideas-escapadas","category-enlaces-utiles-viajes-turismo","category-europa","category-ideas-viajes-verano","category-ideas-viajes-low-cost","category-vacaciones","tag-chollos-de-vacaciones","tag-chollos-en-viajes","tag-paquetes-de-vacaciones","tag-trucos-para-chollos-de-vacaciones","tag-vacaciones-multidestino","tag-viajar-barato-a-europa","tag-viajes-baratos","tag-vuelo-y-hoteles-baratos"],"acf":[],"_links":{"self":[{"href":"https:\/\/www.centraldevacaciones.com\/blog\/wp-json\/wp\/v2\/posts\/6388","targetHints":{"allow":["GET"]}}],"collection":[{"href":"https:\/\/www.centraldevacaciones.com\/blog\/wp-json\/wp\/v2\/posts"}],"about":[{"href":"https:\/\/www.centraldevacaciones.com\/blog\/wp-json\/wp\/v2\/types\/post"}],"author":[{"embeddable":true,"href":"https:\/\/www.centraldevacaciones.com\/blog\/wp-json\/wp\/v2\/users\/3"}],"replies":[{"embeddable":true,"href":"https:\/\/www.centraldevacaciones.com\/blog\/wp-json\/wp\/v2\/comments?post=6388"}],"version-history":[{"count":0,"href":"https:\/\/www.centraldevacaciones.com\/blog\/wp-json\/wp\/v2\/posts\/6388\/revisions"}],"wp:featuredmedia":[{"embeddable":true,"href":"https:\/\/www.centraldevacaciones.com\/blog\/wp-json\/wp\/v2\/media\/6401"}],"wp:attachment":[{"href":"https:\/\/www.centraldevacaciones.com\/blog\/wp-json\/wp\/v2\/media?parent=6388"}],"wp:term":[{"taxonomy":"category","embeddable":true,"href":"https:\/\/www.centraldevacaciones.com\/blog\/wp-json\/wp\/v2\/categories?post=6388"},{"taxonomy":"post_tag","embeddable":true,"href":"https:\/\/www.centraldevacaciones.com\/blog\/wp-json\/wp\/v2\/tags?post=6388"}],"curies":[{"name":"wp","href":"https:\/\/api.w.org\/{rel}","templated":true}]}}