{"id":5966,"date":"2019-09-06T13:33:06","date_gmt":"2019-09-06T11:33:06","guid":{"rendered":"https:\/\/www.centraldevacaciones.com\/blog\/?p=5966"},"modified":"2020-06-15T12:57:45","modified_gmt":"2020-06-15T10:57:45","slug":"ruta-de-los-pueblos-blancos-conociendo-cadiz","status":"publish","type":"post","link":"https:\/\/www.centraldevacaciones.com\/blog\/ruta-de-los-pueblos-blancos-conociendo-cadiz\/","title":{"rendered":"Ruta de los pueblos blancos: conociendo C\u00e1diz"},"content":{"rendered":"<p>Tanto si la haces en uno o varios d\u00edas, en coche, a pie o en bici, las posibilidades que ofrece la <strong>ruta de los pueblos blancos de C\u00e1diz<\/strong> son muchas y aptas para viajeros de todas las edades y cualquier tipo de bolsillo. Descubre los paisajes m\u00e1s asombrosos, una arquitectura tradicional a la vez que \u00fanica y una gastronom\u00eda que re\u00fane lo mejor de la cocina andaluza. Hoy, <a href=\"https:\/\/www.centraldevacaciones.com\/\"><strong>Centraldevacaciones.com<\/strong><\/a> quiere proponerte una ruta con todas las paradas de este <em>tour <\/em>que comprende los 19 pueblos en los que el color blanco de la cal de las fachadas es el protagonista. Si quieres hacerlo en un solo d\u00eda, te recomendamos que visites aquellos que est\u00e1n marcados con un asterisco, que constituyen los puntos de mayor inter\u00e9s y que no te puedes perder.<\/p>\n\n\n<h2 class=\"wp-block-heading\">Arcos de la Frontera<\/h2>\n\n\n\n<p>Empezamos directamente por la primera\nparada de esta ruta de los pueblos blancos con uno de los platos fuertes. Se\ntrata de la poblaci\u00f3n m\u00e1s extensa de la sierra de C\u00e1diz y representa toda una\noportunidad de abrir esta ruta con una de las poblaciones blancas m\u00e1s\nasombrosas. Cruza la Puerta de Matrera, pasea por sus empinadas y estrechas\ncalles bajo arcos centenarios y llega hasta su casco antiguo. Rodeado por los\nrestos de la muralla medieval, encontramos el castillo de los Duques de Arcos.\nConstruido entre los siglos de XIV y XV sobre el que fue un alc\u00e1zar militar, ha\nsido utilizado como cuartel y actualmente se puede visitar. Otros puntos de\ninter\u00e9s son el callej\u00f3n de las monjas y las <strong>plazas de Cananeo o de las\nBoticas<\/strong>, donde te podr\u00e1s tomar un delicioso aperitivo, o el palacio del\nMayorazgo. Descubre las curiosas estatuas que nos recuerdan que la Semana Santa\nde Arcos de la Frontera ha sido declarada de Inter\u00e9s Tur\u00edstico Nacional. <\/p>\n\n\n\n<p>Pero si hay algo que debes hacer antes\nde partir hacia el siguiente pueblo es subir al mirador de la Pe\u00f1a, donde tendr\u00e1s\nuna preciosa panor\u00e1mica de la zona y de algunos de los pueblos que visitar\u00e1s. <\/p>\n\n\n\n<p>Si tienes tiempo, al salir te\nrecomendamos parar en el paraje natural del lago de Arcos.<\/p>\n\n\n\n<figure class=\"wp-block-image\"><img fetchpriority=\"high\" decoding=\"async\" width=\"1024\" height=\"678\" src=\"https:\/\/www.centraldevacaciones.com\/blog\/wp-content\/uploads\/2019\/09\/arcos-1024x678.jpg\" alt=\"\" class=\"wp-image-5967\" srcset=\"https:\/\/www.centraldevacaciones.com\/blog\/wp-content\/uploads\/2019\/09\/arcos-1024x678.jpg 1024w, https:\/\/www.centraldevacaciones.com\/blog\/wp-content\/uploads\/2019\/09\/arcos-300x199.jpg 300w, https:\/\/www.centraldevacaciones.com\/blog\/wp-content\/uploads\/2019\/09\/arcos-768x508.jpg 768w, https:\/\/www.centraldevacaciones.com\/blog\/wp-content\/uploads\/2019\/09\/arcos.jpg 1920w\" sizes=\"(max-width: 1024px) 100vw, 1024px\" \/><\/figure>\n\n\n\n<h2 class=\"wp-block-heading\"><strong>Algar<\/strong><\/h2>\n\n\n\n<p style=\"text-align: justify;\">Este pueblo bien se podr\u00eda llamar Peque\u00f1o M\u00e9xico, y es que esta localidad tiene un v\u00ednculo muy especial con este pa\u00eds americano. Seg\u00fan cuentan, su fundador estaba relacionado con el comercio entre Espa\u00f1a y el Nuevo Mundo. En uno de sus viajes de vuelta, en medio de una tormenta, prometi\u00f3 que, si sobreviv\u00eda, fundar\u00eda una <strong>poblaci\u00f3n que honrar\u00eda a la patrona de M\u00e9xico<\/strong>. Por esta raz\u00f3n, cada a\u00f1o se celebran las fiestas de la Virgen de Guadalupe por todo lo alto, una fiesta en la que no faltan mariachis, mezcal y catrinas. Visita este peque\u00f1o pueblo y da un paseo por sus inmediaciones, donde encontrar\u00e1s ruinas de origen romano y el Tajo del \u00c1guila, un paraje natural enmarcado dentro del Parque Natural de los Alcornocales.<\/p>\n\n\n\n<ul class=\"wp-block-gallery columns-1 is-cropped wp-block-gallery-1 is-layout-flex wp-block-gallery-is-layout-flex\"><li class=\"blocks-gallery-item\"><figure><img decoding=\"async\" width=\"1024\" height=\"768\" src=\"https:\/\/www.centraldevacaciones.com\/blog\/wp-content\/uploads\/2019\/09\/algar-1024x768.jpg\" alt=\"\" data-id=\"5968\" data-link=\"https:\/\/www.centraldevacaciones.com\/blog\/?attachment_id=5968\" class=\"wp-image-5968\" srcset=\"https:\/\/www.centraldevacaciones.com\/blog\/wp-content\/uploads\/2019\/09\/algar-1024x768.jpg 1024w, https:\/\/www.centraldevacaciones.com\/blog\/wp-content\/uploads\/2019\/09\/algar-300x225.jpg 300w, https:\/\/www.centraldevacaciones.com\/blog\/wp-content\/uploads\/2019\/09\/algar-768x576.jpg 768w, https:\/\/www.centraldevacaciones.com\/blog\/wp-content\/uploads\/2019\/09\/algar.jpg 2048w\" sizes=\"(max-width: 1024px) 100vw, 1024px\" \/><\/figure><\/li><\/ul>\n\n\n\n<h2 class=\"wp-block-heading\"><strong>Bornos<\/strong><\/h2>\n\n\n\n<p style=\"text-align: justify;\">Seguimos con nuestra ruta de los pueblos blancos con una poblaci\u00f3n junto a un embalse. En Bornos, uno de los principales lugares de inter\u00e9s es el <strong>palacio de los Ribera<\/strong>, de origen \u00e1rabe y restaurado en el siglo XVI, que se vertebra a partir de un bonito patio porticado de lo m\u00e1s pintoresco. Si te paras en este pueblo, vale la pena degustar su gastronom\u00eda y probar la carne mechada o la berza gitana.&nbsp;<\/p>\n\n\n\n<h2 class=\"wp-block-heading\"><strong>Espera<\/strong><\/h2>\n\n\n\n<p style=\"text-align: justify;\">Uno de los <strong>pueblos m\u00e1s pintorescos de este primer tramo<\/strong> de la ruta de los Pueblos Blancos es esta peque\u00f1a localidad presidida por el castillo de Fatetar, de origen musulm\u00e1n. Sube hasta all\u00ed para admirar las incre\u00edbles vistas de la sierra y los campos de girasol y cereales.<\/p>\n<p style=\"text-align: justify;\">Mientras paseas por sus calles blancas, tampoco te puedes perder su plaza de la iglesia ni el yacimiento arqueol\u00f3gico de Carissa Aurelia, que comprende restos de una ciudad de la \u00e9poca \u00edbera y romana.<\/p>\n\n\n\n<h2 class=\"wp-block-heading\"><strong>Villamart\u00edn<\/strong><\/h2>\n\n\n\n<p style=\"text-align: justify;\">Llegamos a otro mar de fachadas blancas en esta poblaci\u00f3n situada en el coraz\u00f3n de la sierra de C\u00e1diz. T\u00f3mate un refresco en la bonita plaza del Ayuntamiento, sube hasta los restos del castillo de Maltrera y visita el convento de San Francisco. Adem\u00e1s, puedes descubrir una de las estructuras megal\u00edticas m\u00e1s antiguas de la pen\u00ednsula ib\u00e9rica, el <strong>dolmen de Alberite<\/strong>.<\/p>\n\n\n\n<h2 class=\"wp-block-heading\"><strong>Algodonales<\/strong><\/h2>\n\n\n\n<p style=\"text-align: justify;\">Seguimos con la poblaci\u00f3n de Algodonales que, pese a lo que podr\u00eda indicar su nombre, est\u00e1 rodeada de olivos. Visita la pintoresca Iglesia de Santa Ana y, si te gusta el senderismo, emprende una de las m\u00faltiples rutas que salen de este pueblo. Adem\u00e1s, aqu\u00ed encontrar\u00e1s la <strong>fuente del Algarrobo<\/strong> y el lavadero, de la que surgen aguas subterr\u00e1neas de lo m\u00e1s puro.<\/p>\n\n\n\n<figure class=\"wp-block-image\"><img decoding=\"async\" width=\"1024\" height=\"628\" src=\"https:\/\/www.centraldevacaciones.com\/blog\/wp-content\/uploads\/2019\/09\/algodonales-1024x628.jpg\" alt=\"\" class=\"wp-image-5969\" srcset=\"https:\/\/www.centraldevacaciones.com\/blog\/wp-content\/uploads\/2019\/09\/algodonales-1024x628.jpg 1024w, https:\/\/www.centraldevacaciones.com\/blog\/wp-content\/uploads\/2019\/09\/algodonales-300x184.jpg 300w, https:\/\/www.centraldevacaciones.com\/blog\/wp-content\/uploads\/2019\/09\/algodonales-768x471.jpg 768w\" sizes=\"(max-width: 1024px) 100vw, 1024px\" \/><\/figure>\n\n\n\n<h2 class=\"wp-block-heading\"><strong>El Gastor<\/strong><\/h2>\n\n\n\n<p style=\"text-align: justify;\">Para descubrir el d\u00eda a d\u00eda de las gentes que habitan los pueblos blancos de C\u00e1diz, nada mejor que una visita a al Museo de Usos y Costumbres de El Gastor. Adem\u00e1s, te recomendamos una excursi\u00f3n al dolmen del Gigante.<\/p>\n<p style=\"text-align: justify;\">Este es el punto m\u00e1s alto de toda la ruta, por lo que no es de extra\u00f1ar que a esta localidad se la conozca como el <em>balc\u00f3n <\/em>de los Pueblos Blancos. <\/p>\n\n\n\n<h2 class=\"wp-block-heading\"><strong>Olvera<\/strong><\/h2>\n\n\n\n<p style=\"text-align: justify;\">Y llegamos a otro de los puntos m\u00e1s importantes de la ruta de los pueblos blancos. La puerta del Parque Natural de la Sierra de Grazalema destaca por su belleza y encanto. Camina por la <strong>calle Llana<\/strong>, declarada Conjunto Hist\u00f3rico-Art\u00edstico en 1983, sube por la empinada Calle Calzada y llega hasta la iglesia de Nuestra Se\u00f1ora de la Encarnaci\u00f3n, donde encontrar\u00e1s el primer mirador. Ac\u00e9rcate al castillo \u00e1rabe por un peque\u00f1o pasillo y admira esta fortaleza y sus vistas. Otro de sus encantos es el <strong>paseo de Ronda<\/strong> que rodea la poblaci\u00f3n, y que te brindar\u00e1 una panor\u00e1mica de Olvera digna de enmarcar.<\/p>\n\n\n\n<figure class=\"wp-block-image\"><img loading=\"lazy\" decoding=\"async\" width=\"1024\" height=\"576\" src=\"https:\/\/www.centraldevacaciones.com\/blog\/wp-content\/uploads\/2019\/09\/olvera-1024x576.jpg\" alt=\"\" class=\"wp-image-5970\" srcset=\"https:\/\/www.centraldevacaciones.com\/blog\/wp-content\/uploads\/2019\/09\/olvera-1024x576.jpg 1024w, https:\/\/www.centraldevacaciones.com\/blog\/wp-content\/uploads\/2019\/09\/olvera-300x169.jpg 300w, https:\/\/www.centraldevacaciones.com\/blog\/wp-content\/uploads\/2019\/09\/olvera-768x432.jpg 768w, https:\/\/www.centraldevacaciones.com\/blog\/wp-content\/uploads\/2019\/09\/olvera.jpg 1920w\" sizes=\"(max-width: 1024px) 100vw, 1024px\" \/><\/figure>\n\n\n\n<h2 class=\"wp-block-heading\"><strong>Puerto Serrano<\/strong><\/h2>\n\n\n\n<p style=\"text-align: justify;\">Cruzada por el r\u00edo Guadalete, Puerto Serrano es un tranquilo pueblo que destaca principalmente por el Molino de Sir\u00e9, un antiguo convento que mezcla el estilo barroco y neocl\u00e1sico. Esta es un buen destino para los amantes del ciclismo, ya que aqu\u00ed empieza la <strong>v\u00eda verde de la Sierra<\/strong>.<\/p>\n\n\n\n<h2 class=\"wp-block-heading\"><strong>Torre Alh\u00e1quime<\/strong><\/h2>\n\n\n\n<p style=\"text-align: justify;\">Al oeste de Olvera, encontramos la siguiente parada de la ruta de los pueblos blancos. El r\u00edo Guadalporc\u00fan recorre la parte baja de la localidad, dando la bienvenida al n\u00facleo urbano. Llega andando hasta la parroquia de Nuestra Se\u00f1ora de la Antigua y el castillo del Cementerio, del que hoy solamente quedan los muros nazar\u00edes que resguardan el cementerio de la poblaci\u00f3n.<\/p>\n\n\n\n<h2 class=\"wp-block-heading\"><strong>Setenil de las Bodegas<\/strong><\/h2>\n\n\n\n<p style=\"text-align: justify;\">Tanto como si eres un enamorado de la enolog\u00eda como si no, esta parte de la ruta de los pueblos blancos, denominada ruta de Jose Mar\u00eda <em>el Tempranillo<\/em>, te va a encantar. La primera parada es la incre\u00edble Setenil de las Bodegas, una poblaci\u00f3n construida en medio de la roca de la sierra. En este Conjunto Hist\u00f3rico-Art\u00edstico, encontrar\u00e1s numerosas <strong>casas cueva que se construyeron adapt\u00e1ndose a la orograf\u00eda del lugar<\/strong>, lo que otorga al pueblo un aspecto realmente espectacular. Sube hasta el castillo para tener unas buenas vistas del municipio y la calle Llana.<\/p>\n<p style=\"text-align: justify;\">No te olvides de probar las sopas cortijeras, un plato hecho con esp\u00e1rrago, huevo escalfado y pan, acompa\u00f1ado, sobre todo, de un vino local. \u00a1Toda una delicia!<\/p>\n\n\n\n<figure class=\"wp-block-image\"><img loading=\"lazy\" decoding=\"async\" width=\"1024\" height=\"576\" src=\"https:\/\/www.centraldevacaciones.com\/blog\/wp-content\/uploads\/2019\/09\/setenil-1024x576.jpg\" alt=\"\" class=\"wp-image-5971\" srcset=\"https:\/\/www.centraldevacaciones.com\/blog\/wp-content\/uploads\/2019\/09\/setenil-1024x576.jpg 1024w, https:\/\/www.centraldevacaciones.com\/blog\/wp-content\/uploads\/2019\/09\/setenil-300x169.jpg 300w, https:\/\/www.centraldevacaciones.com\/blog\/wp-content\/uploads\/2019\/09\/setenil-768x432.jpg 768w, https:\/\/www.centraldevacaciones.com\/blog\/wp-content\/uploads\/2019\/09\/setenil.jpg 1920w\" sizes=\"(max-width: 1024px) 100vw, 1024px\" \/><\/figure>\n\n\n\n<h2 class=\"wp-block-heading\"><strong>Alcal\u00e1 del Valle<\/strong><\/h2>\n\n\n\n<p style=\"text-align: justify;\">En medio del valle, encontramos este peque\u00f1o pueblo blanco donde se encuentra la peque\u00f1a iglesia barroca de Santa Mar\u00eda del Valle, un bonito rinc\u00f3n en el que admirar el paraje natural que envuelve Alcal\u00e1 del Valle.<\/p>\n\n\n\n<h2 class=\"wp-block-heading\"><strong>Prado del Rey <\/strong><\/h2>\n\n\n\n<p style=\"text-align: justify;\">Empieza la tercera parte de la ruta de pueblos blancos de C\u00e1diz, que discurre hacia el sur de la sierra en Prado del Rey. En esta tranquila localidad, podr\u00e1s degustar algunos de los vinos aut\u00f3ctonos y degustar un delicioso guiso de patatas en la plaza de la Constituci\u00f3n y conocer el origen de este pueblo en el <strong>yacimiento arqueol\u00f3gico de Iptuci<\/strong>.<\/p>\n\n\n\n<h2 class=\"wp-block-heading\"><strong>El Bosque<\/strong><\/h2>\n\n\n\n<p>Rodeado por un gran n\u00famero de\nmanantiales, El Bosque hace honor a su nombre. Los amantes del senderismo\nencontrar\u00e1n numerosas rutas por la naturaleza, mientras que los m\u00e1s atrevidos\npodr\u00e1n practicar deportes de aventura, una buena forma de conocer la zona desde\nun punto de vista completamente distinto. <\/p>\n\n\n\n<figure class=\"wp-block-image\"><img loading=\"lazy\" decoding=\"async\" width=\"960\" height=\"640\" src=\"https:\/\/www.centraldevacaciones.com\/blog\/wp-content\/uploads\/2019\/09\/elbosque.jpg\" alt=\"\" class=\"wp-image-5972\" srcset=\"https:\/\/www.centraldevacaciones.com\/blog\/wp-content\/uploads\/2019\/09\/elbosque.jpg 960w, https:\/\/www.centraldevacaciones.com\/blog\/wp-content\/uploads\/2019\/09\/elbosque-300x200.jpg 300w, https:\/\/www.centraldevacaciones.com\/blog\/wp-content\/uploads\/2019\/09\/elbosque-768x512.jpg 768w\" sizes=\"(max-width: 960px) 100vw, 960px\" \/><\/figure>\n\n\n\n<h2 class=\"wp-block-heading\"><strong>Ubrique<\/strong><\/h2>\n\n\n\n<p>Vigilada por una inmensa roca que concede\nla sombra que sus habitantes necesitan durante los meses m\u00e1s calurosos, Ubrique\nse alza como otra parada en la ruta de los pueblos blancos de C\u00e1diz. Uno de sus\nprincipales atractivos est\u00e1 muy ligado al modus vivendi de sus habitantes, ya\nque te recomendamos entrar en la <strong>f\u00e1brica de art\u00edculos de piel<\/strong>, una buena\noportunidad para llevarte un <em>souvenir<\/em> contigo. Adem\u00e1s, puedes visitar la\nciudad romana de Ocuri y el castillo de F\u00e1tima. <\/p>\n\n\n\n<h2 class=\"wp-block-heading\"><strong>Benaocaz<\/strong><\/h2>\n\n\n\n<p>\n\n\n\n\n\n\n\n\n\n\n\n\n\n\n\n\nSiguiendo la calzada romana que ha unido los pueblos de la zona durante\nsiglos, encontramos este peque\u00f1o pero entra\u00f1able pueblo con su propio <strong>barrio\nhist\u00f3rico, de origen medieval<\/strong>. Sube hasta el castillo de Aznalmara, hoy en\nruinas. Si quieres disfrutar de unas vistas absolutamente asombrosas de este\nentorno, sube a la ermita de El Calvario para que tu visita sea redonda. \n\n\n\n<\/p>\n\n\n\n<figure class=\"wp-block-image\"><img loading=\"lazy\" decoding=\"async\" width=\"1024\" height=\"768\" src=\"https:\/\/www.centraldevacaciones.com\/blog\/wp-content\/uploads\/2019\/09\/Benaocaz-1024x768.jpg\" alt=\"\" class=\"wp-image-5973\" srcset=\"https:\/\/www.centraldevacaciones.com\/blog\/wp-content\/uploads\/2019\/09\/Benaocaz-1024x768.jpg 1024w, https:\/\/www.centraldevacaciones.com\/blog\/wp-content\/uploads\/2019\/09\/Benaocaz-300x225.jpg 300w, https:\/\/www.centraldevacaciones.com\/blog\/wp-content\/uploads\/2019\/09\/Benaocaz-768x576.jpg 768w\" sizes=\"(max-width: 1024px) 100vw, 1024px\" \/><\/figure>\n\n\n\n<h2 class=\"wp-block-heading\"><strong>Villaluenga del Rosario<\/strong><\/h2>\n\n\n\n<p>Los pueblos blancos llegan a su m\u00e1xima\nexpresi\u00f3n en esta poblaci\u00f3n gaditana. El paisaje rural que la rodea, sus <strong>cuevas\ny simias de origen k\u00e1rstico<\/strong> y la calma que aqu\u00ed se respira hacen de este\nlugar el punto perfecto para emprender una ruta senderista. Adem\u00e1s, puedes\nvisitar el Museo del Queso, donde tendr\u00e1s la oportunidad de degustar alguna de\nsus variedades locales. <\/p>\n\n\n\n<h2 class=\"wp-block-heading\"><strong>Grazalema<\/strong><\/h2>\n\n\n\n<p>Las parras suben de forma natural por\nlas blancas paredes de esta localidad de C\u00e1diz. Las calles adoquinadas te\nllevar\u00e1n <strong>por plazas llenas de terrazas donde tapear a gusto<\/strong>, como la\nplaza del Ayuntamiento, y visitar la iglesia que se alza por encima de los\ntejados de las casas. Emprende una peque\u00f1a caminata para conocer puntos\nnaturales como el Salto del Cabrero y el Puerto del Boyar si est\u00e1s realizando\neste viaje con total calma y tranquilidad. <\/p>\n\n\n\n<figure class=\"wp-block-image\"><img loading=\"lazy\" decoding=\"async\" width=\"1024\" height=\"683\" src=\"https:\/\/www.centraldevacaciones.com\/blog\/wp-content\/uploads\/2019\/09\/grazalema-1024x683.jpg\" alt=\"\" class=\"wp-image-5974\" srcset=\"https:\/\/www.centraldevacaciones.com\/blog\/wp-content\/uploads\/2019\/09\/grazalema-1024x683.jpg 1024w, https:\/\/www.centraldevacaciones.com\/blog\/wp-content\/uploads\/2019\/09\/grazalema-300x200.jpg 300w, https:\/\/www.centraldevacaciones.com\/blog\/wp-content\/uploads\/2019\/09\/grazalema-768x512.jpg 768w\" sizes=\"(max-width: 1024px) 100vw, 1024px\" \/><figcaption>SONY DSC<\/figcaption><\/figure>\n\n\n\n<h2 class=\"wp-block-heading\"><strong>Benamahoma<\/strong><\/h2>\n\n\n\n<p>Uno de los pueblos blancos m\u00e1s peque\u00f1os\nes este, que de hecho es una pedan\u00eda de Grazalema. Est\u00e1 situado en la ladera de\nla sierra y vale la pena hacer una parada aqu\u00ed por su gran belleza. Visita la fuente\ndel Nacimiento, un peque\u00f1o rinc\u00f3n natural donde nace el r\u00edo Majaceite. <\/p>\n\n\n\n<h2 class=\"wp-block-heading\">Zahara de la Sierra<\/h2>\n\n\n\n<p>Llegamos a la \u00faltima\nparada de la ruta de los pueblos blancos de C\u00e1diz, situada en el coraz\u00f3n del\nParque Natural Sierra de Grazalema. Visita el Conjunto Hist\u00f3rico-Art\u00edstico, que\ncomprende el <strong>poblado nazar\u00ed<\/strong>. Aqu\u00ed podr\u00e1s visitar la torre del homenaje,\nla torre del \u00e1bside y la antigua puerta a la villa. Desde estos puntos tendr\u00e1s\nunas estupendas vistas del entorno, y en especial del embalse del municipio.\nEncuentra sus m\u00faltiples miradores, repartidos por la sierra para sierra y\ndescansa mientras degustas unos ga\u00f1otes. Si te gustan los deportes de agua,\nesta es una buena oportunidad para hacer kayak. <\/p>\n\n\n\n<figure class=\"wp-block-image\"><img loading=\"lazy\" decoding=\"async\" width=\"1024\" height=\"768\" src=\"https:\/\/www.centraldevacaciones.com\/blog\/wp-content\/uploads\/2019\/09\/zaharadelasierra-1024x768.jpg\" alt=\"\" class=\"wp-image-5975\" srcset=\"https:\/\/www.centraldevacaciones.com\/blog\/wp-content\/uploads\/2019\/09\/zaharadelasierra-1024x768.jpg 1024w, https:\/\/www.centraldevacaciones.com\/blog\/wp-content\/uploads\/2019\/09\/zaharadelasierra-300x225.jpg 300w, https:\/\/www.centraldevacaciones.com\/blog\/wp-content\/uploads\/2019\/09\/zaharadelasierra-768x576.jpg 768w, https:\/\/www.centraldevacaciones.com\/blog\/wp-content\/uploads\/2019\/09\/zaharadelasierra.jpg 2048w\" sizes=\"(max-width: 1024px) 100vw, 1024px\" \/><figcaption>OLYMPUS DIGITAL CAMERA<\/figcaption><\/figure>\n\n\n\n<p>\u00bfTe ha gustado esta ruta por los pueblos blancos? Entonces no te pierdas los <a href=\"https:\/\/www.centraldevacaciones.com\/viajes\/\"><strong>paquetes de viaje<\/strong><\/a> a la preciosa provincia de C\u00e1diz, un destino que podr\u00e1s conocer gracias a las mejores ofertas que encontrar\u00e1s online. Adem\u00e1s, en Centraldevacaciones.com encontrar\u00e1s los mejores <a href=\"https:\/\/www.centraldevacaciones.com\/blog\/costa-de-la-luz\/\"><strong>hoteles en la Costa de la Luz<\/strong><\/a> para disfrutar de las playas m\u00e1s bonitas de la zona. Y no lo olvides, si tienes alguna duda o quieres sugerirnos alguna actividad o rinc\u00f3n para ver durante esta ruta, no dudes en comentarlo. <\/p>\n","protected":false},"excerpt":{"rendered":"<p>Tanto si la haces en uno o varios d\u00edas, en coche, a pie o en bici, las posibilidades que ofrece la ruta de los pueblos blancos de C\u00e1diz son muchas y aptas para viajeros de todas las edades y cualquier tipo de bolsillo. Descubre los paisajes m\u00e1s asombrosos, una arquitectura tradicional a la vez que [&hellip;]<\/p>\n","protected":false},"author":3,"featured_media":5972,"comment_status":"closed","ping_status":"open","sticky":false,"template":"","format":"standard","meta":{"_acf_changed":false,"footnotes":""},"categories":[4,200,195,17],"tags":[],"class_list":["post-5966","post","type-post","status-publish","format-standard","has-post-thumbnail","hentry","category-espana","category-rutas-por-espana","category-rutas-por-europa","category-viajes-por-europa"],"acf":[],"_links":{"self":[{"href":"https:\/\/www.centraldevacaciones.com\/blog\/wp-json\/wp\/v2\/posts\/5966","targetHints":{"allow":["GET"]}}],"collection":[{"href":"https:\/\/www.centraldevacaciones.com\/blog\/wp-json\/wp\/v2\/posts"}],"about":[{"href":"https:\/\/www.centraldevacaciones.com\/blog\/wp-json\/wp\/v2\/types\/post"}],"author":[{"embeddable":true,"href":"https:\/\/www.centraldevacaciones.com\/blog\/wp-json\/wp\/v2\/users\/3"}],"replies":[{"embeddable":true,"href":"https:\/\/www.centraldevacaciones.com\/blog\/wp-json\/wp\/v2\/comments?post=5966"}],"version-history":[{"count":0,"href":"https:\/\/www.centraldevacaciones.com\/blog\/wp-json\/wp\/v2\/posts\/5966\/revisions"}],"wp:featuredmedia":[{"embeddable":true,"href":"https:\/\/www.centraldevacaciones.com\/blog\/wp-json\/wp\/v2\/media\/5972"}],"wp:attachment":[{"href":"https:\/\/www.centraldevacaciones.com\/blog\/wp-json\/wp\/v2\/media?parent=5966"}],"wp:term":[{"taxonomy":"category","embeddable":true,"href":"https:\/\/www.centraldevacaciones.com\/blog\/wp-json\/wp\/v2\/categories?post=5966"},{"taxonomy":"post_tag","embeddable":true,"href":"https:\/\/www.centraldevacaciones.com\/blog\/wp-json\/wp\/v2\/tags?post=5966"}],"curies":[{"name":"wp","href":"https:\/\/api.w.org\/{rel}","templated":true}]}}