{"id":5947,"date":"2019-09-06T13:21:13","date_gmt":"2019-09-06T11:21:13","guid":{"rendered":"https:\/\/www.centraldevacaciones.com\/blog\/?p=5947"},"modified":"2019-12-09T17:23:06","modified_gmt":"2019-12-09T16:23:06","slug":"los-pueblos-de-la-ruta-del-quijote-descubrelos","status":"publish","type":"post","link":"https:\/\/www.centraldevacaciones.com\/blog\/los-pueblos-de-la-ruta-del-quijote-descubrelos\/","title":{"rendered":"Los pueblos de la ruta del Quijote: \u00a1Desc\u00fabrelos!"},"content":{"rendered":"<p>En un lugar de La Mancha, de cuyo nombre no quer\u00eda acordarse el narrador an\u00f3nimo del libro m\u00e1s internacional de Espa\u00f1a, se encuentran los escenarios de la novela m\u00e1s conocida de Miguel de Cervantes. Pese no saber a ciencia cierta d\u00f3nde estaba el pueblo al que se refiere la primera frase de <em>El ingenioso hidalgo don Quijote de la Mancha<\/em>, gran parte de sus escenarios se encuentran en esta comunidad aut\u00f3noma. As\u00ed, si eres un\/a apasionado\/a de la literatura, te has planteado hacer <strong>turismo en Castilla-La Mancha<\/strong> y quieres revivir los episodios m\u00e1s c\u00e9lebres de este hidalgo y su fiel compa\u00f1ero Sancho Panza, no puedes perderte <strong>los pueblos de la ruta del Quijote<\/strong>, toda una experiencia de aproximadamente tres d\u00edas que te transportar\u00e1 a esa \u00e9poca y te acercar\u00e1 a esta obra tan universal.<\/p>\n\n\n<figure class=\"wp-block-image\"><img fetchpriority=\"high\" decoding=\"async\" width=\"960\" height=\"672\" src=\"https:\/\/www.centraldevacaciones.com\/blog\/wp-content\/uploads\/2019\/09\/QUIJOTE1.png\" alt=\"\" class=\"wp-image-5949\" srcset=\"https:\/\/www.centraldevacaciones.com\/blog\/wp-content\/uploads\/2019\/09\/QUIJOTE1.png 960w, https:\/\/www.centraldevacaciones.com\/blog\/wp-content\/uploads\/2019\/09\/QUIJOTE1-300x210.png 300w, https:\/\/www.centraldevacaciones.com\/blog\/wp-content\/uploads\/2019\/09\/QUIJOTE1-768x538.png 768w\" sizes=\"(max-width: 960px) 100vw, 960px\" \/><\/figure>\n\n\n\n<h2 class=\"wp-block-heading\"><strong>Argamasilla de Alba<\/strong><\/h2>\n\n\n\n<p>Los pueblos de la\nruta del Quijote tienen un competidor complicado, y es que Argamasilla de Alba\nes el municipio que se otorga el t\u00edtulo del \u201clugar de La Mancha\u201d, tal y como\nindica el cartel que se encuentra en su entrada. \u00bfPor qu\u00e9? Pues porque, como\nseguramente sabes si eres un\/a fan\u00e1tico\/a de la obra, Cervantes estuvo presuntamente\npreso aqu\u00ed cuando escribi\u00f3 la novela. En concreto, se trata de la <strong>cueva del\nMedrano<\/strong>, catalogada como Bien de Inter\u00e9s Cultural. Pese a que no existen\ndocumentos escritos que avalen esta teor\u00eda, se cuenta que el autor se inspir\u00f3\nen los habitantes de este peque\u00f1o pueblo durante los cuatro meses que dur\u00f3 su\ncautiverio. Entre ellos, se encontraba don Rodrigo de Pacheco, un hidalgo medio\nloco del que dicen que sirvi\u00f3 como inspiraci\u00f3n para el protagonista de la obra.\nEn la <strong>Iglesia de San Juan Bautista<\/strong>, encontramos en <em>La capilla de la\nCasa Pacheco, <\/em>un cuadro que don\u00f3 el hidalgo solamente cuatro a\u00f1os antes de\nla publicaci\u00f3n de la novela y en el que \u00e9l mismo aparece pintado. El pie del\ncuadro nos desvela la enfermedad mental del donante, que coincide con la de don\nQuijote. <\/p>\n\n\n\n<p>Durante la visita, provecha\npara visitar el castillo de Pe\u00f1arroya o el <strong>monumento a Avellaneda<\/strong>. Este\nreproduce las palabras escritas por el autor del <em>falso Quijote<\/em>, publicado\npoco antes que la segunda parte del libro de Cervantes, y que mencionaba este\npueblo como hogar de don Quijote.<\/p>\n\n\n\n<figure class=\"wp-block-image\"><img decoding=\"async\" width=\"1024\" height=\"768\" src=\"https:\/\/www.centraldevacaciones.com\/blog\/wp-content\/uploads\/2019\/09\/argamasilla-1024x768.jpg\" alt=\"\" class=\"wp-image-5951\" srcset=\"https:\/\/www.centraldevacaciones.com\/blog\/wp-content\/uploads\/2019\/09\/argamasilla-1024x768.jpg 1024w, https:\/\/www.centraldevacaciones.com\/blog\/wp-content\/uploads\/2019\/09\/argamasilla-300x225.jpg 300w, https:\/\/www.centraldevacaciones.com\/blog\/wp-content\/uploads\/2019\/09\/argamasilla-768x576.jpg 768w\" sizes=\"(max-width: 1024px) 100vw, 1024px\" \/><\/figure>\n\n\n\n<h2 class=\"wp-block-heading\"><strong>Puerto L\u00e1pice<\/strong><\/h2>\n\n\n\n<p style=\"text-align: justify;\">Adentr\u00e1ndonos en La Mancha m\u00e1s \u00e1rida, encontramos este punto por el que nuestro hidalgo pas\u00f3 varias veces durante sus aventuras. <strong>A\u00fan se conservan plazas de la \u00e9poca y algunas ventas<\/strong>, por lo que es una t\u00edpica parada para imaginarnos c\u00f3mo deb\u00eda ser la vida campesina durante esos a\u00f1os, adem\u00e1s de probar algunos manjares t\u00edpicos de la zona, como el queso manchego, los duelos y quebrantos o el membrillo.<\/p>\n\n\n\n<ul class=\"wp-block-gallery columns-1 is-cropped wp-block-gallery-1 is-layout-flex wp-block-gallery-is-layout-flex\"><li class=\"blocks-gallery-item\"><figure><img decoding=\"async\" width=\"1024\" height=\"768\" src=\"https:\/\/www.centraldevacaciones.com\/blog\/wp-content\/uploads\/2019\/09\/puertolapice-1024x768.jpg\" alt=\"\" data-id=\"5952\" data-link=\"https:\/\/www.centraldevacaciones.com\/blog\/?attachment_id=5952\" class=\"wp-image-5952\" srcset=\"https:\/\/www.centraldevacaciones.com\/blog\/wp-content\/uploads\/2019\/09\/puertolapice-1024x768.jpg 1024w, https:\/\/www.centraldevacaciones.com\/blog\/wp-content\/uploads\/2019\/09\/puertolapice-300x225.jpg 300w, https:\/\/www.centraldevacaciones.com\/blog\/wp-content\/uploads\/2019\/09\/puertolapice-768x576.jpg 768w, https:\/\/www.centraldevacaciones.com\/blog\/wp-content\/uploads\/2019\/09\/puertolapice.jpg 1280w\" sizes=\"(max-width: 1024px) 100vw, 1024px\" \/><\/figure><\/li><\/ul>\n\n\n\n<h2 class=\"wp-block-heading\"><strong>Daimiel<\/strong><\/h2>\n\n\n\n<p style=\"text-align: justify;\">Este pueblo de la ruta del Quijote es conocido por el parque natural que se encuentra en sus inmediaciones:&nbsp; las <strong>Tablas de Daimiel<\/strong>. Adem\u00e1s de poder observar la rica flora y fauna del humedal, compuesta por carrizales y por un gran n\u00famero de aves, debes saber que por esta poblaci\u00f3n y su parque pasaron don Quijote y Sancho en su segunda aventura. De hecho, se dice que La Venta de Borondo, a pocos kil\u00f3metros del n\u00facleo urbano, sirvi\u00f3 a Cervantes como modelo de las que describi\u00f3 en su novela.<\/p>\n\n\n\n<figure class=\"wp-block-image\"><img loading=\"lazy\" decoding=\"async\" width=\"1024\" height=\"683\" src=\"https:\/\/www.centraldevacaciones.com\/blog\/wp-content\/uploads\/2019\/09\/daimiel-1024x683.jpg\" alt=\"\" class=\"wp-image-5953\" srcset=\"https:\/\/www.centraldevacaciones.com\/blog\/wp-content\/uploads\/2019\/09\/daimiel-1024x683.jpg 1024w, https:\/\/www.centraldevacaciones.com\/blog\/wp-content\/uploads\/2019\/09\/daimiel-300x200.jpg 300w, https:\/\/www.centraldevacaciones.com\/blog\/wp-content\/uploads\/2019\/09\/daimiel-768x512.jpg 768w, https:\/\/www.centraldevacaciones.com\/blog\/wp-content\/uploads\/2019\/09\/daimiel.jpg 1920w\" sizes=\"(max-width: 1024px) 100vw, 1024px\" \/><\/figure>\n\n\n\n<h2 class=\"wp-block-heading\"><strong>Almagro<\/strong><\/h2>\n\n\n\n<p style=\"text-align: justify;\">Llegamos a una localidad con el patrimonio m\u00e1s interesante de esta ruta. El Conjunto Hist\u00f3rico Art\u00edstico de Almagro se encuentra en la plaza Mayor, una t\u00edpica plaza castellana en la que se encuentra el famoso <strong>Corral de las Comedias<\/strong>, donde se representaban funciones durante el Siglo de Oro y que se mantiene intacto con su estructura del siglo XVII. Otro punto hist\u00f3rico es el Palacio Maestral, que fecha del siglo XVI y que hoy en d\u00eda alberga el Museo Nacional del Teatro. Reserva un tiempo para dar un paseo por el casco antiguo de Almagro, repleto de rincones de lo m\u00e1s pintorescos.<\/p>\n<p style=\"text-align: justify;\">Este pueblo forma parte del recorrido de la segunda salida de don Quijote, y se cree que por las inmediaciones tuvo lugar el robo del yelmo de Mambrino.<\/p>\n\n\n\n<ul class=\"wp-block-gallery columns-1 is-cropped wp-block-gallery-2 is-layout-flex wp-block-gallery-is-layout-flex\"><li class=\"blocks-gallery-item\"><figure><img loading=\"lazy\" decoding=\"async\" width=\"1024\" height=\"641\" src=\"https:\/\/www.centraldevacaciones.com\/blog\/wp-content\/uploads\/2019\/09\/almagro-1024x641.jpg\" alt=\"\" data-id=\"5954\" data-link=\"https:\/\/www.centraldevacaciones.com\/blog\/?attachment_id=5954\" class=\"wp-image-5954\" srcset=\"https:\/\/www.centraldevacaciones.com\/blog\/wp-content\/uploads\/2019\/09\/almagro.jpg 1024w, https:\/\/www.centraldevacaciones.com\/blog\/wp-content\/uploads\/2019\/09\/almagro-300x188.jpg 300w, https:\/\/www.centraldevacaciones.com\/blog\/wp-content\/uploads\/2019\/09\/almagro-768x481.jpg 768w\" sizes=\"(max-width: 1024px) 100vw, 1024px\" \/><\/figure><\/li><\/ul>\n\n\n\n<h2 class=\"wp-block-heading\"><strong>Valdepe\u00f1as <\/strong><\/h2>\n\n\n\n<p style=\"text-align: justify;\">Capital indiscutible del vino, ya que incluso cuenta con su propia <strong>Denominaci\u00f3n de Origen<\/strong>, esta es una parada obligatoria para los aficionados a la enolog\u00eda y aquellos que est\u00e9n buscando los mejores <a href=\"https:\/\/www.centraldevacaciones.com\/viajes\/\"><strong>paquetes vacacionales<\/strong><\/a>. Pero, adem\u00e1s, representa una oportunidad para recorrer la historia arquitect\u00f3nica de Espa\u00f1a en un solo sitio. Empecemos por la Iglesia de la Asunci\u00f3n, una construcci\u00f3n del siglo XV declarada Bien de Inter\u00e9s Cultural. Seguimos por la plaza de Espa\u00f1a, centro neur\u00e1lgico de la localidad y que conserva el mismo aspecto que el que ten\u00eda a finales del siglo XVIII. Adem\u00e1s, en esta poblaci\u00f3n encontrar\u00e1s un gran n\u00famero de casas de estilo modernista que te acercar\u00e1n a las vanguardias del silgo XX. \u00bfY por qu\u00e9 se encuentra entre los pueblos de la ruta del Quijote? Pues porque entre este pueblo y Almuradiel se cree que tuvo lugar la batalla de ovejas y carneros relatada en la novela.<\/p>\n\n\n\n<ul class=\"wp-block-gallery columns-1 is-cropped wp-block-gallery-3 is-layout-flex wp-block-gallery-is-layout-flex\"><li class=\"blocks-gallery-item\"><figure><img loading=\"lazy\" decoding=\"async\" width=\"1024\" height=\"768\" src=\"https:\/\/www.centraldevacaciones.com\/blog\/wp-content\/uploads\/2019\/09\/valdepe\u00f1as-1024x768.jpg\" alt=\"\" data-id=\"5955\" data-link=\"https:\/\/www.centraldevacaciones.com\/blog\/?attachment_id=5955\" class=\"wp-image-5955\" srcset=\"https:\/\/www.centraldevacaciones.com\/blog\/wp-content\/uploads\/2019\/09\/valdepe\u00f1as-1024x768.jpg 1024w, https:\/\/www.centraldevacaciones.com\/blog\/wp-content\/uploads\/2019\/09\/valdepe\u00f1as-300x225.jpg 300w, https:\/\/www.centraldevacaciones.com\/blog\/wp-content\/uploads\/2019\/09\/valdepe\u00f1as-768x576.jpg 768w, https:\/\/www.centraldevacaciones.com\/blog\/wp-content\/uploads\/2019\/09\/valdepe\u00f1as.jpg 2048w\" sizes=\"(max-width: 1024px) 100vw, 1024px\" \/><\/figure><\/li><\/ul>\n\n\n\n<h2 class=\"wp-block-heading\"><strong>Sierra Morena<\/strong><\/h2>\n\n\n\n<p style=\"text-align: justify;\">Al sur de La Mancha, limitando con la vecina Andaluc\u00eda, encontramos esta sierra en la que don Quijote se ocult\u00f3 e hizo penitencia. Descubre por qu\u00e9 eligi\u00f3 este lugar recorriendo su cordillera, conociendo el <strong>castillo de Calatrava<\/strong> y el pueblo de San Lorenzo de Calatrava, desde el que tendr\u00e1s una estupenda panor\u00e1mica de la zona.<\/p>\n\n\n\n<figure class=\"wp-block-image\"><img loading=\"lazy\" decoding=\"async\" width=\"1024\" height=\"768\" src=\"https:\/\/www.centraldevacaciones.com\/blog\/wp-content\/uploads\/2019\/09\/calatrava-1024x768.jpg\" alt=\"\" class=\"wp-image-5956\" srcset=\"https:\/\/www.centraldevacaciones.com\/blog\/wp-content\/uploads\/2019\/09\/calatrava-1024x768.jpg 1024w, https:\/\/www.centraldevacaciones.com\/blog\/wp-content\/uploads\/2019\/09\/calatrava-300x225.jpg 300w, https:\/\/www.centraldevacaciones.com\/blog\/wp-content\/uploads\/2019\/09\/calatrava-768x576.jpg 768w\" sizes=\"(max-width: 1024px) 100vw, 1024px\" \/><\/figure>\n\n\n\n<h2 class=\"wp-block-heading\"><strong>Villanueva de los Infantes <\/strong><\/h2>\n\n\n\n<p style=\"text-align: justify;\">La \u00faltima parada de su segunda salida fue este pueblecito con gran encanto, y puede que por ello este es otro de los candidatos a ser ese \u201clugar de la Mancha de cuyo nombre no quiero acodarme\u201d. Adem\u00e1s de esto, algunos investigadores sit\u00faan el hogar del hidalgo en este punto por ser el centro cultural y pol\u00edtico de Campo de Montiel. Sea como fuere, este se considera <strong>uno de los pueblos de la ruta del Quijote m\u00e1s bellos<\/strong>. Aqu\u00ed tambi\u00e9n se encuentra la casona Caballero del Verde Gab\u00e1n, nombrado varias veces en el libro. Su plaza mayor sigue conservando el aspecto que ten\u00eda en el siglo XVI, y aqu\u00ed encontrar\u00e1s distintas esculturas que representan los principales personajes de la novela.<\/p>\n<p style=\"text-align: justify;\">No hay duda de que esta es una poblaci\u00f3n muy ligada por la literatura ya que Francisco de Quevedo pas\u00f3 sus \u00faltimos d\u00edas en el convento de Santo Domingo.<\/p>\n\n\n\n<figure class=\"wp-block-image\"><img loading=\"lazy\" decoding=\"async\" width=\"1024\" height=\"768\" src=\"https:\/\/www.centraldevacaciones.com\/blog\/wp-content\/uploads\/2019\/09\/villanueva-1024x768.jpg\" alt=\"\" class=\"wp-image-5957\" srcset=\"https:\/\/www.centraldevacaciones.com\/blog\/wp-content\/uploads\/2019\/09\/villanueva-1024x768.jpg 1024w, https:\/\/www.centraldevacaciones.com\/blog\/wp-content\/uploads\/2019\/09\/villanueva-300x225.jpg 300w, https:\/\/www.centraldevacaciones.com\/blog\/wp-content\/uploads\/2019\/09\/villanueva-768x576.jpg 768w\" sizes=\"(max-width: 1024px) 100vw, 1024px\" \/><\/figure>\n\n\n\n<h2 class=\"wp-block-heading\"><strong>Tomelloso<\/strong><\/h2>\n\n\n\n<p style=\"text-align: justify;\">En el viaje de ida y vuelta que conforma la tercera salida de don Quijote para enfrentarse a su archienemigo, el caballero de la Blanca Luna, este pas\u00f3 por Tomelloso. Adem\u00e1s de la incre\u00edble arquitectura de su plaza central y la posada de los Portales, uno de sus principales atractivos son las 4.000 <strong>cuevas que se encuentran en el subsuelo<\/strong>. Se trata de aperturas creadas para almacenamiento de vino, por lo que en muchas de ellas a\u00fan se pueden ver las tinajas de barro en las que se conservaba este brebaje. Adem\u00e1s, no te puedes olvidar de dar una vuelta por su campo, donde encontrar\u00e1s los <strong>bombos<\/strong>, construcciones circulares que funcionaban como caseta para los trabajadores del campo.<\/p>\n\n\n\n<figure class=\"wp-block-image\"><img loading=\"lazy\" decoding=\"async\" width=\"1024\" height=\"712\" src=\"https:\/\/www.centraldevacaciones.com\/blog\/wp-content\/uploads\/2019\/09\/tomelloso-1024x712.jpg\" alt=\"\" class=\"wp-image-5958\" srcset=\"https:\/\/www.centraldevacaciones.com\/blog\/wp-content\/uploads\/2019\/09\/tomelloso-1024x712.jpg 1024w, https:\/\/www.centraldevacaciones.com\/blog\/wp-content\/uploads\/2019\/09\/tomelloso-300x208.jpg 300w, https:\/\/www.centraldevacaciones.com\/blog\/wp-content\/uploads\/2019\/09\/tomelloso-768x534.jpg 768w, https:\/\/www.centraldevacaciones.com\/blog\/wp-content\/uploads\/2019\/09\/tomelloso.jpg 2042w\" sizes=\"(max-width: 1024px) 100vw, 1024px\" \/><\/figure>\n\n\n\n<h2 class=\"wp-block-heading\"><strong>Alc\u00e1zar de San Juan<\/strong><\/h2>\n\n\n\n<p style=\"text-align: justify;\">Se sabe que aqu\u00ed vivi\u00f3 la familia Cervantes durante el siglo XVI, por lo que es muy probable que el autor naciera aqu\u00ed, aunque la versi\u00f3n oficial dice que naci\u00f3 en Alcal\u00e1 de Henares. La prueba que sustenta esta afirmaci\u00f3n es una partida de bautismo que se encuentra en la iglesia de Santa Mar\u00eda la Mayor, donde tambi\u00e9n est\u00e1 la pila bautismal donde supuestamente fue bautizado. Especulaciones aparte, aqu\u00ed te puedes adentrar en el mundo quijotesco con una visita al <strong>museo del Hidalgo<\/strong>, donde conocer\u00e1s la importancia que tuvo esta figura manchega durante la \u00e9poca en la que vivi\u00f3 el autor y que tanto le inspir\u00f3.&nbsp; \u00bfQu\u00e9 m\u00e1s ver en Alc\u00e1zar de San Juan? Adem\u00e1s de las numerosas referencias al autor del Quijote, incluyendo una fonda que recrea toda la historia en unos hermosos azulejos de 1870, tambi\u00e9n encontrar\u00e1s unos bonitos molinos de viento que bien podr\u00edan haber sido aquellos que nuestro protagonista confundi\u00f3 con gigantes.<\/p>\n\n\n\n<figure class=\"wp-block-image\"><img loading=\"lazy\" decoding=\"async\" width=\"1024\" height=\"768\" src=\"https:\/\/www.centraldevacaciones.com\/blog\/wp-content\/uploads\/2019\/09\/alcazardesanjuan-1024x768.jpg\" alt=\"\" class=\"wp-image-5959\" srcset=\"https:\/\/www.centraldevacaciones.com\/blog\/wp-content\/uploads\/2019\/09\/alcazardesanjuan-1024x768.jpg 1024w, https:\/\/www.centraldevacaciones.com\/blog\/wp-content\/uploads\/2019\/09\/alcazardesanjuan-300x225.jpg 300w, https:\/\/www.centraldevacaciones.com\/blog\/wp-content\/uploads\/2019\/09\/alcazardesanjuan-768x576.jpg 768w, https:\/\/www.centraldevacaciones.com\/blog\/wp-content\/uploads\/2019\/09\/alcazardesanjuan.jpg 2048w\" sizes=\"(max-width: 1024px) 100vw, 1024px\" \/><\/figure>\n\n\n\n<h2 class=\"wp-block-heading\"><strong>Campo de Criptana<\/strong><\/h2>\n\n\n\n<p style=\"text-align: justify;\">Y si de molinos hablamos, no podemos irnos sin mencionar Campo de Criptana, uno de los pueblos de la ruta del Quijote m\u00e1s fotografiados, y no es para menos, ya que es conocido popularmente por ser el famoso <strong>sitio donde el hidalgo se enfrenta a estos supuestos gigantes<\/strong>, que datan del siglo XVI. Este pueblo tambi\u00e9n tiene un bonito casco hist\u00f3rico, en el que encontrar\u00e1s el edificio del P\u00f3sito, que hace siglos funcion\u00f3 como banco agr\u00edcola, o la Casa de la Tercia, donde la Orden de Santiago recaudaba sus impuestos.<\/p>\n\n\n\n<figure class=\"wp-block-image\"><img loading=\"lazy\" decoding=\"async\" width=\"1024\" height=\"575\" src=\"https:\/\/www.centraldevacaciones.com\/blog\/wp-content\/uploads\/2019\/09\/molinos-1024x575.jpg\" alt=\"\" class=\"wp-image-5960\" srcset=\"https:\/\/www.centraldevacaciones.com\/blog\/wp-content\/uploads\/2019\/09\/molinos-1024x575.jpg 1024w, https:\/\/www.centraldevacaciones.com\/blog\/wp-content\/uploads\/2019\/09\/molinos-300x169.jpg 300w, https:\/\/www.centraldevacaciones.com\/blog\/wp-content\/uploads\/2019\/09\/molinos-768x432.jpg 768w, https:\/\/www.centraldevacaciones.com\/blog\/wp-content\/uploads\/2019\/09\/molinos.jpg 1920w\" sizes=\"(max-width: 1024px) 100vw, 1024px\" \/><\/figure>\n\n\n\n<h2 class=\"wp-block-heading\"><strong>El Toboso <\/strong><\/h2>\n\n\n\n<p style=\"text-align: justify;\">Si te suena el nombre de esta poblaci\u00f3n es seguramente porque la amada de don Quijote viv\u00eda en este pueblo. En el cap\u00edtulo n\u00famero nueve de la segunda entrega de la novela, Sancho y el hidalgo recorren sus calles en busca de Dulcinea, un recorrido que podr\u00e1s hacer siguiendo los escritos que encontrar\u00e1s por el camino. Estos te llevar\u00e1n hasta la <strong>casa de Dulcinea<\/strong>, una antigua casa de labranza donde residi\u00f3 Ana Zarco, de la que se dice que estaba enamorado Cervantes. Hoy en d\u00eda se puede visitar para conocer c\u00f3mo se viv\u00eda en la zona durante esta \u00e9poca. Aqu\u00ed tambi\u00e9n se encuentra el Museo Cervantino, en el que encontrar\u00e1s una enorme exposici\u00f3n de ediciones del libro que nos ocupa.<\/p>\n\n\n\n<figure class=\"wp-block-image\"><img loading=\"lazy\" decoding=\"async\" width=\"1024\" height=\"683\" src=\"https:\/\/www.centraldevacaciones.com\/blog\/wp-content\/uploads\/2019\/09\/toboso-1024x683.jpg\" alt=\"\" class=\"wp-image-5961\" srcset=\"https:\/\/www.centraldevacaciones.com\/blog\/wp-content\/uploads\/2019\/09\/toboso-1024x683.jpg 1024w, https:\/\/www.centraldevacaciones.com\/blog\/wp-content\/uploads\/2019\/09\/toboso-300x200.jpg 300w, https:\/\/www.centraldevacaciones.com\/blog\/wp-content\/uploads\/2019\/09\/toboso-768x512.jpg 768w, https:\/\/www.centraldevacaciones.com\/blog\/wp-content\/uploads\/2019\/09\/toboso.jpg 1800w\" sizes=\"(max-width: 1024px) 100vw, 1024px\" \/><\/figure>\n\n\n\n<h2 class=\"wp-block-heading\"><strong>Ossa de Montiel y<\/strong> <strong>Ruidera <\/strong><\/h2>\n\n\n\n<p style=\"text-align: justify;\">En los cap\u00edtulos 22 y 23, Cervantes hace bajar a su protagonista al fondo de una cueva, donde posteriormente se quedar\u00e1 dormido y tendr\u00e1 un sue\u00f1o m\u00e1gico. Pues bien, este lugar es la <strong>cueva de Montesinos<\/strong>, situado en el bonito Parque Natural de las Lagunas Ruidera. La cueva se encuentra a 80 m de profundidad y su gruta puede ser visitada con el acompa\u00f1amiento de un gu\u00eda y con el material y el calzado adecuados. Tambi\u00e9n vale la pena descubrir el resto de los encantos del Parque Natural y dar un paseo por sus bonitas lagunas.<\/p>\n<p style=\"text-align: justify;\">A poca distancia de este espacio se encuentra la poblaci\u00f3n de Ossa de Montiel, donde encontrar\u00e1s el interesante Museo Etnogr\u00e1fico de Ossa de Montiel y la iglesia parroquial de Santa Mar\u00eda Magdalena. Tampoco puedes perderte el <strong>castillo de Rochafrida<\/strong>, situado en el camino del Tovar y de origen musulm\u00e1n. &nbsp;<\/p>\n\n\n\n<figure class=\"wp-block-image\"><img loading=\"lazy\" decoding=\"async\" width=\"1024\" height=\"683\" src=\"https:\/\/www.centraldevacaciones.com\/blog\/wp-content\/uploads\/2019\/09\/ruidera-1024x683.jpg\" alt=\"\" class=\"wp-image-5962\" srcset=\"https:\/\/www.centraldevacaciones.com\/blog\/wp-content\/uploads\/2019\/09\/ruidera-1024x683.jpg 1024w, https:\/\/www.centraldevacaciones.com\/blog\/wp-content\/uploads\/2019\/09\/ruidera-300x200.jpg 300w, https:\/\/www.centraldevacaciones.com\/blog\/wp-content\/uploads\/2019\/09\/ruidera-768x512.jpg 768w, https:\/\/www.centraldevacaciones.com\/blog\/wp-content\/uploads\/2019\/09\/ruidera.jpg 1920w\" sizes=\"(max-width: 1024px) 100vw, 1024px\" \/><\/figure>\n\n\n\n<h2 class=\"wp-block-heading\"><strong>Toledo<\/strong><\/h2>\n\n\n\n<p style=\"text-align: justify;\">No te olvides de visitar la incre\u00edble capital de Castilla-La-Mancha en esta ruta de los pueblos de la ruta del Quijote, ya que esta es la localidad donde se encuentran los manuscritos de Cide Hamete Benengeli, que cuentan la segunda parte de la historia de este hidalgo en la novela. El sitio exacto fue el Alcan\u00e1, el barrio comercial que se encontraba en la actual <strong>plaza de Zocodover<\/strong>. Aqu\u00ed encontrar\u00e1s el Arco de la Sangre, donde hoy en d\u00eda se alza una estatua dedicada al escritor. Otros escenarios en los que se encuentra el Quijote en Toledo son la catedral de Toledo, construida en estilo g\u00f3tico y el sitio donde se encuentra la capilla funeraria del mecenas del escritor, don Bernardo de Sandoval, o la plaza de los Tintes, donde est\u00e1 la casa en la que Cervantes y su esposa vivieron durante una \u00e9poca. Por otro lado, el libro se refiere a la calle de las Tenadillas, centro comercial de gran importancia durante los tiempos de Cervantes y donde a\u00fan se conservan algunas construcciones de la \u00e9poca. &nbsp;Por supuesto, la visita a Toledo tambi\u00e9n pasa por otros lugares de inter\u00e9s que no est\u00e1n ligados a la obra que nos ocupa, como la mezquita del Cristo de la Luz, las sinagogas medievales, <strong>el Alc\u00e1zar o el monasterio de San Juan de los Reyes<\/strong>.<\/p>\n\n\n\n<figure class=\"wp-block-image\"><img loading=\"lazy\" decoding=\"async\" width=\"1024\" height=\"683\" src=\"https:\/\/www.centraldevacaciones.com\/blog\/wp-content\/uploads\/2019\/09\/toledo-1024x683.jpg\" alt=\"\" class=\"wp-image-5963\" srcset=\"https:\/\/www.centraldevacaciones.com\/blog\/wp-content\/uploads\/2019\/09\/toledo-1024x683.jpg 1024w, https:\/\/www.centraldevacaciones.com\/blog\/wp-content\/uploads\/2019\/09\/toledo-300x200.jpg 300w, https:\/\/www.centraldevacaciones.com\/blog\/wp-content\/uploads\/2019\/09\/toledo-768x512.jpg 768w, https:\/\/www.centraldevacaciones.com\/blog\/wp-content\/uploads\/2019\/09\/toledo.jpg 1920w\" sizes=\"(max-width: 1024px) 100vw, 1024px\" \/><\/figure>\n\n\n\n<p style=\"text-align: justify;\">Como ves, recorrer los pueblos de la ruta del Quijote te traer\u00e1 m\u00e1s cerca de la cultura y vida manchega, acerc\u00e1ndote as\u00ed una faceta del pa\u00eds que no es tan conocida. Con Centraldevacaciones.com, encontrar\u00e1s <a href=\"https:\/\/www.centraldevacaciones.com\/ofertas-viajes\/\"><strong>ofertas de circuitos<\/strong><\/a> para viajar por la geograf\u00eda espa\u00f1ola y m\u00e1s all\u00e1, para vivir las experiencias m\u00e1s \u00fanicas en el mundo con viaje m\u00e1s hotel incluidos.<\/p>\n","protected":false},"excerpt":{"rendered":"<p>En un lugar de La Mancha, de cuyo nombre no quer\u00eda acordarse el narrador an\u00f3nimo del libro m\u00e1s internacional de Espa\u00f1a, se encuentran los escenarios de la novela m\u00e1s conocida de Miguel de Cervantes. Pese no saber a ciencia cierta d\u00f3nde estaba el pueblo al que se refiere la primera frase de El ingenioso hidalgo [&hellip;]<\/p>\n","protected":false},"author":3,"featured_media":6407,"comment_status":"closed","ping_status":"open","sticky":false,"template":"","format":"standard","meta":{"_acf_changed":false,"footnotes":""},"categories":[4,200,195,17],"tags":[],"class_list":["post-5947","post","type-post","status-publish","format-standard","has-post-thumbnail","hentry","category-espana","category-rutas-por-espana","category-rutas-por-europa","category-viajes-por-europa"],"acf":[],"_links":{"self":[{"href":"https:\/\/www.centraldevacaciones.com\/blog\/wp-json\/wp\/v2\/posts\/5947","targetHints":{"allow":["GET"]}}],"collection":[{"href":"https:\/\/www.centraldevacaciones.com\/blog\/wp-json\/wp\/v2\/posts"}],"about":[{"href":"https:\/\/www.centraldevacaciones.com\/blog\/wp-json\/wp\/v2\/types\/post"}],"author":[{"embeddable":true,"href":"https:\/\/www.centraldevacaciones.com\/blog\/wp-json\/wp\/v2\/users\/3"}],"replies":[{"embeddable":true,"href":"https:\/\/www.centraldevacaciones.com\/blog\/wp-json\/wp\/v2\/comments?post=5947"}],"version-history":[{"count":0,"href":"https:\/\/www.centraldevacaciones.com\/blog\/wp-json\/wp\/v2\/posts\/5947\/revisions"}],"wp:featuredmedia":[{"embeddable":true,"href":"https:\/\/www.centraldevacaciones.com\/blog\/wp-json\/wp\/v2\/media\/6407"}],"wp:attachment":[{"href":"https:\/\/www.centraldevacaciones.com\/blog\/wp-json\/wp\/v2\/media?parent=5947"}],"wp:term":[{"taxonomy":"category","embeddable":true,"href":"https:\/\/www.centraldevacaciones.com\/blog\/wp-json\/wp\/v2\/categories?post=5947"},{"taxonomy":"post_tag","embeddable":true,"href":"https:\/\/www.centraldevacaciones.com\/blog\/wp-json\/wp\/v2\/tags?post=5947"}],"curies":[{"name":"wp","href":"https:\/\/api.w.org\/{rel}","templated":true}]}}