{"id":557,"date":"2014-04-28T16:01:50","date_gmt":"2014-04-28T14:01:50","guid":{"rendered":"http:\/\/www.centraldevacaciones.com\/opiniones\/?p=557"},"modified":"2021-08-13T16:51:24","modified_gmt":"2021-08-13T14:51:24","slug":"ofertas-benalmadena","status":"publish","type":"post","link":"https:\/\/www.centraldevacaciones.com\/blog\/ofertas-benalmadena\/","title":{"rendered":"Ofertas de Hoteles en la costa de Benalm\u00e1dena"},"content":{"rendered":"\t\t<div data-elementor-type=\"wp-post\" data-elementor-id=\"557\" class=\"elementor elementor-557\" data-elementor-post-type=\"post\">\n\t\t\t\t\t\t<section class=\"elementor-section elementor-top-section elementor-element elementor-element-559ec4d elementor-section-boxed elementor-section-height-default elementor-section-height-default\" data-id=\"559ec4d\" data-element_type=\"section\">\n\t\t\t\t\t\t<div class=\"elementor-container elementor-column-gap-default\">\n\t\t\t\t\t<div class=\"elementor-column elementor-col-100 elementor-top-column elementor-element elementor-element-9047915\" data-id=\"9047915\" data-element_type=\"column\">\n\t\t\t<div class=\"elementor-widget-wrap elementor-element-populated\">\n\t\t\t\t\t\t<div class=\"elementor-element elementor-element-ba8f26f elementor-widget elementor-widget-text-editor\" data-id=\"ba8f26f\" data-element_type=\"widget\" data-widget_type=\"text-editor.default\">\n\t\t\t\t\t\t\t\t\t<p>Benalm\u00e1dena es un municipio de Espa\u00f1a de la provincia de M\u00e1laga, est\u00e1 situado en la Costa del Sol, a una distancia de 22 kil\u00f3metros al suroeste de la capital de la provincia, a la vez forma parte del \u00c1rea metropolitana de M\u00e1laga.<\/p>\t\t\t\t\t\t\t\t<\/div>\n\t\t\t\t<div class=\"elementor-element elementor-element-f74989b elementor-widget elementor-widget-image\" data-id=\"f74989b\" data-element_type=\"widget\" data-widget_type=\"image.default\">\n\t\t\t\t\t\t\t\t\t\t\t\t\t\t\t\t<a href=\"https:\/\/reservaviajes.centraldevacaciones.com\/?tripType=ONLY_HOTEL\">\n\t\t\t\t\t\t\t<img fetchpriority=\"high\" decoding=\"async\" width=\"620\" height=\"380\" src=\"https:\/\/www.centraldevacaciones.com\/blog\/wp-content\/uploads\/2014\/04\/balamadena-3.jpg\" class=\"attachment-large size-large wp-image-15714\" alt=\"\" srcset=\"https:\/\/www.centraldevacaciones.com\/blog\/wp-content\/uploads\/2014\/04\/balamadena-3.jpg 620w, https:\/\/www.centraldevacaciones.com\/blog\/wp-content\/uploads\/2014\/04\/balamadena-3-300x184.jpg 300w\" sizes=\"(max-width: 620px) 100vw, 620px\" \/>\t\t\t\t\t\t\t\t<\/a>\n\t\t\t\t\t\t\t\t\t\t\t\t\t\t\t<\/div>\n\t\t\t\t\t<\/div>\n\t\t<\/div>\n\t\t\t\t\t<\/div>\n\t\t<\/section>\n\t\t\t\t<section class=\"elementor-section elementor-top-section elementor-element elementor-element-1a4d08f5 elementor-section-boxed elementor-section-height-default elementor-section-height-default\" data-id=\"1a4d08f5\" data-element_type=\"section\">\n\t\t\t\t\t\t<div class=\"elementor-container elementor-column-gap-default\">\n\t\t\t\t\t<div class=\"elementor-column elementor-col-100 elementor-top-column elementor-element elementor-element-50ef99aa\" data-id=\"50ef99aa\" data-element_type=\"column\">\n\t\t\t<div class=\"elementor-widget-wrap elementor-element-populated\">\n\t\t\t\t\t\t<div class=\"elementor-element elementor-element-35d53a7d elementor-widget elementor-widget-text-editor\" data-id=\"35d53a7d\" data-element_type=\"widget\" data-widget_type=\"text-editor.default\">\n\t\t\t\t\t\t\t\t\t<p>\u00a0<\/p><p>Adem\u00e1s esta apostado frente a la costa del mas Mediterr\u00e1neo, siendo su principal mercado econ\u00f3mico el hotelero ya que existen un buen n\u00famero de hoteles que prestan ese servicio, encontr\u00e1ndose muchos de ellos con una calidad de 5 estrellas a continuaci\u00f3n mostramos\u00a0las ofertas que estos hoteles nos ofrecen\u00a0para todos aquellos turistas que se disponen a tomar vacaciones y qu\u00e9 mejor que en esta zona tur\u00edstica caracterizada por sus hoteles y bonitas playas.<\/p><ul><li><strong>Hotel THB Torrequebrada<\/strong> este es uno de los hoteles que nos brinda una gran calidad en sus habitaciones equipadas con aire acondicionado todas contando con 350 habitaciones para recibir a sus viajeros estas habitaciones est\u00e1n equipadas con balc\u00f3n con vista a la playa, as\u00ed como tambi\u00e9n equipadas con tv pantallas planas y WI-FI para poder conectarse v\u00eda internet, a la vez tiene su caja fuerte.\u00a0 As\u00ed como tambi\u00e9n consta de una cancha de golf para aquellos aficionados a ese deporte, y para aquellos que gusten del buen futbol el estadio del Club M\u00e1laga est\u00e1 a solo 26 kil\u00f3metros de distancia, es uno de los mejores hoteles en la actualidad y su precio depende el d\u00eda que se queden hospedados.<\/li><\/ul><ul><li><strong>Hotel Alay<\/strong> es una buena alternativa para vacacionar un hotel muy bonito que est\u00e1 en una excelente ubicaci\u00f3n en el centro de la ciudad de Benalm\u00e1dena a unos escasos 100 metros de la playa, est\u00e1 en una zona donde hay muchos locales donde poder pasar la noche animado, as\u00ed como tambi\u00e9n muchos locales comerciales para poder hacer compras, este hotel cuenta con bonitas habitaciones con todas las comodidades que el viajero necesita, as\u00ed como posee una secci\u00f3n para hacerse ba\u00f1os turcos, sala de masajes, siendo una buena opci\u00f3n para visitar.<\/li><\/ul><ul><li><strong>Hotel las Arenas<\/strong> es otra opci\u00f3n muy buena para vacacionar ya que sus habitaciones cuentan con una bonita vista a la playa de Santa Ana, en la parte exterior del hotel hay una piscina con bar, adem\u00e1s de una terraza para poder ir a tomar el sol, dotadas de sombrillas y tumbonas, as\u00ed como tambi\u00e9n posee un campo de golf y sus habitaciones est\u00e1n muy bien equipadas para darle un confortable descanso.<\/li><\/ul><ul><li><strong>Hotel Symbol Los Patos Park<\/strong> este est\u00e1 situado en la zona residencial de Benalm\u00e1dena Costa, teniendo un parque acu\u00e1tico muy entretenido para los viajeros que lo visiten y este consta de una piscina infantil en forma de lago con muchos juegos ah\u00ed acu\u00e1ticos para ni\u00f1os, un Gale\u00f3n pirata con dos toboganes rectos dobles, adem\u00e1s de otro tobog\u00e1n extra grande, como vemos lo mejor del hotel es su parque acu\u00e1tico as\u00ed como tambi\u00e9n no pod\u00edamos olvidarnos de sus habitaciones muy bien equipadas, su restaurante , el \u00e1rea de discoteca excelente para pasar disfrutando una noche en pareja es una buena decisi\u00f3n vacacionar en este hotel.<\/li><\/ul>\t\t\t\t\t\t\t\t<\/div>\n\t\t\t\t\t<\/div>\n\t\t<\/div>\n\t\t\t\t\t<\/div>\n\t\t<\/section>\n\t\t\t\t<section class=\"elementor-section elementor-top-section elementor-element elementor-element-2fc38c21 elementor-section-boxed elementor-section-height-default elementor-section-height-default\" data-id=\"2fc38c21\" data-element_type=\"section\">\n\t\t\t\t\t\t<div class=\"elementor-container elementor-column-gap-default\">\n\t\t\t\t\t<div class=\"elementor-column elementor-col-16 elementor-top-column elementor-element elementor-element-3fdf2927\" data-id=\"3fdf2927\" data-element_type=\"column\">\n\t\t\t<div class=\"elementor-widget-wrap elementor-element-populated\">\n\t\t\t\t\t\t<div class=\"elementor-element elementor-element-141fa5bc elementor-widget elementor-widget-image\" data-id=\"141fa5bc\" data-element_type=\"widget\" data-widget_type=\"image.default\">\n\t\t\t\t\t\t\t\t\t\t\t\t\t\t\t<img decoding=\"async\" width=\"128\" height=\"128\" src=\"https:\/\/www.centraldevacaciones.com\/blog\/wp-content\/uploads\/2020\/09\/espana.png\" class=\"attachment-large size-large wp-image-12730\" alt=\"\" \/>\t\t\t\t\t\t\t\t\t\t\t\t\t\t\t<\/div>\n\t\t\t\t<div class=\"elementor-element elementor-element-14eacf8b elementor-widget elementor-widget-heading\" data-id=\"14eacf8b\" data-element_type=\"widget\" data-widget_type=\"heading.default\">\n\t\t\t\t\t<h3 class=\"elementor-heading-title elementor-size-default\"><a href=\"https:\/\/www.centraldevacaciones.com\/blog\/ofertas-de-vacaciones\/\">Viajes por Espa\u00f1a<\/a><\/h3>\t\t\t\t<\/div>\n\t\t\t\t\t<\/div>\n\t\t<\/div>\n\t\t\t\t<div class=\"elementor-column elementor-col-16 elementor-top-column elementor-element elementor-element-253ebe00\" data-id=\"253ebe00\" data-element_type=\"column\">\n\t\t\t<div class=\"elementor-widget-wrap elementor-element-populated\">\n\t\t\t\t\t\t<div class=\"elementor-element elementor-element-6d8ecf75 elementor-widget elementor-widget-image\" data-id=\"6d8ecf75\" data-element_type=\"widget\" data-widget_type=\"image.default\">\n\t\t\t\t\t\t\t\t\t\t\t\t\t\t\t<img decoding=\"async\" width=\"128\" height=\"128\" src=\"https:\/\/www.centraldevacaciones.com\/blog\/wp-content\/uploads\/2020\/09\/isla.png\" class=\"attachment-large size-large wp-image-12732\" alt=\"\" \/>\t\t\t\t\t\t\t\t\t\t\t\t\t\t\t<\/div>\n\t\t\t\t<div class=\"elementor-element elementor-element-34d2d96a elementor-widget elementor-widget-heading\" data-id=\"34d2d96a\" data-element_type=\"widget\" data-widget_type=\"heading.default\">\n\t\t\t\t\t<h3 class=\"elementor-heading-title elementor-size-default\"><a href=\"https:\/\/www.centraldevacaciones.com\/blog\/vacaciones-mejores-islas-espana\/\">Islas de Espa\u00f1a<\/a><\/h3>\t\t\t\t<\/div>\n\t\t\t\t\t<\/div>\n\t\t<\/div>\n\t\t\t\t<div class=\"elementor-column elementor-col-16 elementor-top-column elementor-element elementor-element-33e56bc4\" data-id=\"33e56bc4\" data-element_type=\"column\">\n\t\t\t<div class=\"elementor-widget-wrap elementor-element-populated\">\n\t\t\t\t\t\t<div class=\"elementor-element elementor-element-53a45f98 elementor-widget elementor-widget-image\" data-id=\"53a45f98\" data-element_type=\"widget\" data-widget_type=\"image.default\">\n\t\t\t\t\t\t\t\t\t\t\t\t\t\t\t<img loading=\"lazy\" decoding=\"async\" width=\"128\" height=\"128\" src=\"https:\/\/www.centraldevacaciones.com\/blog\/wp-content\/uploads\/2021\/05\/avion-1.png\" class=\"attachment-large size-large wp-image-12639\" alt=\"\" \/>\t\t\t\t\t\t\t\t\t\t\t\t\t\t\t<\/div>\n\t\t\t\t<div class=\"elementor-element elementor-element-36a296a8 elementor-widget elementor-widget-heading\" data-id=\"36a296a8\" data-element_type=\"widget\" data-widget_type=\"heading.default\">\n\t\t\t\t\t<h3 class=\"elementor-heading-title elementor-size-default\"><a href=\"https:\/\/www.centraldevacaciones.com\/viajes\/ofertas-a-islas-canarias.html\">Viajes a Canarias<\/a><\/h3>\t\t\t\t<\/div>\n\t\t\t\t\t<\/div>\n\t\t<\/div>\n\t\t\t\t<div class=\"elementor-column elementor-col-16 elementor-top-column elementor-element elementor-element-7c6298b3\" data-id=\"7c6298b3\" data-element_type=\"column\">\n\t\t\t<div class=\"elementor-widget-wrap elementor-element-populated\">\n\t\t\t\t\t\t<div class=\"elementor-element elementor-element-4311bdea elementor-widget elementor-widget-image\" data-id=\"4311bdea\" data-element_type=\"widget\" data-widget_type=\"image.default\">\n\t\t\t\t\t\t\t\t\t\t\t\t\t\t\t<img loading=\"lazy\" decoding=\"async\" width=\"128\" height=\"128\" src=\"https:\/\/www.centraldevacaciones.com\/blog\/wp-content\/uploads\/2020\/09\/sombrilla.png\" class=\"attachment-large size-large wp-image-12733\" alt=\"\" \/>\t\t\t\t\t\t\t\t\t\t\t\t\t\t\t<\/div>\n\t\t\t\t<div class=\"elementor-element elementor-element-48f873d4 elementor-widget elementor-widget-heading\" data-id=\"48f873d4\" data-element_type=\"widget\" data-widget_type=\"heading.default\">\n\t\t\t\t\t<h3 class=\"elementor-heading-title elementor-size-default\"><a href=\"https:\/\/www.centraldevacaciones.com\/viajes\/ofertas-a-lanzarote.html\">Viajes a Lanzarote<\/a><\/h3>\t\t\t\t<\/div>\n\t\t\t\t\t<\/div>\n\t\t<\/div>\n\t\t\t\t<div class=\"elementor-column elementor-col-16 elementor-top-column elementor-element elementor-element-34d7964\" data-id=\"34d7964\" data-element_type=\"column\">\n\t\t\t<div class=\"elementor-widget-wrap elementor-element-populated\">\n\t\t\t\t\t\t<div class=\"elementor-element elementor-element-2c904fcb elementor-widget elementor-widget-image\" data-id=\"2c904fcb\" data-element_type=\"widget\" data-widget_type=\"image.default\">\n\t\t\t\t\t\t\t\t\t\t\t\t\t\t\t<img loading=\"lazy\" decoding=\"async\" width=\"128\" height=\"128\" src=\"https:\/\/www.centraldevacaciones.com\/blog\/wp-content\/uploads\/2020\/09\/avion.png\" class=\"attachment-large size-large wp-image-12734\" alt=\"\" \/>\t\t\t\t\t\t\t\t\t\t\t\t\t\t\t<\/div>\n\t\t\t\t<div class=\"elementor-element elementor-element-66aa1259 elementor-widget elementor-widget-heading\" data-id=\"66aa1259\" data-element_type=\"widget\" data-widget_type=\"heading.default\">\n\t\t\t\t\t<h3 class=\"elementor-heading-title elementor-size-default\"><a href=\"https:\/\/www.centraldevacaciones.com\/viajes\/ofertas-a-islas-baleares.html\">Viajes a las Baleares<\/a><\/h3>\t\t\t\t<\/div>\n\t\t\t\t\t<\/div>\n\t\t<\/div>\n\t\t\t\t<div class=\"elementor-column elementor-col-16 elementor-top-column elementor-element elementor-element-320df11c\" data-id=\"320df11c\" data-element_type=\"column\">\n\t\t\t<div class=\"elementor-widget-wrap elementor-element-populated\">\n\t\t\t\t\t\t<div class=\"elementor-element elementor-element-651ab3ab elementor-widget elementor-widget-image\" data-id=\"651ab3ab\" data-element_type=\"widget\" data-widget_type=\"image.default\">\n\t\t\t\t\t\t\t\t\t\t\t\t\t\t\t<img loading=\"lazy\" decoding=\"async\" width=\"128\" height=\"128\" src=\"https:\/\/www.centraldevacaciones.com\/blog\/wp-content\/uploads\/2021\/05\/dom.png\" class=\"attachment-large size-large wp-image-12635\" alt=\"\" \/>\t\t\t\t\t\t\t\t\t\t\t\t\t\t\t<\/div>\n\t\t\t\t<div class=\"elementor-element elementor-element-776cb06c elementor-widget elementor-widget-heading\" data-id=\"776cb06c\" data-element_type=\"widget\" data-widget_type=\"heading.default\">\n\t\t\t\t\t<h3 class=\"elementor-heading-title elementor-size-default\"><a href=\"https:\/\/www.centraldevacaciones.com\/viajes\/ofertas-a-mallorca.html\">Viajes a Mallorca<\/a><\/h3>\t\t\t\t<\/div>\n\t\t\t\t\t<\/div>\n\t\t<\/div>\n\t\t\t\t\t<\/div>\n\t\t<\/section>\n\t\t\t\t<section class=\"elementor-section elementor-top-section elementor-element elementor-element-10dd73b elementor-section-boxed elementor-section-height-default elementor-section-height-default\" data-id=\"10dd73b\" data-element_type=\"section\">\n\t\t\t\t\t\t<div class=\"elementor-container elementor-column-gap-default\">\n\t\t\t\t\t<div class=\"elementor-column elementor-col-100 elementor-top-column elementor-element elementor-element-d6e34d6\" data-id=\"d6e34d6\" data-element_type=\"column\">\n\t\t\t<div class=\"elementor-widget-wrap elementor-element-populated\">\n\t\t\t\t\t\t<div class=\"elementor-element elementor-element-8120f68 elementor-widget elementor-widget-text-editor\" data-id=\"8120f68\" data-element_type=\"widget\" data-widget_type=\"text-editor.default\">\n\t\t\t\t\t\t\t\t\t<p><span style=\"font-weight: 400;\">\u00a1Disfruta este verano como el que m\u00e1s y haz realidad el sue\u00f1o que muchos otros tienen con Central de Vacaciones! Pasa unos d\u00edas de vacaciones de desconexi\u00f3n en Espa\u00f1a, concretamente en las Islas Canarias sin preocuparte de nada junto a quien m\u00e1s quieres en una estancia premium con los extras que m\u00e1s se adapten a ti. \u00a1Haz ahora tu reserva aprovechando las ofertas antes de que se agote la disponibilidad y empieza a hacer el planning de los d\u00edas de tu estancia! <\/span><\/p>\t\t\t\t\t\t\t\t<\/div>\n\t\t\t\t\t<\/div>\n\t\t<\/div>\n\t\t\t\t\t<\/div>\n\t\t<\/section>\n\t\t\t\t<\/div>\n\t\t","protected":false},"excerpt":{"rendered":"<p>Benalm\u00e1dena es un municipio de Espa\u00f1a de la provincia de M\u00e1laga, est\u00e1 situado en la Costa del Sol, a una distancia de 22 kil\u00f3metros al suroeste de la capital de la provincia, a la vez forma parte del \u00c1rea metropolitana de M\u00e1laga. \u00a0 Adem\u00e1s esta apostado frente a la costa del mas Mediterr\u00e1neo, siendo su [&hellip;]<\/p>\n","protected":false},"author":1,"featured_media":0,"comment_status":"closed","ping_status":"open","sticky":false,"template":"elementor_theme","format":"standard","meta":{"_acf_changed":false,"footnotes":""},"categories":[4,193,6,204,205,200,195,1,12,17],"tags":[37],"class_list":["post-557","post","type-post","status-publish","format-standard","hentry","category-espana","category-europa","category-hoteles-2","category-ideas-viajes-verano","category-ideas-viajes-low-cost","category-rutas-por-espana","category-rutas-por-europa","category-vacaciones","category-viajes","category-viajes-por-europa","tag-benalmadena"],"acf":[],"_links":{"self":[{"href":"https:\/\/www.centraldevacaciones.com\/blog\/wp-json\/wp\/v2\/posts\/557","targetHints":{"allow":["GET"]}}],"collection":[{"href":"https:\/\/www.centraldevacaciones.com\/blog\/wp-json\/wp\/v2\/posts"}],"about":[{"href":"https:\/\/www.centraldevacaciones.com\/blog\/wp-json\/wp\/v2\/types\/post"}],"author":[{"embeddable":true,"href":"https:\/\/www.centraldevacaciones.com\/blog\/wp-json\/wp\/v2\/users\/1"}],"replies":[{"embeddable":true,"href":"https:\/\/www.centraldevacaciones.com\/blog\/wp-json\/wp\/v2\/comments?post=557"}],"version-history":[{"count":0,"href":"https:\/\/www.centraldevacaciones.com\/blog\/wp-json\/wp\/v2\/posts\/557\/revisions"}],"wp:attachment":[{"href":"https:\/\/www.centraldevacaciones.com\/blog\/wp-json\/wp\/v2\/media?parent=557"}],"wp:term":[{"taxonomy":"category","embeddable":true,"href":"https:\/\/www.centraldevacaciones.com\/blog\/wp-json\/wp\/v2\/categories?post=557"},{"taxonomy":"post_tag","embeddable":true,"href":"https:\/\/www.centraldevacaciones.com\/blog\/wp-json\/wp\/v2\/tags?post=557"}],"curies":[{"name":"wp","href":"https:\/\/api.w.org\/{rel}","templated":true}]}}