{"id":500,"date":"2016-03-28T10:30:41","date_gmt":"2016-03-28T08:30:41","guid":{"rendered":"http:\/\/www.centraldevacaciones.com\/opiniones\/?p=500"},"modified":"2021-09-15T17:59:24","modified_gmt":"2021-09-15T15:59:24","slug":"oferta-chollo-combinado-varaderola-habana-en-mayo","status":"publish","type":"post","link":"https:\/\/www.centraldevacaciones.com\/blog\/oferta-chollo-combinado-varaderola-habana-en-mayo\/","title":{"rendered":"\u00a1OFERTA CHOLLO!, COMBINADO VARADERO+LA HABANA EN MAYO"},"content":{"rendered":"\t\t<div data-elementor-type=\"wp-post\" data-elementor-id=\"500\" class=\"elementor elementor-500\" data-elementor-post-type=\"post\">\n\t\t\t\t\t\t<section class=\"elementor-section elementor-top-section elementor-element elementor-element-96c0e70 elementor-section-boxed elementor-section-height-default elementor-section-height-default\" data-id=\"96c0e70\" data-element_type=\"section\">\n\t\t\t\t\t\t<div class=\"elementor-container elementor-column-gap-default\">\n\t\t\t\t\t<div class=\"elementor-column elementor-col-100 elementor-top-column elementor-element elementor-element-c24a1c9\" data-id=\"c24a1c9\" data-element_type=\"column\">\n\t\t\t<div class=\"elementor-widget-wrap elementor-element-populated\">\n\t\t\t\t\t\t<div class=\"elementor-element elementor-element-4fc3c63 elementor-widget elementor-widget-text-editor\" data-id=\"4fc3c63\" data-element_type=\"widget\" data-widget_type=\"text-editor.default\">\n\t\t\t\t\t\t\t\t\t<h2>\u00a1M\u00e1s Ofertas para Cuba!<\/h2><p>Seguimos ofreci\u00e9ndote los mejores precios para viajar a la Isla Caribe\u00f1a. En esta ocasi\u00f3n te traemos una inmejorable oferta para el pr\u00f3ximo mes de mayo.<\/p><p><a href=\"https:\/\/www.centraldevacaciones.com\/ofertas-viajes\/Ofertas-Combinado-La-Habana-+-Varadero\/La-Habana-+-Varadero--\/reservas\/605\"><img fetchpriority=\"high\" decoding=\"async\" class=\"aligncenter wp-image-501 size-full\" title=\"CubaMayoFB\" src=\"https:\/\/www.centraldevacaciones.com\/blog\/wp-content\/uploads\/2014\/03\/CubaMayoFB.jpg\" alt=\"Oferta Mayo\" width=\"564\" height=\"275\" srcset=\"https:\/\/www.centraldevacaciones.com\/blog\/wp-content\/uploads\/2014\/03\/CubaMayoFB.jpg 564w, https:\/\/www.centraldevacaciones.com\/blog\/wp-content\/uploads\/2014\/03\/CubaMayoFB-300x146.jpg 300w\" sizes=\"(max-width: 564px) 100vw, 564px\" \/><\/a><\/p><p>Tu combinado Varadero + La Habana desde solo 779\u20ac, \u00a1Menudo Chollo!.<\/p><h2 class=\"titulo_pais\">Viaje a La Habana, Varadero<\/h2><div class=\"clear\">\u00a0<\/div><div class=\"\"><p>Descubre Cuba con nuestras Ofertas. Disfruta durante 9 d\u00edas y 7 noches de la m\u00e1gia en La Habana y del aut\u00e9ntico Caribe en Varadero. No te preocupes por nada, te incluimos: Vuelos + Tasas a\u00e9reas + Traslados + Hotel + Traslados Internos + Visado + Seguro.<\/p><div class=\"clear\">\u00a0<\/div><\/div><div class=\"clear\">\u00a0<\/div><div class=\"verProductoDetail\"><div class=\"salidasDesde\"><strong>Salidas desde Madrid<\/strong><\/div><\/div><p>No le des m\u00e1s vueltas y haz ya tu reserva. Te recordamos que nuestros precios van siempre con Tasas A\u00e9reas incluidas, no queremos que te lleves ning\u00fan tipo de sorpresa final.<\/p><p>Entra en <a title=\"http:\/\/www.centraldevacaciones.com\/viajes\/4\/50\/0\/0\/ofertas-a-Cuba.html\" href=\"http:\/\/www.centraldevacaciones.com\/viajes\/4\/50\/0\/0\/ofertas-a-Cuba.html\" target=\"_blank\" rel=\"nofollow noopener noreferrer\">centraldevacaciones.com<\/a> y gestiona tu reserva. Tambi\u00e9n lo podr\u00e1s hacer telef\u00f3nicamente con uno de nuestros agentes.<\/p><p><strong>\u00bfTe lo vas a perder?<\/strong><\/p><p><strong>Varadero<\/strong> es una ciudad perteneciente al municipio C\u00e1rdenas, Cuba. Se encuentra situada a 130 kil\u00f3metros de La Habana. Se caracteriza por el ser <strong>el punto m\u00e1s cercano a los Estados Unidos<\/strong>.<\/p><p>Varadero desde los a\u00f1os 90 ha sido muy elogiada por los turistas a nivel internacional; la construcci\u00f3n de hoteles comenz\u00f3 en susodicha \u00e9poca por inversiones propiciadas por extranjeros e inversiones nacionales. La ciudad cuenta con parques, cines y centros culturales muy atractivos.<\/p><p><strong>\u00bfEn qu\u00e9 hoteles hospedarse en Varadero?<\/strong><\/p><div class=\"info_titulo\">Hoteles para su Alojamiento<\/div>\t\t\t\t\t\t\t\t<\/div>\n\t\t\t\t\t<\/div>\n\t\t<\/div>\n\t\t\t\t\t<\/div>\n\t\t<\/section>\n\t\t\t\t<section class=\"elementor-section elementor-top-section elementor-element elementor-element-35368c4 elementor-section-boxed elementor-section-height-default elementor-section-height-default\" data-id=\"35368c4\" data-element_type=\"section\">\n\t\t\t\t\t\t<div class=\"elementor-container elementor-column-gap-default\">\n\t\t\t\t\t<div class=\"elementor-column elementor-col-100 elementor-top-column elementor-element elementor-element-5ad85ca\" data-id=\"5ad85ca\" data-element_type=\"column\">\n\t\t\t<div class=\"elementor-widget-wrap elementor-element-populated\">\n\t\t\t\t\t\t<div class=\"elementor-element elementor-element-8769203 elementor-widget elementor-widget-heading\" data-id=\"8769203\" data-element_type=\"widget\" data-widget_type=\"heading.default\">\n\t\t\t\t\t<h3 class=\"elementor-heading-title elementor-size-default\">Ficha del Hotel <\/h3>\t\t\t\t<\/div>\n\t\t\t\t<div class=\"elementor-element elementor-element-2802448 elementor-widget elementor-widget-text-editor\" data-id=\"2802448\" data-element_type=\"widget\" data-widget_type=\"text-editor.default\">\n\t\t\t\t\t\t\t\t\t<p><a class=\"ceraboxanchorhotel\" href=\"https:\/\/www.centraldevacaciones.com\/ofertas-viajes\/Ofertas-Combinado-La-Habana-+-Varadero\/La-Habana-+-Varadero--\/reservas\/605#mas_info_cerabox_hotel_359\">Iberostar Parque Central<\/a><\/p>\t\t\t\t\t\t\t\t<\/div>\n\t\t\t\t<div class=\"elementor-element elementor-element-62432e2 elementor-widget elementor-widget-image\" data-id=\"62432e2\" data-element_type=\"widget\" data-widget_type=\"image.default\">\n\t\t\t\t\t\t\t\t\t\t\t\t\t\t\t<img decoding=\"async\" width=\"292\" height=\"173\" src=\"https:\/\/www.centraldevacaciones.com\/blog\/wp-content\/uploads\/2016\/03\/Hiberojpg_56a78e5fb2ed7.jpg\" class=\"attachment-medium size-medium wp-image-16704\" alt=\"\" \/>\t\t\t\t\t\t\t\t\t\t\t\t\t\t\t<\/div>\n\t\t\t\t\t<\/div>\n\t\t<\/div>\n\t\t\t\t\t<\/div>\n\t\t<\/section>\n\t\t\t\t<section class=\"elementor-section elementor-top-section elementor-element elementor-element-78ad87b elementor-section-boxed elementor-section-height-default elementor-section-height-default\" data-id=\"78ad87b\" data-element_type=\"section\">\n\t\t\t\t\t\t<div class=\"elementor-container elementor-column-gap-default\">\n\t\t\t\t\t<div class=\"elementor-column elementor-col-100 elementor-top-column elementor-element elementor-element-a53e064\" data-id=\"a53e064\" data-element_type=\"column\">\n\t\t\t<div class=\"elementor-widget-wrap elementor-element-populated\">\n\t\t\t\t\t\t<div class=\"elementor-element elementor-element-9c1ece8 elementor-widget elementor-widget-heading\" data-id=\"9c1ece8\" data-element_type=\"widget\" data-widget_type=\"heading.default\">\n\t\t\t\t\t<h3 class=\"elementor-heading-title elementor-size-default\">Ficha del Hotel <\/h3>\t\t\t\t<\/div>\n\t\t\t\t<div class=\"elementor-element elementor-element-8089f17 elementor-widget elementor-widget-text-editor\" data-id=\"8089f17\" data-element_type=\"widget\" data-widget_type=\"text-editor.default\">\n\t\t\t\t\t\t\t\t\t<p><a class=\"ceraboxanchorhotel\" href=\"https:\/\/www.centraldevacaciones.com\/ofertas-viajes\/Ofertas-Combinado-La-Habana-+-Varadero\/La-Habana-+-Varadero--\/reservas\/605#mas_info_cerabox_hotel_1671\">NH Capri &#8211; Sol Palmeras<\/a><\/p>\t\t\t\t\t\t\t\t<\/div>\n\t\t\t\t<div class=\"elementor-element elementor-element-f7242dd elementor-widget elementor-widget-image\" data-id=\"f7242dd\" data-element_type=\"widget\" data-widget_type=\"image.default\">\n\t\t\t\t\t\t\t\t\t\t\t\t\t\t\t<img decoding=\"async\" width=\"275\" height=\"183\" src=\"https:\/\/www.centraldevacaciones.com\/blog\/wp-content\/uploads\/2016\/03\/HNH-Caprijpg_547f43cb3f56c.jpg\" class=\"attachment-medium size-medium wp-image-16710\" alt=\"\" \/>\t\t\t\t\t\t\t\t\t\t\t\t\t\t\t<\/div>\n\t\t\t\t\t<\/div>\n\t\t<\/div>\n\t\t\t\t\t<\/div>\n\t\t<\/section>\n\t\t\t\t<section class=\"elementor-section elementor-top-section elementor-element elementor-element-16af595 elementor-section-boxed elementor-section-height-default elementor-section-height-default\" data-id=\"16af595\" data-element_type=\"section\">\n\t\t\t\t\t\t<div class=\"elementor-container elementor-column-gap-default\">\n\t\t\t\t\t<div class=\"elementor-column elementor-col-100 elementor-top-column elementor-element elementor-element-8979c3b\" data-id=\"8979c3b\" data-element_type=\"column\">\n\t\t\t<div class=\"elementor-widget-wrap elementor-element-populated\">\n\t\t\t\t\t\t<div class=\"elementor-element elementor-element-70e06fd elementor-widget elementor-widget-heading\" data-id=\"70e06fd\" data-element_type=\"widget\" data-widget_type=\"heading.default\">\n\t\t\t\t\t<h3 class=\"elementor-heading-title elementor-size-default\">Ficha del Hotel <\/h3>\t\t\t\t<\/div>\n\t\t\t\t<div class=\"elementor-element elementor-element-185615c elementor-widget elementor-widget-text-editor\" data-id=\"185615c\" data-element_type=\"widget\" data-widget_type=\"text-editor.default\">\n\t\t\t\t\t\t\t\t\t<p><a class=\"ceraboxanchorhotel\" href=\"https:\/\/www.centraldevacaciones.com\/ofertas-viajes\/Ofertas-Combinado-La-Habana-+-Varadero\/La-Habana-+-Varadero--\/reservas\/605#mas_info_cerabox_hotel_1675\">Tryp Habana Libre &#8211; Sol Siren<\/a><\/p>\t\t\t\t\t\t\t\t<\/div>\n\t\t\t\t<div class=\"elementor-element elementor-element-cb6a234 elementor-widget elementor-widget-image\" data-id=\"cb6a234\" data-element_type=\"widget\" data-widget_type=\"image.default\">\n\t\t\t\t\t\t\t\t\t\t\t\t\t\t\t<img loading=\"lazy\" decoding=\"async\" width=\"300\" height=\"143\" src=\"https:\/\/www.centraldevacaciones.com\/blog\/wp-content\/uploads\/2016\/03\/Htryp-habanajpg_5480465ec7975-300x143.jpg\" class=\"attachment-medium size-medium wp-image-16716\" alt=\"\" srcset=\"https:\/\/www.centraldevacaciones.com\/blog\/wp-content\/uploads\/2016\/03\/Htryp-habanajpg_5480465ec7975-300x143.jpg 300w, https:\/\/www.centraldevacaciones.com\/blog\/wp-content\/uploads\/2016\/03\/Htryp-habanajpg_5480465ec7975-768x366.jpg 768w, https:\/\/www.centraldevacaciones.com\/blog\/wp-content\/uploads\/2016\/03\/Htryp-habanajpg_5480465ec7975.jpg 835w\" sizes=\"(max-width: 300px) 100vw, 300px\" \/>\t\t\t\t\t\t\t\t\t\t\t\t\t\t\t<\/div>\n\t\t\t\t\t<\/div>\n\t\t<\/div>\n\t\t\t\t\t<\/div>\n\t\t<\/section>\n\t\t\t\t<section class=\"elementor-section elementor-top-section elementor-element elementor-element-dc1faeb elementor-section-boxed elementor-section-height-default elementor-section-height-default\" data-id=\"dc1faeb\" data-element_type=\"section\">\n\t\t\t\t\t\t<div class=\"elementor-container elementor-column-gap-default\">\n\t\t\t\t\t<div class=\"elementor-column elementor-col-100 elementor-top-column elementor-element elementor-element-7c5094f\" data-id=\"7c5094f\" data-element_type=\"column\">\n\t\t\t<div class=\"elementor-widget-wrap elementor-element-populated\">\n\t\t\t\t\t\t<div class=\"elementor-element elementor-element-fbe64eb elementor-widget elementor-widget-heading\" data-id=\"fbe64eb\" data-element_type=\"widget\" data-widget_type=\"heading.default\">\n\t\t\t\t\t<h3 class=\"elementor-heading-title elementor-size-default\">Ficha del Hotel <\/h3>\t\t\t\t<\/div>\n\t\t\t\t<div class=\"elementor-element elementor-element-6a97e9d elementor-widget elementor-widget-text-editor\" data-id=\"6a97e9d\" data-element_type=\"widget\" data-widget_type=\"text-editor.default\">\n\t\t\t\t\t\t\t\t\t<p><a class=\"ceraboxanchorhotel\" href=\"https:\/\/www.centraldevacaciones.com\/ofertas-viajes\/Ofertas-Combinado-La-Habana-+-Varadero\/La-Habana-+-Varadero--\/reservas\/605#mas_info_cerabox_hotel_1677\">Meli\u00e1 Habana &#8211; Meli\u00e1 Las Anti<\/a><\/p>\t\t\t\t\t\t\t\t<\/div>\n\t\t\t\t<div class=\"elementor-element elementor-element-5f57359 elementor-widget elementor-widget-image\" data-id=\"5f57359\" data-element_type=\"widget\" data-widget_type=\"image.default\">\n\t\t\t\t\t\t\t\t\t\t\t\t\t\t\t<img loading=\"lazy\" decoding=\"async\" width=\"300\" height=\"143\" src=\"https:\/\/www.centraldevacaciones.com\/blog\/wp-content\/uploads\/2016\/03\/Hmelia-habanajpg_5480483bc16ed-300x143.jpg\" class=\"attachment-medium size-medium wp-image-16717\" alt=\"\" srcset=\"https:\/\/www.centraldevacaciones.com\/blog\/wp-content\/uploads\/2016\/03\/Hmelia-habanajpg_5480483bc16ed-300x143.jpg 300w, https:\/\/www.centraldevacaciones.com\/blog\/wp-content\/uploads\/2016\/03\/Hmelia-habanajpg_5480483bc16ed-768x366.jpg 768w, https:\/\/www.centraldevacaciones.com\/blog\/wp-content\/uploads\/2016\/03\/Hmelia-habanajpg_5480483bc16ed.jpg 835w\" sizes=\"(max-width: 300px) 100vw, 300px\" \/>\t\t\t\t\t\t\t\t\t\t\t\t\t\t\t<\/div>\n\t\t\t\t\t<\/div>\n\t\t<\/div>\n\t\t\t\t\t<\/div>\n\t\t<\/section>\n\t\t\t\t<section class=\"elementor-section elementor-top-section elementor-element elementor-element-a97800b elementor-section-boxed elementor-section-height-default elementor-section-height-default\" data-id=\"a97800b\" data-element_type=\"section\">\n\t\t\t\t\t\t<div class=\"elementor-container elementor-column-gap-default\">\n\t\t\t\t\t<div class=\"elementor-column elementor-col-100 elementor-top-column elementor-element elementor-element-d62917d\" data-id=\"d62917d\" data-element_type=\"column\">\n\t\t\t<div class=\"elementor-widget-wrap elementor-element-populated\">\n\t\t\t\t\t\t<div class=\"elementor-element elementor-element-f056e71 elementor-widget elementor-widget-heading\" data-id=\"f056e71\" data-element_type=\"widget\" data-widget_type=\"heading.default\">\n\t\t\t\t\t<h3 class=\"elementor-heading-title elementor-size-default\">Ficha del Hotel <\/h3>\t\t\t\t<\/div>\n\t\t\t\t<div class=\"elementor-element elementor-element-5a81b2f elementor-widget elementor-widget-text-editor\" data-id=\"5a81b2f\" data-element_type=\"widget\" data-widget_type=\"text-editor.default\">\n\t\t\t\t\t\t\t\t\t<p><a class=\"ceraboxanchorhotel\" href=\"https:\/\/www.centraldevacaciones.com\/ofertas-viajes\/Ofertas-Combinado-La-Habana-+-Varadero\/La-Habana-+-Varadero--\/reservas\/605#mas_info_cerabox_hotel_1675\">Tryp Habana Libre &#8211; Sol Siren<\/a><\/p>\t\t\t\t\t\t\t\t<\/div>\n\t\t\t\t<div class=\"elementor-element elementor-element-f989cea elementor-widget elementor-widget-image\" data-id=\"f989cea\" data-element_type=\"widget\" data-widget_type=\"image.default\">\n\t\t\t\t\t\t\t\t\t\t\t\t\t\t\t<img loading=\"lazy\" decoding=\"async\" width=\"300\" height=\"143\" src=\"https:\/\/www.centraldevacaciones.com\/blog\/wp-content\/uploads\/2016\/03\/Hmelia-habanajpg_5480483bc16ed-300x143.jpg\" class=\"attachment-medium size-medium wp-image-16717\" alt=\"\" srcset=\"https:\/\/www.centraldevacaciones.com\/blog\/wp-content\/uploads\/2016\/03\/Hmelia-habanajpg_5480483bc16ed-300x143.jpg 300w, https:\/\/www.centraldevacaciones.com\/blog\/wp-content\/uploads\/2016\/03\/Hmelia-habanajpg_5480483bc16ed-768x366.jpg 768w, https:\/\/www.centraldevacaciones.com\/blog\/wp-content\/uploads\/2016\/03\/Hmelia-habanajpg_5480483bc16ed.jpg 835w\" sizes=\"(max-width: 300px) 100vw, 300px\" \/>\t\t\t\t\t\t\t\t\t\t\t\t\t\t\t<\/div>\n\t\t\t\t\t<\/div>\n\t\t<\/div>\n\t\t\t\t\t<\/div>\n\t\t<\/section>\n\t\t\t\t<section class=\"elementor-section elementor-top-section elementor-element elementor-element-52ec50c elementor-section-boxed elementor-section-height-default elementor-section-height-default\" data-id=\"52ec50c\" data-element_type=\"section\">\n\t\t\t\t\t\t<div class=\"elementor-container elementor-column-gap-default\">\n\t\t\t\t\t<div class=\"elementor-column elementor-col-100 elementor-top-column elementor-element elementor-element-5a057c5\" data-id=\"5a057c5\" data-element_type=\"column\">\n\t\t\t<div class=\"elementor-widget-wrap elementor-element-populated\">\n\t\t\t\t\t\t<div class=\"elementor-element elementor-element-3eea546 elementor-widget elementor-widget-heading\" data-id=\"3eea546\" data-element_type=\"widget\" data-widget_type=\"heading.default\">\n\t\t\t\t\t<h3 class=\"elementor-heading-title elementor-size-default\">Ficha del Hotel <\/h3>\t\t\t\t<\/div>\n\t\t\t\t<div class=\"elementor-element elementor-element-53cc8c6 elementor-widget elementor-widget-text-editor\" data-id=\"53cc8c6\" data-element_type=\"widget\" data-widget_type=\"text-editor.default\">\n\t\t\t\t\t\t\t\t\t<p><a class=\"ceraboxanchorhotel\" href=\"https:\/\/www.centraldevacaciones.com\/ofertas-viajes\/Ofertas-Combinado-La-Habana-+-Varadero\/La-Habana-+-Varadero--\/reservas\/605#mas_info_cerabox_hotel_1676\">Tryp Habana Libre &#8211; Meli\u00e1 Var<\/a><\/p>\t\t\t\t\t\t\t\t<\/div>\n\t\t\t\t<div class=\"elementor-element elementor-element-08fff4c elementor-widget elementor-widget-image\" data-id=\"08fff4c\" data-element_type=\"widget\" data-widget_type=\"image.default\">\n\t\t\t\t\t\t\t\t\t\t\t\t\t\t\t<img loading=\"lazy\" decoding=\"async\" width=\"300\" height=\"143\" src=\"https:\/\/www.centraldevacaciones.com\/blog\/wp-content\/uploads\/2016\/03\/Hmelia-habanajpg_5480483bc16ed-300x143.jpg\" class=\"attachment-medium size-medium wp-image-16717\" alt=\"\" srcset=\"https:\/\/www.centraldevacaciones.com\/blog\/wp-content\/uploads\/2016\/03\/Hmelia-habanajpg_5480483bc16ed-300x143.jpg 300w, https:\/\/www.centraldevacaciones.com\/blog\/wp-content\/uploads\/2016\/03\/Hmelia-habanajpg_5480483bc16ed-768x366.jpg 768w, https:\/\/www.centraldevacaciones.com\/blog\/wp-content\/uploads\/2016\/03\/Hmelia-habanajpg_5480483bc16ed.jpg 835w\" sizes=\"(max-width: 300px) 100vw, 300px\" \/>\t\t\t\t\t\t\t\t\t\t\t\t\t\t\t<\/div>\n\t\t\t\t\t<\/div>\n\t\t<\/div>\n\t\t\t\t\t<\/div>\n\t\t<\/section>\n\t\t\t\t<section class=\"elementor-section elementor-top-section elementor-element elementor-element-475116b elementor-section-boxed elementor-section-height-default elementor-section-height-default\" data-id=\"475116b\" data-element_type=\"section\">\n\t\t\t\t\t\t<div class=\"elementor-container elementor-column-gap-default\">\n\t\t\t\t\t<div class=\"elementor-column elementor-col-100 elementor-top-column elementor-element elementor-element-171b74c\" data-id=\"171b74c\" data-element_type=\"column\">\n\t\t\t<div class=\"elementor-widget-wrap elementor-element-populated\">\n\t\t\t\t\t\t<div class=\"elementor-element elementor-element-a00aede elementor-widget elementor-widget-heading\" data-id=\"a00aede\" data-element_type=\"widget\" data-widget_type=\"heading.default\">\n\t\t\t\t\t<h3 class=\"elementor-heading-title elementor-size-default\">Ficha del Hotel <\/h3>\t\t\t\t<\/div>\n\t\t\t\t<div class=\"elementor-element elementor-element-bdc8e81 elementor-widget elementor-widget-text-editor\" data-id=\"bdc8e81\" data-element_type=\"widget\" data-widget_type=\"text-editor.default\">\n\t\t\t\t\t\t\t\t\t<p><a class=\"ceraboxanchorhotel\" href=\"https:\/\/www.centraldevacaciones.com\/ofertas-viajes\/Ofertas-Combinado-La-Habana-+-Varadero\/La-Habana-+-Varadero--\/reservas\/605#mas_info_cerabox_hotel_1678\">Tryp Habana Libre &#8211; Meli\u00e1 las<\/a><\/p>\t\t\t\t\t\t\t\t<\/div>\n\t\t\t\t<div class=\"elementor-element elementor-element-ff8f15c elementor-widget elementor-widget-image\" data-id=\"ff8f15c\" data-element_type=\"widget\" data-widget_type=\"image.default\">\n\t\t\t\t\t\t\t\t\t\t\t\t\t\t\t<img loading=\"lazy\" decoding=\"async\" width=\"300\" height=\"143\" src=\"https:\/\/www.centraldevacaciones.com\/blog\/wp-content\/uploads\/2016\/03\/Hmelia-habanajpg_5480483bc16ed-300x143.jpg\" class=\"attachment-medium size-medium wp-image-16717\" alt=\"\" srcset=\"https:\/\/www.centraldevacaciones.com\/blog\/wp-content\/uploads\/2016\/03\/Hmelia-habanajpg_5480483bc16ed-300x143.jpg 300w, https:\/\/www.centraldevacaciones.com\/blog\/wp-content\/uploads\/2016\/03\/Hmelia-habanajpg_5480483bc16ed-768x366.jpg 768w, https:\/\/www.centraldevacaciones.com\/blog\/wp-content\/uploads\/2016\/03\/Hmelia-habanajpg_5480483bc16ed.jpg 835w\" sizes=\"(max-width: 300px) 100vw, 300px\" \/>\t\t\t\t\t\t\t\t\t\t\t\t\t\t\t<\/div>\n\t\t\t\t\t<\/div>\n\t\t<\/div>\n\t\t\t\t\t<\/div>\n\t\t<\/section>\n\t\t\t\t<section class=\"elementor-section elementor-top-section elementor-element elementor-element-8aaca75 elementor-section-boxed elementor-section-height-default elementor-section-height-default\" data-id=\"8aaca75\" data-element_type=\"section\">\n\t\t\t\t\t\t<div class=\"elementor-container elementor-column-gap-default\">\n\t\t\t\t\t<div class=\"elementor-column elementor-col-100 elementor-top-column elementor-element elementor-element-389c52a\" data-id=\"389c52a\" data-element_type=\"column\">\n\t\t\t<div class=\"elementor-widget-wrap elementor-element-populated\">\n\t\t\t\t\t\t<div class=\"elementor-element elementor-element-24d9bf2 elementor-widget elementor-widget-heading\" data-id=\"24d9bf2\" data-element_type=\"widget\" data-widget_type=\"heading.default\">\n\t\t\t\t\t<h3 class=\"elementor-heading-title elementor-size-default\">Ficha del Hotel <\/h3>\t\t\t\t<\/div>\n\t\t\t\t<div class=\"elementor-element elementor-element-1ca3a40 elementor-widget elementor-widget-text-editor\" data-id=\"1ca3a40\" data-element_type=\"widget\" data-widget_type=\"text-editor.default\">\n\t\t\t\t\t\t\t\t\t<p><a class=\"ceraboxanchorhotel\" href=\"https:\/\/www.centraldevacaciones.com\/ofertas-viajes\/Ofertas-Combinado-La-Habana-+-Varadero\/La-Habana-+-Varadero--\/reservas\/605#mas_info_cerabox_hotel_1679\">Tryp Habana Libre &#8211; Paradisus<\/a><\/p>\t\t\t\t\t\t\t\t<\/div>\n\t\t\t\t<div class=\"elementor-element elementor-element-0686e27 elementor-widget elementor-widget-image\" data-id=\"0686e27\" data-element_type=\"widget\" data-widget_type=\"image.default\">\n\t\t\t\t\t\t\t\t\t\t\t\t\t\t\t<img loading=\"lazy\" decoding=\"async\" width=\"300\" height=\"143\" src=\"https:\/\/www.centraldevacaciones.com\/blog\/wp-content\/uploads\/2016\/03\/Hmelia-habanajpg_5480483bc16ed-300x143.jpg\" class=\"attachment-medium size-medium wp-image-16717\" alt=\"\" srcset=\"https:\/\/www.centraldevacaciones.com\/blog\/wp-content\/uploads\/2016\/03\/Hmelia-habanajpg_5480483bc16ed-300x143.jpg 300w, https:\/\/www.centraldevacaciones.com\/blog\/wp-content\/uploads\/2016\/03\/Hmelia-habanajpg_5480483bc16ed-768x366.jpg 768w, https:\/\/www.centraldevacaciones.com\/blog\/wp-content\/uploads\/2016\/03\/Hmelia-habanajpg_5480483bc16ed.jpg 835w\" sizes=\"(max-width: 300px) 100vw, 300px\" \/>\t\t\t\t\t\t\t\t\t\t\t\t\t\t\t<\/div>\n\t\t\t\t\t<\/div>\n\t\t<\/div>\n\t\t\t\t\t<\/div>\n\t\t<\/section>\n\t\t\t\t<section class=\"elementor-section elementor-top-section elementor-element elementor-element-ace8174 elementor-section-boxed elementor-section-height-default elementor-section-height-default\" data-id=\"ace8174\" data-element_type=\"section\">\n\t\t\t\t\t\t<div class=\"elementor-container elementor-column-gap-default\">\n\t\t\t\t\t<div class=\"elementor-column elementor-col-100 elementor-top-column elementor-element elementor-element-ebd5389\" data-id=\"ebd5389\" data-element_type=\"column\">\n\t\t\t<div class=\"elementor-widget-wrap elementor-element-populated\">\n\t\t\t\t\t\t<div class=\"elementor-element elementor-element-d6f43b2 elementor-widget elementor-widget-heading\" data-id=\"d6f43b2\" data-element_type=\"widget\" data-widget_type=\"heading.default\">\n\t\t\t\t\t<h3 class=\"elementor-heading-title elementor-size-default\">Ficha del Hotel <\/h3>\t\t\t\t<\/div>\n\t\t\t\t<div class=\"elementor-element elementor-element-664eb8b elementor-widget elementor-widget-text-editor\" data-id=\"664eb8b\" data-element_type=\"widget\" data-widget_type=\"text-editor.default\">\n\t\t\t\t\t\t\t\t\t<p><a class=\"ceraboxanchorhotel\" href=\"https:\/\/www.centraldevacaciones.com\/ofertas-viajes\/Ofertas-Combinado-La-Habana-+-Varadero\/La-Habana-+-Varadero--\/reservas\/605#mas_info_cerabox_hotel_1682\">Tryp Habana Libre &#8211; Memories<\/a><\/p>\t\t\t\t\t\t\t\t<\/div>\n\t\t\t\t<div class=\"elementor-element elementor-element-9ffe2a5 elementor-widget elementor-widget-image\" data-id=\"9ffe2a5\" data-element_type=\"widget\" data-widget_type=\"image.default\">\n\t\t\t\t\t\t\t\t\t\t\t\t\t\t\t<img loading=\"lazy\" decoding=\"async\" width=\"300\" height=\"143\" src=\"https:\/\/www.centraldevacaciones.com\/blog\/wp-content\/uploads\/2016\/03\/Hmelia-habanajpg_5480483bc16ed-300x143.jpg\" class=\"attachment-medium size-medium wp-image-16717\" alt=\"\" srcset=\"https:\/\/www.centraldevacaciones.com\/blog\/wp-content\/uploads\/2016\/03\/Hmelia-habanajpg_5480483bc16ed-300x143.jpg 300w, https:\/\/www.centraldevacaciones.com\/blog\/wp-content\/uploads\/2016\/03\/Hmelia-habanajpg_5480483bc16ed-768x366.jpg 768w, https:\/\/www.centraldevacaciones.com\/blog\/wp-content\/uploads\/2016\/03\/Hmelia-habanajpg_5480483bc16ed.jpg 835w\" sizes=\"(max-width: 300px) 100vw, 300px\" \/>\t\t\t\t\t\t\t\t\t\t\t\t\t\t\t<\/div>\n\t\t\t\t\t<\/div>\n\t\t<\/div>\n\t\t\t\t\t<\/div>\n\t\t<\/section>\n\t\t\t\t<section class=\"elementor-section elementor-top-section elementor-element elementor-element-2c2e401 elementor-section-boxed elementor-section-height-default elementor-section-height-default\" data-id=\"2c2e401\" data-element_type=\"section\">\n\t\t\t\t\t\t<div class=\"elementor-container elementor-column-gap-default\">\n\t\t\t\t\t<div class=\"elementor-column elementor-col-100 elementor-top-column elementor-element elementor-element-00a7372\" data-id=\"00a7372\" data-element_type=\"column\">\n\t\t\t<div class=\"elementor-widget-wrap elementor-element-populated\">\n\t\t\t\t\t\t<div class=\"elementor-element elementor-element-fce69da elementor-widget elementor-widget-heading\" data-id=\"fce69da\" data-element_type=\"widget\" data-widget_type=\"heading.default\">\n\t\t\t\t\t<h3 class=\"elementor-heading-title elementor-size-default\">Ficha del Hotel <\/h3>\t\t\t\t<\/div>\n\t\t\t\t<div class=\"elementor-element elementor-element-131ad9d elementor-widget elementor-widget-text-editor\" data-id=\"131ad9d\" data-element_type=\"widget\" data-widget_type=\"text-editor.default\">\n\t\t\t\t\t\t\t\t\t<p><a class=\"ceraboxanchorhotel\" href=\"https:\/\/www.centraldevacaciones.com\/ofertas-viajes\/Ofertas-Combinado-La-Habana-+-Varadero\/La-Habana-+-Varadero--\/reservas\/605#mas_info_cerabox_hotel_1684\">Meli\u00e1 Cohiba &#8211; Paradisus Prin<\/a><\/p>\t\t\t\t\t\t\t\t<\/div>\n\t\t\t\t<div class=\"elementor-element elementor-element-e860380 elementor-widget elementor-widget-image\" data-id=\"e860380\" data-element_type=\"widget\" data-widget_type=\"image.default\">\n\t\t\t\t\t\t\t\t\t\t\t\t\t\t\t<img loading=\"lazy\" decoding=\"async\" width=\"300\" height=\"143\" src=\"https:\/\/www.centraldevacaciones.com\/blog\/wp-content\/uploads\/2016\/03\/2021-09-15_17h32_27-300x143.png\" class=\"attachment-medium size-medium wp-image-17817\" alt=\"\" srcset=\"https:\/\/www.centraldevacaciones.com\/blog\/wp-content\/uploads\/2016\/03\/2021-09-15_17h32_27-300x143.png 300w, https:\/\/www.centraldevacaciones.com\/blog\/wp-content\/uploads\/2016\/03\/2021-09-15_17h32_27-768x367.png 768w, https:\/\/www.centraldevacaciones.com\/blog\/wp-content\/uploads\/2016\/03\/2021-09-15_17h32_27.png 823w\" sizes=\"(max-width: 300px) 100vw, 300px\" \/>\t\t\t\t\t\t\t\t\t\t\t\t\t\t\t<\/div>\n\t\t\t\t\t<\/div>\n\t\t<\/div>\n\t\t\t\t\t<\/div>\n\t\t<\/section>\n\t\t\t\t<section class=\"elementor-section elementor-top-section elementor-element elementor-element-6fbd569 elementor-section-boxed elementor-section-height-default elementor-section-height-default\" data-id=\"6fbd569\" data-element_type=\"section\">\n\t\t\t\t\t\t<div class=\"elementor-container elementor-column-gap-default\">\n\t\t\t\t\t<div class=\"elementor-column elementor-col-100 elementor-top-column elementor-element elementor-element-d90ec3a\" data-id=\"d90ec3a\" data-element_type=\"column\">\n\t\t\t<div class=\"elementor-widget-wrap elementor-element-populated\">\n\t\t\t\t\t\t<div class=\"elementor-element elementor-element-dec046d elementor-widget elementor-widget-heading\" data-id=\"dec046d\" data-element_type=\"widget\" data-widget_type=\"heading.default\">\n\t\t\t\t\t<h3 class=\"elementor-heading-title elementor-size-default\">Ficha del Hotel <\/h3>\t\t\t\t<\/div>\n\t\t\t\t<div class=\"elementor-element elementor-element-8cf1b71 elementor-widget elementor-widget-text-editor\" data-id=\"8cf1b71\" data-element_type=\"widget\" data-widget_type=\"text-editor.default\">\n\t\t\t\t\t\t\t\t\t<p><a class=\"ceraboxanchorhotel\" href=\"https:\/\/www.centraldevacaciones.com\/ofertas-viajes\/Ofertas-Combinado-La-Habana-+-Varadero\/La-Habana-+-Varadero--\/reservas\/605#mas_info_cerabox_hotel_1686\">Melia Habana &#8211; Melia Peninsul<\/a><\/p>\t\t\t\t\t\t\t\t<\/div>\n\t\t\t\t<div class=\"elementor-element elementor-element-6b7c287 elementor-widget elementor-widget-image\" data-id=\"6b7c287\" data-element_type=\"widget\" data-widget_type=\"image.default\">\n\t\t\t\t\t\t\t\t\t\t\t\t\t\t\t<img loading=\"lazy\" decoding=\"async\" width=\"300\" height=\"143\" src=\"https:\/\/www.centraldevacaciones.com\/blog\/wp-content\/uploads\/2016\/03\/2021-09-15_17h34_05-300x143.png\" class=\"attachment-medium size-medium wp-image-17818\" alt=\"\" srcset=\"https:\/\/www.centraldevacaciones.com\/blog\/wp-content\/uploads\/2016\/03\/2021-09-15_17h34_05-300x143.png 300w, https:\/\/www.centraldevacaciones.com\/blog\/wp-content\/uploads\/2016\/03\/2021-09-15_17h34_05-768x366.png 768w, https:\/\/www.centraldevacaciones.com\/blog\/wp-content\/uploads\/2016\/03\/2021-09-15_17h34_05.png 827w\" sizes=\"(max-width: 300px) 100vw, 300px\" \/>\t\t\t\t\t\t\t\t\t\t\t\t\t\t\t<\/div>\n\t\t\t\t\t<\/div>\n\t\t<\/div>\n\t\t\t\t\t<\/div>\n\t\t<\/section>\n\t\t\t\t<section class=\"elementor-section elementor-top-section elementor-element elementor-element-1b3d5a8 elementor-section-boxed elementor-section-height-default elementor-section-height-default\" data-id=\"1b3d5a8\" data-element_type=\"section\">\n\t\t\t\t\t\t<div class=\"elementor-container elementor-column-gap-default\">\n\t\t\t\t\t<div class=\"elementor-column elementor-col-100 elementor-top-column elementor-element elementor-element-01e9bce\" data-id=\"01e9bce\" data-element_type=\"column\">\n\t\t\t<div class=\"elementor-widget-wrap elementor-element-populated\">\n\t\t\t\t\t\t<div class=\"elementor-element elementor-element-53cbfe9 elementor-widget elementor-widget-heading\" data-id=\"53cbfe9\" data-element_type=\"widget\" data-widget_type=\"heading.default\">\n\t\t\t\t\t<h3 class=\"elementor-heading-title elementor-size-default\">Ficha del Hotel <\/h3>\t\t\t\t<\/div>\n\t\t\t\t<div class=\"elementor-element elementor-element-89d0c5b elementor-widget elementor-widget-text-editor\" data-id=\"89d0c5b\" data-element_type=\"widget\" data-widget_type=\"text-editor.default\">\n\t\t\t\t\t\t\t\t\t<p><a class=\"ceraboxanchorhotel\" href=\"https:\/\/www.centraldevacaciones.com\/ofertas-viajes\/Ofertas-Combinado-La-Habana-+-Varadero\/La-Habana-+-Varadero--\/reservas\/605#mas_info_cerabox_hotel_1687\">Meli\u00e1 Cohiba &#8211; Paradisus Vara<\/a><\/p>\t\t\t\t\t\t\t\t<\/div>\n\t\t\t\t<div class=\"elementor-element elementor-element-6de0376 elementor-widget elementor-widget-image\" data-id=\"6de0376\" data-element_type=\"widget\" data-widget_type=\"image.default\">\n\t\t\t\t\t\t\t\t\t\t\t\t\t\t\t<img loading=\"lazy\" decoding=\"async\" width=\"300\" height=\"143\" src=\"https:\/\/www.centraldevacaciones.com\/blog\/wp-content\/uploads\/2016\/03\/2021-09-15_17h32_27-300x143.png\" class=\"attachment-medium size-medium wp-image-17817\" alt=\"\" srcset=\"https:\/\/www.centraldevacaciones.com\/blog\/wp-content\/uploads\/2016\/03\/2021-09-15_17h32_27-300x143.png 300w, https:\/\/www.centraldevacaciones.com\/blog\/wp-content\/uploads\/2016\/03\/2021-09-15_17h32_27-768x367.png 768w, https:\/\/www.centraldevacaciones.com\/blog\/wp-content\/uploads\/2016\/03\/2021-09-15_17h32_27.png 823w\" sizes=\"(max-width: 300px) 100vw, 300px\" \/>\t\t\t\t\t\t\t\t\t\t\t\t\t\t\t<\/div>\n\t\t\t\t\t<\/div>\n\t\t<\/div>\n\t\t\t\t\t<\/div>\n\t\t<\/section>\n\t\t\t\t<section class=\"elementor-section elementor-top-section elementor-element elementor-element-d02b76f elementor-section-boxed elementor-section-height-default elementor-section-height-default\" data-id=\"d02b76f\" data-element_type=\"section\">\n\t\t\t\t\t\t<div class=\"elementor-container elementor-column-gap-default\">\n\t\t\t\t\t<div class=\"elementor-column elementor-col-100 elementor-top-column elementor-element elementor-element-a13e8d0\" data-id=\"a13e8d0\" data-element_type=\"column\">\n\t\t\t<div class=\"elementor-widget-wrap elementor-element-populated\">\n\t\t\t\t\t\t<div class=\"elementor-element elementor-element-82a31be elementor-widget elementor-widget-heading\" data-id=\"82a31be\" data-element_type=\"widget\" data-widget_type=\"heading.default\">\n\t\t\t\t\t<h3 class=\"elementor-heading-title elementor-size-default\">Ficha del Hotel <\/h3>\t\t\t\t<\/div>\n\t\t\t\t<div class=\"elementor-element elementor-element-532d20e elementor-widget elementor-widget-text-editor\" data-id=\"532d20e\" data-element_type=\"widget\" data-widget_type=\"text-editor.default\">\n\t\t\t\t\t\t\t\t\t<p><a class=\"ceraboxanchorhotel\" href=\"https:\/\/www.centraldevacaciones.com\/ofertas-viajes\/Ofertas-Combinado-La-Habana-+-Varadero\/La-Habana-+-Varadero--\/reservas\/605#mas_info_cerabox_hotel_1699\">Tryp Habana Libre &#8211; Barcel\u00f3 S<\/a><\/p>\t\t\t\t\t\t\t\t<\/div>\n\t\t\t\t<div class=\"elementor-element elementor-element-2447bde elementor-widget elementor-widget-image\" data-id=\"2447bde\" data-element_type=\"widget\" data-widget_type=\"image.default\">\n\t\t\t\t\t\t\t\t\t\t\t\t\t\t\t<img loading=\"lazy\" decoding=\"async\" width=\"300\" height=\"143\" src=\"https:\/\/www.centraldevacaciones.com\/blog\/wp-content\/uploads\/2016\/03\/2021-09-15_17h32_27-300x143.png\" class=\"attachment-medium size-medium wp-image-17817\" alt=\"\" srcset=\"https:\/\/www.centraldevacaciones.com\/blog\/wp-content\/uploads\/2016\/03\/2021-09-15_17h32_27-300x143.png 300w, https:\/\/www.centraldevacaciones.com\/blog\/wp-content\/uploads\/2016\/03\/2021-09-15_17h32_27-768x367.png 768w, https:\/\/www.centraldevacaciones.com\/blog\/wp-content\/uploads\/2016\/03\/2021-09-15_17h32_27.png 823w\" sizes=\"(max-width: 300px) 100vw, 300px\" \/>\t\t\t\t\t\t\t\t\t\t\t\t\t\t\t<\/div>\n\t\t\t\t\t<\/div>\n\t\t<\/div>\n\t\t\t\t\t<\/div>\n\t\t<\/section>\n\t\t\t\t<section class=\"elementor-section elementor-top-section elementor-element elementor-element-cdde7a4 elementor-section-boxed elementor-section-height-default elementor-section-height-default\" data-id=\"cdde7a4\" data-element_type=\"section\">\n\t\t\t\t\t\t<div class=\"elementor-container elementor-column-gap-default\">\n\t\t\t\t\t<div class=\"elementor-column elementor-col-100 elementor-top-column elementor-element elementor-element-b4249b6\" data-id=\"b4249b6\" data-element_type=\"column\">\n\t\t\t<div class=\"elementor-widget-wrap elementor-element-populated\">\n\t\t\t\t\t\t<div class=\"elementor-element elementor-element-00eb20f elementor-widget elementor-widget-heading\" data-id=\"00eb20f\" data-element_type=\"widget\" data-widget_type=\"heading.default\">\n\t\t\t\t\t<h3 class=\"elementor-heading-title elementor-size-default\">Ficha del Hotel <\/h3>\t\t\t\t<\/div>\n\t\t\t\t<div class=\"elementor-element elementor-element-430f53e elementor-widget elementor-widget-text-editor\" data-id=\"430f53e\" data-element_type=\"widget\" data-widget_type=\"text-editor.default\">\n\t\t\t\t\t\t\t\t\t<p><a class=\"ceraboxanchorhotel\" href=\"https:\/\/www.centraldevacaciones.com\/ofertas-viajes\/Ofertas-Combinado-La-Habana-+-Varadero\/La-Habana-+-Varadero--\/reservas\/605#mas_info_cerabox_hotel_1784\">NH Capri &#8211; Melia Varadero<\/a><\/p>\t\t\t\t\t\t\t\t<\/div>\n\t\t\t\t<div class=\"elementor-element elementor-element-230835f elementor-widget elementor-widget-image\" data-id=\"230835f\" data-element_type=\"widget\" data-widget_type=\"image.default\">\n\t\t\t\t\t\t\t\t\t\t\t\t\t\t\t<img loading=\"lazy\" decoding=\"async\" width=\"300\" height=\"143\" src=\"https:\/\/www.centraldevacaciones.com\/blog\/wp-content\/uploads\/2016\/03\/2021-09-15_17h32_27-300x143.png\" class=\"attachment-medium size-medium wp-image-17817\" alt=\"\" srcset=\"https:\/\/www.centraldevacaciones.com\/blog\/wp-content\/uploads\/2016\/03\/2021-09-15_17h32_27-300x143.png 300w, https:\/\/www.centraldevacaciones.com\/blog\/wp-content\/uploads\/2016\/03\/2021-09-15_17h32_27-768x367.png 768w, https:\/\/www.centraldevacaciones.com\/blog\/wp-content\/uploads\/2016\/03\/2021-09-15_17h32_27.png 823w\" sizes=\"(max-width: 300px) 100vw, 300px\" \/>\t\t\t\t\t\t\t\t\t\t\t\t\t\t\t<\/div>\n\t\t\t\t\t<\/div>\n\t\t<\/div>\n\t\t\t\t\t<\/div>\n\t\t<\/section>\n\t\t\t\t<section class=\"elementor-section elementor-top-section elementor-element elementor-element-6396315 elementor-section-boxed elementor-section-height-default elementor-section-height-default\" data-id=\"6396315\" data-element_type=\"section\">\n\t\t\t\t\t\t<div class=\"elementor-container elementor-column-gap-default\">\n\t\t\t\t\t<div class=\"elementor-column elementor-col-100 elementor-top-column elementor-element elementor-element-2fc5194\" data-id=\"2fc5194\" data-element_type=\"column\">\n\t\t\t<div class=\"elementor-widget-wrap elementor-element-populated\">\n\t\t\t\t\t\t<div class=\"elementor-element elementor-element-d0276f3 elementor-widget elementor-widget-heading\" data-id=\"d0276f3\" data-element_type=\"widget\" data-widget_type=\"heading.default\">\n\t\t\t\t\t<h3 class=\"elementor-heading-title elementor-size-default\">Ficha del Hotel <\/h3>\t\t\t\t<\/div>\n\t\t\t\t<div class=\"elementor-element elementor-element-215b4fb elementor-widget elementor-widget-text-editor\" data-id=\"215b4fb\" data-element_type=\"widget\" data-widget_type=\"text-editor.default\">\n\t\t\t\t\t\t\t\t\t<p><a class=\"ceraboxanchorhotel\" href=\"https:\/\/www.centraldevacaciones.com\/ofertas-viajes\/Ofertas-Combinado-La-Habana-+-Varadero\/La-Habana-+-Varadero--\/reservas\/605#mas_info_cerabox_hotel_1785\">Tryp Habana Libre &#8211; Iberostar<\/a><\/p>\t\t\t\t\t\t\t\t<\/div>\n\t\t\t\t<div class=\"elementor-element elementor-element-ec921a3 elementor-widget elementor-widget-image\" data-id=\"ec921a3\" data-element_type=\"widget\" data-widget_type=\"image.default\">\n\t\t\t\t\t\t\t\t\t\t\t\t\t\t\t<img loading=\"lazy\" decoding=\"async\" width=\"300\" height=\"143\" src=\"https:\/\/www.centraldevacaciones.com\/blog\/wp-content\/uploads\/2016\/03\/2021-09-15_17h32_27-300x143.png\" class=\"attachment-medium size-medium wp-image-17817\" alt=\"\" srcset=\"https:\/\/www.centraldevacaciones.com\/blog\/wp-content\/uploads\/2016\/03\/2021-09-15_17h32_27-300x143.png 300w, https:\/\/www.centraldevacaciones.com\/blog\/wp-content\/uploads\/2016\/03\/2021-09-15_17h32_27-768x367.png 768w, https:\/\/www.centraldevacaciones.com\/blog\/wp-content\/uploads\/2016\/03\/2021-09-15_17h32_27.png 823w\" sizes=\"(max-width: 300px) 100vw, 300px\" \/>\t\t\t\t\t\t\t\t\t\t\t\t\t\t\t<\/div>\n\t\t\t\t\t<\/div>\n\t\t<\/div>\n\t\t\t\t\t<\/div>\n\t\t<\/section>\n\t\t\t\t<section class=\"elementor-section elementor-top-section elementor-element elementor-element-72e5aef elementor-section-boxed elementor-section-height-default elementor-section-height-default\" data-id=\"72e5aef\" data-element_type=\"section\">\n\t\t\t\t\t\t<div class=\"elementor-container elementor-column-gap-default\">\n\t\t\t\t\t<div class=\"elementor-column elementor-col-100 elementor-top-column elementor-element elementor-element-86c0182\" data-id=\"86c0182\" data-element_type=\"column\">\n\t\t\t<div class=\"elementor-widget-wrap elementor-element-populated\">\n\t\t\t\t\t\t<div class=\"elementor-element elementor-element-7bb0fb1 elementor-widget elementor-widget-heading\" data-id=\"7bb0fb1\" data-element_type=\"widget\" data-widget_type=\"heading.default\">\n\t\t\t\t\t<h3 class=\"elementor-heading-title elementor-size-default\">Ficha del Hotel <\/h3>\t\t\t\t<\/div>\n\t\t\t\t<div class=\"elementor-element elementor-element-b0ddcc9 elementor-widget elementor-widget-text-editor\" data-id=\"b0ddcc9\" data-element_type=\"widget\" data-widget_type=\"text-editor.default\">\n\t\t\t\t\t\t\t\t\t<p><a class=\"ceraboxanchorhotel\" href=\"https:\/\/www.centraldevacaciones.com\/ofertas-viajes\/Ofertas-Combinado-La-Habana-+-Varadero\/La-Habana-+-Varadero--\/reservas\/605#mas_info_cerabox_hotel_1786\">Iberostar Parque Central &#8211; Pa<\/a><\/p>\t\t\t\t\t\t\t\t<\/div>\n\t\t\t\t<div class=\"elementor-element elementor-element-af85cac elementor-widget elementor-widget-image\" data-id=\"af85cac\" data-element_type=\"widget\" data-widget_type=\"image.default\">\n\t\t\t\t\t\t\t\t\t\t\t\t\t\t\t<img loading=\"lazy\" decoding=\"async\" width=\"259\" height=\"194\" src=\"https:\/\/www.centraldevacaciones.com\/blog\/wp-content\/uploads\/2016\/03\/HIberostar-Parque-centraljpg_54d39f515044c.jpg\" class=\"attachment-medium size-medium wp-image-17819\" alt=\"\" \/>\t\t\t\t\t\t\t\t\t\t\t\t\t\t\t<\/div>\n\t\t\t\t\t<\/div>\n\t\t<\/div>\n\t\t\t\t\t<\/div>\n\t\t<\/section>\n\t\t\t\t<section class=\"elementor-section elementor-top-section elementor-element elementor-element-81ce378 elementor-section-boxed elementor-section-height-default elementor-section-height-default\" data-id=\"81ce378\" data-element_type=\"section\">\n\t\t\t\t\t\t<div class=\"elementor-container elementor-column-gap-default\">\n\t\t\t\t\t<div class=\"elementor-column elementor-col-100 elementor-top-column elementor-element elementor-element-ae08bd2\" data-id=\"ae08bd2\" data-element_type=\"column\">\n\t\t\t<div class=\"elementor-widget-wrap elementor-element-populated\">\n\t\t\t\t\t\t<div class=\"elementor-element elementor-element-6886348 elementor-widget elementor-widget-heading\" data-id=\"6886348\" data-element_type=\"widget\" data-widget_type=\"heading.default\">\n\t\t\t\t\t<h3 class=\"elementor-heading-title elementor-size-default\">Ficha del Hotel <\/h3>\t\t\t\t<\/div>\n\t\t\t\t<div class=\"elementor-element elementor-element-ff9cfa7 elementor-widget elementor-widget-text-editor\" data-id=\"ff9cfa7\" data-element_type=\"widget\" data-widget_type=\"text-editor.default\">\n\t\t\t\t\t\t\t\t\t<p><a class=\"ceraboxanchorhotel\" href=\"https:\/\/www.centraldevacaciones.com\/ofertas-viajes\/Ofertas-Combinado-La-Habana-+-Varadero\/La-Habana-+-Varadero--\/reservas\/605#mas_info_cerabox_hotel_1788\">Mercure Sevilla &#8211; Iberostar L<\/a><\/p>\t\t\t\t\t\t\t\t<\/div>\n\t\t\t\t<div class=\"elementor-element elementor-element-e58fb0e elementor-widget elementor-widget-image\" data-id=\"e58fb0e\" data-element_type=\"widget\" data-widget_type=\"image.default\">\n\t\t\t\t\t\t\t\t\t\t\t\t\t\t\t<img loading=\"lazy\" decoding=\"async\" width=\"300\" height=\"225\" src=\"https:\/\/www.centraldevacaciones.com\/blog\/wp-content\/uploads\/2016\/03\/HMercure-Sevillajpg_54d3a07e83d10-300x225.jpg\" class=\"attachment-medium size-medium wp-image-17820\" alt=\"\" srcset=\"https:\/\/www.centraldevacaciones.com\/blog\/wp-content\/uploads\/2016\/03\/HMercure-Sevillajpg_54d3a07e83d10-300x225.jpg 300w, https:\/\/www.centraldevacaciones.com\/blog\/wp-content\/uploads\/2016\/03\/HMercure-Sevillajpg_54d3a07e83d10.jpg 346w\" sizes=\"(max-width: 300px) 100vw, 300px\" \/>\t\t\t\t\t\t\t\t\t\t\t\t\t\t\t<\/div>\n\t\t\t\t\t<\/div>\n\t\t<\/div>\n\t\t\t\t\t<\/div>\n\t\t<\/section>\n\t\t\t\t<section class=\"elementor-section elementor-top-section elementor-element elementor-element-5c7bc13 elementor-section-boxed elementor-section-height-default elementor-section-height-default\" data-id=\"5c7bc13\" data-element_type=\"section\">\n\t\t\t\t\t\t<div class=\"elementor-container elementor-column-gap-default\">\n\t\t\t\t\t<div class=\"elementor-column elementor-col-100 elementor-top-column elementor-element elementor-element-a650eff\" data-id=\"a650eff\" data-element_type=\"column\">\n\t\t\t<div class=\"elementor-widget-wrap elementor-element-populated\">\n\t\t\t\t\t\t<div class=\"elementor-element elementor-element-a21ddab elementor-widget elementor-widget-heading\" data-id=\"a21ddab\" data-element_type=\"widget\" data-widget_type=\"heading.default\">\n\t\t\t\t\t<h3 class=\"elementor-heading-title elementor-size-default\">Ficha del Hotel <\/h3>\t\t\t\t<\/div>\n\t\t\t\t<div class=\"elementor-element elementor-element-9bcc453 elementor-widget elementor-widget-text-editor\" data-id=\"9bcc453\" data-element_type=\"widget\" data-widget_type=\"text-editor.default\">\n\t\t\t\t\t\t\t\t\t<p><a class=\"ceraboxanchorhotel\" href=\"https:\/\/www.centraldevacaciones.com\/ofertas-viajes\/Ofertas-Combinado-La-Habana-+-Varadero\/La-Habana-+-Varadero--\/reservas\/605#mas_info_cerabox_hotel_1793\">Tryp Habana Libre &#8211; Melia Mar<\/a><\/p>\t\t\t\t\t\t\t\t<\/div>\n\t\t\t\t<div class=\"elementor-element elementor-element-7de1e08 elementor-widget elementor-widget-image\" data-id=\"7de1e08\" data-element_type=\"widget\" data-widget_type=\"image.default\">\n\t\t\t\t\t\t\t\t\t\t\t\t\t\t\t<img loading=\"lazy\" decoding=\"async\" width=\"300\" height=\"225\" src=\"https:\/\/www.centraldevacaciones.com\/blog\/wp-content\/uploads\/2016\/03\/HMercure-Sevillajpg_54d3a07e83d10-300x225.jpg\" class=\"attachment-medium size-medium wp-image-17820\" alt=\"\" srcset=\"https:\/\/www.centraldevacaciones.com\/blog\/wp-content\/uploads\/2016\/03\/HMercure-Sevillajpg_54d3a07e83d10-300x225.jpg 300w, https:\/\/www.centraldevacaciones.com\/blog\/wp-content\/uploads\/2016\/03\/HMercure-Sevillajpg_54d3a07e83d10.jpg 346w\" sizes=\"(max-width: 300px) 100vw, 300px\" \/>\t\t\t\t\t\t\t\t\t\t\t\t\t\t\t<\/div>\n\t\t\t\t\t<\/div>\n\t\t<\/div>\n\t\t\t\t\t<\/div>\n\t\t<\/section>\n\t\t\t\t<section class=\"elementor-section elementor-top-section elementor-element elementor-element-ed2c084 elementor-section-boxed elementor-section-height-default elementor-section-height-default\" data-id=\"ed2c084\" data-element_type=\"section\">\n\t\t\t\t\t\t<div class=\"elementor-container elementor-column-gap-default\">\n\t\t\t\t\t<div class=\"elementor-column elementor-col-100 elementor-top-column elementor-element elementor-element-7eee3c4\" data-id=\"7eee3c4\" data-element_type=\"column\">\n\t\t\t<div class=\"elementor-widget-wrap elementor-element-populated\">\n\t\t\t\t\t\t<div class=\"elementor-element elementor-element-e3bf90e elementor-widget elementor-widget-heading\" data-id=\"e3bf90e\" data-element_type=\"widget\" data-widget_type=\"heading.default\">\n\t\t\t\t\t<h3 class=\"elementor-heading-title elementor-size-default\">Ficha del Hotel <\/h3>\t\t\t\t<\/div>\n\t\t\t\t<div class=\"elementor-element elementor-element-eb72fee elementor-widget elementor-widget-text-editor\" data-id=\"eb72fee\" data-element_type=\"widget\" data-widget_type=\"text-editor.default\">\n\t\t\t\t\t\t\t\t\t<p><a class=\"ceraboxanchorhotel\" href=\"https:\/\/www.centraldevacaciones.com\/ofertas-viajes\/Ofertas-Combinado-La-Habana-+-Varadero\/La-Habana-+-Varadero--\/reservas\/605#mas_info_cerabox_hotel_1879\">Tryp Habana Libre &#8211; Sol Palme<\/a><\/p>\t\t\t\t\t\t\t\t<\/div>\n\t\t\t\t<div class=\"elementor-element elementor-element-3172d07 elementor-widget elementor-widget-image\" data-id=\"3172d07\" data-element_type=\"widget\" data-widget_type=\"image.default\">\n\t\t\t\t\t\t\t\t\t\t\t\t\t\t\t<img loading=\"lazy\" decoding=\"async\" width=\"300\" height=\"225\" src=\"https:\/\/www.centraldevacaciones.com\/blog\/wp-content\/uploads\/2016\/03\/HMercure-Sevillajpg_54d3a07e83d10-300x225.jpg\" class=\"attachment-medium size-medium wp-image-17820\" alt=\"\" srcset=\"https:\/\/www.centraldevacaciones.com\/blog\/wp-content\/uploads\/2016\/03\/HMercure-Sevillajpg_54d3a07e83d10-300x225.jpg 300w, https:\/\/www.centraldevacaciones.com\/blog\/wp-content\/uploads\/2016\/03\/HMercure-Sevillajpg_54d3a07e83d10.jpg 346w\" sizes=\"(max-width: 300px) 100vw, 300px\" \/>\t\t\t\t\t\t\t\t\t\t\t\t\t\t\t<\/div>\n\t\t\t\t\t<\/div>\n\t\t<\/div>\n\t\t\t\t\t<\/div>\n\t\t<\/section>\n\t\t\t\t<section class=\"elementor-section elementor-top-section elementor-element elementor-element-4a8750f elementor-section-boxed elementor-section-height-default elementor-section-height-default\" data-id=\"4a8750f\" data-element_type=\"section\">\n\t\t\t\t\t\t<div class=\"elementor-container elementor-column-gap-default\">\n\t\t\t\t\t<div class=\"elementor-column elementor-col-100 elementor-top-column elementor-element elementor-element-5c55162\" data-id=\"5c55162\" data-element_type=\"column\">\n\t\t\t<div class=\"elementor-widget-wrap elementor-element-populated\">\n\t\t\t\t\t\t<div class=\"elementor-element elementor-element-f681fdc elementor-widget elementor-widget-heading\" data-id=\"f681fdc\" data-element_type=\"widget\" data-widget_type=\"heading.default\">\n\t\t\t\t\t<h3 class=\"elementor-heading-title elementor-size-default\">Ficha del Hotel <\/h3>\t\t\t\t<\/div>\n\t\t\t\t<div class=\"elementor-element elementor-element-59f727e elementor-widget elementor-widget-text-editor\" data-id=\"59f727e\" data-element_type=\"widget\" data-widget_type=\"text-editor.default\">\n\t\t\t\t\t\t\t\t\t<p><a class=\"ceraboxanchorhotel\" href=\"https:\/\/www.centraldevacaciones.com\/ofertas-viajes\/Ofertas-Combinado-La-Habana-+-Varadero\/La-Habana-+-Varadero--\/reservas\/605#mas_info_cerabox_hotel_1895\">Memories Miramar Habana-Memor<\/a><\/p>\t\t\t\t\t\t\t\t<\/div>\n\t\t\t\t<div class=\"elementor-element elementor-element-f7cd62b elementor-widget elementor-widget-image\" data-id=\"f7cd62b\" data-element_type=\"widget\" data-widget_type=\"image.default\">\n\t\t\t\t\t\t\t\t\t\t\t\t\t\t\t<img loading=\"lazy\" decoding=\"async\" width=\"300\" height=\"128\" src=\"https:\/\/www.centraldevacaciones.com\/blog\/wp-content\/uploads\/2016\/03\/2021-09-15_17h41_49-300x128.png\" class=\"attachment-medium size-medium wp-image-17821\" alt=\"\" srcset=\"https:\/\/www.centraldevacaciones.com\/blog\/wp-content\/uploads\/2016\/03\/2021-09-15_17h41_49-300x128.png 300w, https:\/\/www.centraldevacaciones.com\/blog\/wp-content\/uploads\/2016\/03\/2021-09-15_17h41_49-768x327.png 768w, https:\/\/www.centraldevacaciones.com\/blog\/wp-content\/uploads\/2016\/03\/2021-09-15_17h41_49.png 822w\" sizes=\"(max-width: 300px) 100vw, 300px\" \/>\t\t\t\t\t\t\t\t\t\t\t\t\t\t\t<\/div>\n\t\t\t\t\t<\/div>\n\t\t<\/div>\n\t\t\t\t\t<\/div>\n\t\t<\/section>\n\t\t\t\t<section class=\"elementor-section elementor-top-section elementor-element elementor-element-a95e992 elementor-section-boxed elementor-section-height-default elementor-section-height-default\" data-id=\"a95e992\" data-element_type=\"section\">\n\t\t\t\t\t\t<div class=\"elementor-container elementor-column-gap-default\">\n\t\t\t\t\t<div class=\"elementor-column elementor-col-100 elementor-top-column elementor-element elementor-element-40767ed\" data-id=\"40767ed\" data-element_type=\"column\">\n\t\t\t<div class=\"elementor-widget-wrap elementor-element-populated\">\n\t\t\t\t\t\t<div class=\"elementor-element elementor-element-aea5868 elementor-widget elementor-widget-heading\" data-id=\"aea5868\" data-element_type=\"widget\" data-widget_type=\"heading.default\">\n\t\t\t\t\t<h3 class=\"elementor-heading-title elementor-size-default\">Ficha del Hotel <\/h3>\t\t\t\t<\/div>\n\t\t\t\t<div class=\"elementor-element elementor-element-e21ee01 elementor-widget elementor-widget-text-editor\" data-id=\"e21ee01\" data-element_type=\"widget\" data-widget_type=\"text-editor.default\">\n\t\t\t\t\t\t\t\t\t<p><a class=\"ceraboxanchorhotel\" href=\"https:\/\/www.centraldevacaciones.com\/ofertas-viajes\/Ofertas-Combinado-La-Habana-+-Varadero\/La-Habana-+-Varadero--\/reservas\/605#mas_info_cerabox_hotel_1896\">Roc Presidente-Blau Marina Va<\/a><\/p>\t\t\t\t\t\t\t\t<\/div>\n\t\t\t\t<div class=\"elementor-element elementor-element-3c925ae elementor-widget elementor-widget-image\" data-id=\"3c925ae\" data-element_type=\"widget\" data-widget_type=\"image.default\">\n\t\t\t\t\t\t\t\t\t\t\t\t\t\t\t<img loading=\"lazy\" decoding=\"async\" width=\"300\" height=\"165\" src=\"https:\/\/www.centraldevacaciones.com\/blog\/wp-content\/uploads\/2016\/03\/2021-09-15_17h42_46-300x165.png\" class=\"attachment-medium size-medium wp-image-17822\" alt=\"\" srcset=\"https:\/\/www.centraldevacaciones.com\/blog\/wp-content\/uploads\/2016\/03\/2021-09-15_17h42_46-300x165.png 300w, https:\/\/www.centraldevacaciones.com\/blog\/wp-content\/uploads\/2016\/03\/2021-09-15_17h42_46-768x423.png 768w, https:\/\/www.centraldevacaciones.com\/blog\/wp-content\/uploads\/2016\/03\/2021-09-15_17h42_46.png 824w\" sizes=\"(max-width: 300px) 100vw, 300px\" \/>\t\t\t\t\t\t\t\t\t\t\t\t\t\t\t<\/div>\n\t\t\t\t\t<\/div>\n\t\t<\/div>\n\t\t\t\t\t<\/div>\n\t\t<\/section>\n\t\t\t\t<section class=\"elementor-section elementor-top-section elementor-element elementor-element-b35b344 elementor-section-boxed elementor-section-height-default elementor-section-height-default\" data-id=\"b35b344\" data-element_type=\"section\">\n\t\t\t\t\t\t<div class=\"elementor-container elementor-column-gap-default\">\n\t\t\t\t\t<div class=\"elementor-column elementor-col-100 elementor-top-column elementor-element elementor-element-b89fa8c\" data-id=\"b89fa8c\" data-element_type=\"column\">\n\t\t\t<div class=\"elementor-widget-wrap elementor-element-populated\">\n\t\t\t\t\t\t<div class=\"elementor-element elementor-element-e38875d elementor-widget elementor-widget-heading\" data-id=\"e38875d\" data-element_type=\"widget\" data-widget_type=\"heading.default\">\n\t\t\t\t\t<h3 class=\"elementor-heading-title elementor-size-default\">Ficha del Hotel <\/h3>\t\t\t\t<\/div>\n\t\t\t\t<div class=\"elementor-element elementor-element-b80e7bc elementor-widget elementor-widget-text-editor\" data-id=\"b80e7bc\" data-element_type=\"widget\" data-widget_type=\"text-editor.default\">\n\t\t\t\t\t\t\t\t\t<p><a class=\"ceraboxanchorhotel\" href=\"https:\/\/www.centraldevacaciones.com\/ofertas-viajes\/Ofertas-Combinado-La-Habana-+-Varadero\/La-Habana-+-Varadero--\/reservas\/605#mas_info_cerabox_hotel_1897\">Tryp Habana Libre &#8211; Melia Pen<\/a><\/p>\t\t\t\t\t\t\t\t<\/div>\n\t\t\t\t<div class=\"elementor-element elementor-element-974bf59 elementor-widget elementor-widget-image\" data-id=\"974bf59\" data-element_type=\"widget\" data-widget_type=\"image.default\">\n\t\t\t\t\t\t\t\t\t\t\t\t\t\t\t<img loading=\"lazy\" decoding=\"async\" width=\"300\" height=\"165\" src=\"https:\/\/www.centraldevacaciones.com\/blog\/wp-content\/uploads\/2016\/03\/2021-09-15_17h42_46-300x165.png\" class=\"attachment-medium size-medium wp-image-17822\" alt=\"\" srcset=\"https:\/\/www.centraldevacaciones.com\/blog\/wp-content\/uploads\/2016\/03\/2021-09-15_17h42_46-300x165.png 300w, https:\/\/www.centraldevacaciones.com\/blog\/wp-content\/uploads\/2016\/03\/2021-09-15_17h42_46-768x423.png 768w, https:\/\/www.centraldevacaciones.com\/blog\/wp-content\/uploads\/2016\/03\/2021-09-15_17h42_46.png 824w\" sizes=\"(max-width: 300px) 100vw, 300px\" \/>\t\t\t\t\t\t\t\t\t\t\t\t\t\t\t<\/div>\n\t\t\t\t\t<\/div>\n\t\t<\/div>\n\t\t\t\t\t<\/div>\n\t\t<\/section>\n\t\t\t\t<section class=\"elementor-section elementor-top-section elementor-element elementor-element-481d53a elementor-section-boxed elementor-section-height-default elementor-section-height-default\" data-id=\"481d53a\" data-element_type=\"section\">\n\t\t\t\t\t\t<div class=\"elementor-container elementor-column-gap-default\">\n\t\t\t\t\t<div class=\"elementor-column elementor-col-100 elementor-top-column elementor-element elementor-element-eb4e915\" data-id=\"eb4e915\" data-element_type=\"column\">\n\t\t\t<div class=\"elementor-widget-wrap elementor-element-populated\">\n\t\t\t\t\t\t<div class=\"elementor-element elementor-element-d9c350f elementor-widget elementor-widget-heading\" data-id=\"d9c350f\" data-element_type=\"widget\" data-widget_type=\"heading.default\">\n\t\t\t\t\t<h3 class=\"elementor-heading-title elementor-size-default\">Ficha del Hotel <\/h3>\t\t\t\t<\/div>\n\t\t\t\t<div class=\"elementor-element elementor-element-ad0a2b3 elementor-widget elementor-widget-text-editor\" data-id=\"ad0a2b3\" data-element_type=\"widget\" data-widget_type=\"text-editor.default\">\n\t\t\t\t\t\t\t\t\t<p><a class=\"ceraboxanchorhotel\" href=\"https:\/\/www.centraldevacaciones.com\/ofertas-viajes\/Ofertas-Combinado-La-Habana-+-Varadero\/La-Habana-+-Varadero--\/reservas\/605#mas_info_cerabox_hotel_1948\">Tel\u00e9grafo Boutique &#8211; Iberosta<\/a><\/p>\t\t\t\t\t\t\t\t<\/div>\n\t\t\t\t<div class=\"elementor-element elementor-element-871555e elementor-widget elementor-widget-image\" data-id=\"871555e\" data-element_type=\"widget\" data-widget_type=\"image.default\">\n\t\t\t\t\t\t\t\t\t\t\t\t\t\t\t<img loading=\"lazy\" decoding=\"async\" width=\"259\" height=\"194\" src=\"https:\/\/www.centraldevacaciones.com\/blog\/wp-content\/uploads\/2016\/03\/HTelegrafojpg_55378004558d0.jpg\" class=\"attachment-medium size-medium wp-image-17823\" alt=\"\" \/>\t\t\t\t\t\t\t\t\t\t\t\t\t\t\t<\/div>\n\t\t\t\t\t<\/div>\n\t\t<\/div>\n\t\t\t\t\t<\/div>\n\t\t<\/section>\n\t\t\t\t<section class=\"elementor-section elementor-top-section elementor-element elementor-element-1a226cf elementor-section-boxed elementor-section-height-default elementor-section-height-default\" data-id=\"1a226cf\" data-element_type=\"section\">\n\t\t\t\t\t\t<div class=\"elementor-container elementor-column-gap-default\">\n\t\t\t\t\t<div class=\"elementor-column elementor-col-100 elementor-top-column elementor-element elementor-element-6443456\" data-id=\"6443456\" data-element_type=\"column\">\n\t\t\t<div class=\"elementor-widget-wrap elementor-element-populated\">\n\t\t\t\t\t\t<div class=\"elementor-element elementor-element-10260ed elementor-widget elementor-widget-heading\" data-id=\"10260ed\" data-element_type=\"widget\" data-widget_type=\"heading.default\">\n\t\t\t\t\t<h3 class=\"elementor-heading-title elementor-size-default\">Ficha del Hotel <\/h3>\t\t\t\t<\/div>\n\t\t\t\t<div class=\"elementor-element elementor-element-4a2b56a elementor-widget elementor-widget-text-editor\" data-id=\"4a2b56a\" data-element_type=\"widget\" data-widget_type=\"text-editor.default\">\n\t\t\t\t\t\t\t\t\t<p><a class=\"ceraboxanchorhotel\" href=\"https:\/\/www.centraldevacaciones.com\/ofertas-viajes\/Ofertas-Combinado-La-Habana-+-Varadero\/La-Habana-+-Varadero--\/reservas\/605#mas_info_cerabox_hotel_1968\">Neptuno Trit\u00f3n &#8211; Aguas Azules<\/a><\/p>\t\t\t\t\t\t\t\t<\/div>\n\t\t\t\t<div class=\"elementor-element elementor-element-ac23a8e elementor-widget elementor-widget-image\" data-id=\"ac23a8e\" data-element_type=\"widget\" data-widget_type=\"image.default\">\n\t\t\t\t\t\t\t\t\t\t\t\t\t\t\t<img loading=\"lazy\" decoding=\"async\" width=\"185\" height=\"142\" src=\"https:\/\/www.centraldevacaciones.com\/blog\/wp-content\/uploads\/2016\/03\/HNeptuno-Tritonjpg_555c54bf287ee.jpg\" class=\"attachment-medium size-medium wp-image-17824\" alt=\"\" \/>\t\t\t\t\t\t\t\t\t\t\t\t\t\t\t<\/div>\n\t\t\t\t\t<\/div>\n\t\t<\/div>\n\t\t\t\t\t<\/div>\n\t\t<\/section>\n\t\t\t\t<section class=\"elementor-section elementor-top-section elementor-element elementor-element-a05790b elementor-section-boxed elementor-section-height-default elementor-section-height-default\" data-id=\"a05790b\" data-element_type=\"section\">\n\t\t\t\t\t\t<div class=\"elementor-container elementor-column-gap-default\">\n\t\t\t\t\t<div class=\"elementor-column elementor-col-100 elementor-top-column elementor-element elementor-element-8258ea1\" data-id=\"8258ea1\" data-element_type=\"column\">\n\t\t\t<div class=\"elementor-widget-wrap elementor-element-populated\">\n\t\t\t\t\t\t<div class=\"elementor-element elementor-element-03104a4 elementor-widget elementor-widget-heading\" data-id=\"03104a4\" data-element_type=\"widget\" data-widget_type=\"heading.default\">\n\t\t\t\t\t<h3 class=\"elementor-heading-title elementor-size-default\">Ficha del Hotel <\/h3>\t\t\t\t<\/div>\n\t\t\t\t<div class=\"elementor-element elementor-element-8b2fd41 elementor-widget elementor-widget-text-editor\" data-id=\"8b2fd41\" data-element_type=\"widget\" data-widget_type=\"text-editor.default\">\n\t\t\t\t\t\t\t\t\t<p><a class=\"ceraboxanchorhotel\" href=\"https:\/\/www.centraldevacaciones.com\/ofertas-viajes\/Ofertas-Combinado-La-Habana-+-Varadero\/La-Habana-+-Varadero--\/reservas\/605#mas_info_cerabox_hotel_2170\">Tryp Habana Libre &#8211; Mercure P<\/a><\/p>\t\t\t\t\t\t\t\t<\/div>\n\t\t\t\t<div class=\"elementor-element elementor-element-12e5ef3 elementor-widget elementor-widget-image\" data-id=\"12e5ef3\" data-element_type=\"widget\" data-widget_type=\"image.default\">\n\t\t\t\t\t\t\t\t\t\t\t\t\t\t\t<img loading=\"lazy\" decoding=\"async\" width=\"185\" height=\"142\" src=\"https:\/\/www.centraldevacaciones.com\/blog\/wp-content\/uploads\/2016\/03\/HNeptuno-Tritonjpg_555c54bf287ee.jpg\" class=\"attachment-medium size-medium wp-image-17824\" alt=\"\" \/>\t\t\t\t\t\t\t\t\t\t\t\t\t\t\t<\/div>\n\t\t\t\t\t<\/div>\n\t\t<\/div>\n\t\t\t\t\t<\/div>\n\t\t<\/section>\n\t\t\t\t<section class=\"elementor-section elementor-top-section elementor-element elementor-element-8662dbb elementor-section-boxed elementor-section-height-default elementor-section-height-default\" data-id=\"8662dbb\" data-element_type=\"section\">\n\t\t\t\t\t\t<div class=\"elementor-container elementor-column-gap-default\">\n\t\t\t\t\t<div class=\"elementor-column elementor-col-100 elementor-top-column elementor-element elementor-element-5694a13\" data-id=\"5694a13\" data-element_type=\"column\">\n\t\t\t<div class=\"elementor-widget-wrap elementor-element-populated\">\n\t\t\t\t\t\t<div class=\"elementor-element elementor-element-47b5fb2 elementor-widget elementor-widget-heading\" data-id=\"47b5fb2\" data-element_type=\"widget\" data-widget_type=\"heading.default\">\n\t\t\t\t\t<h3 class=\"elementor-heading-title elementor-size-default\">Ficha del Hotel <\/h3>\t\t\t\t<\/div>\n\t\t\t\t<div class=\"elementor-element elementor-element-d099858 elementor-widget elementor-widget-text-editor\" data-id=\"d099858\" data-element_type=\"widget\" data-widget_type=\"text-editor.default\">\n\t\t\t\t\t\t\t\t\t<p><a class=\"ceraboxanchorhotel\" href=\"https:\/\/www.centraldevacaciones.com\/ofertas-viajes\/Ofertas-Combinado-La-Habana-+-Varadero\/La-Habana-+-Varadero--\/reservas\/605#mas_info_cerabox_hotel_2171\">NH Capri &#8211; Blau Marina Varade<\/a><\/p>\t\t\t\t\t\t\t\t<\/div>\n\t\t\t\t<div class=\"elementor-element elementor-element-dfe9789 elementor-widget elementor-widget-image\" data-id=\"dfe9789\" data-element_type=\"widget\" data-widget_type=\"image.default\">\n\t\t\t\t\t\t\t\t\t\t\t\t\t\t\t<img loading=\"lazy\" decoding=\"async\" width=\"185\" height=\"142\" src=\"https:\/\/www.centraldevacaciones.com\/blog\/wp-content\/uploads\/2016\/03\/HNeptuno-Tritonjpg_555c54bf287ee.jpg\" class=\"attachment-medium size-medium wp-image-17824\" alt=\"\" \/>\t\t\t\t\t\t\t\t\t\t\t\t\t\t\t<\/div>\n\t\t\t\t\t<\/div>\n\t\t<\/div>\n\t\t\t\t\t<\/div>\n\t\t<\/section>\n\t\t\t\t<section class=\"elementor-section elementor-top-section elementor-element elementor-element-0650fbf elementor-section-boxed elementor-section-height-default elementor-section-height-default\" data-id=\"0650fbf\" data-element_type=\"section\">\n\t\t\t\t\t\t<div class=\"elementor-container elementor-column-gap-default\">\n\t\t\t\t\t<div class=\"elementor-column elementor-col-100 elementor-top-column elementor-element elementor-element-720172a\" data-id=\"720172a\" data-element_type=\"column\">\n\t\t\t<div class=\"elementor-widget-wrap elementor-element-populated\">\n\t\t\t\t\t\t<div class=\"elementor-element elementor-element-6c4ca03 elementor-widget elementor-widget-heading\" data-id=\"6c4ca03\" data-element_type=\"widget\" data-widget_type=\"heading.default\">\n\t\t\t\t\t<h3 class=\"elementor-heading-title elementor-size-default\">Ficha del Hotel <\/h3>\t\t\t\t<\/div>\n\t\t\t\t<div class=\"elementor-element elementor-element-dad0418 elementor-widget elementor-widget-text-editor\" data-id=\"dad0418\" data-element_type=\"widget\" data-widget_type=\"text-editor.default\">\n\t\t\t\t\t\t\t\t\t<p><a class=\"ceraboxanchorhotel\" href=\"https:\/\/www.centraldevacaciones.com\/ofertas-viajes\/Ofertas-Combinado-La-Habana-+-Varadero\/La-Habana-+-Varadero--\/reservas\/605#mas_info_cerabox_hotel_2172\">NH Capri &#8211; Melia Marina Varad<\/a><\/p>\t\t\t\t\t\t\t\t<\/div>\n\t\t\t\t<div class=\"elementor-element elementor-element-4852cdf elementor-widget elementor-widget-image\" data-id=\"4852cdf\" data-element_type=\"widget\" data-widget_type=\"image.default\">\n\t\t\t\t\t\t\t\t\t\t\t\t\t\t\t<img loading=\"lazy\" decoding=\"async\" width=\"185\" height=\"142\" src=\"https:\/\/www.centraldevacaciones.com\/blog\/wp-content\/uploads\/2016\/03\/HNeptuno-Tritonjpg_555c54bf287ee.jpg\" class=\"attachment-medium size-medium wp-image-17824\" alt=\"\" \/>\t\t\t\t\t\t\t\t\t\t\t\t\t\t\t<\/div>\n\t\t\t\t\t<\/div>\n\t\t<\/div>\n\t\t\t\t\t<\/div>\n\t\t<\/section>\n\t\t\t\t<section class=\"elementor-section elementor-top-section elementor-element elementor-element-120e2be elementor-section-boxed elementor-section-height-default elementor-section-height-default\" data-id=\"120e2be\" data-element_type=\"section\">\n\t\t\t\t\t\t<div class=\"elementor-container elementor-column-gap-default\">\n\t\t\t\t\t<div class=\"elementor-column elementor-col-100 elementor-top-column elementor-element elementor-element-3cc8a30\" data-id=\"3cc8a30\" data-element_type=\"column\">\n\t\t\t<div class=\"elementor-widget-wrap elementor-element-populated\">\n\t\t\t\t\t\t<div class=\"elementor-element elementor-element-8b26294 elementor-widget elementor-widget-heading\" data-id=\"8b26294\" data-element_type=\"widget\" data-widget_type=\"heading.default\">\n\t\t\t\t\t<h3 class=\"elementor-heading-title elementor-size-default\">Ficha del Hotel <\/h3>\t\t\t\t<\/div>\n\t\t\t\t<div class=\"elementor-element elementor-element-3f94ad1 elementor-widget elementor-widget-text-editor\" data-id=\"3f94ad1\" data-element_type=\"widget\" data-widget_type=\"text-editor.default\">\n\t\t\t\t\t\t\t\t\t<p><a class=\"ceraboxanchorhotel\" href=\"https:\/\/www.centraldevacaciones.com\/ofertas-viajes\/Ofertas-Combinado-La-Habana-+-Varadero\/La-Habana-+-Varadero--\/reservas\/605#mas_info_cerabox_hotel_2278\">Hotel 3* &#8211; Hotel 4*<br \/><span class=\"catHotel\">4<\/span><\/a><\/p>\t\t\t\t\t\t\t\t<\/div>\n\t\t\t\t<div class=\"elementor-element elementor-element-f497028 elementor-widget elementor-widget-image\" data-id=\"f497028\" data-element_type=\"widget\" data-widget_type=\"image.default\">\n\t\t\t\t\t\t\t\t\t\t\t\t\t\t\t<img loading=\"lazy\" decoding=\"async\" width=\"300\" height=\"143\" src=\"https:\/\/www.centraldevacaciones.com\/blog\/wp-content\/uploads\/2016\/03\/2021-09-15_17h34_05-300x143.png\" class=\"attachment-medium size-medium wp-image-17818\" alt=\"\" srcset=\"https:\/\/www.centraldevacaciones.com\/blog\/wp-content\/uploads\/2016\/03\/2021-09-15_17h34_05-300x143.png 300w, https:\/\/www.centraldevacaciones.com\/blog\/wp-content\/uploads\/2016\/03\/2021-09-15_17h34_05-768x366.png 768w, https:\/\/www.centraldevacaciones.com\/blog\/wp-content\/uploads\/2016\/03\/2021-09-15_17h34_05.png 827w\" sizes=\"(max-width: 300px) 100vw, 300px\" \/>\t\t\t\t\t\t\t\t\t\t\t\t\t\t\t<\/div>\n\t\t\t\t\t<\/div>\n\t\t<\/div>\n\t\t\t\t\t<\/div>\n\t\t<\/section>\n\t\t\t\t<section class=\"elementor-section elementor-top-section elementor-element elementor-element-bf6cb68 elementor-section-boxed elementor-section-height-default elementor-section-height-default\" data-id=\"bf6cb68\" data-element_type=\"section\">\n\t\t\t\t\t\t<div class=\"elementor-container elementor-column-gap-default\">\n\t\t\t\t\t<div class=\"elementor-column elementor-col-100 elementor-top-column elementor-element elementor-element-f14df43\" data-id=\"f14df43\" data-element_type=\"column\">\n\t\t\t<div class=\"elementor-widget-wrap elementor-element-populated\">\n\t\t\t\t\t\t<div class=\"elementor-element elementor-element-5047943 elementor-widget elementor-widget-heading\" data-id=\"5047943\" data-element_type=\"widget\" data-widget_type=\"heading.default\">\n\t\t\t\t\t<h3 class=\"elementor-heading-title elementor-size-default\">Ficha del Hotel <\/h3>\t\t\t\t<\/div>\n\t\t\t\t<div class=\"elementor-element elementor-element-e3ee048 elementor-widget elementor-widget-text-editor\" data-id=\"e3ee048\" data-element_type=\"widget\" data-widget_type=\"text-editor.default\">\n\t\t\t\t\t\t\t\t\t<p><a class=\"ceraboxanchorhotel\" href=\"https:\/\/www.centraldevacaciones.com\/ofertas-viajes\/Ofertas-Combinado-La-Habana-+-Varadero\/La-Habana-+-Varadero--\/reservas\/605#mas_info_cerabox_hotel_2341\">Meli\u00e1 Habana &#8211; Paradisus Vara<\/a><\/p>\t\t\t\t\t\t\t\t<\/div>\n\t\t\t\t<div class=\"elementor-element elementor-element-2cac993 elementor-widget elementor-widget-image\" data-id=\"2cac993\" data-element_type=\"widget\" data-widget_type=\"image.default\">\n\t\t\t\t\t\t\t\t\t\t\t\t\t\t\t<img loading=\"lazy\" decoding=\"async\" width=\"300\" height=\"143\" src=\"https:\/\/www.centraldevacaciones.com\/blog\/wp-content\/uploads\/2016\/03\/2021-09-15_17h34_05-300x143.png\" class=\"attachment-medium size-medium wp-image-17818\" alt=\"\" srcset=\"https:\/\/www.centraldevacaciones.com\/blog\/wp-content\/uploads\/2016\/03\/2021-09-15_17h34_05-300x143.png 300w, https:\/\/www.centraldevacaciones.com\/blog\/wp-content\/uploads\/2016\/03\/2021-09-15_17h34_05-768x366.png 768w, https:\/\/www.centraldevacaciones.com\/blog\/wp-content\/uploads\/2016\/03\/2021-09-15_17h34_05.png 827w\" sizes=\"(max-width: 300px) 100vw, 300px\" \/>\t\t\t\t\t\t\t\t\t\t\t\t\t\t\t<\/div>\n\t\t\t\t\t<\/div>\n\t\t<\/div>\n\t\t\t\t\t<\/div>\n\t\t<\/section>\n\t\t\t\t<section class=\"elementor-section elementor-top-section elementor-element elementor-element-d204bd4 elementor-section-boxed elementor-section-height-default elementor-section-height-default\" data-id=\"d204bd4\" data-element_type=\"section\">\n\t\t\t\t\t\t<div class=\"elementor-container elementor-column-gap-default\">\n\t\t\t\t\t<div class=\"elementor-column elementor-col-100 elementor-top-column elementor-element elementor-element-c0ab369\" data-id=\"c0ab369\" data-element_type=\"column\">\n\t\t\t<div class=\"elementor-widget-wrap elementor-element-populated\">\n\t\t\t\t\t\t<div class=\"elementor-element elementor-element-b37adb4 elementor-widget elementor-widget-heading\" data-id=\"b37adb4\" data-element_type=\"widget\" data-widget_type=\"heading.default\">\n\t\t\t\t\t<h3 class=\"elementor-heading-title elementor-size-default\">Ficha del Hotel <\/h3>\t\t\t\t<\/div>\n\t\t\t\t<div class=\"elementor-element elementor-element-88a5d5f elementor-widget elementor-widget-text-editor\" data-id=\"88a5d5f\" data-element_type=\"widget\" data-widget_type=\"text-editor.default\">\n\t\t\t\t\t\t\t\t\t<p><a class=\"ceraboxanchorhotel\" href=\"https:\/\/www.centraldevacaciones.com\/ofertas-viajes\/Ofertas-Combinado-La-Habana-+-Varadero\/La-Habana-+-Varadero--\/reservas\/605#mas_info_cerabox_hotel_2342\">Mercure Sevilla &#8211; Mercure Pla<\/a><\/p>\t\t\t\t\t\t\t\t<\/div>\n\t\t\t\t<div class=\"elementor-element elementor-element-cdb42fe elementor-widget elementor-widget-image\" data-id=\"cdb42fe\" data-element_type=\"widget\" data-widget_type=\"image.default\">\n\t\t\t\t\t\t\t\t\t\t\t\t\t\t\t<img loading=\"lazy\" decoding=\"async\" width=\"300\" height=\"225\" src=\"https:\/\/www.centraldevacaciones.com\/blog\/wp-content\/uploads\/2016\/03\/HMercure-Sevillajpg_54d3a07e83d10-300x225.jpg\" class=\"attachment-medium size-medium wp-image-17820\" alt=\"\" srcset=\"https:\/\/www.centraldevacaciones.com\/blog\/wp-content\/uploads\/2016\/03\/HMercure-Sevillajpg_54d3a07e83d10-300x225.jpg 300w, https:\/\/www.centraldevacaciones.com\/blog\/wp-content\/uploads\/2016\/03\/HMercure-Sevillajpg_54d3a07e83d10.jpg 346w\" sizes=\"(max-width: 300px) 100vw, 300px\" \/>\t\t\t\t\t\t\t\t\t\t\t\t\t\t\t<\/div>\n\t\t\t\t\t<\/div>\n\t\t<\/div>\n\t\t\t\t\t<\/div>\n\t\t<\/section>\n\t\t\t\t<section class=\"elementor-section elementor-top-section elementor-element elementor-element-1ba55e6 elementor-section-boxed elementor-section-height-default elementor-section-height-default\" data-id=\"1ba55e6\" data-element_type=\"section\">\n\t\t\t\t\t\t<div class=\"elementor-container elementor-column-gap-default\">\n\t\t\t\t\t<div class=\"elementor-column elementor-col-100 elementor-top-column elementor-element elementor-element-bdeb18e\" data-id=\"bdeb18e\" data-element_type=\"column\">\n\t\t\t<div class=\"elementor-widget-wrap elementor-element-populated\">\n\t\t\t\t\t\t<div class=\"elementor-element elementor-element-f629bca elementor-widget elementor-widget-heading\" data-id=\"f629bca\" data-element_type=\"widget\" data-widget_type=\"heading.default\">\n\t\t\t\t\t<h3 class=\"elementor-heading-title elementor-size-default\">Ficha del Hotel <\/h3>\t\t\t\t<\/div>\n\t\t\t\t<div class=\"elementor-element elementor-element-02feb89 elementor-widget elementor-widget-text-editor\" data-id=\"02feb89\" data-element_type=\"widget\" data-widget_type=\"text-editor.default\">\n\t\t\t\t\t\t\t\t\t<p><a class=\"ceraboxanchorhotel\" href=\"https:\/\/www.centraldevacaciones.com\/ofertas-viajes\/Ofertas-Combinado-La-Habana-+-Varadero\/La-Habana-+-Varadero--\/reservas\/605#mas_info_cerabox_hotel_2344\">Roc Presidente &#8211; Roc Arenas D<\/a><\/p>\t\t\t\t\t\t\t\t<\/div>\n\t\t\t\t<div class=\"elementor-element elementor-element-728f6f0 elementor-widget elementor-widget-image\" data-id=\"728f6f0\" data-element_type=\"widget\" data-widget_type=\"image.default\">\n\t\t\t\t\t\t\t\t\t\t\t\t\t\t\t<img loading=\"lazy\" decoding=\"async\" width=\"300\" height=\"165\" src=\"https:\/\/www.centraldevacaciones.com\/blog\/wp-content\/uploads\/2016\/03\/2021-09-15_17h42_46-300x165.png\" class=\"attachment-medium size-medium wp-image-17822\" alt=\"\" srcset=\"https:\/\/www.centraldevacaciones.com\/blog\/wp-content\/uploads\/2016\/03\/2021-09-15_17h42_46-300x165.png 300w, https:\/\/www.centraldevacaciones.com\/blog\/wp-content\/uploads\/2016\/03\/2021-09-15_17h42_46-768x423.png 768w, https:\/\/www.centraldevacaciones.com\/blog\/wp-content\/uploads\/2016\/03\/2021-09-15_17h42_46.png 824w\" sizes=\"(max-width: 300px) 100vw, 300px\" \/>\t\t\t\t\t\t\t\t\t\t\t\t\t\t\t<\/div>\n\t\t\t\t\t<\/div>\n\t\t<\/div>\n\t\t\t\t\t<\/div>\n\t\t<\/section>\n\t\t\t\t<section class=\"elementor-section elementor-top-section elementor-element elementor-element-d3294ef elementor-section-boxed elementor-section-height-default elementor-section-height-default\" data-id=\"d3294ef\" data-element_type=\"section\">\n\t\t\t\t\t\t<div class=\"elementor-container elementor-column-gap-default\">\n\t\t\t\t\t<div class=\"elementor-column elementor-col-100 elementor-top-column elementor-element elementor-element-e3bc438\" data-id=\"e3bc438\" data-element_type=\"column\">\n\t\t\t<div class=\"elementor-widget-wrap elementor-element-populated\">\n\t\t\t\t\t\t<div class=\"elementor-element elementor-element-a73bdd2 elementor-widget elementor-widget-heading\" data-id=\"a73bdd2\" data-element_type=\"widget\" data-widget_type=\"heading.default\">\n\t\t\t\t\t<h3 class=\"elementor-heading-title elementor-size-default\">Ficha del Hotel <\/h3>\t\t\t\t<\/div>\n\t\t\t\t<div class=\"elementor-element elementor-element-ec08495 elementor-widget elementor-widget-text-editor\" data-id=\"ec08495\" data-element_type=\"widget\" data-widget_type=\"text-editor.default\">\n\t\t\t\t\t\t\t\t\t<p><a class=\"ceraboxanchorhotel\" href=\"https:\/\/www.centraldevacaciones.com\/ofertas-viajes\/Ofertas-Combinado-La-Habana-+-Varadero\/La-Habana-+-Varadero--\/reservas\/605#mas_info_cerabox_hotel_2382\">Tryp Habana Libre + Blau Mari<\/a><\/p>\t\t\t\t\t\t\t\t<\/div>\n\t\t\t\t<div class=\"elementor-element elementor-element-7b69f26 elementor-widget elementor-widget-image\" data-id=\"7b69f26\" data-element_type=\"widget\" data-widget_type=\"image.default\">\n\t\t\t\t\t\t\t\t\t\t\t\t\t\t\t<img loading=\"lazy\" decoding=\"async\" width=\"300\" height=\"143\" src=\"https:\/\/www.centraldevacaciones.com\/blog\/wp-content\/uploads\/2016\/03\/2021-09-15_17h32_27-300x143.png\" class=\"attachment-medium size-medium wp-image-17817\" alt=\"\" srcset=\"https:\/\/www.centraldevacaciones.com\/blog\/wp-content\/uploads\/2016\/03\/2021-09-15_17h32_27-300x143.png 300w, https:\/\/www.centraldevacaciones.com\/blog\/wp-content\/uploads\/2016\/03\/2021-09-15_17h32_27-768x367.png 768w, https:\/\/www.centraldevacaciones.com\/blog\/wp-content\/uploads\/2016\/03\/2021-09-15_17h32_27.png 823w\" sizes=\"(max-width: 300px) 100vw, 300px\" \/>\t\t\t\t\t\t\t\t\t\t\t\t\t\t\t<\/div>\n\t\t\t\t\t<\/div>\n\t\t<\/div>\n\t\t\t\t\t<\/div>\n\t\t<\/section>\n\t\t\t\t<section class=\"elementor-section elementor-top-section elementor-element elementor-element-9e724df elementor-section-boxed elementor-section-height-default elementor-section-height-default\" data-id=\"9e724df\" data-element_type=\"section\">\n\t\t\t\t\t\t<div class=\"elementor-container elementor-column-gap-default\">\n\t\t\t\t\t<div class=\"elementor-column elementor-col-100 elementor-top-column elementor-element elementor-element-7322d5e\" data-id=\"7322d5e\" data-element_type=\"column\">\n\t\t\t<div class=\"elementor-widget-wrap elementor-element-populated\">\n\t\t\t\t\t\t<div class=\"elementor-element elementor-element-f39c483 elementor-widget elementor-widget-heading\" data-id=\"f39c483\" data-element_type=\"widget\" data-widget_type=\"heading.default\">\n\t\t\t\t\t<h3 class=\"elementor-heading-title elementor-size-default\">Ficha del Hotel <\/h3>\t\t\t\t<\/div>\n\t\t\t\t<div class=\"elementor-element elementor-element-0ba65b1 elementor-widget elementor-widget-text-editor\" data-id=\"0ba65b1\" data-element_type=\"widget\" data-widget_type=\"text-editor.default\">\n\t\t\t\t\t\t\t\t\t<p><a class=\"ceraboxanchorhotel\" href=\"https:\/\/www.centraldevacaciones.com\/ofertas-viajes\/Ofertas-Combinado-La-Habana-+-Varadero\/La-Habana-+-Varadero--\/reservas\/605#mas_info_cerabox_hotel_2399\">Melia Cohiba &#8211; Melia Marina V<\/a><\/p>\t\t\t\t\t\t\t\t<\/div>\n\t\t\t\t<div class=\"elementor-element elementor-element-445fc97 elementor-widget elementor-widget-image\" data-id=\"445fc97\" data-element_type=\"widget\" data-widget_type=\"image.default\">\n\t\t\t\t\t\t\t\t\t\t\t\t\t\t\t<img loading=\"lazy\" decoding=\"async\" width=\"300\" height=\"143\" src=\"https:\/\/www.centraldevacaciones.com\/blog\/wp-content\/uploads\/2016\/03\/2021-09-15_17h34_05-300x143.png\" class=\"attachment-medium size-medium wp-image-17818\" alt=\"\" srcset=\"https:\/\/www.centraldevacaciones.com\/blog\/wp-content\/uploads\/2016\/03\/2021-09-15_17h34_05-300x143.png 300w, https:\/\/www.centraldevacaciones.com\/blog\/wp-content\/uploads\/2016\/03\/2021-09-15_17h34_05-768x366.png 768w, https:\/\/www.centraldevacaciones.com\/blog\/wp-content\/uploads\/2016\/03\/2021-09-15_17h34_05.png 827w\" sizes=\"(max-width: 300px) 100vw, 300px\" \/>\t\t\t\t\t\t\t\t\t\t\t\t\t\t\t<\/div>\n\t\t\t\t\t<\/div>\n\t\t<\/div>\n\t\t\t\t\t<\/div>\n\t\t<\/section>\n\t\t\t\t<section class=\"elementor-section elementor-top-section elementor-element elementor-element-c08a7c3 elementor-section-boxed elementor-section-height-default elementor-section-height-default\" data-id=\"c08a7c3\" data-element_type=\"section\">\n\t\t\t\t\t\t<div class=\"elementor-container elementor-column-gap-default\">\n\t\t\t\t\t<div class=\"elementor-column elementor-col-100 elementor-top-column elementor-element elementor-element-9c275e4\" data-id=\"9c275e4\" data-element_type=\"column\">\n\t\t\t<div class=\"elementor-widget-wrap elementor-element-populated\">\n\t\t\t\t\t\t<div class=\"elementor-element elementor-element-9311599 elementor-widget elementor-widget-heading\" data-id=\"9311599\" data-element_type=\"widget\" data-widget_type=\"heading.default\">\n\t\t\t\t\t<h3 class=\"elementor-heading-title elementor-size-default\">Ficha del Hotel <\/h3>\t\t\t\t<\/div>\n\t\t\t\t<div class=\"elementor-element elementor-element-c2e1739 elementor-widget elementor-widget-text-editor\" data-id=\"c2e1739\" data-element_type=\"widget\" data-widget_type=\"text-editor.default\">\n\t\t\t\t\t\t\t\t\t<p><a class=\"ceraboxanchorhotel\" href=\"https:\/\/www.centraldevacaciones.com\/ofertas-viajes\/Ofertas-Combinado-La-Habana-+-Varadero\/La-Habana-+-Varadero--\/reservas\/605#mas_info_cerabox_hotel_2399\">Melia Cohiba &#8211; Melia Marina V<\/a><\/p>\t\t\t\t\t\t\t\t<\/div>\n\t\t\t\t<div class=\"elementor-element elementor-element-b73f79c elementor-widget elementor-widget-image\" data-id=\"b73f79c\" data-element_type=\"widget\" data-widget_type=\"image.default\">\n\t\t\t\t\t\t\t\t\t\t\t\t\t\t\t<img loading=\"lazy\" decoding=\"async\" width=\"300\" height=\"143\" src=\"https:\/\/www.centraldevacaciones.com\/blog\/wp-content\/uploads\/2016\/03\/2021-09-15_17h34_05-300x143.png\" class=\"attachment-medium size-medium wp-image-17818\" alt=\"\" srcset=\"https:\/\/www.centraldevacaciones.com\/blog\/wp-content\/uploads\/2016\/03\/2021-09-15_17h34_05-300x143.png 300w, https:\/\/www.centraldevacaciones.com\/blog\/wp-content\/uploads\/2016\/03\/2021-09-15_17h34_05-768x366.png 768w, https:\/\/www.centraldevacaciones.com\/blog\/wp-content\/uploads\/2016\/03\/2021-09-15_17h34_05.png 827w\" sizes=\"(max-width: 300px) 100vw, 300px\" \/>\t\t\t\t\t\t\t\t\t\t\t\t\t\t\t<\/div>\n\t\t\t\t\t<\/div>\n\t\t<\/div>\n\t\t\t\t\t<\/div>\n\t\t<\/section>\n\t\t\t\t<section class=\"elementor-section elementor-top-section elementor-element elementor-element-45b4b26 elementor-section-boxed elementor-section-height-default elementor-section-height-default\" data-id=\"45b4b26\" data-element_type=\"section\">\n\t\t\t\t\t\t<div class=\"elementor-container elementor-column-gap-default\">\n\t\t\t\t\t<div class=\"elementor-column elementor-col-100 elementor-top-column elementor-element elementor-element-6d6ce33\" data-id=\"6d6ce33\" data-element_type=\"column\">\n\t\t\t<div class=\"elementor-widget-wrap elementor-element-populated\">\n\t\t\t\t\t\t<div class=\"elementor-element elementor-element-1a55006 elementor-widget elementor-widget-text-editor\" data-id=\"1a55006\" data-element_type=\"widget\" data-widget_type=\"text-editor.default\">\n\t\t\t\t\t\t\t\t\t<div id=\"info_contenido_5\" class=\"info_contenido \"><div class=\"cajaHotel_infoviaje sombra sinMR first\"><div class=\"producto hotel\"><div><strong>\u00bfQu\u00e9 sitios visitar en Varadero?<\/strong><\/div><\/div><\/div><\/div><p>Casa DuPont. Es una mansi\u00f3n ubicada en el punto m\u00e1s alto de la Pen\u00ednsula, popularmente conocida como la\u00a0<strong>Pe\u00f1a de San Bernardino<\/strong>. Se comenz\u00f3 a construir en el a\u00f1o 1927; hoy en d\u00eda es utilizado como un campo de Golf y restaurante, el cual se especializa en comida francesa con una amplia bodega de vinos. Para su construcci\u00f3n se utilizaron maderas muy finas, tal como cedro, caoba y m\u00e1rmoles cubanos, espa\u00f1oles e italianos; estos detalles permiten que contraste con el entorno.<\/p><p>Playa de Varadero: Es una de las\u00a0<strong>playas m\u00e1s conocidas del Caribe<\/strong>, no s\u00f3lo por sus matizadas y limpias aguas con el color blanco de la arena, sino tambi\u00e9n por poseer muchos rincones que inspiran encanto, tanto de d\u00eda como de noche. Posee un clima tropical con calor intenso que suele ser ba\u00f1ado por la brisa marina. La Playa de Varadero tiene tiendas y rincones en los cuales se puede degustar comidas, bebidas y disfrutar de buena m\u00fasica.<\/p><p>La pen\u00ednsula de hicacos: Es un\u00a0<strong>Parque Natural protegido<\/strong>, mundialmente conocido como la zona tur\u00edstica de Varadero. En \u00e9l se encuentran presentes variedades de especies de plantas, varias cuevas (entre esta la de Asombrosio) donde se encuentran f\u00f3siles y pinturas rupestres de abor\u00edgenes y una laguna empleada como mina de sal.<\/p>\t\t\t\t\t\t\t\t<\/div>\n\t\t\t\t\t<\/div>\n\t\t<\/div>\n\t\t\t\t\t<\/div>\n\t\t<\/section>\n\t\t\t\t<\/div>\n\t\t","protected":false},"excerpt":{"rendered":"<p>\u00a1M\u00e1s Ofertas para Cuba! Seguimos ofreci\u00e9ndote los mejores precios para viajar a la Isla Caribe\u00f1a. En esta ocasi\u00f3n te traemos una inmejorable oferta para el pr\u00f3ximo mes de mayo. Tu combinado Varadero + La Habana desde solo 779\u20ac, \u00a1Menudo Chollo!. Viaje a La Habana, Varadero \u00a0 Descubre Cuba con nuestras Ofertas. Disfruta durante 9 d\u00edas [&hellip;]<\/p>\n","protected":false},"author":1,"featured_media":0,"comment_status":"closed","ping_status":"open","sticky":false,"template":"elementor_theme","format":"standard","meta":{"_acf_changed":false,"footnotes":""},"categories":[297,3,208,206,204,205,12],"tags":[],"class_list":["post-500","post","type-post","status-publish","format-standard","hentry","category-caribe","category-cuba","category-ideas-escapadas","category-ideas-viajes-lujo","category-ideas-viajes-verano","category-ideas-viajes-low-cost","category-viajes"],"acf":[],"_links":{"self":[{"href":"https:\/\/www.centraldevacaciones.com\/blog\/wp-json\/wp\/v2\/posts\/500","targetHints":{"allow":["GET"]}}],"collection":[{"href":"https:\/\/www.centraldevacaciones.com\/blog\/wp-json\/wp\/v2\/posts"}],"about":[{"href":"https:\/\/www.centraldevacaciones.com\/blog\/wp-json\/wp\/v2\/types\/post"}],"author":[{"embeddable":true,"href":"https:\/\/www.centraldevacaciones.com\/blog\/wp-json\/wp\/v2\/users\/1"}],"replies":[{"embeddable":true,"href":"https:\/\/www.centraldevacaciones.com\/blog\/wp-json\/wp\/v2\/comments?post=500"}],"version-history":[{"count":0,"href":"https:\/\/www.centraldevacaciones.com\/blog\/wp-json\/wp\/v2\/posts\/500\/revisions"}],"wp:attachment":[{"href":"https:\/\/www.centraldevacaciones.com\/blog\/wp-json\/wp\/v2\/media?parent=500"}],"wp:term":[{"taxonomy":"category","embeddable":true,"href":"https:\/\/www.centraldevacaciones.com\/blog\/wp-json\/wp\/v2\/categories?post=500"},{"taxonomy":"post_tag","embeddable":true,"href":"https:\/\/www.centraldevacaciones.com\/blog\/wp-json\/wp\/v2\/tags?post=500"}],"curies":[{"name":"wp","href":"https:\/\/api.w.org\/{rel}","templated":true}]}}