{"id":4382,"date":"2017-01-12T18:08:32","date_gmt":"2017-01-12T17:08:32","guid":{"rendered":"http:\/\/blog.centraldevacaciones.com\/?p=3465"},"modified":"2021-06-30T18:17:55","modified_gmt":"2021-06-30T16:17:55","slug":"conociendo-los-paises-eslavos","status":"publish","type":"post","link":"https:\/\/www.centraldevacaciones.com\/blog\/conociendo-los-paises-eslavos\/","title":{"rendered":"Conociendo los Pa\u00edses eslavos"},"content":{"rendered":"<p>&nbsp;<\/p>\n<p>Los pa\u00edses eslavos se encuentran en Europa, tienen una historia en com\u00fan que los une, puesto que hasta el siglo VI viv\u00edan en la regi\u00f3n de los montes C\u00e1rpatos, pero tras el derrumbe del antiguo Imperio Romano, varias tribus eslavas se movieron hacia las regiones de Europa del este, hacia el sur y de all\u00ed a todo el continente europeo.<\/p>\n<p><strong>Los eslavos se pueden dividir en tres grandes grupos:<\/strong><\/p>\n<ul>\n<li>Eslavos occidentales<\/li>\n<li>Eslavos orientales<\/li>\n<li>Eslavos meridionales<\/li>\n<\/ul>\n<p><a class=\"image\" href=\"https:\/\/commons.wikimedia.org\/wiki\/File:Slavic_europe.svg\" rel=\"nofollow noopener\" target=\"_blank\"><img decoding=\"async\" class=\"thumbimage\" src=\"https:\/\/upload.wikimedia.org\/wikipedia\/commons\/thumb\/8\/80\/Slavic_europe.svg\/200px-Slavic_europe.svg.png\" srcset=\"\/\/upload.wikimedia.org\/wikipedia\/commons\/thumb\/8\/80\/Slavic_europe.svg\/300px-Slavic_europe.svg.png 1.5x, \/\/upload.wikimedia.org\/wikipedia\/commons\/thumb\/8\/80\/Slavic_europe.svg\/400px-Slavic_europe.svg.png 2x\" alt=\"\" width=\"200\" height=\"153\" data-file-width=\"680\" data-file-height=\"520\" \/><\/a><\/p>\n<div class=\"thumbcaption\">\n<div class=\"magnify\"><\/div>\n<p>Pa\u00edses con predominio de etnia eslava\u00a0\u00a0\u00a0\u00a0\u00a0<a title=\"Eslavos occidentales\" href=\"https:\/\/es.wikipedia.org\/wiki\/Eslavos_occidentales\" rel=\"nofollow noopener\" target=\"_blank\">Eslavos occidentales<\/a>\u00a0\u00a0\u00a0\u00a0\u00a0<a title=\"Eslavos orientales\" href=\"https:\/\/es.wikipedia.org\/wiki\/Eslavos_orientales\" rel=\"nofollow noopener\" target=\"_blank\">Eslavos orientales<\/a>\u00a0\u00a0\u00a0\u00a0\u00a0<a title=\"Eslavos meridionales\" href=\"https:\/\/es.wikipedia.org\/wiki\/Eslavos_meridionales\" rel=\"nofollow noopener\" target=\"_blank\">Eslavos meridionales<\/a><\/div>\n<p>El primer grupo estaba integrado por los checos, los eslovacos, los mazovianos, polacos y silesios, entre otros. Estos se fueron hacia la regi\u00f3n de occidente, ocupando el territorio cercano al Danubio, en las cercan\u00edas de la frontera norte da Lituania. A partir del siglo VII comenzaron a formar reinos peque\u00f1os, que actualmente son los pa\u00edses de Polonia y Rep\u00fablica Checa.<\/p>\n<p>El segundo grupo, los eslavos orientales, son los que ocuparon las actuales zonas de Rusia y Ucrania, junto a la frontera de los pa\u00edses Letonia, Lituania y Estonia. En la antig\u00fcedad, all\u00ed habitaron los vikingos.<\/p>\n<p>En cuanto a los eslavos meridionales, este grupo se asent\u00f3 en la zona de los Balcanes y de all\u00ed provienen los pueblos serbios, eslovenos, b\u00falgaros, macedonios y albanos. La tribu antigua fue la de los protob\u00falgaros.<\/p>\n<p><strong>Los pa\u00edses eslavos son:<\/strong><\/p>\n<ul>\n<li>Bosnia \u2013 Herzegovina<\/li>\n<li>Bulgaria<\/li>\n<li>Croacia<\/li>\n<li>Eslovenia<\/li>\n<li>Macedonia<\/li>\n<li>Montenegro<\/li>\n<li>Serbia<\/li>\n<\/ul>\n<p>La regi\u00f3n fue el centro de duros enfrentamientos nacionalistas, por lo que se disgreg\u00f3 la antigua Yugoslavia, impidiendo la uni\u00f3n de los pa\u00edses eslavos del sur. Las modernas naciones de Croacia y serbia dan cuenta de la rivalidad y el esp\u00edritu nacionalista de sus integrantes.<\/p>\n<p>Los pa\u00edses eslavos est\u00e1n ubicados e las regiones centrales, meridionales y orientales de Europa. En el territorio existen grandes diferencias en cuanto a la cultura y rivalidades pol\u00edticas. Hay algunos pa\u00edses que tienen un mayor crecimiento econ\u00f3mico que otros y muchos forman parte de la Uni\u00f3n Europea.<\/p>\n","protected":false},"excerpt":{"rendered":"<p>&nbsp; Los pa\u00edses eslavos se encuentran en Europa, tienen una historia en com\u00fan que los une, puesto que hasta el siglo VI viv\u00edan en la regi\u00f3n de los montes C\u00e1rpatos, pero tras el derrumbe del antiguo Imperio Romano, varias tribus eslavas se movieron hacia las regiones de Europa del este, hacia el sur y de [&hellip;]<\/p>\n","protected":false},"author":1,"featured_media":0,"comment_status":"closed","ping_status":"open","sticky":false,"template":"elementor_theme","format":"standard","meta":{"_acf_changed":false,"footnotes":""},"categories":[193,208,207,206,203,204,205,195,17],"tags":[],"class_list":["post-4382","post","type-post","status-publish","format-standard","hentry","category-europa","category-ideas-escapadas","category-ideas-viajes-invierno","category-ideas-viajes-lujo","category-ideas-viajes-de-novios","category-ideas-viajes-verano","category-ideas-viajes-low-cost","category-rutas-por-europa","category-viajes-por-europa"],"acf":[],"_links":{"self":[{"href":"https:\/\/www.centraldevacaciones.com\/blog\/wp-json\/wp\/v2\/posts\/4382","targetHints":{"allow":["GET"]}}],"collection":[{"href":"https:\/\/www.centraldevacaciones.com\/blog\/wp-json\/wp\/v2\/posts"}],"about":[{"href":"https:\/\/www.centraldevacaciones.com\/blog\/wp-json\/wp\/v2\/types\/post"}],"author":[{"embeddable":true,"href":"https:\/\/www.centraldevacaciones.com\/blog\/wp-json\/wp\/v2\/users\/1"}],"replies":[{"embeddable":true,"href":"https:\/\/www.centraldevacaciones.com\/blog\/wp-json\/wp\/v2\/comments?post=4382"}],"version-history":[{"count":0,"href":"https:\/\/www.centraldevacaciones.com\/blog\/wp-json\/wp\/v2\/posts\/4382\/revisions"}],"wp:attachment":[{"href":"https:\/\/www.centraldevacaciones.com\/blog\/wp-json\/wp\/v2\/media?parent=4382"}],"wp:term":[{"taxonomy":"category","embeddable":true,"href":"https:\/\/www.centraldevacaciones.com\/blog\/wp-json\/wp\/v2\/categories?post=4382"},{"taxonomy":"post_tag","embeddable":true,"href":"https:\/\/www.centraldevacaciones.com\/blog\/wp-json\/wp\/v2\/tags?post=4382"}],"curies":[{"name":"wp","href":"https:\/\/api.w.org\/{rel}","templated":true}]}}