{"id":4381,"date":"2016-11-10T09:31:53","date_gmt":"2016-11-10T08:31:53","guid":{"rendered":"http:\/\/blog.centraldevacaciones.com\/?p=3326"},"modified":"2021-12-15T16:30:09","modified_gmt":"2021-12-15T15:30:09","slug":"cuales-son-las-mejores-fechas-para-visitar-mexico","status":"publish","type":"post","link":"https:\/\/www.centraldevacaciones.com\/blog\/cuales-son-las-mejores-fechas-para-visitar-mexico\/","title":{"rendered":"\u00bfCuales son las mejores fechas para visitar M\u00e9xico?"},"content":{"rendered":"\t\t<div data-elementor-type=\"wp-post\" data-elementor-id=\"4381\" class=\"elementor elementor-4381\" data-elementor-post-type=\"post\">\n\t\t\t\t\t\t<section class=\"elementor-section elementor-top-section elementor-element elementor-element-f342afd elementor-section-boxed elementor-section-height-default elementor-section-height-default\" data-id=\"f342afd\" data-element_type=\"section\">\n\t\t\t\t\t\t<div class=\"elementor-container elementor-column-gap-default\">\n\t\t\t\t\t<div class=\"elementor-column elementor-col-100 elementor-top-column elementor-element elementor-element-c66aaa7\" data-id=\"c66aaa7\" data-element_type=\"column\">\n\t\t\t<div class=\"elementor-widget-wrap elementor-element-populated\">\n\t\t\t\t\t\t<div class=\"elementor-element elementor-element-1f87da5 elementor-widget elementor-widget-text-editor\" data-id=\"1f87da5\" data-element_type=\"widget\" data-widget_type=\"text-editor.default\">\n\t\t\t\t\t\t\t\t\t<p><span style=\"font-weight: 400;\">M\u00e9xico es uno de los pa\u00edses con mayor repercusi\u00f3n internacional, tanto por la oferta cultural como tambi\u00e9n por los diferentes parajes naturales que ofrece. Su posici\u00f3n geogr\u00e1fica le permite tener un clima interesante para pasar unas buenas vacaciones, a lo que hay que a\u00f1adir festividades y otras <\/span><b>celebraciones de gran inter\u00e9s tur\u00edstico.<\/b><span style=\"font-weight: 400;\">\u00a0<\/span><\/p><p><br \/><span style=\"font-weight: 400;\">A continuaci\u00f3n, vamos a descubrir <\/span><b>cu\u00e1les son las mejores fechas para visitar M\u00e9xico <\/b><span style=\"font-weight: 400;\">y que, as\u00ed, puedas empezar a montar hoy mismo tu viaje \ud83d\ude09 <\/span><\/p>\t\t\t\t\t\t\t\t<\/div>\n\t\t\t\t\t<\/div>\n\t\t<\/div>\n\t\t\t\t\t<\/div>\n\t\t<\/section>\n\t\t\t\t<section class=\"elementor-section elementor-top-section elementor-element elementor-element-8bc50ea elementor-section-boxed elementor-section-height-default elementor-section-height-default\" data-id=\"8bc50ea\" data-element_type=\"section\">\n\t\t\t\t\t\t<div class=\"elementor-container elementor-column-gap-default\">\n\t\t\t\t\t<div class=\"elementor-column elementor-col-100 elementor-top-column elementor-element elementor-element-c0b0d4a\" data-id=\"c0b0d4a\" data-element_type=\"column\">\n\t\t\t<div class=\"elementor-widget-wrap elementor-element-populated\">\n\t\t\t\t\t\t<div class=\"elementor-element elementor-element-3d1d1ce elementor-widget elementor-widget-heading\" data-id=\"3d1d1ce\" data-element_type=\"widget\" data-widget_type=\"heading.default\">\n\t\t\t\t\t<h2 class=\"elementor-heading-title elementor-size-default\">Las mejores fechas para visitar M\u00e9xico \n<\/h2>\t\t\t\t<\/div>\n\t\t\t\t\t<\/div>\n\t\t<\/div>\n\t\t\t\t\t<\/div>\n\t\t<\/section>\n\t\t\t\t<section class=\"elementor-section elementor-top-section elementor-element elementor-element-705b287 elementor-section-boxed elementor-section-height-default elementor-section-height-default\" data-id=\"705b287\" data-element_type=\"section\">\n\t\t\t\t\t\t<div class=\"elementor-container elementor-column-gap-default\">\n\t\t\t\t\t<div class=\"elementor-column elementor-col-100 elementor-top-column elementor-element elementor-element-80ebeb0\" data-id=\"80ebeb0\" data-element_type=\"column\">\n\t\t\t<div class=\"elementor-widget-wrap elementor-element-populated\">\n\t\t\t\t\t\t<div class=\"elementor-element elementor-element-170197c elementor-widget elementor-widget-text-editor\" data-id=\"170197c\" data-element_type=\"widget\" data-widget_type=\"text-editor.default\">\n\t\t\t\t\t\t\t\t\t<p><span style=\"font-weight: 400;\">Cada vez son m\u00e1s los viajeros que se decantan por pasar unos d\u00edas de descanso en el territorio mexicano, pero \u00bfpor qu\u00e9 resulta tan interesante esta tierra para los turistas? Son innumerables las actividades que se pueden realizar, adem\u00e1s de los importantes complejos hoteleros y las fechas se\u00f1aladas en las que se producen diferentes celebraciones.\u00a0<\/span><\/p><p>\u00a0<\/p><p><span style=\"font-weight: 400;\">Por este motivo, los<\/span><b> atractivos tur\u00edsticos permiten la llegada de visitantes durante todo el a\u00f1o. <\/b><span style=\"font-weight: 400;\">Para tener una idea m\u00e1s clara, vamos a conocer m\u00e1s de cerca algunas de sus tradiciones y festividades m\u00e1s importantes.<\/span><\/p>\t\t\t\t\t\t\t\t<\/div>\n\t\t\t\t\t<\/div>\n\t\t<\/div>\n\t\t\t\t\t<\/div>\n\t\t<\/section>\n\t\t\t\t<section class=\"elementor-section elementor-top-section elementor-element elementor-element-6d0343f elementor-section-boxed elementor-section-height-default elementor-section-height-default\" data-id=\"6d0343f\" data-element_type=\"section\">\n\t\t\t\t\t\t<div class=\"elementor-container elementor-column-gap-default\">\n\t\t\t\t\t<div class=\"elementor-column elementor-col-100 elementor-top-column elementor-element elementor-element-ef3959e\" data-id=\"ef3959e\" data-element_type=\"column\">\n\t\t\t<div class=\"elementor-widget-wrap elementor-element-populated\">\n\t\t\t\t\t\t<div class=\"elementor-element elementor-element-c546f95 elementor-widget elementor-widget-heading\" data-id=\"c546f95\" data-element_type=\"widget\" data-widget_type=\"heading.default\">\n\t\t\t\t\t<h3 class=\"elementor-heading-title elementor-size-default\">Cinco de Mayo\n<\/h3>\t\t\t\t<\/div>\n\t\t\t\t\t<\/div>\n\t\t<\/div>\n\t\t\t\t\t<\/div>\n\t\t<\/section>\n\t\t\t\t<section class=\"elementor-section elementor-top-section elementor-element elementor-element-a486a56 elementor-section-boxed elementor-section-height-default elementor-section-height-default\" data-id=\"a486a56\" data-element_type=\"section\">\n\t\t\t\t\t\t<div class=\"elementor-container elementor-column-gap-default\">\n\t\t\t\t\t<div class=\"elementor-column elementor-col-100 elementor-top-column elementor-element elementor-element-ab984a2\" data-id=\"ab984a2\" data-element_type=\"column\">\n\t\t\t<div class=\"elementor-widget-wrap elementor-element-populated\">\n\t\t\t\t\t\t<div class=\"elementor-element elementor-element-e601dfd elementor-widget elementor-widget-text-editor\" data-id=\"e601dfd\" data-element_type=\"widget\" data-widget_type=\"text-editor.default\">\n\t\t\t\t\t\t\t\t\t<p><span style=\"font-weight: 400;\">Una de las festividades m\u00e1s importantes del pa\u00eds, donde se conmemora la primera victoria que obtuvieron los mexicanos frente a una naci\u00f3n extranjera despu\u00e9s de la independencia. Concretamente, se elogia el triunfo obtenido por las tropas mexicanas frente al imperio franc\u00e9s de Napole\u00f3n III en 1862, con grandes<\/span><b> victorias como la Batalla de Puebla.\u00a0<\/b><\/p><p>\u00a0<\/p><p><span style=\"font-weight: 400;\">Son numerosas las ciudades que se suman a la fiesta mediante conciertos, actuaciones, bandas de mariachis, fuegos artificiales, desfiles de carrozas, recreaciones, comida para disfrutar de la gastronom\u00eda aut\u00f3ctona, etc. <\/span><b>Son numerosas las celebraciones que se realizan<\/b><span style=\"font-weight: 400;\"> y que los turistas pueden disfrutar, incluso, durante un mes.\u00a0<\/span><\/p>\t\t\t\t\t\t\t\t<\/div>\n\t\t\t\t\t<\/div>\n\t\t<\/div>\n\t\t\t\t\t<\/div>\n\t\t<\/section>\n\t\t\t\t<section class=\"elementor-section elementor-top-section elementor-element elementor-element-2216367 elementor-section-boxed elementor-section-height-default elementor-section-height-default\" data-id=\"2216367\" data-element_type=\"section\">\n\t\t\t\t\t\t<div class=\"elementor-container elementor-column-gap-default\">\n\t\t\t\t\t<div class=\"elementor-column elementor-col-100 elementor-top-column elementor-element elementor-element-ffa0e40\" data-id=\"ffa0e40\" data-element_type=\"column\">\n\t\t\t<div class=\"elementor-widget-wrap elementor-element-populated\">\n\t\t\t\t\t\t<div class=\"elementor-element elementor-element-badc84c elementor-widget elementor-widget-heading\" data-id=\"badc84c\" data-element_type=\"widget\" data-widget_type=\"heading.default\">\n\t\t\t\t\t<h3 class=\"elementor-heading-title elementor-size-default\">D\u00eda de la Independencia\n<\/h3>\t\t\t\t<\/div>\n\t\t\t\t\t<\/div>\n\t\t<\/div>\n\t\t\t\t\t<\/div>\n\t\t<\/section>\n\t\t\t\t<section class=\"elementor-section elementor-top-section elementor-element elementor-element-0eb7a83 elementor-section-boxed elementor-section-height-default elementor-section-height-default\" data-id=\"0eb7a83\" data-element_type=\"section\">\n\t\t\t\t\t\t<div class=\"elementor-container elementor-column-gap-default\">\n\t\t\t\t\t<div class=\"elementor-column elementor-col-100 elementor-top-column elementor-element elementor-element-d47c084\" data-id=\"d47c084\" data-element_type=\"column\">\n\t\t\t<div class=\"elementor-widget-wrap elementor-element-populated\">\n\t\t\t\t\t\t<div class=\"elementor-element elementor-element-f63fd65 elementor-widget elementor-widget-text-editor\" data-id=\"f63fd65\" data-element_type=\"widget\" data-widget_type=\"text-editor.default\">\n\t\t\t\t\t\t\t\t\t<p><span style=\"font-weight: 400;\">El 16 de septiembre de 1810 se produjo<\/span><b> el inicio de la independencia mexicana sobre el imperio espa\u00f1ol<\/b><span style=\"font-weight: 400;\">. El grito de Dolores marc\u00f3 el punto de partida de la guerra que les va a permitir a los mexicanos alcanzar la gloria y la autodefinici\u00f3n nacional. En realidad, consisti\u00f3 en un levantamiento armado por parte del pueblo de Dolores en el Estado de Guanajuato, un acontecimiento que, sin lugar a dudas, marcar\u00e1 la historia del pa\u00eds.<\/span><\/p><p><span style=\"font-weight: 400;\">La fiesta congrega a numerosos mexicanos en todas las ciudades del pa\u00eds con un \u00fanico fin: <\/span><b>celebrar la independencia y \u00e9xito alcanzado para la autogobernanza.<\/b><span style=\"font-weight: 400;\"> Para ello, se realizan todo tipo de festividades: conciertos, fuegos artificiales, desfiles, recreaciones hist\u00f3ricas, el tradicional pozole para que coma la gente, entre otras actividades. No cabe duda que en esas fechas de septiembre es un per\u00edodo muy interesante para recorrer el pa\u00eds y disfrutar de toda la cultura y las festividades aut\u00f3ctonas.<\/span><\/p>\t\t\t\t\t\t\t\t<\/div>\n\t\t\t\t\t<\/div>\n\t\t<\/div>\n\t\t\t\t\t<\/div>\n\t\t<\/section>\n\t\t\t\t<section class=\"elementor-section elementor-top-section elementor-element elementor-element-2606bb3 elementor-section-boxed elementor-section-height-default elementor-section-height-default\" data-id=\"2606bb3\" data-element_type=\"section\">\n\t\t\t\t\t\t<div class=\"elementor-container elementor-column-gap-default\">\n\t\t\t\t\t<div class=\"elementor-column elementor-col-100 elementor-top-column elementor-element elementor-element-46e07b3\" data-id=\"46e07b3\" data-element_type=\"column\">\n\t\t\t<div class=\"elementor-widget-wrap elementor-element-populated\">\n\t\t\t\t\t\t<div class=\"elementor-element elementor-element-65fa340 elementor-widget elementor-widget-heading\" data-id=\"65fa340\" data-element_type=\"widget\" data-widget_type=\"heading.default\">\n\t\t\t\t\t<h3 class=\"elementor-heading-title elementor-size-default\">El d\u00eda de los muertos\n\n<\/h3>\t\t\t\t<\/div>\n\t\t\t\t\t<\/div>\n\t\t<\/div>\n\t\t\t\t\t<\/div>\n\t\t<\/section>\n\t\t\t\t<section class=\"elementor-section elementor-top-section elementor-element elementor-element-26d14fc elementor-section-boxed elementor-section-height-default elementor-section-height-default\" data-id=\"26d14fc\" data-element_type=\"section\">\n\t\t\t\t\t\t<div class=\"elementor-container elementor-column-gap-default\">\n\t\t\t\t\t<div class=\"elementor-column elementor-col-100 elementor-top-column elementor-element elementor-element-61aa9b7\" data-id=\"61aa9b7\" data-element_type=\"column\">\n\t\t\t<div class=\"elementor-widget-wrap elementor-element-populated\">\n\t\t\t\t\t\t<div class=\"elementor-element elementor-element-a9207fd elementor-widget elementor-widget-text-editor\" data-id=\"a9207fd\" data-element_type=\"widget\" data-widget_type=\"text-editor.default\">\n\t\t\t\t\t\t\t\t\t<p><span style=\"font-weight: 400;\">El d\u00eda de los muertos es otra de las mejores fechas para visitar M\u00e9xico. La posibilidad de <\/span><b>conmemorar y recordar a todos los difuntos<\/b><span style=\"font-weight: 400;\"> que ya no est\u00e1n con nosotros es otra de las fiestas celebradas en M\u00e9xico. Cada 31 de octubre se realizan ceremonias y fiestas en honor a los seres queridos que se han marchado. Merece mucho la pena poder vivir esta fiesta en persona. Estos d\u00edas son ideales para poder vivir en primera persona todas las fiestas, actuaciones y el folklore tradicional de una naci\u00f3n que, en realidad, tiene un recorrido cultural muy amplio que es digno de valorar.<\/span><\/p><p>\u00a0<\/p><p><span style=\"font-weight: 400;\">Los d\u00edas 1 y 2 tambi\u00e9n son d\u00edas de fiesta. Hay que destacar que en 2008 esta celebraci\u00f3n fue declarada <\/span><b>Patrimonio Cultural Inmaterial de la Humanidad.<\/b><span style=\"font-weight: 400;\"> Se comprueba una relaci\u00f3n directa con toda la ritual\u00edstica de culto a los antepasados, algo que realizaban aztecas y mayas y que, actualmente, se contin\u00faa con la tradici\u00f3n.\u00a0<\/span><\/p>\t\t\t\t\t\t\t\t<\/div>\n\t\t\t\t\t<\/div>\n\t\t<\/div>\n\t\t\t\t\t<\/div>\n\t\t<\/section>\n\t\t\t\t<section class=\"elementor-section elementor-top-section elementor-element elementor-element-4b4e874 elementor-section-boxed elementor-section-height-default elementor-section-height-default\" data-id=\"4b4e874\" data-element_type=\"section\">\n\t\t\t\t\t\t<div class=\"elementor-container elementor-column-gap-default\">\n\t\t\t\t\t<div class=\"elementor-column elementor-col-100 elementor-top-column elementor-element elementor-element-81b2bd2\" data-id=\"81b2bd2\" data-element_type=\"column\">\n\t\t\t<div class=\"elementor-widget-wrap elementor-element-populated\">\n\t\t\t\t\t\t<div class=\"elementor-element elementor-element-111319b elementor-widget elementor-widget-video\" data-id=\"111319b\" data-element_type=\"widget\" data-settings=\"{&quot;youtube_url&quot;:&quot;https:\\\/\\\/youtu.be\\\/Hca_ZWLYdjY&quot;,&quot;video_type&quot;:&quot;youtube&quot;,&quot;controls&quot;:&quot;yes&quot;}\" data-widget_type=\"video.default\">\n\t\t\t\t\t\t\t<div class=\"elementor-wrapper elementor-open-inline\">\n\t\t\t<div class=\"elementor-video\"><\/div>\t\t<\/div>\n\t\t\t\t\t\t<\/div>\n\t\t\t\t\t<\/div>\n\t\t<\/div>\n\t\t\t\t\t<\/div>\n\t\t<\/section>\n\t\t\t\t<section class=\"elementor-section elementor-top-section elementor-element elementor-element-f026150 elementor-section-boxed elementor-section-height-default elementor-section-height-default\" data-id=\"f026150\" data-element_type=\"section\">\n\t\t\t\t\t\t<div class=\"elementor-container elementor-column-gap-default\">\n\t\t\t\t\t<div class=\"elementor-column elementor-col-100 elementor-top-column elementor-element elementor-element-ab46d9f\" data-id=\"ab46d9f\" data-element_type=\"column\">\n\t\t\t<div class=\"elementor-widget-wrap elementor-element-populated\">\n\t\t\t\t\t\t<div class=\"elementor-element elementor-element-12b18e9 elementor-widget elementor-widget-heading\" data-id=\"12b18e9\" data-element_type=\"widget\" data-widget_type=\"heading.default\">\n\t\t\t\t\t<h2 class=\"elementor-heading-title elementor-size-default\">\u00bfCu\u00e1l es la mejor \u00e9poca para visitar M\u00e9xico?\n\n<\/h2>\t\t\t\t<\/div>\n\t\t\t\t\t<\/div>\n\t\t<\/div>\n\t\t\t\t\t<\/div>\n\t\t<\/section>\n\t\t\t\t<section class=\"elementor-section elementor-top-section elementor-element elementor-element-976bf3d elementor-section-boxed elementor-section-height-default elementor-section-height-default\" data-id=\"976bf3d\" data-element_type=\"section\">\n\t\t\t\t\t\t<div class=\"elementor-container elementor-column-gap-default\">\n\t\t\t\t\t<div class=\"elementor-column elementor-col-100 elementor-top-column elementor-element elementor-element-54a8124\" data-id=\"54a8124\" data-element_type=\"column\">\n\t\t\t<div class=\"elementor-widget-wrap elementor-element-populated\">\n\t\t\t\t\t\t<div class=\"elementor-element elementor-element-b593dee elementor-widget elementor-widget-text-editor\" data-id=\"b593dee\" data-element_type=\"widget\" data-widget_type=\"text-editor.default\">\n\t\t\t\t\t\t\t\t\t<p><span style=\"font-weight: 400;\">Uno de los per\u00edodos m\u00e1s apropiados para visitar M\u00e9xico es en \u00e9poca invernal y primaveral. Estas son las estaciones en las que el pa\u00eds no sufre tanto las lluvias torrenciales que s\u00ed se pueden comprobar, por ejemplo, en \u00e9poca estival o oto\u00f1al, m\u00e1s concretamente desde junio hasta noviembre, siendo este per\u00edodo en el que peores condiciones atmosf\u00e9ricas se pueden encontrar.<\/span><b> Lo m\u00e1s recomendable es viajar en los meses de primavera<\/b><span style=\"font-weight: 400;\">, salvo en el mes de mayo que se convierte en un mes excesivamente caluroso.<\/span><\/p><p>\u00a0<\/p><p><span style=\"font-weight: 400;\">Dependiendo de las regiones del pa\u00eds donde vayamos, las costas del pac\u00edfico y del atl\u00e1ntico son formidables para disfrutar de muchos d\u00edas de sol en \u00e9poca primaveral, del mismo modo que<\/span><b> la zona sur ofrece mayor estabilidad clim\u00e1tica <\/b><span style=\"font-weight: 400;\">aunque hace m\u00e1s calor y mayor nivel de humedad. En cambio, las regiones de monta\u00f1a van a ofrecer algo m\u00e1s de fr\u00edo en comparaci\u00f3n con otras partes costeras del pa\u00eds.<\/span><\/p><p>\u00a0<\/p><p><b>La regi\u00f3n central tiene un tipo de clima m\u00e1s apacible<\/b><span style=\"font-weight: 400;\"> y con algo m\u00e1s de oscilaci\u00f3n t\u00e9rmica. Desde febrero hasta abril y en octubre y noviembre son las \u00e9pocas que mejores condiciones vamos a encontrar, sin olvidar que hay muchos d\u00edas de sol y se evita, as\u00ed, la temible estaci\u00f3n lluviosa.<\/span><\/p><p>\u00a0<\/p><p><span style=\"font-weight: 400;\">Una de las regiones m\u00e1s visitadas es Yucat\u00e1n, donde se combina el turismo de naturaleza y monta\u00f1a con el de sol y playa, siendo de diciembre hasta marzo la mejor \u00e9poca, coincidiendo tambi\u00e9n con la estaci\u00f3n seca. Lo mismo podemos decir de las costas de Canc\u00fan, un <\/span><b>centro tur\u00edstico de gran reconocimiento y fama mundial.<\/b><\/p><p>\u00a0<\/p><p><span style=\"font-weight: 400;\">En definitiva, <\/span><b>M\u00e9xico ofrece m\u00faltiples posibilidades<\/b><span style=\"font-weight: 400;\"> de disfrutar no solo de sus tierras y el buen clima, sino tambi\u00e9n de la cultura y el folklore que convierten al pa\u00eds en un lugar formidable para pasar unas bonitas vacaciones.<\/span><\/p>\t\t\t\t\t\t\t\t<\/div>\n\t\t\t\t\t<\/div>\n\t\t<\/div>\n\t\t\t\t\t<\/div>\n\t\t<\/section>\n\t\t\t\t<section class=\"elementor-section elementor-top-section elementor-element elementor-element-38f3a158 elementor-section-boxed elementor-section-height-default elementor-section-height-default\" data-id=\"38f3a158\" data-element_type=\"section\">\n\t\t\t\t\t\t<div class=\"elementor-container elementor-column-gap-custom\">\n\t\t\t\t\t<div class=\"elementor-column elementor-col-16 elementor-top-column elementor-element elementor-element-2b000154\" data-id=\"2b000154\" data-element_type=\"column\">\n\t\t\t<div class=\"elementor-widget-wrap elementor-element-populated\">\n\t\t\t\t\t\t<div class=\"elementor-element elementor-element-1b88a933 elementor-widget elementor-widget-image\" data-id=\"1b88a933\" data-element_type=\"widget\" data-widget_type=\"image.default\">\n\t\t\t\t\t\t\t\t\t\t\t\t\t\t\t<img decoding=\"async\" width=\"128\" height=\"128\" src=\"https:\/\/www.centraldevacaciones.com\/blog\/wp-content\/uploads\/2021\/05\/dom.png\" class=\"attachment-large size-large wp-image-12635\" alt=\"\" \/>\t\t\t\t\t\t\t\t\t\t\t\t\t\t\t<\/div>\n\t\t\t\t<div class=\"elementor-element elementor-element-59ed5a11 elementor-widget elementor-widget-heading\" data-id=\"59ed5a11\" data-element_type=\"widget\" data-widget_type=\"heading.default\">\n\t\t\t\t\t<h3 class=\"elementor-heading-title elementor-size-default\"><a href=\"https:\/\/www.centraldevacaciones.com\/viajes\/\">Ofertas vacacionales<\/a><\/h3>\t\t\t\t<\/div>\n\t\t\t\t\t<\/div>\n\t\t<\/div>\n\t\t\t\t<div class=\"elementor-column elementor-col-16 elementor-top-column elementor-element elementor-element-3fc65688\" data-id=\"3fc65688\" data-element_type=\"column\">\n\t\t\t<div class=\"elementor-widget-wrap elementor-element-populated\">\n\t\t\t\t\t\t<div class=\"elementor-element elementor-element-82252c5 elementor-widget elementor-widget-image\" data-id=\"82252c5\" data-element_type=\"widget\" data-widget_type=\"image.default\">\n\t\t\t\t\t\t\t\t\t\t\t\t\t\t\t<img decoding=\"async\" width=\"128\" height=\"128\" src=\"https:\/\/www.centraldevacaciones.com\/blog\/wp-content\/uploads\/2021\/05\/camas.png\" class=\"attachment-large size-large wp-image-12637\" alt=\"\" \/>\t\t\t\t\t\t\t\t\t\t\t\t\t\t\t<\/div>\n\t\t\t\t<div class=\"elementor-element elementor-element-3e1dfe56 elementor-widget elementor-widget-heading\" data-id=\"3e1dfe56\" data-element_type=\"widget\" data-widget_type=\"heading.default\">\n\t\t\t\t\t<h3 class=\"elementor-heading-title elementor-size-default\"><a href=\"https:\/\/www.centraldevacaciones.com\/blog\/hoteles-de-ciudad\/\">Ofertas hoteles<\/a><\/h3>\t\t\t\t<\/div>\n\t\t\t\t\t<\/div>\n\t\t<\/div>\n\t\t\t\t<div class=\"elementor-column elementor-col-16 elementor-top-column elementor-element elementor-element-234c33bc\" data-id=\"234c33bc\" data-element_type=\"column\">\n\t\t\t<div class=\"elementor-widget-wrap elementor-element-populated\">\n\t\t\t\t\t\t<div class=\"elementor-element elementor-element-1430635a elementor-widget elementor-widget-image\" data-id=\"1430635a\" data-element_type=\"widget\" data-widget_type=\"image.default\">\n\t\t\t\t\t\t\t\t\t\t\t\t\t\t\t<img decoding=\"async\" width=\"128\" height=\"128\" src=\"https:\/\/www.centraldevacaciones.com\/blog\/wp-content\/uploads\/2021\/05\/avion-1.png\" class=\"attachment-large size-large wp-image-12639\" alt=\"\" \/>\t\t\t\t\t\t\t\t\t\t\t\t\t\t\t<\/div>\n\t\t\t\t<div class=\"elementor-element elementor-element-24c99ec4 elementor-widget elementor-widget-heading\" data-id=\"24c99ec4\" data-element_type=\"widget\" data-widget_type=\"heading.default\">\n\t\t\t\t\t<h3 class=\"elementor-heading-title elementor-size-default\"><a href=\"https:\/\/www.centraldevacaciones.com\/blog\/destinos-vacaciones\/\">Mejores destinos<\/a><\/h3>\t\t\t\t<\/div>\n\t\t\t\t\t<\/div>\n\t\t<\/div>\n\t\t\t\t<div class=\"elementor-column elementor-col-16 elementor-top-column elementor-element elementor-element-52dfea95\" data-id=\"52dfea95\" data-element_type=\"column\">\n\t\t\t<div class=\"elementor-widget-wrap elementor-element-populated\">\n\t\t\t\t\t\t<div class=\"elementor-element elementor-element-6c4c0c18 elementor-widget elementor-widget-image\" data-id=\"6c4c0c18\" data-element_type=\"widget\" data-widget_type=\"image.default\">\n\t\t\t\t\t\t\t\t\t\t\t\t\t\t\t<img loading=\"lazy\" decoding=\"async\" width=\"128\" height=\"128\" src=\"https:\/\/www.centraldevacaciones.com\/blog\/wp-content\/uploads\/2021\/05\/cama-solar.png\" class=\"attachment-large size-large wp-image-12640\" alt=\"\" \/>\t\t\t\t\t\t\t\t\t\t\t\t\t\t\t<\/div>\n\t\t\t\t<div class=\"elementor-element elementor-element-7522b85d elementor-widget elementor-widget-heading\" data-id=\"7522b85d\" data-element_type=\"widget\" data-widget_type=\"heading.default\">\n\t\t\t\t\t<h3 class=\"elementor-heading-title elementor-size-default\"><a href=\"https:\/\/www.centraldevacaciones.com\/blog\/ofertas-circuitos\/\">Circuitos vacacionales<\/a><\/h3>\t\t\t\t<\/div>\n\t\t\t\t\t<\/div>\n\t\t<\/div>\n\t\t\t\t<div class=\"elementor-column elementor-col-16 elementor-top-column elementor-element elementor-element-635f0891\" data-id=\"635f0891\" data-element_type=\"column\">\n\t\t\t<div class=\"elementor-widget-wrap elementor-element-populated\">\n\t\t\t\t\t\t<div class=\"elementor-element elementor-element-7961c549 elementor-widget elementor-widget-image\" data-id=\"7961c549\" data-element_type=\"widget\" data-widget_type=\"image.default\">\n\t\t\t\t\t\t\t\t\t\t\t\t\t\t\t<img loading=\"lazy\" decoding=\"async\" width=\"128\" height=\"128\" src=\"https:\/\/www.centraldevacaciones.com\/blog\/wp-content\/uploads\/2021\/05\/en-todo-el-mundo.png\" class=\"attachment-large size-large wp-image-12641\" alt=\"\" \/>\t\t\t\t\t\t\t\t\t\t\t\t\t\t\t<\/div>\n\t\t\t\t<div class=\"elementor-element elementor-element-24455c01 elementor-widget elementor-widget-heading\" data-id=\"24455c01\" data-element_type=\"widget\" data-widget_type=\"heading.default\">\n\t\t\t\t\t<h3 class=\"elementor-heading-title elementor-size-default\"><a href=\"https:\/\/www.centraldevacaciones.com\/blog\/vuelo-hotel\/\">Vuelo + hotel <\/a><\/h3>\t\t\t\t<\/div>\n\t\t\t\t\t<\/div>\n\t\t<\/div>\n\t\t\t\t<div class=\"elementor-column elementor-col-16 elementor-top-column elementor-element elementor-element-2542646c\" data-id=\"2542646c\" data-element_type=\"column\">\n\t\t\t<div class=\"elementor-widget-wrap elementor-element-populated\">\n\t\t\t\t\t\t<div class=\"elementor-element elementor-element-11bebd0e elementor-widget elementor-widget-image\" data-id=\"11bebd0e\" data-element_type=\"widget\" data-widget_type=\"image.default\">\n\t\t\t\t\t\t\t\t\t\t\t\t\t\t\t<img loading=\"lazy\" decoding=\"async\" width=\"128\" height=\"128\" src=\"https:\/\/www.centraldevacaciones.com\/blog\/wp-content\/uploads\/2021\/05\/crucero.png\" class=\"attachment-large size-large wp-image-12642\" alt=\"\" \/>\t\t\t\t\t\t\t\t\t\t\t\t\t\t\t<\/div>\n\t\t\t\t<div class=\"elementor-element elementor-element-37853322 elementor-widget elementor-widget-heading\" data-id=\"37853322\" data-element_type=\"widget\" data-widget_type=\"heading.default\">\n\t\t\t\t\t<h3 class=\"elementor-heading-title elementor-size-default\"><a href=\"https:\/\/www.centraldevacaciones.com\/blog\/destinos-cruceros\/\">Ofertas  cruceros<\/a><\/h3>\t\t\t\t<\/div>\n\t\t\t\t\t<\/div>\n\t\t<\/div>\n\t\t\t\t\t<\/div>\n\t\t<\/section>\n\t\t\t\t<section class=\"elementor-section elementor-top-section elementor-element elementor-element-62e8958 elementor-section-boxed elementor-section-height-default elementor-section-height-default\" data-id=\"62e8958\" data-element_type=\"section\">\n\t\t\t\t\t\t<div class=\"elementor-container elementor-column-gap-default\">\n\t\t\t\t\t<div class=\"elementor-column elementor-col-100 elementor-top-column elementor-element elementor-element-23234f3\" data-id=\"23234f3\" data-element_type=\"column\">\n\t\t\t<div class=\"elementor-widget-wrap elementor-element-populated\">\n\t\t\t\t\t\t<div class=\"elementor-element elementor-element-3c8a30f elementor-widget elementor-widget-text-editor\" data-id=\"3c8a30f\" data-element_type=\"widget\" data-widget_type=\"text-editor.default\">\n\t\t\t\t\t\t\t\t\t<p><span style=\"font-weight: 400;\">\u00bfTe gustar\u00eda poder disfrutar este verano de unas vacaciones en tu lugar favorito con los extras m\u00e1s premium que mejor se adapten a ti y poder contar la experiencia a tus conocidos? Est\u00e1s en el sitio correcto, \u00a1Si\u00e9ntete como en casa desde el primer d\u00eda de estancia en cualquier hotel reservado con Central de Vacaciones!<\/span><\/p><p><span style=\"font-weight: 400;\">Haz tu reserva cuando quieras y a donde quieras, teniendo acceso a todo tipo de lujos para elegir y disfruta unos d\u00edas de verano inolvidables junto a las personas que m\u00e1s quieres. \u00a1Haz ya tu reserva antes de que se agote la disponibilidad a muchos destinos y disfruta de un verano espectacular cuando y donde quieras con Central de Vacaciones!<\/span><\/p>\t\t\t\t\t\t\t\t<\/div>\n\t\t\t\t\t<\/div>\n\t\t<\/div>\n\t\t\t\t\t<\/div>\n\t\t<\/section>\n\t\t\t\t<\/div>\n\t\t","protected":false},"excerpt":{"rendered":"<p>M\u00e9xico es uno de los pa\u00edses con mayor repercusi\u00f3n internacional, tanto por la oferta cultural como tambi\u00e9n por los diferentes parajes naturales que ofrece. Su posici\u00f3n geogr\u00e1fica le permite tener un clima interesante para pasar unas buenas vacaciones, a lo que hay que a\u00f1adir festividades y otras celebraciones de gran inter\u00e9s tur\u00edstico.\u00a0 A continuaci\u00f3n, vamos [&hellip;]<\/p>\n","protected":false},"author":1,"featured_media":3328,"comment_status":"closed","ping_status":"open","sticky":false,"template":"elementor_theme","format":"standard","meta":{"_acf_changed":false,"footnotes":""},"categories":[204,207,206,7,199,19],"tags":[],"class_list":["post-4381","post","type-post","status-publish","format-standard","has-post-thumbnail","hentry","category-ideas-viajes-verano","category-ideas-viajes-invierno","category-ideas-viajes-lujo","category-mexico","category-rutas-por-sudamerica","category-viajes-por-sudamerica"],"acf":[],"_links":{"self":[{"href":"https:\/\/www.centraldevacaciones.com\/blog\/wp-json\/wp\/v2\/posts\/4381","targetHints":{"allow":["GET"]}}],"collection":[{"href":"https:\/\/www.centraldevacaciones.com\/blog\/wp-json\/wp\/v2\/posts"}],"about":[{"href":"https:\/\/www.centraldevacaciones.com\/blog\/wp-json\/wp\/v2\/types\/post"}],"author":[{"embeddable":true,"href":"https:\/\/www.centraldevacaciones.com\/blog\/wp-json\/wp\/v2\/users\/1"}],"replies":[{"embeddable":true,"href":"https:\/\/www.centraldevacaciones.com\/blog\/wp-json\/wp\/v2\/comments?post=4381"}],"version-history":[{"count":0,"href":"https:\/\/www.centraldevacaciones.com\/blog\/wp-json\/wp\/v2\/posts\/4381\/revisions"}],"wp:featuredmedia":[{"embeddable":true,"href":"https:\/\/www.centraldevacaciones.com\/blog\/wp-json\/wp\/v2\/media\/3328"}],"wp:attachment":[{"href":"https:\/\/www.centraldevacaciones.com\/blog\/wp-json\/wp\/v2\/media?parent=4381"}],"wp:term":[{"taxonomy":"category","embeddable":true,"href":"https:\/\/www.centraldevacaciones.com\/blog\/wp-json\/wp\/v2\/categories?post=4381"},{"taxonomy":"post_tag","embeddable":true,"href":"https:\/\/www.centraldevacaciones.com\/blog\/wp-json\/wp\/v2\/tags?post=4381"}],"curies":[{"name":"wp","href":"https:\/\/api.w.org\/{rel}","templated":true}]}}