{"id":4363,"date":"2016-05-17T18:15:59","date_gmt":"2016-05-17T16:15:59","guid":{"rendered":"http:\/\/blog.centraldevacaciones.com\/?p=2924"},"modified":"2021-09-10T16:08:53","modified_gmt":"2021-09-10T14:08:53","slug":"de-paseo-por-barcelona","status":"publish","type":"post","link":"https:\/\/www.centraldevacaciones.com\/blog\/de-paseo-por-barcelona\/","title":{"rendered":"De paseo por Barcelona"},"content":{"rendered":"\t\t<div data-elementor-type=\"wp-post\" data-elementor-id=\"4363\" class=\"elementor elementor-4363\" data-elementor-post-type=\"post\">\n\t\t\t\t\t\t<section class=\"elementor-section elementor-top-section elementor-element elementor-element-6a491e81 elementor-section-boxed elementor-section-height-default elementor-section-height-default\" data-id=\"6a491e81\" data-element_type=\"section\">\n\t\t\t\t\t\t<div class=\"elementor-container elementor-column-gap-default\">\n\t\t\t\t\t<div class=\"elementor-column elementor-col-100 elementor-top-column elementor-element elementor-element-498e15f2\" data-id=\"498e15f2\" data-element_type=\"column\">\n\t\t\t<div class=\"elementor-widget-wrap elementor-element-populated\">\n\t\t\t\t\t\t<div class=\"elementor-element elementor-element-57b107c4 elementor-widget elementor-widget-text-editor\" data-id=\"57b107c4\" data-element_type=\"widget\" data-widget_type=\"text-editor.default\">\n\t\t\t\t\t\t\t\t\t<h2>\u00a0<\/h2><ol><li><strong>Ir de tapas por Barcelona<\/strong><\/li><\/ol><p>Se ha puesto muy de moda esta nueva forma de ocio y diversi\u00f3n e una ciudad, tanto para los que viven en ella como para los que la visitan por primera vez.<\/p><p>\u201cDe tapes per Barcelona\u201d ha generado un gran revuelo desde su creaci\u00f3n y a d\u00eda de hoy es la octava edici\u00f3n desde que una serie de locales indicados en las entradas de sus establecimientos y con publicidad por todos los medios de comunicaci\u00f3n, nos ofrecen una ca\u00f1a de cerveza y una tapa (un peque\u00f1o trozo de pan y algo comestible que lo acompa\u00f1a como puede ser embutido, tortilla, etc\u2026).<br \/>Una nueva forma de ir de calle en calle visitando sus secretos y llegando a los lugares marcados como zona de Tapeo.<\/p><ol start=\"2\"><li><strong>El Raval<\/strong><\/li><\/ol><p><img fetchpriority=\"high\" decoding=\"async\" class=\"aligncenter wp-image-2925 size-full\" src=\"https:\/\/www.centraldevacaciones.com\/blog\/wp-content\/uploads\/2016\/05\/fuentes-1.png\" alt=\"calles barcelona\" width=\"883\" height=\"307\" srcset=\"https:\/\/www.centraldevacaciones.com\/blog\/wp-content\/uploads\/2016\/05\/fuentes-1.png 883w, https:\/\/www.centraldevacaciones.com\/blog\/wp-content\/uploads\/2016\/05\/fuentes-1-300x104.png 300w, https:\/\/www.centraldevacaciones.com\/blog\/wp-content\/uploads\/2016\/05\/fuentes-1-768x267.png 768w\" sizes=\"(max-width: 883px) 100vw, 883px\" \/><\/p><p>Barrio de Barcelona, en el distrito de Ciutat Vella. Multicultural, con una historia que se vive a cada paso que se da por sus calles. Muy cerca de las Ramblas, del barrio G\u00f3tico, del Eixample.<\/p><p>Un lugar con un encanto especial y que ha mejorado mucho en cuanto a seguridad ciudadana.<\/p><p>Encontrar\u00e9is infinidad de tiendas y tradiciones por descubrir con rincones desconocidos.<\/p><ol start=\"3\"><li><strong>Passeig de Gracia<\/strong><\/li><\/ol><p><img decoding=\"async\" class=\"aligncenter wp-image-2926 size-full\" src=\"https:\/\/www.centraldevacaciones.com\/blog\/wp-content\/uploads\/2016\/05\/laboqueria.png\" alt=\"paseo de gracia\" width=\"962\" height=\"1317\" srcset=\"https:\/\/www.centraldevacaciones.com\/blog\/wp-content\/uploads\/2016\/05\/laboqueria.png 962w, https:\/\/www.centraldevacaciones.com\/blog\/wp-content\/uploads\/2016\/05\/laboqueria-219x300.png 219w, https:\/\/www.centraldevacaciones.com\/blog\/wp-content\/uploads\/2016\/05\/laboqueria-768x1051.png 768w, https:\/\/www.centraldevacaciones.com\/blog\/wp-content\/uploads\/2016\/05\/laboqueria-748x1024.png 748w\" sizes=\"(max-width: 962px) 100vw, 962px\" \/><\/p><p>Tengo que decir que es uno de los paseos m\u00e1s transitados de toda Barcelona. Al encontrarse varias obras de Gaud\u00ed (la Pedrera una de las m\u00e1s buscadas) y estar cerca del centro de la ciudad, los turistas la buscan como agua en el desierto.<\/p><p>Todo el paseo est\u00e1 rodeado de tiendas de gran renombre y lujo, con hoteles apostados al propio paseo, por el que pasan los autobuses de turistas, el metro en todas sus direcciones y sobre todo la nueva moda de la bicicleta.<\/p><p>Passeig de Gracia desemboca en la avenida Diagonal y contin\u00faan cambiando de nombre y pasando a ser Gran de Gracia. Esta \u00faltima con otro estilo, no tanto glamour como el que hemos dejado en el Passeig de Gracia. Para los amantes de la inform\u00e1tica comentar que dispon\u00e9is de un Apple Store.<\/p><p>Tiendas de lujo y espect\u00e1culo, en el que lo mismo te compras un reloj de miles de euros, como ves un restaurante lleno de turistas comiendo jam\u00f3n. La avenida m\u00e1s genuina de Barcelona va a tener el honor de ser la primera v\u00eda \u201cinteligente\u201d de la ciudad con todo tipo de sensores de \u00faltima generaci\u00f3n.<\/p><p>Se est\u00e1 instalando una red de fibra \u00f3ptica y electr\u00f3nica y una amplia red de sensores, con lo que tanto seguridad como servicio van a estar m\u00e1s unidos en esta emblem\u00e1tica v\u00eda p\u00fablica.<\/p><ol start=\"4\"><li><strong>La Rambla<\/strong><\/li><\/ol><p>Es un \u00fanico paseo con diversos tramos y con dos plazas:<\/p><ul><li>La rambla de Canaletes<\/li><li>La rambla dels Estudis<\/li><li>La rambla de Sant Josep<\/li><li>El pla de la Boquer\u00eda<\/li><li>La rambla dels Caputxins<\/li><li>El pla del teatre<\/li><li>La rambla de santa M\u00f3nica<\/li><li>Rambla de Mar<\/li><\/ul><p>Durante nuestro paseo podremos ver infinidad de hoteles, quioscos para comprar la t\u00edpica tarjeta de recuerdo o peri\u00f3dicos y tiendas de flores.<\/p><p>Encontrar\u00e9is a vuestro paso m\u00fasicos de la calle, estatuas humanas y artesanos en la \u00faltima parte del paseo sobre todo el fin de semana.<\/p><p>Es una zona de paseo, de descanso en sus magn\u00edficas terrazas y de observar a la gente de infinidad de nacionalidades que pasan por esta zona.<\/p>\t\t\t\t\t\t\t\t<\/div>\n\t\t\t\t\t<\/div>\n\t\t<\/div>\n\t\t\t\t\t<\/div>\n\t\t<\/section>\n\t\t\t\t<\/div>\n\t\t","protected":false},"excerpt":{"rendered":"<p>\u00a0 Ir de tapas por Barcelona Se ha puesto muy de moda esta nueva forma de ocio y diversi\u00f3n e una ciudad, tanto para los que viven en ella como para los que la visitan por primera vez. \u201cDe tapes per Barcelona\u201d ha generado un gran revuelo desde su creaci\u00f3n y a d\u00eda de hoy [&hellip;]<\/p>\n","protected":false},"author":1,"featured_media":0,"comment_status":"closed","ping_status":"open","sticky":false,"template":"elementor_theme","format":"standard","meta":{"_acf_changed":false,"footnotes":""},"categories":[4,208,203,200,17],"tags":[35],"class_list":["post-4363","post","type-post","status-publish","format-standard","hentry","category-espana","category-ideas-escapadas","category-ideas-viajes-de-novios","category-rutas-por-espana","category-viajes-por-europa","tag-barcelona"],"acf":[],"_links":{"self":[{"href":"https:\/\/www.centraldevacaciones.com\/blog\/wp-json\/wp\/v2\/posts\/4363","targetHints":{"allow":["GET"]}}],"collection":[{"href":"https:\/\/www.centraldevacaciones.com\/blog\/wp-json\/wp\/v2\/posts"}],"about":[{"href":"https:\/\/www.centraldevacaciones.com\/blog\/wp-json\/wp\/v2\/types\/post"}],"author":[{"embeddable":true,"href":"https:\/\/www.centraldevacaciones.com\/blog\/wp-json\/wp\/v2\/users\/1"}],"replies":[{"embeddable":true,"href":"https:\/\/www.centraldevacaciones.com\/blog\/wp-json\/wp\/v2\/comments?post=4363"}],"version-history":[{"count":0,"href":"https:\/\/www.centraldevacaciones.com\/blog\/wp-json\/wp\/v2\/posts\/4363\/revisions"}],"wp:attachment":[{"href":"https:\/\/www.centraldevacaciones.com\/blog\/wp-json\/wp\/v2\/media?parent=4363"}],"wp:term":[{"taxonomy":"category","embeddable":true,"href":"https:\/\/www.centraldevacaciones.com\/blog\/wp-json\/wp\/v2\/categories?post=4363"},{"taxonomy":"post_tag","embeddable":true,"href":"https:\/\/www.centraldevacaciones.com\/blog\/wp-json\/wp\/v2\/tags?post=4363"}],"curies":[{"name":"wp","href":"https:\/\/api.w.org\/{rel}","templated":true}]}}