{"id":4159,"date":"2018-04-12T17:11:35","date_gmt":"2018-04-12T15:11:35","guid":{"rendered":"http:\/\/blog.centraldevacaciones.com\/?p=4159"},"modified":"2021-07-20T11:11:46","modified_gmt":"2021-07-20T09:11:46","slug":"que-ver-en-la-ciudad-del-vaticano","status":"publish","type":"post","link":"https:\/\/www.centraldevacaciones.com\/blog\/que-ver-en-la-ciudad-del-vaticano\/","title":{"rendered":"Qu\u00e9 ver en la ciudad del Vaticano"},"content":{"rendered":"\t\t<div data-elementor-type=\"wp-post\" data-elementor-id=\"4159\" class=\"elementor elementor-4159\" data-elementor-post-type=\"post\">\n\t\t\t\t\t\t<section class=\"elementor-section elementor-top-section elementor-element elementor-element-7fd54d77 elementor-section-boxed elementor-section-height-default elementor-section-height-default\" data-id=\"7fd54d77\" data-element_type=\"section\">\n\t\t\t\t\t\t<div class=\"elementor-container elementor-column-gap-default\">\n\t\t\t\t\t<div class=\"elementor-column elementor-col-100 elementor-top-column elementor-element elementor-element-4e3b5508\" data-id=\"4e3b5508\" data-element_type=\"column\">\n\t\t\t<div class=\"elementor-widget-wrap elementor-element-populated\">\n\t\t\t\t\t\t<div class=\"elementor-element elementor-element-31b99430 elementor-widget elementor-widget-text-editor\" data-id=\"31b99430\" data-element_type=\"widget\" data-widget_type=\"text-editor.default\">\n\t\t\t\t\t\t\t\t\tNo es un misterio que a nivel mundial la ciudad del Vaticano es muy conocida, a ciudad del vaticano es un pa\u00eds soberano ubicado dentro de la ciudad de Roma, en la pen\u00ednsula it\u00e1lica (denominado micro-estado europeo).\n\nLa ciudad del Vaticano esta completamente inmersa en su cultura concerniente a todo lo relacionado con la religi\u00f3n cat\u00f3lica y es un gran lugar tur\u00edstico, ya que muchas personas consideran una ciudad con historia y sagrada.\n\nExisten muchos lugares que se pueden visitar si se quiere conocer m\u00e1s sobre esta ciudad y disfrutar de su historia, as\u00ed como tambi\u00e9n contemplar los detalles de todas esas obras que a\u00fan se conservan con el pasar de los a\u00f1os.\n\n&nbsp;\n\n&nbsp;\n\n<figure style=\"width: 500px\" class=\"wp-caption alignnone\"><img decoding=\"async\" title=\"detalle de esculturas en la Plaza de San Pedro by Sigmar\" src=\"http:\/\/blog.centraldevacaciones.com\/wp-content\/uploads\/2018\/02\/8438274561_0b4a89e993_La-plaza-de-San-Pedro.jpg\" alt=\"La plaza de San Pedro photo\" width=\"500\" \/><figcaption class=\"wp-caption-text\"><small>Photo by <a href=\"http:\/\/www.flickr.com\/photos\/84773840@N00\/8438274561\" target=\"_blank\" rel=\"noopener noreferrer nofollow\">Sigmar<\/a> <a title=\"Attribution-ShareAlike License\" href=\"http:\/\/creativecommons.org\/licenses\/by-sa\/2.0\/\" target=\"_blank\" rel=\"nofollow noopener noreferrer\"><img decoding=\"async\" src=\"http:\/\/blog.centraldevacaciones.com\/wp-content\/plugins\/wp-inject\/images\/cc.png\" \/><\/a><\/small><\/figcaption><\/figure>\n\n&nbsp;\n\nDicha plaza es un espacio urbano abierto al que se pude acceder con facilidad, se ubica en la ciudad del Vaticano y es muy emblem\u00e1tica, para poder ingresar a la plaza se debe pasar antes la avenida de la conciliaci\u00f3n (con 500 metros de longitud).\n\nLa plaza de san Pedro, precede a la Bas\u00edlica de San Pedro que es un templo cat\u00f3lico conocido a nivel mundial y es considerado uno de los lugares m\u00e1s sagrados del catolicismo.\n\nDicha bas\u00edlica es una de las 4 bas\u00edlicas mayores (templos de m\u00e1s alto rango), como parte de la tradici\u00f3n cat\u00f3lica, la bas\u00edlica debe encontrarse sobre el lugar en donde fue enterrado San Pedro, destinando as\u00ed que el altar mayor este justo por encima del lugar de sepultura.\n\nAdem\u00e1s de ser considerada sagrada, la plaza es un gran lugar tur\u00edstico y es uno de los principales lugares con m\u00e1s frecuentaci\u00f3n por parte de las personas que buscan ver la bas\u00edlica de san Pedro, y todas las partes de la plaza.\n<h2><strong><em>Palacio Apost\u00f3lico<\/em><\/strong><\/h2>\n<iframe title=\"ROMA-PALACIO VATICANO.wmv\" width=\"800\" height=\"600\" src=\"https:\/\/www.youtube.com\/embed\/qvbeMBe7HJE?feature=oembed\" frameborder=\"0\" allow=\"accelerometer; autoplay; clipboard-write; encrypted-media; gyroscope; picture-in-picture; web-share\" referrerpolicy=\"strict-origin-when-cross-origin\" allowfullscreen><\/iframe>\n\nTambi\u00e9n es conocido como el palacio papal, ya que dicho palacio, es la residencia oficial del Papa y \u00a0consta de varios edificios que poseen apartamentos papales, oficinas de gobierno de la iglesia cat\u00f3lica.\n\nEntre otras partes est\u00e1n los museos vaticanos y la biblioteca vaticana, existen aproximadamente novecientas habitaciones, incluy\u00e9ndose a la muy conocida capilla Sixtina.\n\nEn la actualidad el papa francisco no est\u00e1 establecido en dicho palacio, se encuentra establecido en la casa de Santa marta, ya que busca una forma simple de vida para as\u00ed tambi\u00e9n poder proyectar el sentido de convivencia con los dem\u00e1s ap\u00f3stoles o sacerdotes.\n\nEl palacio apost\u00f3lico comprende una gran variedad de arquitectura antigua, ya que se habla de que tiene que ver con el catolicismo, existen museos del vaticano que son bastantemente frecuentados para ver diversas obras.\n\nDichos museos est\u00e1n compuestos por museos tem\u00e1ticos, galer\u00edas, monumentos y jardines, que son lugares verdaderamente agradables para personas que quieren ver algo nuevo o quieren conocer sobre la historia.\n<h2><strong><em>Castillo Sant\u2019Angelo<\/em><\/strong><\/h2>\n<iframe title=\"Una visita a Castel Sant&#039;Angelo, el pasadizo secreto de los Papas\" width=\"800\" height=\"600\" src=\"https:\/\/www.youtube.com\/embed\/g71bYVpxWRo?feature=oembed\" frameborder=\"0\" allow=\"accelerometer; autoplay; clipboard-write; encrypted-media; gyroscope; picture-in-picture; web-share\" referrerpolicy=\"strict-origin-when-cross-origin\" allowfullscreen><\/iframe>\n\nSe ubica en Roma, muy cerca del Vaticano, este es un monumento romano ubicado en el r\u00edo T\u00edber (orilla derecha), fue iniciado por el emperador Adriano en el a\u00f1o 135 para que el mismo fuera su mausoleo (Monumento funerario).\n\nDicho monumento funerario fue levantado con piedra de travertino, mas adelante el edificio se convirti\u00f3 en un edificio militar, al mismo se le integro un muralla aureliana.\n\nEl castillo data del a\u00f1o 590, y el papa Gregorio I, fue el que vio al Arc\u00e1ngel San miguel sobre este castillo desenvainando su espada como se\u00f1al del fin de la epidemia que golpeo a Roma durante ese tiempo.\n\nEste edificio tiene grandes detalles de antig\u00fcedad y es frecuentado por las personas porque es un lugar m\u00edtico y con gran historia, adem\u00e1s de ser un lugar bastante visitado ya que la estatua de un \u00e1ngel corona el edificio (considerado tambi\u00e9n un lugar sagrado).\n\nEl puente romano (hoy s\u00f3lo peatonal), del que las tres arcadas centrales son originales, es uno de los m\u00e1s bellos de Roma y cruza el r\u00edo T\u00edber para unir el centro de la Roma antigua con la entrada de la fortaleza al otro lado del R\u00edo. Las estatuas de los ap\u00f3stoles Pablo y Pedro fueron encargadas por el papa Clemente VII a mediados del siglo XVI, y Bernini, con s\u00f3lo 17 a\u00f1os dibuj\u00f3 las figuras de los \u00e1ngeles que sus alumnos elaboraron entre 1660 y 1667. S\u00f3lo tras la colocaci\u00f3n de las estatuas recibi\u00f3 el puente su actual nombre.\n\n&nbsp;\n<h3><strong>Museos Vaticanos en Roma<\/strong><\/h3>\nhttps:\/\/youtu.be\/B80luGDXPEc\n\nEn <strong>Roma<\/strong> hay mucha historia concentrada en la antigua ciudad, que alg\u00fan d\u00eda fue considerada el centro del mundo, lo que oblig\u00f3 a encontrar soluciones a esta gran cantidad de libros, pinturas, obras, esculturas, tesoros, entre otros.\u00a0El descubrimiento en 1506 del grupo escult\u00f3rico de Laocoonte y sus hijos llev\u00f3 al papa Julio II a la creaci\u00f3n de la colecci\u00f3n de los Museos Vaticanos, uno de los mayores tesoros de la Humanidad. A lo largo de cinco siglos los papas han ido nutriendo una colecci\u00f3n sin parang\u00f3n.\n\nPero toda las obras pertenecientes al <strong>Vaticano<\/strong> eran exclusivas para los clerigos, e invitados del <strong>vaticano<\/strong>, pero esto cambio con el Papa Julio II, que creo el primer <strong>museo vaticano<\/strong>\n\nY desde entonces se han ido creando nuevos <strong>museos<\/strong>, con el paso de los a\u00f1os, siendo abastecida con obras de propiedad de la iglesia o donadas a la misma, lo que la ha vuelto, una de las colecciones m\u00e1s grandes del planeta\n\nY algunas de estas obras son exhibidas en;\n<h3><strong>Los museos ubicados en Roma:<\/strong><\/h3>\n<ul>\n \t<li>Museo P\u00edo \u2013 Clementico;<\/li>\n<\/ul>\nEste museo re\u00fane las obras griegas m\u00e1s importantes del Vaticano\n<ul>\n \t<li><em>Apartamento de P\u00edo V<\/em>;<\/li>\n<\/ul>\nRe\u00fane tapices flamencos y una colecci\u00f3n de cer\u00e1micas medievales y otra de mosaicos medievales\n<ul>\n \t<li><em>Galer\u00eda de los Candelabros<\/em>;<\/li>\n<\/ul>\nEstatuas romanas griegos y enormes candelabros del siglo II d.C\n<ul>\n \t<li><em>Museo Etnol\u00f3gico Misionero<\/em>;<\/li>\n<\/ul>\nContiene obras de arte de las misiones pontificias del mundo\n<ul>\n \t<li><em>Galer\u00eda de mapas cartogr\u00e1ficos<\/em>;<\/li>\n<\/ul>\nMuestra preciosos mapas pintados, que muestran los territorios de Italia\n<ul>\n \t<li><em>Museo Hist\u00f3rico &#8211; Pabell\u00f3n de Carrozas<\/em>;<\/li>\n<\/ul>\nEn este apartado se muestran carrozas, sillas de montar, autom\u00f3viles, entre otros\n<ul>\n \t<li><em>Galer\u00eda de Tapices<\/em>;<\/li>\n<\/ul>\nExhibici\u00f3n de tapices flamencos\n<ul>\n \t<li><em>Museo P\u00edo Cristiano<\/em>;<\/li>\n<\/ul>\nAntig\u00fcedades cristianas est\u00e1 compuesto por estatuas, sarc\u00f3fagos y restos arqueol\u00f3gicos\n<ul>\n \t<li><em>Pinacoteca<\/em>;<\/li>\n<\/ul>\nSe muestran obras pict\u00f3ricas desde la Edad Media\n<ul>\n \t<li><em>Sala Sobieski y de la Inmaculada<\/em>;<\/li>\n<\/ul>\nSe muestran lienzos procedentes del \u201cOttocento\u201d italiano\n\n&nbsp;\n<ul>\n \t<li><em>Museo Egipcio;<\/em><\/li>\n<\/ul>\nSe encuentran algunas impresionantes esculturas egipcias, esculturas y muestras de este antiguo imperio\n<ul>\n \t<li><em>Museo Etrusco<\/em>;<\/li>\n<\/ul>\nContienen restos pertenecientes a la civilizaci\u00f3n etrusca\n<ul>\n \t<li><em>Museo Chiaramonti<\/em>;<\/li>\n<\/ul>\nEsta galer\u00eda muestra un millar de esculturas entre las que se incluyen retratos de emperadores, im\u00e1genes de los dioses\n<ul>\n \t<li><em>Museo Gregoriano Profano<\/em>;<\/li>\n<\/ul>\nSus salas guardan esculturas griegas y romanas\n<ul>\n \t<li><em>Apartamento Borgia<\/em>;<\/li>\n<\/ul>\nLos apartamentos que pertenecieron al papa Alejandro VI Borgia sirven hoy como salas de exposiciones\n<ul>\n \t<li><em>Estancias de Rafael<\/em>;<\/li>\n<\/ul>\nLos apartamentos del papa Julio II.\n<ul>\n \t<li><em>Sala de la Biga<\/em>;<\/li>\n<\/ul>\nUna monumental figura de m\u00e1rmol de un carro tirado por dos caballos\n\n&nbsp;\n\nTodos estos museos se encuentran dentro de la ciudad del Vaticano, pero para entrar de manera particular a la Ciudad del Vaticano toma horas, por eso se recomienda adquirir un tour con tus gu\u00edas o compa\u00f1\u00eda de viaje.\n\n&nbsp;\n\nTambi\u00e9n que s\u00ed, deseas caminar por la ciudad, lo hagas despu\u00e9s de del recorrido Vaticano, porque por dentro de esta, solo se puede hacer a pie, y te aseguro que vas a desear caminarlo todo.\n\n&nbsp;\n\n<strong><em>Recomendaciones<\/em><\/strong>\n\n&nbsp;\n<ul>\n \t<li>Usa la ropa adecuada, ya que se camina mucho en la Ciudad del Vaticano y recuerda que en esta hay monumentos religiosos, que hay que respetar<\/li>\n \t<li>Lleva mucha agua, las largas caminatas requieren mucha hidrataci\u00f3n<\/li>\n \t<li>Lleva una c\u00e1mara con bater\u00eda, reemplazos para la bater\u00eda, tomaras muchas fotos<\/li>\n \t<li>si viajas con ni\u00f1os, no los sueltes, hay muchas personas en el Vaticano<\/li>\n \t<li>respetar siempre las instrucciones de la Guardia del Vaticano<\/li>\n<\/ul>\n&nbsp;\n\n&nbsp;\t\t\t\t\t\t\t\t<\/div>\n\t\t\t\t\t<\/div>\n\t\t<\/div>\n\t\t\t\t\t<\/div>\n\t\t<\/section>\n\t\t\t\t<section class=\"elementor-section elementor-top-section elementor-element elementor-element-5e4d9c6d elementor-section-boxed elementor-section-height-default elementor-section-height-default\" data-id=\"5e4d9c6d\" data-element_type=\"section\">\n\t\t\t\t\t\t<div class=\"elementor-container elementor-column-gap-custom\">\n\t\t\t\t\t<div class=\"elementor-column elementor-col-16 elementor-top-column elementor-element elementor-element-632b28f2\" data-id=\"632b28f2\" data-element_type=\"column\">\n\t\t\t<div class=\"elementor-widget-wrap elementor-element-populated\">\n\t\t\t\t\t\t<div class=\"elementor-element elementor-element-223111e elementor-widget elementor-widget-image\" data-id=\"223111e\" data-element_type=\"widget\" data-widget_type=\"image.default\">\n\t\t\t\t\t\t\t\t\t\t\t\t\t\t\t<img decoding=\"async\" width=\"128\" height=\"128\" src=\"https:\/\/www.centraldevacaciones.com\/blog\/wp-content\/uploads\/2021\/05\/dom.png\" class=\"attachment-large size-large wp-image-12635\" alt=\"\" \/>\t\t\t\t\t\t\t\t\t\t\t\t\t\t\t<\/div>\n\t\t\t\t<div class=\"elementor-element elementor-element-7128fd39 elementor-widget elementor-widget-heading\" data-id=\"7128fd39\" data-element_type=\"widget\" data-widget_type=\"heading.default\">\n\t\t\t\t\t<h3 class=\"elementor-heading-title elementor-size-default\"><a href=\"https:\/\/www.centraldevacaciones.com\/viajes\/\">Ofertas vacacionales<\/a><\/h3>\t\t\t\t<\/div>\n\t\t\t\t\t<\/div>\n\t\t<\/div>\n\t\t\t\t<div class=\"elementor-column elementor-col-16 elementor-top-column elementor-element elementor-element-4a1fd02c\" data-id=\"4a1fd02c\" data-element_type=\"column\">\n\t\t\t<div class=\"elementor-widget-wrap elementor-element-populated\">\n\t\t\t\t\t\t<div class=\"elementor-element elementor-element-1842750 elementor-widget elementor-widget-image\" data-id=\"1842750\" data-element_type=\"widget\" data-widget_type=\"image.default\">\n\t\t\t\t\t\t\t\t\t\t\t\t\t\t\t<img decoding=\"async\" width=\"128\" height=\"128\" src=\"https:\/\/www.centraldevacaciones.com\/blog\/wp-content\/uploads\/2021\/05\/camas.png\" class=\"attachment-large size-large wp-image-12637\" alt=\"\" \/>\t\t\t\t\t\t\t\t\t\t\t\t\t\t\t<\/div>\n\t\t\t\t<div class=\"elementor-element elementor-element-37f04286 elementor-widget elementor-widget-heading\" data-id=\"37f04286\" data-element_type=\"widget\" data-widget_type=\"heading.default\">\n\t\t\t\t\t<h3 class=\"elementor-heading-title elementor-size-default\"><a href=\"https:\/\/www.centraldevacaciones.com\/blog\/hoteles-de-ciudad\/\">Ofertas hoteles<\/a><\/h3>\t\t\t\t<\/div>\n\t\t\t\t\t<\/div>\n\t\t<\/div>\n\t\t\t\t<div class=\"elementor-column elementor-col-16 elementor-top-column elementor-element elementor-element-375c8814\" data-id=\"375c8814\" data-element_type=\"column\">\n\t\t\t<div class=\"elementor-widget-wrap elementor-element-populated\">\n\t\t\t\t\t\t<div class=\"elementor-element elementor-element-40fef91f elementor-widget elementor-widget-image\" data-id=\"40fef91f\" data-element_type=\"widget\" data-widget_type=\"image.default\">\n\t\t\t\t\t\t\t\t\t\t\t\t\t\t\t<img decoding=\"async\" width=\"128\" height=\"128\" src=\"https:\/\/www.centraldevacaciones.com\/blog\/wp-content\/uploads\/2021\/05\/avion-1.png\" class=\"attachment-large size-large wp-image-12639\" alt=\"\" \/>\t\t\t\t\t\t\t\t\t\t\t\t\t\t\t<\/div>\n\t\t\t\t<div class=\"elementor-element elementor-element-9c47ebc elementor-widget elementor-widget-heading\" data-id=\"9c47ebc\" data-element_type=\"widget\" data-widget_type=\"heading.default\">\n\t\t\t\t\t<h3 class=\"elementor-heading-title elementor-size-default\"><a href=\"https:\/\/www.centraldevacaciones.com\/blog\/destinos-vacaciones\/\">Mejores destinos<\/a><\/h3>\t\t\t\t<\/div>\n\t\t\t\t\t<\/div>\n\t\t<\/div>\n\t\t\t\t<div class=\"elementor-column elementor-col-16 elementor-top-column elementor-element elementor-element-6e69baf\" data-id=\"6e69baf\" data-element_type=\"column\">\n\t\t\t<div class=\"elementor-widget-wrap elementor-element-populated\">\n\t\t\t\t\t\t<div class=\"elementor-element elementor-element-4201af63 elementor-widget elementor-widget-image\" data-id=\"4201af63\" data-element_type=\"widget\" data-widget_type=\"image.default\">\n\t\t\t\t\t\t\t\t\t\t\t\t\t\t\t<img loading=\"lazy\" decoding=\"async\" width=\"128\" height=\"128\" src=\"https:\/\/www.centraldevacaciones.com\/blog\/wp-content\/uploads\/2021\/05\/cama-solar.png\" class=\"attachment-large size-large wp-image-12640\" alt=\"\" \/>\t\t\t\t\t\t\t\t\t\t\t\t\t\t\t<\/div>\n\t\t\t\t<div class=\"elementor-element elementor-element-678b46aa elementor-widget elementor-widget-heading\" data-id=\"678b46aa\" data-element_type=\"widget\" data-widget_type=\"heading.default\">\n\t\t\t\t\t<h3 class=\"elementor-heading-title elementor-size-default\"><a href=\"https:\/\/www.centraldevacaciones.com\/blog\/ofertas-circuitos\/\">Circuitos vacacionales<\/a><\/h3>\t\t\t\t<\/div>\n\t\t\t\t\t<\/div>\n\t\t<\/div>\n\t\t\t\t<div class=\"elementor-column elementor-col-16 elementor-top-column elementor-element elementor-element-61cc7a16\" data-id=\"61cc7a16\" data-element_type=\"column\">\n\t\t\t<div class=\"elementor-widget-wrap elementor-element-populated\">\n\t\t\t\t\t\t<div class=\"elementor-element elementor-element-6848c743 elementor-widget elementor-widget-image\" data-id=\"6848c743\" data-element_type=\"widget\" data-widget_type=\"image.default\">\n\t\t\t\t\t\t\t\t\t\t\t\t\t\t\t<img loading=\"lazy\" decoding=\"async\" width=\"128\" height=\"128\" src=\"https:\/\/www.centraldevacaciones.com\/blog\/wp-content\/uploads\/2021\/05\/en-todo-el-mundo.png\" class=\"attachment-large size-large wp-image-12641\" alt=\"\" \/>\t\t\t\t\t\t\t\t\t\t\t\t\t\t\t<\/div>\n\t\t\t\t<div class=\"elementor-element elementor-element-74135608 elementor-widget elementor-widget-heading\" data-id=\"74135608\" data-element_type=\"widget\" data-widget_type=\"heading.default\">\n\t\t\t\t\t<h3 class=\"elementor-heading-title elementor-size-default\"><a href=\"https:\/\/www.centraldevacaciones.com\/blog\/vuelo-hotel\/\">Vuelo + hotel <\/a><\/h3>\t\t\t\t<\/div>\n\t\t\t\t\t<\/div>\n\t\t<\/div>\n\t\t\t\t<div class=\"elementor-column elementor-col-16 elementor-top-column elementor-element elementor-element-47181e49\" data-id=\"47181e49\" data-element_type=\"column\">\n\t\t\t<div class=\"elementor-widget-wrap elementor-element-populated\">\n\t\t\t\t\t\t<div class=\"elementor-element elementor-element-2e3f9a7e elementor-widget elementor-widget-image\" data-id=\"2e3f9a7e\" data-element_type=\"widget\" data-widget_type=\"image.default\">\n\t\t\t\t\t\t\t\t\t\t\t\t\t\t\t<img loading=\"lazy\" decoding=\"async\" width=\"128\" height=\"128\" src=\"https:\/\/www.centraldevacaciones.com\/blog\/wp-content\/uploads\/2021\/05\/crucero.png\" class=\"attachment-large size-large wp-image-12642\" alt=\"\" \/>\t\t\t\t\t\t\t\t\t\t\t\t\t\t\t<\/div>\n\t\t\t\t<div class=\"elementor-element elementor-element-5acec1dd elementor-widget elementor-widget-heading\" data-id=\"5acec1dd\" data-element_type=\"widget\" data-widget_type=\"heading.default\">\n\t\t\t\t\t<h3 class=\"elementor-heading-title elementor-size-default\"><a href=\"https:\/\/www.centraldevacaciones.com\/blog\/destinos-cruceros\/\">Ofertas  cruceros<\/a><\/h3>\t\t\t\t<\/div>\n\t\t\t\t\t<\/div>\n\t\t<\/div>\n\t\t\t\t\t<\/div>\n\t\t<\/section>\n\t\t\t\t<section class=\"elementor-section elementor-top-section elementor-element elementor-element-486cf6e elementor-section-boxed elementor-section-height-default elementor-section-height-default\" data-id=\"486cf6e\" data-element_type=\"section\">\n\t\t\t\t\t\t<div class=\"elementor-container elementor-column-gap-default\">\n\t\t\t\t\t<div class=\"elementor-column elementor-col-100 elementor-top-column elementor-element elementor-element-b5d695c\" data-id=\"b5d695c\" data-element_type=\"column\">\n\t\t\t<div class=\"elementor-widget-wrap elementor-element-populated\">\n\t\t\t\t\t\t<div class=\"elementor-element elementor-element-b19c889 elementor-widget elementor-widget-text-editor\" data-id=\"b19c889\" data-element_type=\"widget\" data-widget_type=\"text-editor.default\">\n\t\t\t\t\t\t\t\t\t<p><span style=\"font-weight: 400;\">\u00bfTe gustar\u00eda poder disfrutar este verano de unas vacaciones en tu lugar favorito con los extras m\u00e1s premium que mejor se adapten a ti y poder contar la experiencia a tus conocidos? Est\u00e1s en el sitio correcto, \u00a1Si\u00e9ntete como en casa desde el primer d\u00eda de estancia en cualquier hotel reservado con Central de Vacaciones!<\/span><\/p><p><span style=\"font-weight: 400;\">Haz tu reserva cuando quieras y a donde quieras, teniendo acceso a todo tipo de lujos para elegir y disfruta unos d\u00edas de verano inolvidables junto a las personas que m\u00e1s quieres. \u00a1Haz ya tu reserva antes de que se agote la disponibilidad a muchos destinos y disfruta de un verano espectacular cuando y donde quieras con Central de Vacaciones!<\/span><\/p>\t\t\t\t\t\t\t\t<\/div>\n\t\t\t\t\t<\/div>\n\t\t<\/div>\n\t\t\t\t\t<\/div>\n\t\t<\/section>\n\t\t\t\t<\/div>\n\t\t","protected":false},"excerpt":{"rendered":"<p>No es un misterio que a nivel mundial la ciudad del Vaticano es muy conocida, a ciudad del vaticano es un pa\u00eds soberano ubicado dentro de la ciudad de Roma, en la pen\u00ednsula it\u00e1lica (denominado micro-estado europeo). La ciudad del Vaticano esta completamente inmersa en su cultura concerniente a todo lo relacionado con la religi\u00f3n [&hellip;]<\/p>\n","protected":false},"author":1,"featured_media":3377,"comment_status":"closed","ping_status":"open","sticky":false,"template":"elementor_theme","format":"standard","meta":{"_acf_changed":false,"footnotes":""},"categories":[193,208,17],"tags":[114,161,179],"class_list":["post-4159","post","type-post","status-publish","format-standard","has-post-thumbnail","hentry","category-europa","category-ideas-escapadas","category-viajes-por-europa","tag-italia","tag-roma","tag-vaticano"],"acf":[],"_links":{"self":[{"href":"https:\/\/www.centraldevacaciones.com\/blog\/wp-json\/wp\/v2\/posts\/4159","targetHints":{"allow":["GET"]}}],"collection":[{"href":"https:\/\/www.centraldevacaciones.com\/blog\/wp-json\/wp\/v2\/posts"}],"about":[{"href":"https:\/\/www.centraldevacaciones.com\/blog\/wp-json\/wp\/v2\/types\/post"}],"author":[{"embeddable":true,"href":"https:\/\/www.centraldevacaciones.com\/blog\/wp-json\/wp\/v2\/users\/1"}],"replies":[{"embeddable":true,"href":"https:\/\/www.centraldevacaciones.com\/blog\/wp-json\/wp\/v2\/comments?post=4159"}],"version-history":[{"count":0,"href":"https:\/\/www.centraldevacaciones.com\/blog\/wp-json\/wp\/v2\/posts\/4159\/revisions"}],"wp:featuredmedia":[{"embeddable":true,"href":"https:\/\/www.centraldevacaciones.com\/blog\/wp-json\/wp\/v2\/media\/3377"}],"wp:attachment":[{"href":"https:\/\/www.centraldevacaciones.com\/blog\/wp-json\/wp\/v2\/media?parent=4159"}],"wp:term":[{"taxonomy":"category","embeddable":true,"href":"https:\/\/www.centraldevacaciones.com\/blog\/wp-json\/wp\/v2\/categories?post=4159"},{"taxonomy":"post_tag","embeddable":true,"href":"https:\/\/www.centraldevacaciones.com\/blog\/wp-json\/wp\/v2\/tags?post=4159"}],"curies":[{"name":"wp","href":"https:\/\/api.w.org\/{rel}","templated":true}]}}