{"id":4111,"date":"2018-01-17T09:36:23","date_gmt":"2018-01-17T08:36:23","guid":{"rendered":"http:\/\/blog.centraldevacaciones.com\/?p=4111"},"modified":"2022-02-11T16:45:18","modified_gmt":"2022-02-11T15:45:18","slug":"turismo-en-las-islas-baleares","status":"publish","type":"post","link":"https:\/\/www.centraldevacaciones.com\/blog\/turismo-en-las-islas-baleares\/","title":{"rendered":"Turismo en las Islas Baleares"},"content":{"rendered":"\t\t<div data-elementor-type=\"wp-post\" data-elementor-id=\"4111\" class=\"elementor elementor-4111\" data-elementor-post-type=\"post\">\n\t\t\t\t\t\t<section class=\"elementor-section elementor-top-section elementor-element elementor-element-a5d5b1c elementor-section-boxed elementor-section-height-default elementor-section-height-default\" data-id=\"a5d5b1c\" data-element_type=\"section\">\n\t\t\t\t\t\t<div class=\"elementor-container elementor-column-gap-default\">\n\t\t\t\t\t<div class=\"elementor-column elementor-col-100 elementor-top-column elementor-element elementor-element-b0e578c\" data-id=\"b0e578c\" data-element_type=\"column\">\n\t\t\t<div class=\"elementor-widget-wrap elementor-element-populated\">\n\t\t\t\t\t\t<div class=\"elementor-element elementor-element-dd8ec79 elementor-widget elementor-widget-text-editor\" data-id=\"dd8ec79\" data-element_type=\"widget\" data-widget_type=\"text-editor.default\">\n\t\t\t\t\t\t\t\t\t<p>Las islas Baleares, en el mar Mediterr\u00e1neo, son un destino ideal para vivir unas vacaciones en medio de una naturaleza, entrenar deporte y gozar de la calma de sus calas. No vas a saber por d\u00f3nde empezar: senderismo y ciclo turismo por espacios declarados Reserva de la Biosfera, ocupaciones n\u00e1uticas en aguas con transparencia o campos de golf con vistas al mar son s\u00f3lo algunas de las configuraciones.<\/p><p>Las <strong>islas Baleares<\/strong> son un destino de distinci\u00f3n para turistas de todo el planeta. En ellas vas a encontrar bastante m\u00e1s de 1.000 kil\u00f3metros de costa, cerca de 400 playas, cinco parques naturales y una isla declarada <strong>Reserva de la Biosfera<\/strong> por la UNESCO, <strong>Menorca<\/strong>. Espacios \u00fanicos para gozar de unas vacaciones memorables. Para ver toda la hermosura del archipi\u00e9lago, te sugerimos <strong>conocerlas desde el mar en embarcaciones de recreo<\/strong>, una alternativa que te dejar\u00e1 conocer calas rec\u00f3nditas perfectas para reposar. Mira cu\u00e1nto te espera cuando reservas una de nuestras ofertas de <a href=\"https:\/\/www.centraldevacaciones.com\/viajes\/ofertas-a-islas-baleares.html\">vacaciones a las Islas Baleares<\/a>.<\/p>\t\t\t\t\t\t\t\t<\/div>\n\t\t\t\t\t<\/div>\n\t\t<\/div>\n\t\t\t\t\t<\/div>\n\t\t<\/section>\n\t\t\t\t<section class=\"elementor-section elementor-top-section elementor-element elementor-element-a6594d9 elementor-section-boxed elementor-section-height-default elementor-section-height-default\" data-id=\"a6594d9\" data-element_type=\"section\">\n\t\t\t\t\t\t<div class=\"elementor-container elementor-column-gap-default\">\n\t\t\t\t\t<div class=\"elementor-column elementor-col-100 elementor-top-column elementor-element elementor-element-dbb12f4\" data-id=\"dbb12f4\" data-element_type=\"column\">\n\t\t\t<div class=\"elementor-widget-wrap elementor-element-populated\">\n\t\t\t\t\t\t<div class=\"elementor-element elementor-element-6e66602 elementor-widget elementor-widget-heading\" data-id=\"6e66602\" data-element_type=\"widget\" data-widget_type=\"heading.default\">\n\t\t\t\t\t<h2 class=\"elementor-heading-title elementor-size-default\">Mallorca: much\u00edsimo m\u00e1s que sol y playa<\/h2>\t\t\t\t<\/div>\n\t\t\t\t\t<\/div>\n\t\t<\/div>\n\t\t\t\t\t<\/div>\n\t\t<\/section>\n\t\t\t\t<section class=\"elementor-section elementor-top-section elementor-element elementor-element-4421a9e elementor-section-boxed elementor-section-height-default elementor-section-height-default\" data-id=\"4421a9e\" data-element_type=\"section\">\n\t\t\t\t\t\t<div class=\"elementor-container elementor-column-gap-default\">\n\t\t\t\t\t<div class=\"elementor-column elementor-col-100 elementor-top-column elementor-element elementor-element-db462c8\" data-id=\"db462c8\" data-element_type=\"column\">\n\t\t\t<div class=\"elementor-widget-wrap elementor-element-populated\">\n\t\t\t\t\t\t<div class=\"elementor-element elementor-element-1f516d0 elementor-widget elementor-widget-text-editor\" data-id=\"1f516d0\" data-element_type=\"widget\" data-widget_type=\"text-editor.default\">\n\t\t\t\t\t\t\t\t\t<p>El 40 por ciento del territorio de <strong>Mallorca<\/strong> est\u00e1 proclamado espacio protegido. En ella te aguardan 550 kil\u00f3metros de costa donde hallar\u00e1s playas como <strong>el Arenal<\/strong>, <strong>Cala Mesquida<\/strong> o <strong>Sa Coma<\/strong>.<\/p><p>Una de las principales razones por las que es unos de los principales focos del turismo en las isllas baleares es que da much\u00edsimo m\u00e1s que sol y playa. Su naturaleza es incre\u00edble con parajes como la <strong>Sierra de Tramuntana<\/strong> y los parques naturales de <strong>Albufera<\/strong>, <strong>Mondrag\u00f3n<\/strong> Muy cerca, a una hora escasa de navegaci\u00f3n, est\u00e1 el <strong>Parque Nacional del Archipi\u00e9lago de Cabrera<\/strong>, principalmente interesante por su fondo marino de posidonias oce\u00e1nicas.<\/p><p>La civilizaci\u00f3n adem\u00e1s tiene un espacio sustancial en Mallorca. Su capital, <strong>Palma<\/strong>, tiene uno de los n\u00facleos hist\u00f3ricos mejor conservados de Europa. Para comprobarlo, te sugerimos pasear por los <strong>patios del casco obsoleto<\/strong> y conocer su <strong>Catedral<\/strong> y el <strong>castillo del Bellver<\/strong>, desde el que vas a tener una hermosa panor\u00e1mica de Mallorca. \u00bfTe gustar\u00eda viajar a esta isla? Descubre nuestros paquetes de <a href=\"https:\/\/www.centraldevacaciones.com\/viajes\/ofertas-a-mallorca.html\">vacaciones en Mallorca<\/a>.<\/p>\t\t\t\t\t\t\t\t<\/div>\n\t\t\t\t\t<\/div>\n\t\t<\/div>\n\t\t\t\t\t<\/div>\n\t\t<\/section>\n\t\t\t\t<section class=\"elementor-section elementor-top-section elementor-element elementor-element-f6f1c25 elementor-section-boxed elementor-section-height-default elementor-section-height-default\" data-id=\"f6f1c25\" data-element_type=\"section\">\n\t\t\t\t\t\t<div class=\"elementor-container elementor-column-gap-default\">\n\t\t\t\t\t<div class=\"elementor-column elementor-col-100 elementor-top-column elementor-element elementor-element-a6509e1\" data-id=\"a6509e1\" data-element_type=\"column\">\n\t\t\t<div class=\"elementor-widget-wrap elementor-element-populated\">\n\t\t\t\t\t\t<div class=\"elementor-element elementor-element-1c35de9 elementor-widget elementor-widget-image\" data-id=\"1c35de9\" data-element_type=\"widget\" data-widget_type=\"image.default\">\n\t\t\t\t\t\t\t\t\t\t\t\t\t\t\t<img fetchpriority=\"high\" decoding=\"async\" width=\"350\" height=\"300\" src=\"https:\/\/www.centraldevacaciones.com\/blog\/wp-content\/uploads\/2018\/01\/mallorca-41.jpg\" class=\"attachment-medium_large size-medium_large wp-image-23372\" alt=\"Turismo en las Islas Baleares: Playa de Mallorca\" srcset=\"https:\/\/www.centraldevacaciones.com\/blog\/wp-content\/uploads\/2018\/01\/mallorca-41.jpg 350w, https:\/\/www.centraldevacaciones.com\/blog\/wp-content\/uploads\/2018\/01\/mallorca-41-300x257.jpg 300w\" sizes=\"(max-width: 350px) 100vw, 350px\" \/>\t\t\t\t\t\t\t\t\t\t\t\t\t\t\t<\/div>\n\t\t\t\t\t<\/div>\n\t\t<\/div>\n\t\t\t\t\t<\/div>\n\t\t<\/section>\n\t\t\t\t<section class=\"elementor-section elementor-top-section elementor-element elementor-element-56988f9 elementor-section-boxed elementor-section-height-default elementor-section-height-default\" data-id=\"56988f9\" data-element_type=\"section\">\n\t\t\t\t\t\t<div class=\"elementor-container elementor-column-gap-default\">\n\t\t\t\t\t<div class=\"elementor-column elementor-col-100 elementor-top-column elementor-element elementor-element-e577286\" data-id=\"e577286\" data-element_type=\"column\">\n\t\t\t<div class=\"elementor-widget-wrap elementor-element-populated\">\n\t\t\t\t\t\t<div class=\"elementor-element elementor-element-75856b8 elementor-widget elementor-widget-heading\" data-id=\"75856b8\" data-element_type=\"widget\" data-widget_type=\"heading.default\">\n\t\t\t\t\t<h2 class=\"elementor-heading-title elementor-size-default\">\n\nIbiza, la isla blanca de las Baleares<\/h2>\t\t\t\t<\/div>\n\t\t\t\t\t<\/div>\n\t\t<\/div>\n\t\t\t\t\t<\/div>\n\t\t<\/section>\n\t\t\t\t<section class=\"elementor-section elementor-top-section elementor-element elementor-element-829a7e7 elementor-section-boxed elementor-section-height-default elementor-section-height-default\" data-id=\"829a7e7\" data-element_type=\"section\">\n\t\t\t\t\t\t<div class=\"elementor-container elementor-column-gap-default\">\n\t\t\t\t\t<div class=\"elementor-column elementor-col-100 elementor-top-column elementor-element elementor-element-9923237\" data-id=\"9923237\" data-element_type=\"column\">\n\t\t\t<div class=\"elementor-widget-wrap elementor-element-populated\">\n\t\t\t\t\t\t<div class=\"elementor-element elementor-element-dc5d498 elementor-widget elementor-widget-text-editor\" data-id=\"dc5d498\" data-element_type=\"widget\" data-widget_type=\"text-editor.default\">\n\t\t\t\t\t\t\t\t\t<p>I<strong>biza<\/strong> es un para\u00edso de playas, parques naturales y parajes de distinci\u00f3n cuya <strong>biodiversidad y riqueza cultural<\/strong> le han servido para ser declarada Patrimonio de la Humanidad por la UNESCO. La isla tiene 210 kil\u00f3metros de costa que te seducir\u00e1n con sus largos arenales de tierra blanca, sus extensiones de dunas, sus calas y su agua cristalina que invita al ba\u00f1o. Te sugerimos la pr\u00e1ctica de deportes acu\u00e1ticos en las estaciones n\u00e1uticas de <strong>Santa Eul\u00e0ria<\/strong> y <strong>Sant Antonio y San Josep<\/strong>, o una excursi\u00f3n a la isla vecina de <strong>Formentera<\/strong>, a escasa media hora en barco y donde hallar\u00e1s magn\u00edficas piscinas naturales.<\/p><p>La noche adem\u00e1s es particular en Ibiza. La isla es popular en todo el mundo por su ocio nocturno, horas de distracci\u00f3n que empiezan en las terrazas al caer el sol y se prolongan hasta la ma\u00f1ana del pr\u00f3ximo d\u00eda en enormes discotecas. Si quieres unas vacaciones sin igual, descubre nuestras ofertas de <a href=\"https:\/\/www.centraldevacaciones.com\/viajes\/ofertas-a-ibiza.html\">vuelo + hotel en Ibiza<\/a>.<\/p>\t\t\t\t\t\t\t\t<\/div>\n\t\t\t\t\t<\/div>\n\t\t<\/div>\n\t\t\t\t\t<\/div>\n\t\t<\/section>\n\t\t\t\t<section class=\"elementor-section elementor-top-section elementor-element elementor-element-62a4487 elementor-section-boxed elementor-section-height-default elementor-section-height-default\" data-id=\"62a4487\" data-element_type=\"section\">\n\t\t\t\t\t\t<div class=\"elementor-container elementor-column-gap-default\">\n\t\t\t\t\t<div class=\"elementor-column elementor-col-100 elementor-top-column elementor-element elementor-element-8e3db18\" data-id=\"8e3db18\" data-element_type=\"column\">\n\t\t\t<div class=\"elementor-widget-wrap elementor-element-populated\">\n\t\t\t\t\t\t<div class=\"elementor-element elementor-element-fb820e2 elementor-widget elementor-widget-heading\" data-id=\"fb820e2\" data-element_type=\"widget\" data-widget_type=\"heading.default\">\n\t\t\t\t\t<h2 class=\"elementor-heading-title elementor-size-default\">Formentera<\/h2>\t\t\t\t<\/div>\n\t\t\t\t\t<\/div>\n\t\t<\/div>\n\t\t\t\t\t<\/div>\n\t\t<\/section>\n\t\t\t\t<section class=\"elementor-section elementor-top-section elementor-element elementor-element-aa8e022 elementor-section-boxed elementor-section-height-default elementor-section-height-default\" data-id=\"aa8e022\" data-element_type=\"section\">\n\t\t\t\t\t\t<div class=\"elementor-container elementor-column-gap-default\">\n\t\t\t\t\t<div class=\"elementor-column elementor-col-100 elementor-top-column elementor-element elementor-element-f57bbae\" data-id=\"f57bbae\" data-element_type=\"column\">\n\t\t\t<div class=\"elementor-widget-wrap elementor-element-populated\">\n\t\t\t\t\t\t<div class=\"elementor-element elementor-element-19906e8 elementor-widget elementor-widget-text-editor\" data-id=\"19906e8\" data-element_type=\"widget\" data-widget_type=\"text-editor.default\">\n\t\t\t\t\t\t\t\t\t<p>Y cuando hablamos sobre turismo en las islas Baleares, no nos podemos olvidar de la calmada Formentera. Con tal s\u00f3lo 83,24km\u00b2, es el sitio ideal para desconectar completamente de todo. Es uno de los enclaves de las baleares m\u00e1s exclusivos, con un aire desenfadado y sin grandes aglomeraciones tur\u00edsticas, uno de sus puntos m\u00e1s conocidos es el faro de Formentera, ideal para realizar una excursi\u00f3n en bici para ver el atardecer. Otro de los puntos tur\u00edsticos m\u00e1s importantes de la isla es la playa de Migjorn, la de m\u00e1s extensi\u00f3n de Formentera.\u00a0<\/p>\t\t\t\t\t\t\t\t<\/div>\n\t\t\t\t\t<\/div>\n\t\t<\/div>\n\t\t\t\t\t<\/div>\n\t\t<\/section>\n\t\t\t\t<section class=\"elementor-section elementor-top-section elementor-element elementor-element-b11347b elementor-section-boxed elementor-section-height-default elementor-section-height-default\" data-id=\"b11347b\" data-element_type=\"section\">\n\t\t\t\t\t\t<div class=\"elementor-container elementor-column-gap-default\">\n\t\t\t\t\t<div class=\"elementor-column elementor-col-100 elementor-top-column elementor-element elementor-element-0c131b2\" data-id=\"0c131b2\" data-element_type=\"column\">\n\t\t\t<div class=\"elementor-widget-wrap elementor-element-populated\">\n\t\t\t\t\t\t<div class=\"elementor-element elementor-element-8aaa0e6 elementor-widget elementor-widget-image\" data-id=\"8aaa0e6\" data-element_type=\"widget\" data-widget_type=\"image.default\">\n\t\t\t\t\t\t\t\t\t\t\t\t\t\t\t<img decoding=\"async\" width=\"400\" height=\"280\" src=\"https:\/\/www.centraldevacaciones.com\/blog\/wp-content\/uploads\/2018\/01\/Playa-de-Formentera.jpg\" class=\"attachment-medium_large size-medium_large wp-image-23374\" alt=\"Turismo en las Islas Baleares: Mar de Formentera\" srcset=\"https:\/\/www.centraldevacaciones.com\/blog\/wp-content\/uploads\/2018\/01\/Playa-de-Formentera.jpg 400w, https:\/\/www.centraldevacaciones.com\/blog\/wp-content\/uploads\/2018\/01\/Playa-de-Formentera-300x210.jpg 300w\" sizes=\"(max-width: 400px) 100vw, 400px\" \/>\t\t\t\t\t\t\t\t\t\t\t\t\t\t\t<\/div>\n\t\t\t\t\t<\/div>\n\t\t<\/div>\n\t\t\t\t\t<\/div>\n\t\t<\/section>\n\t\t\t\t<section class=\"elementor-section elementor-top-section elementor-element elementor-element-5a81a63 elementor-section-boxed elementor-section-height-default elementor-section-height-default\" data-id=\"5a81a63\" data-element_type=\"section\">\n\t\t\t\t\t\t<div class=\"elementor-container elementor-column-gap-default\">\n\t\t\t\t\t<div class=\"elementor-column elementor-col-100 elementor-top-column elementor-element elementor-element-956aea0\" data-id=\"956aea0\" data-element_type=\"column\">\n\t\t\t<div class=\"elementor-widget-wrap elementor-element-populated\">\n\t\t\t\t\t\t<div class=\"elementor-element elementor-element-2c518dc elementor-widget elementor-widget-heading\" data-id=\"2c518dc\" data-element_type=\"widget\" data-widget_type=\"heading.default\">\n\t\t\t\t\t<h2 class=\"elementor-heading-title elementor-size-default\">Menorca<\/h2>\t\t\t\t<\/div>\n\t\t\t\t\t<\/div>\n\t\t<\/div>\n\t\t\t\t\t<\/div>\n\t\t<\/section>\n\t\t\t\t<section class=\"elementor-section elementor-top-section elementor-element elementor-element-78cecd7 elementor-section-boxed elementor-section-height-default elementor-section-height-default\" data-id=\"78cecd7\" data-element_type=\"section\">\n\t\t\t\t\t\t<div class=\"elementor-container elementor-column-gap-default\">\n\t\t\t\t\t<div class=\"elementor-column elementor-col-100 elementor-top-column elementor-element elementor-element-3aa1c0b\" data-id=\"3aa1c0b\" data-element_type=\"column\">\n\t\t\t<div class=\"elementor-widget-wrap elementor-element-populated\">\n\t\t\t\t\t\t<div class=\"elementor-element elementor-element-1a64f2b elementor-widget elementor-widget-text-editor\" data-id=\"1a64f2b\" data-element_type=\"widget\" data-widget_type=\"text-editor.default\">\n\t\t\t\t\t\t\t\t\t<p>Tranquila, hermosa y declarada <strong>Reserva de la Biosfera<\/strong> por la UNESCO. <strong>Menorca<\/strong> tiene panoramas id\u00edlicos solamente alterados por el paso del tiempo, monumentos megal\u00edticos y playas en las que el sol brilla bastante m\u00e1s de 2.700 horas al a\u00f1o. En el norte de la isla recalca un relieve abrupto de peque\u00f1as calas que se contrapone a la suavidad de las playas de arena blanca y fina del sur. Sus chicos pueblos, su naturaleza, con espacios como el <strong>Parque Natural de Albufera des Grau<\/strong>, o el show de los almendros en flor a finales de enero, la hacen una isla ideal para hacer excursiones a pie o en bicicleta. Al fin y al cabo, un espacio para perderse en contacto con un \u00e1mbito natural inigualable.<\/p><p>Como ves, Baleares es especial para las ocupaciones al aire libre: <strong>submarinismo<\/strong>, <strong>senderismo<\/strong>, <strong>ciclismo<\/strong>, <strong>jugar al golf<\/strong>, deportes n\u00e1uticos. En Central de Vacaciones, tendr\u00e1s la oportunidad de reservar tus <a href=\"https:\/\/www.centraldevacaciones.com\/viajes\/ofertas-a-menorca.html\">vacaciones en Menorca<\/a> ideales.<\/p><p>Adem\u00e1s, Ibiza, Formentera, Mallorca y Menorca est\u00e1n realmente bien comunicadas entre s\u00ed, por lo cual a lo largo de tu viaje tendr\u00e1s la posibilidad de visitarlas todas.<\/p>\t\t\t\t\t\t\t\t<\/div>\n\t\t\t\t\t<\/div>\n\t\t<\/div>\n\t\t\t\t\t<\/div>\n\t\t<\/section>\n\t\t\t\t<section class=\"elementor-section elementor-top-section elementor-element elementor-element-593ea82 elementor-section-boxed elementor-section-height-default elementor-section-height-default\" data-id=\"593ea82\" data-element_type=\"section\">\n\t\t\t\t\t\t<div class=\"elementor-container elementor-column-gap-default\">\n\t\t\t\t\t<div class=\"elementor-column elementor-col-100 elementor-top-column elementor-element elementor-element-0694cc4\" data-id=\"0694cc4\" data-element_type=\"column\">\n\t\t\t<div class=\"elementor-widget-wrap elementor-element-populated\">\n\t\t\t\t\t\t<div class=\"elementor-element elementor-element-de8a590 elementor-widget elementor-widget-image\" data-id=\"de8a590\" data-element_type=\"widget\" data-widget_type=\"image.default\">\n\t\t\t\t\t\t\t\t\t\t\t\t\t\t\t<img decoding=\"async\" width=\"360\" height=\"250\" src=\"https:\/\/www.centraldevacaciones.com\/blog\/wp-content\/uploads\/2018\/01\/menorca-21.jpg\" class=\"attachment-medium_large size-medium_large wp-image-23375\" alt=\"\" srcset=\"https:\/\/www.centraldevacaciones.com\/blog\/wp-content\/uploads\/2018\/01\/menorca-21.jpg 360w, https:\/\/www.centraldevacaciones.com\/blog\/wp-content\/uploads\/2018\/01\/menorca-21-300x208.jpg 300w\" sizes=\"(max-width: 360px) 100vw, 360px\" \/>\t\t\t\t\t\t\t\t\t\t\t\t\t\t\t<\/div>\n\t\t\t\t\t<\/div>\n\t\t<\/div>\n\t\t\t\t\t<\/div>\n\t\t<\/section>\n\t\t\t\t<\/div>\n\t\t","protected":false},"excerpt":{"rendered":"<p>Las islas Baleares, en el mar Mediterr\u00e1neo, son un destino ideal para vivir unas vacaciones en medio de una naturaleza, entrenar deporte y gozar de la calma de sus calas. No vas a saber por d\u00f3nde empezar: senderismo y ciclo turismo por espacios declarados Reserva de la Biosfera, ocupaciones n\u00e1uticas en aguas con transparencia o [&hellip;]<\/p>\n","protected":false},"author":1,"featured_media":4113,"comment_status":"closed","ping_status":"open","sticky":false,"template":"elementor_theme","format":"standard","meta":{"_acf_changed":false,"footnotes":""},"categories":[208,4,193,206,204,194,200],"tags":[],"class_list":["post-4111","post","type-post","status-publish","format-standard","has-post-thumbnail","hentry","category-ideas-escapadas","category-espana","category-europa","category-ideas-viajes-lujo","category-ideas-viajes-verano","category-islas-paradisiacas","category-rutas-por-espana"],"acf":[],"_links":{"self":[{"href":"https:\/\/www.centraldevacaciones.com\/blog\/wp-json\/wp\/v2\/posts\/4111","targetHints":{"allow":["GET"]}}],"collection":[{"href":"https:\/\/www.centraldevacaciones.com\/blog\/wp-json\/wp\/v2\/posts"}],"about":[{"href":"https:\/\/www.centraldevacaciones.com\/blog\/wp-json\/wp\/v2\/types\/post"}],"author":[{"embeddable":true,"href":"https:\/\/www.centraldevacaciones.com\/blog\/wp-json\/wp\/v2\/users\/1"}],"replies":[{"embeddable":true,"href":"https:\/\/www.centraldevacaciones.com\/blog\/wp-json\/wp\/v2\/comments?post=4111"}],"version-history":[{"count":0,"href":"https:\/\/www.centraldevacaciones.com\/blog\/wp-json\/wp\/v2\/posts\/4111\/revisions"}],"wp:featuredmedia":[{"embeddable":true,"href":"https:\/\/www.centraldevacaciones.com\/blog\/wp-json\/wp\/v2\/media\/4113"}],"wp:attachment":[{"href":"https:\/\/www.centraldevacaciones.com\/blog\/wp-json\/wp\/v2\/media?parent=4111"}],"wp:term":[{"taxonomy":"category","embeddable":true,"href":"https:\/\/www.centraldevacaciones.com\/blog\/wp-json\/wp\/v2\/categories?post=4111"},{"taxonomy":"post_tag","embeddable":true,"href":"https:\/\/www.centraldevacaciones.com\/blog\/wp-json\/wp\/v2\/tags?post=4111"}],"curies":[{"name":"wp","href":"https:\/\/api.w.org\/{rel}","templated":true}]}}