{"id":3974,"date":"2017-11-17T15:56:04","date_gmt":"2017-11-17T14:56:04","guid":{"rendered":"http:\/\/blog.centraldevacaciones.com\/?p=3974"},"modified":"2021-08-02T11:03:03","modified_gmt":"2021-08-02T09:03:03","slug":"islas-baleares-en-invierno","status":"publish","type":"post","link":"https:\/\/www.centraldevacaciones.com\/blog\/islas-baleares-en-invierno\/","title":{"rendered":"Las hermosas Islas Baleares en invierno"},"content":{"rendered":"\t\t<div data-elementor-type=\"wp-post\" data-elementor-id=\"3974\" class=\"elementor elementor-3974\" data-elementor-post-type=\"post\">\n\t\t\t\t\t\t<section class=\"elementor-section elementor-top-section elementor-element elementor-element-3dec9865 elementor-section-boxed elementor-section-height-default elementor-section-height-default\" data-id=\"3dec9865\" data-element_type=\"section\">\n\t\t\t\t\t\t<div class=\"elementor-container elementor-column-gap-default\">\n\t\t\t\t\t<div class=\"elementor-column elementor-col-100 elementor-top-column elementor-element elementor-element-5273602c\" data-id=\"5273602c\" data-element_type=\"column\">\n\t\t\t<div class=\"elementor-widget-wrap elementor-element-populated\">\n\t\t\t\t\t\t<div class=\"elementor-element elementor-element-53870b49 elementor-widget elementor-widget-text-editor\" data-id=\"53870b49\" data-element_type=\"widget\" data-widget_type=\"text-editor.default\">\n\t\t\t\t\t\t\t\t\t<img decoding=\"async\" title=\"Photo by Droelfzehn\" src=\"http:\/\/blog.centraldevacaciones.com\/wp-content\/uploads\/2017\/11\/eb36b7062df3003ecd0b470de7444e90fe76e7d419b8124594f7c8_640_baleares.jpg\" alt=\"baleares photo\" \/><img decoding=\"async\" title=\"Photo by Schreib-Engel\" src=\"http:\/\/blog.centraldevacaciones.com\/wp-content\/uploads\/2017\/11\/ea3db90a2af41c3e81584d04ee44408be272e3d510b2154092f9_640_baleares.jpg\" alt=\"baleares photo\" \/>Unas islas que se convierten en destino de varios en los meses m\u00e1s calurosos del a\u00f1o. Un turismo que decrece simult\u00e1neamente que lo hacen las temperaturas. Pero lo que varios ignoran es que Baleares aloja un tesoro bastante m\u00e1s grande que el que los turistas veraniegos disfrutan.\n\n<iframe title=\"Descubre las Islas Baleares, la llamada del Mediterr\u00e1neo\" width=\"800\" height=\"450\" src=\"https:\/\/www.youtube.com\/embed\/EsQskPmRIuI?feature=oembed\" frameborder=\"0\" allow=\"accelerometer; autoplay; clipboard-write; encrypted-media; gyroscope; picture-in-picture; web-share\" referrerpolicy=\"strict-origin-when-cross-origin\" allowfullscreen><\/iframe>\n<h2>Invierno en Mallorca<\/h2>\n<strong>Palma de Mallorca<\/strong> es una de sus islas, y sin lugar a duda la que m\u00e1s grande renombre tiene. Son bastantes los que pusieron sus pies sobre ella, pero verdaderamente no muchos los que la han visitado y han llegado a conocerla. Una de las propiedades de la isla es su ocio nocturno. Se encuentra dentro de las causas por las que varios deciden viajar a Palma, pero adem\u00e1s se encuentra dentro de las causas que provoca que varios se pierdan otros encantos de la isla.\n\nSeguramente hayas estado en Palma, pero \u00bfla has descubierto verdaderamente? Esta se encuentra dentro de las causas positivas de viajar en invierno, menos juerga y m\u00e1s turismo. Porque distanciado de la regi\u00f3n de Maga luz, son muchas las maravillas que te puedes hallar.\n\nUno de los enormes hechos de los que puedes gozar si visitas la isla a mitad del mes de enero son sus fiestas. En las semanas centrales, se celebran las fiestas de San Sebasti\u00e1n. Exactamente el d\u00eda de fiesta es el 20 de enero. Este d\u00eda la localidad se inunda de un enorme show de fuegos artificiales y fogones en medio de una calle. Es un instante ideal, en el que se distribuyen en medio de una calle los platos y bebidas t\u00edpicas de la gente. La sobrasada picante acompa\u00f1ada con vinos y ca\u00f1as constituye el plato top. Adem\u00e1s, en la semana previa se llevan a cabo diferentes actos. El m\u00e1s relevante, la verbena de San Sebasti\u00e1n, conmemorada con hogueras y actuaciones musicales en las plazas m\u00e1s populares del centro de Palma. \u00c9ste se convirti\u00f3 en un hecho cultural que no puedes dejar pasar y que convertir\u00e1 tu viaje a la isla en una vivencia envidiable.\n\nOtro de los bienes que aloja la isla en su tema cultural es la figura y obra de un artista. Joan Mir\u00f3, escultor, grabador y ceramista espa\u00f1ol, es considerado uno de los m\u00e1ximos representantes del surrealismo. Su pa\u00eds y la importancia del subconsciente son piezas clave en su obra. En Palma se ubicaba su el taller, en este momento convertido en la \u201c<strong>Fundaci\u00f3 Pilar i Mir\u00f3<\/strong>\u201d. \u00c9sta, adjuntado con el museo de Arte Moderno y Contempor\u00e1neo de Palma, es Baluard, son piezas claves de visita para comprender m\u00e1s sobre la huella que Mir\u00f3 dej\u00f3 en Palma.\n\nAlejada del trasiego veraniego y del calor que transforma un d\u00eda de viajes en estancias donde solamente la playa, el comer y la siesta toman importancia, Palma se transforma en un destino relajado. Por eso al\u00e9jate de los t\u00f3picos que encasillan este destino bajo las etiquetas de fiesta, sol y playa. Visita la isla en invierno, en una fuga de la rutina que ya se hace pesada. Un destino ideal que te va a dejar con un \u00f3ptimo gusto de boca. Ya conoces, divi\u00e9rtete con las Baleares, aqu\u00ed tus <strong><a href=\"https:\/\/www.centraldevacaciones.com\/viajes\/ofertas-a-mallorca.html\">hoteles en Mallorca<\/a> <\/strong>en l\u00ednea.\n<h2>Ibiza en invierno<\/h2>\nOtra de las islas que constituyen el panorama balear es Ibiza. Resulta interesante porque tanto Ibiza como Mallorca se convierten en el apogeo m\u00e1s alto de fiesta y descontrol con las primeras olas de calor. Y las dos, de la misma manera, se transforman en niveles de paz y calma cuando las temperaturas descienden. Si se realizara una foto de las dos ocasiones, en las dos localidades nos ser\u00eda muy simple hallar las siete diferencias.\n\nEn la situaci\u00f3n de Ibiza, a varios les extra\u00f1ar\u00e1 la sugerencia de hacer la visita en invierno. Pero lo que para ellos se transforma en una localidad fantasma en los meses m\u00e1s g\u00e9lidos, para otros se transforma en el \u00e1mbito especial para poder <strong>gozar al 100% de sus panoramas y puestas de sol<\/strong>.\n\nCon un m\u00ednimo n\u00famero de visitantes, la visita de sitios impensables en otras \u00e9pocas se aleja de una utop\u00eda. Es la situaci\u00f3n del casco obsoleto. Ibiza es una localidad milenaria, cercada por impresionantes murallas y calles zigzagueantes. Un paisaje espl\u00e9ndido del que se puede gozar desde la regi\u00f3n alta de la regi\u00f3n, Dalt Vila.\n\nEn Ibiza puedes hallar muchas calas, Cala Comta es una de ellas. Si por \u00faltimo visitas la isla por unos d\u00edas, no te la puedes perder. No te invitamos a que tomes un ba\u00f1o. Esta idea la reservamos para esos valientes que les gusten las emociones intensas. Y entonces, \u00bfpor qu\u00e9?\n\nPorque adem\u00e1s de las incre\u00edbles vistas y el hermoso paisaje que compone este pedacito de la isla, desde ah\u00ed tendr\u00e1s la posibilidad de gozar de una de las superiores puestas de sol. Una escena exclusiva que ni las superiores pel\u00edculas de Hollywood pudieron retratar. \u00bfTe lo vas a perder?\n\nPero adem\u00e1s es verdad que Ibiza es cerca del exclusivo punto de comunicaci\u00f3n entre Formentera y la pen\u00ednsula, por lo cual una alternativa muy atrayente es conocer las dos islas. De hecho, puedes hallar interesantes promociones de hoteles en Ibiza que te van a permitir realizar esta visita 2 en 1. Un \u00e1mbito de postal es lo que se oculta en el grupo de las Islas Baleares, las cuales nos transporta a suponer a que el para\u00edso si existe no se diferenciar\u00eda bastante de sus playas. En este particular caribe del mediterr\u00e1neo a\u00fan quedan peque\u00f1as playas no urbanizadas, d\u00f3nde la naturaleza se expone sin el pincel especulador del hombre, d\u00f3nde todav\u00eda reinan los animales y el tiempo se ve estancado para estas joyas.\n\nElige estas <strong><a href=\"https:\/\/www.centraldevacaciones.com\/viajes\/ofertas-a-ibiza.html\">vacaciones a Ibiza<\/a><\/strong> para regalar una exclusiva vivencia. Pisa con fuerza el \u00e1mbito de las islas Baleares. Una vivencia que romper\u00e1 no s\u00f3lo con tus t\u00f3picos, sino con tu rutina. Una fuga de una semana. Una ocasi\u00f3n que renovar\u00e1 tus energ\u00edas. \u00bfA qu\u00e9 est\u00e1s esperando?\n<h2>Menorca, para la calma<\/h2>\nSi estas en Menorca es ineludible citar la<strong> playa de Ses Illetes<\/strong>, probablemente el sitio m\u00e1s popular de la Isla. En la famosa playa, una lengua de arena que se adentra sin complejos en el mar para que este la ba\u00f1e por sus dos costados, vamos a poder hallar la habitual foto de playa paradis\u00edaca cubierta por sombrillas de colores y de toallas, las cuales se echan antes de la puesta del sol para asegurarse un espacio en la concurrida orilla. Tal es el exceso de ba\u00f1istas en temporada alta que el consistorio ha impuesto una tasa para cada transporte que acceda. Pero no esperemos costos bajos, aqu\u00ed se paga a precio de turista adinerado. Es por esta raz\u00f3n que en Central de Vacaciones te ofrecemos las mejores <a href=\"https:\/\/www.centraldevacaciones.com\/viajes\/ofertas-a-menorca.html\"><strong>ofertas de hotel en Menorca<\/strong><\/a>. \u00a1Desc\u00fabrelas!\n<h3>La isla Formentera<\/h3>\nAguas transparentes, vistosos acantilados, playas de fina arena blanca y una amalgama especial de todos los azules es lo que oculta Formentera, la isla menos popular de las Baleares puesto que tiende a ser tapada por las luces de la isla de la fiesta.\n<h2>Las incre\u00edbles calas que oculta Formentera<\/h2>\nLas calas son la joya de la corona de Formentera y se convierten una de las superiores atracciones de la isla balear. Peque\u00f1as playas escondidas por la naturaleza y que en varios casos aceptan gozar de la calma. En Formentera hay multitud de calas por medio de la abrupta geograf\u00eda de la regi\u00f3n norte, que facilita que entre los acantilados nazcan peque\u00f1as porciones de playa.\n\nAdem\u00e1s, es menester la gigantesca playa de Migjorn que recorre toda la parte sur de Formentera. Las corrientes marinas han causado que, en esta cara de la isla, la arena fina sedimente en la orilla dando lugar a uno de los sitios m\u00e1s hermosos de Espa\u00f1a. Una l\u00ednea continuada de blancas arena escoltada, por un lado, por aguas de nitidez especial que te dejan ver por medio de ella y, por el otro, por dunas y zonas de pinos y sabinas que no han sucumbido frente a la creaci\u00f3n. Pero en el viaje de hoy, vamos a dejar de lado esto hermosos, sin desde\u00f1arlos desde luego, para adentrarnos en los recovecos de Formentera, conocer los sitios menos frecuentados para vivir una vivencia \u00fanica: la hermosura caribe\u00f1a de Formentera con la calma que brinda el aislamiento. Escapar del estr\u00e9s y escuchar la naturaleza, dejar que la fauna nos silbe al escuchado que las c\u00e9lebres salamandras baleares se acerquen a reclamarnos su almuerzo. Un buen primer destino ser\u00eda la isla desierta de Alga. A unos 200 metros de Formentera se erige imponente sobre el Mediterr\u00e1neo una parte de tres kil\u00f3metros de arena fina. Desde Formentera reclama la atenci\u00f3n de los ojos con vigorosa atracci\u00f3n e invita a los turistas a atravesar el trecho a nado. Incluso se puede llevar a cabo a pie por la poca hondura de las aguas, siempre en los d\u00edas en que realice buen sol y consigas ver d\u00f3nde vas a poner el pie. Una vez en tierra vamos a poder gozar de la naturaleza en pleno estado. La fauna y la flora de Alga brilla con luz propia, pertenece a las reservas m\u00e1s destacables del P<strong>arque Natural de Ses Salines<\/strong>. Exactamente por estar bajo el amparo de esta figura jur\u00eddica los locales se hicieron fuertes y han impedido que se construyan chiringuitos o hoteles. Sin ninguna marcha urban\u00edstica en su horizonte los turistas tienen la posibilidad de ofrecer un sorprendente recorrido por la orilla sin tener que evitar a personas echadas al sol.\n\nEntre la playa de Migjorn y la de Es RAM est\u00e1 la <strong>cala Des Mor<\/strong>. Un paisaje precioso adornado con rocas calizas, vegetaci\u00f3n esteparia y aguas transparentes por las que acostumbran dejar ver peces de colores. Su simple ingreso la convirtieron en la m\u00e1s habitual y frecuentada de Formentera. Por su achicado tama\u00f1o es demasiado complicado hallar un espacio libre d\u00f3nde echar la toalla. La cala de Es RAM es igual de bonita que la de Des Mor, pero menos frecuentada. Los accesos no son simples puesto que hablamos de una regi\u00f3n rocosa d\u00f3nde no se ha invertido en infraestructuras. Es territorio de pescadores, seg\u00fan cuentan los viejos de Formentera las corrientes llevan a los peces m\u00e1s importantes a estas aguas. M\u00e1s all\u00e1 de que su tama\u00f1o es muy achicado se puede tomar el sol con en l\u00ednea ciais comodidad, puesto que no tiende a estar frecuentada por turistas. Es un pensamiento, no se conoce si Cala Saona es una playa o verdaderamente es una cala. Sus enormes dimensiones, ciento cuarenta metros de arenal, invitan a suponer que hablamos de una playa, sin embargo, est\u00e1 franqueada por un denso bosque de pinar y acantilados. Sea playa o cala lo que es indiscutible es que son las aguas m\u00e1s trasparentes de Formentera. Un espacio en el que se mezcla la playa y la monta\u00f1a con una armon\u00eda bell\u00edsima. \u00bfTe hemos convencido? \u00c9chales un vistazo a nuestras ofertas de <a href=\"https:\/\/www.centraldevacaciones.com\/viajes\/ofertas-a-formentera.html\">vuelo + hotel en Formentera<\/a>.\n\n<small>Photo by <a href=\"http:\/\/www.flickr.com\/photos\/25521073@N03\/2472603373\" target=\"_blank\" rel=\"noopener noreferrer nofollow\">Lumley_<\/a> <a title=\"Attribution License\" href=\"http:\/\/creativecommons.org\/licenses\/by\/2.0\/\" target=\"_blank\" rel=\"nofollow noopener noreferrer\"><img decoding=\"async\" src=\"http:\/\/blog.centraldevacaciones.com\/wp-content\/plugins\/wp-inject\/images\/cc.png\" alt=\"\" \/><\/a><\/small>\t\t\t\t\t\t\t\t<\/div>\n\t\t\t\t\t<\/div>\n\t\t<\/div>\n\t\t\t\t\t<\/div>\n\t\t<\/section>\n\t\t\t\t<section class=\"elementor-section elementor-top-section elementor-element elementor-element-29e53 elementor-section-boxed elementor-section-height-default elementor-section-height-default\" data-id=\"29e53\" data-element_type=\"section\">\n\t\t\t\t\t\t<div class=\"elementor-container elementor-column-gap-default\">\n\t\t\t\t\t<div class=\"elementor-column elementor-col-16 elementor-top-column elementor-element elementor-element-5f0d5bfa\" data-id=\"5f0d5bfa\" data-element_type=\"column\">\n\t\t\t<div class=\"elementor-widget-wrap elementor-element-populated\">\n\t\t\t\t\t\t<div class=\"elementor-element elementor-element-607d3442 elementor-widget elementor-widget-image\" data-id=\"607d3442\" data-element_type=\"widget\" data-widget_type=\"image.default\">\n\t\t\t\t\t\t\t\t\t\t\t\t\t\t\t<img decoding=\"async\" width=\"128\" height=\"128\" src=\"https:\/\/www.centraldevacaciones.com\/blog\/wp-content\/uploads\/2020\/09\/espana.png\" class=\"attachment-large size-large wp-image-12730\" alt=\"\" \/>\t\t\t\t\t\t\t\t\t\t\t\t\t\t\t<\/div>\n\t\t\t\t<div class=\"elementor-element elementor-element-6eaa6f94 elementor-widget elementor-widget-heading\" data-id=\"6eaa6f94\" data-element_type=\"widget\" data-widget_type=\"heading.default\">\n\t\t\t\t\t<h3 class=\"elementor-heading-title elementor-size-default\"><a href=\"https:\/\/www.centraldevacaciones.com\/blog\/ofertas-de-vacaciones\/\">Viajes por Espa\u00f1a<\/a><\/h3>\t\t\t\t<\/div>\n\t\t\t\t\t<\/div>\n\t\t<\/div>\n\t\t\t\t<div class=\"elementor-column elementor-col-16 elementor-top-column elementor-element elementor-element-1fe286b8\" data-id=\"1fe286b8\" data-element_type=\"column\">\n\t\t\t<div class=\"elementor-widget-wrap elementor-element-populated\">\n\t\t\t\t\t\t<div class=\"elementor-element elementor-element-3f3b02e3 elementor-widget elementor-widget-image\" data-id=\"3f3b02e3\" data-element_type=\"widget\" data-widget_type=\"image.default\">\n\t\t\t\t\t\t\t\t\t\t\t\t\t\t\t<img decoding=\"async\" width=\"128\" height=\"128\" src=\"https:\/\/www.centraldevacaciones.com\/blog\/wp-content\/uploads\/2020\/09\/isla.png\" class=\"attachment-large size-large wp-image-12732\" alt=\"\" \/>\t\t\t\t\t\t\t\t\t\t\t\t\t\t\t<\/div>\n\t\t\t\t<div class=\"elementor-element elementor-element-46806775 elementor-widget elementor-widget-heading\" data-id=\"46806775\" data-element_type=\"widget\" data-widget_type=\"heading.default\">\n\t\t\t\t\t<h3 class=\"elementor-heading-title elementor-size-default\"><a href=\"https:\/\/www.centraldevacaciones.com\/blog\/vacaciones-mejores-islas-espana\/\">Islas de Espa\u00f1a<\/a><\/h3>\t\t\t\t<\/div>\n\t\t\t\t\t<\/div>\n\t\t<\/div>\n\t\t\t\t<div class=\"elementor-column elementor-col-16 elementor-top-column elementor-element elementor-element-c0550bd\" data-id=\"c0550bd\" data-element_type=\"column\">\n\t\t\t<div class=\"elementor-widget-wrap elementor-element-populated\">\n\t\t\t\t\t\t<div class=\"elementor-element elementor-element-573d99f2 elementor-widget elementor-widget-image\" data-id=\"573d99f2\" data-element_type=\"widget\" data-widget_type=\"image.default\">\n\t\t\t\t\t\t\t\t\t\t\t\t\t\t\t<img decoding=\"async\" width=\"128\" height=\"128\" src=\"https:\/\/www.centraldevacaciones.com\/blog\/wp-content\/uploads\/2021\/05\/avion-1.png\" class=\"attachment-large size-large wp-image-12639\" alt=\"\" \/>\t\t\t\t\t\t\t\t\t\t\t\t\t\t\t<\/div>\n\t\t\t\t<div class=\"elementor-element elementor-element-6cfa8cd4 elementor-widget elementor-widget-heading\" data-id=\"6cfa8cd4\" data-element_type=\"widget\" data-widget_type=\"heading.default\">\n\t\t\t\t\t<h3 class=\"elementor-heading-title elementor-size-default\"><a href=\"https:\/\/www.centraldevacaciones.com\/viajes\/ofertas-a-islas-canarias.html\">Viajes a Canarias<\/a><\/h3>\t\t\t\t<\/div>\n\t\t\t\t\t<\/div>\n\t\t<\/div>\n\t\t\t\t<div class=\"elementor-column elementor-col-16 elementor-top-column elementor-element elementor-element-1939825\" data-id=\"1939825\" data-element_type=\"column\">\n\t\t\t<div class=\"elementor-widget-wrap elementor-element-populated\">\n\t\t\t\t\t\t<div class=\"elementor-element elementor-element-429e86a2 elementor-widget elementor-widget-image\" data-id=\"429e86a2\" data-element_type=\"widget\" data-widget_type=\"image.default\">\n\t\t\t\t\t\t\t\t\t\t\t\t\t\t\t<img loading=\"lazy\" decoding=\"async\" width=\"128\" height=\"128\" src=\"https:\/\/www.centraldevacaciones.com\/blog\/wp-content\/uploads\/2020\/09\/sombrilla.png\" class=\"attachment-large size-large wp-image-12733\" alt=\"\" \/>\t\t\t\t\t\t\t\t\t\t\t\t\t\t\t<\/div>\n\t\t\t\t<div class=\"elementor-element elementor-element-3a66db46 elementor-widget elementor-widget-heading\" data-id=\"3a66db46\" data-element_type=\"widget\" data-widget_type=\"heading.default\">\n\t\t\t\t\t<h3 class=\"elementor-heading-title elementor-size-default\"><a href=\"https:\/\/www.centraldevacaciones.com\/viajes\/ofertas-a-lanzarote.html\">Viajes a Lanzarote<\/a><\/h3>\t\t\t\t<\/div>\n\t\t\t\t\t<\/div>\n\t\t<\/div>\n\t\t\t\t<div class=\"elementor-column elementor-col-16 elementor-top-column elementor-element elementor-element-230253fe\" data-id=\"230253fe\" data-element_type=\"column\">\n\t\t\t<div class=\"elementor-widget-wrap elementor-element-populated\">\n\t\t\t\t\t\t<div class=\"elementor-element elementor-element-70b41c76 elementor-widget elementor-widget-image\" data-id=\"70b41c76\" data-element_type=\"widget\" data-widget_type=\"image.default\">\n\t\t\t\t\t\t\t\t\t\t\t\t\t\t\t<img loading=\"lazy\" decoding=\"async\" width=\"128\" height=\"128\" src=\"https:\/\/www.centraldevacaciones.com\/blog\/wp-content\/uploads\/2020\/09\/avion.png\" class=\"attachment-large size-large wp-image-12734\" alt=\"\" \/>\t\t\t\t\t\t\t\t\t\t\t\t\t\t\t<\/div>\n\t\t\t\t<div class=\"elementor-element elementor-element-7b3a82c4 elementor-widget elementor-widget-heading\" data-id=\"7b3a82c4\" data-element_type=\"widget\" data-widget_type=\"heading.default\">\n\t\t\t\t\t<h3 class=\"elementor-heading-title elementor-size-default\"><a href=\"https:\/\/www.centraldevacaciones.com\/viajes\/ofertas-a-islas-baleares.html\">Viajes a las Baleares<\/a><\/h3>\t\t\t\t<\/div>\n\t\t\t\t\t<\/div>\n\t\t<\/div>\n\t\t\t\t<div class=\"elementor-column elementor-col-16 elementor-top-column elementor-element elementor-element-5802a2c8\" data-id=\"5802a2c8\" data-element_type=\"column\">\n\t\t\t<div class=\"elementor-widget-wrap elementor-element-populated\">\n\t\t\t\t\t\t<div class=\"elementor-element elementor-element-4e3120b0 elementor-widget elementor-widget-image\" data-id=\"4e3120b0\" data-element_type=\"widget\" data-widget_type=\"image.default\">\n\t\t\t\t\t\t\t\t\t\t\t\t\t\t\t<img loading=\"lazy\" decoding=\"async\" width=\"128\" height=\"128\" src=\"https:\/\/www.centraldevacaciones.com\/blog\/wp-content\/uploads\/2021\/05\/dom.png\" class=\"attachment-large size-large wp-image-12635\" alt=\"\" \/>\t\t\t\t\t\t\t\t\t\t\t\t\t\t\t<\/div>\n\t\t\t\t<div class=\"elementor-element elementor-element-3ccc8ebd elementor-widget elementor-widget-heading\" data-id=\"3ccc8ebd\" data-element_type=\"widget\" data-widget_type=\"heading.default\">\n\t\t\t\t\t<h3 class=\"elementor-heading-title elementor-size-default\"><a href=\"https:\/\/www.centraldevacaciones.com\/viajes\/ofertas-a-mallorca.html\">Viajes a Mallorca<\/a><\/h3>\t\t\t\t<\/div>\n\t\t\t\t\t<\/div>\n\t\t<\/div>\n\t\t\t\t\t<\/div>\n\t\t<\/section>\n\t\t\t\t<section class=\"elementor-section elementor-top-section elementor-element elementor-element-a9ecf17 elementor-section-boxed elementor-section-height-default elementor-section-height-default\" data-id=\"a9ecf17\" data-element_type=\"section\">\n\t\t\t\t\t\t<div class=\"elementor-container elementor-column-gap-default\">\n\t\t\t\t\t<div class=\"elementor-column elementor-col-100 elementor-top-column elementor-element elementor-element-b5eb767\" data-id=\"b5eb767\" data-element_type=\"column\">\n\t\t\t<div class=\"elementor-widget-wrap elementor-element-populated\">\n\t\t\t\t\t\t<div class=\"elementor-element elementor-element-f14ed9d elementor-widget elementor-widget-text-editor\" data-id=\"f14ed9d\" data-element_type=\"widget\" data-widget_type=\"text-editor.default\">\n\t\t\t\t\t\t\t\t\t<p><span style=\"font-weight: 400;\">\u00a1Disfruta este verano como el que m\u00e1s y haz realidad el sue\u00f1o que muchos otros tienen con Central de Vacaciones! Pasa unos d\u00edas de vacaciones de desconexi\u00f3n en Espa\u00f1a, concretamente en las Islas Canarias sin preocuparte de nada junto a quien m\u00e1s quieres en una estancia premium con los extras que m\u00e1s se adapten a ti. \u00a1Haz ahora tu reserva aprovechando las ofertas antes de que se agote la disponibilidad y empieza a hacer el planning de los d\u00edas de tu estancia! <\/span><\/p>\t\t\t\t\t\t\t\t<\/div>\n\t\t\t\t\t<\/div>\n\t\t<\/div>\n\t\t\t\t\t<\/div>\n\t\t<\/section>\n\t\t\t\t<\/div>\n\t\t","protected":false},"excerpt":{"rendered":"<p>Unas islas que se convierten en destino de varios en los meses m\u00e1s calurosos del a\u00f1o. Un turismo que decrece simult\u00e1neamente que lo hacen las temperaturas. Pero lo que varios ignoran es que Baleares aloja un tesoro bastante m\u00e1s grande que el que los turistas veraniegos disfrutan. Invierno en Mallorca Palma de Mallorca es una [&hellip;]<\/p>\n","protected":false},"author":1,"featured_media":3976,"comment_status":"closed","ping_status":"open","sticky":false,"template":"elementor_theme","format":"standard","meta":{"_acf_changed":false,"footnotes":""},"categories":[208,297,4,193,207,200],"tags":[33],"class_list":["post-3974","post","type-post","status-publish","format-standard","has-post-thumbnail","hentry","category-ideas-escapadas","category-caribe","category-espana","category-europa","category-ideas-viajes-invierno","category-rutas-por-espana","tag-baleares"],"acf":[],"_links":{"self":[{"href":"https:\/\/www.centraldevacaciones.com\/blog\/wp-json\/wp\/v2\/posts\/3974","targetHints":{"allow":["GET"]}}],"collection":[{"href":"https:\/\/www.centraldevacaciones.com\/blog\/wp-json\/wp\/v2\/posts"}],"about":[{"href":"https:\/\/www.centraldevacaciones.com\/blog\/wp-json\/wp\/v2\/types\/post"}],"author":[{"embeddable":true,"href":"https:\/\/www.centraldevacaciones.com\/blog\/wp-json\/wp\/v2\/users\/1"}],"replies":[{"embeddable":true,"href":"https:\/\/www.centraldevacaciones.com\/blog\/wp-json\/wp\/v2\/comments?post=3974"}],"version-history":[{"count":0,"href":"https:\/\/www.centraldevacaciones.com\/blog\/wp-json\/wp\/v2\/posts\/3974\/revisions"}],"wp:featuredmedia":[{"embeddable":true,"href":"https:\/\/www.centraldevacaciones.com\/blog\/wp-json\/wp\/v2\/media\/3976"}],"wp:attachment":[{"href":"https:\/\/www.centraldevacaciones.com\/blog\/wp-json\/wp\/v2\/media?parent=3974"}],"wp:term":[{"taxonomy":"category","embeddable":true,"href":"https:\/\/www.centraldevacaciones.com\/blog\/wp-json\/wp\/v2\/categories?post=3974"},{"taxonomy":"post_tag","embeddable":true,"href":"https:\/\/www.centraldevacaciones.com\/blog\/wp-json\/wp\/v2\/tags?post=3974"}],"curies":[{"name":"wp","href":"https:\/\/api.w.org\/{rel}","templated":true}]}}