{"id":3879,"date":"2018-04-16T16:31:53","date_gmt":"2018-04-16T14:31:53","guid":{"rendered":"http:\/\/blog.centraldevacaciones.com\/?p=3879"},"modified":"2021-11-29T10:24:09","modified_gmt":"2021-11-29T09:24:09","slug":"viaja-a-la-ciudad-de-munich-y-disfruta-de-alemania-sin-dudarlo","status":"publish","type":"post","link":"https:\/\/www.centraldevacaciones.com\/blog\/viaja-a-la-ciudad-de-munich-y-disfruta-de-alemania-sin-dudarlo\/","title":{"rendered":"Viaja a la ciudad de M\u00fanich y disfruta de Alemania sin dudarlo"},"content":{"rendered":"\t\t<div data-elementor-type=\"wp-post\" data-elementor-id=\"3879\" class=\"elementor elementor-3879\" data-elementor-post-type=\"post\">\n\t\t\t\t\t\t<section class=\"elementor-section elementor-top-section elementor-element elementor-element-fa141c6 elementor-section-boxed elementor-section-height-default elementor-section-height-default\" data-id=\"fa141c6\" data-element_type=\"section\">\n\t\t\t\t\t\t<div class=\"elementor-container elementor-column-gap-default\">\n\t\t\t\t\t<div class=\"elementor-column elementor-col-100 elementor-top-column elementor-element elementor-element-036bd14\" data-id=\"036bd14\" data-element_type=\"column\">\n\t\t\t<div class=\"elementor-widget-wrap elementor-element-populated\">\n\t\t\t\t\t\t<div class=\"elementor-element elementor-element-178eabd elementor-widget elementor-widget-text-editor\" data-id=\"178eabd\" data-element_type=\"widget\" data-widget_type=\"text-editor.default\">\n\t\t\t\t\t\t\t\t\t<p>La ciudad de M\u00fanich (M\u00fcnchen en alem\u00e1n) es la tercera ciudad m\u00e1s grande en Alemania por n\u00famero de habitantes, dicha ciudad es la capital del estado de Baviera.<\/p><p>Actualmente M\u00fanich es considerado como un centro financiero, ya que ha evolucionado en canto a innovaci\u00f3n social y tambi\u00e9n a nivel econ\u00f3mico.<\/p><p>Es un lugar \u00fanico, ya que puede reflejar el modernismo, pero tambi\u00e9n refleja la cultura que ha pasado de generaci\u00f3n en generaci\u00f3n, cultura que caracteriza a Alemania de los dem\u00e1s pa\u00edses.<\/p><p>Dicha ciudad tiene muchos lugares para visitar, as\u00ed como tambi\u00e9n se pueden disfrutar de festividades y vivir como un verdadero alem\u00e1n, que es lo que buscan las personas al realizar un viaje a esta gran ciudad.<\/p><p>\u00bfQuieres saber m\u00e1s sobre la <strong>ciudad de M\u00fanich, Alemania<\/strong>? En este post te lo contaremos todo.\u00a0<\/p>\t\t\t\t\t\t\t\t<\/div>\n\t\t\t\t\t<\/div>\n\t\t<\/div>\n\t\t\t\t\t<\/div>\n\t\t<\/section>\n\t\t\t\t<section class=\"elementor-section elementor-top-section elementor-element elementor-element-42d442a elementor-section-boxed elementor-section-height-default elementor-section-height-default\" data-id=\"42d442a\" data-element_type=\"section\">\n\t\t\t\t\t\t<div class=\"elementor-container elementor-column-gap-default\">\n\t\t\t\t\t<div class=\"elementor-column elementor-col-100 elementor-top-column elementor-element elementor-element-1364908\" data-id=\"1364908\" data-element_type=\"column\">\n\t\t\t<div class=\"elementor-widget-wrap elementor-element-populated\">\n\t\t\t\t\t\t<div class=\"elementor-element elementor-element-3764f6c elementor-widget elementor-widget-heading\" data-id=\"3764f6c\" data-element_type=\"widget\" data-widget_type=\"heading.default\">\n\t\t\t\t\t<h2 class=\"elementor-heading-title elementor-size-default\">Marienplatz<\/h2>\t\t\t\t<\/div>\n\t\t\t\t\t<\/div>\n\t\t<\/div>\n\t\t\t\t\t<\/div>\n\t\t<\/section>\n\t\t\t\t<section class=\"elementor-section elementor-top-section elementor-element elementor-element-705f942 elementor-section-boxed elementor-section-height-default elementor-section-height-default\" data-id=\"705f942\" data-element_type=\"section\">\n\t\t\t\t\t\t<div class=\"elementor-container elementor-column-gap-default\">\n\t\t\t\t\t<div class=\"elementor-column elementor-col-100 elementor-top-column elementor-element elementor-element-a6b31d0\" data-id=\"a6b31d0\" data-element_type=\"column\">\n\t\t\t<div class=\"elementor-widget-wrap elementor-element-populated\">\n\t\t\t\t\t\t<div class=\"elementor-element elementor-element-9c0e969 elementor-widget elementor-widget-text-editor\" data-id=\"9c0e969\" data-element_type=\"widget\" data-widget_type=\"text-editor.default\">\n\t\t\t\t\t\t\t\t\t<p>La Marienplatz (o plaza del ayuntamiento) es la plaza central de M\u00fanich, Alemania, desde la fundaci\u00f3n de la ciudad el a\u00f1o 1158. Esta es la plaza m\u00e1s c\u00e9ntrica que podr\u00e1s encontrar en Munich, pr\u00e1cticamente es el coraz\u00f3n de la ciudad. Sus hermosos edificios y monumentos le dan un toque especial al lugar.<\/p><p>Aqu\u00ed se encuentra la columna de Mar\u00eda, una estatua dorada que da nombre a la plaza y se considera la protectora de Bavaria. Adem\u00e1s, aqu\u00ed se encuentra el nuevo ayuntamiento, construido en estilo neog\u00f3tico. Una de las mayores atracciones es el carrill\u00f3n, en el que unas figuras danzan y que era el entretenimiento de los locales en el siglo XVI (se puede ver 3 veces al d\u00eda, a las 11h, 12h y 17h).\u00a0<\/p>\t\t\t\t\t\t\t\t<\/div>\n\t\t\t\t\t<\/div>\n\t\t<\/div>\n\t\t\t\t\t<\/div>\n\t\t<\/section>\n\t\t\t\t<section class=\"elementor-section elementor-top-section elementor-element elementor-element-3ac1eb2 elementor-section-boxed elementor-section-height-default elementor-section-height-default\" data-id=\"3ac1eb2\" data-element_type=\"section\">\n\t\t\t\t\t\t<div class=\"elementor-container elementor-column-gap-default\">\n\t\t\t\t\t<div class=\"elementor-column elementor-col-100 elementor-top-column elementor-element elementor-element-a899442\" data-id=\"a899442\" data-element_type=\"column\">\n\t\t\t<div class=\"elementor-widget-wrap elementor-element-populated\">\n\t\t\t\t\t\t<div class=\"elementor-element elementor-element-4a9853b elementor-widget elementor-widget-image\" data-id=\"4a9853b\" data-element_type=\"widget\" data-widget_type=\"image.default\">\n\t\t\t\t\t\t\t\t\t\t\t\t\t\t\t<img fetchpriority=\"high\" decoding=\"async\" width=\"300\" height=\"259\" src=\"https:\/\/www.centraldevacaciones.com\/blog\/wp-content\/uploads\/2018\/04\/marienplatzz_munich-300x259.jpg\" class=\"attachment-medium size-medium wp-image-21550\" alt=\"Marienplatz munich\" srcset=\"https:\/\/www.centraldevacaciones.com\/blog\/wp-content\/uploads\/2018\/04\/marienplatzz_munich-300x259.jpg 300w, https:\/\/www.centraldevacaciones.com\/blog\/wp-content\/uploads\/2018\/04\/marienplatzz_munich-1024x882.jpg 1024w, https:\/\/www.centraldevacaciones.com\/blog\/wp-content\/uploads\/2018\/04\/marienplatzz_munich-768x662.jpg 768w, https:\/\/www.centraldevacaciones.com\/blog\/wp-content\/uploads\/2018\/04\/marienplatzz_munich.jpg 1200w\" sizes=\"(max-width: 300px) 100vw, 300px\" \/>\t\t\t\t\t\t\t\t\t\t\t\t\t\t\t<\/div>\n\t\t\t\t\t<\/div>\n\t\t<\/div>\n\t\t\t\t\t<\/div>\n\t\t<\/section>\n\t\t\t\t<section class=\"elementor-section elementor-top-section elementor-element elementor-element-818a980 elementor-section-boxed elementor-section-height-default elementor-section-height-default\" data-id=\"818a980\" data-element_type=\"section\">\n\t\t\t\t\t\t<div class=\"elementor-container elementor-column-gap-default\">\n\t\t\t\t\t<div class=\"elementor-column elementor-col-100 elementor-top-column elementor-element elementor-element-d2844c6\" data-id=\"d2844c6\" data-element_type=\"column\">\n\t\t\t<div class=\"elementor-widget-wrap elementor-element-populated\">\n\t\t\t\t\t\t<div class=\"elementor-element elementor-element-6c272c7 elementor-widget elementor-widget-heading\" data-id=\"6c272c7\" data-element_type=\"widget\" data-widget_type=\"heading.default\">\n\t\t\t\t\t<h2 class=\"elementor-heading-title elementor-size-default\">Nuevo ayuntamiento construido en M\u00fanich<\/h2>\t\t\t\t<\/div>\n\t\t\t\t\t<\/div>\n\t\t<\/div>\n\t\t\t\t\t<\/div>\n\t\t<\/section>\n\t\t\t\t<section class=\"elementor-section elementor-top-section elementor-element elementor-element-9823b52 elementor-section-boxed elementor-section-height-default elementor-section-height-default\" data-id=\"9823b52\" data-element_type=\"section\">\n\t\t\t\t\t\t<div class=\"elementor-container elementor-column-gap-default\">\n\t\t\t\t\t<div class=\"elementor-column elementor-col-100 elementor-top-column elementor-element elementor-element-55a838b\" data-id=\"55a838b\" data-element_type=\"column\">\n\t\t\t<div class=\"elementor-widget-wrap elementor-element-populated\">\n\t\t\t\t\t\t<div class=\"elementor-element elementor-element-81e4509 elementor-widget elementor-widget-text-editor\" data-id=\"81e4509\" data-element_type=\"widget\" data-widget_type=\"text-editor.default\">\n\t\t\t\t\t\t\t\t\t<p>Un edificio que sin duda es el s\u00edmbolo de la ciudad, su construcci\u00f3n es clase aparte.\u00a0El Nuevo Ayuntamiento es el edificio del ayuntamiento sito en la Marienplatz de M\u00fanich, Baviera, Alemania. Aloja la corporaci\u00f3n municipal incluyendo las oficinas del alcalde y parte de la administraci\u00f3n desde el a\u00f1o 1874. Fue dise\u00f1ado y trabajado con un amor incondicional, el acceso a este ayuntamiento es gratis.\u00a0Podr\u00e1s disfrutar de un patio en su interior, exposiciones de distintos tipos de artes y salones espaciosos.<\/p>\t\t\t\t\t\t\t\t<\/div>\n\t\t\t\t\t<\/div>\n\t\t<\/div>\n\t\t\t\t\t<\/div>\n\t\t<\/section>\n\t\t\t\t<section class=\"elementor-section elementor-top-section elementor-element elementor-element-8b8fbc5 elementor-section-boxed elementor-section-height-default elementor-section-height-default\" data-id=\"8b8fbc5\" data-element_type=\"section\">\n\t\t\t\t\t\t<div class=\"elementor-container elementor-column-gap-default\">\n\t\t\t\t\t<div class=\"elementor-column elementor-col-100 elementor-top-column elementor-element elementor-element-ef857b7\" data-id=\"ef857b7\" data-element_type=\"column\">\n\t\t\t<div class=\"elementor-widget-wrap elementor-element-populated\">\n\t\t\t\t\t\t<div class=\"elementor-element elementor-element-e6b0510 elementor-widget elementor-widget-heading\" data-id=\"e6b0510\" data-element_type=\"widget\" data-widget_type=\"heading.default\">\n\t\t\t\t\t<h2 class=\"elementor-heading-title elementor-size-default\">HOFBR\u00c4UHAUS<\/h2>\t\t\t\t<\/div>\n\t\t\t\t\t<\/div>\n\t\t<\/div>\n\t\t\t\t\t<\/div>\n\t\t<\/section>\n\t\t\t\t<section class=\"elementor-section elementor-top-section elementor-element elementor-element-d5a4937 elementor-section-boxed elementor-section-height-default elementor-section-height-default\" data-id=\"d5a4937\" data-element_type=\"section\">\n\t\t\t\t\t\t<div class=\"elementor-container elementor-column-gap-default\">\n\t\t\t\t\t<div class=\"elementor-column elementor-col-100 elementor-top-column elementor-element elementor-element-9cb15b4\" data-id=\"9cb15b4\" data-element_type=\"column\">\n\t\t\t<div class=\"elementor-widget-wrap elementor-element-populated\">\n\t\t\t\t\t\t<div class=\"elementor-element elementor-element-a61043d elementor-widget elementor-widget-text-editor\" data-id=\"a61043d\" data-element_type=\"widget\" data-widget_type=\"text-editor.default\">\n\t\t\t\t\t\t\t\t\t<p>La Staatliches Hofbr\u00e4uhaus in M\u00fcnchen, tambi\u00e9n llamada Hofbr\u00e4u M\u00fcnchen o Hofbr\u00e4uhaus am Platzl, es una de las m\u00e1s famosas cervecer\u00edas de M\u00fanich, Baviera, Alemania. Dicha cervecer\u00eda fue fundada en el a\u00f1o 1589, durante los bombardeos del a\u00f1o 1944.<\/p><p>\u00bfAmante de la cerveza?<\/p><p>Entonces d\u00e9jame decirte que debes correr r\u00e1pidamente a esta cervecer\u00eda construida nada m\u00e1s y nada menos en los a\u00f1os de 1589. A lo largo de los a\u00f1os lo han actualizado tanto, que se ha convertido en una f\u00e1brica con una larga historia en su repertorio.<\/p><p>En este encantador lugar podr\u00e1s tomarte la cantidad de cerveza que se te antoje, la recomendaci\u00f3n por parte m\u00eda. Es que te tomes una cerveza llamada Radler, \u00a0es una cerveza mezclada con lim\u00f3n,\u00a0deliciosa.<\/p><p>El establecimiento se caracteriza por notarse antiguo desde la zona exterior, en el Oktoberfest la cervecer\u00eda se convierte en uno de los lugares m\u00e1s frecuentados de la ciudad, por motivo de la gran fiesta conocida como fiesta de la cerveza.<\/p><p>La ciudad de M\u00fanich es un gran lugar tur\u00edstico para las personas que desean conocer sobre la historia de Alemania, as\u00ed como tambi\u00e9n sus tradiciones, sobre su cultura y degustar de las cervezas que all\u00ed se sirven.<\/p><p>La cerveza weissbier es una cerveza muy conocida desde tiempos antiguos y se caracteriza por estar hecha con malta de cebada, malta de trigo y por poseer un peque\u00f1o sabor a vainilla (en espa\u00f1ol es llamada cerveza de trigo).<\/p>\t\t\t\t\t\t\t\t<\/div>\n\t\t\t\t\t<\/div>\n\t\t<\/div>\n\t\t\t\t\t<\/div>\n\t\t<\/section>\n\t\t\t\t<section class=\"elementor-section elementor-top-section elementor-element elementor-element-b2ad9df elementor-section-boxed elementor-section-height-default elementor-section-height-default\" data-id=\"b2ad9df\" data-element_type=\"section\">\n\t\t\t\t\t\t<div class=\"elementor-container elementor-column-gap-default\">\n\t\t\t\t\t<div class=\"elementor-column elementor-col-100 elementor-top-column elementor-element elementor-element-137e28c\" data-id=\"137e28c\" data-element_type=\"column\">\n\t\t\t<div class=\"elementor-widget-wrap elementor-element-populated\">\n\t\t\t\t\t\t<div class=\"elementor-element elementor-element-78738db elementor-widget elementor-widget-heading\" data-id=\"78738db\" data-element_type=\"widget\" data-widget_type=\"heading.default\">\n\t\t\t\t\t<h2 class=\"elementor-heading-title elementor-size-default\">La Residencia de Munich<\/h2>\t\t\t\t<\/div>\n\t\t\t\t\t<\/div>\n\t\t<\/div>\n\t\t\t\t\t<\/div>\n\t\t<\/section>\n\t\t\t\t<section class=\"elementor-section elementor-top-section elementor-element elementor-element-dfa915b elementor-section-boxed elementor-section-height-default elementor-section-height-default\" data-id=\"dfa915b\" data-element_type=\"section\">\n\t\t\t\t\t\t<div class=\"elementor-container elementor-column-gap-default\">\n\t\t\t\t\t<div class=\"elementor-column elementor-col-100 elementor-top-column elementor-element elementor-element-5b356c4\" data-id=\"5b356c4\" data-element_type=\"column\">\n\t\t\t<div class=\"elementor-widget-wrap elementor-element-populated\">\n\t\t\t\t\t\t<div class=\"elementor-element elementor-element-6f026dd elementor-widget elementor-widget-text-editor\" data-id=\"6f026dd\" data-element_type=\"widget\" data-widget_type=\"text-editor.default\">\n\t\t\t\t\t\t\t\t\t<p>La Residencia de M\u00fanich es el anterior palacio real de los reyes de Baviera en el centro urbano de M\u00fanich. La Residencia es el palacio urbano m\u00e1s grande de Alemania, y sirve hoy en d\u00eda como uno de los mejores museos decorativos en Europa. Es un palacio construido nada m\u00e1s y nada menos que en el a\u00f1o 1385.<\/p><p>Pr\u00e1cticamente es un palacio de la \u00e9poca urbana que mantuvo Alemania en esos a\u00f1os, cuenta con un aproximado de 10 patios y m\u00e1s de 120 habitaciones.<\/p><p>Una visita que te recomiendo que la tengas en tu itinerario de viaje.<\/p>\t\t\t\t\t\t\t\t<\/div>\n\t\t\t\t\t<\/div>\n\t\t<\/div>\n\t\t\t\t\t<\/div>\n\t\t<\/section>\n\t\t\t\t<section class=\"elementor-section elementor-top-section elementor-element elementor-element-a748d57 elementor-section-boxed elementor-section-height-default elementor-section-height-default\" data-id=\"a748d57\" data-element_type=\"section\">\n\t\t\t\t\t\t<div class=\"elementor-container elementor-column-gap-default\">\n\t\t\t\t\t<div class=\"elementor-column elementor-col-100 elementor-top-column elementor-element elementor-element-9d5e568\" data-id=\"9d5e568\" data-element_type=\"column\">\n\t\t\t<div class=\"elementor-widget-wrap elementor-element-populated\">\n\t\t\t\t\t\t<div class=\"elementor-element elementor-element-e22c1bb elementor-widget elementor-widget-image\" data-id=\"e22c1bb\" data-element_type=\"widget\" data-widget_type=\"image.default\">\n\t\t\t\t\t\t\t\t\t\t\t\t\t\t\t<img decoding=\"async\" width=\"300\" height=\"169\" src=\"https:\/\/www.centraldevacaciones.com\/blog\/wp-content\/uploads\/2021\/08\/Residenz_Antiquarium_portada-300x169.jpg\" class=\"attachment-medium size-medium wp-image-14275\" alt=\"\" srcset=\"https:\/\/www.centraldevacaciones.com\/blog\/wp-content\/uploads\/2021\/08\/Residenz_Antiquarium_portada-300x169.jpg 300w, https:\/\/www.centraldevacaciones.com\/blog\/wp-content\/uploads\/2021\/08\/Residenz_Antiquarium_portada-1024x576.jpg 1024w, https:\/\/www.centraldevacaciones.com\/blog\/wp-content\/uploads\/2021\/08\/Residenz_Antiquarium_portada-768x432.jpg 768w, https:\/\/www.centraldevacaciones.com\/blog\/wp-content\/uploads\/2021\/08\/Residenz_Antiquarium_portada.jpg 1500w\" sizes=\"(max-width: 300px) 100vw, 300px\" \/>\t\t\t\t\t\t\t\t\t\t\t\t\t\t\t<\/div>\n\t\t\t\t\t<\/div>\n\t\t<\/div>\n\t\t\t\t\t<\/div>\n\t\t<\/section>\n\t\t\t\t<section class=\"elementor-section elementor-top-section elementor-element elementor-element-c9a7fdc elementor-section-boxed elementor-section-height-default elementor-section-height-default\" data-id=\"c9a7fdc\" data-element_type=\"section\">\n\t\t\t\t\t\t<div class=\"elementor-container elementor-column-gap-default\">\n\t\t\t\t\t<div class=\"elementor-column elementor-col-100 elementor-top-column elementor-element elementor-element-4200779\" data-id=\"4200779\" data-element_type=\"column\">\n\t\t\t<div class=\"elementor-widget-wrap elementor-element-populated\">\n\t\t\t\t\t\t<div class=\"elementor-element elementor-element-89d1ee0 elementor-widget elementor-widget-heading\" data-id=\"89d1ee0\" data-element_type=\"widget\" data-widget_type=\"heading.default\">\n\t\t\t\t\t<h2 class=\"elementor-heading-title elementor-size-default\">Palacio de Nymphenburg\n<\/h2>\t\t\t\t<\/div>\n\t\t\t\t\t<\/div>\n\t\t<\/div>\n\t\t\t\t\t<\/div>\n\t\t<\/section>\n\t\t\t\t<section class=\"elementor-section elementor-top-section elementor-element elementor-element-2a409d7 elementor-section-boxed elementor-section-height-default elementor-section-height-default\" data-id=\"2a409d7\" data-element_type=\"section\">\n\t\t\t\t\t\t<div class=\"elementor-container elementor-column-gap-default\">\n\t\t\t\t\t<div class=\"elementor-column elementor-col-100 elementor-top-column elementor-element elementor-element-a54fe63\" data-id=\"a54fe63\" data-element_type=\"column\">\n\t\t\t<div class=\"elementor-widget-wrap elementor-element-populated\">\n\t\t\t\t\t\t<div class=\"elementor-element elementor-element-f79da0f elementor-widget elementor-widget-text-editor\" data-id=\"f79da0f\" data-element_type=\"widget\" data-widget_type=\"text-editor.default\">\n\t\t\t\t\t\t\t\t\t<p>El Palacio de Nymphenburg, es un palacio de estilo barroco ubicado en la ciudad de M\u00fanich, Estado federado de Baviera, Alemania. El palacio fue la residencia de verano de los gobernantes del Reino de Baviera. En si era un palacio para pasar las vacaciones de una familia llamada Wittelsbach, el interior del palacio \u00a0es impactante y est\u00e1 rodeado de grandes y fabulosos jardines.<\/p>\t\t\t\t\t\t\t\t<\/div>\n\t\t\t\t\t<\/div>\n\t\t<\/div>\n\t\t\t\t\t<\/div>\n\t\t<\/section>\n\t\t\t\t<section class=\"elementor-section elementor-top-section elementor-element elementor-element-1c56c17 elementor-section-boxed elementor-section-height-default elementor-section-height-default\" data-id=\"1c56c17\" data-element_type=\"section\">\n\t\t\t\t\t\t<div class=\"elementor-container elementor-column-gap-default\">\n\t\t\t\t\t<div class=\"elementor-column elementor-col-100 elementor-top-column elementor-element elementor-element-0f4c7a8\" data-id=\"0f4c7a8\" data-element_type=\"column\">\n\t\t\t<div class=\"elementor-widget-wrap elementor-element-populated\">\n\t\t\t\t\t\t<div class=\"elementor-element elementor-element-9553650 elementor-widget elementor-widget-heading\" data-id=\"9553650\" data-element_type=\"widget\" data-widget_type=\"heading.default\">\n\t\t\t\t\t<h2 class=\"elementor-heading-title elementor-size-default\">Iglesia de San Miguel\n<\/h2>\t\t\t\t<\/div>\n\t\t\t\t\t<\/div>\n\t\t<\/div>\n\t\t\t\t\t<\/div>\n\t\t<\/section>\n\t\t\t\t<section class=\"elementor-section elementor-top-section elementor-element elementor-element-7efbe50 elementor-section-boxed elementor-section-height-default elementor-section-height-default\" data-id=\"7efbe50\" data-element_type=\"section\">\n\t\t\t\t\t\t<div class=\"elementor-container elementor-column-gap-default\">\n\t\t\t\t\t<div class=\"elementor-column elementor-col-100 elementor-top-column elementor-element elementor-element-3dc9eb4\" data-id=\"3dc9eb4\" data-element_type=\"column\">\n\t\t\t<div class=\"elementor-widget-wrap elementor-element-populated\">\n\t\t\t\t\t\t<div class=\"elementor-element elementor-element-29e82cd elementor-widget elementor-widget-text-editor\" data-id=\"29e82cd\" data-element_type=\"widget\" data-widget_type=\"text-editor.default\">\n\t\t\t\t\t\t\t\t\t<p>Esta la celebra en la iglesia llamada Neuhauser Strabe, tomada en cuenta como una de las m\u00e1s grandes y hermosas que pueden existir en el mundo entero.\u00a0La antigua iglesia jesuita de San Miguel en M\u00fanich es la iglesia renacentista m\u00e1s grande al norte de los Alpes. Fue edificada por el duque Guillermo V de Baviera entre 1583 y 1597 como centro espiritual de la Contrarreforma<\/p><p>Desde que esta inicia todo es sorprendente una experiencia que tendr\u00e1s, para el resto de tu vida.<\/p><p>Por dentro de la iglesia est\u00e1 construida una b\u00f3veda de ca\u00f1\u00f3n, la cual tambi\u00e9n es una de las m\u00e1s grandes del mundo, luego de la del Vaticano. Esta cuenta con m\u00e1s de 18 metros de altura.<\/p>\t\t\t\t\t\t\t\t<\/div>\n\t\t\t\t\t<\/div>\n\t\t<\/div>\n\t\t\t\t\t<\/div>\n\t\t<\/section>\n\t\t\t\t<section class=\"elementor-section elementor-top-section elementor-element elementor-element-2ddd9e3 elementor-section-boxed elementor-section-height-default elementor-section-height-default\" data-id=\"2ddd9e3\" data-element_type=\"section\">\n\t\t\t\t\t\t<div class=\"elementor-container elementor-column-gap-default\">\n\t\t\t\t\t<div class=\"elementor-column elementor-col-100 elementor-top-column elementor-element elementor-element-a49cc5e\" data-id=\"a49cc5e\" data-element_type=\"column\">\n\t\t\t<div class=\"elementor-widget-wrap elementor-element-populated\">\n\t\t\t\t\t\t<div class=\"elementor-element elementor-element-bed2766 elementor-widget elementor-widget-heading\" data-id=\"bed2766\" data-element_type=\"widget\" data-widget_type=\"heading.default\">\n\t\t\t\t\t<h2 class=\"elementor-heading-title elementor-size-default\">Oktoberfest\n\n<\/h2>\t\t\t\t<\/div>\n\t\t\t\t\t<\/div>\n\t\t<\/div>\n\t\t\t\t\t<\/div>\n\t\t<\/section>\n\t\t\t\t<section class=\"elementor-section elementor-top-section elementor-element elementor-element-949481b elementor-section-boxed elementor-section-height-default elementor-section-height-default\" data-id=\"949481b\" data-element_type=\"section\">\n\t\t\t\t\t\t<div class=\"elementor-container elementor-column-gap-default\">\n\t\t\t\t\t<div class=\"elementor-column elementor-col-100 elementor-top-column elementor-element elementor-element-421f0a2\" data-id=\"421f0a2\" data-element_type=\"column\">\n\t\t\t<div class=\"elementor-widget-wrap elementor-element-populated\">\n\t\t\t\t\t\t<div class=\"elementor-element elementor-element-91ac328 elementor-widget elementor-widget-text-editor\" data-id=\"91ac328\" data-element_type=\"widget\" data-widget_type=\"text-editor.default\">\n\t\t\t\t\t\t\t\t\t<p>En espa\u00f1ol llamado fiesta de octubre, es la fiesta celebrada en la ciudad de M\u00fanich, es conocida tambi\u00e9n como la fiesta de la cerveza y es la m\u00e1s grande en Alemania y el mundo ya que se presentan cifras de visitantes extranjeros exorbitantes.<\/p><p>Es muy llamativa a nivel tur\u00edstico, ya que se muestran los barriles de cerveza que se han usado desde la antig\u00fcedad, las jarras que se usan para tomar dicha cerveza, los desfiles con trajes tradicionales, la comida, entre otras cosas.<\/p><p>Es una gran festividad que refleja las ra\u00edces de los alemanes desde la antig\u00fcedad (la festividad b\u00e1vara de Wiesn), atrayendo as\u00ed a concursos grandes de personas para asistir.<\/p>\t\t\t\t\t\t\t\t<\/div>\n\t\t\t\t\t<\/div>\n\t\t<\/div>\n\t\t\t\t\t<\/div>\n\t\t<\/section>\n\t\t\t\t<section class=\"elementor-section elementor-top-section elementor-element elementor-element-560ad07 elementor-section-boxed elementor-section-height-default elementor-section-height-default\" data-id=\"560ad07\" data-element_type=\"section\">\n\t\t\t\t\t\t<div class=\"elementor-container elementor-column-gap-default\">\n\t\t\t\t\t<div class=\"elementor-column elementor-col-100 elementor-top-column elementor-element elementor-element-03888f2\" data-id=\"03888f2\" data-element_type=\"column\">\n\t\t\t<div class=\"elementor-widget-wrap elementor-element-populated\">\n\t\t\t\t\t\t<div class=\"elementor-element elementor-element-cccfd73 elementor-widget elementor-widget-heading\" data-id=\"cccfd73\" data-element_type=\"widget\" data-widget_type=\"heading.default\">\n\t\t\t\t\t<h2 class=\"elementor-heading-title elementor-size-default\">Neue Pinakothek\n\n\n<\/h2>\t\t\t\t<\/div>\n\t\t\t\t\t<\/div>\n\t\t<\/div>\n\t\t\t\t\t<\/div>\n\t\t<\/section>\n\t\t\t\t<section class=\"elementor-section elementor-top-section elementor-element elementor-element-c0b8b5c elementor-section-boxed elementor-section-height-default elementor-section-height-default\" data-id=\"c0b8b5c\" data-element_type=\"section\">\n\t\t\t\t\t\t<div class=\"elementor-container elementor-column-gap-default\">\n\t\t\t\t\t<div class=\"elementor-column elementor-col-100 elementor-top-column elementor-element elementor-element-125ff04\" data-id=\"125ff04\" data-element_type=\"column\">\n\t\t\t<div class=\"elementor-widget-wrap elementor-element-populated\">\n\t\t\t\t\t\t<div class=\"elementor-element elementor-element-ccbbd83 elementor-widget elementor-widget-text-editor\" data-id=\"ccbbd83\" data-element_type=\"widget\" data-widget_type=\"text-editor.default\">\n\t\t\t\t\t\t\t\t\t<p>Es el nombre que se le da a un museo de arte ubicado en la ciudad de M\u00fanich, este es bastante frecuentado, ya que se centra en el arte europeo del siglo diecinueve.<\/p><p>En dicha pinacoteca (museo con pinturas) existen colecciones de hasta 4000 pinturas europeas que reflejan dese clasicismo hasta modernismo, y tambi\u00e9n presentan muchas esculturas que son exhibidas en la actualidad.<\/p><p>Es un lugar que llama mucho la atenci\u00f3n para las personas que gustan del arte y desean expandir sus conocimientos sobre el mismo y disfrutar de la majestuosidad de las esculturas y las pinturas all\u00ed presentes.<\/p>\t\t\t\t\t\t\t\t<\/div>\n\t\t\t\t\t<\/div>\n\t\t<\/div>\n\t\t\t\t\t<\/div>\n\t\t<\/section>\n\t\t\t\t<section class=\"elementor-section elementor-top-section elementor-element elementor-element-99286fd elementor-section-boxed elementor-section-height-default elementor-section-height-default\" data-id=\"99286fd\" data-element_type=\"section\">\n\t\t\t\t\t\t<div class=\"elementor-container elementor-column-gap-default\">\n\t\t\t\t\t<div class=\"elementor-column elementor-col-100 elementor-top-column elementor-element elementor-element-43da483\" data-id=\"43da483\" data-element_type=\"column\">\n\t\t\t<div class=\"elementor-widget-wrap elementor-element-populated\">\n\t\t\t\t\t\t<div class=\"elementor-element elementor-element-e22efc7 elementor-widget elementor-widget-heading\" data-id=\"e22efc7\" data-element_type=\"widget\" data-widget_type=\"heading.default\">\n\t\t\t\t\t<h2 class=\"elementor-heading-title elementor-size-default\">Englischer Garten\n\n<\/h2>\t\t\t\t<\/div>\n\t\t\t\t\t<\/div>\n\t\t<\/div>\n\t\t\t\t\t<\/div>\n\t\t<\/section>\n\t\t\t\t<section class=\"elementor-section elementor-top-section elementor-element elementor-element-e2585cc elementor-section-boxed elementor-section-height-default elementor-section-height-default\" data-id=\"e2585cc\" data-element_type=\"section\">\n\t\t\t\t\t\t<div class=\"elementor-container elementor-column-gap-default\">\n\t\t\t\t\t<div class=\"elementor-column elementor-col-100 elementor-top-column elementor-element elementor-element-0e2283e\" data-id=\"0e2283e\" data-element_type=\"column\">\n\t\t\t<div class=\"elementor-widget-wrap elementor-element-populated\">\n\t\t\t\t\t\t<div class=\"elementor-element elementor-element-48e13b4 elementor-widget elementor-widget-text-editor\" data-id=\"48e13b4\" data-element_type=\"widget\" data-widget_type=\"text-editor.default\">\n\t\t\t\t\t\t\t\t\t<p>Para acabar nuestro recorrido por M\u00fanich, re recomendamos un paseo por el Jard\u00edn ing\u00e9s, el equivalente al Hyde Park de Londres de la ciudad. Construido por Todoro de Baviera en el siglo XVIII, actualmente puedes ver locos del surf surfeando sobre el r\u00edo Isar e incluso tomarte una cerveza y un delicioso Pretzel en uno de sus Bier Gartens en plena naturaleza.\u00a0<\/p>\t\t\t\t\t\t\t\t<\/div>\n\t\t\t\t\t<\/div>\n\t\t<\/div>\n\t\t\t\t\t<\/div>\n\t\t<\/section>\n\t\t\t\t<section class=\"elementor-section elementor-top-section elementor-element elementor-element-4f94f7cc elementor-section-boxed elementor-section-height-default elementor-section-height-default\" data-id=\"4f94f7cc\" data-element_type=\"section\">\n\t\t\t\t\t\t<div class=\"elementor-container elementor-column-gap-custom\">\n\t\t\t\t\t<div class=\"elementor-column elementor-col-16 elementor-top-column elementor-element elementor-element-4f22bd74\" data-id=\"4f22bd74\" data-element_type=\"column\">\n\t\t\t<div class=\"elementor-widget-wrap elementor-element-populated\">\n\t\t\t\t\t\t<div class=\"elementor-element elementor-element-763524a5 elementor-widget elementor-widget-image\" data-id=\"763524a5\" data-element_type=\"widget\" data-widget_type=\"image.default\">\n\t\t\t\t\t\t\t\t\t\t\t\t\t\t\t<img decoding=\"async\" width=\"128\" height=\"128\" src=\"https:\/\/www.centraldevacaciones.com\/blog\/wp-content\/uploads\/2021\/05\/dom.png\" class=\"attachment-large size-large wp-image-12635\" alt=\"\" \/>\t\t\t\t\t\t\t\t\t\t\t\t\t\t\t<\/div>\n\t\t\t\t<div class=\"elementor-element elementor-element-14b89db0 elementor-widget elementor-widget-heading\" data-id=\"14b89db0\" data-element_type=\"widget\" data-widget_type=\"heading.default\">\n\t\t\t\t\t<h3 class=\"elementor-heading-title elementor-size-default\"><a href=\"https:\/\/www.centraldevacaciones.com\/viajes\/\">Ofertas vacacionales<\/a><\/h3>\t\t\t\t<\/div>\n\t\t\t\t\t<\/div>\n\t\t<\/div>\n\t\t\t\t<div class=\"elementor-column elementor-col-16 elementor-top-column elementor-element elementor-element-43d975b3\" data-id=\"43d975b3\" data-element_type=\"column\">\n\t\t\t<div class=\"elementor-widget-wrap elementor-element-populated\">\n\t\t\t\t\t\t<div class=\"elementor-element elementor-element-6bde87af elementor-widget elementor-widget-image\" data-id=\"6bde87af\" data-element_type=\"widget\" data-widget_type=\"image.default\">\n\t\t\t\t\t\t\t\t\t\t\t\t\t\t\t<img loading=\"lazy\" decoding=\"async\" width=\"128\" height=\"128\" src=\"https:\/\/www.centraldevacaciones.com\/blog\/wp-content\/uploads\/2021\/05\/camas.png\" class=\"attachment-large size-large wp-image-12637\" alt=\"\" \/>\t\t\t\t\t\t\t\t\t\t\t\t\t\t\t<\/div>\n\t\t\t\t<div class=\"elementor-element elementor-element-7f042061 elementor-widget elementor-widget-heading\" data-id=\"7f042061\" data-element_type=\"widget\" data-widget_type=\"heading.default\">\n\t\t\t\t\t<h3 class=\"elementor-heading-title elementor-size-default\"><a href=\"https:\/\/www.centraldevacaciones.com\/blog\/hoteles-de-ciudad\/\">Ofertas hoteles<\/a><\/h3>\t\t\t\t<\/div>\n\t\t\t\t\t<\/div>\n\t\t<\/div>\n\t\t\t\t<div class=\"elementor-column elementor-col-16 elementor-top-column elementor-element elementor-element-6872f365\" data-id=\"6872f365\" data-element_type=\"column\">\n\t\t\t<div class=\"elementor-widget-wrap elementor-element-populated\">\n\t\t\t\t\t\t<div class=\"elementor-element elementor-element-4a872424 elementor-widget elementor-widget-image\" data-id=\"4a872424\" data-element_type=\"widget\" data-widget_type=\"image.default\">\n\t\t\t\t\t\t\t\t\t\t\t\t\t\t\t<img loading=\"lazy\" decoding=\"async\" width=\"128\" height=\"128\" src=\"https:\/\/www.centraldevacaciones.com\/blog\/wp-content\/uploads\/2021\/05\/avion-1.png\" class=\"attachment-large size-large wp-image-12639\" alt=\"\" \/>\t\t\t\t\t\t\t\t\t\t\t\t\t\t\t<\/div>\n\t\t\t\t<div class=\"elementor-element elementor-element-25ab93c0 elementor-widget elementor-widget-heading\" data-id=\"25ab93c0\" data-element_type=\"widget\" data-widget_type=\"heading.default\">\n\t\t\t\t\t<h3 class=\"elementor-heading-title elementor-size-default\"><a href=\"https:\/\/www.centraldevacaciones.com\/blog\/destinos-vacaciones\/\">Mejores destinos<\/a><\/h3>\t\t\t\t<\/div>\n\t\t\t\t\t<\/div>\n\t\t<\/div>\n\t\t\t\t<div class=\"elementor-column elementor-col-16 elementor-top-column elementor-element elementor-element-3ff4fe11\" data-id=\"3ff4fe11\" data-element_type=\"column\">\n\t\t\t<div class=\"elementor-widget-wrap elementor-element-populated\">\n\t\t\t\t\t\t<div class=\"elementor-element elementor-element-62485446 elementor-widget elementor-widget-image\" data-id=\"62485446\" data-element_type=\"widget\" data-widget_type=\"image.default\">\n\t\t\t\t\t\t\t\t\t\t\t\t\t\t\t<img loading=\"lazy\" decoding=\"async\" width=\"128\" height=\"128\" src=\"https:\/\/www.centraldevacaciones.com\/blog\/wp-content\/uploads\/2021\/05\/cama-solar.png\" class=\"attachment-large size-large wp-image-12640\" alt=\"\" \/>\t\t\t\t\t\t\t\t\t\t\t\t\t\t\t<\/div>\n\t\t\t\t<div class=\"elementor-element elementor-element-54691fab elementor-widget elementor-widget-heading\" data-id=\"54691fab\" data-element_type=\"widget\" data-widget_type=\"heading.default\">\n\t\t\t\t\t<h3 class=\"elementor-heading-title elementor-size-default\"><a href=\"https:\/\/www.centraldevacaciones.com\/blog\/ofertas-circuitos\/\">Circuitos vacacionales<\/a><\/h3>\t\t\t\t<\/div>\n\t\t\t\t\t<\/div>\n\t\t<\/div>\n\t\t\t\t<div class=\"elementor-column elementor-col-16 elementor-top-column elementor-element elementor-element-40a54d96\" data-id=\"40a54d96\" data-element_type=\"column\">\n\t\t\t<div class=\"elementor-widget-wrap elementor-element-populated\">\n\t\t\t\t\t\t<div class=\"elementor-element elementor-element-708c117e elementor-widget elementor-widget-image\" data-id=\"708c117e\" data-element_type=\"widget\" data-widget_type=\"image.default\">\n\t\t\t\t\t\t\t\t\t\t\t\t\t\t\t<img loading=\"lazy\" decoding=\"async\" width=\"128\" height=\"128\" src=\"https:\/\/www.centraldevacaciones.com\/blog\/wp-content\/uploads\/2021\/05\/en-todo-el-mundo.png\" class=\"attachment-large size-large wp-image-12641\" alt=\"\" \/>\t\t\t\t\t\t\t\t\t\t\t\t\t\t\t<\/div>\n\t\t\t\t<div class=\"elementor-element elementor-element-7e660d79 elementor-widget elementor-widget-heading\" data-id=\"7e660d79\" data-element_type=\"widget\" data-widget_type=\"heading.default\">\n\t\t\t\t\t<h3 class=\"elementor-heading-title elementor-size-default\"><a href=\"https:\/\/www.centraldevacaciones.com\/blog\/vuelo-hotel\/\">Vuelo + hotel <\/a><\/h3>\t\t\t\t<\/div>\n\t\t\t\t\t<\/div>\n\t\t<\/div>\n\t\t\t\t<div class=\"elementor-column elementor-col-16 elementor-top-column elementor-element elementor-element-7dcdfbf2\" data-id=\"7dcdfbf2\" data-element_type=\"column\">\n\t\t\t<div class=\"elementor-widget-wrap elementor-element-populated\">\n\t\t\t\t\t\t<div class=\"elementor-element elementor-element-65e2ecda elementor-widget elementor-widget-image\" data-id=\"65e2ecda\" data-element_type=\"widget\" data-widget_type=\"image.default\">\n\t\t\t\t\t\t\t\t\t\t\t\t\t\t\t<img loading=\"lazy\" decoding=\"async\" width=\"128\" height=\"128\" src=\"https:\/\/www.centraldevacaciones.com\/blog\/wp-content\/uploads\/2021\/05\/crucero.png\" class=\"attachment-large size-large wp-image-12642\" alt=\"\" \/>\t\t\t\t\t\t\t\t\t\t\t\t\t\t\t<\/div>\n\t\t\t\t<div class=\"elementor-element elementor-element-307395a5 elementor-widget elementor-widget-heading\" data-id=\"307395a5\" data-element_type=\"widget\" data-widget_type=\"heading.default\">\n\t\t\t\t\t<h3 class=\"elementor-heading-title elementor-size-default\"><a href=\"https:\/\/www.centraldevacaciones.com\/blog\/destinos-cruceros\/\">Ofertas  cruceros<\/a><\/h3>\t\t\t\t<\/div>\n\t\t\t\t\t<\/div>\n\t\t<\/div>\n\t\t\t\t\t<\/div>\n\t\t<\/section>\n\t\t\t\t<section class=\"elementor-section elementor-top-section elementor-element elementor-element-403e2da elementor-section-boxed elementor-section-height-default elementor-section-height-default\" data-id=\"403e2da\" data-element_type=\"section\">\n\t\t\t\t\t\t<div class=\"elementor-container elementor-column-gap-default\">\n\t\t\t\t\t<div class=\"elementor-column elementor-col-100 elementor-top-column elementor-element elementor-element-9f4058f\" data-id=\"9f4058f\" data-element_type=\"column\">\n\t\t\t<div class=\"elementor-widget-wrap elementor-element-populated\">\n\t\t\t\t\t\t<div class=\"elementor-element elementor-element-73a3035 elementor-widget elementor-widget-text-editor\" data-id=\"73a3035\" data-element_type=\"widget\" data-widget_type=\"text-editor.default\">\n\t\t\t\t\t\t\t\t\t<p><span style=\"font-weight: 400;\">\u00bfTe gustar\u00eda poder disfrutar este verano de unas vacaciones en tu lugar favorito con los extras m\u00e1s premium que mejor se adapten a ti y poder contar la experiencia a tus conocidos? Est\u00e1s en el sitio correcto, \u00a1Si\u00e9ntete como en casa desde el primer d\u00eda de estancia en cualquier hotel reservado con Central de Vacaciones!<\/span><\/p><p><span style=\"font-weight: 400;\">Haz tu reserva cuando quieras y a donde quieras, teniendo acceso a todo tipo de lujos para elegir y disfruta unos d\u00edas de verano inolvidables junto a las personas que m\u00e1s quieres. \u00a1Haz ya tu reserva antes de que se agote la disponibilidad a muchos destinos y disfruta de un verano espectacular cuando y donde quieras con Central de Vacaciones!<\/span><\/p>\t\t\t\t\t\t\t\t<\/div>\n\t\t\t\t\t<\/div>\n\t\t<\/div>\n\t\t\t\t\t<\/div>\n\t\t<\/section>\n\t\t\t\t<\/div>\n\t\t","protected":false},"excerpt":{"rendered":"<p>La ciudad de M\u00fanich (M\u00fcnchen en alem\u00e1n) es la tercera ciudad m\u00e1s grande en Alemania por n\u00famero de habitantes, dicha ciudad es la capital del estado de Baviera. Actualmente M\u00fanich es considerado como un centro financiero, ya que ha evolucionado en canto a innovaci\u00f3n social y tambi\u00e9n a nivel econ\u00f3mico. Es un lugar \u00fanico, ya [&hellip;]<\/p>\n","protected":false},"author":1,"featured_media":3892,"comment_status":"closed","ping_status":"open","sticky":false,"template":"elementor_theme","format":"standard","meta":{"_acf_changed":false,"footnotes":""},"categories":[208,193,207,195,17],"tags":[21,133],"class_list":["post-3879","post","type-post","status-publish","format-standard","has-post-thumbnail","hentry","category-ideas-escapadas","category-europa","category-ideas-viajes-invierno","category-rutas-por-europa","category-viajes-por-europa","tag-alemania","tag-munich"],"acf":[],"_links":{"self":[{"href":"https:\/\/www.centraldevacaciones.com\/blog\/wp-json\/wp\/v2\/posts\/3879","targetHints":{"allow":["GET"]}}],"collection":[{"href":"https:\/\/www.centraldevacaciones.com\/blog\/wp-json\/wp\/v2\/posts"}],"about":[{"href":"https:\/\/www.centraldevacaciones.com\/blog\/wp-json\/wp\/v2\/types\/post"}],"author":[{"embeddable":true,"href":"https:\/\/www.centraldevacaciones.com\/blog\/wp-json\/wp\/v2\/users\/1"}],"replies":[{"embeddable":true,"href":"https:\/\/www.centraldevacaciones.com\/blog\/wp-json\/wp\/v2\/comments?post=3879"}],"version-history":[{"count":0,"href":"https:\/\/www.centraldevacaciones.com\/blog\/wp-json\/wp\/v2\/posts\/3879\/revisions"}],"wp:featuredmedia":[{"embeddable":true,"href":"https:\/\/www.centraldevacaciones.com\/blog\/wp-json\/wp\/v2\/media\/3892"}],"wp:attachment":[{"href":"https:\/\/www.centraldevacaciones.com\/blog\/wp-json\/wp\/v2\/media?parent=3879"}],"wp:term":[{"taxonomy":"category","embeddable":true,"href":"https:\/\/www.centraldevacaciones.com\/blog\/wp-json\/wp\/v2\/categories?post=3879"},{"taxonomy":"post_tag","embeddable":true,"href":"https:\/\/www.centraldevacaciones.com\/blog\/wp-json\/wp\/v2\/tags?post=3879"}],"curies":[{"name":"wp","href":"https:\/\/api.w.org\/{rel}","templated":true}]}}