{"id":3863,"date":"2017-10-16T10:27:16","date_gmt":"2017-10-16T08:27:16","guid":{"rendered":"http:\/\/blog.centraldevacaciones.com\/?p=3863"},"modified":"2021-06-30T18:16:16","modified_gmt":"2021-06-30T16:16:16","slug":"que-ver-en-san-sebastian","status":"publish","type":"post","link":"https:\/\/www.centraldevacaciones.com\/blog\/que-ver-en-san-sebastian\/","title":{"rendered":"Qu\u00e9 ver en San Sebasti\u00e1n"},"content":{"rendered":"<figure style=\"width: 500px\" class=\"wp-caption alignnone\"><img decoding=\"async\" title=\"San Sebastian Street by Eoin McNamee\" src=\"http:\/\/blog.centraldevacaciones.com\/wp-content\/uploads\/2017\/10\/1388062757_9bd49c27d5_san-sebastian.jpg\" alt=\"san sebastian photo\" width=\"500\" \/><figcaption class=\"wp-caption-text\"><small>Photo by <a href=\"http:\/\/www.flickr.com\/photos\/9347464@N07\/1388062757\" target=\"_blank\" rel=\"noopener noreferrer nofollow\">Eoin McNamee<\/a> <a title=\"Attribution-NoDerivs License\" href=\"http:\/\/creativecommons.org\/licenses\/by-nd\/2.0\/\" target=\"_blank\" rel=\"nofollow noopener noreferrer\"><img decoding=\"async\" src=\"http:\/\/blog.centraldevacaciones.com\/wp-content\/plugins\/wp-inject\/images\/cc.png\" alt=\"\" \/><\/a><\/small><\/figcaption><\/figure>\n<p><img decoding=\"async\" title=\"Photo by BarbeeAnne\" src=\"http:\/\/blog.centraldevacaciones.com\/wp-content\/uploads\/2017\/10\/eb32b10f2cf4093ecd0b470de7444e90fe76e7d419b315409cf0c0_640_san-sebastian.jpg\" alt=\"san sebastian photo\" \/><\/p>\n<figure style=\"width: 500px\" class=\"wp-caption alignnone\"><img decoding=\"async\" title=\"San Sebastian by chriseckel\" src=\"http:\/\/blog.centraldevacaciones.com\/wp-content\/uploads\/2017\/10\/228557269_c4db37ed93_san-sebastian-1.jpg\" alt=\"san sebastian photo\" width=\"500\" \/><figcaption class=\"wp-caption-text\"><small>Photo by <a href=\"http:\/\/www.flickr.com\/photos\/34568560@N00\/228557269\" target=\"_blank\" rel=\"noopener noreferrer nofollow\">chriseckel<\/a> <a title=\"Attribution License\" href=\"http:\/\/creativecommons.org\/licenses\/by\/2.0\/\" target=\"_blank\" rel=\"nofollow noopener noreferrer\"><img decoding=\"async\" src=\"http:\/\/blog.centraldevacaciones.com\/wp-content\/plugins\/wp-inject\/images\/cc.png\" alt=\"\" \/><\/a><\/small><\/figcaption><\/figure>\n<figure style=\"width: 500px\" class=\"wp-caption alignnone\"><img decoding=\"async\" title=\"San Sebastian by chriseckel\" src=\"http:\/\/blog.centraldevacaciones.com\/wp-content\/uploads\/2017\/10\/228557269_c4db37ed93_san-sebastian.jpg\" alt=\"san sebastian photo\" width=\"500\" \/><figcaption class=\"wp-caption-text\"><small>Photo by <a href=\"http:\/\/www.flickr.com\/photos\/34568560@N00\/228557269\" target=\"_blank\" rel=\"noopener noreferrer nofollow\">chriseckel<\/a> <a title=\"Attribution License\" href=\"http:\/\/creativecommons.org\/licenses\/by\/2.0\/\" target=\"_blank\" rel=\"nofollow noopener noreferrer\"><img decoding=\"async\" src=\"http:\/\/blog.centraldevacaciones.com\/wp-content\/plugins\/wp-inject\/images\/cc.png\" alt=\"\" \/><\/a><\/small><\/figcaption><\/figure>\n<p><img decoding=\"async\" title=\"Photo by BarbeeAnne\" src=\"http:\/\/blog.centraldevacaciones.com\/wp-content\/uploads\/2017\/10\/eb32b10f2cf5043ecd0b470de7444e90fe76e7d419b315409cf0c0_640_san-sebastian.jpg\" alt=\"san sebastian photo\" \/><\/p>\n<p>Nombrada Capital Europea de la Cultura en 2016, San Sebasti\u00e1n no deja indiferente. Una ciudad entre dos mundos paralelos. Entre dos montes. Una ciudad que por un lado, se par\u00f3 en el tiempo all\u00e1 por los a\u00f1os 20. Y por otro, sigue el ritmo vertiginoso de la vanguardia y la cultura. Una ciudad que permite surfear de d\u00eda e ir de \u00bbpintxos\u00bb por la noche. Subir el monte Urgull y despu\u00e9s relajarse en un majestuoso balneario herencia de la aristocracia de principios de siglo.<\/p>\n<p>Dicen que San Sebasti\u00e1n es como el viento. Ese viento peinado y domado por las esculturas de Chillida. Una ciudad que no se queda al margen de los vientos de cambio. D\u00e9jese llevar y vuele hasta San Sebasti\u00e1n para descubrir todo lo que esta ciudad tiene que ofrecer.<\/p>\n<p>&nbsp;<\/p>\n<h3>1. Bah\u00eda de San Sebasti\u00e1n<\/h3>\n<p>La bah\u00eda acoge numerosos lugares de parada obligatoria. Entre ellos encontramos las famosas esculturas de Chillida \u00bb El peine del viento\u00bb, la playa de Ondarreta, la playa de la Concha o el famoso balneario de La Perla: un antiguo balneario de la aristocracia.<\/p>\n<p>Caminar por el paseo mar\u00edtimo supone formar parte del paisaje costumbrista donostiarra. Pasear por all\u00ed nos transporta a los a\u00f1os 20 gracias al dise\u00f1o de sus barandillas. Por all\u00ed alguna vez pasaron Mata Hari, Trotsky y el bar\u00f3n de Rothschild durante la feliz \u00e9poca dorada.<\/p>\n<h3>2. Casco Antiguo de San Sebasti\u00e1n<\/h3>\n<p>\u00bbLo viejo\u201d,as\u00ed le llaman los donostiarras al casco antiguo, el lugar con m\u00e1s pintxos por metro cuadrado del universo. \u00bf Qu\u00e9 mejor plan que probar un pintxo distinto en cada taberna? Y como manda la tradici\u00f3n, a la hora de pagar se cuenta el n\u00famero de palillos en el plato por cada pintxo que hemos tomado.<\/p>\n<p>A los pies del monte Urgull, y entre el olor del puerto y el sonido de las gaviotas, el casco antiguo es el centro social por excelencia de los locales. La m\u00edtica calle 31 de Agosto \u2013nombrada despu\u00e9s del incendio que arras\u00f3 la ciudad- acoge en sus empedradas calles todo tipo de bares, cafeter\u00edas y pintorescos negocios.<\/p>\n<p>&nbsp;<\/p>\n<h3>3. Funicular para subir al Monte Igeldo<\/h3>\n<p>Un funicular que data de 1912 nos lleva hasta el tope del monte Igeldo, donde podremos disfrutar de unas vistas \u00fanicas de la ciudad. Desde arriba se divisan la bah\u00eda de la Concha y la isla de Santa Clara. En este mirador se encuentra un parque de atracciones que parece sacado de la Belle Epoque.<\/p>\n<p>&nbsp;<\/p>\n<h3>4. Monte Urgull<\/h3>\n<p>A pie por diferentes v\u00edas o en autob\u00fas se puede acceder al tope de este conocido monte al que La Oreja de Van Gogh elogi\u00f3 en una de sus canciones. Antigua fortaleza militar, aqu\u00ed se encuentran lugares emblem\u00e1ticos como la bater\u00eda de las Damas, el Mirador , la biblioteca o el Castillo de la Mota, entre otros.<\/p>\n<p>&nbsp;<\/p>\n<h3>5. Surf en la Zurriola<\/h3>\n<p>Al otro lado del r\u00edo Urumea se encuentra la playa de Zurriola. Centro por excelencia del surf donostiarra. All\u00ed se encuentran numerosas escuelas de surf que por un m\u00f3dico precio y material incluido, nos ense\u00f1an a surfear.<\/p>\n<p>&nbsp;<\/p>\n<p>\u00bf<a href=\"http:\/\/reservaviajes.centraldevacaciones.com\/ES\/idea\/88999\/san-sebastian-puente-de-diciembre-2017\" target=\"_blank\" rel=\"noopener noreferrer\">Ya ha visitado San Sebasti\u00e1n<\/a>? \u00bfCu\u00e1l es el mejor lugar para tomarse un buen pintxo?<\/p>\n<p>\u00a1Esperamos su opini\u00f3n!<\/p>\n<p>Muchas gracias \/ Eskerrik asko!<\/p>\n<p>&nbsp;<\/p>\n","protected":false},"excerpt":{"rendered":"<p>Nombrada Capital Europea de la Cultura en 2016, San Sebasti\u00e1n no deja indiferente. Una ciudad entre dos mundos paralelos. Entre dos montes. Una ciudad que por un lado, se par\u00f3 en el tiempo all\u00e1 por los a\u00f1os 20. Y por otro, sigue el ritmo vertiginoso de la vanguardia y la cultura. Una ciudad que permite [&hellip;]<\/p>\n","protected":false},"author":1,"featured_media":3898,"comment_status":"closed","ping_status":"open","sticky":false,"template":"elementor_theme","format":"standard","meta":{"_acf_changed":false,"footnotes":""},"categories":[4,193,208,207,204,205,200],"tags":[75],"class_list":["post-3863","post","type-post","status-publish","format-standard","has-post-thumbnail","hentry","category-espana","category-europa","category-ideas-escapadas","category-ideas-viajes-invierno","category-ideas-viajes-verano","category-ideas-viajes-low-cost","category-rutas-por-espana","tag-escapadas-por-espana"],"acf":[],"_links":{"self":[{"href":"https:\/\/www.centraldevacaciones.com\/blog\/wp-json\/wp\/v2\/posts\/3863","targetHints":{"allow":["GET"]}}],"collection":[{"href":"https:\/\/www.centraldevacaciones.com\/blog\/wp-json\/wp\/v2\/posts"}],"about":[{"href":"https:\/\/www.centraldevacaciones.com\/blog\/wp-json\/wp\/v2\/types\/post"}],"author":[{"embeddable":true,"href":"https:\/\/www.centraldevacaciones.com\/blog\/wp-json\/wp\/v2\/users\/1"}],"replies":[{"embeddable":true,"href":"https:\/\/www.centraldevacaciones.com\/blog\/wp-json\/wp\/v2\/comments?post=3863"}],"version-history":[{"count":0,"href":"https:\/\/www.centraldevacaciones.com\/blog\/wp-json\/wp\/v2\/posts\/3863\/revisions"}],"wp:featuredmedia":[{"embeddable":true,"href":"https:\/\/www.centraldevacaciones.com\/blog\/wp-json\/wp\/v2\/media\/3898"}],"wp:attachment":[{"href":"https:\/\/www.centraldevacaciones.com\/blog\/wp-json\/wp\/v2\/media?parent=3863"}],"wp:term":[{"taxonomy":"category","embeddable":true,"href":"https:\/\/www.centraldevacaciones.com\/blog\/wp-json\/wp\/v2\/categories?post=3863"},{"taxonomy":"post_tag","embeddable":true,"href":"https:\/\/www.centraldevacaciones.com\/blog\/wp-json\/wp\/v2\/tags?post=3863"}],"curies":[{"name":"wp","href":"https:\/\/api.w.org\/{rel}","templated":true}]}}