{"id":3835,"date":"2017-09-26T17:16:39","date_gmt":"2017-09-26T15:16:39","guid":{"rendered":"http:\/\/blog.centraldevacaciones.com\/?p=3835"},"modified":"2025-02-27T11:06:37","modified_gmt":"2025-02-27T10:06:37","slug":"los-paises-francofonos","status":"publish","type":"post","link":"https:\/\/www.centraldevacaciones.com\/blog\/los-paises-francofonos\/","title":{"rendered":"Los pa\u00edses franc\u00f3fonos"},"content":{"rendered":"\t\t<div data-elementor-type=\"wp-post\" data-elementor-id=\"3835\" class=\"elementor elementor-3835\" data-elementor-post-type=\"post\">\n\t\t\t\t\t\t<section class=\"elementor-section elementor-top-section elementor-element elementor-element-49d221a3 elementor-section-boxed elementor-section-height-default elementor-section-height-default\" data-id=\"49d221a3\" data-element_type=\"section\">\n\t\t\t\t\t\t<div class=\"elementor-container elementor-column-gap-default\">\n\t\t\t\t\t<div class=\"elementor-column elementor-col-100 elementor-top-column elementor-element elementor-element-44cef6af\" data-id=\"44cef6af\" data-element_type=\"column\">\n\t\t\t<div class=\"elementor-widget-wrap elementor-element-populated\">\n\t\t\t\t\t\t<div class=\"elementor-element elementor-element-1980d94c elementor-widget elementor-widget-text-editor\" data-id=\"1980d94c\" data-element_type=\"widget\" data-widget_type=\"text-editor.default\">\n\t\t\t\t\t\t\t\t\t<p><b>El franc\u00e9s es la segunda lengua<\/b><span style=\"font-weight: 400;\"> en las relaciones internacionales, debido a que es hablada por un gran n\u00famero de pa\u00edses que la utilizan, ya sea como lengua oficial y tambi\u00e9n por la gran cantidad de organismos internacionales que la usan en el trabajo. Tales organizaciones son la<\/span><b> ONU, la OTAN, la Uni\u00f3n Europea,<\/b><span style=\"font-weight: 400;\"> entre otras.\u00a0<\/span><\/p>\n<p><span style=\"font-weight: 400;\">El n\u00famero estimado de personas que hablan la lengua francesa se calcula en <\/span><b>200 millones en todo el mundo, <\/b><span style=\"font-weight: 400;\">aunque de esos 200, 72 millones lo hablan en forma parcial.\u00a0<\/span><\/p>\n<p>El franc\u00e9s no solo es importante en las relaciones internacionales, sino que tambi\u00e9n juega un papel clave en la cultura, la academia y la econom\u00eda. Es como el idioma estrella en la diplomacia, el derecho internacional y la literatura, y ha dejado una huella en la evoluci\u00f3n de las artes y las ciencias. Y no solo lo hablamos en Europa y \u00c1frica, donde hay muchos hablantes nativos y biling\u00fces; tambi\u00e9n encontramos comunidades franc\u00f3fonas en Am\u00e9rica, Asia y Ocean\u00eda, como en Canad\u00e1, el Caribe, el sudeste asi\u00e1tico y varias islas del Pac\u00edfico. Su papel como lengua para comunicarse a nivel global sigue creciendo gracias a programas educativos y de cooperaci\u00f3n que promueven su aprendizaje en muchas partes del mundo.<\/p>\n<p><span style=\"font-weight: 400;\">Aqu\u00ed te descubrimos todos los pa\u00edses que hablan franc\u00e9s en el mundo.\u00a0<\/span><\/p>\n<h2><span style=\"font-weight: 400;\">Pa\u00edses franc\u00f3fonos en el mundo<\/span><\/h2>\n<p><span style=\"font-weight: 400;\">En la actualidad, <\/span><b>el franc\u00e9s sigue siendo una lengua globalmente relevante, <\/b><span style=\"font-weight: 400;\">con una presencia significativa en varios aspectos de la vida internacional. A pesar de la creciente dominancia del ingl\u00e9s como lengua global, el franc\u00e9s <\/span><b>mantiene su estatus como una de las lenguas internacionales m\u00e1s importantes. <\/b><span style=\"font-weight: 400;\">Es una de las lenguas oficiales de organizaciones como las Naciones Unidas, la Uni\u00f3n Europea, la Cruz Roja Internacional y la UNESCO, lo que lo convierte en un idioma crucial para la diplomacia, la pol\u00edtica y la cooperaci\u00f3n internacional.<\/span><\/p>\n<p><span style=\"font-weight: 400;\">La influencia cultural de Francia y otros pa\u00edses franc\u00f3fonos sigue siendo significativa en el mundo contempor\u00e1neo.<\/span><b> La literatura, el cine, la moda, la cocina y la m\u00fasica <\/b><span style=\"font-weight: 400;\">francesa siguen siendo apreciados y consumidos a nivel internacional, lo que contribuye a la difusi\u00f3n y al prestigio del franc\u00e9s como lengua de cultura y sofisticaci\u00f3n.<\/span><\/p>\n<p><span style=\"font-weight: 400;\">Para que veas el<\/span><b> gran impacto que tiene el franc\u00e9s en el mundo<\/b><span style=\"font-weight: 400;\"> entero, aqu\u00ed tienes una lista de todos los pa\u00edses que hablan franc\u00e9s en la actualidad:\u00a0<\/span><\/p>\n<ul>\n<li style=\"font-weight: 400;\" aria-level=\"1\"><span style=\"font-weight: 400;\">B\u00e9lgica<\/span><\/li>\n<li style=\"font-weight: 400;\" aria-level=\"1\"><span style=\"font-weight: 400;\">Ben\u00edn<\/span><\/li>\n<li style=\"font-weight: 400;\" aria-level=\"1\"><span style=\"font-weight: 400;\">Burkina Faso<\/span><\/li>\n<li style=\"font-weight: 400;\" aria-level=\"1\"><span style=\"font-weight: 400;\">Burundi<\/span><\/li>\n<li style=\"font-weight: 400;\" aria-level=\"1\"><span style=\"font-weight: 400;\">Camboya<\/span><\/li>\n<li style=\"font-weight: 400;\" aria-level=\"1\"><span style=\"font-weight: 400;\">Camer\u00fan<\/span><\/li>\n<li style=\"font-weight: 400;\" aria-level=\"1\"><span style=\"font-weight: 400;\">Canad\u00e1<\/span><\/li>\n<li style=\"font-weight: 400;\" aria-level=\"1\"><span style=\"font-weight: 400;\">Chad<\/span><\/li>\n<li style=\"font-weight: 400;\" aria-level=\"1\"><span style=\"font-weight: 400;\">Costa de Marfil<\/span><\/li>\n<li style=\"font-weight: 400;\" aria-level=\"1\"><span style=\"font-weight: 400;\">Estados Unidos<\/span><\/li>\n<li style=\"font-weight: 400;\" aria-level=\"1\"><span style=\"font-weight: 400;\">Francia<\/span><\/li>\n<li style=\"font-weight: 400;\" aria-level=\"1\"><span style=\"font-weight: 400;\">Gab\u00f3n<\/span><\/li>\n<li style=\"font-weight: 400;\" aria-level=\"1\"><span style=\"font-weight: 400;\">Guinea<\/span><\/li>\n<li style=\"font-weight: 400;\" aria-level=\"1\"><span style=\"font-weight: 400;\">Hait\u00ed<\/span><\/li>\n<li style=\"font-weight: 400;\" aria-level=\"1\"><span style=\"font-weight: 400;\">Islas Comoras<\/span><\/li>\n<li style=\"font-weight: 400;\" aria-level=\"1\"><span style=\"font-weight: 400;\">Italia<\/span><\/li>\n<li style=\"font-weight: 400;\" aria-level=\"1\"><span style=\"font-weight: 400;\">L\u00edbano<\/span><\/li>\n<li style=\"font-weight: 400;\" aria-level=\"1\"><span style=\"font-weight: 400;\">Luxemburgo<\/span><\/li>\n<li style=\"font-weight: 400;\" aria-level=\"1\"><span style=\"font-weight: 400;\">Madagascar<\/span><\/li>\n<li style=\"font-weight: 400;\" aria-level=\"1\"><span style=\"font-weight: 400;\">Mali<\/span><\/li>\n<li style=\"font-weight: 400;\" aria-level=\"1\"><span style=\"font-weight: 400;\">Marruecos<\/span><\/li>\n<li style=\"font-weight: 400;\" aria-level=\"1\"><span style=\"font-weight: 400;\">Mauritania<\/span><\/li>\n<li style=\"font-weight: 400;\" aria-level=\"1\"><span style=\"font-weight: 400;\">M\u00f3naco<\/span><\/li>\n<li style=\"font-weight: 400;\" aria-level=\"1\"><span style=\"font-weight: 400;\">N\u00edger<\/span><\/li>\n<li style=\"font-weight: 400;\" aria-level=\"1\"><span style=\"font-weight: 400;\">Suiza<\/span><\/li>\n<\/ul>\n<p><br \/><b>La <\/b><b><i>francophonie <\/i><\/b><b>es una red global de pa\u00edses y comunidades unidos por la lengua francesa. <\/b><span style=\"font-weight: 400;\">A trav\u00e9s de sus diversas expresiones culturales y ling\u00fc\u00edsticas, el franc\u00e9s contin\u00faa enriqueciendo el panorama mundial y sirve como un puente entre personas de diferentes or\u00edgenes y experiencias.<\/span><\/p>\n\n<h2 class=\"wp-block-heading\">Pa\u00edses franc\u00f3fonos de Europa<\/h2>\n\n<p>En Europa <strong>no solamente se habla franc\u00e9s en Francia. <\/strong>Existen varios pa\u00edses de habla franc\u00f3fona. Para empezar, en <a href=\"https:\/\/www.centraldevacaciones.com\/ofertas-viajes\/Ofertas-Centraldevacaciones-a-BELGICA;20;0;0;0;0.html\"><strong>B\u00e9lgica <\/strong><\/a>el franc\u00e9s es lengua cooficial, junto al flamenco. Los habitantes franc\u00f3fonos de este pa\u00eds se encuentran al sur de <strong>B\u00e9lgica<\/strong>, siendo tanto el franc\u00e9s como el flamenco lengua cooficial de la capital, Bruselas.<\/p>\n\n<p>Por otro lado, dos peque\u00f1os pa\u00edses tambi\u00e9n tiene el franc\u00e9s como lengua oficial, <strong>Luxemburgo y M\u00f3naco.<\/strong> En <strong>Andorra<\/strong>, tambi\u00e9n se estudia franc\u00e9s de forma frecuente como segunda lengua, aunque su lengua oficial sea el catal\u00e1n.<\/p>\n\n<p>No solamente esto, sino que en <a href=\"https:\/\/www.centraldevacaciones.com\/blog\/inolvidables-experiencias-en-la-hermosa-suiza\/\"><strong>Suiza <\/strong><\/a>tambi\u00e9n se habla el franc\u00e9s, aunque sea el idioma minoritario. En concreto, se habla en <strong>Ginebra, Neucastel, Vaud y el Jur\u00e1.<\/strong> Adem\u00e1s, existen algunas ciudades biling\u00fces (franc\u00e9s y alem\u00e1n), como<strong> Berna o Friburgo.<\/strong><\/p>\n\n<h2 class=\"wp-block-heading\">Pa\u00edses franc\u00f3fonos en \u00c1frica<\/h2>\n\n<p><strong>El franc\u00e9s se expandi\u00f3 con la colonizaci\u00f3n francesa y belga durante los siglos XVIII y XIX <\/strong>a muchos pa\u00edses donde los franceses establecieron colonias y asentamientos. Asimismo, en la mayor\u00eda de ellos no es la \u00fanica lengua oficial, y muchos tienen<strong> otras lenguas aut\u00f3ctonas oficiales y regionales.<\/strong><\/p>\n\n<p>Aqu\u00ed te dejamos una lista de los <strong>pa\u00edses que hablan franc\u00e9s en \u00c1frica:\u00a0<\/strong><\/p>\n\n<ul class=\"wp-block-list\">\n<li>Rep\u00fablica Democr\u00e1tica del Congo<\/li>\n\n<li>Burundi<\/li>\n\n<li>Gab\u00f3n<\/li>\n\n<li>Guinea<\/li>\n\n<li>Mauritania<\/li>\n\n<li>N\u00edger<\/li>\n\n<li>Madagascar<\/li>\n\n<li>Burkina Faso<\/li>\n\n<li>Gab\u00f3n<\/li>\n\n<li>Costa de Marfil\u00a0<\/li>\n\n<li>Ruanda<\/li>\n\n<li>Costa de Marfil<\/li>\n\n<li>Chad<\/li>\n\n<li>Ben\u00edn<\/li>\n\n<li>Marruecos<\/li>\n<\/ul>\n\n<h2 class=\"wp-block-heading\">Pa\u00edses franc\u00f3fonos de Am\u00e9rica<\/h2>\n\n<p>La colonizaci\u00f3n francesa y belga tambi\u00e9n llego a las am\u00e9ricas en siglos pasados. En este caso, nos encontramos con Canad\u00e1, un pa\u00eds en el qual el franc\u00e9s es oficial en la regi\u00f3n del Quebec, conocida tambi\u00e9n como Canad\u00e1 franc\u00e9s.<\/p>\n\n<p>No solamente esto, sino que en Hait\u00ed tambi\u00e9n se habla franc\u00e9s, adem\u00e1s de en las islas caribe\u00f1as de la <strong>Maritnica<\/strong> y <strong>Guadalupe<\/strong>, y el departamento de ultramar de <strong>Guyana<\/strong>, en Am\u00e9rica del Sur.<\/p>\n\n<h2 class=\"wp-block-heading\">Otros pa\u00edses franc\u00f3fonos<\/h2>\n\n<p>En cuanto al continente asi\u00e1tico, <strong>el franc\u00e9s es usado en menor escala <\/strong>que en los dem\u00e1s continentes, pero es usado por el 50 por ciento de la poblaci\u00f3n de<strong> El L\u00edbano.\u00a0<\/strong><\/p>\n\n<p>En <strong>Ocean\u00eda <\/strong>es utilizado por la <strong>Nueva Caledonia francesa <\/strong>y otras regiones.<\/p>\n\n<p>Ahora que ya conoces los pa\u00edses franc\u00f3fonos del mundo, puedes <strong><a href=\"https:\/\/www.centraldevacaciones.com\/\" data-type=\"URL\" data-id=\"https:\/\/www.centraldevacaciones.com\/\">reservar tus vacaciones<\/a><\/strong> con Centraldevacaciones en cualquiera de ellos f\u00e1cilmente usando nuestro motor de viajes con todo inclu\u00eddo, con el que podr\u00e1s personalizar al 100% tu viaje. \u00a1Desc\u00fabrelo!<\/p>\n\t\t\t\t\t\t\t\t<\/div>\n\t\t\t\t\t<\/div>\n\t\t<\/div>\n\t\t\t\t\t<\/div>\n\t\t<\/section>\n\t\t\t\t<\/div>\n\t\t","protected":false},"excerpt":{"rendered":"<p>El franc\u00e9s es la segunda lengua en las relaciones internacionales, debido a que es hablada por un gran n\u00famero de pa\u00edses que la utilizan, ya sea como lengua oficial y tambi\u00e9n por la gran cantidad de organismos internacionales que la usan en el trabajo. Tales organizaciones son la ONU, la OTAN, la Uni\u00f3n Europea, entre [&hellip;]<\/p>\n","protected":false},"author":1,"featured_media":116787,"comment_status":"closed","ping_status":"open","sticky":false,"template":"elementor_theme","format":"standard","meta":{"_acf_changed":false,"footnotes":""},"categories":[208,193,12],"tags":[],"class_list":["post-3835","post","type-post","status-publish","format-standard","has-post-thumbnail","hentry","category-ideas-escapadas","category-europa","category-viajes"],"acf":[],"_links":{"self":[{"href":"https:\/\/www.centraldevacaciones.com\/blog\/wp-json\/wp\/v2\/posts\/3835","targetHints":{"allow":["GET"]}}],"collection":[{"href":"https:\/\/www.centraldevacaciones.com\/blog\/wp-json\/wp\/v2\/posts"}],"about":[{"href":"https:\/\/www.centraldevacaciones.com\/blog\/wp-json\/wp\/v2\/types\/post"}],"author":[{"embeddable":true,"href":"https:\/\/www.centraldevacaciones.com\/blog\/wp-json\/wp\/v2\/users\/1"}],"replies":[{"embeddable":true,"href":"https:\/\/www.centraldevacaciones.com\/blog\/wp-json\/wp\/v2\/comments?post=3835"}],"version-history":[{"count":9,"href":"https:\/\/www.centraldevacaciones.com\/blog\/wp-json\/wp\/v2\/posts\/3835\/revisions"}],"predecessor-version":[{"id":186994,"href":"https:\/\/www.centraldevacaciones.com\/blog\/wp-json\/wp\/v2\/posts\/3835\/revisions\/186994"}],"wp:featuredmedia":[{"embeddable":true,"href":"https:\/\/www.centraldevacaciones.com\/blog\/wp-json\/wp\/v2\/media\/116787"}],"wp:attachment":[{"href":"https:\/\/www.centraldevacaciones.com\/blog\/wp-json\/wp\/v2\/media?parent=3835"}],"wp:term":[{"taxonomy":"category","embeddable":true,"href":"https:\/\/www.centraldevacaciones.com\/blog\/wp-json\/wp\/v2\/categories?post=3835"},{"taxonomy":"post_tag","embeddable":true,"href":"https:\/\/www.centraldevacaciones.com\/blog\/wp-json\/wp\/v2\/tags?post=3835"}],"curies":[{"name":"wp","href":"https:\/\/api.w.org\/{rel}","templated":true}]}}