{"id":3829,"date":"2017-09-26T16:12:54","date_gmt":"2017-09-26T14:12:54","guid":{"rendered":"http:\/\/blog.centraldevacaciones.com\/?p=3829"},"modified":"2025-09-05T15:11:32","modified_gmt":"2025-09-05T13:11:32","slug":"quienes-conforman-los-paises-nordicos","status":"publish","type":"post","link":"https:\/\/www.centraldevacaciones.com\/blog\/quienes-conforman-los-paises-nordicos\/","title":{"rendered":"\u00bfQui\u00e9nes conforman los pa\u00edses n\u00f3rdicos?"},"content":{"rendered":"\t\t<div data-elementor-type=\"wp-post\" data-elementor-id=\"3829\" class=\"elementor elementor-3829\" data-elementor-post-type=\"post\">\n\t\t\t\t\t\t<section class=\"elementor-section elementor-top-section elementor-element elementor-element-8bb38c1 elementor-section-boxed elementor-section-height-default elementor-section-height-default\" data-id=\"8bb38c1\" data-element_type=\"section\">\n\t\t\t\t\t\t<div class=\"elementor-container elementor-column-gap-default\">\n\t\t\t\t\t<div class=\"elementor-column elementor-col-100 elementor-top-column elementor-element elementor-element-123c6a3\" data-id=\"123c6a3\" data-element_type=\"column\">\n\t\t\t<div class=\"elementor-widget-wrap elementor-element-populated\">\n\t\t\t\t\t\t<div class=\"elementor-element elementor-element-dd4bf28 elementor-widget elementor-widget-text-editor\" data-id=\"dd4bf28\" data-element_type=\"widget\" data-widget_type=\"text-editor.default\">\n\t\t\t\t\t\t\t\t\t<p>Los <strong data-start=\"121\" data-end=\"140\">pa\u00edses n\u00f3rdicos<\/strong> conforman un conjunto de cinco estados situados en la regi\u00f3n de Europa Septentrional: <strong>Dinamarca, Finlandia, Islandia, Noruega y Suecia<\/strong>. Esta \u00e1rea del continente se caracteriza por su alto nivel de desarrollo, paisajes naturales \u00fanicos y una rica herencia cultural que los convierte en destinos muy atractivos tanto para el turismo como para el estudio de sus modelos sociales y econ\u00f3micos.<\/p>\t\t\t\t\t\t\t\t<\/div>\n\t\t\t\t\t<\/div>\n\t\t<\/div>\n\t\t\t\t\t<\/div>\n\t\t<\/section>\n\t\t\t\t<section class=\"elementor-section elementor-top-section elementor-element elementor-element-6255a9a elementor-section-boxed elementor-section-height-default elementor-section-height-default\" data-id=\"6255a9a\" data-element_type=\"section\">\n\t\t\t\t\t\t<div class=\"elementor-container elementor-column-gap-default\">\n\t\t\t\t\t<div class=\"elementor-column elementor-col-100 elementor-top-column elementor-element elementor-element-2008b3c\" data-id=\"2008b3c\" data-element_type=\"column\">\n\t\t\t<div class=\"elementor-widget-wrap elementor-element-populated\">\n\t\t\t\t\t\t<div class=\"elementor-element elementor-element-be6651f uael-heading-align-left elementor-widget elementor-widget-uael-table-of-contents\" data-id=\"be6651f\" data-element_type=\"widget\" data-settings=\"{&quot;heading_text_align&quot;:&quot;left&quot;,&quot;heading_bottom_space&quot;:{&quot;unit&quot;:&quot;px&quot;,&quot;size&quot;:&quot;&quot;,&quot;sizes&quot;:[]},&quot;heading_bottom_space_tablet&quot;:{&quot;unit&quot;:&quot;px&quot;,&quot;size&quot;:&quot;&quot;,&quot;sizes&quot;:[]},&quot;heading_bottom_space_mobile&quot;:{&quot;unit&quot;:&quot;px&quot;,&quot;size&quot;:&quot;&quot;,&quot;sizes&quot;:[]},&quot;separator_bottom_space&quot;:{&quot;unit&quot;:&quot;px&quot;,&quot;size&quot;:&quot;&quot;,&quot;sizes&quot;:[]},&quot;separator_bottom_space_tablet&quot;:{&quot;unit&quot;:&quot;px&quot;,&quot;size&quot;:&quot;&quot;,&quot;sizes&quot;:[]},&quot;separator_bottom_space_mobile&quot;:{&quot;unit&quot;:&quot;px&quot;,&quot;size&quot;:&quot;&quot;,&quot;sizes&quot;:[]},&quot;content_between_space&quot;:{&quot;unit&quot;:&quot;px&quot;,&quot;size&quot;:15,&quot;sizes&quot;:[]},&quot;content_between_space_tablet&quot;:{&quot;unit&quot;:&quot;px&quot;,&quot;size&quot;:&quot;&quot;,&quot;sizes&quot;:[]},&quot;content_between_space_mobile&quot;:{&quot;unit&quot;:&quot;px&quot;,&quot;size&quot;:&quot;&quot;,&quot;sizes&quot;:[]}}\" data-widget_type=\"uael-table-of-contents.default\">\n\t\t\t\t<div class=\"elementor-widget-container\">\n\t\t\t\t\t\t\t<div class=\"uael-toc-main-wrapper\" data-headings=\"h1,h2\" >\n\t\t\t<div class=\"uael-toc-wrapper\">\n\t\t\t\t<div class=\"uael-toc-header\">\n\t\t\t\t\t<span class=\"uael-toc-heading elementor-inline-editing\" data-elementor-setting-key=\"heading_title\" data-elementor-inline-editing-toolbar=\"basic\" ><\/span>\n\t\t\t\t\t\t\t\t\t<\/div>\n\t\t\t\t\t\t\t\t<div class=\"uael-toc-toggle-content\">\n\t\t\t\t\t<div class=\"uael-toc-content-wrapper\">\n\t\t\t\t\t\t\n\t\t\t\t\t\t\t<ul data-toc-headings=\"headings\" class=\"uael-toc-list uael-toc-list-disc\" data-scroll=\"\" ><\/ul>\n\t\t\t\t\t\t\t\t\t\t\t<\/div>\n\t\t\t\t<\/div>\n\t\t\t\t<div class=\"uael-toc-empty-note\">\n\t\t\t\t\t<span>Agrega un encabezado para comenzar a generar la tabla de contenidos<\/span>\n\t\t\t\t<\/div>\n\t\t\t<\/div>\n\t\t\t\t\t<\/div>\n\t\t\t\t\t\t<\/div>\n\t\t\t\t<\/div>\n\t\t\t\t\t<\/div>\n\t\t<\/div>\n\t\t\t\t\t<\/div>\n\t\t<\/section>\n\t\t\t\t<section class=\"elementor-section elementor-top-section elementor-element elementor-element-30c86a59 elementor-section-boxed elementor-section-height-default elementor-section-height-default\" data-id=\"30c86a59\" data-element_type=\"section\">\n\t\t\t\t\t\t<div class=\"elementor-container elementor-column-gap-default\">\n\t\t\t\t\t<div class=\"elementor-column elementor-col-100 elementor-top-column elementor-element elementor-element-4b94702d\" data-id=\"4b94702d\" data-element_type=\"column\">\n\t\t\t<div class=\"elementor-widget-wrap elementor-element-populated\">\n\t\t\t\t\t\t<div class=\"elementor-element elementor-element-43b2eb4f elementor-widget elementor-widget-text-editor\" data-id=\"43b2eb4f\" data-element_type=\"widget\" data-widget_type=\"text-editor.default\">\n\t\t\t\t\t\t\t\t\t<p>\u00a0<\/p>\n<p><iframe title=\"Los pa\u00edses n\u00f3rdicos y Escandinavia\" width=\"800\" height=\"450\" src=\"https:\/\/www.youtube.com\/embed\/KntZ3tGJi-k?feature=oembed\" frameborder=\"0\" allow=\"accelerometer; autoplay; clipboard-write; encrypted-media; gyroscope; picture-in-picture; web-share\" referrerpolicy=\"strict-origin-when-cross-origin\" allowfullscreen><\/iframe><\/p>\n\n<h2 class=\"wp-block-heading\">Finlandia<\/h2>\n\n<p>Finlandia es un pa\u00eds muy extenso, aunque cuenta con una <strong>baja densidad poblacional<\/strong> en relaci\u00f3n con su territorio, ya que la mayor\u00eda de sus habitantes se concentran en la zona sur. Tras haber formado parte del reinado de Suecia, logr\u00f3 su independencia en 1917 y desde entonces se consolid\u00f3 como un estado moderno y pr\u00f3spero. Al igual que en otros pa\u00edses n\u00f3rdicos, sus inviernos son rigurosos, con <strong>temperaturas que pueden descender hasta los 30 grados bajo cero<\/strong>, ofreciendo paisajes invernales \u00fanicos y experiencias propias de esta regi\u00f3n septentrional de Europa.<\/p>\n\n<h2 class=\"wp-block-heading\">Suecia<\/h2>\n\n<article class=\"text-token-text-primary w-full focus:outline-none scroll-mt-[calc(var(--header-height)+min(200px,max(70px,20svh)))]\" dir=\"auto\" tabindex=\"-1\" data-turn-id=\"request-68ba8def-7cd4-832c-9873-6c94769671d1-45\" data-testid=\"conversation-turn-102\" data-scroll-anchor=\"true\" data-turn=\"assistant\">\n<div class=\"text-base my-auto mx-auto pb-10 [--thread-content-margin:--spacing(4)] thread-sm:[--thread-content-margin:--spacing(6)] thread-lg:[--thread-content-margin:--spacing(16)] px-(--thread-content-margin)\">\n<div class=\"[--thread-content-max-width:40rem] thread-sm:[--thread-content-max-width:40rem] thread-lg:[--thread-content-max-width:48rem] mx-auto max-w-(--thread-content-max-width) flex-1 group\/turn-messages focus-visible:outline-hidden relative flex w-full min-w-0 flex-col agent-turn\" tabindex=\"-1\">\n<div class=\"flex max-w-full flex-col grow\">\n<div class=\"min-h-8 text-message relative flex w-full flex-col items-end gap-2 text-start break-words whitespace-normal [.text-message+&amp;]:mt-5\" dir=\"auto\" data-message-author-role=\"assistant\" data-message-id=\"dfd0a6f1-5bf6-4fc0-9b0a-9a2600328508\" data-message-model-slug=\"gpt-5\">\n<div class=\"flex w-full flex-col gap-1 empty:hidden first:pt-[3px]\">\n<div class=\"markdown prose dark:prose-invert w-full break-words light markdown-new-styling\">\n<p data-start=\"115\" data-end=\"540\" data-is-last-node=\"\" data-is-only-node=\"\">Suecia es uno de los pa\u00edses n\u00f3rdicos con menor densidad de poblaci\u00f3n en relaci\u00f3n con su territorio, pero destaca por ofrecer un <strong>excelente nivel de vida<\/strong> a sus habitantes. En la antig\u00fcedad, lleg\u00f3 a ser uno de los reinos m\u00e1s poderosos de la regi\u00f3n, con gran influencia en Europa. Su capital, la elegante ciudad de <strong>Estocolmo<\/strong>, combina modernidad y tradici\u00f3n, y es considerada una de las urbes m\u00e1s bellas del norte de Europa.<\/p>\n<\/div>\n<\/div>\n<\/div>\n<\/div>\n<\/div>\n<\/div>\n<\/article>\n\n<h2 class=\"wp-block-heading\">Noruega<\/h2>\n\n<p>Noruega es uno de los pa\u00edses n\u00f3rdicos m\u00e1s destacados gracias a su <strong>riqueza en recursos de gas y petr\u00f3leo<\/strong>, lo que le otorga una posici\u00f3n estrat\u00e9gica dentro de Europa frente a otras potencias que dependen de la importaci\u00f3n de estos bienes. Adem\u00e1s de su fortaleza energ\u00e9tica, Noruega es <strong>reconocida junto a Suecia como uno de los \u201cpa\u00edses verdes\u201d del continente<\/strong>, debido a su constante compromiso con la ecolog\u00eda y el desarrollo sostenible. Su capital, Oslo, es una ciudad moderna y vibrante que refleja a la perfecci\u00f3n el equilibrio entre innovaci\u00f3n, naturaleza y calidad de vida.<\/p>\n\n<h2 class=\"wp-block-heading\">Islandia<\/h2>\n\n<article class=\"text-token-text-primary w-full focus:outline-none scroll-mt-[calc(var(--header-height)+min(200px,max(70px,20svh)))]\" dir=\"auto\" tabindex=\"-1\" data-turn-id=\"request-68ba8def-7cd4-832c-9873-6c94769671d1-47\" data-testid=\"conversation-turn-106\" data-scroll-anchor=\"true\" data-turn=\"assistant\">\n<div class=\"text-base my-auto mx-auto pb-10 [--thread-content-margin:--spacing(4)] thread-sm:[--thread-content-margin:--spacing(6)] thread-lg:[--thread-content-margin:--spacing(16)] px-(--thread-content-margin)\">\n<div class=\"[--thread-content-max-width:40rem] thread-sm:[--thread-content-max-width:40rem] thread-lg:[--thread-content-max-width:48rem] mx-auto max-w-(--thread-content-max-width) flex-1 group\/turn-messages focus-visible:outline-hidden relative flex w-full min-w-0 flex-col agent-turn\" tabindex=\"-1\">\n<div class=\"flex max-w-full flex-col grow\">\n<div class=\"min-h-8 text-message relative flex w-full flex-col items-end gap-2 text-start break-words whitespace-normal [.text-message+&amp;]:mt-5\" dir=\"auto\" data-message-author-role=\"assistant\" data-message-id=\"a83524e5-2c25-423f-ad4f-a5bec54e15fe\" data-message-model-slug=\"gpt-5\">\n<div class=\"flex w-full flex-col gap-1 empty:hidden first:pt-[3px]\">\n<div class=\"markdown prose dark:prose-invert w-full break-words light markdown-new-styling\">\n<p data-start=\"117\" data-end=\"670\" data-is-last-node=\"\" data-is-only-node=\"\">Islandia es uno de los pa\u00edses n\u00f3rdicos m\u00e1s alejados geogr\u00e1ficamente del resto del grupo, pero tambi\u00e9n uno de los m\u00e1s singulares. Su econom\u00eda es s\u00f3lida y se destaca por ocupar los primeros puestos en el \u00edndice de desarrollo humano a nivel mundial, reflejo de la alta calidad de vida de sus habitantes. A pesar de su cercan\u00eda cultural y pol\u00edtica con Europa, Islandia ha decidido no integrarse en la Uni\u00f3n Europea, principalmente para mantener el control de sus valiosos recursos pesqueros, base fundamental de su econom\u00eda y de su identidad nacional.<\/p>\n<\/div>\n<\/div>\n<\/div>\n<\/div>\n<div class=\"flex min-h-[46px] justify-start\">\u00a0<\/div>\n<\/div>\n<\/div>\n<\/article>\n\n<h2 class=\"wp-block-heading\">Dinamarca<\/h2>\n\n<p>El Reino de <a href=\"https:\/\/www.centraldevacaciones.com\/blog\/dinamarca-el-paraiso-de-las-islas\/\">Dinamarca<\/a> es un pa\u00eds escandinavo situado en la pen\u00ednsula de Jutl\u00e1ndia adem\u00e1s de sus territorios asociados. Estos son las islas Feroe, que se encuentran en el Atl\u00e1ntico Norte, y Groenl\u00e1ndia, entre el oc\u00e9ano \u00c1rtico y el Atl\u00e1ntico Norte. Dinamarca tiene lo que actualmente se conoce como estado del bienestar, con una econom\u00eda rica y un conjunto de pol\u00edticas p\u00fablicas que cubren a su sociedad al completo. Uno de los lugares m\u00e1s interesantes para visitar es su capital, <a href=\"https:\/\/www.centraldevacaciones.com\/blog\/copenhague-la-ciudad-cosmopolitan-de-dinamarca\/\"><strong>Copenhague<\/strong><\/a>.<\/p>\n\t\t\t\t\t\t\t\t<\/div>\n\t\t\t\t\t<\/div>\n\t\t<\/div>\n\t\t\t\t\t<\/div>\n\t\t<\/section>\n\t\t\t\t<section class=\"elementor-section elementor-top-section elementor-element elementor-element-ea377cb elementor-section-boxed elementor-section-height-default elementor-section-height-default\" data-id=\"ea377cb\" data-element_type=\"section\">\n\t\t\t\t\t\t<div class=\"elementor-container elementor-column-gap-default\">\n\t\t\t\t\t<div class=\"elementor-column elementor-col-100 elementor-top-column elementor-element elementor-element-48a3547\" data-id=\"48a3547\" data-element_type=\"column\">\n\t\t\t<div class=\"elementor-widget-wrap elementor-element-populated\">\n\t\t\t\t\t\t<div class=\"elementor-element elementor-element-3025312 elementor-widget elementor-widget-text-editor\" data-id=\"3025312\" data-element_type=\"widget\" data-widget_type=\"text-editor.default\">\n\t\t\t\t\t\t\t\t\t<p>Y hasta aqu\u00ed nuestro post sobre los pa\u00edses n\u00f3rdicos, tambi\u00e9n conocidos en algunos contextos como <a href=\"https:\/\/www.centraldevacaciones.com\/blog\/conociendo-los-paises-escandinavos\/\">pa\u00edses escandinavos<\/a>. \u00bfTe gustar\u00eda visitar alguno de ellos? En Centraldevacaciones encontrar\u00e1s un gran n\u00famero de ofertas para ello.\u00a0<\/p>\t\t\t\t\t\t\t\t<\/div>\n\t\t\t\t\t<\/div>\n\t\t<\/div>\n\t\t\t\t\t<\/div>\n\t\t<\/section>\n\t\t\t\t<section class=\"elementor-section elementor-top-section elementor-element elementor-element-3c2cd0d7 elementor-section-boxed elementor-section-height-default elementor-section-height-default\" data-id=\"3c2cd0d7\" data-element_type=\"section\">\n\t\t\t\t\t\t<div class=\"elementor-container elementor-column-gap-custom\">\n\t\t\t\t\t<div class=\"elementor-column elementor-col-16 elementor-top-column elementor-element elementor-element-347d458c\" data-id=\"347d458c\" data-element_type=\"column\">\n\t\t\t<div class=\"elementor-widget-wrap elementor-element-populated\">\n\t\t\t\t\t\t<div class=\"elementor-element elementor-element-5c8c6787 elementor-widget elementor-widget-image\" data-id=\"5c8c6787\" data-element_type=\"widget\" data-widget_type=\"image.default\">\n\t\t\t\t\t\t\t\t\t\t\t\t\t\t\t<img decoding=\"async\" width=\"128\" height=\"128\" src=\"https:\/\/www.centraldevacaciones.com\/blog\/wp-content\/uploads\/2021\/05\/dom.png\" class=\"attachment-large size-large wp-image-12635\" alt=\"\" \/>\t\t\t\t\t\t\t\t\t\t\t\t\t\t\t<\/div>\n\t\t\t\t<div class=\"elementor-element elementor-element-59cf5418 elementor-widget elementor-widget-heading\" data-id=\"59cf5418\" data-element_type=\"widget\" data-widget_type=\"heading.default\">\n\t\t\t\t\t<h3 class=\"elementor-heading-title elementor-size-default\"><a href=\"https:\/\/www.centraldevacaciones.com\/viajes\/\">Ofertas vacacionales<\/a><\/h3>\t\t\t\t<\/div>\n\t\t\t\t\t<\/div>\n\t\t<\/div>\n\t\t\t\t<div class=\"elementor-column elementor-col-16 elementor-top-column elementor-element elementor-element-64729266\" data-id=\"64729266\" data-element_type=\"column\">\n\t\t\t<div class=\"elementor-widget-wrap elementor-element-populated\">\n\t\t\t\t\t\t<div class=\"elementor-element elementor-element-159633af elementor-widget elementor-widget-image\" data-id=\"159633af\" data-element_type=\"widget\" data-widget_type=\"image.default\">\n\t\t\t\t\t\t\t\t\t\t\t\t\t\t\t<img decoding=\"async\" width=\"128\" height=\"128\" src=\"https:\/\/www.centraldevacaciones.com\/blog\/wp-content\/uploads\/2021\/05\/camas.png\" class=\"attachment-large size-large wp-image-12637\" alt=\"\" \/>\t\t\t\t\t\t\t\t\t\t\t\t\t\t\t<\/div>\n\t\t\t\t<div class=\"elementor-element elementor-element-3a143cc3 elementor-widget elementor-widget-heading\" data-id=\"3a143cc3\" data-element_type=\"widget\" data-widget_type=\"heading.default\">\n\t\t\t\t\t<h3 class=\"elementor-heading-title elementor-size-default\"><a href=\"https:\/\/www.centraldevacaciones.com\/blog\/hoteles-de-ciudad\/\">Ofertas hoteles<\/a><\/h3>\t\t\t\t<\/div>\n\t\t\t\t\t<\/div>\n\t\t<\/div>\n\t\t\t\t<div class=\"elementor-column elementor-col-16 elementor-top-column elementor-element elementor-element-515225b3\" data-id=\"515225b3\" data-element_type=\"column\">\n\t\t\t<div class=\"elementor-widget-wrap elementor-element-populated\">\n\t\t\t\t\t\t<div class=\"elementor-element elementor-element-532e64d5 elementor-widget elementor-widget-image\" data-id=\"532e64d5\" data-element_type=\"widget\" data-widget_type=\"image.default\">\n\t\t\t\t\t\t\t\t\t\t\t\t\t\t\t<img decoding=\"async\" width=\"128\" height=\"128\" src=\"https:\/\/www.centraldevacaciones.com\/blog\/wp-content\/uploads\/2021\/05\/avion-1.png\" class=\"attachment-large size-large wp-image-12639\" alt=\"\" \/>\t\t\t\t\t\t\t\t\t\t\t\t\t\t\t<\/div>\n\t\t\t\t<div class=\"elementor-element elementor-element-1785f62c elementor-widget elementor-widget-heading\" data-id=\"1785f62c\" data-element_type=\"widget\" data-widget_type=\"heading.default\">\n\t\t\t\t\t<h3 class=\"elementor-heading-title elementor-size-default\"><a href=\"https:\/\/www.centraldevacaciones.com\/blog\/destinos-vacaciones\/\">Mejores destinos<\/a><\/h3>\t\t\t\t<\/div>\n\t\t\t\t\t<\/div>\n\t\t<\/div>\n\t\t\t\t<div class=\"elementor-column elementor-col-16 elementor-top-column elementor-element elementor-element-90db364\" data-id=\"90db364\" data-element_type=\"column\">\n\t\t\t<div class=\"elementor-widget-wrap elementor-element-populated\">\n\t\t\t\t\t\t<div class=\"elementor-element elementor-element-44e8e8 elementor-widget elementor-widget-image\" data-id=\"44e8e8\" data-element_type=\"widget\" data-widget_type=\"image.default\">\n\t\t\t\t\t\t\t\t\t\t\t\t\t\t\t<img loading=\"lazy\" decoding=\"async\" width=\"128\" height=\"128\" src=\"https:\/\/www.centraldevacaciones.com\/blog\/wp-content\/uploads\/2021\/05\/cama-solar.png\" class=\"attachment-large size-large wp-image-12640\" alt=\"\" \/>\t\t\t\t\t\t\t\t\t\t\t\t\t\t\t<\/div>\n\t\t\t\t<div class=\"elementor-element elementor-element-25b18051 elementor-widget elementor-widget-heading\" data-id=\"25b18051\" data-element_type=\"widget\" data-widget_type=\"heading.default\">\n\t\t\t\t\t<h3 class=\"elementor-heading-title elementor-size-default\"><a href=\"https:\/\/www.centraldevacaciones.com\/blog\/ofertas-circuitos\/\">Circuitos vacacionales<\/a><\/h3>\t\t\t\t<\/div>\n\t\t\t\t\t<\/div>\n\t\t<\/div>\n\t\t\t\t<div class=\"elementor-column elementor-col-16 elementor-top-column elementor-element elementor-element-7bc01945\" data-id=\"7bc01945\" data-element_type=\"column\">\n\t\t\t<div class=\"elementor-widget-wrap elementor-element-populated\">\n\t\t\t\t\t\t<div class=\"elementor-element elementor-element-3a260081 elementor-widget elementor-widget-image\" data-id=\"3a260081\" data-element_type=\"widget\" data-widget_type=\"image.default\">\n\t\t\t\t\t\t\t\t\t\t\t\t\t\t\t<img loading=\"lazy\" decoding=\"async\" width=\"128\" height=\"128\" src=\"https:\/\/www.centraldevacaciones.com\/blog\/wp-content\/uploads\/2021\/05\/en-todo-el-mundo.png\" class=\"attachment-large size-large wp-image-12641\" alt=\"\" \/>\t\t\t\t\t\t\t\t\t\t\t\t\t\t\t<\/div>\n\t\t\t\t<div class=\"elementor-element elementor-element-d9c7f25 elementor-widget elementor-widget-heading\" data-id=\"d9c7f25\" data-element_type=\"widget\" data-widget_type=\"heading.default\">\n\t\t\t\t\t<h3 class=\"elementor-heading-title elementor-size-default\"><a href=\"https:\/\/www.centraldevacaciones.com\/blog\/vuelo-hotel\/\">Vuelo + hotel <\/a><\/h3>\t\t\t\t<\/div>\n\t\t\t\t\t<\/div>\n\t\t<\/div>\n\t\t\t\t<div class=\"elementor-column elementor-col-16 elementor-top-column elementor-element elementor-element-b38c8b8\" data-id=\"b38c8b8\" data-element_type=\"column\">\n\t\t\t<div class=\"elementor-widget-wrap elementor-element-populated\">\n\t\t\t\t\t\t<div class=\"elementor-element elementor-element-45c01ad7 elementor-widget elementor-widget-image\" data-id=\"45c01ad7\" data-element_type=\"widget\" data-widget_type=\"image.default\">\n\t\t\t\t\t\t\t\t\t\t\t\t\t\t\t<img loading=\"lazy\" decoding=\"async\" width=\"128\" height=\"128\" src=\"https:\/\/www.centraldevacaciones.com\/blog\/wp-content\/uploads\/2021\/05\/crucero.png\" class=\"attachment-large size-large wp-image-12642\" alt=\"\" \/>\t\t\t\t\t\t\t\t\t\t\t\t\t\t\t<\/div>\n\t\t\t\t<div class=\"elementor-element elementor-element-303e5690 elementor-widget elementor-widget-heading\" data-id=\"303e5690\" data-element_type=\"widget\" data-widget_type=\"heading.default\">\n\t\t\t\t\t<h3 class=\"elementor-heading-title elementor-size-default\"><a href=\"https:\/\/www.centraldevacaciones.com\/blog\/destinos-cruceros\/\">Ofertas  cruceros<\/a><\/h3>\t\t\t\t<\/div>\n\t\t\t\t\t<\/div>\n\t\t<\/div>\n\t\t\t\t\t<\/div>\n\t\t<\/section>\n\t\t\t\t<section class=\"elementor-section elementor-top-section elementor-element elementor-element-ba9bdfb elementor-section-boxed elementor-section-height-default elementor-section-height-default\" data-id=\"ba9bdfb\" data-element_type=\"section\">\n\t\t\t\t\t\t<div class=\"elementor-container elementor-column-gap-default\">\n\t\t\t\t\t<div class=\"elementor-column elementor-col-100 elementor-top-column elementor-element elementor-element-51aac83\" data-id=\"51aac83\" data-element_type=\"column\">\n\t\t\t<div class=\"elementor-widget-wrap elementor-element-populated\">\n\t\t\t\t\t\t<div class=\"elementor-element elementor-element-61ee5b1 elementor-widget elementor-widget-text-editor\" data-id=\"61ee5b1\" data-element_type=\"widget\" data-widget_type=\"text-editor.default\">\n\t\t\t\t\t\t\t\t\t<p data-start=\"126\" data-end=\"645\">\u00bfTe gustar\u00eda disfrutar este verano de unas vacaciones \u00fanicas en tu destino favorito con los extras m\u00e1s premium que mejor se adapten a ti y poder contar la experiencia a tus conocidos? Est\u00e1s en el sitio correcto: Central de Vacaciones tiene lo que necesitas para vivir una estancia inolvidable. Imagina recorrer los <strong data-start=\"441\" data-end=\"460\">pa\u00edses n\u00f3rdicos<\/strong>, con sus paisajes de fiordos, auroras boreales y ciudades modernas llenas de historia, mientras disfrutas de hoteles y servicios que te har\u00e1n sentir como en casa desde el primer d\u00eda.<\/p>\n<p data-start=\"647\" data-end=\"1050\" data-is-last-node=\"\" data-is-only-node=\"\">Haz tu reserva cuando quieras y hacia el destino que prefieras, con acceso a todo tipo de lujos y experiencias exclusivas. Vive un verano diferente explorando los pa\u00edses n\u00f3rdicos junto a las personas que m\u00e1s quieres y no dejes escapar esta oportunidad. \u00a1Asegura ya tu viaje antes de que se agote la disponibilidad y prep\u00e1rate para disfrutar de unas vacaciones espectaculares en el norte de Europa!<\/p>\t\t\t\t\t\t\t\t<\/div>\n\t\t\t\t\t<\/div>\n\t\t<\/div>\n\t\t\t\t\t<\/div>\n\t\t<\/section>\n\t\t\t\t<\/div>\n\t\t","protected":false},"excerpt":{"rendered":"<p>Los pa\u00edses n\u00f3rdicos conforman un conjunto de cinco estados situados en la regi\u00f3n de Europa Septentrional: Dinamarca, Finlandia, Islandia, Noruega y Suecia. Esta \u00e1rea del continente se caracteriza por su alto nivel de desarrollo, paisajes naturales \u00fanicos y una rica herencia cultural que los convierte en destinos muy atractivos tanto para el turismo como para [&hellip;]<\/p>\n","protected":false},"author":1,"featured_media":13222,"comment_status":"closed","ping_status":"open","sticky":false,"template":"elementor_theme","format":"standard","meta":{"_acf_changed":false,"footnotes":""},"categories":[208,193,207,204,195,201,17],"tags":[],"class_list":["post-3829","post","type-post","status-publish","format-standard","has-post-thumbnail","hentry","category-ideas-escapadas","category-europa","category-ideas-viajes-invierno","category-ideas-viajes-verano","category-rutas-por-europa","category-rutas-por-paises-bajos","category-viajes-por-europa"],"acf":[],"_links":{"self":[{"href":"https:\/\/www.centraldevacaciones.com\/blog\/wp-json\/wp\/v2\/posts\/3829","targetHints":{"allow":["GET"]}}],"collection":[{"href":"https:\/\/www.centraldevacaciones.com\/blog\/wp-json\/wp\/v2\/posts"}],"about":[{"href":"https:\/\/www.centraldevacaciones.com\/blog\/wp-json\/wp\/v2\/types\/post"}],"author":[{"embeddable":true,"href":"https:\/\/www.centraldevacaciones.com\/blog\/wp-json\/wp\/v2\/users\/1"}],"replies":[{"embeddable":true,"href":"https:\/\/www.centraldevacaciones.com\/blog\/wp-json\/wp\/v2\/comments?post=3829"}],"version-history":[{"count":4,"href":"https:\/\/www.centraldevacaciones.com\/blog\/wp-json\/wp\/v2\/posts\/3829\/revisions"}],"predecessor-version":[{"id":189649,"href":"https:\/\/www.centraldevacaciones.com\/blog\/wp-json\/wp\/v2\/posts\/3829\/revisions\/189649"}],"wp:featuredmedia":[{"embeddable":true,"href":"https:\/\/www.centraldevacaciones.com\/blog\/wp-json\/wp\/v2\/media\/13222"}],"wp:attachment":[{"href":"https:\/\/www.centraldevacaciones.com\/blog\/wp-json\/wp\/v2\/media?parent=3829"}],"wp:term":[{"taxonomy":"category","embeddable":true,"href":"https:\/\/www.centraldevacaciones.com\/blog\/wp-json\/wp\/v2\/categories?post=3829"},{"taxonomy":"post_tag","embeddable":true,"href":"https:\/\/www.centraldevacaciones.com\/blog\/wp-json\/wp\/v2\/tags?post=3829"}],"curies":[{"name":"wp","href":"https:\/\/api.w.org\/{rel}","templated":true}]}}