{"id":3795,"date":"2017-08-21T14:37:40","date_gmt":"2017-08-21T12:37:40","guid":{"rendered":"http:\/\/blog.centraldevacaciones.com\/?p=3795"},"modified":"2022-08-17T13:19:38","modified_gmt":"2022-08-17T11:19:38","slug":"todo-acerca-de-la-isla-el-hierro-historia-cultura-y-sitios-turisticos","status":"publish","type":"post","link":"https:\/\/www.centraldevacaciones.com\/blog\/todo-acerca-de-la-isla-el-hierro-historia-cultura-y-sitios-turisticos\/","title":{"rendered":"Todo acerca de la Isla El Hierro, historia, cultura y sitios Tur\u00edsticos"},"content":{"rendered":"\t\t<div data-elementor-type=\"wp-post\" data-elementor-id=\"3795\" class=\"elementor elementor-3795\" data-elementor-post-type=\"post\">\n\t\t\t\t\t\t<section class=\"elementor-section elementor-top-section elementor-element elementor-element-944ac1f elementor-section-boxed elementor-section-height-default elementor-section-height-default\" data-id=\"944ac1f\" data-element_type=\"section\">\n\t\t\t\t\t\t<div class=\"elementor-container elementor-column-gap-default\">\n\t\t\t\t\t<div class=\"elementor-column elementor-col-100 elementor-top-column elementor-element elementor-element-ef275e7\" data-id=\"ef275e7\" data-element_type=\"column\">\n\t\t\t<div class=\"elementor-widget-wrap elementor-element-populated\">\n\t\t\t\t\t\t<div class=\"elementor-element elementor-element-ce8fc36 elementor-widget elementor-widget-text-editor\" data-id=\"ce8fc36\" data-element_type=\"widget\" data-widget_type=\"text-editor.default\">\n\t\t\t\t\t\t\t\t\t<p>La isla de <strong>El Hierro<\/strong>, pertenece al conjunto de islas canarias de Espa\u00f1a, y se ubica en la provincia Santa Cruz de Tenerife, y es tambi\u00e9n una de las m\u00e1s peque\u00f1as dentro del conjunto de islas Canarias, recientemente declarada como una reserva natural de la biosfera, <strong>El Hierro<\/strong>, es definitivamente un destino tur\u00edstico para cualquier persona, su elegante combinaci\u00f3n entre grandes bosques de diversas especies de plantas y \u00e1rboles, las tierras volc\u00e1nicas y sus incre\u00edbles aguas cristalinas y paradisiacas, dejan a <strong>El Hierro<\/strong> como un exclusivo lugar para visitar.<\/p><p>Miles de opciones se generan a la hora de pasear por <strong>El Hierro<\/strong>, pues entre el hecho de caminar por los fabulosos jardines, refrescarse en una de sus incre\u00edbles playas, pasear por la costa, visitar los museos y adentrarse en la cultura son factores que dejan claro que El Hierro es uno de esos sitios que debes ver antes de morir.<\/p><p>Algunos de los<strong> atractivos tur\u00edsticos de<\/strong> <strong>El Hierro<\/strong>, involucran gran parte de la vida mar\u00edtima y la cultura de esta peque\u00f1a isla, sin embargo, encontraras cualquier tipo de actividades y recreaci\u00f3n con la cual identificarte, para ello te dejamos con algunas de las actividades de las que puedes disfrutar en la isla de <strong>El Hierro<\/strong>:<\/p>\t\t\t\t\t\t\t\t<\/div>\n\t\t\t\t\t<\/div>\n\t\t<\/div>\n\t\t\t\t\t<\/div>\n\t\t<\/section>\n\t\t\t\t<section class=\"elementor-section elementor-top-section elementor-element elementor-element-5b1f770d elementor-section-boxed elementor-section-height-default elementor-section-height-default\" data-id=\"5b1f770d\" data-element_type=\"section\">\n\t\t\t\t\t\t<div class=\"elementor-container elementor-column-gap-default\">\n\t\t\t\t\t<div class=\"elementor-column elementor-col-100 elementor-top-column elementor-element elementor-element-368d1756\" data-id=\"368d1756\" data-element_type=\"column\">\n\t\t\t<div class=\"elementor-widget-wrap elementor-element-populated\">\n\t\t\t\t\t\t<div class=\"elementor-element elementor-element-19f055f elementor-widget elementor-widget-text-editor\" data-id=\"19f055f\" data-element_type=\"widget\" data-widget_type=\"text-editor.default\">\n\t\t\t\t\t\t\t\t\t<p><iframe title=\"El Hierro, Islas Canarias\" width=\"800\" height=\"600\" src=\"https:\/\/www.youtube.com\/embed\/ZamKG1v2aSE?feature=oembed\" frameborder=\"0\" allow=\"accelerometer; autoplay; clipboard-write; encrypted-media; gyroscope; picture-in-picture; web-share\" referrerpolicy=\"strict-origin-when-cross-origin\" allowfullscreen><\/iframe><\/p>\t\t\t\t\t\t\t\t<\/div>\n\t\t\t\t\t<\/div>\n\t\t<\/div>\n\t\t\t\t\t<\/div>\n\t\t<\/section>\n\t\t\t\t<section class=\"elementor-section elementor-top-section elementor-element elementor-element-ba56733 elementor-section-boxed elementor-section-height-default elementor-section-height-default\" data-id=\"ba56733\" data-element_type=\"section\">\n\t\t\t\t\t\t<div class=\"elementor-container elementor-column-gap-default\">\n\t\t\t\t\t<div class=\"elementor-column elementor-col-100 elementor-top-column elementor-element elementor-element-558f9c4\" data-id=\"558f9c4\" data-element_type=\"column\">\n\t\t\t<div class=\"elementor-widget-wrap elementor-element-populated\">\n\t\t\t\t\t\t<div class=\"elementor-element elementor-element-baf7a0a elementor-widget elementor-widget-heading\" data-id=\"baf7a0a\" data-element_type=\"widget\" data-widget_type=\"heading.default\">\n\t\t\t\t\t<h2 class=\"elementor-heading-title elementor-size-default\">Reserva de especies Marinas La Restinga<\/h2>\t\t\t\t<\/div>\n\t\t\t\t\t<\/div>\n\t\t<\/div>\n\t\t\t\t\t<\/div>\n\t\t<\/section>\n\t\t\t\t<section class=\"elementor-section elementor-top-section elementor-element elementor-element-28db4f8 elementor-section-boxed elementor-section-height-default elementor-section-height-default\" data-id=\"28db4f8\" data-element_type=\"section\">\n\t\t\t\t\t\t<div class=\"elementor-container elementor-column-gap-default\">\n\t\t\t\t\t<div class=\"elementor-column elementor-col-100 elementor-top-column elementor-element elementor-element-3057fd4\" data-id=\"3057fd4\" data-element_type=\"column\">\n\t\t\t<div class=\"elementor-widget-wrap elementor-element-populated\">\n\t\t\t\t\t\t<div class=\"elementor-element elementor-element-772d7ed elementor-widget elementor-widget-text-editor\" data-id=\"772d7ed\" data-element_type=\"widget\" data-widget_type=\"text-editor.default\">\n\t\t\t\t\t\t\t\t\t<p>Uno de las actividades con mayor reclamo de las isla de <strong>El Hierro<\/strong>, son las inmersiones y el buceo, para deslumbrar con los espectaculares escenarios repletos de vida mar\u00edtima, la reserva <strong>se encuentra junto al muelle de Restinga y se caracteriza por ser uno de los arrecifes m\u00e1s cuidados en todo el mundo y por albergar una cantidad inmensa de biodiversidad<\/strong>, entre incre\u00edbles bancos de peces, cuevas, abismos mar\u00edtimos, con unos 10 puntos de inversi\u00f3n para buceo en toda la costa, asegura una experiencia inolvidable debido a su geograf\u00eda volc\u00e1nica.<\/p>\t\t\t\t\t\t\t\t<\/div>\n\t\t\t\t\t<\/div>\n\t\t<\/div>\n\t\t\t\t\t<\/div>\n\t\t<\/section>\n\t\t\t\t<section class=\"elementor-section elementor-top-section elementor-element elementor-element-bc234b3 elementor-section-boxed elementor-section-height-default elementor-section-height-default\" data-id=\"bc234b3\" data-element_type=\"section\">\n\t\t\t\t\t\t<div class=\"elementor-container elementor-column-gap-default\">\n\t\t\t\t\t<div class=\"elementor-column elementor-col-100 elementor-top-column elementor-element elementor-element-ff718cc\" data-id=\"ff718cc\" data-element_type=\"column\">\n\t\t\t<div class=\"elementor-widget-wrap elementor-element-populated\">\n\t\t\t\t\t\t<div class=\"elementor-element elementor-element-fb268d7 elementor-widget elementor-widget-heading\" data-id=\"fb268d7\" data-element_type=\"widget\" data-widget_type=\"heading.default\">\n\t\t\t\t\t<h2 class=\"elementor-heading-title elementor-size-default\">Jardines y bosques de El Hierro<\/h2>\t\t\t\t<\/div>\n\t\t\t\t\t<\/div>\n\t\t<\/div>\n\t\t\t\t\t<\/div>\n\t\t<\/section>\n\t\t\t\t<section class=\"elementor-section elementor-top-section elementor-element elementor-element-d13a02e elementor-section-boxed elementor-section-height-default elementor-section-height-default\" data-id=\"d13a02e\" data-element_type=\"section\">\n\t\t\t\t\t\t<div class=\"elementor-container elementor-column-gap-default\">\n\t\t\t\t\t<div class=\"elementor-column elementor-col-100 elementor-top-column elementor-element elementor-element-227a1a7\" data-id=\"227a1a7\" data-element_type=\"column\">\n\t\t\t<div class=\"elementor-widget-wrap elementor-element-populated\">\n\t\t\t\t\t\t<div class=\"elementor-element elementor-element-58dd795 elementor-widget elementor-widget-text-editor\" data-id=\"58dd795\" data-element_type=\"widget\" data-widget_type=\"text-editor.default\">\n\t\t\t\t\t\t\t\t\t<p>La isla <strong>El Hierro<\/strong> cuenta con grandes hect\u00e1reas de bosques forestales, los cuales incluyen incre\u00edbles especies como <strong>el m\u00edtico \u00c1rbol Garo\u00e9, quien posee una leyenda incre\u00edble, pues se basa en como obten\u00edan los ancestros el agua de la lluvia que este esp\u00e9cimen recog\u00eda en sus hojas<\/strong>, tambi\u00e9n cuenta con hermosos jardines florales en los cuales alberga todo tipo de flores tropicales y ex\u00f3ticas.<\/p>\t\t\t\t\t\t\t\t<\/div>\n\t\t\t\t\t<\/div>\n\t\t<\/div>\n\t\t\t\t\t<\/div>\n\t\t<\/section>\n\t\t\t\t<section class=\"elementor-section elementor-top-section elementor-element elementor-element-a6567e7 elementor-section-boxed elementor-section-height-default elementor-section-height-default\" data-id=\"a6567e7\" data-element_type=\"section\">\n\t\t\t\t\t\t<div class=\"elementor-container elementor-column-gap-default\">\n\t\t\t\t\t<div class=\"elementor-column elementor-col-100 elementor-top-column elementor-element elementor-element-79bbe8d\" data-id=\"79bbe8d\" data-element_type=\"column\">\n\t\t\t<div class=\"elementor-widget-wrap elementor-element-populated\">\n\t\t\t\t\t\t<div class=\"elementor-element elementor-element-21a785f elementor-widget elementor-widget-heading\" data-id=\"21a785f\" data-element_type=\"widget\" data-widget_type=\"heading.default\">\n\t\t\t\t\t<h2 class=\"elementor-heading-title elementor-size-default\">El charco Azul<\/h2>\t\t\t\t<\/div>\n\t\t\t\t\t<\/div>\n\t\t<\/div>\n\t\t\t\t\t<\/div>\n\t\t<\/section>\n\t\t\t\t<section class=\"elementor-section elementor-top-section elementor-element elementor-element-d51f6f9 elementor-section-boxed elementor-section-height-default elementor-section-height-default\" data-id=\"d51f6f9\" data-element_type=\"section\">\n\t\t\t\t\t\t<div class=\"elementor-container elementor-column-gap-default\">\n\t\t\t\t\t<div class=\"elementor-column elementor-col-100 elementor-top-column elementor-element elementor-element-ef4ae4b\" data-id=\"ef4ae4b\" data-element_type=\"column\">\n\t\t\t<div class=\"elementor-widget-wrap elementor-element-populated\">\n\t\t\t\t\t\t<div class=\"elementor-element elementor-element-b3d7ed1 elementor-widget elementor-widget-text-editor\" data-id=\"b3d7ed1\" data-element_type=\"widget\" data-widget_type=\"text-editor.default\">\n\t\t\t\t\t\t\t\t\t<p>una incre\u00edble piscina termal de agua salada, en la que podr\u00e1s <strong>disfrutar de un incre\u00edble chapuz\u00f3n en agua pr\u00e1cticamente transparente<\/strong>, su irradiante color azul se debe a la bioluminiscencia causada por seres microsc\u00f3picos que se aclimatan a las temperaturas volc\u00e1nicas de esta isla, no te costar\u00e1 mucho poder acceder a ella, aunque se caracteriza por ser un enclave virgen.<\/p><p><iframe title=\"El Charco Azul. EL HIERRO.\" width=\"800\" height=\"450\" src=\"https:\/\/www.youtube.com\/embed\/qduWMIj58Yo?start=36&feature=oembed\" frameborder=\"0\" allow=\"accelerometer; autoplay; clipboard-write; encrypted-media; gyroscope; picture-in-picture; web-share\" referrerpolicy=\"strict-origin-when-cross-origin\" allowfullscreen><\/iframe><\/p>\t\t\t\t\t\t\t\t<\/div>\n\t\t\t\t\t<\/div>\n\t\t<\/div>\n\t\t\t\t\t<\/div>\n\t\t<\/section>\n\t\t\t\t<section class=\"elementor-section elementor-top-section elementor-element elementor-element-3e73cdf elementor-section-boxed elementor-section-height-default elementor-section-height-default\" data-id=\"3e73cdf\" data-element_type=\"section\">\n\t\t\t\t\t\t<div class=\"elementor-container elementor-column-gap-default\">\n\t\t\t\t\t<div class=\"elementor-column elementor-col-100 elementor-top-column elementor-element elementor-element-6e78244\" data-id=\"6e78244\" data-element_type=\"column\">\n\t\t\t<div class=\"elementor-widget-wrap elementor-element-populated\">\n\t\t\t\t\t\t<div class=\"elementor-element elementor-element-cf09db3 elementor-widget elementor-widget-heading\" data-id=\"cf09db3\" data-element_type=\"widget\" data-widget_type=\"heading.default\">\n\t\t\t\t\t<h2 class=\"elementor-heading-title elementor-size-default\">Parque Rural de la Frontera<\/h2>\t\t\t\t<\/div>\n\t\t\t\t\t<\/div>\n\t\t<\/div>\n\t\t\t\t\t<\/div>\n\t\t<\/section>\n\t\t\t\t<section class=\"elementor-section elementor-top-section elementor-element elementor-element-f48f425 elementor-section-boxed elementor-section-height-default elementor-section-height-default\" data-id=\"f48f425\" data-element_type=\"section\">\n\t\t\t\t\t\t<div class=\"elementor-container elementor-column-gap-default\">\n\t\t\t\t\t<div class=\"elementor-column elementor-col-100 elementor-top-column elementor-element elementor-element-57a9009\" data-id=\"57a9009\" data-element_type=\"column\">\n\t\t\t<div class=\"elementor-widget-wrap elementor-element-populated\">\n\t\t\t\t\t\t<div class=\"elementor-element elementor-element-6eae8a8 elementor-widget elementor-widget-text-editor\" data-id=\"6eae8a8\" data-element_type=\"widget\" data-widget_type=\"text-editor.default\">\n\t\t\t\t\t\t\t\t\t<p>Una de las insignias en base al turismo de <strong>El Hierro<\/strong>, pues muchos aseguran haber caminado por un lugar encantado y lleno de magia que solo la tierra sabe dar, <strong>este espacio natural, rodeado de \u00e1rboles ex\u00f3ticos de hasta 10m de altura los cuales han perdido erguimiento por las brisas fuertes del occidente, combinado con paisajes que demuestran el encanto de lo que la tierra sin la mano del hombre nos puede regalar<\/strong>, es una de las opciones que debes anotar en tu lista para visitar.<\/p>\t\t\t\t\t\t\t\t<\/div>\n\t\t\t\t\t<\/div>\n\t\t<\/div>\n\t\t\t\t\t<\/div>\n\t\t<\/section>\n\t\t\t\t<section class=\"elementor-section elementor-top-section elementor-element elementor-element-4ac568a elementor-section-boxed elementor-section-height-default elementor-section-height-default\" data-id=\"4ac568a\" data-element_type=\"section\">\n\t\t\t\t\t\t<div class=\"elementor-container elementor-column-gap-default\">\n\t\t\t\t\t<div class=\"elementor-column elementor-col-100 elementor-top-column elementor-element elementor-element-3d773c0\" data-id=\"3d773c0\" data-element_type=\"column\">\n\t\t\t<div class=\"elementor-widget-wrap elementor-element-populated\">\n\t\t\t\t\t\t<div class=\"elementor-element elementor-element-694f303 elementor-widget elementor-widget-heading\" data-id=\"694f303\" data-element_type=\"widget\" data-widget_type=\"heading.default\">\n\t\t\t\t\t<h2 class=\"elementor-heading-title elementor-size-default\">El mirador de la Pe\u00f1a<\/h2>\t\t\t\t<\/div>\n\t\t\t\t\t<\/div>\n\t\t<\/div>\n\t\t\t\t\t<\/div>\n\t\t<\/section>\n\t\t\t\t<section class=\"elementor-section elementor-top-section elementor-element elementor-element-a1f7030 elementor-section-boxed elementor-section-height-default elementor-section-height-default\" data-id=\"a1f7030\" data-element_type=\"section\">\n\t\t\t\t\t\t<div class=\"elementor-container elementor-column-gap-default\">\n\t\t\t\t\t<div class=\"elementor-column elementor-col-100 elementor-top-column elementor-element elementor-element-28ff938\" data-id=\"28ff938\" data-element_type=\"column\">\n\t\t\t<div class=\"elementor-widget-wrap elementor-element-populated\">\n\t\t\t\t\t\t<div class=\"elementor-element elementor-element-fa58e2e elementor-widget elementor-widget-text-editor\" data-id=\"fa58e2e\" data-element_type=\"widget\" data-widget_type=\"text-editor.default\">\n\t\t\t\t\t\t\t\t\t<p>Todo buen viaje debe terminar con una puesta de sol, es por eso que no debes perderte la opci\u00f3n de poder ver una desde El mirador de la Pe\u00f1a<strong>, 750m de altura combinados con una inigualable vista del horizonte en las que cielo y mar se acarician, podr\u00e1s apreciar una de las puestas de sol para recordar por siempre<\/strong>, luego de haber disfrutado de este incre\u00edble regalo a la vista, puedes relajarte en el restaurant que all\u00ed se encuentra, en el que podr\u00e1s disfrutar de una maravillosa carta de platos t\u00edpicos isle\u00f1os junto a gastronom\u00eda mediterr\u00e1nea de primera clase.<\/p>\t\t\t\t\t\t\t\t<\/div>\n\t\t\t\t\t<\/div>\n\t\t<\/div>\n\t\t\t\t\t<\/div>\n\t\t<\/section>\n\t\t\t\t<section class=\"elementor-section elementor-top-section elementor-element elementor-element-4489206 elementor-section-boxed elementor-section-height-default elementor-section-height-default\" data-id=\"4489206\" data-element_type=\"section\">\n\t\t\t\t\t\t<div class=\"elementor-container elementor-column-gap-default\">\n\t\t\t\t\t<div class=\"elementor-column elementor-col-100 elementor-top-column elementor-element elementor-element-4d00230\" data-id=\"4d00230\" data-element_type=\"column\">\n\t\t\t<div class=\"elementor-widget-wrap elementor-element-populated\">\n\t\t\t\t\t\t<div class=\"elementor-element elementor-element-90b9b33 elementor-widget elementor-widget-heading\" data-id=\"90b9b33\" data-element_type=\"widget\" data-widget_type=\"heading.default\">\n\t\t\t\t\t<h2 class=\"elementor-heading-title elementor-size-default\">Cultura y gastronom\u00eda de El Hierro <\/h2>\t\t\t\t<\/div>\n\t\t\t\t\t<\/div>\n\t\t<\/div>\n\t\t\t\t\t<\/div>\n\t\t<\/section>\n\t\t\t\t<section class=\"elementor-section elementor-top-section elementor-element elementor-element-8728a45 elementor-section-boxed elementor-section-height-default elementor-section-height-default\" data-id=\"8728a45\" data-element_type=\"section\">\n\t\t\t\t\t\t<div class=\"elementor-container elementor-column-gap-default\">\n\t\t\t\t\t<div class=\"elementor-column elementor-col-100 elementor-top-column elementor-element elementor-element-f227bc9\" data-id=\"f227bc9\" data-element_type=\"column\">\n\t\t\t<div class=\"elementor-widget-wrap elementor-element-populated\">\n\t\t\t\t\t\t<div class=\"elementor-element elementor-element-6417ce2 elementor-widget elementor-widget-text-editor\" data-id=\"6417ce2\" data-element_type=\"widget\" data-widget_type=\"text-editor.default\">\n\t\t\t\t\t\t\t\t\t<p>Siendo que comparten una afinidad muy cercana con el mar mediterr\u00e1neo, <strong>manejan una gastronom\u00eda plagada de incre\u00edbles recetas\u00a0para el gusto del paladar, referente a su cultura, junto a fachadas coloniales y a que poseen fuertes ra\u00edces que los conectan con los habitantes\u00a0de la isla<\/strong>, por lo cual, darse el tiempo para conocerla y visitar los museos, deben estar incluidos en tu agenda de viajes.<\/p>\t\t\t\t\t\t\t\t<\/div>\n\t\t\t\t\t<\/div>\n\t\t<\/div>\n\t\t\t\t\t<\/div>\n\t\t<\/section>\n\t\t\t\t<section class=\"elementor-section elementor-top-section elementor-element elementor-element-509421cf elementor-section-boxed elementor-section-height-default elementor-section-height-default\" data-id=\"509421cf\" data-element_type=\"section\">\n\t\t\t\t\t\t<div class=\"elementor-container elementor-column-gap-default\">\n\t\t\t\t\t<div class=\"elementor-column elementor-col-16 elementor-top-column elementor-element elementor-element-5fc2b52\" data-id=\"5fc2b52\" data-element_type=\"column\">\n\t\t\t<div class=\"elementor-widget-wrap elementor-element-populated\">\n\t\t\t\t\t\t<div class=\"elementor-element elementor-element-469a1a6c elementor-widget elementor-widget-image\" data-id=\"469a1a6c\" data-element_type=\"widget\" data-widget_type=\"image.default\">\n\t\t\t\t\t\t\t\t\t\t\t\t\t\t\t<img decoding=\"async\" width=\"128\" height=\"128\" src=\"https:\/\/www.centraldevacaciones.com\/blog\/wp-content\/uploads\/2020\/09\/espana.png\" class=\"attachment-large size-large wp-image-12730\" alt=\"\" \/>\t\t\t\t\t\t\t\t\t\t\t\t\t\t\t<\/div>\n\t\t\t\t<div class=\"elementor-element elementor-element-2ab51cbb elementor-widget elementor-widget-heading\" data-id=\"2ab51cbb\" data-element_type=\"widget\" data-widget_type=\"heading.default\">\n\t\t\t\t\t<h3 class=\"elementor-heading-title elementor-size-default\"><a href=\"https:\/\/www.centraldevacaciones.com\/blog\/ofertas-de-vacaciones\/\">Viajes por Espa\u00f1a<\/a><\/h3>\t\t\t\t<\/div>\n\t\t\t\t\t<\/div>\n\t\t<\/div>\n\t\t\t\t<div class=\"elementor-column elementor-col-16 elementor-top-column elementor-element elementor-element-47029718\" data-id=\"47029718\" data-element_type=\"column\">\n\t\t\t<div class=\"elementor-widget-wrap elementor-element-populated\">\n\t\t\t\t\t\t<div class=\"elementor-element elementor-element-67a5961c elementor-widget elementor-widget-image\" data-id=\"67a5961c\" data-element_type=\"widget\" data-widget_type=\"image.default\">\n\t\t\t\t\t\t\t\t\t\t\t\t\t\t\t<img decoding=\"async\" width=\"128\" height=\"128\" src=\"https:\/\/www.centraldevacaciones.com\/blog\/wp-content\/uploads\/2020\/09\/isla.png\" class=\"attachment-large size-large wp-image-12732\" alt=\"\" \/>\t\t\t\t\t\t\t\t\t\t\t\t\t\t\t<\/div>\n\t\t\t\t<div class=\"elementor-element elementor-element-6139646c elementor-widget elementor-widget-heading\" data-id=\"6139646c\" data-element_type=\"widget\" data-widget_type=\"heading.default\">\n\t\t\t\t\t<h3 class=\"elementor-heading-title elementor-size-default\"><a href=\"https:\/\/www.centraldevacaciones.com\/blog\/vacaciones-mejores-islas-espana\/\">Islas de Espa\u00f1a<\/a><\/h3>\t\t\t\t<\/div>\n\t\t\t\t\t<\/div>\n\t\t<\/div>\n\t\t\t\t<div class=\"elementor-column elementor-col-16 elementor-top-column elementor-element elementor-element-7ab9a576\" data-id=\"7ab9a576\" data-element_type=\"column\">\n\t\t\t<div class=\"elementor-widget-wrap elementor-element-populated\">\n\t\t\t\t\t\t<div class=\"elementor-element elementor-element-2020fb1e elementor-widget elementor-widget-image\" data-id=\"2020fb1e\" data-element_type=\"widget\" data-widget_type=\"image.default\">\n\t\t\t\t\t\t\t\t\t\t\t\t\t\t\t<img decoding=\"async\" width=\"128\" height=\"128\" src=\"https:\/\/www.centraldevacaciones.com\/blog\/wp-content\/uploads\/2021\/05\/avion-1.png\" class=\"attachment-large size-large wp-image-12639\" alt=\"\" \/>\t\t\t\t\t\t\t\t\t\t\t\t\t\t\t<\/div>\n\t\t\t\t<div class=\"elementor-element elementor-element-6397549c elementor-widget elementor-widget-heading\" data-id=\"6397549c\" data-element_type=\"widget\" data-widget_type=\"heading.default\">\n\t\t\t\t\t<h3 class=\"elementor-heading-title elementor-size-default\"><a href=\"https:\/\/www.centraldevacaciones.com\/viajes\/ofertas-a-islas-canarias.html\">Viajes a Canarias<\/a><\/h3>\t\t\t\t<\/div>\n\t\t\t\t\t<\/div>\n\t\t<\/div>\n\t\t\t\t<div class=\"elementor-column elementor-col-16 elementor-top-column elementor-element elementor-element-2271b37c\" data-id=\"2271b37c\" data-element_type=\"column\">\n\t\t\t<div class=\"elementor-widget-wrap elementor-element-populated\">\n\t\t\t\t\t\t<div class=\"elementor-element elementor-element-3631e4d7 elementor-widget elementor-widget-image\" data-id=\"3631e4d7\" data-element_type=\"widget\" data-widget_type=\"image.default\">\n\t\t\t\t\t\t\t\t\t\t\t\t\t\t\t<img loading=\"lazy\" decoding=\"async\" width=\"128\" height=\"128\" src=\"https:\/\/www.centraldevacaciones.com\/blog\/wp-content\/uploads\/2020\/09\/sombrilla.png\" class=\"attachment-large size-large wp-image-12733\" alt=\"\" \/>\t\t\t\t\t\t\t\t\t\t\t\t\t\t\t<\/div>\n\t\t\t\t<div class=\"elementor-element elementor-element-5fcf01be elementor-widget elementor-widget-heading\" data-id=\"5fcf01be\" data-element_type=\"widget\" data-widget_type=\"heading.default\">\n\t\t\t\t\t<h3 class=\"elementor-heading-title elementor-size-default\"><a href=\"https:\/\/www.centraldevacaciones.com\/viajes\/ofertas-a-lanzarote.html\">Viajes a Lanzarote<\/a><\/h3>\t\t\t\t<\/div>\n\t\t\t\t\t<\/div>\n\t\t<\/div>\n\t\t\t\t<div class=\"elementor-column elementor-col-16 elementor-top-column elementor-element elementor-element-116a60e8\" data-id=\"116a60e8\" data-element_type=\"column\">\n\t\t\t<div class=\"elementor-widget-wrap elementor-element-populated\">\n\t\t\t\t\t\t<div class=\"elementor-element elementor-element-1d0248da elementor-widget elementor-widget-image\" data-id=\"1d0248da\" data-element_type=\"widget\" data-widget_type=\"image.default\">\n\t\t\t\t\t\t\t\t\t\t\t\t\t\t\t<img loading=\"lazy\" decoding=\"async\" width=\"128\" height=\"128\" src=\"https:\/\/www.centraldevacaciones.com\/blog\/wp-content\/uploads\/2020\/09\/avion.png\" class=\"attachment-large size-large wp-image-12734\" alt=\"\" \/>\t\t\t\t\t\t\t\t\t\t\t\t\t\t\t<\/div>\n\t\t\t\t<div class=\"elementor-element elementor-element-22ac82eb elementor-widget elementor-widget-heading\" data-id=\"22ac82eb\" data-element_type=\"widget\" data-widget_type=\"heading.default\">\n\t\t\t\t\t<h3 class=\"elementor-heading-title elementor-size-default\"><a href=\"https:\/\/www.centraldevacaciones.com\/viajes\/ofertas-a-islas-baleares.html\">Viajes a las Baleares<\/a><\/h3>\t\t\t\t<\/div>\n\t\t\t\t\t<\/div>\n\t\t<\/div>\n\t\t\t\t<div class=\"elementor-column elementor-col-16 elementor-top-column elementor-element elementor-element-7da1ef44\" data-id=\"7da1ef44\" data-element_type=\"column\">\n\t\t\t<div class=\"elementor-widget-wrap elementor-element-populated\">\n\t\t\t\t\t\t<div class=\"elementor-element elementor-element-579d974b elementor-widget elementor-widget-image\" data-id=\"579d974b\" data-element_type=\"widget\" data-widget_type=\"image.default\">\n\t\t\t\t\t\t\t\t\t\t\t\t\t\t\t<img loading=\"lazy\" decoding=\"async\" width=\"128\" height=\"128\" src=\"https:\/\/www.centraldevacaciones.com\/blog\/wp-content\/uploads\/2021\/05\/dom.png\" class=\"attachment-large size-large wp-image-12635\" alt=\"\" \/>\t\t\t\t\t\t\t\t\t\t\t\t\t\t\t<\/div>\n\t\t\t\t<div class=\"elementor-element elementor-element-1eaaeb0c elementor-widget elementor-widget-heading\" data-id=\"1eaaeb0c\" data-element_type=\"widget\" data-widget_type=\"heading.default\">\n\t\t\t\t\t<h3 class=\"elementor-heading-title elementor-size-default\"><a href=\"https:\/\/www.centraldevacaciones.com\/viajes\/ofertas-a-mallorca.html\">Viajes a Mallorca<\/a><\/h3>\t\t\t\t<\/div>\n\t\t\t\t\t<\/div>\n\t\t<\/div>\n\t\t\t\t\t<\/div>\n\t\t<\/section>\n\t\t\t\t<section class=\"elementor-section elementor-top-section elementor-element elementor-element-f2d3f8e elementor-section-boxed elementor-section-height-default elementor-section-height-default\" data-id=\"f2d3f8e\" data-element_type=\"section\">\n\t\t\t\t\t\t<div class=\"elementor-container elementor-column-gap-default\">\n\t\t\t\t\t<div class=\"elementor-column elementor-col-100 elementor-top-column elementor-element elementor-element-5ca4d46\" data-id=\"5ca4d46\" data-element_type=\"column\">\n\t\t\t<div class=\"elementor-widget-wrap elementor-element-populated\">\n\t\t\t\t\t\t<div class=\"elementor-element elementor-element-87f7a25 elementor-widget elementor-widget-text-editor\" data-id=\"87f7a25\" data-element_type=\"widget\" data-widget_type=\"text-editor.default\">\n\t\t\t\t\t\t\t\t\t<p><span style=\"font-weight: 400;\">\u00a1Disfruta este verano como el que m\u00e1s y haz realidad el sue\u00f1o que muchos otros tienen con Central de Vacaciones! Pasa unos d\u00edas de vacaciones de desconexi\u00f3n en Espa\u00f1a, concretamente en el Hierro, en las Islas Canarias, sin preocuparte de nada junto a quien m\u00e1s quieres en una estancia premium con los extras que m\u00e1s se adapten a ti. \u00a1Haz ahora tu reserva aprovechando las ofertas antes de que se agote la disponibilidad y empieza a hacer el planning de los d\u00edas de tu estancia! <\/span><\/p>\t\t\t\t\t\t\t\t<\/div>\n\t\t\t\t\t<\/div>\n\t\t<\/div>\n\t\t\t\t\t<\/div>\n\t\t<\/section>\n\t\t\t\t<\/div>\n\t\t","protected":false},"excerpt":{"rendered":"<p>La isla de El Hierro, pertenece al conjunto de islas canarias de Espa\u00f1a, y se ubica en la provincia Santa Cruz de Tenerife, y es tambi\u00e9n una de las m\u00e1s peque\u00f1as dentro del conjunto de islas Canarias, recientemente declarada como una reserva natural de la biosfera, El Hierro, es definitivamente un destino tur\u00edstico para cualquier [&hellip;]<\/p>\n","protected":false},"author":1,"featured_media":0,"comment_status":"closed","ping_status":"open","sticky":false,"template":"elementor_theme","format":"standard","meta":{"_acf_changed":false,"footnotes":""},"categories":[208,4,193,207,204,200,17],"tags":[43,112],"class_list":["post-3795","post","type-post","status-publish","format-standard","hentry","category-ideas-escapadas","category-espana","category-europa","category-ideas-viajes-invierno","category-ideas-viajes-verano","category-rutas-por-espana","category-viajes-por-europa","tag-canarias","tag-islas"],"acf":[],"_links":{"self":[{"href":"https:\/\/www.centraldevacaciones.com\/blog\/wp-json\/wp\/v2\/posts\/3795","targetHints":{"allow":["GET"]}}],"collection":[{"href":"https:\/\/www.centraldevacaciones.com\/blog\/wp-json\/wp\/v2\/posts"}],"about":[{"href":"https:\/\/www.centraldevacaciones.com\/blog\/wp-json\/wp\/v2\/types\/post"}],"author":[{"embeddable":true,"href":"https:\/\/www.centraldevacaciones.com\/blog\/wp-json\/wp\/v2\/users\/1"}],"replies":[{"embeddable":true,"href":"https:\/\/www.centraldevacaciones.com\/blog\/wp-json\/wp\/v2\/comments?post=3795"}],"version-history":[{"count":0,"href":"https:\/\/www.centraldevacaciones.com\/blog\/wp-json\/wp\/v2\/posts\/3795\/revisions"}],"wp:attachment":[{"href":"https:\/\/www.centraldevacaciones.com\/blog\/wp-json\/wp\/v2\/media?parent=3795"}],"wp:term":[{"taxonomy":"category","embeddable":true,"href":"https:\/\/www.centraldevacaciones.com\/blog\/wp-json\/wp\/v2\/categories?post=3795"},{"taxonomy":"post_tag","embeddable":true,"href":"https:\/\/www.centraldevacaciones.com\/blog\/wp-json\/wp\/v2\/tags?post=3795"}],"curies":[{"name":"wp","href":"https:\/\/api.w.org\/{rel}","templated":true}]}}