{"id":3724,"date":"2017-06-20T16:43:00","date_gmt":"2017-06-20T14:43:00","guid":{"rendered":"http:\/\/blog.centraldevacaciones.com\/?p=3724"},"modified":"2021-08-03T12:03:25","modified_gmt":"2021-08-03T10:03:25","slug":"quito-una-ciudad-con-aires-coloniales","status":"publish","type":"post","link":"https:\/\/www.centraldevacaciones.com\/blog\/quito-una-ciudad-con-aires-coloniales\/","title":{"rendered":"Quito, una ciudad con Aires Coloniales"},"content":{"rendered":"\t\t<div data-elementor-type=\"wp-post\" data-elementor-id=\"3724\" class=\"elementor elementor-3724\" data-elementor-post-type=\"post\">\n\t\t\t\t\t\t<section class=\"elementor-section elementor-top-section elementor-element elementor-element-70726a38 elementor-section-boxed elementor-section-height-default elementor-section-height-default\" data-id=\"70726a38\" data-element_type=\"section\">\n\t\t\t\t\t\t<div class=\"elementor-container elementor-column-gap-default\">\n\t\t\t\t\t<div class=\"elementor-column elementor-col-100 elementor-top-column elementor-element elementor-element-5ab37ce0\" data-id=\"5ab37ce0\" data-element_type=\"column\">\n\t\t\t<div class=\"elementor-widget-wrap elementor-element-populated\">\n\t\t\t\t\t\t<div class=\"elementor-element elementor-element-14a4a443 elementor-widget elementor-widget-text-editor\" data-id=\"14a4a443\" data-element_type=\"widget\" data-widget_type=\"text-editor.default\">\n\t\t\t\t\t\t\t\t\t&nbsp;\n\nQuito es la ciudad capital de Ecuador, se encuentra ubicada en las laderas occidentales del volc\u00e1n activo Pichincha, en la parte oriental de los Andes. El 8 de septiembre de 1978 fue la primera ciudad declarada por la Unesco, junto a Cracovia en Polonia, Patrimonio Nacional.\n\nAdem\u00e1s de esto fue declarada sede de la UNASUR (Uni\u00f3n de Naciones Suramericanas), comenzando a ser el centro para las reuniones especiales de esta organizaci\u00f3n.\n\nPara quienes no la hayan visitado les resultar\u00e1 grato saber que es una ciudad sumamente hermosa, con calles\u00a0llenas de historia que se respiran por cualquier rinc\u00f3n al que se pretenda ir, de hecho, muchos de sus edificios suelen deber sus nombres a leyendas populares o alguna historia protag\u00f3nica como es la \u201cCalle de la S\u00e1bana Santa\u201d, llamada as\u00ed por una obra de arte.\n\nLos ciudadanos poseen una cultura tan marcada que sus fiestas son las m\u00e1s importantes de todo el pa\u00eds. En ellas, por lo general, se cuenta con la presencia de bandas musicales, veh\u00edculos representativos de la cultura coste\u00f1a, los cuales se caracterizan por trasladar a grupos de personas que van bailando al ritmo de alguna banda de pueblo y as\u00ed innumerables componentes que hacen la celebraci\u00f3n bastante divertida.\n\n&nbsp;\n\nLas fiestas de Quito comenzaron a realizarse desde el a\u00f1o 1959 con la intensi\u00f3n de rescatar la \u201cQuite\u00f1idad\u201d como ellos la llaman. De esta manera durante cada a\u00f1o estas festividades hacen desbordar muchas de las calles con sus habitantes y visitantes de todo el mundo.\n\nEl turismo es bastante bueno, presentando como primera impresi\u00f3n a una ciudad de estilo contempor\u00e1neo y colonial con toques de modernidad. Gracias al constante crecimiento tur\u00edstico, este se ha convertido en un nuevo rubro para los ingresos de la ciudad.\n\nResulta interesante saber que la mayor\u00eda de turistas que llegan a conocer estas tierras son en su mayor\u00eda personas j\u00f3venes, por lo general provenientes de Estados Unidos, aunque la visita de europeos tambi\u00e9n es bastante com\u00fan.\n\nEntre sus atracciones tur\u00edsticas m\u00e1s recomendadas est\u00e1n: el Centro Hist\u00f3rico de Quito, la Bas\u00edlica del Voto Nacional, la Catedral Metropolitana, la Iglesia de la Campi\u00f1a, el Cerro del Panecillo y as\u00ed podr\u00eda continuar la lista, en tal sentido las opciones se encuentran a la orden del d\u00eda.\n\nAl momento de buscar hospedaje Quito cuenta con un gran n\u00famero de hoteles que pueden satisfacer las necesidades de quien los visita, hay para todos los gustos y desde los m\u00e1s econ\u00f3micos hasta unos bastante lujosos y sofisticados.\n<h2>7 Lugares para visitar en Quito<\/h2>\n<iframe title=\"7 lugares para visitar en Quito - Ecuador\" width=\"800\" height=\"450\" src=\"https:\/\/www.youtube.com\/embed\/3rjtZTEWR4Q?feature=oembed\" frameborder=\"0\" allow=\"accelerometer; autoplay; clipboard-write; encrypted-media; gyroscope; picture-in-picture; web-share\" referrerpolicy=\"strict-origin-when-cross-origin\" allowfullscreen><\/iframe>\n\n1. Ciudad Mitad del Mundo\nAl norte de Quito, lugar donde se encuentra el Monumento a la Mitad del Mundo, el cual tiene como finalidad el resaltar la ubicaci\u00f3n exacta de la l\u00ednea ecuatorial o ecuador, del cual el pa\u00eds toma su nombre.\n\n2. Catedral Metropolitana\nTemplo cat\u00f3lico ubicado en el Centro Hist\u00f3rico de la ciudad.\nEn sus instalaciones se veneran los restos del Mariscal Antonio Jos\u00e9 de Sucre, h\u00e9roe de la independencia ecuatoriana y latinoamericana.\n\n3. El Panecillo\nElevaci\u00f3n natural de 3.000 metros sobre el nivel del mar, enclavado en el coraz\u00f3n mismo de la ciudad.\nEs el sitio m\u00e1s visitado de la ciudad.\n\n4. Mindo\nA unos 80 km al noroeste de Quito, lugar de bellos paisajes naturales y donde practican tambi\u00e9n deportes de aventura, tales como monta\u00f1ismo, equitaci\u00f3n, ciclismo de monta\u00f1a, descenso de aguas bravas o rafting.\n\n5. Parque La Alameda\nEspacio verde de car\u00e1cter p\u00fablico de la ciudad.\nEst\u00e1 ubicado en el centro de Quito, perteneciente a la parroquia Centro Hist\u00f3rico.\n\n6. La Capilla del Hombre\nMuseo de arte construido por iniciativa del pintor ecuatoriano Oswaldo Guayasam\u00edn en homenaje al ser humano, en un mensaje de unidad del continente, desde M\u00e9xico a la Patagonia.\n\n7. Bas\u00edlica del Voto Nacional\nEdificio religioso de estilo neog\u00f3tico del centro hist\u00f3rico de la ciudad, considerado como el templo neog\u00f3tico m\u00e1s grande de Am\u00e9rica.\t\t\t\t\t\t\t\t<\/div>\n\t\t\t\t\t<\/div>\n\t\t<\/div>\n\t\t\t\t\t<\/div>\n\t\t<\/section>\n\t\t\t\t<section class=\"elementor-section elementor-top-section elementor-element elementor-element-63c738d9 elementor-section-boxed elementor-section-height-default elementor-section-height-default\" data-id=\"63c738d9\" data-element_type=\"section\">\n\t\t\t\t\t\t<div class=\"elementor-container elementor-column-gap-custom\">\n\t\t\t\t\t<div class=\"elementor-column elementor-col-16 elementor-top-column elementor-element elementor-element-45419c17\" data-id=\"45419c17\" data-element_type=\"column\">\n\t\t\t<div class=\"elementor-widget-wrap elementor-element-populated\">\n\t\t\t\t\t\t<div class=\"elementor-element elementor-element-22628e23 elementor-widget elementor-widget-image\" data-id=\"22628e23\" data-element_type=\"widget\" data-widget_type=\"image.default\">\n\t\t\t\t\t\t\t\t\t\t\t\t\t\t\t<img decoding=\"async\" width=\"128\" height=\"128\" src=\"https:\/\/www.centraldevacaciones.com\/blog\/wp-content\/uploads\/2021\/05\/dom.png\" class=\"attachment-large size-large wp-image-12635\" alt=\"\" \/>\t\t\t\t\t\t\t\t\t\t\t\t\t\t\t<\/div>\n\t\t\t\t<div class=\"elementor-element elementor-element-61b5bec elementor-widget elementor-widget-heading\" data-id=\"61b5bec\" data-element_type=\"widget\" data-widget_type=\"heading.default\">\n\t\t\t\t\t<h3 class=\"elementor-heading-title elementor-size-default\"><a href=\"https:\/\/www.centraldevacaciones.com\/viajes\/\">Ofertas vacacionales<\/a><\/h3>\t\t\t\t<\/div>\n\t\t\t\t\t<\/div>\n\t\t<\/div>\n\t\t\t\t<div class=\"elementor-column elementor-col-16 elementor-top-column elementor-element elementor-element-10f84bc8\" data-id=\"10f84bc8\" data-element_type=\"column\">\n\t\t\t<div class=\"elementor-widget-wrap elementor-element-populated\">\n\t\t\t\t\t\t<div class=\"elementor-element elementor-element-36d1d6dd elementor-widget elementor-widget-image\" data-id=\"36d1d6dd\" data-element_type=\"widget\" data-widget_type=\"image.default\">\n\t\t\t\t\t\t\t\t\t\t\t\t\t\t\t<img decoding=\"async\" width=\"128\" height=\"128\" src=\"https:\/\/www.centraldevacaciones.com\/blog\/wp-content\/uploads\/2021\/05\/camas.png\" class=\"attachment-large size-large wp-image-12637\" alt=\"\" \/>\t\t\t\t\t\t\t\t\t\t\t\t\t\t\t<\/div>\n\t\t\t\t<div class=\"elementor-element elementor-element-39c71874 elementor-widget elementor-widget-heading\" data-id=\"39c71874\" data-element_type=\"widget\" data-widget_type=\"heading.default\">\n\t\t\t\t\t<h3 class=\"elementor-heading-title elementor-size-default\"><a href=\"https:\/\/www.centraldevacaciones.com\/blog\/hoteles-de-ciudad\/\">Ofertas hoteles<\/a><\/h3>\t\t\t\t<\/div>\n\t\t\t\t\t<\/div>\n\t\t<\/div>\n\t\t\t\t<div class=\"elementor-column elementor-col-16 elementor-top-column elementor-element elementor-element-2e98c0e8\" data-id=\"2e98c0e8\" data-element_type=\"column\">\n\t\t\t<div class=\"elementor-widget-wrap elementor-element-populated\">\n\t\t\t\t\t\t<div class=\"elementor-element elementor-element-3bc8c737 elementor-widget elementor-widget-image\" data-id=\"3bc8c737\" data-element_type=\"widget\" data-widget_type=\"image.default\">\n\t\t\t\t\t\t\t\t\t\t\t\t\t\t\t<img decoding=\"async\" width=\"128\" height=\"128\" src=\"https:\/\/www.centraldevacaciones.com\/blog\/wp-content\/uploads\/2021\/05\/avion-1.png\" class=\"attachment-large size-large wp-image-12639\" alt=\"\" \/>\t\t\t\t\t\t\t\t\t\t\t\t\t\t\t<\/div>\n\t\t\t\t<div class=\"elementor-element elementor-element-2f9fbd7e elementor-widget elementor-widget-heading\" data-id=\"2f9fbd7e\" data-element_type=\"widget\" data-widget_type=\"heading.default\">\n\t\t\t\t\t<h3 class=\"elementor-heading-title elementor-size-default\"><a href=\"https:\/\/www.centraldevacaciones.com\/blog\/destinos-vacaciones\/\">Mejores destinos<\/a><\/h3>\t\t\t\t<\/div>\n\t\t\t\t\t<\/div>\n\t\t<\/div>\n\t\t\t\t<div class=\"elementor-column elementor-col-16 elementor-top-column elementor-element elementor-element-33dd89b1\" data-id=\"33dd89b1\" data-element_type=\"column\">\n\t\t\t<div class=\"elementor-widget-wrap elementor-element-populated\">\n\t\t\t\t\t\t<div class=\"elementor-element elementor-element-60be5228 elementor-widget elementor-widget-image\" data-id=\"60be5228\" data-element_type=\"widget\" data-widget_type=\"image.default\">\n\t\t\t\t\t\t\t\t\t\t\t\t\t\t\t<img loading=\"lazy\" decoding=\"async\" width=\"128\" height=\"128\" src=\"https:\/\/www.centraldevacaciones.com\/blog\/wp-content\/uploads\/2021\/05\/cama-solar.png\" class=\"attachment-large size-large wp-image-12640\" alt=\"\" \/>\t\t\t\t\t\t\t\t\t\t\t\t\t\t\t<\/div>\n\t\t\t\t<div class=\"elementor-element elementor-element-3add7125 elementor-widget elementor-widget-heading\" data-id=\"3add7125\" data-element_type=\"widget\" data-widget_type=\"heading.default\">\n\t\t\t\t\t<h3 class=\"elementor-heading-title elementor-size-default\"><a href=\"https:\/\/www.centraldevacaciones.com\/blog\/ofertas-circuitos\/\">Circuitos vacacionales<\/a><\/h3>\t\t\t\t<\/div>\n\t\t\t\t\t<\/div>\n\t\t<\/div>\n\t\t\t\t<div class=\"elementor-column elementor-col-16 elementor-top-column elementor-element elementor-element-1fdb702f\" data-id=\"1fdb702f\" data-element_type=\"column\">\n\t\t\t<div class=\"elementor-widget-wrap elementor-element-populated\">\n\t\t\t\t\t\t<div class=\"elementor-element elementor-element-141722bd elementor-widget elementor-widget-image\" data-id=\"141722bd\" data-element_type=\"widget\" data-widget_type=\"image.default\">\n\t\t\t\t\t\t\t\t\t\t\t\t\t\t\t<img loading=\"lazy\" decoding=\"async\" width=\"128\" height=\"128\" src=\"https:\/\/www.centraldevacaciones.com\/blog\/wp-content\/uploads\/2021\/05\/en-todo-el-mundo.png\" class=\"attachment-large size-large wp-image-12641\" alt=\"\" \/>\t\t\t\t\t\t\t\t\t\t\t\t\t\t\t<\/div>\n\t\t\t\t<div class=\"elementor-element elementor-element-6c38ddb2 elementor-widget elementor-widget-heading\" data-id=\"6c38ddb2\" data-element_type=\"widget\" data-widget_type=\"heading.default\">\n\t\t\t\t\t<h3 class=\"elementor-heading-title elementor-size-default\"><a href=\"https:\/\/www.centraldevacaciones.com\/blog\/vuelo-hotel\/\">Vuelo + hotel <\/a><\/h3>\t\t\t\t<\/div>\n\t\t\t\t\t<\/div>\n\t\t<\/div>\n\t\t\t\t<div class=\"elementor-column elementor-col-16 elementor-top-column elementor-element elementor-element-368dbb88\" data-id=\"368dbb88\" data-element_type=\"column\">\n\t\t\t<div class=\"elementor-widget-wrap elementor-element-populated\">\n\t\t\t\t\t\t<div class=\"elementor-element elementor-element-1522f57d elementor-widget elementor-widget-image\" data-id=\"1522f57d\" data-element_type=\"widget\" data-widget_type=\"image.default\">\n\t\t\t\t\t\t\t\t\t\t\t\t\t\t\t<img loading=\"lazy\" decoding=\"async\" width=\"128\" height=\"128\" src=\"https:\/\/www.centraldevacaciones.com\/blog\/wp-content\/uploads\/2021\/05\/crucero.png\" class=\"attachment-large size-large wp-image-12642\" alt=\"\" \/>\t\t\t\t\t\t\t\t\t\t\t\t\t\t\t<\/div>\n\t\t\t\t<div class=\"elementor-element elementor-element-a365676 elementor-widget elementor-widget-heading\" data-id=\"a365676\" data-element_type=\"widget\" data-widget_type=\"heading.default\">\n\t\t\t\t\t<h3 class=\"elementor-heading-title elementor-size-default\"><a href=\"https:\/\/www.centraldevacaciones.com\/blog\/destinos-cruceros\/\">Ofertas  cruceros<\/a><\/h3>\t\t\t\t<\/div>\n\t\t\t\t\t<\/div>\n\t\t<\/div>\n\t\t\t\t\t<\/div>\n\t\t<\/section>\n\t\t\t\t<section class=\"elementor-section elementor-top-section elementor-element elementor-element-e67dd7a elementor-section-boxed elementor-section-height-default elementor-section-height-default\" data-id=\"e67dd7a\" data-element_type=\"section\">\n\t\t\t\t\t\t<div class=\"elementor-container elementor-column-gap-default\">\n\t\t\t\t\t<div class=\"elementor-column elementor-col-100 elementor-top-column elementor-element elementor-element-f2f35e3\" data-id=\"f2f35e3\" data-element_type=\"column\">\n\t\t\t<div class=\"elementor-widget-wrap elementor-element-populated\">\n\t\t\t\t\t\t<div class=\"elementor-element elementor-element-10bc1e0 elementor-widget elementor-widget-text-editor\" data-id=\"10bc1e0\" data-element_type=\"widget\" data-widget_type=\"text-editor.default\">\n\t\t\t\t\t\t\t\t\t<p><span style=\"font-weight: 400;\">\u00bfTe gustar\u00eda poder disfrutar este verano de unas vacaciones en tu lugar favorito con los extras m\u00e1s premium que mejor se adapten a ti y poder contar la experiencia a tus conocidos? Est\u00e1s en el sitio correcto, \u00a1Si\u00e9ntete como en casa desde el primer d\u00eda de estancia en cualquier hotel reservado con Central de Vacaciones!<\/span><\/p><p><span style=\"font-weight: 400;\">Haz tu reserva cuando quieras y a donde quieras, teniendo acceso a todo tipo de lujos para elegir y disfruta unos d\u00edas de verano inolvidables junto a las personas que m\u00e1s quieres. \u00a1Haz ya tu reserva antes de que se agote la disponibilidad a muchos destinos y disfruta de un verano espectacular cuando y donde quieras con Central de Vacaciones!<\/span><\/p>\t\t\t\t\t\t\t\t<\/div>\n\t\t\t\t\t<\/div>\n\t\t<\/div>\n\t\t\t\t\t<\/div>\n\t\t<\/section>\n\t\t\t\t<\/div>\n\t\t","protected":false},"excerpt":{"rendered":"<p>&nbsp; Quito es la ciudad capital de Ecuador, se encuentra ubicada en las laderas occidentales del volc\u00e1n activo Pichincha, en la parte oriental de los Andes. El 8 de septiembre de 1978 fue la primera ciudad declarada por la Unesco, junto a Cracovia en Polonia, Patrimonio Nacional. Adem\u00e1s de esto fue declarada sede de la [&hellip;]<\/p>\n","protected":false},"author":1,"featured_media":0,"comment_status":"closed","ping_status":"open","sticky":false,"template":"elementor_theme","format":"standard","meta":{"_acf_changed":false,"footnotes":""},"categories":[204,199,19],"tags":[65,156],"class_list":["post-3724","post","type-post","status-publish","format-standard","hentry","category-ideas-viajes-verano","category-rutas-por-sudamerica","category-viajes-por-sudamerica","tag-ecuador","tag-quito"],"acf":[],"_links":{"self":[{"href":"https:\/\/www.centraldevacaciones.com\/blog\/wp-json\/wp\/v2\/posts\/3724","targetHints":{"allow":["GET"]}}],"collection":[{"href":"https:\/\/www.centraldevacaciones.com\/blog\/wp-json\/wp\/v2\/posts"}],"about":[{"href":"https:\/\/www.centraldevacaciones.com\/blog\/wp-json\/wp\/v2\/types\/post"}],"author":[{"embeddable":true,"href":"https:\/\/www.centraldevacaciones.com\/blog\/wp-json\/wp\/v2\/users\/1"}],"replies":[{"embeddable":true,"href":"https:\/\/www.centraldevacaciones.com\/blog\/wp-json\/wp\/v2\/comments?post=3724"}],"version-history":[{"count":0,"href":"https:\/\/www.centraldevacaciones.com\/blog\/wp-json\/wp\/v2\/posts\/3724\/revisions"}],"wp:attachment":[{"href":"https:\/\/www.centraldevacaciones.com\/blog\/wp-json\/wp\/v2\/media?parent=3724"}],"wp:term":[{"taxonomy":"category","embeddable":true,"href":"https:\/\/www.centraldevacaciones.com\/blog\/wp-json\/wp\/v2\/categories?post=3724"},{"taxonomy":"post_tag","embeddable":true,"href":"https:\/\/www.centraldevacaciones.com\/blog\/wp-json\/wp\/v2\/tags?post=3724"}],"curies":[{"name":"wp","href":"https:\/\/api.w.org\/{rel}","templated":true}]}}