{"id":3663,"date":"2017-04-19T17:02:08","date_gmt":"2017-04-19T15:02:08","guid":{"rendered":"http:\/\/blog.centraldevacaciones.com\/?p=3663"},"modified":"2021-08-02T09:31:37","modified_gmt":"2021-08-02T07:31:37","slug":"islas-griegas-hidra","status":"publish","type":"post","link":"https:\/\/www.centraldevacaciones.com\/blog\/islas-griegas-hidra\/","title":{"rendered":"Islas Griegas: Hidra"},"content":{"rendered":"\t\t<div data-elementor-type=\"wp-post\" data-elementor-id=\"3663\" class=\"elementor elementor-3663\" data-elementor-post-type=\"post\">\n\t\t\t\t\t\t<section class=\"elementor-section elementor-top-section elementor-element elementor-element-564b0e77 elementor-section-boxed elementor-section-height-default elementor-section-height-default\" data-id=\"564b0e77\" data-element_type=\"section\">\n\t\t\t\t\t\t<div class=\"elementor-container elementor-column-gap-default\">\n\t\t\t\t\t<div class=\"elementor-column elementor-col-100 elementor-top-column elementor-element elementor-element-f0cba50\" data-id=\"f0cba50\" data-element_type=\"column\">\n\t\t\t<div class=\"elementor-widget-wrap elementor-element-populated\">\n\t\t\t\t\t\t<div class=\"elementor-element elementor-element-3bbfd70 elementor-widget elementor-widget-text-editor\" data-id=\"3bbfd70\" data-element_type=\"widget\" data-widget_type=\"text-editor.default\">\n\t\t\t\t\t\t\t\t\tHidra (griego \u038e\u03b4\u03c1\u03b1 [&#8216;Idra], a menudo transcrito Hydra), la antigua Hidra, es una de las Islas Sar\u00f3nicas, que pertenece a la periferia del \u00c1tica, Grecia. Est\u00e1 situada en el golfo Sar\u00f3nico en las costas de Hermiona y Troz\u00e8nia, al este del Peloponeso a unos 50 km del Pireo.\n\nTiene una superficie de 52 km\u00b2 y una poblaci\u00f3n de unos 2.500 habitantes. Mide unos 20 km de largo y entre 1,5 y 6 de ancho. La monta\u00f1a m\u00e1s alta es el monte Eros con 592 metros. El clima es mediterr\u00e1neo. La industria principal es el turismo y se cultivan algunos productos agr\u00edcolas. La capital es la ciudad de Hydra en el norte de la isla con unos 1.000 habitantes tiene una catedral construida en 1648 y reconstruida en 1774. Otras ciudades son Vlihos, Mandraki, molino, bist, Kauomiti, Kamini y Gyrokomeio. Tiene numerosas playas de gran belleza. Se han hecho excavaciones en el lugar de Episkopi (al suroeste) donde se han puesto a la luz construcciones de hace m\u00e1s de cuatro mil quinientos a\u00f1os.\n\n<iframe title=\"CRUCERO TRES ISLAS GRIEGAS, POROS, HYDRA Y EGINA\" width=\"800\" height=\"450\" src=\"https:\/\/www.youtube.com\/embed\/zELWpLsiU-w?feature=oembed\" frameborder=\"0\" allow=\"accelerometer; autoplay; clipboard-write; encrypted-media; gyroscope; picture-in-picture; web-share\" referrerpolicy=\"strict-origin-when-cross-origin\" allowfullscreen><\/iframe>\n\n<strong>Historia <\/strong>\n\nHallazgos arqueol\u00f3gicos indican que la isla fue poblada hacia el 3000 aC-2600 aC. En los alrededores del 1300 aC se establecieron los Driops que fueron expulsados hacia el 1100 aC por los dorios. Perteneci\u00f3 seguramente a Micenas y luego pas\u00f3 a Herm\u00edone hasta que el 525 aC la ciudad la dio a los exiliados de Samos para evitar sus ataques pir\u00e1ticos, pero estos la acabaron entregando a Trozen.\n\nNo se tienen informaciones de tiempo posteriores, periodo helLenica y romano, pero parece que sigui\u00f3 habitada pesar de ser objeto de ataques de los piratas; los habitantes probablemente buscaron refugio en medio de la isla.\n\nDesde el 1460, refugiados albaneses que hab\u00edan luchado con los venecianos contra los otomanos, se establecieron en la isla como pescadores. La primera ciudad (KIAF) se fund\u00f3 en aquellos tiempos (antes s\u00f3lo hab\u00eda algunas granjas).\n\nA pesar de la falta de agua (que se recog\u00eda en cisternas) la emigraci\u00f3n continu\u00f3. Familias griegas se establecieron en la isla como los Lazarou y los Zerbo (desde Hiperos), Mitarou, Nega, Gini y Goum (desde la isla de Kythnos), Tompazi (desde Esmirna), Tsamados (de Kranidi ) y Oikonomou (en Epidauro). Fue un centro comercial muy pr\u00f3spero durante la dominaci\u00f3n otomana y lleg\u00f3 a tener veintid\u00f3s siete mil habitantes en el siglo XVIII. Los isle\u00f1os dominaban las rutas comerciales del Mediterr\u00e1neo oriental; a finales de siglo ten\u00eda m\u00e1s de 150 barcos (y en total llegaron a ser casi 300).\n\nEn la \u00e9poca moderna fue uno de los centros de la revuelta nacional griega que llev\u00f3 a la independencia. Las p\u00e9rdidas durante la guerra acabaron con su prosperidad.\n\nEn 1802 Hidra fue establecida como sede de la flota griega al servicio de los otomanos. Fue enviado a la isla George Dimas Boulgaris, un griego capit\u00e1n de la flota otomana. La lucha decidida de Boulgaris contra los piratas convirti\u00f3 a sus habitantes en h\u00e1biles marineros de guerra. Adem\u00e1s, Boulgaris permiti\u00f3 de hecho un autogobierno amplio. En 1821 ten\u00eda 120 barcos de guerra, 5.400 marineros expertos y 2.400 ca\u00f1ones. Hidra se sublev\u00f3 el 16 de abril de 1821 bajo la direcci\u00f3n de Antonio Ekonomou. Durante siete a\u00f1os los barcos de Hidra fueron los dominadores de mar. Las muertes de la guerra, las destrucciones y el cambio en las rutas comerciales, supusieron el fin de los buenos tiempos. Miles de isle\u00f1os tuvieron que emigrar, la mayor\u00eda en Atenas y el Pireo. La pesca de esponjas fue la actividad principal de la isla. A partir de 1950 la isla se convirti\u00f3 en centro tur\u00edstico.\t\t\t\t\t\t\t\t<\/div>\n\t\t\t\t\t<\/div>\n\t\t<\/div>\n\t\t\t\t\t<\/div>\n\t\t<\/section>\n\t\t\t\t<section class=\"elementor-section elementor-top-section elementor-element elementor-element-8f6b237 elementor-section-boxed elementor-section-height-default elementor-section-height-default\" data-id=\"8f6b237\" data-element_type=\"section\">\n\t\t\t\t\t\t<div class=\"elementor-container elementor-column-gap-custom\">\n\t\t\t\t\t<div class=\"elementor-column elementor-col-16 elementor-top-column elementor-element elementor-element-1246d70f\" data-id=\"1246d70f\" data-element_type=\"column\">\n\t\t\t<div class=\"elementor-widget-wrap elementor-element-populated\">\n\t\t\t\t\t\t<div class=\"elementor-element elementor-element-7c1736f0 elementor-widget elementor-widget-image\" data-id=\"7c1736f0\" data-element_type=\"widget\" data-widget_type=\"image.default\">\n\t\t\t\t\t\t\t\t\t\t\t\t\t\t\t<img decoding=\"async\" width=\"128\" height=\"128\" src=\"https:\/\/www.centraldevacaciones.com\/blog\/wp-content\/uploads\/2021\/05\/dom.png\" class=\"attachment-large size-large wp-image-12635\" alt=\"\" \/>\t\t\t\t\t\t\t\t\t\t\t\t\t\t\t<\/div>\n\t\t\t\t<div class=\"elementor-element elementor-element-11e8bcc4 elementor-widget elementor-widget-heading\" data-id=\"11e8bcc4\" data-element_type=\"widget\" data-widget_type=\"heading.default\">\n\t\t\t\t\t<h3 class=\"elementor-heading-title elementor-size-default\"><a href=\"https:\/\/www.centraldevacaciones.com\/viajes\/\">Ofertas vacacionales<\/a><\/h3>\t\t\t\t<\/div>\n\t\t\t\t\t<\/div>\n\t\t<\/div>\n\t\t\t\t<div class=\"elementor-column elementor-col-16 elementor-top-column elementor-element elementor-element-40f9d5aa\" data-id=\"40f9d5aa\" data-element_type=\"column\">\n\t\t\t<div class=\"elementor-widget-wrap elementor-element-populated\">\n\t\t\t\t\t\t<div class=\"elementor-element elementor-element-3540c2a9 elementor-widget elementor-widget-image\" data-id=\"3540c2a9\" data-element_type=\"widget\" data-widget_type=\"image.default\">\n\t\t\t\t\t\t\t\t\t\t\t\t\t\t\t<img decoding=\"async\" width=\"128\" height=\"128\" src=\"https:\/\/www.centraldevacaciones.com\/blog\/wp-content\/uploads\/2021\/05\/camas.png\" class=\"attachment-large size-large wp-image-12637\" alt=\"\" \/>\t\t\t\t\t\t\t\t\t\t\t\t\t\t\t<\/div>\n\t\t\t\t<div class=\"elementor-element elementor-element-37e01b33 elementor-widget elementor-widget-heading\" data-id=\"37e01b33\" data-element_type=\"widget\" data-widget_type=\"heading.default\">\n\t\t\t\t\t<h3 class=\"elementor-heading-title elementor-size-default\"><a href=\"https:\/\/www.centraldevacaciones.com\/blog\/hoteles-de-ciudad\/\">Ofertas hoteles<\/a><\/h3>\t\t\t\t<\/div>\n\t\t\t\t\t<\/div>\n\t\t<\/div>\n\t\t\t\t<div class=\"elementor-column elementor-col-16 elementor-top-column elementor-element elementor-element-64720175\" data-id=\"64720175\" data-element_type=\"column\">\n\t\t\t<div class=\"elementor-widget-wrap elementor-element-populated\">\n\t\t\t\t\t\t<div class=\"elementor-element elementor-element-20a3de20 elementor-widget elementor-widget-image\" data-id=\"20a3de20\" data-element_type=\"widget\" data-widget_type=\"image.default\">\n\t\t\t\t\t\t\t\t\t\t\t\t\t\t\t<img decoding=\"async\" width=\"128\" height=\"128\" src=\"https:\/\/www.centraldevacaciones.com\/blog\/wp-content\/uploads\/2021\/05\/avion-1.png\" class=\"attachment-large size-large wp-image-12639\" alt=\"\" \/>\t\t\t\t\t\t\t\t\t\t\t\t\t\t\t<\/div>\n\t\t\t\t<div class=\"elementor-element elementor-element-5a5427ac elementor-widget elementor-widget-heading\" data-id=\"5a5427ac\" data-element_type=\"widget\" data-widget_type=\"heading.default\">\n\t\t\t\t\t<h3 class=\"elementor-heading-title elementor-size-default\"><a href=\"https:\/\/www.centraldevacaciones.com\/blog\/destinos-vacaciones\/\">Mejores destinos<\/a><\/h3>\t\t\t\t<\/div>\n\t\t\t\t\t<\/div>\n\t\t<\/div>\n\t\t\t\t<div class=\"elementor-column elementor-col-16 elementor-top-column elementor-element elementor-element-267e8bc4\" data-id=\"267e8bc4\" data-element_type=\"column\">\n\t\t\t<div class=\"elementor-widget-wrap elementor-element-populated\">\n\t\t\t\t\t\t<div class=\"elementor-element elementor-element-28dfd30b elementor-widget elementor-widget-image\" data-id=\"28dfd30b\" data-element_type=\"widget\" data-widget_type=\"image.default\">\n\t\t\t\t\t\t\t\t\t\t\t\t\t\t\t<img loading=\"lazy\" decoding=\"async\" width=\"128\" height=\"128\" src=\"https:\/\/www.centraldevacaciones.com\/blog\/wp-content\/uploads\/2021\/05\/cama-solar.png\" class=\"attachment-large size-large wp-image-12640\" alt=\"\" \/>\t\t\t\t\t\t\t\t\t\t\t\t\t\t\t<\/div>\n\t\t\t\t<div class=\"elementor-element elementor-element-5d59a6ab elementor-widget elementor-widget-heading\" data-id=\"5d59a6ab\" data-element_type=\"widget\" data-widget_type=\"heading.default\">\n\t\t\t\t\t<h3 class=\"elementor-heading-title elementor-size-default\"><a href=\"https:\/\/www.centraldevacaciones.com\/blog\/ofertas-circuitos\/\">Circuitos vacacionales<\/a><\/h3>\t\t\t\t<\/div>\n\t\t\t\t\t<\/div>\n\t\t<\/div>\n\t\t\t\t<div class=\"elementor-column elementor-col-16 elementor-top-column elementor-element elementor-element-46c6b470\" data-id=\"46c6b470\" data-element_type=\"column\">\n\t\t\t<div class=\"elementor-widget-wrap elementor-element-populated\">\n\t\t\t\t\t\t<div class=\"elementor-element elementor-element-509df372 elementor-widget elementor-widget-image\" data-id=\"509df372\" data-element_type=\"widget\" data-widget_type=\"image.default\">\n\t\t\t\t\t\t\t\t\t\t\t\t\t\t\t<img loading=\"lazy\" decoding=\"async\" width=\"128\" height=\"128\" src=\"https:\/\/www.centraldevacaciones.com\/blog\/wp-content\/uploads\/2021\/05\/en-todo-el-mundo.png\" class=\"attachment-large size-large wp-image-12641\" alt=\"\" \/>\t\t\t\t\t\t\t\t\t\t\t\t\t\t\t<\/div>\n\t\t\t\t<div class=\"elementor-element elementor-element-64dd5e2 elementor-widget elementor-widget-heading\" data-id=\"64dd5e2\" data-element_type=\"widget\" data-widget_type=\"heading.default\">\n\t\t\t\t\t<h3 class=\"elementor-heading-title elementor-size-default\"><a href=\"https:\/\/www.centraldevacaciones.com\/blog\/vuelo-hotel\/\">Vuelo + hotel <\/a><\/h3>\t\t\t\t<\/div>\n\t\t\t\t\t<\/div>\n\t\t<\/div>\n\t\t\t\t<div class=\"elementor-column elementor-col-16 elementor-top-column elementor-element elementor-element-41a9690e\" data-id=\"41a9690e\" data-element_type=\"column\">\n\t\t\t<div class=\"elementor-widget-wrap elementor-element-populated\">\n\t\t\t\t\t\t<div class=\"elementor-element elementor-element-b336445 elementor-widget elementor-widget-image\" data-id=\"b336445\" data-element_type=\"widget\" data-widget_type=\"image.default\">\n\t\t\t\t\t\t\t\t\t\t\t\t\t\t\t<img loading=\"lazy\" decoding=\"async\" width=\"128\" height=\"128\" src=\"https:\/\/www.centraldevacaciones.com\/blog\/wp-content\/uploads\/2021\/05\/crucero.png\" class=\"attachment-large size-large wp-image-12642\" alt=\"\" \/>\t\t\t\t\t\t\t\t\t\t\t\t\t\t\t<\/div>\n\t\t\t\t<div class=\"elementor-element elementor-element-52ebc853 elementor-widget elementor-widget-heading\" data-id=\"52ebc853\" data-element_type=\"widget\" data-widget_type=\"heading.default\">\n\t\t\t\t\t<h3 class=\"elementor-heading-title elementor-size-default\"><a href=\"https:\/\/www.centraldevacaciones.com\/blog\/destinos-cruceros\/\">Ofertas  cruceros<\/a><\/h3>\t\t\t\t<\/div>\n\t\t\t\t\t<\/div>\n\t\t<\/div>\n\t\t\t\t\t<\/div>\n\t\t<\/section>\n\t\t\t\t<section class=\"elementor-section elementor-top-section elementor-element elementor-element-385e663 elementor-section-boxed elementor-section-height-default elementor-section-height-default\" data-id=\"385e663\" data-element_type=\"section\">\n\t\t\t\t\t\t<div class=\"elementor-container elementor-column-gap-default\">\n\t\t\t\t\t<div class=\"elementor-column elementor-col-100 elementor-top-column elementor-element elementor-element-7343e58\" data-id=\"7343e58\" data-element_type=\"column\">\n\t\t\t<div class=\"elementor-widget-wrap elementor-element-populated\">\n\t\t\t\t\t\t<div class=\"elementor-element elementor-element-50b3243 elementor-widget elementor-widget-text-editor\" data-id=\"50b3243\" data-element_type=\"widget\" data-widget_type=\"text-editor.default\">\n\t\t\t\t\t\t\t\t\t<p><span style=\"font-weight: 400;\">\u00bfTe gustar\u00eda poder disfrutar este verano de unas vacaciones en tu lugar favorito con los extras m\u00e1s premium que mejor se adapten a ti y poder contar la experiencia a tus conocidos? Est\u00e1s en el sitio correcto, \u00a1Si\u00e9ntete como en casa desde el primer d\u00eda de estancia en cualquier hotel reservado con Central de Vacaciones!<\/span><\/p><p><span style=\"font-weight: 400;\">Haz tu reserva cuando quieras y a donde quieras, teniendo acceso a todo tipo de lujos para elegir y disfruta unos d\u00edas de verano inolvidables junto a las personas que m\u00e1s quieres. \u00a1Haz ya tu reserva antes de que se agote la disponibilidad a muchos destinos y disfruta de un verano espectacular cuando y donde quieras con Central de Vacaciones!<\/span><\/p>\t\t\t\t\t\t\t\t<\/div>\n\t\t\t\t\t<\/div>\n\t\t<\/div>\n\t\t\t\t\t<\/div>\n\t\t<\/section>\n\t\t\t\t<\/div>\n\t\t","protected":false},"excerpt":{"rendered":"<p>Hidra (griego \u038e\u03b4\u03c1\u03b1 [&#8216;Idra], a menudo transcrito Hydra), la antigua Hidra, es una de las Islas Sar\u00f3nicas, que pertenece a la periferia del \u00c1tica, Grecia. Est\u00e1 situada en el golfo Sar\u00f3nico en las costas de Hermiona y Troz\u00e8nia, al este del Peloponeso a unos 50 km del Pireo. Tiene una superficie de 52 km\u00b2 y [&hellip;]<\/p>\n","protected":false},"author":1,"featured_media":0,"comment_status":"closed","ping_status":"open","sticky":false,"template":"elementor_theme","format":"standard","meta":{"_acf_changed":false,"footnotes":""},"categories":[193,208,204,194,195,17],"tags":[96],"class_list":["post-3663","post","type-post","status-publish","format-standard","hentry","category-europa","category-ideas-escapadas","category-ideas-viajes-verano","category-islas-paradisiacas","category-rutas-por-europa","category-viajes-por-europa","tag-grecia"],"acf":[],"_links":{"self":[{"href":"https:\/\/www.centraldevacaciones.com\/blog\/wp-json\/wp\/v2\/posts\/3663","targetHints":{"allow":["GET"]}}],"collection":[{"href":"https:\/\/www.centraldevacaciones.com\/blog\/wp-json\/wp\/v2\/posts"}],"about":[{"href":"https:\/\/www.centraldevacaciones.com\/blog\/wp-json\/wp\/v2\/types\/post"}],"author":[{"embeddable":true,"href":"https:\/\/www.centraldevacaciones.com\/blog\/wp-json\/wp\/v2\/users\/1"}],"replies":[{"embeddable":true,"href":"https:\/\/www.centraldevacaciones.com\/blog\/wp-json\/wp\/v2\/comments?post=3663"}],"version-history":[{"count":0,"href":"https:\/\/www.centraldevacaciones.com\/blog\/wp-json\/wp\/v2\/posts\/3663\/revisions"}],"wp:attachment":[{"href":"https:\/\/www.centraldevacaciones.com\/blog\/wp-json\/wp\/v2\/media?parent=3663"}],"wp:term":[{"taxonomy":"category","embeddable":true,"href":"https:\/\/www.centraldevacaciones.com\/blog\/wp-json\/wp\/v2\/categories?post=3663"},{"taxonomy":"post_tag","embeddable":true,"href":"https:\/\/www.centraldevacaciones.com\/blog\/wp-json\/wp\/v2\/tags?post=3663"}],"curies":[{"name":"wp","href":"https:\/\/api.w.org\/{rel}","templated":true}]}}