{"id":3661,"date":"2017-04-19T16:59:50","date_gmt":"2017-04-19T14:59:50","guid":{"rendered":"http:\/\/blog.centraldevacaciones.com\/?p=3661"},"modified":"2021-06-30T18:17:10","modified_gmt":"2021-06-30T16:17:10","slug":"islas-griegas-tassos","status":"publish","type":"post","link":"https:\/\/www.centraldevacaciones.com\/blog\/islas-griegas-tassos\/","title":{"rendered":"Islas Griegas: Tassos"},"content":{"rendered":"<p>&nbsp;<\/p>\n<p>Tassos o Thassos (tambi\u00e9n Thassos o Thassos) (en catal\u00e1n medieval: Taix, en turco Tashoz) es una isla del norte del mar Egeo, en la costa de Tracia, de 394 km\u00b2. Su nombre catal\u00e1n (antiguo) fue Taix. Era parte de la regi\u00f3n de Macedonia y de la antigua prefectura de Kavala, pero a partir del 1 de enero de 2011, seg\u00fan el programa de cal\u00edcrates, forma la unidad perif\u00e9rica de Tassos, tras la divisi\u00f3n de la jefatura de Kavala en dos unidades perif\u00e9ricas: la de Tassos y la de Kavala. Su punto m\u00e1s elevado es el monte antiguamente conocido como Ipsari\u00f3, de 1.028 m. La isla es circular y se cultiva la vid y el olivo. El m\u00e1rmol casi no se explota y <strong>las minas de la isla est\u00e1n agotadas<\/strong> o son poco rentables.<\/p>\n<p>La capital actual es Limin. La ciudad de Tassos estaba situada al norte de la isla, y ten\u00eda dos puertos y a\u00fan se ven restos de las antiguas murallas medio de torres construidas por los venecianos. En los alrededores, hay una estatua del dios Pan tallada en la roca.<\/p>\n<p>Anteriormente la isla fue llamada Aethra y Chryse por sus minas de oro y fue poblada por fenicios, supuestamente por Thasos, hijo de Agenor, que dio nombre a la isla. Hacia una fecha entre el 720 aC y el 708 aC, fue poblada por griegos procedentes de Paros, dirigidos por Telesicles, padre del poeta Arqu\u00edloco. Tambi\u00e9n viv\u00edan en la isla los Saians, una tribu tracia, que se enfrentaron a los griegos, pero finalmente estos obtuvieron la posesi\u00f3n de la isla con sus minas de Scapte Hyle, y territorios en la costa continental, con las minas en la costa tracia de Galepsos, Oesyma, Stryme, Datum y, finalmente (m\u00e1s tarde), Crenides. El 511 aC, los milesios se establecieron en el r\u00edo Strymon y fundaron la ciudad de Myrcinos, donde tambi\u00e9n se explotaron minas.<\/p>\n<p><iframe title=\"Thasos, la isla verde de Grecia llena de aguas cristalinas y paisajes diversos.\" width=\"800\" height=\"450\" src=\"https:\/\/www.youtube.com\/embed\/mRI8fs4xGKU?feature=oembed\" frameborder=\"0\" allow=\"accelerometer; autoplay; clipboard-write; encrypted-media; gyroscope; picture-in-picture; web-share\" referrerpolicy=\"strict-origin-when-cross-origin\" allowfullscreen><\/iframe><\/p>\n<p><strong>Limenas.<\/strong><\/p>\n<p>El 494 aC, los persas ocuparon Mileto e intentaron someter Tassos sin \u00e9xito, pero el 492 aC Dar\u00edo I el grande los conmin\u00f3 a deshacer las fortificaciones de la isla ya enviar sus buques de guerra en Abdera, y los isle\u00f1os tener que obedecer. Jerjes I pas\u00f3 por Tracia hacia Grecia, los dibujo de la parte continental quedaron sometidos y tuvieron que proveer el rey con el mantenimiento de los soldados (400 talentos). Tras la derrota persa, Tassos fue miembro de la Confederaci\u00f3n de Delos dirigida por Atenas, pero estallaron disputas por las minas de la parte continental y estall\u00f3 la guerra entre Tassos y Atenas, y esta \u00faltima envi\u00f3 a la isla una fuerza dirigida por Cim\u00f3 II, el 465 aC, que derrot\u00f3 los tazas y desembarc\u00f3 y siti\u00f3 la ciudad por tierra y mar; el sitiados resistieron m\u00e1s de dos a\u00f1os, pero al tercer a\u00f1o de asedio se rindieron y tuvieron que destruir las fortificaciones y entregar sus barcos de guerra adem\u00e1s de renunciar a sus posesiones del continente y pagar una contribuci\u00f3n en met\u00e1lico (a\u00f1adida al tributo anual).<\/p>\n<p>En 1841, el sult\u00e1n la cedi\u00f3 como propiedad personal al virrey de Egipto, cuyos antepasados \u200b\u200beran originarios de la isla (donde Muhammad Ali hab\u00eda pasado la infancia), y fue administrada por un gobernador egipcio, con un presidente del consejo elegido por los habitantes. En 1873, el khediv envi\u00f3 un cargamento de trigo debido a la falta de comida por las malas cosechas. La situaci\u00f3n, sin embargo, se deterior\u00f3 y los habitantes progresivamente se distanciaron de la dinast\u00eda egipcia a partir del 1874, hasta que <u>en 1902 pidieron al sold\u00f3 el restablecimiento del poder turco<\/u>, que fue otorgado. En 1912, en la II Guerra Balc\u00e1nica, la marina griega desembarc\u00f3 el 18 de octubre y qued\u00f3 en manos de <a href=\"https:\/\/www.centraldevacaciones.com\/viajes\/ofertas-a-GRECIA.html\">Grecia<\/a>, al que fue confirmada por el Tratado de Bucarest del 10 de agosto de 1913.<\/p>\n","protected":false},"excerpt":{"rendered":"<p>&nbsp; Tassos o Thassos (tambi\u00e9n Thassos o Thassos) (en catal\u00e1n medieval: Taix, en turco Tashoz) es una isla del norte del mar Egeo, en la costa de Tracia, de 394 km\u00b2. Su nombre catal\u00e1n (antiguo) fue Taix. Era parte de la regi\u00f3n de Macedonia y de la antigua prefectura de Kavala, pero a partir del [&hellip;]<\/p>\n","protected":false},"author":1,"featured_media":0,"comment_status":"closed","ping_status":"open","sticky":false,"template":"elementor_theme","format":"standard","meta":{"_acf_changed":false,"footnotes":""},"categories":[193,208,204,194,17],"tags":[96],"class_list":["post-3661","post","type-post","status-publish","format-standard","hentry","category-europa","category-ideas-escapadas","category-ideas-viajes-verano","category-islas-paradisiacas","category-viajes-por-europa","tag-grecia"],"acf":[],"_links":{"self":[{"href":"https:\/\/www.centraldevacaciones.com\/blog\/wp-json\/wp\/v2\/posts\/3661","targetHints":{"allow":["GET"]}}],"collection":[{"href":"https:\/\/www.centraldevacaciones.com\/blog\/wp-json\/wp\/v2\/posts"}],"about":[{"href":"https:\/\/www.centraldevacaciones.com\/blog\/wp-json\/wp\/v2\/types\/post"}],"author":[{"embeddable":true,"href":"https:\/\/www.centraldevacaciones.com\/blog\/wp-json\/wp\/v2\/users\/1"}],"replies":[{"embeddable":true,"href":"https:\/\/www.centraldevacaciones.com\/blog\/wp-json\/wp\/v2\/comments?post=3661"}],"version-history":[{"count":0,"href":"https:\/\/www.centraldevacaciones.com\/blog\/wp-json\/wp\/v2\/posts\/3661\/revisions"}],"wp:attachment":[{"href":"https:\/\/www.centraldevacaciones.com\/blog\/wp-json\/wp\/v2\/media?parent=3661"}],"wp:term":[{"taxonomy":"category","embeddable":true,"href":"https:\/\/www.centraldevacaciones.com\/blog\/wp-json\/wp\/v2\/categories?post=3661"},{"taxonomy":"post_tag","embeddable":true,"href":"https:\/\/www.centraldevacaciones.com\/blog\/wp-json\/wp\/v2\/tags?post=3661"}],"curies":[{"name":"wp","href":"https:\/\/api.w.org\/{rel}","templated":true}]}}