{"id":3600,"date":"2017-03-08T16:37:45","date_gmt":"2017-03-08T15:37:45","guid":{"rendered":"http:\/\/blog.centraldevacaciones.com\/?p=3600"},"modified":"2021-12-13T11:34:22","modified_gmt":"2021-12-13T10:34:22","slug":"belgrado-una-de-las-capitales-olvidadas-de-europa","status":"publish","type":"post","link":"https:\/\/www.centraldevacaciones.com\/blog\/belgrado-una-de-las-capitales-olvidadas-de-europa\/","title":{"rendered":"Belgrado, una de las capitales olvidadas de Europa"},"content":{"rendered":"\t\t<div data-elementor-type=\"wp-post\" data-elementor-id=\"3600\" class=\"elementor elementor-3600\" data-elementor-post-type=\"post\">\n\t\t\t\t\t\t<section class=\"elementor-section elementor-top-section elementor-element elementor-element-1c0cf1a elementor-section-boxed elementor-section-height-default elementor-section-height-default\" data-id=\"1c0cf1a\" data-element_type=\"section\">\n\t\t\t\t\t\t<div class=\"elementor-container elementor-column-gap-default\">\n\t\t\t\t\t<div class=\"elementor-column elementor-col-100 elementor-top-column elementor-element elementor-element-5667db4\" data-id=\"5667db4\" data-element_type=\"column\">\n\t\t\t<div class=\"elementor-widget-wrap elementor-element-populated\">\n\t\t\t\t\t\t<div class=\"elementor-element elementor-element-592e402 elementor-widget elementor-widget-text-editor\" data-id=\"592e402\" data-element_type=\"widget\" data-widget_type=\"text-editor.default\">\n\t\t\t\t\t\t\t\t\t<p><strong>Belgrado es la capital de Serbia<\/strong>, es la m\u00e1s grande de todas las ciudades del pa\u00eds e, incluso, de la antigua Yugoslavia. Est\u00e1 en un lugar \u00fanico, en la zona donde confluyen los r\u00edos Sava y el Danubio, adem\u00e1s, es el l\u00edmite de la llanura pan\u00f3nica con la Pen\u00ednsula Balc\u00e1nica. Es una de las ciudades m\u00e1s antiguas de Europa; pues, su creaci\u00f3n se remonta a hace m\u00e1s de 7.000 a\u00f1os.<\/p>\t\t\t\t\t\t\t\t<\/div>\n\t\t\t\t\t<\/div>\n\t\t<\/div>\n\t\t\t\t\t<\/div>\n\t\t<\/section>\n\t\t\t\t<section class=\"elementor-section elementor-top-section elementor-element elementor-element-1167563 elementor-section-boxed elementor-section-height-default elementor-section-height-default\" data-id=\"1167563\" data-element_type=\"section\">\n\t\t\t\t\t\t<div class=\"elementor-container elementor-column-gap-default\">\n\t\t\t\t\t<div class=\"elementor-column elementor-col-100 elementor-top-column elementor-element elementor-element-f601937\" data-id=\"f601937\" data-element_type=\"column\">\n\t\t\t<div class=\"elementor-widget-wrap elementor-element-populated\">\n\t\t\t\t\t\t<div class=\"elementor-element elementor-element-a1729c8 elementor-widget elementor-widget-video\" data-id=\"a1729c8\" data-element_type=\"widget\" data-settings=\"{&quot;youtube_url&quot;:&quot;https:\\\/\\\/youtu.be\\\/EvB2NfeXDNU&quot;,&quot;video_type&quot;:&quot;youtube&quot;,&quot;controls&quot;:&quot;yes&quot;}\" data-widget_type=\"video.default\">\n\t\t\t\t\t\t\t<div class=\"elementor-wrapper elementor-open-inline\">\n\t\t\t<div class=\"elementor-video\"><\/div>\t\t<\/div>\n\t\t\t\t\t\t<\/div>\n\t\t\t\t\t<\/div>\n\t\t<\/div>\n\t\t\t\t\t<\/div>\n\t\t<\/section>\n\t\t\t\t<section class=\"elementor-section elementor-top-section elementor-element elementor-element-5d074f5 elementor-section-boxed elementor-section-height-default elementor-section-height-default\" data-id=\"5d074f5\" data-element_type=\"section\">\n\t\t\t\t\t\t<div class=\"elementor-container elementor-column-gap-default\">\n\t\t\t\t\t<div class=\"elementor-column elementor-col-100 elementor-top-column elementor-element elementor-element-dc31ce2\" data-id=\"dc31ce2\" data-element_type=\"column\">\n\t\t\t<div class=\"elementor-widget-wrap elementor-element-populated\">\n\t\t\t\t\t\t<div class=\"elementor-element elementor-element-7c733ff elementor-widget elementor-widget-heading\" data-id=\"7c733ff\" data-element_type=\"widget\" data-widget_type=\"heading.default\">\n\t\t\t\t\t<h2 class=\"elementor-heading-title elementor-size-default\">\u00bfQu\u00e9 ver en Belgrado?\n<\/h2>\t\t\t\t<\/div>\n\t\t\t\t\t<\/div>\n\t\t<\/div>\n\t\t\t\t\t<\/div>\n\t\t<\/section>\n\t\t\t\t<section class=\"elementor-section elementor-top-section elementor-element elementor-element-f21cacc elementor-section-boxed elementor-section-height-default elementor-section-height-default\" data-id=\"f21cacc\" data-element_type=\"section\">\n\t\t\t\t\t\t<div class=\"elementor-container elementor-column-gap-default\">\n\t\t\t\t\t<div class=\"elementor-column elementor-col-100 elementor-top-column elementor-element elementor-element-e4963df\" data-id=\"e4963df\" data-element_type=\"column\">\n\t\t\t<div class=\"elementor-widget-wrap elementor-element-populated\">\n\t\t\t\t\t\t<div class=\"elementor-element elementor-element-c3d4cba elementor-widget elementor-widget-heading\" data-id=\"c3d4cba\" data-element_type=\"widget\" data-widget_type=\"heading.default\">\n\t\t\t\t\t<h3 class=\"elementor-heading-title elementor-size-default\">Museos de Belgrado, Serbia <\/h3>\t\t\t\t<\/div>\n\t\t\t\t\t<\/div>\n\t\t<\/div>\n\t\t\t\t\t<\/div>\n\t\t<\/section>\n\t\t\t\t<section class=\"elementor-section elementor-top-section elementor-element elementor-element-0174464 elementor-section-boxed elementor-section-height-default elementor-section-height-default\" data-id=\"0174464\" data-element_type=\"section\">\n\t\t\t\t\t\t<div class=\"elementor-container elementor-column-gap-default\">\n\t\t\t\t\t<div class=\"elementor-column elementor-col-100 elementor-top-column elementor-element elementor-element-1783fba\" data-id=\"1783fba\" data-element_type=\"column\">\n\t\t\t<div class=\"elementor-widget-wrap elementor-element-populated\">\n\t\t\t\t\t\t<div class=\"elementor-element elementor-element-ced6081 elementor-widget elementor-widget-text-editor\" data-id=\"ced6081\" data-element_type=\"widget\" data-widget_type=\"text-editor.default\">\n\t\t\t\t\t\t\t\t\t<p>Uno de los museos m\u00e1s importantes es el <strong>Museo Nacional de Belgrado<\/strong>, que posee m\u00e1s de 400.000 piezas, entre ellas, el importante manuscrito del evangelio de Miroslav. Tambi\u00e9n, el <strong>Museo Militar de Belgrado<\/strong> que es de los m\u00e1s importantes de la ciudad, pues nos encontramos con unas 25.000 piezas que van desde el imperio romano hasta el bombardeo llevado a cabo por la OTAN en 1999. Otro museo importante es el <strong>Museo de la Aviaci\u00f3n Yugoslava<\/strong>; el Museo etnogr\u00e1fico de Belgrado \u2013 donde vemos los mejores ejemplos de la cultura rural de los Balcanes-; el <strong>Museo de Nikola Tesla<\/strong> (uno de los m\u00e1s visitados de la ciudad) o el Museo de Vuik y Dositej.<\/p>\t\t\t\t\t\t\t\t<\/div>\n\t\t\t\t\t<\/div>\n\t\t<\/div>\n\t\t\t\t\t<\/div>\n\t\t<\/section>\n\t\t\t\t<section class=\"elementor-section elementor-top-section elementor-element elementor-element-e49f77c elementor-section-boxed elementor-section-height-default elementor-section-height-default\" data-id=\"e49f77c\" data-element_type=\"section\">\n\t\t\t\t\t\t<div class=\"elementor-container elementor-column-gap-default\">\n\t\t\t\t\t<div class=\"elementor-column elementor-col-100 elementor-top-column elementor-element elementor-element-791636a\" data-id=\"791636a\" data-element_type=\"column\">\n\t\t\t<div class=\"elementor-widget-wrap elementor-element-populated\">\n\t\t\t\t\t\t<div class=\"elementor-element elementor-element-80849c3 elementor-widget elementor-widget-heading\" data-id=\"80849c3\" data-element_type=\"widget\" data-widget_type=\"heading.default\">\n\t\t\t\t\t<h3 class=\"elementor-heading-title elementor-size-default\">Festivales y festividades <\/h3>\t\t\t\t<\/div>\n\t\t\t\t\t<\/div>\n\t\t<\/div>\n\t\t\t\t\t<\/div>\n\t\t<\/section>\n\t\t\t\t<section class=\"elementor-section elementor-top-section elementor-element elementor-element-f7e77b7 elementor-section-boxed elementor-section-height-default elementor-section-height-default\" data-id=\"f7e77b7\" data-element_type=\"section\">\n\t\t\t\t\t\t<div class=\"elementor-container elementor-column-gap-default\">\n\t\t\t\t\t<div class=\"elementor-column elementor-col-100 elementor-top-column elementor-element elementor-element-76a97c3\" data-id=\"76a97c3\" data-element_type=\"column\">\n\t\t\t<div class=\"elementor-widget-wrap elementor-element-populated\">\n\t\t\t\t\t\t<div class=\"elementor-element elementor-element-0d4acb1 elementor-widget elementor-widget-text-editor\" data-id=\"0d4acb1\" data-element_type=\"widget\" data-widget_type=\"text-editor.default\">\n\t\t\t\t\t\t\t\t\t<p>A pesar de haber sido el principal protagonista de un gran conflicto b\u00e9lico de limpieza racial durante los a\u00f1os noventa la naci\u00f3n Serbia ha logrado salir del lastre\u00a0de tan oscuros prejuicios y se ha abierto al resto del mundo como un lugar acogedor e \u00edntimo que sin lugar a dudas vale la pena conocer, solo recomendamos no mencionar tal hecho a sus habitantes ya que esto puede herir las susceptibilidades nacionales por lo reciente del conflicto.<\/p><p>Cabe resaltar que con los a\u00f1os Serbia se ha convertido en un centro del cine europeo, gracias a los numerosos festivales de cine y de teatro que tienen lugar aqu\u00ed.\u00a0Belgrado recibe muchos acontecimientos culturales anuales, incluyendo el FEST (Festival de Cine), el BITEF (Festival de Teatro), el BELEF (Festival de Verano), el BEMUS (Festival de M\u00fasica), la Feria del Libro, y la Feria de la Cerveza.<\/p>\t\t\t\t\t\t\t\t<\/div>\n\t\t\t\t\t<\/div>\n\t\t<\/div>\n\t\t\t\t\t<\/div>\n\t\t<\/section>\n\t\t\t\t<section class=\"elementor-section elementor-top-section elementor-element elementor-element-3a95cf5 elementor-section-boxed elementor-section-height-default elementor-section-height-default\" data-id=\"3a95cf5\" data-element_type=\"section\">\n\t\t\t\t\t\t<div class=\"elementor-container elementor-column-gap-default\">\n\t\t\t\t\t<div class=\"elementor-column elementor-col-100 elementor-top-column elementor-element elementor-element-9795e5e\" data-id=\"9795e5e\" data-element_type=\"column\">\n\t\t\t<div class=\"elementor-widget-wrap elementor-element-populated\">\n\t\t\t\t\t\t<div class=\"elementor-element elementor-element-f96c84a elementor-widget elementor-widget-heading\" data-id=\"f96c84a\" data-element_type=\"widget\" data-widget_type=\"heading.default\">\n\t\t\t\t\t<h3 class=\"elementor-heading-title elementor-size-default\">Puntos de inter\u00e9s tur\u00edstico de Belgrado <\/h3>\t\t\t\t<\/div>\n\t\t\t\t\t<\/div>\n\t\t<\/div>\n\t\t\t\t\t<\/div>\n\t\t<\/section>\n\t\t\t\t<section class=\"elementor-section elementor-top-section elementor-element elementor-element-c65d410 elementor-section-boxed elementor-section-height-default elementor-section-height-default\" data-id=\"c65d410\" data-element_type=\"section\">\n\t\t\t\t\t\t<div class=\"elementor-container elementor-column-gap-default\">\n\t\t\t\t\t<div class=\"elementor-column elementor-col-100 elementor-top-column elementor-element elementor-element-0c2f5d4\" data-id=\"0c2f5d4\" data-element_type=\"column\">\n\t\t\t<div class=\"elementor-widget-wrap elementor-element-populated\">\n\t\t\t\t\t\t<div class=\"elementor-element elementor-element-98cbfea elementor-widget elementor-widget-text-editor\" data-id=\"98cbfea\" data-element_type=\"widget\" data-widget_type=\"text-editor.default\">\n\t\t\t\t\t\t\t\t\t<p>Estos son algunos puntos de m\u00e1s inter\u00e9s que no te puedes perder si visitas Belgrado, la capital de Serbia:<\/p><ul><li><strong>Fuerte de Belgrado<\/strong>: Construido el a\u00f1o 279, esta fortaleza ha sido testimonio de algunos de los aconteciomientos hist\u00f3ricos m\u00e1s importantes de la ciudad.\u00a0<\/li><li><strong>Catedral de Sant Sava<\/strong>: Esta monumental catedral fue construida en estilo neobizantino, y es sin duda uno de los puntos m\u00e1s interesantes para visitar como turista en Belgrado.\u00a0<\/li><li><strong>Kneza Mihaila<\/strong>: Es una de las calles que aglomera el mayor n\u00famero de edificios hist\u00f3ricos de la ciudad. Pasea por ella y descubre todas las maravillas que esconde Belgrado.\u00a0\u00a0<\/li><\/ul>\t\t\t\t\t\t\t\t<\/div>\n\t\t\t\t\t<\/div>\n\t\t<\/div>\n\t\t\t\t\t<\/div>\n\t\t<\/section>\n\t\t\t\t<section class=\"elementor-section elementor-top-section elementor-element elementor-element-ea91632 elementor-section-boxed elementor-section-height-default elementor-section-height-default\" data-id=\"ea91632\" data-element_type=\"section\">\n\t\t\t\t\t\t<div class=\"elementor-container elementor-column-gap-default\">\n\t\t\t\t\t<div class=\"elementor-column elementor-col-100 elementor-top-column elementor-element elementor-element-1864e9f\" data-id=\"1864e9f\" data-element_type=\"column\">\n\t\t\t<div class=\"elementor-widget-wrap elementor-element-populated\">\n\t\t\t\t\t\t<div class=\"elementor-element elementor-element-62441d2 elementor-widget elementor-widget-video\" data-id=\"62441d2\" data-element_type=\"widget\" data-settings=\"{&quot;youtube_url&quot;:&quot;https:\\\/\\\/youtu.be\\\/mGATsl8bpRU&quot;,&quot;video_type&quot;:&quot;youtube&quot;,&quot;controls&quot;:&quot;yes&quot;}\" data-widget_type=\"video.default\">\n\t\t\t\t\t\t\t<div class=\"elementor-wrapper elementor-open-inline\">\n\t\t\t<div class=\"elementor-video\"><\/div>\t\t<\/div>\n\t\t\t\t\t\t<\/div>\n\t\t\t\t\t<\/div>\n\t\t<\/div>\n\t\t\t\t\t<\/div>\n\t\t<\/section>\n\t\t\t\t<\/div>\n\t\t","protected":false},"excerpt":{"rendered":"<p>Belgrado es la capital de Serbia, es la m\u00e1s grande de todas las ciudades del pa\u00eds e, incluso, de la antigua Yugoslavia. Est\u00e1 en un lugar \u00fanico, en la zona donde confluyen los r\u00edos Sava y el Danubio, adem\u00e1s, es el l\u00edmite de la llanura pan\u00f3nica con la Pen\u00ednsula Balc\u00e1nica. Es una de las ciudades [&hellip;]<\/p>\n","protected":false},"author":1,"featured_media":3605,"comment_status":"closed","ping_status":"open","sticky":false,"template":"elementor_theme","format":"standard","meta":{"_acf_changed":false,"footnotes":""},"categories":[208,193,207,203,205,195,17],"tags":[168],"class_list":["post-3600","post","type-post","status-publish","format-standard","has-post-thumbnail","hentry","category-ideas-escapadas","category-europa","category-ideas-viajes-invierno","category-ideas-viajes-de-novios","category-ideas-viajes-low-cost","category-rutas-por-europa","category-viajes-por-europa","tag-serbia"],"acf":[],"_links":{"self":[{"href":"https:\/\/www.centraldevacaciones.com\/blog\/wp-json\/wp\/v2\/posts\/3600","targetHints":{"allow":["GET"]}}],"collection":[{"href":"https:\/\/www.centraldevacaciones.com\/blog\/wp-json\/wp\/v2\/posts"}],"about":[{"href":"https:\/\/www.centraldevacaciones.com\/blog\/wp-json\/wp\/v2\/types\/post"}],"author":[{"embeddable":true,"href":"https:\/\/www.centraldevacaciones.com\/blog\/wp-json\/wp\/v2\/users\/1"}],"replies":[{"embeddable":true,"href":"https:\/\/www.centraldevacaciones.com\/blog\/wp-json\/wp\/v2\/comments?post=3600"}],"version-history":[{"count":0,"href":"https:\/\/www.centraldevacaciones.com\/blog\/wp-json\/wp\/v2\/posts\/3600\/revisions"}],"wp:featuredmedia":[{"embeddable":true,"href":"https:\/\/www.centraldevacaciones.com\/blog\/wp-json\/wp\/v2\/media\/3605"}],"wp:attachment":[{"href":"https:\/\/www.centraldevacaciones.com\/blog\/wp-json\/wp\/v2\/media?parent=3600"}],"wp:term":[{"taxonomy":"category","embeddable":true,"href":"https:\/\/www.centraldevacaciones.com\/blog\/wp-json\/wp\/v2\/categories?post=3600"},{"taxonomy":"post_tag","embeddable":true,"href":"https:\/\/www.centraldevacaciones.com\/blog\/wp-json\/wp\/v2\/tags?post=3600"}],"curies":[{"name":"wp","href":"https:\/\/api.w.org\/{rel}","templated":true}]}}