{"id":3498,"date":"2017-01-12T18:49:05","date_gmt":"2017-01-12T17:49:05","guid":{"rendered":"http:\/\/blog.centraldevacaciones.com\/?p=3498"},"modified":"2024-11-26T12:10:38","modified_gmt":"2024-11-26T11:10:38","slug":"conociendo-un-poco-de-berna-la-capital-suiza","status":"publish","type":"post","link":"https:\/\/www.centraldevacaciones.com\/blog\/conociendo-un-poco-de-berna-la-capital-suiza\/","title":{"rendered":"Conociendo un poco de Berna la capital Suiza"},"content":{"rendered":"\t\t<div data-elementor-type=\"wp-post\" data-elementor-id=\"3498\" class=\"elementor elementor-3498\" data-elementor-post-type=\"post\">\n\t\t\t\t\t\t<section class=\"elementor-section elementor-top-section elementor-element elementor-element-ec42994 elementor-section-boxed elementor-section-height-default elementor-section-height-default\" data-id=\"ec42994\" data-element_type=\"section\">\n\t\t\t\t\t\t<div class=\"elementor-container elementor-column-gap-default\">\n\t\t\t\t\t<div class=\"elementor-column elementor-col-100 elementor-top-column elementor-element elementor-element-c91967c\" data-id=\"c91967c\" data-element_type=\"column\">\n\t\t\t<div class=\"elementor-widget-wrap elementor-element-populated\">\n\t\t\t\t\t\t<div class=\"elementor-element elementor-element-edf71b9 elementor-widget elementor-widget-text-editor\" data-id=\"edf71b9\" data-element_type=\"widget\" data-widget_type=\"text-editor.default\">\n\t\t\t\t\t\t\t\t\t<p>Berna, (o Bern, en alem\u00e1n) es la capital de <a href=\"https:\/\/www.centraldevacaciones.com\/blog\/inolvidables-experiencias-en-la-hermosa-suiza\/\">Suiza<\/a>. Llamada \u00abla <strong>ciudad federal<\/strong>\u00ab, se encuentra en la Suiza alemana, en el coraz\u00f3n el pa\u00eds.\u00a0<\/p><p>Berna es la sede de todas las autoridades federales, y cuenta con 144.000 (2020) habitantes, la mayor\u00eda de habla alemana, teniendo como particularidad en su paisaje la presencia del hermoso r\u00edo Aar, el cual atraviesa la ciudad.<\/p>\t\t\t\t\t\t\t\t<\/div>\n\t\t\t\t\t<\/div>\n\t\t<\/div>\n\t\t\t\t\t<\/div>\n\t\t<\/section>\n\t\t\t\t<section class=\"elementor-section elementor-top-section elementor-element elementor-element-c9ff3dd elementor-section-boxed elementor-section-height-default elementor-section-height-default\" data-id=\"c9ff3dd\" data-element_type=\"section\">\n\t\t\t\t\t\t<div class=\"elementor-container elementor-column-gap-default\">\n\t\t\t\t\t<div class=\"elementor-column elementor-col-100 elementor-top-column elementor-element elementor-element-405a28c\" data-id=\"405a28c\" data-element_type=\"column\">\n\t\t\t<div class=\"elementor-widget-wrap elementor-element-populated\">\n\t\t\t\t\t\t<div class=\"elementor-element elementor-element-554c2fb elementor-widget elementor-widget-video\" data-id=\"554c2fb\" data-element_type=\"widget\" data-settings=\"{&quot;youtube_url&quot;:&quot;https:\\\/\\\/www.youtube.com\\\/watch?v=1qa4ST75vLQ&quot;,&quot;video_type&quot;:&quot;youtube&quot;,&quot;controls&quot;:&quot;yes&quot;}\" data-widget_type=\"video.default\">\n\t\t\t\t\t\t\t<div class=\"elementor-wrapper elementor-open-inline\">\n\t\t\t<div class=\"elementor-video\"><\/div>\t\t<\/div>\n\t\t\t\t\t\t<\/div>\n\t\t\t\t\t<\/div>\n\t\t<\/div>\n\t\t\t\t\t<\/div>\n\t\t<\/section>\n\t\t\t\t<section class=\"elementor-section elementor-top-section elementor-element elementor-element-00915b6 elementor-section-boxed elementor-section-height-default elementor-section-height-default\" data-id=\"00915b6\" data-element_type=\"section\">\n\t\t\t\t\t\t<div class=\"elementor-container elementor-column-gap-default\">\n\t\t\t\t\t<div class=\"elementor-column elementor-col-100 elementor-top-column elementor-element elementor-element-5fe24fe\" data-id=\"5fe24fe\" data-element_type=\"column\">\n\t\t\t<div class=\"elementor-widget-wrap elementor-element-populated\">\n\t\t\t\t\t\t<div class=\"elementor-element elementor-element-7150de5 elementor-widget elementor-widget-heading\" data-id=\"7150de5\" data-element_type=\"widget\" data-widget_type=\"heading.default\">\n\t\t\t\t\t<h2 class=\"elementor-heading-title elementor-size-default\">Qu\u00e9 ver en Berna, capital de Suiza <\/h2>\t\t\t\t<\/div>\n\t\t\t\t\t<\/div>\n\t\t<\/div>\n\t\t\t\t\t<\/div>\n\t\t<\/section>\n\t\t\t\t<section class=\"elementor-section elementor-top-section elementor-element elementor-element-9355d10 elementor-section-boxed elementor-section-height-default elementor-section-height-default\" data-id=\"9355d10\" data-element_type=\"section\">\n\t\t\t\t\t\t<div class=\"elementor-container elementor-column-gap-default\">\n\t\t\t\t\t<div class=\"elementor-column elementor-col-100 elementor-top-column elementor-element elementor-element-f48e226\" data-id=\"f48e226\" data-element_type=\"column\">\n\t\t\t<div class=\"elementor-widget-wrap elementor-element-populated\">\n\t\t\t\t\t\t<div class=\"elementor-element elementor-element-bdbc49b elementor-widget elementor-widget-text-editor\" data-id=\"bdbc49b\" data-element_type=\"widget\" data-widget_type=\"text-editor.default\">\n\t\t\t\t\t\t\t\t\t<p>Uno de los mayores atractivos de la ciudad, a lo que se conoce como<strong> la ciudad vieja de Berna,<\/strong>\u00a0la cual es parte del <strong>Patrimonio de la Humanidad de la UNESCO<\/strong>, siendo uno de los mejores testimonios del urbanismo medieval en Europa.<\/p><p>La ciudad de Berna es realmente una de las m\u00e1s lindas de todo el pa\u00eds, y por ello podr\u00e1s encontrar un gran n\u00famero de puntos para visitar:\u00a0<\/p><ul><li><strong>La Torre del Reloj \u201cZytgloggeturm\u201d:<\/strong> <span style=\"font-weight: 400;\">La Zytglogge es uno de los s\u00edmbolos m\u00e1s ic\u00f3nicos de Berna. Construida en el siglo XIII, esta torre medieval sirvi\u00f3 originalmente como puerta de la ciudad. El reloj astron\u00f3mico, a\u00f1adido en el siglo XVI, es una obra de ingenier\u00eda fascinante que muestra no solo la hora, sino tambi\u00e9n las fases lunares y el zod\u00edaco. Cada hora, un espect\u00e1culo mec\u00e1nico con figuras en movimiento atrae a los visitantes.<\/span><\/li><li><strong>Catedral<\/strong>: <span style=\"font-weight: 400;\">La catedral g\u00f3tica de Berna es la iglesia m\u00e1s alta de Suiza, con una torre que alcanza los 100 metros. Su construcci\u00f3n comenz\u00f3 en el siglo XV y termin\u00f3 en el XIX. Destacan las impresionantes vidrieras y el t\u00edmpano de la portada principal, que representa el Juicio Final. Desde la torre se obtienen vistas panor\u00e1micas de la ciudad y los Alpes.<\/span><\/li><li><strong>Palacio federal<\/strong>: <span style=\"font-weight: 400;\">El Palacio Federal es la sede del Parlamento suizo. Construido a finales del siglo XIX, combina elementos neorrenacentistas con un interior ricamente decorado. Se ofrecen visitas guiadas gratuitas, que permiten conocer la historia pol\u00edtica y el funcionamiento del sistema suizo. Su ubicaci\u00f3n en la Bundesplatz lo convierte en un punto central de la ciudad.<\/span><\/li><li><strong>Bundesplatz<\/strong>: <span style=\"font-weight: 400;\">La plaza federal es un espacio p\u00fablico vibrante frente al Palacio Federal. Es conocida por sus fuentes interactivas que simbolizan los 26 cantones de Suiza. Durante el invierno, alberga un mercado navide\u00f1o, y en otras \u00e9pocas del a\u00f1o es un lugar de encuentro para eventos culturales y manifestaciones.<\/span><\/li><li><strong>Zentrum Paul Klee<\/strong>: <span style=\"font-weight: 400;\">Este museo alberga la mayor colecci\u00f3n mundial de obras de Paul Klee, con m\u00e1s de 4,000 piezas. El edificio, dise\u00f1ado por Renzo Piano, se integra en el paisaje como una serie de ondulaciones de acero y vidrio. Adem\u00e1s de las exposiciones, el Zentrum organiza talleres y actividades para todas las edades.<\/span><\/li><li><span style=\"font-weight: 400;\"><strong>El Parque de los Osos (B\u00e4renPark)<\/strong>: El B\u00e4renPark es uno de los lugares m\u00e1s emblem\u00e1ticos de Berna, ya que el oso es el s\u00edmbolo de la ciudad desde el siglo XII. Este parque al aire libre, situado junto al r\u00edo Aar, es un espacio moderno que proporciona un entorno amplio y natural para los osos. Aqu\u00ed puedes observar c\u00f3mo los osos juegan, trepan o nadan en su h\u00e1bitat. El parque conecta con el antiguo foso de los osos, ofreciendo una mezcla de tradici\u00f3n y modernidad. Es una visita perfecta para familias y amantes de los animales.<\/span><\/li><li><strong>Rosengarten (Jard\u00edn de Rosas):\u00a0<\/strong><span style=\"font-weight: 400;\">El Jard\u00edn de Rosas es un parque elevado que ofrece vistas espectaculares del casco antiguo de Berna y del r\u00edo Aar. Alberga m\u00e1s de 200 variedades de rosas, junto con azaleas y otras plantas ornamentales. Es un lugar ideal para relajarse, pasear o disfrutar de un caf\u00e9 en su restaurante, que cuenta con una terraza panor\u00e1mica. En primavera y verano, el parque est\u00e1 especialmente florido, pero sus vistas son impresionantes durante todo el a\u00f1o.<\/span><\/li><li><strong>Museo de Historia de Berna y Museo Einstein<\/strong>:<p><span style=\"font-weight: 400;\">Este museo combina dos atracciones en un mismo lugar. El Museo de Historia de Berna presenta exposiciones sobre la historia cultural de la ciudad y del mundo. El edificio hist\u00f3rico del museo en s\u00ed es digno de admirar.<\/span><\/p><p><span style=\"font-weight: 400;\">En la secci\u00f3n dedicada a Albert Einstein, descubrir\u00e1s detalles sobre la vida y el trabajo del cient\u00edfico, quien vivi\u00f3 en Berna entre 1903 y 1905. Aqu\u00ed desarroll\u00f3 su famosa teor\u00eda de la relatividad. La exposici\u00f3n incluye manuscritos originales, objetos personales y experimentos interactivos.<\/span><\/p><\/li><li><strong>Casco Antiguo de Berna<\/strong>:<p><span style=\"font-weight: 400;\">El casco antiguo de Berna, declarado Patrimonio de la Humanidad por la UNESCO, es un lugar encantador para explorar. Sus calles empedradas est\u00e1n bordeadas por arcadas medievales, que suman m\u00e1s de 6 kil\u00f3metros y albergan tiendas, caf\u00e9s y restaurantes. Entre los puntos destacados est\u00e1n:<\/span><\/p><ul><li style=\"font-weight: 400;\" aria-level=\"1\"><span style=\"font-weight: 400;\">Las fuentes decoradas del siglo XVI.<\/span><\/li><li style=\"font-weight: 400;\" aria-level=\"1\"><span style=\"font-weight: 400;\">La casa de Albert Einstein en la Kramgasse.<\/span><\/li><li style=\"font-weight: 400;\" aria-level=\"1\"><span style=\"font-weight: 400;\">La Torre del Reloj (Zytglogge).<\/span><\/li><\/ul><span style=\"font-weight: 400;\">La Catedral de Berna.<\/span><span style=\"font-weight: 400;\"><br \/><\/span><span style=\"font-weight: 400;\">Este casco antiguo combina historia, arquitectura y un ambiente relajado que lo hace \u00fanico.<\/span><\/li><li><strong>Gurten<\/strong>: <span style=\"font-weight: 400;\">El Gurten es una monta\u00f1a cercana a Berna que ofrece una escapada perfecta de la ciudad. Desde su cima, puedes disfrutar de vistas panor\u00e1micas de Berna, el r\u00edo Aar y los Alpes en d\u00edas despejados. Es un destino popular para hacer senderismo, montar en bicicleta o simplemente relajarse en su entorno natural. Tambi\u00e9n cuenta con un parque infantil, un tren miniatura para ni\u00f1os y un restaurante. Puedes acceder al Gurten en funicular desde la estaci\u00f3n de Wabern, lo que hace que sea f\u00e1cil llegar.<\/span><\/li><\/ul>\t\t\t\t\t\t\t\t<\/div>\n\t\t\t\t\t<\/div>\n\t\t<\/div>\n\t\t\t\t\t<\/div>\n\t\t<\/section>\n\t\t\t\t<section class=\"elementor-section elementor-top-section elementor-element elementor-element-ee51a94 elementor-section-boxed elementor-section-height-default elementor-section-height-default\" data-id=\"ee51a94\" data-element_type=\"section\">\n\t\t\t\t\t\t<div class=\"elementor-container elementor-column-gap-default\">\n\t\t\t\t\t<div class=\"elementor-column elementor-col-100 elementor-top-column elementor-element elementor-element-21dddee\" data-id=\"21dddee\" data-element_type=\"column\">\n\t\t\t<div class=\"elementor-widget-wrap elementor-element-populated\">\n\t\t\t\t\t\t<div class=\"elementor-element elementor-element-7589037 elementor-widget elementor-widget-image\" data-id=\"7589037\" data-element_type=\"widget\" data-widget_type=\"image.default\">\n\t\t\t\t\t\t\t\t\t\t\t\t\t\t\t<img fetchpriority=\"high\" decoding=\"async\" width=\"276\" height=\"300\" src=\"https:\/\/www.centraldevacaciones.com\/blog\/wp-content\/uploads\/2017\/01\/City_of_Berne-276x300.jpg\" class=\"attachment-medium size-medium wp-image-3501\" alt=\"\" srcset=\"https:\/\/www.centraldevacaciones.com\/blog\/wp-content\/uploads\/2017\/01\/City_of_Berne-276x300.jpg 276w, https:\/\/www.centraldevacaciones.com\/blog\/wp-content\/uploads\/2017\/01\/City_of_Berne.jpg 720w\" sizes=\"(max-width: 276px) 100vw, 276px\" \/>\t\t\t\t\t\t\t\t\t\t\t\t\t\t\t<\/div>\n\t\t\t\t\t<\/div>\n\t\t<\/div>\n\t\t\t\t\t<\/div>\n\t\t<\/section>\n\t\t\t\t<section class=\"elementor-section elementor-top-section elementor-element elementor-element-f079b32 elementor-section-boxed elementor-section-height-default elementor-section-height-default\" data-id=\"f079b32\" data-element_type=\"section\">\n\t\t\t\t\t\t<div class=\"elementor-container elementor-column-gap-default\">\n\t\t\t\t\t<div class=\"elementor-column elementor-col-100 elementor-top-column elementor-element elementor-element-9008a0a\" data-id=\"9008a0a\" data-element_type=\"column\">\n\t\t\t<div class=\"elementor-widget-wrap elementor-element-populated\">\n\t\t\t\t\t\t<div class=\"elementor-element elementor-element-3f08a8b elementor-widget elementor-widget-text-editor\" data-id=\"3f08a8b\" data-element_type=\"widget\" data-widget_type=\"text-editor.default\">\n\t\t\t\t\t\t\t\t\t<p>En la ciudad de Berna el mejor hotel es el lujoso Grand Hotel Bellevue, de 5 estrellas, est\u00e1 rodeado por un precioso parque, teniendo a disposici\u00f3n de sus hu\u00e9spedes excelentes habitaciones que garantizan su estad\u00eda en la capital Suiza, la cual es una de las ciudades m\u00e1s lindas del viejo continente, todo lo cual convierte a Berna en un una de las joyas que debes visitar si quieres ir de <strong><a href=\"https:\/\/www.centraldevacaciones.com\/blog\/destinos-vacaciones\/ofertas-europa\/\">viaje por Europa<\/a><\/strong> y un destino esencial tanto para aventureros como para viajeros en busca del placer.<\/p>\t\t\t\t\t\t\t\t<\/div>\n\t\t\t\t\t<\/div>\n\t\t<\/div>\n\t\t\t\t\t<\/div>\n\t\t<\/section>\n\t\t\t\t<section class=\"elementor-section elementor-top-section elementor-element elementor-element-4d4b5c1b elementor-section-boxed elementor-section-height-default elementor-section-height-default\" data-id=\"4d4b5c1b\" data-element_type=\"section\">\n\t\t\t\t\t\t<div class=\"elementor-container elementor-column-gap-custom\">\n\t\t\t\t\t<div class=\"elementor-column elementor-col-16 elementor-top-column elementor-element elementor-element-207504f6\" data-id=\"207504f6\" data-element_type=\"column\">\n\t\t\t<div class=\"elementor-widget-wrap elementor-element-populated\">\n\t\t\t\t\t\t<div class=\"elementor-element elementor-element-735302ef elementor-widget elementor-widget-image\" data-id=\"735302ef\" data-element_type=\"widget\" data-widget_type=\"image.default\">\n\t\t\t\t\t\t\t\t\t\t\t\t\t\t\t<img decoding=\"async\" width=\"128\" height=\"128\" src=\"https:\/\/www.centraldevacaciones.com\/blog\/wp-content\/uploads\/2021\/05\/dom.png\" class=\"attachment-large size-large wp-image-12635\" alt=\"\" \/>\t\t\t\t\t\t\t\t\t\t\t\t\t\t\t<\/div>\n\t\t\t\t<div class=\"elementor-element elementor-element-284025a2 elementor-widget elementor-widget-heading\" data-id=\"284025a2\" data-element_type=\"widget\" data-widget_type=\"heading.default\">\n\t\t\t\t\t<h3 class=\"elementor-heading-title elementor-size-default\"><a href=\"https:\/\/www.centraldevacaciones.com\/viajes\/\">Ofertas vacacionales<\/a><\/h3>\t\t\t\t<\/div>\n\t\t\t\t\t<\/div>\n\t\t<\/div>\n\t\t\t\t<div class=\"elementor-column elementor-col-16 elementor-top-column elementor-element elementor-element-41342727\" data-id=\"41342727\" data-element_type=\"column\">\n\t\t\t<div class=\"elementor-widget-wrap elementor-element-populated\">\n\t\t\t\t\t\t<div class=\"elementor-element elementor-element-76bc84a0 elementor-widget elementor-widget-image\" data-id=\"76bc84a0\" data-element_type=\"widget\" data-widget_type=\"image.default\">\n\t\t\t\t\t\t\t\t\t\t\t\t\t\t\t<img decoding=\"async\" width=\"128\" height=\"128\" src=\"https:\/\/www.centraldevacaciones.com\/blog\/wp-content\/uploads\/2021\/05\/camas.png\" class=\"attachment-large size-large wp-image-12637\" alt=\"\" \/>\t\t\t\t\t\t\t\t\t\t\t\t\t\t\t<\/div>\n\t\t\t\t<div class=\"elementor-element elementor-element-34856507 elementor-widget elementor-widget-heading\" data-id=\"34856507\" data-element_type=\"widget\" data-widget_type=\"heading.default\">\n\t\t\t\t\t<h3 class=\"elementor-heading-title elementor-size-default\"><a href=\"https:\/\/www.centraldevacaciones.com\/blog\/hoteles-de-ciudad\/\">Ofertas hoteles<\/a><\/h3>\t\t\t\t<\/div>\n\t\t\t\t\t<\/div>\n\t\t<\/div>\n\t\t\t\t<div class=\"elementor-column elementor-col-16 elementor-top-column elementor-element elementor-element-6c7717ee\" data-id=\"6c7717ee\" data-element_type=\"column\">\n\t\t\t<div class=\"elementor-widget-wrap elementor-element-populated\">\n\t\t\t\t\t\t<div class=\"elementor-element elementor-element-6ee4654 elementor-widget elementor-widget-image\" data-id=\"6ee4654\" data-element_type=\"widget\" data-widget_type=\"image.default\">\n\t\t\t\t\t\t\t\t\t\t\t\t\t\t\t<img loading=\"lazy\" decoding=\"async\" width=\"128\" height=\"128\" src=\"https:\/\/www.centraldevacaciones.com\/blog\/wp-content\/uploads\/2021\/05\/avion-1.png\" class=\"attachment-large size-large wp-image-12639\" alt=\"\" \/>\t\t\t\t\t\t\t\t\t\t\t\t\t\t\t<\/div>\n\t\t\t\t<div class=\"elementor-element elementor-element-44561379 elementor-widget elementor-widget-heading\" data-id=\"44561379\" data-element_type=\"widget\" data-widget_type=\"heading.default\">\n\t\t\t\t\t<h3 class=\"elementor-heading-title elementor-size-default\"><a href=\"https:\/\/www.centraldevacaciones.com\/blog\/destinos-vacaciones\/\">Mejores destinos<\/a><\/h3>\t\t\t\t<\/div>\n\t\t\t\t\t<\/div>\n\t\t<\/div>\n\t\t\t\t<div class=\"elementor-column elementor-col-16 elementor-top-column elementor-element elementor-element-32ac882b\" data-id=\"32ac882b\" data-element_type=\"column\">\n\t\t\t<div class=\"elementor-widget-wrap elementor-element-populated\">\n\t\t\t\t\t\t<div class=\"elementor-element elementor-element-2b5f1ffb elementor-widget elementor-widget-image\" data-id=\"2b5f1ffb\" data-element_type=\"widget\" data-widget_type=\"image.default\">\n\t\t\t\t\t\t\t\t\t\t\t\t\t\t\t<img loading=\"lazy\" decoding=\"async\" width=\"128\" height=\"128\" src=\"https:\/\/www.centraldevacaciones.com\/blog\/wp-content\/uploads\/2021\/05\/cama-solar.png\" class=\"attachment-large size-large wp-image-12640\" alt=\"\" \/>\t\t\t\t\t\t\t\t\t\t\t\t\t\t\t<\/div>\n\t\t\t\t<div class=\"elementor-element elementor-element-42bc3f02 elementor-widget elementor-widget-heading\" data-id=\"42bc3f02\" data-element_type=\"widget\" data-widget_type=\"heading.default\">\n\t\t\t\t\t<h3 class=\"elementor-heading-title elementor-size-default\"><a href=\"https:\/\/www.centraldevacaciones.com\/blog\/ofertas-circuitos\/\">Circuitos vacacionales<\/a><\/h3>\t\t\t\t<\/div>\n\t\t\t\t\t<\/div>\n\t\t<\/div>\n\t\t\t\t<div class=\"elementor-column elementor-col-16 elementor-top-column elementor-element elementor-element-53922da1\" data-id=\"53922da1\" data-element_type=\"column\">\n\t\t\t<div class=\"elementor-widget-wrap elementor-element-populated\">\n\t\t\t\t\t\t<div class=\"elementor-element elementor-element-4171ce9f elementor-widget elementor-widget-image\" data-id=\"4171ce9f\" data-element_type=\"widget\" data-widget_type=\"image.default\">\n\t\t\t\t\t\t\t\t\t\t\t\t\t\t\t<img loading=\"lazy\" decoding=\"async\" width=\"128\" height=\"128\" src=\"https:\/\/www.centraldevacaciones.com\/blog\/wp-content\/uploads\/2021\/05\/en-todo-el-mundo.png\" class=\"attachment-large size-large wp-image-12641\" alt=\"\" \/>\t\t\t\t\t\t\t\t\t\t\t\t\t\t\t<\/div>\n\t\t\t\t<div class=\"elementor-element elementor-element-cb0d08f elementor-widget elementor-widget-heading\" data-id=\"cb0d08f\" data-element_type=\"widget\" data-widget_type=\"heading.default\">\n\t\t\t\t\t<h3 class=\"elementor-heading-title elementor-size-default\"><a href=\"https:\/\/www.centraldevacaciones.com\/blog\/vuelo-hotel\/\">Vuelo + hotel <\/a><\/h3>\t\t\t\t<\/div>\n\t\t\t\t\t<\/div>\n\t\t<\/div>\n\t\t\t\t<div class=\"elementor-column elementor-col-16 elementor-top-column elementor-element elementor-element-110dfac\" data-id=\"110dfac\" data-element_type=\"column\">\n\t\t\t<div class=\"elementor-widget-wrap elementor-element-populated\">\n\t\t\t\t\t\t<div class=\"elementor-element elementor-element-578511d elementor-widget elementor-widget-image\" data-id=\"578511d\" data-element_type=\"widget\" data-widget_type=\"image.default\">\n\t\t\t\t\t\t\t\t\t\t\t\t\t\t\t<img loading=\"lazy\" decoding=\"async\" width=\"128\" height=\"128\" src=\"https:\/\/www.centraldevacaciones.com\/blog\/wp-content\/uploads\/2021\/05\/crucero.png\" class=\"attachment-large size-large wp-image-12642\" alt=\"\" \/>\t\t\t\t\t\t\t\t\t\t\t\t\t\t\t<\/div>\n\t\t\t\t<div class=\"elementor-element elementor-element-58e87ab5 elementor-widget elementor-widget-heading\" data-id=\"58e87ab5\" data-element_type=\"widget\" data-widget_type=\"heading.default\">\n\t\t\t\t\t<h3 class=\"elementor-heading-title elementor-size-default\"><a href=\"https:\/\/www.centraldevacaciones.com\/blog\/destinos-cruceros\/\">Ofertas  cruceros<\/a><\/h3>\t\t\t\t<\/div>\n\t\t\t\t\t<\/div>\n\t\t<\/div>\n\t\t\t\t\t<\/div>\n\t\t<\/section>\n\t\t\t\t<section class=\"elementor-section elementor-top-section elementor-element elementor-element-39570ba elementor-section-boxed elementor-section-height-default elementor-section-height-default\" data-id=\"39570ba\" data-element_type=\"section\">\n\t\t\t\t\t\t<div class=\"elementor-container elementor-column-gap-default\">\n\t\t\t\t\t<div class=\"elementor-column elementor-col-100 elementor-top-column elementor-element elementor-element-f59305b\" data-id=\"f59305b\" data-element_type=\"column\">\n\t\t\t<div class=\"elementor-widget-wrap elementor-element-populated\">\n\t\t\t\t\t\t<div class=\"elementor-element elementor-element-63f64d5 elementor-widget elementor-widget-text-editor\" data-id=\"63f64d5\" data-element_type=\"widget\" data-widget_type=\"text-editor.default\">\n\t\t\t\t\t\t\t\t\t<p><span style=\"font-weight: 400;\">\u00bfTe gustar\u00eda poder disfrutar este verano de unas vacaciones en tu lugar favorito con los extras m\u00e1s premium que mejor se adapten a ti y poder contar la experiencia a tus conocidos? Est\u00e1s en el sitio correcto, \u00a1Si\u00e9ntete como en casa desde el primer d\u00eda de estancia en cualquier hotel reservado con Central de Vacaciones!<\/span><\/p><p><span style=\"font-weight: 400;\">Haz tu reserva cuando quieras y a donde quieras, teniendo acceso a todo tipo de lujos para elegir y disfruta unos d\u00edas de verano inolvidables junto a las personas que m\u00e1s quieres. \u00a1Haz ya tu reserva antes de que se agote la disponibilidad a muchos destinos y disfruta de un verano espectacular cuando y donde quieras con Central de Vacaciones!<\/span><\/p>\t\t\t\t\t\t\t\t<\/div>\n\t\t\t\t\t<\/div>\n\t\t<\/div>\n\t\t\t\t\t<\/div>\n\t\t<\/section>\n\t\t\t\t<\/div>\n\t\t","protected":false},"excerpt":{"rendered":"<p>Berna, (o Bern, en alem\u00e1n) es la capital de Suiza. Llamada \u00abla ciudad federal\u00ab, se encuentra en la Suiza alemana, en el coraz\u00f3n el pa\u00eds.\u00a0 Berna es la sede de todas las autoridades federales, y cuenta con 144.000 (2020) habitantes, la mayor\u00eda de habla alemana, teniendo como particularidad en su paisaje la presencia del hermoso [&hellip;]<\/p>\n","protected":false},"author":1,"featured_media":3501,"comment_status":"open","ping_status":"open","sticky":false,"template":"elementor_theme","format":"standard","meta":{"_acf_changed":false,"footnotes":""},"categories":[208,193,207,195,17],"tags":[171],"class_list":["post-3498","post","type-post","status-publish","format-standard","has-post-thumbnail","hentry","category-ideas-escapadas","category-europa","category-ideas-viajes-invierno","category-rutas-por-europa","category-viajes-por-europa","tag-suiza"],"acf":[],"_links":{"self":[{"href":"https:\/\/www.centraldevacaciones.com\/blog\/wp-json\/wp\/v2\/posts\/3498","targetHints":{"allow":["GET"]}}],"collection":[{"href":"https:\/\/www.centraldevacaciones.com\/blog\/wp-json\/wp\/v2\/posts"}],"about":[{"href":"https:\/\/www.centraldevacaciones.com\/blog\/wp-json\/wp\/v2\/types\/post"}],"author":[{"embeddable":true,"href":"https:\/\/www.centraldevacaciones.com\/blog\/wp-json\/wp\/v2\/users\/1"}],"replies":[{"embeddable":true,"href":"https:\/\/www.centraldevacaciones.com\/blog\/wp-json\/wp\/v2\/comments?post=3498"}],"version-history":[{"count":3,"href":"https:\/\/www.centraldevacaciones.com\/blog\/wp-json\/wp\/v2\/posts\/3498\/revisions"}],"predecessor-version":[{"id":186248,"href":"https:\/\/www.centraldevacaciones.com\/blog\/wp-json\/wp\/v2\/posts\/3498\/revisions\/186248"}],"wp:featuredmedia":[{"embeddable":true,"href":"https:\/\/www.centraldevacaciones.com\/blog\/wp-json\/wp\/v2\/media\/3501"}],"wp:attachment":[{"href":"https:\/\/www.centraldevacaciones.com\/blog\/wp-json\/wp\/v2\/media?parent=3498"}],"wp:term":[{"taxonomy":"category","embeddable":true,"href":"https:\/\/www.centraldevacaciones.com\/blog\/wp-json\/wp\/v2\/categories?post=3498"},{"taxonomy":"post_tag","embeddable":true,"href":"https:\/\/www.centraldevacaciones.com\/blog\/wp-json\/wp\/v2\/tags?post=3498"}],"curies":[{"name":"wp","href":"https:\/\/api.w.org\/{rel}","templated":true}]}}