{"id":3477,"date":"2017-01-12T18:14:20","date_gmt":"2017-01-12T17:14:20","guid":{"rendered":"http:\/\/blog.centraldevacaciones.com\/?p=3477"},"modified":"2022-03-23T13:17:16","modified_gmt":"2022-03-23T12:17:16","slug":"conociendo-los-paises-balcanicos","status":"publish","type":"post","link":"https:\/\/www.centraldevacaciones.com\/blog\/conociendo-los-paises-balcanicos\/","title":{"rendered":"Conociendo los Pa\u00edses Balc\u00e1nicos"},"content":{"rendered":"\t\t<div data-elementor-type=\"wp-post\" data-elementor-id=\"3477\" class=\"elementor elementor-3477\" data-elementor-post-type=\"post\">\n\t\t\t\t\t\t<section class=\"elementor-section elementor-top-section elementor-element elementor-element-b556357 elementor-section-boxed elementor-section-height-default elementor-section-height-default\" data-id=\"b556357\" data-element_type=\"section\">\n\t\t\t\t\t\t<div class=\"elementor-container elementor-column-gap-default\">\n\t\t\t\t\t<div class=\"elementor-column elementor-col-100 elementor-top-column elementor-element elementor-element-36e3f9b\" data-id=\"36e3f9b\" data-element_type=\"column\">\n\t\t\t<div class=\"elementor-widget-wrap elementor-element-populated\">\n\t\t\t\t\t\t<div class=\"elementor-element elementor-element-2090454 elementor-widget elementor-widget-text-editor\" data-id=\"2090454\" data-element_type=\"widget\" data-widget_type=\"text-editor.default\">\n\t\t\t\t\t\t\t\t\t<p>Los <strong>pa\u00edses balc\u00e1nicos son aquellos que est\u00e1n comprendidos en la Pen\u00ednsula Balc\u00e1nica,<\/strong> al cual es una de las cadenas monta\u00f1osas m\u00e1s importantes de la <strong>regi\u00f3n del sureste de Europa<\/strong>. Alcanza un territorio de m\u00e1s de 550 mil kil\u00f3metros cuadrados y cuenta con m\u00e1s de 53 millones de habitantes.<\/p>\n<p>La mayor parte de su poblaci\u00f3n reside cerca de las grandes ciudades. Las urbes m\u00e1s importantes de la regi\u00f3n son las ciudades de <strong>Zagreb<\/strong> (capital de Croacia), <strong>Sarajevo<\/strong>, <strong>Skope<\/strong> y<strong> Tirana<\/strong>.<\/p>\n<p>Durante la crisis de los Balcanes en 1990, la regi\u00f3n experiment\u00f3 emigraciones masivas al resto de Europa, provocando malestar en algunos pa\u00edses de Europa Central, cuya poblaci\u00f3n no ve\u00eda con buenos ojos el asentamiento de rumanos, croatas o serbios. Muchos de ellos emigraron a la pen\u00ednsula it\u00e1lica.<\/p>\n<p>La historia de la regi\u00f3n de los Balcanes est\u00e1 atravesada por las divisiones y los enfrentamientos, que comenzaron en la segunda mitad el siglo XIX.<\/p>\t\t\t\t\t\t\t\t<\/div>\n\t\t\t\t\t<\/div>\n\t\t<\/div>\n\t\t\t\t\t<\/div>\n\t\t<\/section>\n\t\t\t\t<section class=\"elementor-section elementor-top-section elementor-element elementor-element-293b818 elementor-section-boxed elementor-section-height-default elementor-section-height-default\" data-id=\"293b818\" data-element_type=\"section\">\n\t\t\t\t\t\t<div class=\"elementor-container elementor-column-gap-default\">\n\t\t\t\t\t<div class=\"elementor-column elementor-col-100 elementor-top-column elementor-element elementor-element-7b241bae\" data-id=\"7b241bae\" data-element_type=\"column\">\n\t\t\t<div class=\"elementor-widget-wrap elementor-element-populated\">\n\t\t\t\t\t\t<div class=\"elementor-element elementor-element-1f5dbc66 elementor-widget elementor-widget-text-editor\" data-id=\"1f5dbc66\" data-element_type=\"widget\" data-widget_type=\"text-editor.default\">\n\t\t\t\t\t\t\t\t\t\n<table class=\"infobox\">\n<tbody>\n<tr>\n<th class=\"cabecera mapa\" colspan=\"3\">Pen\u00ednsula balc\u00e1nica<\/th>\n<\/tr>\n<tr>\n<td colspan=\"3\"><a class=\"image\" href=\"https:\/\/commons.wikimedia.org\/wiki\/File:Wildfires_Balkans_July_2007-NASA.jpg\" rel=\"nofollow noopener\" target=\"_blank\"><img fetchpriority=\"high\" decoding=\"async\" src=\"https:\/\/upload.wikimedia.org\/wikipedia\/commons\/thumb\/3\/3b\/Wildfires_Balkans_July_2007-NASA.jpg\/280px-Wildfires_Balkans_July_2007-NASA.jpg\" srcset=\"\/\/upload.wikimedia.org\/wikipedia\/commons\/thumb\/3\/3b\/Wildfires_Balkans_July_2007-NASA.jpg\/420px-Wildfires_Balkans_July_2007-NASA.jpg 1.5x, \/\/upload.wikimedia.org\/wikipedia\/commons\/thumb\/3\/3b\/Wildfires_Balkans_July_2007-NASA.jpg\/560px-Wildfires_Balkans_July_2007-NASA.jpg 2x\" alt=\"Wildfires Balkans July 2007-NASA.jpg\" width=\"280\" height=\"317\" data-file-width=\"4600\" data-file-height=\"5200\" \/><\/a><br \/>Vista de sat\u00e9lite de la pen\u00ednsula (imagen de julio 2007 mostrando la ola de incendios de ese verano)<\/td>\n<\/tr>\n<tr>\n<th colspan=\"3\">Localizaci\u00f3n administrativa<\/th>\n<\/tr>\n<tr>\n<th scope=\"row\">Pa\u00edses<\/th>\n<td colspan=\"2\">\n<p><span class=\"flagicon\">\u00a0<\/span>Albania<br \/><span class=\"flagicon\"><img decoding=\"async\" class=\"alignnone size-full wp-image-23851\" src=\"https:\/\/www.centraldevacaciones.com\/blog\/wp-content\/uploads\/2022\/03\/bandera-bosnia.jpeg\" alt=\"\" width=\"1200\" height=\"600\" srcset=\"https:\/\/www.centraldevacaciones.com\/blog\/wp-content\/uploads\/2022\/03\/bandera-bosnia.jpeg 1200w, https:\/\/www.centraldevacaciones.com\/blog\/wp-content\/uploads\/2022\/03\/bandera-bosnia-300x150.jpeg 300w, https:\/\/www.centraldevacaciones.com\/blog\/wp-content\/uploads\/2022\/03\/bandera-bosnia-1024x512.jpeg 1024w, https:\/\/www.centraldevacaciones.com\/blog\/wp-content\/uploads\/2022\/03\/bandera-bosnia-768x384.jpeg 768w\" sizes=\"(max-width: 1200px) 100vw, 1200px\" \/>\u00a0<\/span>Bosnia y Herzegovina<br \/><span class=\"flagicon\"><img decoding=\"async\" class=\"alignnone size-full wp-image-23852\" src=\"https:\/\/www.centraldevacaciones.com\/blog\/wp-content\/uploads\/2022\/03\/bandera-bulgaria.png\" alt=\"\" width=\"1600\" height=\"960\" srcset=\"https:\/\/www.centraldevacaciones.com\/blog\/wp-content\/uploads\/2022\/03\/bandera-bulgaria.png 1600w, https:\/\/www.centraldevacaciones.com\/blog\/wp-content\/uploads\/2022\/03\/bandera-bulgaria-300x180.png 300w, https:\/\/www.centraldevacaciones.com\/blog\/wp-content\/uploads\/2022\/03\/bandera-bulgaria-1024x614.png 1024w, https:\/\/www.centraldevacaciones.com\/blog\/wp-content\/uploads\/2022\/03\/bandera-bulgaria-768x461.png 768w, https:\/\/www.centraldevacaciones.com\/blog\/wp-content\/uploads\/2022\/03\/bandera-bulgaria-1536x922.png 1536w\" sizes=\"(max-width: 1600px) 100vw, 1600px\" \/><\/span><\/p>\n<p><span class=\"flagicon\">Bulgaria<\/span><\/p>\n<p><span class=\"flagicon\"><img loading=\"lazy\" decoding=\"async\" class=\"alignnone size-full wp-image-23853\" src=\"https:\/\/www.centraldevacaciones.com\/blog\/wp-content\/uploads\/2022\/03\/bandera-croacia.png\" alt=\"\" width=\"1200\" height=\"600\" srcset=\"https:\/\/www.centraldevacaciones.com\/blog\/wp-content\/uploads\/2022\/03\/bandera-croacia.png 1200w, https:\/\/www.centraldevacaciones.com\/blog\/wp-content\/uploads\/2022\/03\/bandera-croacia-300x150.png 300w, https:\/\/www.centraldevacaciones.com\/blog\/wp-content\/uploads\/2022\/03\/bandera-croacia-1024x512.png 1024w, https:\/\/www.centraldevacaciones.com\/blog\/wp-content\/uploads\/2022\/03\/bandera-croacia-768x384.png 768w\" sizes=\"(max-width: 1200px) 100vw, 1200px\" \/>\u00a0<\/span>Croacia<br \/><img loading=\"lazy\" decoding=\"async\" class=\"alignnone size-full wp-image-23854\" src=\"https:\/\/www.centraldevacaciones.com\/blog\/wp-content\/uploads\/2022\/03\/800px-Flag_of_Slovenia.svg.png\" alt=\"\" width=\"800\" height=\"400\" srcset=\"https:\/\/www.centraldevacaciones.com\/blog\/wp-content\/uploads\/2022\/03\/800px-Flag_of_Slovenia.svg.png 800w, https:\/\/www.centraldevacaciones.com\/blog\/wp-content\/uploads\/2022\/03\/800px-Flag_of_Slovenia.svg-300x150.png 300w, https:\/\/www.centraldevacaciones.com\/blog\/wp-content\/uploads\/2022\/03\/800px-Flag_of_Slovenia.svg-768x384.png 768w\" sizes=\"(max-width: 800px) 100vw, 800px\" \/>\u00a0Eslovenia<br \/><span class=\"flagicon\"><img loading=\"lazy\" decoding=\"async\" class=\"alignnone size-full wp-image-23855\" src=\"https:\/\/www.centraldevacaciones.com\/blog\/wp-content\/uploads\/2022\/03\/banderagrecia.png\" alt=\"\" width=\"1600\" height=\"1067\" srcset=\"https:\/\/www.centraldevacaciones.com\/blog\/wp-content\/uploads\/2022\/03\/banderagrecia.png 1600w, https:\/\/www.centraldevacaciones.com\/blog\/wp-content\/uploads\/2022\/03\/banderagrecia-300x200.png 300w, https:\/\/www.centraldevacaciones.com\/blog\/wp-content\/uploads\/2022\/03\/banderagrecia-1024x683.png 1024w, https:\/\/www.centraldevacaciones.com\/blog\/wp-content\/uploads\/2022\/03\/banderagrecia-768x512.png 768w, https:\/\/www.centraldevacaciones.com\/blog\/wp-content\/uploads\/2022\/03\/banderagrecia-1536x1024.png 1536w\" sizes=\"(max-width: 1600px) 100vw, 1600px\" \/>\u00a0<\/span>Grecia<br \/><span class=\"flagicon\"><img loading=\"lazy\" decoding=\"async\" class=\"alignnone size-full wp-image-23856\" src=\"https:\/\/www.centraldevacaciones.com\/blog\/wp-content\/uploads\/2022\/03\/descarga.png\" alt=\"\" width=\"275\" height=\"183\" \/>\u00a0<\/span>Italia<br \/><span class=\"flagicon\"><img loading=\"lazy\" decoding=\"async\" class=\"alignnone size-full wp-image-23857\" src=\"https:\/\/www.centraldevacaciones.com\/blog\/wp-content\/uploads\/2022\/03\/Flag_of_Kosovo.svg.png\" alt=\"\" width=\"1200\" height=\"857\" srcset=\"https:\/\/www.centraldevacaciones.com\/blog\/wp-content\/uploads\/2022\/03\/Flag_of_Kosovo.svg.png 1200w, https:\/\/www.centraldevacaciones.com\/blog\/wp-content\/uploads\/2022\/03\/Flag_of_Kosovo.svg-300x214.png 300w, https:\/\/www.centraldevacaciones.com\/blog\/wp-content\/uploads\/2022\/03\/Flag_of_Kosovo.svg-1024x731.png 1024w, https:\/\/www.centraldevacaciones.com\/blog\/wp-content\/uploads\/2022\/03\/Flag_of_Kosovo.svg-768x548.png 768w\" sizes=\"(max-width: 1200px) 100vw, 1200px\" \/>\u00a0<\/span>Kosovo<br \/><span class=\"flagicon\"><img loading=\"lazy\" decoding=\"async\" class=\"alignnone size-full wp-image-23858\" src=\"https:\/\/www.centraldevacaciones.com\/blog\/wp-content\/uploads\/2022\/03\/Flag_of_North_Macedonia.svg.png\" alt=\"\" width=\"1200\" height=\"600\" srcset=\"https:\/\/www.centraldevacaciones.com\/blog\/wp-content\/uploads\/2022\/03\/Flag_of_North_Macedonia.svg.png 1200w, https:\/\/www.centraldevacaciones.com\/blog\/wp-content\/uploads\/2022\/03\/Flag_of_North_Macedonia.svg-300x150.png 300w, https:\/\/www.centraldevacaciones.com\/blog\/wp-content\/uploads\/2022\/03\/Flag_of_North_Macedonia.svg-1024x512.png 1024w, https:\/\/www.centraldevacaciones.com\/blog\/wp-content\/uploads\/2022\/03\/Flag_of_North_Macedonia.svg-768x384.png 768w\" sizes=\"(max-width: 1200px) 100vw, 1200px\" \/>\u00a0<\/span>Macedonia<br \/><span class=\"flagicon\"><img loading=\"lazy\" decoding=\"async\" class=\"alignnone size-full wp-image-23859\" src=\"https:\/\/www.centraldevacaciones.com\/blog\/wp-content\/uploads\/2022\/03\/Flag_of_Montenegro.svg.png\" alt=\"\" width=\"800\" height=\"400\" srcset=\"https:\/\/www.centraldevacaciones.com\/blog\/wp-content\/uploads\/2022\/03\/Flag_of_Montenegro.svg.png 800w, https:\/\/www.centraldevacaciones.com\/blog\/wp-content\/uploads\/2022\/03\/Flag_of_Montenegro.svg-300x150.png 300w, https:\/\/www.centraldevacaciones.com\/blog\/wp-content\/uploads\/2022\/03\/Flag_of_Montenegro.svg-768x384.png 768w\" sizes=\"(max-width: 800px) 100vw, 800px\" \/>\u00a0<\/span>Montenegro<br \/><img loading=\"lazy\" decoding=\"async\" class=\"alignnone size-full wp-image-23860\" src=\"https:\/\/www.centraldevacaciones.com\/blog\/wp-content\/uploads\/2022\/03\/200px-Flag_of_Romania.svg.png\" alt=\"\" width=\"200\" height=\"133\" \/>\u00a0Rumania<br \/><span class=\"flagicon\"><img loading=\"lazy\" decoding=\"async\" class=\"alignnone size-full wp-image-23861\" src=\"https:\/\/www.centraldevacaciones.com\/blog\/wp-content\/uploads\/2022\/03\/200px-Flag_of_Serbia.svg.png\" alt=\"\" width=\"200\" height=\"133\" \/>\u00a0<\/span>Serbia<br \/><span class=\"flagicon\"><img loading=\"lazy\" decoding=\"async\" class=\"alignnone size-full wp-image-23862\" src=\"https:\/\/www.centraldevacaciones.com\/blog\/wp-content\/uploads\/2022\/03\/tr.png\" alt=\"\" width=\"580\" height=\"387\" srcset=\"https:\/\/www.centraldevacaciones.com\/blog\/wp-content\/uploads\/2022\/03\/tr.png 580w, https:\/\/www.centraldevacaciones.com\/blog\/wp-content\/uploads\/2022\/03\/tr-300x200.png 300w\" sizes=\"(max-width: 580px) 100vw, 580px\" \/>\u00a0<\/span>Turqu\u00eda<\/p>\n<\/td>\n<\/tr>\n<\/tbody>\n<\/table>\n<p>\u00a0<\/p>\n<p>\u00a0<\/p>\t\t\t\t\t\t\t\t<\/div>\n\t\t\t\t\t<\/div>\n\t\t<\/div>\n\t\t\t\t\t<\/div>\n\t\t<\/section>\n\t\t\t\t<section class=\"elementor-section elementor-top-section elementor-element elementor-element-e10d4be elementor-section-boxed elementor-section-height-default elementor-section-height-default\" data-id=\"e10d4be\" data-element_type=\"section\">\n\t\t\t\t\t\t<div class=\"elementor-container elementor-column-gap-default\">\n\t\t\t\t\t<div class=\"elementor-column elementor-col-100 elementor-top-column elementor-element elementor-element-a39b64c\" data-id=\"a39b64c\" data-element_type=\"column\">\n\t\t\t<div class=\"elementor-widget-wrap elementor-element-populated\">\n\t\t\t\t\t\t<div class=\"elementor-element elementor-element-5519862 elementor-widget elementor-widget-heading\" data-id=\"5519862\" data-element_type=\"widget\" data-widget_type=\"heading.default\">\n\t\t\t\t\t<h2 class=\"elementor-heading-title elementor-size-default\">\u00bfCu\u00e1les son los pa\u00edses balc\u00e1nicos? <\/h2>\t\t\t\t<\/div>\n\t\t\t\t\t<\/div>\n\t\t<\/div>\n\t\t\t\t\t<\/div>\n\t\t<\/section>\n\t\t\t\t<section class=\"elementor-section elementor-top-section elementor-element elementor-element-d6e8444 elementor-section-boxed elementor-section-height-default elementor-section-height-default\" data-id=\"d6e8444\" data-element_type=\"section\">\n\t\t\t\t\t\t<div class=\"elementor-container elementor-column-gap-default\">\n\t\t\t\t\t<div class=\"elementor-column elementor-col-100 elementor-top-column elementor-element elementor-element-8c68b61\" data-id=\"8c68b61\" data-element_type=\"column\">\n\t\t\t<div class=\"elementor-widget-wrap elementor-element-populated\">\n\t\t\t\t\t\t<div class=\"elementor-element elementor-element-16512e9 elementor-widget elementor-widget-text-editor\" data-id=\"16512e9\" data-element_type=\"widget\" data-widget_type=\"text-editor.default\">\n\t\t\t\t\t\t\t\t\t<p><strong>Los pa\u00edses Balc\u00e1nicos son: <\/strong>Albania, Bosnia y Hezegovina, Bulgaria, Croacia, Grecia, Rep\u00fablica de \u00a0Macedonia, Montenegro, Rumania, Serbia, incluyendo a Kosovo y Turqu\u00eda.<\/p>\n<p>La Pen\u00ednsula de los Balcanes se halla rodeada por los mares Adri\u00e1tico, J\u00f3nico, Egeo, M\u00e1rmara y Negro. La separan del continente asi\u00e1tico los estrechos de Dardanelos y del B\u00f3sforo.<\/p>\n<p>La zona de los Balcanes posee una gran variedad de razas, en la que predomina la blanca, pero la diversidad de su etnia se debe a la mezcla de culturas a lo largo de su historia.<\/p>\n<p>La <strong>religi\u00f3n<\/strong> que se practica en los pa\u00edses balc\u00e1nicos es la cristiana, pero al haber existido el dominio del Imperio otomano en la antig\u00fcedad, hay mucha poblaci\u00f3n que profesa el Islam.<\/p>\n<p>En los Balcanes se hablan distintos idiomas, aunque predominan aquellos procedentes de lengua eslava. Asimismo, las lenguas de origen lat\u00edn est\u00e1n presentes en pa\u00edses como Rumania. En algunos sitios se habla el turco y el italiano.<\/p>\t\t\t\t\t\t\t\t<\/div>\n\t\t\t\t\t<\/div>\n\t\t<\/div>\n\t\t\t\t\t<\/div>\n\t\t<\/section>\n\t\t\t\t<section class=\"elementor-section elementor-top-section elementor-element elementor-element-4dec93a elementor-section-boxed elementor-section-height-default elementor-section-height-default\" data-id=\"4dec93a\" data-element_type=\"section\">\n\t\t\t\t\t\t<div class=\"elementor-container elementor-column-gap-default\">\n\t\t\t\t\t<div class=\"elementor-column elementor-col-100 elementor-top-column elementor-element elementor-element-a166cbf\" data-id=\"a166cbf\" data-element_type=\"column\">\n\t\t\t<div class=\"elementor-widget-wrap elementor-element-populated\">\n\t\t\t\t\t\t<div class=\"elementor-element elementor-element-3d0ee7a elementor-widget elementor-widget-heading\" data-id=\"3d0ee7a\" data-element_type=\"widget\" data-widget_type=\"heading.default\">\n\t\t\t\t\t<h3 class=\"elementor-heading-title elementor-size-default\">Albania<\/h3>\t\t\t\t<\/div>\n\t\t\t\t\t<\/div>\n\t\t<\/div>\n\t\t\t\t\t<\/div>\n\t\t<\/section>\n\t\t\t\t<section class=\"elementor-section elementor-top-section elementor-element elementor-element-2420b77 elementor-section-boxed elementor-section-height-default elementor-section-height-default\" data-id=\"2420b77\" data-element_type=\"section\">\n\t\t\t\t\t\t<div class=\"elementor-container elementor-column-gap-default\">\n\t\t\t\t\t<div class=\"elementor-column elementor-col-100 elementor-top-column elementor-element elementor-element-bbbd854\" data-id=\"bbbd854\" data-element_type=\"column\">\n\t\t\t<div class=\"elementor-widget-wrap elementor-element-populated\">\n\t\t\t\t\t\t<div class=\"elementor-element elementor-element-972c741 elementor-widget elementor-widget-text-editor\" data-id=\"972c741\" data-element_type=\"widget\" data-widget_type=\"text-editor.default\">\n\t\t\t\t\t\t\t\t\t<p>La rep\u00fablica de Albania es un peque\u00f1o pa\u00eds a caballo entre la costa del Adri\u00e1tico y la costa Ioniana. En su interior encontramos la llamada cordillera de los Alpes Albanos. Su capital es Tirana, donde resida la payor parte de su poblaci\u00f3n. Algunos de sus puntos de inter\u00e9s m\u00e1s interesantes incluyen su capital; Berat, un pueblo Patrimonio Mundial de la UNESCO; Gjirokastra, otro pueblo patrimonio mundial repleto de arquitectura otomana tradicional.\u00a0<\/p>\t\t\t\t\t\t\t\t<\/div>\n\t\t\t\t\t<\/div>\n\t\t<\/div>\n\t\t\t\t\t<\/div>\n\t\t<\/section>\n\t\t\t\t<section class=\"elementor-section elementor-top-section elementor-element elementor-element-65c5fc2 elementor-section-boxed elementor-section-height-default elementor-section-height-default\" data-id=\"65c5fc2\" data-element_type=\"section\">\n\t\t\t\t\t\t<div class=\"elementor-container elementor-column-gap-default\">\n\t\t\t\t\t<div class=\"elementor-column elementor-col-100 elementor-top-column elementor-element elementor-element-b754f63\" data-id=\"b754f63\" data-element_type=\"column\">\n\t\t\t<div class=\"elementor-widget-wrap elementor-element-populated\">\n\t\t\t\t\t\t<div class=\"elementor-element elementor-element-9ddb0c9 elementor-widget elementor-widget-heading\" data-id=\"9ddb0c9\" data-element_type=\"widget\" data-widget_type=\"heading.default\">\n\t\t\t\t\t<h3 class=\"elementor-heading-title elementor-size-default\">Bosnia y Herzegovina <\/h3>\t\t\t\t<\/div>\n\t\t\t\t\t<\/div>\n\t\t<\/div>\n\t\t\t\t\t<\/div>\n\t\t<\/section>\n\t\t\t\t<section class=\"elementor-section elementor-top-section elementor-element elementor-element-2be0eb0 elementor-section-boxed elementor-section-height-default elementor-section-height-default\" data-id=\"2be0eb0\" data-element_type=\"section\">\n\t\t\t\t\t\t<div class=\"elementor-container elementor-column-gap-default\">\n\t\t\t\t\t<div class=\"elementor-column elementor-col-100 elementor-top-column elementor-element elementor-element-c476b88\" data-id=\"c476b88\" data-element_type=\"column\">\n\t\t\t<div class=\"elementor-widget-wrap elementor-element-populated\">\n\t\t\t\t\t\t<div class=\"elementor-element elementor-element-802a5cd elementor-widget elementor-widget-text-editor\" data-id=\"802a5cd\" data-element_type=\"widget\" data-widget_type=\"text-editor.default\">\n\t\t\t\t\t\t\t\t\t<p>Otro de los pa\u00edses balc\u00e1nicos es Bosnia y Herzegovina, pa\u00eds que consigui\u00f3 su independencia como estado en 1997. Su capital es Sarajevo, una interesante ciuded para visitar. Adem\u00e1s, tambi\u00e9n te recomendamos una visita a Mostar o al monasterio de Trebinje.\u00a0<\/p>\t\t\t\t\t\t\t\t<\/div>\n\t\t\t\t\t<\/div>\n\t\t<\/div>\n\t\t\t\t\t<\/div>\n\t\t<\/section>\n\t\t\t\t<section class=\"elementor-section elementor-top-section elementor-element elementor-element-a98c28d elementor-section-boxed elementor-section-height-default elementor-section-height-default\" data-id=\"a98c28d\" data-element_type=\"section\">\n\t\t\t\t\t\t<div class=\"elementor-container elementor-column-gap-default\">\n\t\t\t\t\t<div class=\"elementor-column elementor-col-100 elementor-top-column elementor-element elementor-element-61bdf26\" data-id=\"61bdf26\" data-element_type=\"column\">\n\t\t\t<div class=\"elementor-widget-wrap elementor-element-populated\">\n\t\t\t\t\t\t<div class=\"elementor-element elementor-element-eedd564 elementor-widget elementor-widget-heading\" data-id=\"eedd564\" data-element_type=\"widget\" data-widget_type=\"heading.default\">\n\t\t\t\t\t<h3 class=\"elementor-heading-title elementor-size-default\">Bulgaria<\/h3>\t\t\t\t<\/div>\n\t\t\t\t\t<\/div>\n\t\t<\/div>\n\t\t\t\t\t<\/div>\n\t\t<\/section>\n\t\t\t\t<section class=\"elementor-section elementor-top-section elementor-element elementor-element-151279b elementor-section-boxed elementor-section-height-default elementor-section-height-default\" data-id=\"151279b\" data-element_type=\"section\">\n\t\t\t\t\t\t<div class=\"elementor-container elementor-column-gap-default\">\n\t\t\t\t\t<div class=\"elementor-column elementor-col-100 elementor-top-column elementor-element elementor-element-0467fe7\" data-id=\"0467fe7\" data-element_type=\"column\">\n\t\t\t<div class=\"elementor-widget-wrap elementor-element-populated\">\n\t\t\t\t\t\t<div class=\"elementor-element elementor-element-3eaea65 elementor-widget elementor-widget-text-editor\" data-id=\"3eaea65\" data-element_type=\"widget\" data-widget_type=\"text-editor.default\">\n\t\t\t\t\t\t\t\t\t<p>Con su capital en Sof\u00eda, este pa\u00eds colinda con Turqu\u00eda y Ruman\u00eda. Adem\u00e1s de Sof\u00eda, no te uedes perder el antiguo teatro griego de Plovdiv, la ciudad de Varna y el Valle de las Rosas, donde conocer\u00e1s el entorno rural de este pa\u00eds balc\u00e1nico.\u00a0<\/p>\t\t\t\t\t\t\t\t<\/div>\n\t\t\t\t\t<\/div>\n\t\t<\/div>\n\t\t\t\t\t<\/div>\n\t\t<\/section>\n\t\t\t\t<section class=\"elementor-section elementor-top-section elementor-element elementor-element-65d16be elementor-section-boxed elementor-section-height-default elementor-section-height-default\" data-id=\"65d16be\" data-element_type=\"section\">\n\t\t\t\t\t\t<div class=\"elementor-container elementor-column-gap-default\">\n\t\t\t\t\t<div class=\"elementor-column elementor-col-100 elementor-top-column elementor-element elementor-element-66b0696\" data-id=\"66b0696\" data-element_type=\"column\">\n\t\t\t<div class=\"elementor-widget-wrap elementor-element-populated\">\n\t\t\t\t\t\t<div class=\"elementor-element elementor-element-b1ad116 elementor-widget elementor-widget-heading\" data-id=\"b1ad116\" data-element_type=\"widget\" data-widget_type=\"heading.default\">\n\t\t\t\t\t<h3 class=\"elementor-heading-title elementor-size-default\">Croacia<\/h3>\t\t\t\t<\/div>\n\t\t\t\t\t<\/div>\n\t\t<\/div>\n\t\t\t\t\t<\/div>\n\t\t<\/section>\n\t\t\t\t<section class=\"elementor-section elementor-top-section elementor-element elementor-element-158c937 elementor-section-boxed elementor-section-height-default elementor-section-height-default\" data-id=\"158c937\" data-element_type=\"section\">\n\t\t\t\t\t\t<div class=\"elementor-container elementor-column-gap-default\">\n\t\t\t\t\t<div class=\"elementor-column elementor-col-100 elementor-top-column elementor-element elementor-element-6226fd6\" data-id=\"6226fd6\" data-element_type=\"column\">\n\t\t\t<div class=\"elementor-widget-wrap elementor-element-populated\">\n\t\t\t\t\t\t<div class=\"elementor-element elementor-element-262dddc elementor-widget elementor-widget-text-editor\" data-id=\"262dddc\" data-element_type=\"widget\" data-widget_type=\"text-editor.default\">\n\t\t\t\t\t\t\t\t\t<p>Se trata seguramente de uno de los pa\u00edses balc\u00e1nicos m\u00e1s tur\u00edsticos. Puedes hacer una <a href=\"https:\/\/www.centraldevacaciones.com\/blog\/ruta-costa-croacia\/\">ruta por la costa de Croacia<\/a> para conocer este hermoso pa\u00eds, repleto de playas hermosas como la de Zlatni Rat o Lone Bay. Asimismo, no te puedes perder una visita a su apital, Dubrovnik, que conserva una suerte de casco antiguo de la edad media que encandil\u00f3 a los mism\u00edsimos productores de Juego de Tronos.\u00a0<\/p>\t\t\t\t\t\t\t\t<\/div>\n\t\t\t\t\t<\/div>\n\t\t<\/div>\n\t\t\t\t\t<\/div>\n\t\t<\/section>\n\t\t\t\t<section class=\"elementor-section elementor-top-section elementor-element elementor-element-58d2e19 elementor-section-boxed elementor-section-height-default elementor-section-height-default\" data-id=\"58d2e19\" data-element_type=\"section\">\n\t\t\t\t\t\t<div class=\"elementor-container elementor-column-gap-default\">\n\t\t\t\t\t<div class=\"elementor-column elementor-col-100 elementor-top-column elementor-element elementor-element-c1e8198\" data-id=\"c1e8198\" data-element_type=\"column\">\n\t\t\t<div class=\"elementor-widget-wrap elementor-element-populated\">\n\t\t\t\t\t\t<div class=\"elementor-element elementor-element-6bc65be elementor-widget elementor-widget-heading\" data-id=\"6bc65be\" data-element_type=\"widget\" data-widget_type=\"heading.default\">\n\t\t\t\t\t<h3 class=\"elementor-heading-title elementor-size-default\">Grecia <\/h3>\t\t\t\t<\/div>\n\t\t\t\t\t<\/div>\n\t\t<\/div>\n\t\t\t\t\t<\/div>\n\t\t<\/section>\n\t\t\t\t<section class=\"elementor-section elementor-top-section elementor-element elementor-element-74014a9 elementor-section-boxed elementor-section-height-default elementor-section-height-default\" data-id=\"74014a9\" data-element_type=\"section\">\n\t\t\t\t\t\t<div class=\"elementor-container elementor-column-gap-default\">\n\t\t\t\t\t<div class=\"elementor-column elementor-col-100 elementor-top-column elementor-element elementor-element-704972a\" data-id=\"704972a\" data-element_type=\"column\">\n\t\t\t<div class=\"elementor-widget-wrap elementor-element-populated\">\n\t\t\t\t\t\t<div class=\"elementor-element elementor-element-994fb13 elementor-widget elementor-widget-text-editor\" data-id=\"994fb13\" data-element_type=\"widget\" data-widget_type=\"text-editor.default\">\n\t\t\t\t\t\t\t\t\t<p>Otro de los puntos m\u00e1s conocidos en lo que a pa\u00edses balc\u00e1nicos se refiere. Visita el famoso Parten\u00f3n, que vigila desde las alturas la capital del pa\u00eds, Grecia, y realiza un <strong>crucero por las islas griegas<\/strong> m\u00e1s famosas. Entre ellas encontramos Santorini, con sus pintorescas casitas blancas y azules; Mykonos;\u00a0 Creta o Corf\u00fa.<\/p>\t\t\t\t\t\t\t\t<\/div>\n\t\t\t\t\t<\/div>\n\t\t<\/div>\n\t\t\t\t\t<\/div>\n\t\t<\/section>\n\t\t\t\t<section class=\"elementor-section elementor-top-section elementor-element elementor-element-8749302 elementor-section-boxed elementor-section-height-default elementor-section-height-default\" data-id=\"8749302\" data-element_type=\"section\">\n\t\t\t\t\t\t<div class=\"elementor-container elementor-column-gap-default\">\n\t\t\t\t\t<div class=\"elementor-column elementor-col-100 elementor-top-column elementor-element elementor-element-a00d00a\" data-id=\"a00d00a\" data-element_type=\"column\">\n\t\t\t<div class=\"elementor-widget-wrap elementor-element-populated\">\n\t\t\t\t\t\t<div class=\"elementor-element elementor-element-7921e0b elementor-widget elementor-widget-heading\" data-id=\"7921e0b\" data-element_type=\"widget\" data-widget_type=\"heading.default\">\n\t\t\t\t\t<h3 class=\"elementor-heading-title elementor-size-default\">Rep\u00fablica de Macedonia del Norte<\/h3>\t\t\t\t<\/div>\n\t\t\t\t\t<\/div>\n\t\t<\/div>\n\t\t\t\t\t<\/div>\n\t\t<\/section>\n\t\t\t\t<section class=\"elementor-section elementor-top-section elementor-element elementor-element-114ecf8 elementor-section-boxed elementor-section-height-default elementor-section-height-default\" data-id=\"114ecf8\" data-element_type=\"section\">\n\t\t\t\t\t\t<div class=\"elementor-container elementor-column-gap-default\">\n\t\t\t\t\t<div class=\"elementor-column elementor-col-100 elementor-top-column elementor-element elementor-element-db212f3\" data-id=\"db212f3\" data-element_type=\"column\">\n\t\t\t<div class=\"elementor-widget-wrap elementor-element-populated\">\n\t\t\t\t\t\t<div class=\"elementor-element elementor-element-94384cb elementor-widget elementor-widget-text-editor\" data-id=\"94384cb\" data-element_type=\"widget\" data-widget_type=\"text-editor.default\">\n\t\t\t\t\t\t\t\t\t<p>Con su capital en <strong>Skopje<\/strong>, Macedonia es un pa\u00eds que limita con Serbia, Kosovo, Bulgaria, Grecia y Albania. Tiene poco m\u00e1s de 2 millones de habitantes y forma parte de los conocidos como <a href=\"https:\/\/www.centraldevacaciones.com\/blog\/conociendo-los-paises-eslavos\/\">pa\u00edses eslavos<\/a>.\u00a0 Tiene sitios tan interesantes para visitar como el monasterio de Osogovo, la ciudad Patrimonio de la Humanidad de Ohrid y, por supuesto, su capital.\u00a0<\/p>\t\t\t\t\t\t\t\t<\/div>\n\t\t\t\t\t<\/div>\n\t\t<\/div>\n\t\t\t\t\t<\/div>\n\t\t<\/section>\n\t\t\t\t<section class=\"elementor-section elementor-top-section elementor-element elementor-element-c1bf557 elementor-section-boxed elementor-section-height-default elementor-section-height-default\" data-id=\"c1bf557\" data-element_type=\"section\">\n\t\t\t\t\t\t<div class=\"elementor-container elementor-column-gap-default\">\n\t\t\t\t\t<div class=\"elementor-column elementor-col-100 elementor-top-column elementor-element elementor-element-76e9d08\" data-id=\"76e9d08\" data-element_type=\"column\">\n\t\t\t<div class=\"elementor-widget-wrap elementor-element-populated\">\n\t\t\t\t\t\t<div class=\"elementor-element elementor-element-1188df4 elementor-widget elementor-widget-heading\" data-id=\"1188df4\" data-element_type=\"widget\" data-widget_type=\"heading.default\">\n\t\t\t\t\t<h3 class=\"elementor-heading-title elementor-size-default\">Montenegro <\/h3>\t\t\t\t<\/div>\n\t\t\t\t\t<\/div>\n\t\t<\/div>\n\t\t\t\t\t<\/div>\n\t\t<\/section>\n\t\t\t\t<section class=\"elementor-section elementor-top-section elementor-element elementor-element-325c64a elementor-section-boxed elementor-section-height-default elementor-section-height-default\" data-id=\"325c64a\" data-element_type=\"section\">\n\t\t\t\t\t\t<div class=\"elementor-container elementor-column-gap-default\">\n\t\t\t\t\t<div class=\"elementor-column elementor-col-100 elementor-top-column elementor-element elementor-element-4000074\" data-id=\"4000074\" data-element_type=\"column\">\n\t\t\t<div class=\"elementor-widget-wrap elementor-element-populated\">\n\t\t\t\t\t\t<div class=\"elementor-element elementor-element-5404984 elementor-widget elementor-widget-text-editor\" data-id=\"5404984\" data-element_type=\"widget\" data-widget_type=\"text-editor.default\">\n\t\t\t\t\t\t\t\t\t<p>Montenegro es uno de los pa\u00edses balc\u00e1nicos m\u00e1s en auge en cuanto a turismo se refiere. Ciudades como Perast, Budva y Kotor son de un gran atractivo para aquellas personas que desean hacer un crucero por el Adri\u00e1tico, aunque existen peque\u00f1as joyas como las mota\u00f1as de Durmitor o su capital, <strong>Podgorica<\/strong>.\u00a0<\/p>\t\t\t\t\t\t\t\t<\/div>\n\t\t\t\t\t<\/div>\n\t\t<\/div>\n\t\t\t\t\t<\/div>\n\t\t<\/section>\n\t\t\t\t<section class=\"elementor-section elementor-top-section elementor-element elementor-element-1239c8f elementor-section-boxed elementor-section-height-default elementor-section-height-default\" data-id=\"1239c8f\" data-element_type=\"section\">\n\t\t\t\t\t\t<div class=\"elementor-container elementor-column-gap-default\">\n\t\t\t\t\t<div class=\"elementor-column elementor-col-100 elementor-top-column elementor-element elementor-element-845d82a\" data-id=\"845d82a\" data-element_type=\"column\">\n\t\t\t<div class=\"elementor-widget-wrap elementor-element-populated\">\n\t\t\t\t\t\t<div class=\"elementor-element elementor-element-164fa90 elementor-widget elementor-widget-heading\" data-id=\"164fa90\" data-element_type=\"widget\" data-widget_type=\"heading.default\">\n\t\t\t\t\t<h3 class=\"elementor-heading-title elementor-size-default\">Rumania <\/h3>\t\t\t\t<\/div>\n\t\t\t\t\t<\/div>\n\t\t<\/div>\n\t\t\t\t\t<\/div>\n\t\t<\/section>\n\t\t\t\t<section class=\"elementor-section elementor-top-section elementor-element elementor-element-fddd103 elementor-section-boxed elementor-section-height-default elementor-section-height-default\" data-id=\"fddd103\" data-element_type=\"section\">\n\t\t\t\t\t\t<div class=\"elementor-container elementor-column-gap-default\">\n\t\t\t\t\t<div class=\"elementor-column elementor-col-100 elementor-top-column elementor-element elementor-element-6343552\" data-id=\"6343552\" data-element_type=\"column\">\n\t\t\t<div class=\"elementor-widget-wrap elementor-element-populated\">\n\t\t\t\t\t\t<div class=\"elementor-element elementor-element-40d1e1b elementor-widget elementor-widget-text-editor\" data-id=\"40d1e1b\" data-element_type=\"widget\" data-widget_type=\"text-editor.default\">\n\t\t\t\t\t\t\t\t\t<p>Conocida por ser la tierra de Dr\u00e1cula, Ruman\u00eda es mucho m\u00e1s que la regi\u00f3n de Transilvania y el castillo de Bran. Su capital es Bucarest, donde se encuentra el imponente Palacio del Parlamento. Adem\u00e1s, te recomendamos una visita a la poblaci\u00f3n de Sighisoara, Rasnov y su preciosa ciudadela sobre los C\u00e1rpatos; y Sibiu, una curiosa ciudad que aloja casas que parece que tengan ojos en las ventanas.\u00a0<\/p>\t\t\t\t\t\t\t\t<\/div>\n\t\t\t\t\t<\/div>\n\t\t<\/div>\n\t\t\t\t\t<\/div>\n\t\t<\/section>\n\t\t\t\t<section class=\"elementor-section elementor-top-section elementor-element elementor-element-4fc1086 elementor-section-boxed elementor-section-height-default elementor-section-height-default\" data-id=\"4fc1086\" data-element_type=\"section\">\n\t\t\t\t\t\t<div class=\"elementor-container elementor-column-gap-default\">\n\t\t\t\t\t<div class=\"elementor-column elementor-col-100 elementor-top-column elementor-element elementor-element-7c217a4\" data-id=\"7c217a4\" data-element_type=\"column\">\n\t\t\t<div class=\"elementor-widget-wrap elementor-element-populated\">\n\t\t\t\t\t\t<div class=\"elementor-element elementor-element-0b500c7 elementor-widget elementor-widget-heading\" data-id=\"0b500c7\" data-element_type=\"widget\" data-widget_type=\"heading.default\">\n\t\t\t\t\t<h3 class=\"elementor-heading-title elementor-size-default\">Serbia <\/h3>\t\t\t\t<\/div>\n\t\t\t\t\t<\/div>\n\t\t<\/div>\n\t\t\t\t\t<\/div>\n\t\t<\/section>\n\t\t\t\t<section class=\"elementor-section elementor-top-section elementor-element elementor-element-335fb2d elementor-section-boxed elementor-section-height-default elementor-section-height-default\" data-id=\"335fb2d\" data-element_type=\"section\">\n\t\t\t\t\t\t<div class=\"elementor-container elementor-column-gap-default\">\n\t\t\t\t\t<div class=\"elementor-column elementor-col-100 elementor-top-column elementor-element elementor-element-9338c83\" data-id=\"9338c83\" data-element_type=\"column\">\n\t\t\t<div class=\"elementor-widget-wrap elementor-element-populated\">\n\t\t\t\t\t\t<div class=\"elementor-element elementor-element-3017172 elementor-widget elementor-widget-text-editor\" data-id=\"3017172\" data-element_type=\"widget\" data-widget_type=\"text-editor.default\">\n\t\t\t\t\t\t\t\t\t<p>La capital de Serbia es <strong><a href=\"https:\/\/www.centraldevacaciones.com\/blog\/belgrado-una-de-las-capitales-olvidadas-de-europa\/\">Belgrado<\/a><\/strong>, una de las capitales europeas escondidas que vale la pena visitar, especialmente el fuerte de la ciudad. Adem\u00e1s de su capital, tambi\u00e9n te recomendamos una visita a la ciudad de Zemun y, si te gusta la aventura y la monta\u00f1a, una exctursi\u00f3n a la garganta de Derdap.\u00a0<\/p>\t\t\t\t\t\t\t\t<\/div>\n\t\t\t\t\t<\/div>\n\t\t<\/div>\n\t\t\t\t\t<\/div>\n\t\t<\/section>\n\t\t\t\t<section class=\"elementor-section elementor-top-section elementor-element elementor-element-8503a70 elementor-section-boxed elementor-section-height-default elementor-section-height-default\" data-id=\"8503a70\" data-element_type=\"section\">\n\t\t\t\t\t\t<div class=\"elementor-container elementor-column-gap-default\">\n\t\t\t\t\t<div class=\"elementor-column elementor-col-100 elementor-top-column elementor-element elementor-element-9a7d29d\" data-id=\"9a7d29d\" data-element_type=\"column\">\n\t\t\t<div class=\"elementor-widget-wrap elementor-element-populated\">\n\t\t\t\t\t\t<div class=\"elementor-element elementor-element-721fd6d elementor-widget elementor-widget-heading\" data-id=\"721fd6d\" data-element_type=\"widget\" data-widget_type=\"heading.default\">\n\t\t\t\t\t<h3 class=\"elementor-heading-title elementor-size-default\">Kosovo<\/h3>\t\t\t\t<\/div>\n\t\t\t\t\t<\/div>\n\t\t<\/div>\n\t\t\t\t\t<\/div>\n\t\t<\/section>\n\t\t\t\t<section class=\"elementor-section elementor-top-section elementor-element elementor-element-3be6c0b elementor-section-boxed elementor-section-height-default elementor-section-height-default\" data-id=\"3be6c0b\" data-element_type=\"section\">\n\t\t\t\t\t\t<div class=\"elementor-container elementor-column-gap-default\">\n\t\t\t\t\t<div class=\"elementor-column elementor-col-100 elementor-top-column elementor-element elementor-element-18e2e55\" data-id=\"18e2e55\" data-element_type=\"column\">\n\t\t\t<div class=\"elementor-widget-wrap elementor-element-populated\">\n\t\t\t\t\t\t<div class=\"elementor-element elementor-element-b8484de elementor-widget elementor-widget-text-editor\" data-id=\"b8484de\" data-element_type=\"widget\" data-widget_type=\"text-editor.default\">\n\t\t\t\t\t\t\t\t\t<p>Otro de los puntos m\u00e1s conocidos en lo que a pa\u00edses balc\u00e1nicos se refiere. Visita el famoso Parten\u00f3n, que vigila desde las alturas la capital del pa\u00eds, Grecia, y realiza un <strong>crucero por las islas griegas<\/strong> m\u00e1s famosas. Entre ellas encontramos Santorini, con sus pintorescas casitas blancas y azules; Mykonos;\u00a0 Creta o Corf\u00fa.<\/p>\t\t\t\t\t\t\t\t<\/div>\n\t\t\t\t\t<\/div>\n\t\t<\/div>\n\t\t\t\t\t<\/div>\n\t\t<\/section>\n\t\t\t\t<section class=\"elementor-section elementor-top-section elementor-element elementor-element-8b4e15c elementor-section-boxed elementor-section-height-default elementor-section-height-default\" data-id=\"8b4e15c\" data-element_type=\"section\">\n\t\t\t\t\t\t<div class=\"elementor-container elementor-column-gap-default\">\n\t\t\t\t\t<div class=\"elementor-column elementor-col-100 elementor-top-column elementor-element elementor-element-e5a81f3\" data-id=\"e5a81f3\" data-element_type=\"column\">\n\t\t\t<div class=\"elementor-widget-wrap elementor-element-populated\">\n\t\t\t\t\t\t<div class=\"elementor-element elementor-element-39dcf4a elementor-widget elementor-widget-heading\" data-id=\"39dcf4a\" data-element_type=\"widget\" data-widget_type=\"heading.default\">\n\t\t\t\t\t<h3 class=\"elementor-heading-title elementor-size-default\">Turqu\u00eda<\/h3>\t\t\t\t<\/div>\n\t\t\t\t\t<\/div>\n\t\t<\/div>\n\t\t\t\t\t<\/div>\n\t\t<\/section>\n\t\t\t\t<section class=\"elementor-section elementor-top-section elementor-element elementor-element-a11e840 elementor-section-boxed elementor-section-height-default elementor-section-height-default\" data-id=\"a11e840\" data-element_type=\"section\">\n\t\t\t\t\t\t<div class=\"elementor-container elementor-column-gap-default\">\n\t\t\t\t\t<div class=\"elementor-column elementor-col-100 elementor-top-column elementor-element elementor-element-6a470a7\" data-id=\"6a470a7\" data-element_type=\"column\">\n\t\t\t<div class=\"elementor-widget-wrap elementor-element-populated\">\n\t\t\t\t\t\t<div class=\"elementor-element elementor-element-2beb3fc elementor-widget elementor-widget-text-editor\" data-id=\"2beb3fc\" data-element_type=\"widget\" data-widget_type=\"text-editor.default\">\n\t\t\t\t\t\t\t\t\t<p>Realmente, solamente una parte de este pa\u00eds se encuentra el la pen\u00ednsula balc\u00e1nica. La llamada \u00abparte europea\u00bb de Turqu\u00eda. All\u00ed se encuentra la mitad de su capital, <a href=\"https:\/\/www.centraldevacaciones.com\/blog\/estambul-la-ciudad-maravilla\/\">Estambul<\/a>, puedes visitar Tracia, al oeste del pa\u00eds, donde encotnrar\u00e1s rincones como la la pen\u00edsula de Gall\u00edpoli o la isla de <strong>G\u00f6k\u00e7eada<\/strong>.\u00a0<\/p>\t\t\t\t\t\t\t\t<\/div>\n\t\t\t\t\t<\/div>\n\t\t<\/div>\n\t\t\t\t\t<\/div>\n\t\t<\/section>\n\t\t\t\t<section class=\"elementor-section elementor-top-section elementor-element elementor-element-aaced2f elementor-section-boxed elementor-section-height-default elementor-section-height-default\" data-id=\"aaced2f\" data-element_type=\"section\">\n\t\t\t\t\t\t<div class=\"elementor-container elementor-column-gap-default\">\n\t\t\t\t\t<div class=\"elementor-column elementor-col-100 elementor-top-column elementor-element elementor-element-5601bfb\" data-id=\"5601bfb\" data-element_type=\"column\">\n\t\t\t<div class=\"elementor-widget-wrap elementor-element-populated\">\n\t\t\t\t\t\t<div class=\"elementor-element elementor-element-fa21a80 elementor-widget elementor-widget-text-editor\" data-id=\"fa21a80\" data-element_type=\"widget\" data-widget_type=\"text-editor.default\">\n\t\t\t\t\t\t\t\t\t<p>Ahora que ya conoces los pa\u00edses balc\u00e1nicos, puedes crear tu ruta por los puntos m\u00e1s interesantes que te hemos ense\u00f1ado usando nuestro creador de <strong><a href=\"https:\/\/www.centraldevacaciones.com\/blog\/circuitos-viajes-organizados\/europa\/\">circuitos multidestino por Europa<\/a><\/strong>. \u00bfA qu\u00e9 esperas?\u00a0<\/p>\t\t\t\t\t\t\t\t<\/div>\n\t\t\t\t\t<\/div>\n\t\t<\/div>\n\t\t\t\t\t<\/div>\n\t\t<\/section>\n\t\t\t\t<\/div>\n\t\t","protected":false},"excerpt":{"rendered":"<p>Los pa\u00edses balc\u00e1nicos son aquellos que est\u00e1n comprendidos en la Pen\u00ednsula Balc\u00e1nica, al cual es una de las cadenas monta\u00f1osas m\u00e1s importantes de la regi\u00f3n del sureste de Europa. Alcanza un territorio de m\u00e1s de 550 mil kil\u00f3metros cuadrados y cuenta con m\u00e1s de 53 millones de habitantes. La mayor parte de su poblaci\u00f3n reside [&hellip;]<\/p>\n","protected":false},"author":1,"featured_media":0,"comment_status":"closed","ping_status":"open","sticky":false,"template":"elementor_theme","format":"standard","meta":{"_acf_changed":false,"footnotes":""},"categories":[208,193,207,204,205,195,17],"tags":[],"class_list":["post-3477","post","type-post","status-publish","format-standard","hentry","category-ideas-escapadas","category-europa","category-ideas-viajes-invierno","category-ideas-viajes-verano","category-ideas-viajes-low-cost","category-rutas-por-europa","category-viajes-por-europa"],"acf":[],"_links":{"self":[{"href":"https:\/\/www.centraldevacaciones.com\/blog\/wp-json\/wp\/v2\/posts\/3477","targetHints":{"allow":["GET"]}}],"collection":[{"href":"https:\/\/www.centraldevacaciones.com\/blog\/wp-json\/wp\/v2\/posts"}],"about":[{"href":"https:\/\/www.centraldevacaciones.com\/blog\/wp-json\/wp\/v2\/types\/post"}],"author":[{"embeddable":true,"href":"https:\/\/www.centraldevacaciones.com\/blog\/wp-json\/wp\/v2\/users\/1"}],"replies":[{"embeddable":true,"href":"https:\/\/www.centraldevacaciones.com\/blog\/wp-json\/wp\/v2\/comments?post=3477"}],"version-history":[{"count":0,"href":"https:\/\/www.centraldevacaciones.com\/blog\/wp-json\/wp\/v2\/posts\/3477\/revisions"}],"wp:attachment":[{"href":"https:\/\/www.centraldevacaciones.com\/blog\/wp-json\/wp\/v2\/media?parent=3477"}],"wp:term":[{"taxonomy":"category","embeddable":true,"href":"https:\/\/www.centraldevacaciones.com\/blog\/wp-json\/wp\/v2\/categories?post=3477"},{"taxonomy":"post_tag","embeddable":true,"href":"https:\/\/www.centraldevacaciones.com\/blog\/wp-json\/wp\/v2\/tags?post=3477"}],"curies":[{"name":"wp","href":"https:\/\/api.w.org\/{rel}","templated":true}]}}