{"id":3376,"date":"2016-11-11T18:43:19","date_gmt":"2016-11-11T17:43:19","guid":{"rendered":"http:\/\/blog.centraldevacaciones.com\/?p=3376"},"modified":"2021-11-25T10:38:55","modified_gmt":"2021-11-25T09:38:55","slug":"la-basilica-san-pedro-del-vaticano","status":"publish","type":"post","link":"https:\/\/www.centraldevacaciones.com\/blog\/la-basilica-san-pedro-del-vaticano\/","title":{"rendered":"La Bas\u00edlica San Pedro del Vaticano"},"content":{"rendered":"\t\t<div data-elementor-type=\"wp-post\" data-elementor-id=\"3376\" class=\"elementor elementor-3376\" data-elementor-post-type=\"post\">\n\t\t\t\t\t\t<section class=\"elementor-section elementor-top-section elementor-element elementor-element-71feb6eb elementor-section-boxed elementor-section-height-default elementor-section-height-default\" data-id=\"71feb6eb\" data-element_type=\"section\">\n\t\t\t\t\t\t<div class=\"elementor-container elementor-column-gap-default\">\n\t\t\t\t\t<div class=\"elementor-column elementor-col-100 elementor-top-column elementor-element elementor-element-5d5c0ea7\" data-id=\"5d5c0ea7\" data-element_type=\"column\">\n\t\t\t<div class=\"elementor-widget-wrap elementor-element-populated\">\n\t\t\t\t\t\t<div class=\"elementor-element elementor-element-5c5f2e15 elementor-widget elementor-widget-text-editor\" data-id=\"5c5f2e15\" data-element_type=\"widget\" data-widget_type=\"text-editor.default\">\n\t\t\t\t\t\t\t\t\t<p>La Bas\u00edlica de San Pedro es un templo cat\u00f3lico situado en la Ciudad del Vaticano, un <strong>viaje<\/strong> para el disfrute del cuerpo y el alma.<\/p><p>La Bas\u00edlica Principal de San Pedro del Vaticano se levanta sobre la tumba del Ap\u00f3stol, ubicada en una necr\u00f3polis del siglo I. La primera bas\u00edlica vaticana fue construida por Constantino en el siglo IV, y estuvo en pie durante m\u00e1s de 1.000 a\u00f1os, hasta que los Papas del Renacimiento la derribaron para poder levantar una nueva bas\u00edlica sobre la tumba de San Pedro quien fue uno de los doce ap\u00f3stoles de Jes\u00fas de Nazaret, primer obispo de Antioqu\u00eda, primer obispo de Roma y, por lo tanto, el primero de los pont\u00edfices.<\/p><p>Sus dimensiones eran tan gigantescas que la empresa parec\u00eda irrealizable, y estuvo a punto de sucumbir. Las obras duraron 160 a\u00f1os y en ellas trabajaron artistas de primer orden. La fachada de Maderno, la c\u00fapula de Miguel \u00c1ngel, o la Plaza de Bernini son \u00fanicas en el mundo.<\/p><p>La primera vez que el <strong>viajero<\/strong> aprecie el interior de la bas\u00edlica recibe una impresi\u00f3n casi sobrecogedora.<\/p><p>Entre las obras de arte que se aprecian en su interior destacan el Baldaquino de Bernini, La Piedad realizada por Miguel \u00c1ngel con 23-25 a\u00f1os y la estatua de San Pedro en su trono.<\/p><p><img fetchpriority=\"high\" decoding=\"async\" class=\"alignnone size-full wp-image-20858\" src=\"https:\/\/www.centraldevacaciones.com\/blog\/wp-content\/uploads\/2021\/11\/La-Basilica-San-Pedro-del-Vaticano.jpg\" alt=\"La Bas\u00edlica San Pedro del Vaticano: La Bas\u00edlica San Pedro del Vaticano: Templo cat\u00f3lico situado en la Ciudad del Vaticano\" width=\"1280\" height=\"851\" srcset=\"https:\/\/www.centraldevacaciones.com\/blog\/wp-content\/uploads\/2021\/11\/La-Basilica-San-Pedro-del-Vaticano.jpg 1280w, https:\/\/www.centraldevacaciones.com\/blog\/wp-content\/uploads\/2021\/11\/La-Basilica-San-Pedro-del-Vaticano-300x199.jpg 300w, https:\/\/www.centraldevacaciones.com\/blog\/wp-content\/uploads\/2021\/11\/La-Basilica-San-Pedro-del-Vaticano-1024x681.jpg 1024w, https:\/\/www.centraldevacaciones.com\/blog\/wp-content\/uploads\/2021\/11\/La-Basilica-San-Pedro-del-Vaticano-768x511.jpg 768w\" sizes=\"(max-width: 1280px) 100vw, 1280px\" \/><\/p><h2><strong>Puntos de inter\u00e9s para tener en cuenta durante el viaje a la Bas\u00edlica de San Pedro del Vaticano:<\/strong><\/h2><ul><li>Puertas de bronce (Filarete, s.XV). Estaban ya en la antigua bas\u00edlica<\/li><li>Disco de p\u00f3rfido donde se arrodill\u00f3 Carlomagno (a\u00f1o 800) al ser coronado emperador<\/li><li>Longitud de las principales iglesias del mundo, se\u00f1alada en el pavimento. La de San Pedro, con 186 m.<\/li><li>Estatua de bronce de San Pedro, conocida como <em>El Pescador<\/em>. De origen incierto, probablemente obra de Arnolfo di Cambio, s.XIII<\/li><li>Interior de la c\u00fapula. Est\u00e1 decorada con mosaicos, como toda la bas\u00edlica, aunque parezcan frescos.<\/li><li>Pilares de las reliquias: <em>Longinos <\/em>(Bernini), con la lanza; <em>San Andr\u00e9s<\/em> con la cruz en aspa; <em>Santa Elena<\/em> con la cruz y <em>La Ver\u00f3nica<\/em> con el velo en las manos.<\/li><li>Monumento de Clemente XIII (C\u00e1nova). La zona suele estar cerrada y s\u00f3lo se ve de lejos.<\/li><li>Monumento de Pablo III Farnese (Guglielmo della Porta, disc\u00edpulo de Miguel \u00c1ngel). Uno de los mejores monumentos de la bas\u00edlica. Habitualmente s\u00f3lo se puede contemplar de lejos.<\/li><li>Monumento de Urbano VIII (Bernini). Rivaliza en calidad con el de Pablo III.<\/li><li>Monumento de Alejandro VII (Bernini, siendo ya anciano).<\/li><li>Entrada al Museo del Tesoro.<\/li><li>Monumento de Inocencio VIII (Pollaiolo, s.XV). Un monumento extraordinario.<\/li><\/ul><p><img decoding=\"async\" class=\"alignnone size-full wp-image-20860\" src=\"https:\/\/www.centraldevacaciones.com\/blog\/wp-content\/uploads\/2021\/11\/Basilica.jpg\" alt=\"La Bas\u00edlica San Pedro del Vaticano: El exterior de una Bas\u00edlica\" width=\"1280\" height=\"851\" srcset=\"https:\/\/www.centraldevacaciones.com\/blog\/wp-content\/uploads\/2021\/11\/Basilica.jpg 1280w, https:\/\/www.centraldevacaciones.com\/blog\/wp-content\/uploads\/2021\/11\/Basilica-300x199.jpg 300w, https:\/\/www.centraldevacaciones.com\/blog\/wp-content\/uploads\/2021\/11\/Basilica-1024x681.jpg 1024w, https:\/\/www.centraldevacaciones.com\/blog\/wp-content\/uploads\/2021\/11\/Basilica-768x511.jpg 768w\" sizes=\"(max-width: 1280px) 100vw, 1280px\" \/><\/p><p>Con capacidad para 20.000 personas la Bas\u00edlica de San Pedro es, definitivamente, un destino de <strong>viaje<\/strong> que no se puede dejar pasar, siendo el templo religioso m\u00e1s importante del catolicismo y la iglesia donde el Papa celebra las liturgias m\u00e1s importantes pues acoge en su interior a la Santa Sede.<\/p><p>La c\u00fapula de la Bas\u00edlica ha servido de inspiraci\u00f3n para otros proyectos posteriores, como la Catedral de San Pablo de Londres y el Capitolio de Washington.<\/p><h2>Horarios Bas\u00edlica de San Pedro, Vaticano<\/h2><p>Los horarios para entrar en la Bas\u00edlica de San Pedro cambian segun la fecha del a\u00f1o. Por un lado, podr\u00e1s entrar entre las 7:00h hasta las 18:30h si la visitas entre octubre y marzo.\u00a0<\/p><p>Por otro lado, la podr\u00e1s visitar de 7:00h a 19:00h entre aril y septiembre.<\/p><p>\u00a0<\/p><h2>\u00bfCu\u00e1ndo ver al Papa en el Vaticano?<\/h2><p>Adem\u00e1s de pedir audiencia privada con el Papa, algo que no est\u00e1 al alcance de todo el mundo, podr\u00e1s ver al Papa desde la plaza de San Pedro todos los domingos a las 12h cuando sale a celebrar el Angelus.\u00a0<\/p><p>Tambi\u00e9n puedes asistir a la bendici\u00f3n p\u00fablica de los mi\u00e9rcoles a las 10:30h, que se celebra siempre que el Papa se encuentra en el Vaticano. Llega pronto, ya que las puertas para asistir se abren entre las 8h y las 8:30h.\u00a0<\/p>\t\t\t\t\t\t\t\t<\/div>\n\t\t\t\t\t<\/div>\n\t\t<\/div>\n\t\t\t\t\t<\/div>\n\t\t<\/section>\n\t\t\t\t<section class=\"elementor-section elementor-top-section elementor-element elementor-element-29a1b69c elementor-section-boxed elementor-section-height-default elementor-section-height-default\" data-id=\"29a1b69c\" data-element_type=\"section\">\n\t\t\t\t\t\t<div class=\"elementor-container elementor-column-gap-custom\">\n\t\t\t\t\t<div class=\"elementor-column elementor-col-16 elementor-top-column elementor-element elementor-element-6dc00293\" data-id=\"6dc00293\" data-element_type=\"column\">\n\t\t\t<div class=\"elementor-widget-wrap elementor-element-populated\">\n\t\t\t\t\t\t<div class=\"elementor-element elementor-element-56bb5225 elementor-widget elementor-widget-image\" data-id=\"56bb5225\" data-element_type=\"widget\" data-widget_type=\"image.default\">\n\t\t\t\t\t\t\t\t\t\t\t\t\t\t\t<img decoding=\"async\" width=\"128\" height=\"128\" src=\"https:\/\/www.centraldevacaciones.com\/blog\/wp-content\/uploads\/2021\/05\/dom.png\" class=\"attachment-large size-large wp-image-12635\" alt=\"\" \/>\t\t\t\t\t\t\t\t\t\t\t\t\t\t\t<\/div>\n\t\t\t\t<div class=\"elementor-element elementor-element-1f26fe01 elementor-widget elementor-widget-heading\" data-id=\"1f26fe01\" data-element_type=\"widget\" data-widget_type=\"heading.default\">\n\t\t\t\t\t<h3 class=\"elementor-heading-title elementor-size-default\"><a href=\"https:\/\/www.centraldevacaciones.com\/viajes\/\">Ofertas vacacionales<\/a><\/h3>\t\t\t\t<\/div>\n\t\t\t\t\t<\/div>\n\t\t<\/div>\n\t\t\t\t<div class=\"elementor-column elementor-col-16 elementor-top-column elementor-element elementor-element-27d3bbb0\" data-id=\"27d3bbb0\" data-element_type=\"column\">\n\t\t\t<div class=\"elementor-widget-wrap elementor-element-populated\">\n\t\t\t\t\t\t<div class=\"elementor-element elementor-element-54a33bbf elementor-widget elementor-widget-image\" data-id=\"54a33bbf\" data-element_type=\"widget\" data-widget_type=\"image.default\">\n\t\t\t\t\t\t\t\t\t\t\t\t\t\t\t<img loading=\"lazy\" decoding=\"async\" width=\"128\" height=\"128\" src=\"https:\/\/www.centraldevacaciones.com\/blog\/wp-content\/uploads\/2021\/05\/camas.png\" class=\"attachment-large size-large wp-image-12637\" alt=\"\" \/>\t\t\t\t\t\t\t\t\t\t\t\t\t\t\t<\/div>\n\t\t\t\t<div class=\"elementor-element elementor-element-40ec7d57 elementor-widget elementor-widget-heading\" data-id=\"40ec7d57\" data-element_type=\"widget\" data-widget_type=\"heading.default\">\n\t\t\t\t\t<h3 class=\"elementor-heading-title elementor-size-default\"><a href=\"https:\/\/www.centraldevacaciones.com\/blog\/hoteles-de-ciudad\/\">Ofertas hoteles<\/a><\/h3>\t\t\t\t<\/div>\n\t\t\t\t\t<\/div>\n\t\t<\/div>\n\t\t\t\t<div class=\"elementor-column elementor-col-16 elementor-top-column elementor-element elementor-element-7df72f3b\" data-id=\"7df72f3b\" data-element_type=\"column\">\n\t\t\t<div class=\"elementor-widget-wrap elementor-element-populated\">\n\t\t\t\t\t\t<div class=\"elementor-element elementor-element-75535d64 elementor-widget elementor-widget-image\" data-id=\"75535d64\" data-element_type=\"widget\" data-widget_type=\"image.default\">\n\t\t\t\t\t\t\t\t\t\t\t\t\t\t\t<img loading=\"lazy\" decoding=\"async\" width=\"128\" height=\"128\" src=\"https:\/\/www.centraldevacaciones.com\/blog\/wp-content\/uploads\/2021\/05\/avion-1.png\" class=\"attachment-large size-large wp-image-12639\" alt=\"\" \/>\t\t\t\t\t\t\t\t\t\t\t\t\t\t\t<\/div>\n\t\t\t\t<div class=\"elementor-element elementor-element-16554ce7 elementor-widget elementor-widget-heading\" data-id=\"16554ce7\" data-element_type=\"widget\" data-widget_type=\"heading.default\">\n\t\t\t\t\t<h3 class=\"elementor-heading-title elementor-size-default\"><a href=\"https:\/\/www.centraldevacaciones.com\/blog\/destinos-vacaciones\/\">Mejores destinos<\/a><\/h3>\t\t\t\t<\/div>\n\t\t\t\t\t<\/div>\n\t\t<\/div>\n\t\t\t\t<div class=\"elementor-column elementor-col-16 elementor-top-column elementor-element elementor-element-1668d4b8\" data-id=\"1668d4b8\" data-element_type=\"column\">\n\t\t\t<div class=\"elementor-widget-wrap elementor-element-populated\">\n\t\t\t\t\t\t<div class=\"elementor-element elementor-element-b986572 elementor-widget elementor-widget-image\" data-id=\"b986572\" data-element_type=\"widget\" data-widget_type=\"image.default\">\n\t\t\t\t\t\t\t\t\t\t\t\t\t\t\t<img loading=\"lazy\" decoding=\"async\" width=\"128\" height=\"128\" src=\"https:\/\/www.centraldevacaciones.com\/blog\/wp-content\/uploads\/2021\/05\/cama-solar.png\" class=\"attachment-large size-large wp-image-12640\" alt=\"\" \/>\t\t\t\t\t\t\t\t\t\t\t\t\t\t\t<\/div>\n\t\t\t\t<div class=\"elementor-element elementor-element-228f234f elementor-widget elementor-widget-heading\" data-id=\"228f234f\" data-element_type=\"widget\" data-widget_type=\"heading.default\">\n\t\t\t\t\t<h3 class=\"elementor-heading-title elementor-size-default\"><a href=\"https:\/\/www.centraldevacaciones.com\/blog\/ofertas-circuitos\/\">Circuitos vacacionales<\/a><\/h3>\t\t\t\t<\/div>\n\t\t\t\t\t<\/div>\n\t\t<\/div>\n\t\t\t\t<div class=\"elementor-column elementor-col-16 elementor-top-column elementor-element elementor-element-1ebd9c9a\" data-id=\"1ebd9c9a\" data-element_type=\"column\">\n\t\t\t<div class=\"elementor-widget-wrap elementor-element-populated\">\n\t\t\t\t\t\t<div class=\"elementor-element elementor-element-6a7e00b5 elementor-widget elementor-widget-image\" data-id=\"6a7e00b5\" data-element_type=\"widget\" data-widget_type=\"image.default\">\n\t\t\t\t\t\t\t\t\t\t\t\t\t\t\t<img loading=\"lazy\" decoding=\"async\" width=\"128\" height=\"128\" src=\"https:\/\/www.centraldevacaciones.com\/blog\/wp-content\/uploads\/2021\/05\/en-todo-el-mundo.png\" class=\"attachment-large size-large wp-image-12641\" alt=\"\" \/>\t\t\t\t\t\t\t\t\t\t\t\t\t\t\t<\/div>\n\t\t\t\t<div class=\"elementor-element elementor-element-71c8371e elementor-widget elementor-widget-heading\" data-id=\"71c8371e\" data-element_type=\"widget\" data-widget_type=\"heading.default\">\n\t\t\t\t\t<h3 class=\"elementor-heading-title elementor-size-default\"><a href=\"https:\/\/www.centraldevacaciones.com\/blog\/vuelo-hotel\/\">Vuelo + hotel <\/a><\/h3>\t\t\t\t<\/div>\n\t\t\t\t\t<\/div>\n\t\t<\/div>\n\t\t\t\t<div class=\"elementor-column elementor-col-16 elementor-top-column elementor-element elementor-element-451eb03d\" data-id=\"451eb03d\" data-element_type=\"column\">\n\t\t\t<div class=\"elementor-widget-wrap elementor-element-populated\">\n\t\t\t\t\t\t<div class=\"elementor-element elementor-element-226c9632 elementor-widget elementor-widget-image\" data-id=\"226c9632\" data-element_type=\"widget\" data-widget_type=\"image.default\">\n\t\t\t\t\t\t\t\t\t\t\t\t\t\t\t<img loading=\"lazy\" decoding=\"async\" width=\"128\" height=\"128\" src=\"https:\/\/www.centraldevacaciones.com\/blog\/wp-content\/uploads\/2021\/05\/crucero.png\" class=\"attachment-large size-large wp-image-12642\" alt=\"\" \/>\t\t\t\t\t\t\t\t\t\t\t\t\t\t\t<\/div>\n\t\t\t\t<div class=\"elementor-element elementor-element-2584c4e7 elementor-widget elementor-widget-heading\" data-id=\"2584c4e7\" data-element_type=\"widget\" data-widget_type=\"heading.default\">\n\t\t\t\t\t<h3 class=\"elementor-heading-title elementor-size-default\"><a href=\"https:\/\/www.centraldevacaciones.com\/blog\/destinos-cruceros\/\">Ofertas  cruceros<\/a><\/h3>\t\t\t\t<\/div>\n\t\t\t\t\t<\/div>\n\t\t<\/div>\n\t\t\t\t\t<\/div>\n\t\t<\/section>\n\t\t\t\t<\/div>\n\t\t","protected":false},"excerpt":{"rendered":"<p>La Bas\u00edlica de San Pedro es un templo cat\u00f3lico situado en la Ciudad del Vaticano, un viaje para el disfrute del cuerpo y el alma. La Bas\u00edlica Principal de San Pedro del Vaticano se levanta sobre la tumba del Ap\u00f3stol, ubicada en una necr\u00f3polis del siglo I. La primera bas\u00edlica vaticana fue construida por Constantino [&hellip;]<\/p>\n","protected":false},"author":1,"featured_media":3377,"comment_status":"closed","ping_status":"open","sticky":false,"template":"elementor_theme","format":"standard","meta":{"_acf_changed":false,"footnotes":""},"categories":[193,208,205,195,1,17],"tags":[161],"class_list":["post-3376","post","type-post","status-publish","format-standard","has-post-thumbnail","hentry","category-europa","category-ideas-escapadas","category-ideas-viajes-low-cost","category-rutas-por-europa","category-vacaciones","category-viajes-por-europa","tag-roma"],"acf":[],"_links":{"self":[{"href":"https:\/\/www.centraldevacaciones.com\/blog\/wp-json\/wp\/v2\/posts\/3376","targetHints":{"allow":["GET"]}}],"collection":[{"href":"https:\/\/www.centraldevacaciones.com\/blog\/wp-json\/wp\/v2\/posts"}],"about":[{"href":"https:\/\/www.centraldevacaciones.com\/blog\/wp-json\/wp\/v2\/types\/post"}],"author":[{"embeddable":true,"href":"https:\/\/www.centraldevacaciones.com\/blog\/wp-json\/wp\/v2\/users\/1"}],"replies":[{"embeddable":true,"href":"https:\/\/www.centraldevacaciones.com\/blog\/wp-json\/wp\/v2\/comments?post=3376"}],"version-history":[{"count":0,"href":"https:\/\/www.centraldevacaciones.com\/blog\/wp-json\/wp\/v2\/posts\/3376\/revisions"}],"wp:featuredmedia":[{"embeddable":true,"href":"https:\/\/www.centraldevacaciones.com\/blog\/wp-json\/wp\/v2\/media\/3377"}],"wp:attachment":[{"href":"https:\/\/www.centraldevacaciones.com\/blog\/wp-json\/wp\/v2\/media?parent=3376"}],"wp:term":[{"taxonomy":"category","embeddable":true,"href":"https:\/\/www.centraldevacaciones.com\/blog\/wp-json\/wp\/v2\/categories?post=3376"},{"taxonomy":"post_tag","embeddable":true,"href":"https:\/\/www.centraldevacaciones.com\/blog\/wp-json\/wp\/v2\/tags?post=3376"}],"curies":[{"name":"wp","href":"https:\/\/api.w.org\/{rel}","templated":true}]}}