{"id":3331,"date":"2016-11-11T10:00:06","date_gmt":"2016-11-11T09:00:06","guid":{"rendered":"http:\/\/blog.centraldevacaciones.com\/?p=3331"},"modified":"2022-03-31T14:38:34","modified_gmt":"2022-03-31T12:38:34","slug":"la-magica-naturaleza-que-ofrece-marbella","status":"publish","type":"post","link":"https:\/\/www.centraldevacaciones.com\/blog\/la-magica-naturaleza-que-ofrece-marbella\/","title":{"rendered":"La m\u00e1gica naturaleza que ofrece Marbella"},"content":{"rendered":"\t\t<div data-elementor-type=\"wp-post\" data-elementor-id=\"3331\" class=\"elementor elementor-3331\" data-elementor-post-type=\"post\">\n\t\t\t\t\t\t<section class=\"elementor-section elementor-top-section elementor-element elementor-element-37ecdefb elementor-section-boxed elementor-section-height-default elementor-section-height-default\" data-id=\"37ecdefb\" data-element_type=\"section\">\n\t\t\t\t\t\t<div class=\"elementor-container elementor-column-gap-default\">\n\t\t\t\t\t<div class=\"elementor-column elementor-col-100 elementor-top-column elementor-element elementor-element-145b38b\" data-id=\"145b38b\" data-element_type=\"column\">\n\t\t\t<div class=\"elementor-widget-wrap elementor-element-populated\">\n\t\t\t\t\t\t<div class=\"elementor-element elementor-element-7f6a48fb elementor-widget elementor-widget-text-editor\" data-id=\"7f6a48fb\" data-element_type=\"widget\" data-widget_type=\"text-editor.default\">\n\t\t\t\t\t\t\t\t\t<p>Marbella ofrece a los turistas m\u00e1s de una decena de lugares con incre\u00edble belleza natural que se mezcla a su vez con sus parques, nuevas avenidas e instalaciones l\u00fadicas que corresponden al proceso tecnol\u00f3gico que est\u00e1 cambiando a este espectacular destino casi virgen. Visitar Marbella es sin duda alguna acudir a las mejores playas de Espa\u00f1a y sin embargo este maravilloso destino te ofrece algo m\u00e1s que eso. Descubre q<strong>u\u00e9 hacer en Marbella<\/strong> y lo que debes visitar.<\/p><p><iframe title=\"Marbella V\u00eddeo Oficial Delegaci\u00f3n de Turismo - English\" width=\"800\" height=\"600\" src=\"https:\/\/www.youtube.com\/embed\/t2xssvDWPwM?feature=oembed\" frameborder=\"0\" allow=\"accelerometer; autoplay; clipboard-write; encrypted-media; gyroscope; picture-in-picture; web-share\" referrerpolicy=\"strict-origin-when-cross-origin\" allowfullscreen><\/iframe><\/p><h2><strong>Puerto Ban\u00fas<\/strong><\/h2><p>Puerto insignia de Marbella e incluso de toda Espa\u00f1a, aqu\u00ed podr\u00e1s encontrar anclados los mejores y m\u00e1s modernos yates del mundo entero. Paisaje que enamora, gente hermosa de calidad humana incre\u00edble, poder comer en los restaurantes m\u00e1s lujosos que rodean este hermoso recinto portuario.<\/p><p><img fetchpriority=\"high\" decoding=\"async\" class=\"alignnone wp-image-19742 size-full\" src=\"https:\/\/www.centraldevacaciones.com\/blog\/wp-content\/uploads\/2021\/10\/Puerto-de-Marbella.jpg\" alt=\"La m\u00e1gica naturaleza que ofrece Marbella: Puerto de Marbella\" width=\"1024\" height=\"682\" srcset=\"https:\/\/www.centraldevacaciones.com\/blog\/wp-content\/uploads\/2021\/10\/Puerto-de-Marbella.jpg 1024w, https:\/\/www.centraldevacaciones.com\/blog\/wp-content\/uploads\/2021\/10\/Puerto-de-Marbella-300x200.jpg 300w, https:\/\/www.centraldevacaciones.com\/blog\/wp-content\/uploads\/2021\/10\/Puerto-de-Marbella-768x512.jpg 768w\" sizes=\"(max-width: 1024px) 100vw, 1024px\" \/><\/p><p>Caminando un poco m\u00e1s hacia el centro encontrar\u00e1s decenas de pubs y discotecas que hacen un perfecto contraste con las nuevas y modernas avenidas, con los centros comerciales de nueva construcci\u00f3n.<\/p><h2><strong>Jard\u00edn del Angel<\/strong><\/h2><p>En Marbella encontrar\u00e1s uno de los jardines bot\u00e1nicos m\u00e1s hermosos, antiguos y extensos de toda Espa\u00f1a y lo podr\u00e1s visitar de manera ininterrumpida ya que posee una amplia iluminaci\u00f3n y est\u00e1 abierto al p\u00fablico 16 horas al d\u00eda. Podr\u00e1s disfrutar de sus diferentes especies vegetales, visitar el jard\u00edn rom\u00e1ntico, el jard\u00edn crucero y el jard\u00edn tropical. Tiene una amplia y bien cuidada red de caminos para que puedan pasear de manera tranquila.<\/p><div class=\"phone-web\"><div class=\"website-class\">\u00a0<\/div><\/div><h2><strong>Avenida del mar<\/strong><\/h2><p>Este es el propio centro de la ciudad y posee una de las m\u00e1s bellas y relevantes obras de arte que se han podido desarrollar en los \u00faltimos a\u00f1os, antes era un parque en deplorables condiciones, hoy en d\u00eda es una zona de paseo y total descanso, tambi\u00e9n un lugar maravilloso para admirar las miles de obras del conocido salvador Dal\u00ed, compradas por el gobierno de Marbella.<\/p><p>\u00a0<\/p><p>\u00bfQuieres unas vacaciones en Marbella? \u00c9chale un vistazo a las mejores ofertas de <a href=\"https:\/\/www.centraldevacaciones.com\/blog\/destinos-vacaciones\/ofertas-espana\/playas\/costa-del-sol\/\">vacaciones en la Costa del Sol<\/a> y disfruta de los mejores precios.\u00a0<\/p>\t\t\t\t\t\t\t\t<\/div>\n\t\t\t\t\t<\/div>\n\t\t<\/div>\n\t\t\t\t\t<\/div>\n\t\t<\/section>\n\t\t\t\t<section class=\"elementor-section elementor-top-section elementor-element elementor-element-68b65037 elementor-section-boxed elementor-section-height-default elementor-section-height-default\" data-id=\"68b65037\" data-element_type=\"section\">\n\t\t\t\t\t\t<div class=\"elementor-container elementor-column-gap-default\">\n\t\t\t\t\t<div class=\"elementor-column elementor-col-16 elementor-top-column elementor-element elementor-element-31b6ce4a\" data-id=\"31b6ce4a\" data-element_type=\"column\">\n\t\t\t<div class=\"elementor-widget-wrap elementor-element-populated\">\n\t\t\t\t\t\t<div class=\"elementor-element elementor-element-78fa3079 elementor-widget elementor-widget-image\" data-id=\"78fa3079\" data-element_type=\"widget\" data-widget_type=\"image.default\">\n\t\t\t\t\t\t\t\t\t\t\t\t\t\t\t<img decoding=\"async\" width=\"128\" height=\"128\" src=\"https:\/\/www.centraldevacaciones.com\/blog\/wp-content\/uploads\/2020\/09\/espana.png\" class=\"attachment-large size-large wp-image-12730\" alt=\"\" \/>\t\t\t\t\t\t\t\t\t\t\t\t\t\t\t<\/div>\n\t\t\t\t<div class=\"elementor-element elementor-element-28c84cea elementor-widget elementor-widget-heading\" data-id=\"28c84cea\" data-element_type=\"widget\" data-widget_type=\"heading.default\">\n\t\t\t\t\t<h3 class=\"elementor-heading-title elementor-size-default\"><a href=\"https:\/\/www.centraldevacaciones.com\/blog\/ofertas-de-vacaciones\/\">Viajes por Espa\u00f1a<\/a><\/h3>\t\t\t\t<\/div>\n\t\t\t\t\t<\/div>\n\t\t<\/div>\n\t\t\t\t<div class=\"elementor-column elementor-col-16 elementor-top-column elementor-element elementor-element-3a31ee83\" data-id=\"3a31ee83\" data-element_type=\"column\">\n\t\t\t<div class=\"elementor-widget-wrap elementor-element-populated\">\n\t\t\t\t\t\t<div class=\"elementor-element elementor-element-5a43c569 elementor-widget elementor-widget-image\" data-id=\"5a43c569\" data-element_type=\"widget\" data-widget_type=\"image.default\">\n\t\t\t\t\t\t\t\t\t\t\t\t\t\t\t<img decoding=\"async\" width=\"128\" height=\"128\" src=\"https:\/\/www.centraldevacaciones.com\/blog\/wp-content\/uploads\/2020\/09\/isla.png\" class=\"attachment-large size-large wp-image-12732\" alt=\"\" \/>\t\t\t\t\t\t\t\t\t\t\t\t\t\t\t<\/div>\n\t\t\t\t<div class=\"elementor-element elementor-element-16d99e9c elementor-widget elementor-widget-heading\" data-id=\"16d99e9c\" data-element_type=\"widget\" data-widget_type=\"heading.default\">\n\t\t\t\t\t<h3 class=\"elementor-heading-title elementor-size-default\"><a href=\"https:\/\/www.centraldevacaciones.com\/blog\/vacaciones-mejores-islas-espana\/\">Islas de Espa\u00f1a<\/a><\/h3>\t\t\t\t<\/div>\n\t\t\t\t\t<\/div>\n\t\t<\/div>\n\t\t\t\t<div class=\"elementor-column elementor-col-16 elementor-top-column elementor-element elementor-element-32e4b576\" data-id=\"32e4b576\" data-element_type=\"column\">\n\t\t\t<div class=\"elementor-widget-wrap elementor-element-populated\">\n\t\t\t\t\t\t<div class=\"elementor-element elementor-element-1b0ab41f elementor-widget elementor-widget-image\" data-id=\"1b0ab41f\" data-element_type=\"widget\" data-widget_type=\"image.default\">\n\t\t\t\t\t\t\t\t\t\t\t\t\t\t\t<img loading=\"lazy\" decoding=\"async\" width=\"128\" height=\"128\" src=\"https:\/\/www.centraldevacaciones.com\/blog\/wp-content\/uploads\/2021\/05\/avion-1.png\" class=\"attachment-large size-large wp-image-12639\" alt=\"\" \/>\t\t\t\t\t\t\t\t\t\t\t\t\t\t\t<\/div>\n\t\t\t\t<div class=\"elementor-element elementor-element-254c58a7 elementor-widget elementor-widget-heading\" data-id=\"254c58a7\" data-element_type=\"widget\" data-widget_type=\"heading.default\">\n\t\t\t\t\t<h3 class=\"elementor-heading-title elementor-size-default\"><a href=\"https:\/\/www.centraldevacaciones.com\/viajes\/ofertas-a-islas-canarias.html\">Viajes a Canarias<\/a><\/h3>\t\t\t\t<\/div>\n\t\t\t\t\t<\/div>\n\t\t<\/div>\n\t\t\t\t<div class=\"elementor-column elementor-col-16 elementor-top-column elementor-element elementor-element-6ec4545c\" data-id=\"6ec4545c\" data-element_type=\"column\">\n\t\t\t<div class=\"elementor-widget-wrap elementor-element-populated\">\n\t\t\t\t\t\t<div class=\"elementor-element elementor-element-58504c87 elementor-widget elementor-widget-image\" data-id=\"58504c87\" data-element_type=\"widget\" data-widget_type=\"image.default\">\n\t\t\t\t\t\t\t\t\t\t\t\t\t\t\t<img loading=\"lazy\" decoding=\"async\" width=\"128\" height=\"128\" src=\"https:\/\/www.centraldevacaciones.com\/blog\/wp-content\/uploads\/2020\/09\/sombrilla.png\" class=\"attachment-large size-large wp-image-12733\" alt=\"\" \/>\t\t\t\t\t\t\t\t\t\t\t\t\t\t\t<\/div>\n\t\t\t\t<div class=\"elementor-element elementor-element-d8b7f1f elementor-widget elementor-widget-heading\" data-id=\"d8b7f1f\" data-element_type=\"widget\" data-widget_type=\"heading.default\">\n\t\t\t\t\t<h3 class=\"elementor-heading-title elementor-size-default\"><a href=\"https:\/\/www.centraldevacaciones.com\/viajes\/ofertas-a-lanzarote.html\">Viajes a Lanzarote<\/a><\/h3>\t\t\t\t<\/div>\n\t\t\t\t\t<\/div>\n\t\t<\/div>\n\t\t\t\t<div class=\"elementor-column elementor-col-16 elementor-top-column elementor-element elementor-element-3087ff0\" data-id=\"3087ff0\" data-element_type=\"column\">\n\t\t\t<div class=\"elementor-widget-wrap elementor-element-populated\">\n\t\t\t\t\t\t<div class=\"elementor-element elementor-element-468222f6 elementor-widget elementor-widget-image\" data-id=\"468222f6\" data-element_type=\"widget\" data-widget_type=\"image.default\">\n\t\t\t\t\t\t\t\t\t\t\t\t\t\t\t<img loading=\"lazy\" decoding=\"async\" width=\"128\" height=\"128\" src=\"https:\/\/www.centraldevacaciones.com\/blog\/wp-content\/uploads\/2020\/09\/avion.png\" class=\"attachment-large size-large wp-image-12734\" alt=\"\" \/>\t\t\t\t\t\t\t\t\t\t\t\t\t\t\t<\/div>\n\t\t\t\t<div class=\"elementor-element elementor-element-75d818c6 elementor-widget elementor-widget-heading\" data-id=\"75d818c6\" data-element_type=\"widget\" data-widget_type=\"heading.default\">\n\t\t\t\t\t<h3 class=\"elementor-heading-title elementor-size-default\"><a href=\"https:\/\/www.centraldevacaciones.com\/viajes\/ofertas-a-islas-baleares.html\">Viajes a las Baleares<\/a><\/h3>\t\t\t\t<\/div>\n\t\t\t\t\t<\/div>\n\t\t<\/div>\n\t\t\t\t<div class=\"elementor-column elementor-col-16 elementor-top-column elementor-element elementor-element-5d9bb145\" data-id=\"5d9bb145\" data-element_type=\"column\">\n\t\t\t<div class=\"elementor-widget-wrap elementor-element-populated\">\n\t\t\t\t\t\t<div class=\"elementor-element elementor-element-554a7bca elementor-widget elementor-widget-image\" data-id=\"554a7bca\" data-element_type=\"widget\" data-widget_type=\"image.default\">\n\t\t\t\t\t\t\t\t\t\t\t\t\t\t\t<img loading=\"lazy\" decoding=\"async\" width=\"128\" height=\"128\" src=\"https:\/\/www.centraldevacaciones.com\/blog\/wp-content\/uploads\/2021\/05\/dom.png\" class=\"attachment-large size-large wp-image-12635\" alt=\"\" \/>\t\t\t\t\t\t\t\t\t\t\t\t\t\t\t<\/div>\n\t\t\t\t<div class=\"elementor-element elementor-element-145dc5f7 elementor-widget elementor-widget-heading\" data-id=\"145dc5f7\" data-element_type=\"widget\" data-widget_type=\"heading.default\">\n\t\t\t\t\t<h3 class=\"elementor-heading-title elementor-size-default\"><a href=\"https:\/\/www.centraldevacaciones.com\/viajes\/ofertas-a-mallorca.html\">Viajes a Mallorca<\/a><\/h3>\t\t\t\t<\/div>\n\t\t\t\t\t<\/div>\n\t\t<\/div>\n\t\t\t\t\t<\/div>\n\t\t<\/section>\n\t\t\t\t<section class=\"elementor-section elementor-top-section elementor-element elementor-element-1ba2e6a elementor-section-boxed elementor-section-height-default elementor-section-height-default\" data-id=\"1ba2e6a\" data-element_type=\"section\">\n\t\t\t\t\t\t<div class=\"elementor-container elementor-column-gap-default\">\n\t\t\t\t\t<div class=\"elementor-column elementor-col-100 elementor-top-column elementor-element elementor-element-8850733\" data-id=\"8850733\" data-element_type=\"column\">\n\t\t\t<div class=\"elementor-widget-wrap elementor-element-populated\">\n\t\t\t\t\t\t<div class=\"elementor-element elementor-element-d860549 elementor-widget elementor-widget-text-editor\" data-id=\"d860549\" data-element_type=\"widget\" data-widget_type=\"text-editor.default\">\n\t\t\t\t\t\t\t\t\t<p><span style=\"font-weight: 400;\">\u00a1Disfruta este verano como el que m\u00e1s y haz realidad el sue\u00f1o que muchos otros tienen con Central de Vacaciones! Pasa unos d\u00edas de vacaciones de desconexi\u00f3n en Espa\u00f1a, en la Costa del Sol,\u00a0 sin preocuparte de nada junto a quien m\u00e1s quieres en una estancia premium con los extras que m\u00e1s se adapten a ti. \u00a1Haz ahora tu reserva aprovechando las ofertas antes de que se agote la disponibilidad y empieza a hacer el planning de los d\u00edas de tu estancia!<\/span><\/p>\t\t\t\t\t\t\t\t<\/div>\n\t\t\t\t\t<\/div>\n\t\t<\/div>\n\t\t\t\t\t<\/div>\n\t\t<\/section>\n\t\t\t\t<\/div>\n\t\t","protected":false},"excerpt":{"rendered":"<p>Marbella ofrece a los turistas m\u00e1s de una decena de lugares con incre\u00edble belleza natural que se mezcla a su vez con sus parques, nuevas avenidas e instalaciones l\u00fadicas que corresponden al proceso tecnol\u00f3gico que est\u00e1 cambiando a este espectacular destino casi virgen. Visitar Marbella es sin duda alguna acudir a las mejores playas de [&hellip;]<\/p>\n","protected":false},"author":1,"featured_media":3332,"comment_status":"closed","ping_status":"open","sticky":false,"template":"elementor_theme","format":"standard","meta":{"_acf_changed":false,"footnotes":""},"categories":[208,4,193,204,205,200,195,17],"tags":[127],"class_list":["post-3331","post","type-post","status-publish","format-standard","has-post-thumbnail","hentry","category-ideas-escapadas","category-espana","category-europa","category-ideas-viajes-verano","category-ideas-viajes-low-cost","category-rutas-por-espana","category-rutas-por-europa","category-viajes-por-europa","tag-marbella"],"acf":[],"_links":{"self":[{"href":"https:\/\/www.centraldevacaciones.com\/blog\/wp-json\/wp\/v2\/posts\/3331","targetHints":{"allow":["GET"]}}],"collection":[{"href":"https:\/\/www.centraldevacaciones.com\/blog\/wp-json\/wp\/v2\/posts"}],"about":[{"href":"https:\/\/www.centraldevacaciones.com\/blog\/wp-json\/wp\/v2\/types\/post"}],"author":[{"embeddable":true,"href":"https:\/\/www.centraldevacaciones.com\/blog\/wp-json\/wp\/v2\/users\/1"}],"replies":[{"embeddable":true,"href":"https:\/\/www.centraldevacaciones.com\/blog\/wp-json\/wp\/v2\/comments?post=3331"}],"version-history":[{"count":0,"href":"https:\/\/www.centraldevacaciones.com\/blog\/wp-json\/wp\/v2\/posts\/3331\/revisions"}],"wp:featuredmedia":[{"embeddable":true,"href":"https:\/\/www.centraldevacaciones.com\/blog\/wp-json\/wp\/v2\/media\/3332"}],"wp:attachment":[{"href":"https:\/\/www.centraldevacaciones.com\/blog\/wp-json\/wp\/v2\/media?parent=3331"}],"wp:term":[{"taxonomy":"category","embeddable":true,"href":"https:\/\/www.centraldevacaciones.com\/blog\/wp-json\/wp\/v2\/categories?post=3331"},{"taxonomy":"post_tag","embeddable":true,"href":"https:\/\/www.centraldevacaciones.com\/blog\/wp-json\/wp\/v2\/tags?post=3331"}],"curies":[{"name":"wp","href":"https:\/\/api.w.org\/{rel}","templated":true}]}}