{"id":3308,"date":"2016-10-17T17:43:34","date_gmt":"2016-10-17T15:43:34","guid":{"rendered":"http:\/\/blog.centraldevacaciones.com\/?p=3308"},"modified":"2021-11-16T16:27:14","modified_gmt":"2021-11-16T15:27:14","slug":"tres-pueblos-medievales-de-espana-que-te-sorprenderan","status":"publish","type":"post","link":"https:\/\/www.centraldevacaciones.com\/blog\/tres-pueblos-medievales-de-espana-que-te-sorprenderan\/","title":{"rendered":"Tres pueblos medievales de Espa\u00f1a que te sorprender\u00e1n"},"content":{"rendered":"\t\t<div data-elementor-type=\"wp-post\" data-elementor-id=\"3308\" class=\"elementor elementor-3308\" data-elementor-post-type=\"post\">\n\t\t\t\t\t\t<section class=\"elementor-section elementor-top-section elementor-element elementor-element-f96de1e elementor-section-boxed elementor-section-height-default elementor-section-height-default\" data-id=\"f96de1e\" data-element_type=\"section\">\n\t\t\t\t\t\t<div class=\"elementor-container elementor-column-gap-default\">\n\t\t\t\t\t<div class=\"elementor-column elementor-col-100 elementor-top-column elementor-element elementor-element-ffff086\" data-id=\"ffff086\" data-element_type=\"column\">\n\t\t\t<div class=\"elementor-widget-wrap elementor-element-populated\">\n\t\t\t\t\t\t<div class=\"elementor-element elementor-element-89458d1 elementor-widget elementor-widget-text-editor\" data-id=\"89458d1\" data-element_type=\"widget\" data-widget_type=\"text-editor.default\">\n\t\t\t\t\t\t\t\t\t<p>A la hora de planificar nuestras vacaciones podemos realizar algunas combinaciones o rutas que nos lleven por destinos particulares, y pensando en estas clasificaciones hoy te ofrecemos un listado de los m\u00e1s hermosos pueblos medievales de Espa\u00f1a.<\/p>\t\t\t\t\t\t\t\t<\/div>\n\t\t\t\t\t<\/div>\n\t\t<\/div>\n\t\t\t\t\t<\/div>\n\t\t<\/section>\n\t\t\t\t<section class=\"elementor-section elementor-top-section elementor-element elementor-element-918fd5c elementor-section-boxed elementor-section-height-default elementor-section-height-default\" data-id=\"918fd5c\" data-element_type=\"section\">\n\t\t\t\t\t\t<div class=\"elementor-container elementor-column-gap-default\">\n\t\t\t\t\t<div class=\"elementor-column elementor-col-100 elementor-top-column elementor-element elementor-element-09a4462\" data-id=\"09a4462\" data-element_type=\"column\">\n\t\t\t<div class=\"elementor-widget-wrap elementor-element-populated\">\n\t\t\t\t\t\t<div class=\"elementor-element elementor-element-db8c508 elementor-widget elementor-widget-heading\" data-id=\"db8c508\" data-element_type=\"widget\" data-widget_type=\"heading.default\">\n\t\t\t\t\t<h2 class=\"elementor-heading-title elementor-size-default\">Besal\u00fa, un pueblo medieval de pel\u00edcula<\/h2>\t\t\t\t<\/div>\n\t\t\t\t\t<\/div>\n\t\t<\/div>\n\t\t\t\t\t<\/div>\n\t\t<\/section>\n\t\t\t\t<section class=\"elementor-section elementor-top-section elementor-element elementor-element-1711898 elementor-section-boxed elementor-section-height-default elementor-section-height-default\" data-id=\"1711898\" data-element_type=\"section\">\n\t\t\t\t\t\t<div class=\"elementor-container elementor-column-gap-default\">\n\t\t\t\t\t<div class=\"elementor-column elementor-col-100 elementor-top-column elementor-element elementor-element-8b6ee68\" data-id=\"8b6ee68\" data-element_type=\"column\">\n\t\t\t<div class=\"elementor-widget-wrap elementor-element-populated\">\n\t\t\t\t\t\t<div class=\"elementor-element elementor-element-815dd43 elementor-widget elementor-widget-text-editor\" data-id=\"815dd43\" data-element_type=\"widget\" data-widget_type=\"text-editor.default\">\n\t\t\t\t\t\t\t\t\t<p>Empezaremos hablando sobre <strong>Besal\u00fa<\/strong>, una de las joyas medievales en la provincia de Girona. Sus callejuelas de piedra se unen a puentes romanos construidos en alg\u00fan momento del siglo XII y las misteriosas noches rodeadas entre una ciudad antigua y la apertura de los campos provincianos.<\/p><p>En Besal\u00fa naci\u00f3 el famoso trovador Ram\u00f3n Vidal, famoso por sus baladas en todo el territorio espa\u00f1ol, y tambi\u00e9n encontramos edificios hist\u00f3ricos como la Iglesia de Sant Pere o el antiguo ba\u00f1o jud\u00edo llamado Milova, construido entre los siglos XI y XII cerca del r\u00edo Fluvia.<\/p>\t\t\t\t\t\t\t\t<\/div>\n\t\t\t\t\t<\/div>\n\t\t<\/div>\n\t\t\t\t\t<\/div>\n\t\t<\/section>\n\t\t\t\t<section class=\"elementor-section elementor-top-section elementor-element elementor-element-734c05b elementor-section-boxed elementor-section-height-default elementor-section-height-default\" data-id=\"734c05b\" data-element_type=\"section\">\n\t\t\t\t\t\t<div class=\"elementor-container elementor-column-gap-default\">\n\t\t\t\t\t<div class=\"elementor-column elementor-col-100 elementor-top-column elementor-element elementor-element-f0a41df\" data-id=\"f0a41df\" data-element_type=\"column\">\n\t\t\t<div class=\"elementor-widget-wrap elementor-element-populated\">\n\t\t\t\t\t\t<div class=\"elementor-element elementor-element-0d925b1 elementor-widget elementor-widget-image\" data-id=\"0d925b1\" data-element_type=\"widget\" data-widget_type=\"image.default\">\n\t\t\t\t\t\t\t\t\t\t\t\t\t\t\t<img fetchpriority=\"high\" decoding=\"async\" width=\"768\" height=\"372\" src=\"https:\/\/www.centraldevacaciones.com\/blog\/wp-content\/uploads\/2021\/08\/Besalu_Pont_Vell-1-768x372.jpg\" class=\"attachment-medium_large size-medium_large wp-image-15306\" alt=\"\" srcset=\"https:\/\/www.centraldevacaciones.com\/blog\/wp-content\/uploads\/2021\/08\/Besalu_Pont_Vell-1-768x372.jpg 768w, https:\/\/www.centraldevacaciones.com\/blog\/wp-content\/uploads\/2021\/08\/Besalu_Pont_Vell-1-300x145.jpg 300w, https:\/\/www.centraldevacaciones.com\/blog\/wp-content\/uploads\/2021\/08\/Besalu_Pont_Vell-1-1024x496.jpg 1024w, https:\/\/www.centraldevacaciones.com\/blog\/wp-content\/uploads\/2021\/08\/Besalu_Pont_Vell-1.jpg 1279w\" sizes=\"(max-width: 768px) 100vw, 768px\" \/>\t\t\t\t\t\t\t\t\t\t\t\t\t\t\t<\/div>\n\t\t\t\t\t<\/div>\n\t\t<\/div>\n\t\t\t\t\t<\/div>\n\t\t<\/section>\n\t\t\t\t<section class=\"elementor-section elementor-top-section elementor-element elementor-element-67f6172 elementor-section-boxed elementor-section-height-default elementor-section-height-default\" data-id=\"67f6172\" data-element_type=\"section\">\n\t\t\t\t\t\t<div class=\"elementor-container elementor-column-gap-default\">\n\t\t\t\t\t<div class=\"elementor-column elementor-col-100 elementor-top-column elementor-element elementor-element-1858e01\" data-id=\"1858e01\" data-element_type=\"column\">\n\t\t\t<div class=\"elementor-widget-wrap elementor-element-populated\">\n\t\t\t\t\t\t<div class=\"elementor-element elementor-element-dd91ab4 elementor-widget elementor-widget-heading\" data-id=\"dd91ab4\" data-element_type=\"widget\" data-widget_type=\"heading.default\">\n\t\t\t\t\t<h2 class=\"elementor-heading-title elementor-size-default\">La B\u00e1rcena Mayor<\/h2>\t\t\t\t<\/div>\n\t\t\t\t\t<\/div>\n\t\t<\/div>\n\t\t\t\t\t<\/div>\n\t\t<\/section>\n\t\t\t\t<section class=\"elementor-section elementor-top-section elementor-element elementor-element-c8e745f elementor-section-boxed elementor-section-height-default elementor-section-height-default\" data-id=\"c8e745f\" data-element_type=\"section\">\n\t\t\t\t\t\t<div class=\"elementor-container elementor-column-gap-default\">\n\t\t\t\t\t<div class=\"elementor-column elementor-col-100 elementor-top-column elementor-element elementor-element-5c05519\" data-id=\"5c05519\" data-element_type=\"column\">\n\t\t\t<div class=\"elementor-widget-wrap elementor-element-populated\">\n\t\t\t\t\t\t<div class=\"elementor-element elementor-element-077b152 elementor-widget elementor-widget-text-editor\" data-id=\"077b152\" data-element_type=\"widget\" data-widget_type=\"text-editor.default\">\n\t\t\t\t\t\t\t\t\t<p>Otra parada en nuestra ruta podr\u00eda ser B\u00e1rcena Mayor, una verdadera joya medieval perdida entre las monta\u00f1as de Cantabria. Se trata de un pueblo muy peque\u00f1o, con menos de 100 habitantes, pero de gran valor art\u00edstico y cultural.<\/p><p>En 1979 fue declarado Conjunto Hist\u00f3rico-Art\u00edstico y tiene rastros de sus or\u00edgenes como pueblo visigodo, convirti\u00e9ndolo en uno de los pueblos m\u00e1s antiguos de la regi\u00f3n de Cantabria.<\/p><p><strong>B\u00e1rcena Mayor<\/strong> es un lugar ideal para los amantes de la naturaleza, la tranquilidad y los paseos, siendo el senderismo la principal actividad para recorrer sus peque\u00f1as calles, casas y paisajes maravillosos entre monta\u00f1as.<\/p>\t\t\t\t\t\t\t\t<\/div>\n\t\t\t\t\t<\/div>\n\t\t<\/div>\n\t\t\t\t\t<\/div>\n\t\t<\/section>\n\t\t\t\t<section class=\"elementor-section elementor-top-section elementor-element elementor-element-0216aa5 elementor-section-boxed elementor-section-height-default elementor-section-height-default\" data-id=\"0216aa5\" data-element_type=\"section\">\n\t\t\t\t\t\t<div class=\"elementor-container elementor-column-gap-default\">\n\t\t\t\t\t<div class=\"elementor-column elementor-col-100 elementor-top-column elementor-element elementor-element-029d0d3\" data-id=\"029d0d3\" data-element_type=\"column\">\n\t\t\t<div class=\"elementor-widget-wrap elementor-element-populated\">\n\t\t\t\t\t\t<div class=\"elementor-element elementor-element-90eac32 elementor-widget elementor-widget-image\" data-id=\"90eac32\" data-element_type=\"widget\" data-widget_type=\"image.default\">\n\t\t\t\t\t\t\t\t\t\t\t\t\t\t\t<img decoding=\"async\" width=\"768\" height=\"576\" src=\"https:\/\/www.centraldevacaciones.com\/blog\/wp-content\/uploads\/2021\/11\/Barcena-Mayor-768x576.jpg\" class=\"attachment-medium_large size-medium_large wp-image-20309\" alt=\"Tres pueblos medievales de Espa\u00f1a que te sorprender\u00e1n: B\u00e1rcena Mayor\" srcset=\"https:\/\/www.centraldevacaciones.com\/blog\/wp-content\/uploads\/2021\/11\/Barcena-Mayor-768x576.jpg 768w, https:\/\/www.centraldevacaciones.com\/blog\/wp-content\/uploads\/2021\/11\/Barcena-Mayor-300x225.jpg 300w, https:\/\/www.centraldevacaciones.com\/blog\/wp-content\/uploads\/2021\/11\/Barcena-Mayor-1024x768.jpg 1024w, https:\/\/www.centraldevacaciones.com\/blog\/wp-content\/uploads\/2021\/11\/Barcena-Mayor.jpg 1280w\" sizes=\"(max-width: 768px) 100vw, 768px\" \/>\t\t\t\t\t\t\t\t\t\t\t\t\t\t\t<\/div>\n\t\t\t\t\t<\/div>\n\t\t<\/div>\n\t\t\t\t\t<\/div>\n\t\t<\/section>\n\t\t\t\t<section class=\"elementor-section elementor-top-section elementor-element elementor-element-718e437 elementor-section-boxed elementor-section-height-default elementor-section-height-default\" data-id=\"718e437\" data-element_type=\"section\">\n\t\t\t\t\t\t<div class=\"elementor-container elementor-column-gap-default\">\n\t\t\t\t\t<div class=\"elementor-column elementor-col-100 elementor-top-column elementor-element elementor-element-362fe51\" data-id=\"362fe51\" data-element_type=\"column\">\n\t\t\t<div class=\"elementor-widget-wrap elementor-element-populated\">\n\t\t\t\t\t\t<div class=\"elementor-element elementor-element-d65d6f2 elementor-widget elementor-widget-heading\" data-id=\"d65d6f2\" data-element_type=\"widget\" data-widget_type=\"heading.default\">\n\t\t\t\t\t<h2 class=\"elementor-heading-title elementor-size-default\">La Alberca<\/h2>\t\t\t\t<\/div>\n\t\t\t\t\t<\/div>\n\t\t<\/div>\n\t\t\t\t\t<\/div>\n\t\t<\/section>\n\t\t\t\t<section class=\"elementor-section elementor-top-section elementor-element elementor-element-65d4b50 elementor-section-boxed elementor-section-height-default elementor-section-height-default\" data-id=\"65d4b50\" data-element_type=\"section\">\n\t\t\t\t\t\t<div class=\"elementor-container elementor-column-gap-default\">\n\t\t\t\t\t<div class=\"elementor-column elementor-col-100 elementor-top-column elementor-element elementor-element-a3d26a4\" data-id=\"a3d26a4\" data-element_type=\"column\">\n\t\t\t<div class=\"elementor-widget-wrap elementor-element-populated\">\n\t\t\t\t\t\t<div class=\"elementor-element elementor-element-036aa78 elementor-widget elementor-widget-text-editor\" data-id=\"036aa78\" data-element_type=\"widget\" data-widget_type=\"text-editor.default\">\n\t\t\t\t\t\t\t\t\t<p>Terminamos nuestra primera selecci\u00f3n hablando sobre <strong>La Alberca<\/strong>, un reducto medieval en la provincia de Salamanca. La gente aqu\u00ed vive del turismo, pese a que en a\u00f1os pasados sobreviv\u00edan gracias a los recursos de la Sierra de Francia.<\/p><p>Con poco m\u00e1s de 1.000 habitantes, en La Alberca encontraremos varias tiendas de recuerdos y objetos artesanales de la aldea. Es un lugar muy peque\u00f1o e \u00edntimo, ideal para aquellos que deseen viajar en el tiempo a \u00e9pocas de influencia medieval.<\/p>\t\t\t\t\t\t\t\t<\/div>\n\t\t\t\t\t<\/div>\n\t\t<\/div>\n\t\t\t\t\t<\/div>\n\t\t<\/section>\n\t\t\t\t<section class=\"elementor-section elementor-top-section elementor-element elementor-element-c89d8c4 elementor-section-boxed elementor-section-height-default elementor-section-height-default\" data-id=\"c89d8c4\" data-element_type=\"section\">\n\t\t\t\t\t\t<div class=\"elementor-container elementor-column-gap-default\">\n\t\t\t\t\t<div class=\"elementor-column elementor-col-100 elementor-top-column elementor-element elementor-element-70e3faf\" data-id=\"70e3faf\" data-element_type=\"column\">\n\t\t\t<div class=\"elementor-widget-wrap elementor-element-populated\">\n\t\t\t\t\t\t<div class=\"elementor-element elementor-element-ab5c2e2 elementor-widget elementor-widget-image\" data-id=\"ab5c2e2\" data-element_type=\"widget\" data-widget_type=\"image.default\">\n\t\t\t\t\t\t\t\t\t\t\t\t\t\t\t<img decoding=\"async\" width=\"768\" height=\"576\" src=\"https:\/\/www.centraldevacaciones.com\/blog\/wp-content\/uploads\/2021\/11\/La-Alberca-768x576.jpg\" class=\"attachment-medium_large size-medium_large wp-image-20310\" alt=\"Tres pueblos medievales de Espa\u00f1a que te sorprender\u00e1n: La Alberca\" srcset=\"https:\/\/www.centraldevacaciones.com\/blog\/wp-content\/uploads\/2021\/11\/La-Alberca-768x576.jpg 768w, https:\/\/www.centraldevacaciones.com\/blog\/wp-content\/uploads\/2021\/11\/La-Alberca-300x225.jpg 300w, https:\/\/www.centraldevacaciones.com\/blog\/wp-content\/uploads\/2021\/11\/La-Alberca-1024x768.jpg 1024w, https:\/\/www.centraldevacaciones.com\/blog\/wp-content\/uploads\/2021\/11\/La-Alberca.jpg 1280w\" sizes=\"(max-width: 768px) 100vw, 768px\" \/>\t\t\t\t\t\t\t\t\t\t\t\t\t\t\t<\/div>\n\t\t\t\t\t<\/div>\n\t\t<\/div>\n\t\t\t\t\t<\/div>\n\t\t<\/section>\n\t\t\t\t<section class=\"elementor-section elementor-top-section elementor-element elementor-element-4c48590 elementor-section-boxed elementor-section-height-default elementor-section-height-default\" data-id=\"4c48590\" data-element_type=\"section\">\n\t\t\t\t\t\t<div class=\"elementor-container elementor-column-gap-default\">\n\t\t\t\t\t<div class=\"elementor-column elementor-col-100 elementor-top-column elementor-element elementor-element-38b0712\" data-id=\"38b0712\" data-element_type=\"column\">\n\t\t\t<div class=\"elementor-widget-wrap elementor-element-populated\">\n\t\t\t\t\t\t<div class=\"elementor-element elementor-element-7542500 elementor-widget elementor-widget-text-editor\" data-id=\"7542500\" data-element_type=\"widget\" data-widget_type=\"text-editor.default\">\n\t\t\t\t\t\t\t\t\t<p>Y hasta aqu\u00ed nuestro top 3 de pueblos medievales de Espa\u00f1a m\u00e1s bonitos. Sabemos que hay muchos m\u00e1s, como <strong>A\u00ednsa<\/strong>, en Huesca, o <strong>Santillana del Mar<\/strong>, en Cantabria. \u00bfNos ayudas a completar la lista? Si te interesa este periodo de la historia y te gusta viajar, te recomendamos nuestro post sobre <a href=\"https:\/\/www.centraldevacaciones.com\/blog\/los-pueblos-de-la-ruta-del-quijote-descubrelos\/\">los pueblos de la ruta del Quijote<\/a>, te resultar\u00e1 de lo m\u00e1s interesante.\u00a0<\/p>\t\t\t\t\t\t\t\t<\/div>\n\t\t\t\t\t<\/div>\n\t\t<\/div>\n\t\t\t\t\t<\/div>\n\t\t<\/section>\n\t\t\t\t<section class=\"elementor-section elementor-top-section elementor-element elementor-element-7f69dd7f elementor-section-boxed elementor-section-height-default elementor-section-height-default\" data-id=\"7f69dd7f\" data-element_type=\"section\">\n\t\t\t\t\t\t<div class=\"elementor-container elementor-column-gap-default\">\n\t\t\t\t\t<div class=\"elementor-column elementor-col-16 elementor-top-column elementor-element elementor-element-1d269a13\" data-id=\"1d269a13\" data-element_type=\"column\">\n\t\t\t<div class=\"elementor-widget-wrap elementor-element-populated\">\n\t\t\t\t\t\t<div class=\"elementor-element elementor-element-1a2fe5c8 elementor-widget elementor-widget-image\" data-id=\"1a2fe5c8\" data-element_type=\"widget\" data-widget_type=\"image.default\">\n\t\t\t\t\t\t\t\t\t\t\t\t\t\t\t<img loading=\"lazy\" decoding=\"async\" width=\"128\" height=\"128\" src=\"https:\/\/www.centraldevacaciones.com\/blog\/wp-content\/uploads\/2020\/09\/espana.png\" class=\"attachment-large size-large wp-image-12730\" alt=\"\" \/>\t\t\t\t\t\t\t\t\t\t\t\t\t\t\t<\/div>\n\t\t\t\t<div class=\"elementor-element elementor-element-339d1276 elementor-widget elementor-widget-heading\" data-id=\"339d1276\" data-element_type=\"widget\" data-widget_type=\"heading.default\">\n\t\t\t\t\t<h3 class=\"elementor-heading-title elementor-size-default\"><a href=\"https:\/\/www.centraldevacaciones.com\/blog\/ofertas-de-vacaciones\/\">Viajes por Espa\u00f1a<\/a><\/h3>\t\t\t\t<\/div>\n\t\t\t\t\t<\/div>\n\t\t<\/div>\n\t\t\t\t<div class=\"elementor-column elementor-col-16 elementor-top-column elementor-element elementor-element-6affe48c\" data-id=\"6affe48c\" data-element_type=\"column\">\n\t\t\t<div class=\"elementor-widget-wrap elementor-element-populated\">\n\t\t\t\t\t\t<div class=\"elementor-element elementor-element-41c86b22 elementor-widget elementor-widget-image\" data-id=\"41c86b22\" data-element_type=\"widget\" data-widget_type=\"image.default\">\n\t\t\t\t\t\t\t\t\t\t\t\t\t\t\t<img loading=\"lazy\" decoding=\"async\" width=\"128\" height=\"128\" src=\"https:\/\/www.centraldevacaciones.com\/blog\/wp-content\/uploads\/2020\/09\/isla.png\" class=\"attachment-large size-large wp-image-12732\" alt=\"\" \/>\t\t\t\t\t\t\t\t\t\t\t\t\t\t\t<\/div>\n\t\t\t\t<div class=\"elementor-element elementor-element-e174b79 elementor-widget elementor-widget-heading\" data-id=\"e174b79\" data-element_type=\"widget\" data-widget_type=\"heading.default\">\n\t\t\t\t\t<h3 class=\"elementor-heading-title elementor-size-default\"><a href=\"https:\/\/www.centraldevacaciones.com\/blog\/vacaciones-mejores-islas-espana\/\">Islas de Espa\u00f1a<\/a><\/h3>\t\t\t\t<\/div>\n\t\t\t\t\t<\/div>\n\t\t<\/div>\n\t\t\t\t<div class=\"elementor-column elementor-col-16 elementor-top-column elementor-element elementor-element-2e652a38\" data-id=\"2e652a38\" data-element_type=\"column\">\n\t\t\t<div class=\"elementor-widget-wrap elementor-element-populated\">\n\t\t\t\t\t\t<div class=\"elementor-element elementor-element-1a9f1ca4 elementor-widget elementor-widget-image\" data-id=\"1a9f1ca4\" data-element_type=\"widget\" data-widget_type=\"image.default\">\n\t\t\t\t\t\t\t\t\t\t\t\t\t\t\t<img loading=\"lazy\" decoding=\"async\" width=\"128\" height=\"128\" src=\"https:\/\/www.centraldevacaciones.com\/blog\/wp-content\/uploads\/2021\/05\/avion-1.png\" class=\"attachment-large size-large wp-image-12639\" alt=\"\" \/>\t\t\t\t\t\t\t\t\t\t\t\t\t\t\t<\/div>\n\t\t\t\t<div class=\"elementor-element elementor-element-5edca790 elementor-widget elementor-widget-heading\" data-id=\"5edca790\" data-element_type=\"widget\" data-widget_type=\"heading.default\">\n\t\t\t\t\t<h3 class=\"elementor-heading-title elementor-size-default\"><a href=\"https:\/\/www.centraldevacaciones.com\/viajes\/ofertas-a-islas-canarias.html\">Viajes a Canarias<\/a><\/h3>\t\t\t\t<\/div>\n\t\t\t\t\t<\/div>\n\t\t<\/div>\n\t\t\t\t<div class=\"elementor-column elementor-col-16 elementor-top-column elementor-element elementor-element-65bb29fc\" data-id=\"65bb29fc\" data-element_type=\"column\">\n\t\t\t<div class=\"elementor-widget-wrap elementor-element-populated\">\n\t\t\t\t\t\t<div class=\"elementor-element elementor-element-186bf46 elementor-widget elementor-widget-image\" data-id=\"186bf46\" data-element_type=\"widget\" data-widget_type=\"image.default\">\n\t\t\t\t\t\t\t\t\t\t\t\t\t\t\t<img loading=\"lazy\" decoding=\"async\" width=\"128\" height=\"128\" src=\"https:\/\/www.centraldevacaciones.com\/blog\/wp-content\/uploads\/2020\/09\/sombrilla.png\" class=\"attachment-large size-large wp-image-12733\" alt=\"\" \/>\t\t\t\t\t\t\t\t\t\t\t\t\t\t\t<\/div>\n\t\t\t\t<div class=\"elementor-element elementor-element-4e937107 elementor-widget elementor-widget-heading\" data-id=\"4e937107\" data-element_type=\"widget\" data-widget_type=\"heading.default\">\n\t\t\t\t\t<h3 class=\"elementor-heading-title elementor-size-default\"><a href=\"https:\/\/www.centraldevacaciones.com\/viajes\/ofertas-a-lanzarote.html\">Viajes a Lanzarote<\/a><\/h3>\t\t\t\t<\/div>\n\t\t\t\t\t<\/div>\n\t\t<\/div>\n\t\t\t\t<div class=\"elementor-column elementor-col-16 elementor-top-column elementor-element elementor-element-6e3f7fc8\" data-id=\"6e3f7fc8\" data-element_type=\"column\">\n\t\t\t<div class=\"elementor-widget-wrap elementor-element-populated\">\n\t\t\t\t\t\t<div class=\"elementor-element elementor-element-21965da2 elementor-widget elementor-widget-image\" data-id=\"21965da2\" data-element_type=\"widget\" data-widget_type=\"image.default\">\n\t\t\t\t\t\t\t\t\t\t\t\t\t\t\t<img loading=\"lazy\" decoding=\"async\" width=\"128\" height=\"128\" src=\"https:\/\/www.centraldevacaciones.com\/blog\/wp-content\/uploads\/2020\/09\/avion.png\" class=\"attachment-large size-large wp-image-12734\" alt=\"\" \/>\t\t\t\t\t\t\t\t\t\t\t\t\t\t\t<\/div>\n\t\t\t\t<div class=\"elementor-element elementor-element-47298e3e elementor-widget elementor-widget-heading\" data-id=\"47298e3e\" data-element_type=\"widget\" data-widget_type=\"heading.default\">\n\t\t\t\t\t<h3 class=\"elementor-heading-title elementor-size-default\"><a href=\"https:\/\/www.centraldevacaciones.com\/viajes\/ofertas-a-islas-baleares.html\">Viajes a las Baleares<\/a><\/h3>\t\t\t\t<\/div>\n\t\t\t\t\t<\/div>\n\t\t<\/div>\n\t\t\t\t<div class=\"elementor-column elementor-col-16 elementor-top-column elementor-element elementor-element-2216abbd\" data-id=\"2216abbd\" data-element_type=\"column\">\n\t\t\t<div class=\"elementor-widget-wrap elementor-element-populated\">\n\t\t\t\t\t\t<div class=\"elementor-element elementor-element-29e0a4f6 elementor-widget elementor-widget-image\" data-id=\"29e0a4f6\" data-element_type=\"widget\" data-widget_type=\"image.default\">\n\t\t\t\t\t\t\t\t\t\t\t\t\t\t\t<img loading=\"lazy\" decoding=\"async\" width=\"128\" height=\"128\" src=\"https:\/\/www.centraldevacaciones.com\/blog\/wp-content\/uploads\/2021\/05\/dom.png\" class=\"attachment-large size-large wp-image-12635\" alt=\"\" \/>\t\t\t\t\t\t\t\t\t\t\t\t\t\t\t<\/div>\n\t\t\t\t<div class=\"elementor-element elementor-element-62d152bd elementor-widget elementor-widget-heading\" data-id=\"62d152bd\" data-element_type=\"widget\" data-widget_type=\"heading.default\">\n\t\t\t\t\t<h3 class=\"elementor-heading-title elementor-size-default\"><a href=\"https:\/\/www.centraldevacaciones.com\/viajes\/ofertas-a-mallorca.html\">Viajes a Mallorca<\/a><\/h3>\t\t\t\t<\/div>\n\t\t\t\t\t<\/div>\n\t\t<\/div>\n\t\t\t\t\t<\/div>\n\t\t<\/section>\n\t\t\t\t<section class=\"elementor-section elementor-top-section elementor-element elementor-element-8d55b65 elementor-section-boxed elementor-section-height-default elementor-section-height-default\" data-id=\"8d55b65\" data-element_type=\"section\">\n\t\t\t\t\t\t<div class=\"elementor-container elementor-column-gap-default\">\n\t\t\t\t\t<div class=\"elementor-column elementor-col-100 elementor-top-column elementor-element elementor-element-6d8a903\" data-id=\"6d8a903\" data-element_type=\"column\">\n\t\t\t<div class=\"elementor-widget-wrap elementor-element-populated\">\n\t\t\t\t\t\t<div class=\"elementor-element elementor-element-ad2c0e9 elementor-widget elementor-widget-text-editor\" data-id=\"ad2c0e9\" data-element_type=\"widget\" data-widget_type=\"text-editor.default\">\n\t\t\t\t\t\t\t\t\t<p><span style=\"font-weight: 400;\">\u00a1Disfruta este verano como el que m\u00e1s y haz realidad el sue\u00f1o que muchos otros tienen con Central de Vacaciones! Pasa unos d\u00edas de vacaciones de desconexi\u00f3n en Espa\u00f1a, concretamente en las Islas Canarias sin preocuparte de nada junto a quien m\u00e1s quieres en una estancia premium con los extras que m\u00e1s se adapten a ti. \u00a1Haz ahora tu reserva aprovechando las ofertas antes de que se agote la disponibilidad y empieza a hacer el planning de los d\u00edas de tu estancia! <\/span><\/p>\t\t\t\t\t\t\t\t<\/div>\n\t\t\t\t\t<\/div>\n\t\t<\/div>\n\t\t\t\t\t<\/div>\n\t\t<\/section>\n\t\t\t\t<\/div>\n\t\t","protected":false},"excerpt":{"rendered":"<p>A la hora de planificar nuestras vacaciones podemos realizar algunas combinaciones o rutas que nos lleven por destinos particulares, y pensando en estas clasificaciones hoy te ofrecemos un listado de los m\u00e1s hermosos pueblos medievales de Espa\u00f1a. Besal\u00fa, un pueblo medieval de pel\u00edcula Empezaremos hablando sobre Besal\u00fa, una de las joyas medievales en la provincia [&hellip;]<\/p>\n","protected":false},"author":1,"featured_media":0,"comment_status":"closed","ping_status":"open","sticky":false,"template":"elementor_theme","format":"standard","meta":{"_acf_changed":false,"footnotes":""},"categories":[208,4,193,205,200,195,17],"tags":[],"class_list":["post-3308","post","type-post","status-publish","format-standard","hentry","category-ideas-escapadas","category-espana","category-europa","category-ideas-viajes-low-cost","category-rutas-por-espana","category-rutas-por-europa","category-viajes-por-europa"],"acf":[],"_links":{"self":[{"href":"https:\/\/www.centraldevacaciones.com\/blog\/wp-json\/wp\/v2\/posts\/3308","targetHints":{"allow":["GET"]}}],"collection":[{"href":"https:\/\/www.centraldevacaciones.com\/blog\/wp-json\/wp\/v2\/posts"}],"about":[{"href":"https:\/\/www.centraldevacaciones.com\/blog\/wp-json\/wp\/v2\/types\/post"}],"author":[{"embeddable":true,"href":"https:\/\/www.centraldevacaciones.com\/blog\/wp-json\/wp\/v2\/users\/1"}],"replies":[{"embeddable":true,"href":"https:\/\/www.centraldevacaciones.com\/blog\/wp-json\/wp\/v2\/comments?post=3308"}],"version-history":[{"count":0,"href":"https:\/\/www.centraldevacaciones.com\/blog\/wp-json\/wp\/v2\/posts\/3308\/revisions"}],"wp:attachment":[{"href":"https:\/\/www.centraldevacaciones.com\/blog\/wp-json\/wp\/v2\/media?parent=3308"}],"wp:term":[{"taxonomy":"category","embeddable":true,"href":"https:\/\/www.centraldevacaciones.com\/blog\/wp-json\/wp\/v2\/categories?post=3308"},{"taxonomy":"post_tag","embeddable":true,"href":"https:\/\/www.centraldevacaciones.com\/blog\/wp-json\/wp\/v2\/tags?post=3308"}],"curies":[{"name":"wp","href":"https:\/\/api.w.org\/{rel}","templated":true}]}}