{"id":3289,"date":"2016-10-17T17:14:50","date_gmt":"2016-10-17T15:14:50","guid":{"rendered":"http:\/\/blog.centraldevacaciones.com\/?p=3289"},"modified":"2021-09-06T12:20:01","modified_gmt":"2021-09-06T10:20:01","slug":"faro-a-colon-tumba-mausoleo-del-almirante-cristobal-colon","status":"publish","type":"post","link":"https:\/\/www.centraldevacaciones.com\/blog\/faro-a-colon-tumba-mausoleo-del-almirante-cristobal-colon\/","title":{"rendered":"Faro a Colon, tumba Mausoleo del Almirante Cristobal Col\u00f3n."},"content":{"rendered":"\t\t<div data-elementor-type=\"wp-post\" data-elementor-id=\"3289\" class=\"elementor elementor-3289\" data-elementor-post-type=\"post\">\n\t\t\t\t\t\t<section class=\"elementor-section elementor-top-section elementor-element elementor-element-5b1b8515 elementor-section-boxed elementor-section-height-default elementor-section-height-default\" data-id=\"5b1b8515\" data-element_type=\"section\">\n\t\t\t\t\t\t<div class=\"elementor-container elementor-column-gap-default\">\n\t\t\t\t\t<div class=\"elementor-column elementor-col-100 elementor-top-column elementor-element elementor-element-58d906db\" data-id=\"58d906db\" data-element_type=\"column\">\n\t\t\t<div class=\"elementor-widget-wrap elementor-element-populated\">\n\t\t\t\t\t\t<div class=\"elementor-element elementor-element-745b5ad2 elementor-widget elementor-widget-text-editor\" data-id=\"745b5ad2\" data-element_type=\"widget\" data-widget_type=\"text-editor.default\">\n\t\t\t\t\t\t\t\t\t<p><strong>El Gran Faro a Col\u00f3n<\/strong><\/p><p><img fetchpriority=\"high\" decoding=\"async\" class=\"alignnone wp-image-16057 size-full\" src=\"https:\/\/www.centraldevacaciones.com\/blog\/wp-content\/uploads\/2021\/08\/1280px-Faro_colon-1.jpg\" alt=\"\" width=\"1280\" height=\"960\" srcset=\"https:\/\/www.centraldevacaciones.com\/blog\/wp-content\/uploads\/2021\/08\/1280px-Faro_colon-1.jpg 1280w, https:\/\/www.centraldevacaciones.com\/blog\/wp-content\/uploads\/2021\/08\/1280px-Faro_colon-1-300x225.jpg 300w, https:\/\/www.centraldevacaciones.com\/blog\/wp-content\/uploads\/2021\/08\/1280px-Faro_colon-1-1024x768.jpg 1024w, https:\/\/www.centraldevacaciones.com\/blog\/wp-content\/uploads\/2021\/08\/1280px-Faro_colon-1-768x576.jpg 768w\" sizes=\"(max-width: 1280px) 100vw, 1280px\" \/>Este monumento hist\u00f3rico fue construido para hacer un reconocimiento al conocido almirante y conocedor del nuevo mundo Crist\u00f3bal Colon, este monumento hist\u00f3rico comenz\u00f3 a ser construido luego de un conjunto de conferencias internaciones entre los pa\u00edses de Am\u00e9rica para delegar la ubicaci\u00f3n de la actual monumento hist\u00f3rico y tur\u00edstico <strong>El Faro a Col\u00f3n<\/strong>, en el que se decidi\u00f3 que se construir\u00eda en <strong>Rep\u00fablica Dominicana<\/strong> en donde se encuentra actualmente.<\/p><p>Esta obra comenz\u00f3 a desarrollarse en el a\u00f1o de 1986 por el arquitecto J. L. Gleave el cual tambi\u00e9n tuvo una competencia con 455 arquitectos reconocidos de 48 pa\u00edses de Am\u00e9rica este <strong>Faro A Col\u00f3n<\/strong> fue terminado en su totalidad en el a\u00f1o de 1992 esto cronol\u00f3gicamente sincronizado para que su inauguraci\u00f3n fuera exacta con el aniversario de los 500 a\u00f1os de descubrimiento de Am\u00e9rica.<\/p><p>Este faro es \u00fanico comparado con cualquier estructura hecha por el hombre anteriormente, est\u00e1 conformada por 251 faroles que hacen una especie de decoraci\u00f3n al cielo al encender esos faroles simult\u00e1neamente, tiene un pasaje principal al centro del <strong>Faro De Colon<\/strong> constituida por una estructura hecha a medida que da un contraste a la vista mientras caminas a ver su interior en el cual est\u00e1n esa cantidad de faros impresionante.<\/p><p>Es un monumento en forma de cruz (recordando la <a title=\"Evangelizaci\u00f3n en Am\u00e9rica\" href=\"https:\/\/es.wikipedia.org\/wiki\/Evangelizaci%C3%B3n_en_Am%C3%A9rica\" rel=\"nofollow noopener\" target=\"_blank\">cristianizaci\u00f3n de las Am\u00e9ricas<\/a>) que mide aproximadamente 800 metros de largo por 36,5 metros de alto.\u00a0En \u00e9l, se dice, que se albergan los restos del insigne almirante Crist\u00f3bal Col\u00f3n, aunque hay pol\u00e9mica al respecto, puesto que los espa\u00f1oles han demostrado mediante an\u00e1lisis gen\u00e9ticos, que al menos parte de los restos de <a title=\"Crist\u00f3bal Col\u00f3n\" href=\"https:\/\/es.wikipedia.org\/wiki\/Crist%C3%B3bal_Col%C3%B3n\" rel=\"nofollow noopener\" target=\"_blank\">Crist\u00f3bal Col\u00f3n<\/a> se encuentran en la <a class=\"mw-redirect\" title=\"Catedral de Sevilla\" href=\"https:\/\/es.wikipedia.org\/wiki\/Catedral_de_Sevilla\" rel=\"nofollow noopener\" target=\"_blank\">Catedral de Sevilla<\/a>.<\/p><p>Cuando el faro est\u00e1 encendido, proyecta una luz en forma de cruz hacia el cielo nocturno. Dicha luz puede verse a aproximadamente 64 kil\u00f3metros de distancia, pero causa <a title=\"Apag\u00f3n el\u00e9ctrico\" href=\"https:\/\/es.wikipedia.org\/wiki\/Apag%C3%B3n_el%C3%A9ctrico\" rel=\"nofollow noopener\" target=\"_blank\">problemas con el suministro de electricidad<\/a> de los barrios aleda\u00f1os. Es la raz\u00f3n por la cual solo se enciende en ocasiones especiales.<\/p><p>Dentro del faro hay exhibiciones de diferentes pa\u00edses del mundo. Tambi\u00e9n posee salas para exhibiciones temporales y salas de conferencias<\/p><p>Este faro tambi\u00e9n tiene una luminaria que da la impresi\u00f3n de momento por su resplandor tan impresionante que diera una vuelta completa a el planeta, se escuchan historias alternas que dentro de esta estructura tan majestuosa se encuentran restos del almirante Crist\u00f3bal Colon pero que han sido desmentida mediante an\u00e1lisis espec\u00edficos dentro de este sitio tur\u00edstico.<\/p><p>Este <strong>Faro De Colon <\/strong>tiene una gran capacidad de iluminaci\u00f3n con los faros como tambi\u00e9n tiene una gran capacidad de recorrido en su interior como el exterior de esta construcci\u00f3n tan artesanal, este monumento tiene una medida aproximada a los 2,6 kil\u00f3metros cuadrados.<\/p>\t\t\t\t\t\t\t\t<\/div>\n\t\t\t\t\t<\/div>\n\t\t<\/div>\n\t\t\t\t\t<\/div>\n\t\t<\/section>\n\t\t\t\t<section class=\"elementor-section elementor-top-section elementor-element elementor-element-1d76dfb2 elementor-section-boxed elementor-section-height-default elementor-section-height-default\" data-id=\"1d76dfb2\" data-element_type=\"section\">\n\t\t\t\t\t\t<div class=\"elementor-container elementor-column-gap-custom\">\n\t\t\t\t\t<div class=\"elementor-column elementor-col-16 elementor-top-column elementor-element elementor-element-6cbbb505\" data-id=\"6cbbb505\" data-element_type=\"column\">\n\t\t\t<div class=\"elementor-widget-wrap elementor-element-populated\">\n\t\t\t\t\t\t<div class=\"elementor-element elementor-element-60fad9d elementor-widget elementor-widget-image\" data-id=\"60fad9d\" data-element_type=\"widget\" data-widget_type=\"image.default\">\n\t\t\t\t\t\t\t\t\t\t\t\t\t\t\t<img decoding=\"async\" width=\"128\" height=\"128\" src=\"https:\/\/www.centraldevacaciones.com\/blog\/wp-content\/uploads\/2021\/05\/dom.png\" class=\"attachment-large size-large wp-image-12635\" alt=\"\" \/>\t\t\t\t\t\t\t\t\t\t\t\t\t\t\t<\/div>\n\t\t\t\t<div class=\"elementor-element elementor-element-455323a5 elementor-widget elementor-widget-heading\" data-id=\"455323a5\" data-element_type=\"widget\" data-widget_type=\"heading.default\">\n\t\t\t\t\t<h3 class=\"elementor-heading-title elementor-size-default\"><a href=\"https:\/\/www.centraldevacaciones.com\/viajes\/\">Ofertas vacacionales<\/a><\/h3>\t\t\t\t<\/div>\n\t\t\t\t\t<\/div>\n\t\t<\/div>\n\t\t\t\t<div class=\"elementor-column elementor-col-16 elementor-top-column elementor-element elementor-element-265dfd6d\" data-id=\"265dfd6d\" data-element_type=\"column\">\n\t\t\t<div class=\"elementor-widget-wrap elementor-element-populated\">\n\t\t\t\t\t\t<div class=\"elementor-element elementor-element-3c355ec1 elementor-widget elementor-widget-image\" data-id=\"3c355ec1\" data-element_type=\"widget\" data-widget_type=\"image.default\">\n\t\t\t\t\t\t\t\t\t\t\t\t\t\t\t<img decoding=\"async\" width=\"128\" height=\"128\" src=\"https:\/\/www.centraldevacaciones.com\/blog\/wp-content\/uploads\/2021\/05\/camas.png\" class=\"attachment-large size-large wp-image-12637\" alt=\"\" \/>\t\t\t\t\t\t\t\t\t\t\t\t\t\t\t<\/div>\n\t\t\t\t<div class=\"elementor-element elementor-element-451c93cb elementor-widget elementor-widget-heading\" data-id=\"451c93cb\" data-element_type=\"widget\" data-widget_type=\"heading.default\">\n\t\t\t\t\t<h3 class=\"elementor-heading-title elementor-size-default\"><a href=\"https:\/\/www.centraldevacaciones.com\/blog\/hoteles-de-ciudad\/\">Ofertas hoteles<\/a><\/h3>\t\t\t\t<\/div>\n\t\t\t\t\t<\/div>\n\t\t<\/div>\n\t\t\t\t<div class=\"elementor-column elementor-col-16 elementor-top-column elementor-element elementor-element-61aecbd8\" data-id=\"61aecbd8\" data-element_type=\"column\">\n\t\t\t<div class=\"elementor-widget-wrap elementor-element-populated\">\n\t\t\t\t\t\t<div class=\"elementor-element elementor-element-195846d9 elementor-widget elementor-widget-image\" data-id=\"195846d9\" data-element_type=\"widget\" data-widget_type=\"image.default\">\n\t\t\t\t\t\t\t\t\t\t\t\t\t\t\t<img loading=\"lazy\" decoding=\"async\" width=\"128\" height=\"128\" src=\"https:\/\/www.centraldevacaciones.com\/blog\/wp-content\/uploads\/2021\/05\/avion-1.png\" class=\"attachment-large size-large wp-image-12639\" alt=\"\" \/>\t\t\t\t\t\t\t\t\t\t\t\t\t\t\t<\/div>\n\t\t\t\t<div class=\"elementor-element elementor-element-26615f elementor-widget elementor-widget-heading\" data-id=\"26615f\" data-element_type=\"widget\" data-widget_type=\"heading.default\">\n\t\t\t\t\t<h3 class=\"elementor-heading-title elementor-size-default\"><a href=\"https:\/\/www.centraldevacaciones.com\/blog\/destinos-vacaciones\/\">Mejores destinos<\/a><\/h3>\t\t\t\t<\/div>\n\t\t\t\t\t<\/div>\n\t\t<\/div>\n\t\t\t\t<div class=\"elementor-column elementor-col-16 elementor-top-column elementor-element elementor-element-11c3d130\" data-id=\"11c3d130\" data-element_type=\"column\">\n\t\t\t<div class=\"elementor-widget-wrap elementor-element-populated\">\n\t\t\t\t\t\t<div class=\"elementor-element elementor-element-6f6b9bf0 elementor-widget elementor-widget-image\" data-id=\"6f6b9bf0\" data-element_type=\"widget\" data-widget_type=\"image.default\">\n\t\t\t\t\t\t\t\t\t\t\t\t\t\t\t<img loading=\"lazy\" decoding=\"async\" width=\"128\" height=\"128\" src=\"https:\/\/www.centraldevacaciones.com\/blog\/wp-content\/uploads\/2021\/05\/cama-solar.png\" class=\"attachment-large size-large wp-image-12640\" alt=\"\" \/>\t\t\t\t\t\t\t\t\t\t\t\t\t\t\t<\/div>\n\t\t\t\t<div class=\"elementor-element elementor-element-3c8fd5fc elementor-widget elementor-widget-heading\" data-id=\"3c8fd5fc\" data-element_type=\"widget\" data-widget_type=\"heading.default\">\n\t\t\t\t\t<h3 class=\"elementor-heading-title elementor-size-default\"><a href=\"https:\/\/www.centraldevacaciones.com\/blog\/ofertas-circuitos\/\">Circuitos vacacionales<\/a><\/h3>\t\t\t\t<\/div>\n\t\t\t\t\t<\/div>\n\t\t<\/div>\n\t\t\t\t<div class=\"elementor-column elementor-col-16 elementor-top-column elementor-element elementor-element-6806cc50\" data-id=\"6806cc50\" data-element_type=\"column\">\n\t\t\t<div class=\"elementor-widget-wrap elementor-element-populated\">\n\t\t\t\t\t\t<div class=\"elementor-element elementor-element-1862346c elementor-widget elementor-widget-image\" data-id=\"1862346c\" data-element_type=\"widget\" data-widget_type=\"image.default\">\n\t\t\t\t\t\t\t\t\t\t\t\t\t\t\t<img loading=\"lazy\" decoding=\"async\" width=\"128\" height=\"128\" src=\"https:\/\/www.centraldevacaciones.com\/blog\/wp-content\/uploads\/2021\/05\/en-todo-el-mundo.png\" class=\"attachment-large size-large wp-image-12641\" alt=\"\" \/>\t\t\t\t\t\t\t\t\t\t\t\t\t\t\t<\/div>\n\t\t\t\t<div class=\"elementor-element elementor-element-197bf5c7 elementor-widget elementor-widget-heading\" data-id=\"197bf5c7\" data-element_type=\"widget\" data-widget_type=\"heading.default\">\n\t\t\t\t\t<h3 class=\"elementor-heading-title elementor-size-default\"><a href=\"https:\/\/www.centraldevacaciones.com\/blog\/vuelo-hotel\/\">Vuelo + hotel <\/a><\/h3>\t\t\t\t<\/div>\n\t\t\t\t\t<\/div>\n\t\t<\/div>\n\t\t\t\t<div class=\"elementor-column elementor-col-16 elementor-top-column elementor-element elementor-element-6d8ca3e6\" data-id=\"6d8ca3e6\" data-element_type=\"column\">\n\t\t\t<div class=\"elementor-widget-wrap elementor-element-populated\">\n\t\t\t\t\t\t<div class=\"elementor-element elementor-element-1b11e511 elementor-widget elementor-widget-image\" data-id=\"1b11e511\" data-element_type=\"widget\" data-widget_type=\"image.default\">\n\t\t\t\t\t\t\t\t\t\t\t\t\t\t\t<img loading=\"lazy\" decoding=\"async\" width=\"128\" height=\"128\" src=\"https:\/\/www.centraldevacaciones.com\/blog\/wp-content\/uploads\/2021\/05\/crucero.png\" class=\"attachment-large size-large wp-image-12642\" alt=\"\" \/>\t\t\t\t\t\t\t\t\t\t\t\t\t\t\t<\/div>\n\t\t\t\t<div class=\"elementor-element elementor-element-621fc42e elementor-widget elementor-widget-heading\" data-id=\"621fc42e\" data-element_type=\"widget\" data-widget_type=\"heading.default\">\n\t\t\t\t\t<h3 class=\"elementor-heading-title elementor-size-default\"><a href=\"https:\/\/www.centraldevacaciones.com\/blog\/destinos-cruceros\/\">Ofertas  cruceros<\/a><\/h3>\t\t\t\t<\/div>\n\t\t\t\t\t<\/div>\n\t\t<\/div>\n\t\t\t\t\t<\/div>\n\t\t<\/section>\n\t\t\t\t<section class=\"elementor-section elementor-top-section elementor-element elementor-element-babfb64 elementor-section-boxed elementor-section-height-default elementor-section-height-default\" data-id=\"babfb64\" data-element_type=\"section\">\n\t\t\t\t\t\t<div class=\"elementor-container elementor-column-gap-default\">\n\t\t\t\t\t<div class=\"elementor-column elementor-col-100 elementor-top-column elementor-element elementor-element-cb7a375\" data-id=\"cb7a375\" data-element_type=\"column\">\n\t\t\t<div class=\"elementor-widget-wrap elementor-element-populated\">\n\t\t\t\t\t\t<div class=\"elementor-element elementor-element-a718a9a elementor-widget elementor-widget-text-editor\" data-id=\"a718a9a\" data-element_type=\"widget\" data-widget_type=\"text-editor.default\">\n\t\t\t\t\t\t\t\t\t<p><span style=\"font-weight: 400;\">\u00bfTe gustar\u00eda poder disfrutar este verano de unas vacaciones en tu lugar favorito con los extras m\u00e1s premium que mejor se adapten a ti y poder contar la experiencia a tus conocidos? Est\u00e1s en el sitio correcto, \u00a1Si\u00e9ntete como en casa desde el primer d\u00eda de estancia en cualquier hotel reservado con Central de Vacaciones!<\/span><\/p><p><span style=\"font-weight: 400;\">Haz tu reserva cuando quieras y a donde quieras, teniendo acceso a todo tipo de lujos para elegir y disfruta unos d\u00edas de verano inolvidables junto a las personas que m\u00e1s quieres. \u00a1Haz ya tu reserva antes de que se agote la disponibilidad a muchos destinos y disfruta de un verano espectacular cuando y donde quieras con Central de Vacaciones!<\/span><\/p>\t\t\t\t\t\t\t\t<\/div>\n\t\t\t\t\t<\/div>\n\t\t<\/div>\n\t\t\t\t\t<\/div>\n\t\t<\/section>\n\t\t\t\t<\/div>\n\t\t","protected":false},"excerpt":{"rendered":"<p>El Gran Faro a Col\u00f3n Este monumento hist\u00f3rico fue construido para hacer un reconocimiento al conocido almirante y conocedor del nuevo mundo Crist\u00f3bal Colon, este monumento hist\u00f3rico comenz\u00f3 a ser construido luego de un conjunto de conferencias internaciones entre los pa\u00edses de Am\u00e9rica para delegar la ubicaci\u00f3n de la actual monumento hist\u00f3rico y tur\u00edstico El [&hellip;]<\/p>\n","protected":false},"author":1,"featured_media":0,"comment_status":"closed","ping_status":"open","sticky":false,"template":"elementor_theme","format":"standard","meta":{"_acf_changed":false,"footnotes":""},"categories":[194,8,197],"tags":[],"class_list":["post-3289","post","type-post","status-publish","format-standard","hentry","category-islas-paradisiacas","category-republica-dominicana","category-rutas-por-america"],"acf":[],"_links":{"self":[{"href":"https:\/\/www.centraldevacaciones.com\/blog\/wp-json\/wp\/v2\/posts\/3289","targetHints":{"allow":["GET"]}}],"collection":[{"href":"https:\/\/www.centraldevacaciones.com\/blog\/wp-json\/wp\/v2\/posts"}],"about":[{"href":"https:\/\/www.centraldevacaciones.com\/blog\/wp-json\/wp\/v2\/types\/post"}],"author":[{"embeddable":true,"href":"https:\/\/www.centraldevacaciones.com\/blog\/wp-json\/wp\/v2\/users\/1"}],"replies":[{"embeddable":true,"href":"https:\/\/www.centraldevacaciones.com\/blog\/wp-json\/wp\/v2\/comments?post=3289"}],"version-history":[{"count":0,"href":"https:\/\/www.centraldevacaciones.com\/blog\/wp-json\/wp\/v2\/posts\/3289\/revisions"}],"wp:attachment":[{"href":"https:\/\/www.centraldevacaciones.com\/blog\/wp-json\/wp\/v2\/media?parent=3289"}],"wp:term":[{"taxonomy":"category","embeddable":true,"href":"https:\/\/www.centraldevacaciones.com\/blog\/wp-json\/wp\/v2\/categories?post=3289"},{"taxonomy":"post_tag","embeddable":true,"href":"https:\/\/www.centraldevacaciones.com\/blog\/wp-json\/wp\/v2\/tags?post=3289"}],"curies":[{"name":"wp","href":"https:\/\/api.w.org\/{rel}","templated":true}]}}