{"id":3250,"date":"2016-11-17T10:19:29","date_gmt":"2016-11-17T09:19:29","guid":{"rendered":"http:\/\/blog.centraldevacaciones.com\/?p=3250"},"modified":"2021-07-30T11:34:20","modified_gmt":"2021-07-30T09:34:20","slug":"guia-turistica-menorca","status":"publish","type":"post","link":"https:\/\/www.centraldevacaciones.com\/blog\/guia-turistica-menorca\/","title":{"rendered":"Gu\u00eda tur\u00edstica: Menorca."},"content":{"rendered":"\t\t<div data-elementor-type=\"wp-post\" data-elementor-id=\"3250\" class=\"elementor elementor-3250\" data-elementor-post-type=\"post\">\n\t\t\t\t\t\t<section class=\"elementor-section elementor-top-section elementor-element elementor-element-46980183 elementor-section-boxed elementor-section-height-default elementor-section-height-default\" data-id=\"46980183\" data-element_type=\"section\">\n\t\t\t\t\t\t<div class=\"elementor-container elementor-column-gap-default\">\n\t\t\t\t\t<div class=\"elementor-column elementor-col-100 elementor-top-column elementor-element elementor-element-300d5e7e\" data-id=\"300d5e7e\" data-element_type=\"column\">\n\t\t\t<div class=\"elementor-widget-wrap elementor-element-populated\">\n\t\t\t\t\t\t<div class=\"elementor-element elementor-element-254872cc elementor-widget elementor-widget-text-editor\" data-id=\"254872cc\" data-element_type=\"widget\" data-widget_type=\"text-editor.default\">\n\t\t\t\t\t\t\t\t\t&nbsp;\n<h2>Informaci\u00f3n tur\u00edstica y gu\u00eda de viaje de Menorca<\/h2>\n<iframe title=\"Menorca - V\u00eddeo de promoci\u00f3n tur\u00edstica\" width=\"800\" height=\"600\" src=\"https:\/\/www.youtube.com\/embed\/mG0T-Capb3k?feature=oembed\" frameborder=\"0\" allow=\"accelerometer; autoplay; clipboard-write; encrypted-media; gyroscope; picture-in-picture; web-share\" referrerpolicy=\"strict-origin-when-cross-origin\" allowfullscreen><\/iframe>\n<h2><strong>Lugar: Comunidad Aut\u00f3noma de las Islas Baleares.<\/strong><\/h2>\nLas Islas Baleares, o <em>Illes Balears<\/em> (en idioma Catal\u00e1n, idioma oficial de la comunidad), conforman el archipi\u00e9lago mas occidental de Espa\u00f1a. La comunidad est\u00e1 compuesta por varias islas del archipi\u00e9lago Balear, de entre las cuales destacan Mallorca y Menorca por su actividad tur\u00edstica, y no es para menos, pues mientras vayas leyendo \u00e9ste post te ir\u00e1s enamorando poco a poco del para\u00edso terrenal que es Mallorca y querr\u00e1s armar las maletas de una vez.\n<h2><strong>Algunas curiosidades sobre Menorca<\/strong><\/h2>\nMucho se ha dicho acerca del origen del nombre que reciben las islas del archipi\u00e9lago, hay quienes afirman que el t\u00e9rmino \u201cBalear\u201d proviene del griego y significa \u201clanzar\u201d, sin embargo, a pesar de que varias de las islas si tienen nombre grecos, tambi\u00e9n existe la teor\u00eda de que \u201cBaleares\u201d es una noci\u00f3n p\u00fanica (que proviene del catal\u00e1n, el cual, a su vez, es un idioma derivado del fenicio), que hace referencia a los honderos baleares, un ej\u00e9rcito propio de la zona que ten\u00eda la habilidad de lanzar piedras contra los enemigos de forma que siempre acertaban y, por lo cual, se les dio el sustantivo plural de \u00abba&#8217; l\u00e9 yaroh\u00bb que significa <em>Los que ejercitan el oficio de lanzar piedras.<\/em>\n<h2><strong>Informaci\u00f3n geopol\u00edtica<\/strong><\/h2>\n<ul>\n\t<li><u>Bandera<\/u><\/li>\n<\/ul>\nLa bandera de la Comunidad Aut\u00f3noma de las Islas Baleares, est\u00e1 compuesta de cuatro barras rojas y cinco barras amarillas, junto a la imagen o representaci\u00f3n de un fort\u00edn antiguo.\n<ul>\n\t<li><u>Tipo de gobernanza<\/u><\/li>\n<\/ul>\nLa comunidad, como claramente se puede apreciar en su nombre, es aut\u00f3noma, lo cual quiere decir que, aunque est\u00e9 sujeta a ciertas normas y compromisos con Espa\u00f1a, tienen su propia presidenta y parlamento. Est\u00e1 compuesta por una \u00fanica provincia (el archipi\u00e9lago) y su capital es la ciudad de <em>Palma de Mallorca<\/em> en Mallorca.\n<ul>\n\t<li><u>Poblaci\u00f3n<\/u><\/li>\n<\/ul>\nLa provincia cuenta con 1.124.744\u00a0habitantes y una densidad poblacional de 222 habitantes por Kil\u00f3metro cuadrado. En cuanto a la isla de Menorca, cuenta con una poblaci\u00f3n estimada de 92.328 habitantes, siendo la tercera isla en poblaci\u00f3n de la comunidad aut\u00f3noma balear.\n<ul>\n\t<li><u>Situaci\u00f3n geogr\u00e1fica<\/u><\/li>\n<\/ul>\nLa comunidad balear se encuentra en el hemisferio norte del planeta, en la parte occidental de Europa, rodeada por el Mar mediterr\u00e1neo (destino muy apreciado por quienes recorren el mundo); como consecuencia de su localizaci\u00f3n geogr\u00e1fica, existen otras caracter\u00edsticas a tener en cuenta como:\n<ul>\n\t<li>Zona horaria: El uso horario del archipi\u00e9lago es UTC+1, es decir, una hora m\u00e1s a partir del tiempo de la l\u00ednea divisora de Greenwich (en Londres).<\/li>\n\t<li>Clima: de tipo mediterr\u00e1neo, con temperaturas por encima de los 20\u00ba cent\u00edgrados la mayor parte del a\u00f1o y experimentando variaciones entre los 18\u00ba y 15\u00ba en invierno, durante los meses m\u00e1s fr\u00edos (enero y diciembre).<\/li>\n\t<li>Extensi\u00f3n: las islas del archipi\u00e9lago balear, en conjunto, tienen una superficie de 4992 Km cuadrados. En cuanto a Menorca, cuenta con aproximadamente 701 Km cuadrados.<\/li>\n<\/ul>\n<h2><strong>Historia de Menorca (descripci\u00f3n breve de su gobernanza)<\/strong><\/h2>\nSe estima que los primeros pobladores de la isla fueron parte de la civilizaci\u00f3n talay\u00f3nica (poblaciones de la Edad de hierro, creadores de las primeras herramientas estilizadas), sin embargo, en Menorca se han encontrado restos arqueol\u00f3gicos de hasta el a\u00f1o 3.500 antes de Cristo y, recorriendo la isla es posible visualizar construcciones megal\u00edticas como en Mallorca, Malta o Cerde\u00f1a. La provincia balear cont\u00f3 con mucha influencia fenicia (quienes llamaban a la actual Menorca como \u201cTierra de fuego\u201d) y griega con pretensiones comerciales pac\u00edficas, hasta que en el siglo VII los cartagineses invadieron la isla, fundando la Ciudadela y Mah\u00f3n. En el a\u00f1o 903 la isla fue conquistada por musulmanes y anexada al Califato de C\u00f3rdoba, quedando bajo dominio \u00e1rabe hasta que en 1232 se hizo tributaria de la Corona de Arag\u00f3n, dejando de ser isl\u00e1mica oficialmente en 1287, conquistada por Alfonso de Arag\u00f3n.\n\nAdem\u00e1s, en 1708, durante la Guerra de sucesi\u00f3n espa\u00f1ola, Menorca fue invadida por el imperio brit\u00e1nico, hasta que en la Guerra de los 7 a\u00f1os, Francia tom\u00f3 el control en 1756. Despu\u00e9s de m\u00faltiples invasiones tanto brit\u00e1nicas como francesas y espa\u00f1olas, la isla qued\u00f3 finalmente bajo el dominio de Espa\u00f1a por el Tratado de Amiens en 1802.\n<h2><strong>Festividades especiales en Menorca<\/strong><\/h2>\n<ul class=\"listado\">\n\t<li><strong>Es Mercadal<\/strong>: 20 de julio (San Mart\u00edn).<\/li>\n\t<li><strong>Fornells<\/strong>: 20 de julio (San Antonio).<\/li>\n\t<li><strong>Alaior<\/strong>: 10 de agosto (San Lorenzo).<\/li>\n\t<li><strong>Ferrer\u00edas<\/strong>: 24 de agosto (San Bartomeu).<\/li>\n\t<li><strong>San Luis<\/strong>: 25 de agosto (San Luis).<\/li>\n\t<li><strong>Mah\u00f3n<\/strong>: 8 de septiembre (Santa Mar\u00eda).<\/li>\n<\/ul>\n<ul>\n\t<li>\n<h2><strong>Econom\u00eda de Menorca<\/strong><\/h2>\n<\/li>\n<\/ul>\nLa econom\u00eda de la isla estuvo mucho tiempo basada en la industria del calzado y la agricultura, posicion\u00e1ndose luego con el turismo, despu\u00e9s que el resto de las Islas Baleares. El turismo, adem\u00e1s, mantiene la producci\u00f3n de otros elementos t\u00edpicos como la artesan\u00eda para souvenirs y la gastronom\u00eda (mezcla entre la musulmana y la desarrollada luego de la conquista por la Corona de Arag\u00f3n, adem\u00e1s de la influencia brit\u00e1nica y francesa en tiempos contempor\u00e1neos). Es norma probar los embutidos locales como la sobrasada y el butifarr\u00f3n; de entre los dulces, la ensaimada; destacando de entre otros sabores la caldereta de langosta y el queso mah\u00f3n.\n\nLa ganader\u00eda y la fabricaci\u00f3n de queso tambi\u00e9n juegan un papel importantes entre las actividades econ\u00f3micas que sustentan la estabilidad de los habitantes de la isla, especialmente durante las \u00e9pocas de temporadas altas del a\u00f1o (primavera y verano).\n<h2><strong>Lugares tur\u00edsticos de la isla de Menorca<\/strong><\/h2>\nA lo largo de la isla, se pueden apreciar varios monumentos hist\u00f3ricos y arquitect\u00f3nicos, desde construcciones megal\u00edticas como navetas, talayots y taulas, hasta recintos cubiertos, galer\u00edas y salas hip\u00f3stilas. Existen tambi\u00e9n bas\u00edlicas paleocristianas como la de Son-Bou y fortalezas como Santa \u00c1gueda, construida por los musulmanes. En el Monte Toro se puede visitar el Santuario de la Virgen de Monte Toro y la catedral-bas\u00edlica de Santa Mar\u00eda de Ciudadela (en la ciudad de Ciudadela).\n\nEn cuanto a monumentos naturales se pueden encontrar muchas cuevas y hermosas bah\u00edas en casi cualquier lugar, a los que puedes llegar con la ayuda de excursiones de agencias tur\u00edsticas.\n\n<strong>Menorca,<\/strong> se encuentra rodeada por un poco m\u00e1s de 49 playas en toda su extensi\u00f3n de 220 kil\u00f3metros alrededor de su costa, las cuales no tienen gran diferencia con las aguas cristalinas del mar caribe, es un gran destino para conocer la isla n\u00famero dos, de las m\u00e1s grandes de <strong>la Baleares,<\/strong> siendo su principal atractivo las calas, esta isla nos ofrece mucho m\u00e1s que playa y flora hermosa, a continuaci\u00f3n te hablaremos de <strong>algunos lugares que no puedes dejar de visitar cuando visites Menorca:<\/strong>\n<h3>Lugares que visitar en Menorca<strong>\u00a0<\/strong><\/h3>\n<ul>\n\t<li><strong>Faro de Favaritx:<\/strong> para poder llegar a este destino, se debe pasar por otra de las maravillas de esta localidad como lo es el Parque Natural de Albufera, el cual tambi\u00e9n abarca gran extensi\u00f3n de costa. Este faro fue construido en el a\u00f1o 1992 y se ubica en el \u00e1rea m\u00e1s antigua a nivel geol\u00f3gico de la isla.<\/li>\n<\/ul>\n<ul>\n\t<li><strong>Hip\u00f3dromo de Mah\u00f3n: <\/strong>ya sea por la fortaleza de los caballos, o por los gustos de los habitantes brit\u00e1nicos, en la isla se posee una gran fijaci\u00f3n y amor por los caballos, siendo las carreras de caballos el eje principal de las fiestas de Menorca.<\/li>\n<\/ul>\n<ul>\n\t<li><strong>Naveta des Tudons:<\/strong> en este lugar se encuentran las construcciones m\u00e1s antiguas de toda Menorca, siendo este Naveta un monumento con significado funerario, que data desde hace m\u00e1s de 3.000 a\u00f1os desde su construcci\u00f3n, y en su interior se encuentran enterrados alrededor de 100 cad\u00e1veres los cuales en la actualidad yacen en museos.<\/li>\n<\/ul>\n<ul>\n\t<li><strong>Monte Toro:<\/strong> siendo uno de los puntos m\u00e1s elevados de toda la isla, se encuentra a 358 metros sobre el nivel del mar, se ubica en todo el centro de la isla, por lo que se facilita su acceso para los turistas, aportando una gran visibilidad de toda la isla desde las grandes alturas.<\/li>\n<\/ul>\n<strong>\u00a1Vuela ya a visitar Menorca!<\/strong>\t\t\t\t\t\t\t\t<\/div>\n\t\t\t\t\t<\/div>\n\t\t<\/div>\n\t\t\t\t\t<\/div>\n\t\t<\/section>\n\t\t\t\t<section class=\"elementor-section elementor-top-section elementor-element elementor-element-7377be6f elementor-section-boxed elementor-section-height-default elementor-section-height-default\" data-id=\"7377be6f\" data-element_type=\"section\">\n\t\t\t\t\t\t<div class=\"elementor-container elementor-column-gap-default\">\n\t\t\t\t\t<div class=\"elementor-column elementor-col-16 elementor-top-column elementor-element elementor-element-3850cc7c\" data-id=\"3850cc7c\" data-element_type=\"column\">\n\t\t\t<div class=\"elementor-widget-wrap elementor-element-populated\">\n\t\t\t\t\t\t<div class=\"elementor-element elementor-element-994277b elementor-widget elementor-widget-image\" data-id=\"994277b\" data-element_type=\"widget\" data-widget_type=\"image.default\">\n\t\t\t\t\t\t\t\t\t\t\t\t\t\t\t<img decoding=\"async\" width=\"128\" height=\"128\" src=\"https:\/\/www.centraldevacaciones.com\/blog\/wp-content\/uploads\/2020\/09\/espana.png\" class=\"attachment-large size-large wp-image-12730\" alt=\"\" \/>\t\t\t\t\t\t\t\t\t\t\t\t\t\t\t<\/div>\n\t\t\t\t<div class=\"elementor-element elementor-element-78e2b792 elementor-widget elementor-widget-heading\" data-id=\"78e2b792\" data-element_type=\"widget\" data-widget_type=\"heading.default\">\n\t\t\t\t\t<h3 class=\"elementor-heading-title elementor-size-default\"><a href=\"https:\/\/www.centraldevacaciones.com\/blog\/ofertas-de-vacaciones\/\">Viajes por Espa\u00f1a<\/a><\/h3>\t\t\t\t<\/div>\n\t\t\t\t\t<\/div>\n\t\t<\/div>\n\t\t\t\t<div class=\"elementor-column elementor-col-16 elementor-top-column elementor-element elementor-element-4839d40f\" data-id=\"4839d40f\" data-element_type=\"column\">\n\t\t\t<div class=\"elementor-widget-wrap elementor-element-populated\">\n\t\t\t\t\t\t<div class=\"elementor-element elementor-element-1ec0fd6d elementor-widget elementor-widget-image\" data-id=\"1ec0fd6d\" data-element_type=\"widget\" data-widget_type=\"image.default\">\n\t\t\t\t\t\t\t\t\t\t\t\t\t\t\t<img decoding=\"async\" width=\"128\" height=\"128\" src=\"https:\/\/www.centraldevacaciones.com\/blog\/wp-content\/uploads\/2020\/09\/isla.png\" class=\"attachment-large size-large wp-image-12732\" alt=\"\" \/>\t\t\t\t\t\t\t\t\t\t\t\t\t\t\t<\/div>\n\t\t\t\t<div class=\"elementor-element elementor-element-2a7555a6 elementor-widget elementor-widget-heading\" data-id=\"2a7555a6\" data-element_type=\"widget\" data-widget_type=\"heading.default\">\n\t\t\t\t\t<h3 class=\"elementor-heading-title elementor-size-default\"><a href=\"https:\/\/www.centraldevacaciones.com\/blog\/vacaciones-mejores-islas-espana\/\">Islas de Espa\u00f1a<\/a><\/h3>\t\t\t\t<\/div>\n\t\t\t\t\t<\/div>\n\t\t<\/div>\n\t\t\t\t<div class=\"elementor-column elementor-col-16 elementor-top-column elementor-element elementor-element-7cbf6aaa\" data-id=\"7cbf6aaa\" data-element_type=\"column\">\n\t\t\t<div class=\"elementor-widget-wrap elementor-element-populated\">\n\t\t\t\t\t\t<div class=\"elementor-element elementor-element-66a468ee elementor-widget elementor-widget-image\" data-id=\"66a468ee\" data-element_type=\"widget\" data-widget_type=\"image.default\">\n\t\t\t\t\t\t\t\t\t\t\t\t\t\t\t<img decoding=\"async\" width=\"128\" height=\"128\" src=\"https:\/\/www.centraldevacaciones.com\/blog\/wp-content\/uploads\/2021\/05\/avion-1.png\" class=\"attachment-large size-large wp-image-12639\" alt=\"\" \/>\t\t\t\t\t\t\t\t\t\t\t\t\t\t\t<\/div>\n\t\t\t\t<div class=\"elementor-element elementor-element-72a3aeba elementor-widget elementor-widget-heading\" data-id=\"72a3aeba\" data-element_type=\"widget\" data-widget_type=\"heading.default\">\n\t\t\t\t\t<h3 class=\"elementor-heading-title elementor-size-default\"><a href=\"https:\/\/www.centraldevacaciones.com\/viajes\/ofertas-a-islas-canarias.html\">Viajes a Canarias<\/a><\/h3>\t\t\t\t<\/div>\n\t\t\t\t\t<\/div>\n\t\t<\/div>\n\t\t\t\t<div class=\"elementor-column elementor-col-16 elementor-top-column elementor-element elementor-element-7dfdd8d7\" data-id=\"7dfdd8d7\" data-element_type=\"column\">\n\t\t\t<div class=\"elementor-widget-wrap elementor-element-populated\">\n\t\t\t\t\t\t<div class=\"elementor-element elementor-element-54863b8e elementor-widget elementor-widget-image\" data-id=\"54863b8e\" data-element_type=\"widget\" data-widget_type=\"image.default\">\n\t\t\t\t\t\t\t\t\t\t\t\t\t\t\t<img loading=\"lazy\" decoding=\"async\" width=\"128\" height=\"128\" src=\"https:\/\/www.centraldevacaciones.com\/blog\/wp-content\/uploads\/2020\/09\/sombrilla.png\" class=\"attachment-large size-large wp-image-12733\" alt=\"\" \/>\t\t\t\t\t\t\t\t\t\t\t\t\t\t\t<\/div>\n\t\t\t\t<div class=\"elementor-element elementor-element-2bd52684 elementor-widget elementor-widget-heading\" data-id=\"2bd52684\" data-element_type=\"widget\" data-widget_type=\"heading.default\">\n\t\t\t\t\t<h3 class=\"elementor-heading-title elementor-size-default\"><a href=\"https:\/\/www.centraldevacaciones.com\/viajes\/ofertas-a-lanzarote.html\">Viajes a Lanzarote<\/a><\/h3>\t\t\t\t<\/div>\n\t\t\t\t\t<\/div>\n\t\t<\/div>\n\t\t\t\t<div class=\"elementor-column elementor-col-16 elementor-top-column elementor-element elementor-element-526a5b9c\" data-id=\"526a5b9c\" data-element_type=\"column\">\n\t\t\t<div class=\"elementor-widget-wrap elementor-element-populated\">\n\t\t\t\t\t\t<div class=\"elementor-element elementor-element-549055ce elementor-widget elementor-widget-image\" data-id=\"549055ce\" data-element_type=\"widget\" data-widget_type=\"image.default\">\n\t\t\t\t\t\t\t\t\t\t\t\t\t\t\t<img loading=\"lazy\" decoding=\"async\" width=\"128\" height=\"128\" src=\"https:\/\/www.centraldevacaciones.com\/blog\/wp-content\/uploads\/2020\/09\/avion.png\" class=\"attachment-large size-large wp-image-12734\" alt=\"\" \/>\t\t\t\t\t\t\t\t\t\t\t\t\t\t\t<\/div>\n\t\t\t\t<div class=\"elementor-element elementor-element-34d755e7 elementor-widget elementor-widget-heading\" data-id=\"34d755e7\" data-element_type=\"widget\" data-widget_type=\"heading.default\">\n\t\t\t\t\t<h3 class=\"elementor-heading-title elementor-size-default\"><a href=\"https:\/\/www.centraldevacaciones.com\/viajes\/ofertas-a-islas-baleares.html\">Viajes a las Baleares<\/a><\/h3>\t\t\t\t<\/div>\n\t\t\t\t\t<\/div>\n\t\t<\/div>\n\t\t\t\t<div class=\"elementor-column elementor-col-16 elementor-top-column elementor-element elementor-element-4fd571af\" data-id=\"4fd571af\" data-element_type=\"column\">\n\t\t\t<div class=\"elementor-widget-wrap elementor-element-populated\">\n\t\t\t\t\t\t<div class=\"elementor-element elementor-element-138711b2 elementor-widget elementor-widget-image\" data-id=\"138711b2\" data-element_type=\"widget\" data-widget_type=\"image.default\">\n\t\t\t\t\t\t\t\t\t\t\t\t\t\t\t<img loading=\"lazy\" decoding=\"async\" width=\"128\" height=\"128\" src=\"https:\/\/www.centraldevacaciones.com\/blog\/wp-content\/uploads\/2021\/05\/dom.png\" class=\"attachment-large size-large wp-image-12635\" alt=\"\" \/>\t\t\t\t\t\t\t\t\t\t\t\t\t\t\t<\/div>\n\t\t\t\t<div class=\"elementor-element elementor-element-24186b97 elementor-widget elementor-widget-heading\" data-id=\"24186b97\" data-element_type=\"widget\" data-widget_type=\"heading.default\">\n\t\t\t\t\t<h3 class=\"elementor-heading-title elementor-size-default\"><a href=\"https:\/\/www.centraldevacaciones.com\/viajes\/ofertas-a-mallorca.html\">Viajes a Mallorca<\/a><\/h3>\t\t\t\t<\/div>\n\t\t\t\t\t<\/div>\n\t\t<\/div>\n\t\t\t\t\t<\/div>\n\t\t<\/section>\n\t\t\t\t<section class=\"elementor-section elementor-top-section elementor-element elementor-element-bc925cd elementor-section-boxed elementor-section-height-default elementor-section-height-default\" data-id=\"bc925cd\" data-element_type=\"section\">\n\t\t\t\t\t\t<div class=\"elementor-container elementor-column-gap-default\">\n\t\t\t\t\t<div class=\"elementor-column elementor-col-100 elementor-top-column elementor-element elementor-element-0181aae\" data-id=\"0181aae\" data-element_type=\"column\">\n\t\t\t<div class=\"elementor-widget-wrap elementor-element-populated\">\n\t\t\t\t\t\t<div class=\"elementor-element elementor-element-f5da689 elementor-widget elementor-widget-text-editor\" data-id=\"f5da689\" data-element_type=\"widget\" data-widget_type=\"text-editor.default\">\n\t\t\t\t\t\t\t\t\t<p><span style=\"font-weight: 400;\">\u00a1Disfruta este verano como el que m\u00e1s y haz realidad el sue\u00f1o que muchos otros tienen con Central de Vacaciones! Pasa unos d\u00edas de vacaciones de desconexi\u00f3n en Espa\u00f1a, concretamente en las Islas Canarias sin preocuparte de nada junto a quien m\u00e1s quieres en una estancia premium con los extras que m\u00e1s se adapten a ti. \u00a1Haz ahora tu reserva aprovechando las ofertas antes de que se agote la disponibilidad y empieza a hacer el planning de los d\u00edas de tu estancia! <\/span><\/p>\t\t\t\t\t\t\t\t<\/div>\n\t\t\t\t\t<\/div>\n\t\t<\/div>\n\t\t\t\t\t<\/div>\n\t\t<\/section>\n\t\t\t\t<\/div>\n\t\t","protected":false},"excerpt":{"rendered":"<p>&nbsp; Informaci\u00f3n tur\u00edstica y gu\u00eda de viaje de Menorca Lugar: Comunidad Aut\u00f3noma de las Islas Baleares. Las Islas Baleares, o Illes Balears (en idioma Catal\u00e1n, idioma oficial de la comunidad), conforman el archipi\u00e9lago mas occidental de Espa\u00f1a. La comunidad est\u00e1 compuesta por varias islas del archipi\u00e9lago Balear, de entre las cuales destacan Mallorca y Menorca [&hellip;]<\/p>\n","protected":false},"author":1,"featured_media":706,"comment_status":"closed","ping_status":"open","sticky":false,"template":"elementor_theme","format":"standard","meta":{"_acf_changed":false,"footnotes":""},"categories":[297,4,193,208,204,205,194,200,195,17],"tags":[129],"class_list":["post-3250","post","type-post","status-publish","format-standard","has-post-thumbnail","hentry","category-caribe","category-espana","category-europa","category-ideas-escapadas","category-ideas-viajes-verano","category-ideas-viajes-low-cost","category-islas-paradisiacas","category-rutas-por-espana","category-rutas-por-europa","category-viajes-por-europa","tag-menorca"],"acf":[],"_links":{"self":[{"href":"https:\/\/www.centraldevacaciones.com\/blog\/wp-json\/wp\/v2\/posts\/3250","targetHints":{"allow":["GET"]}}],"collection":[{"href":"https:\/\/www.centraldevacaciones.com\/blog\/wp-json\/wp\/v2\/posts"}],"about":[{"href":"https:\/\/www.centraldevacaciones.com\/blog\/wp-json\/wp\/v2\/types\/post"}],"author":[{"embeddable":true,"href":"https:\/\/www.centraldevacaciones.com\/blog\/wp-json\/wp\/v2\/users\/1"}],"replies":[{"embeddable":true,"href":"https:\/\/www.centraldevacaciones.com\/blog\/wp-json\/wp\/v2\/comments?post=3250"}],"version-history":[{"count":0,"href":"https:\/\/www.centraldevacaciones.com\/blog\/wp-json\/wp\/v2\/posts\/3250\/revisions"}],"wp:featuredmedia":[{"embeddable":true,"href":"https:\/\/www.centraldevacaciones.com\/blog\/wp-json\/wp\/v2\/media\/706"}],"wp:attachment":[{"href":"https:\/\/www.centraldevacaciones.com\/blog\/wp-json\/wp\/v2\/media?parent=3250"}],"wp:term":[{"taxonomy":"category","embeddable":true,"href":"https:\/\/www.centraldevacaciones.com\/blog\/wp-json\/wp\/v2\/categories?post=3250"},{"taxonomy":"post_tag","embeddable":true,"href":"https:\/\/www.centraldevacaciones.com\/blog\/wp-json\/wp\/v2\/tags?post=3250"}],"curies":[{"name":"wp","href":"https:\/\/api.w.org\/{rel}","templated":true}]}}