{"id":325,"date":"2014-01-07T19:06:21","date_gmt":"2014-01-07T18:06:21","guid":{"rendered":"http:\/\/www.centraldevacaciones.com\/opiniones\/?p=325"},"modified":"2021-06-30T18:23:03","modified_gmt":"2021-06-30T16:23:03","slug":"nuevas-salidas-a-cuba-para-febrero-2014","status":"publish","type":"post","link":"https:\/\/www.centraldevacaciones.com\/blog\/nuevas-salidas-a-cuba-para-febrero-2014\/","title":{"rendered":"Nuevas Salidas a Cuba para Febrero 2014"},"content":{"rendered":"<p>\u00a1Ya tenemos nuevas salidas a Cuba para el pr\u00f3ximo mes de Febrero<\/p>\n<p>Agotadas ya todas las salidas de Enero, os ofrecemos la posibilidad de beneficiaros de esta Especial Oferta para visitar Cuba este invierno.<\/p>\n<p><a href=\"http:\/\/www.centraldevacaciones.com\/opiniones\/wp-content\/uploads\/2014\/01\/CubaFebreroFB.jpg\"><img decoding=\"async\" class=\"aligncenter size-medium wp-image-326\" title=\"CubaFebreroFB\" src=\"http:\/\/www.centraldevacaciones.com\/opiniones\/wp-content\/uploads\/2014\/01\/CubaFebreroFB-300x146.jpg\" alt=\"Oferta Cuba Febrero\" width=\"300\" height=\"146\" srcset=\"https:\/\/www.centraldevacaciones.com\/blog\/wp-content\/uploads\/2014\/01\/CubaFebreroFB-300x146.jpg 300w, https:\/\/www.centraldevacaciones.com\/blog\/wp-content\/uploads\/2014\/01\/CubaFebreroFB.jpg 565w\" sizes=\"(max-width: 300px) 100vw, 300px\" \/><\/a><\/p>\n<p>Desde 749 euros, podr\u00e1s viajar a La Habana, visitar sus monumentos y conocer el afable car\u00e1cter de sus gentes. Y si lo que quieres es combinar tu visita a la Capital Cubana con el relax de las caribe\u00f1as playas de Varadero, lo podr\u00e1s hacer desde tan solo 879 euros.<\/p>\n<p>Hemos programado cuatro salidas para los d\u00edas 2, 9, 16 y 23 de Febrero. Haz ya tu reserva!<\/p>\n","protected":false},"excerpt":{"rendered":"<p>\u00a1Ya tenemos nuevas salidas a Cuba para el pr\u00f3ximo mes de Febrero Agotadas ya todas las salidas de Enero, os ofrecemos la posibilidad de beneficiaros de esta Especial Oferta para visitar Cuba este invierno. Desde 749 euros, podr\u00e1s viajar a La Habana, visitar sus monumentos y conocer el afable car\u00e1cter de sus gentes. Y si [&hellip;]<\/p>\n","protected":false},"author":1,"featured_media":0,"comment_status":"closed","ping_status":"open","sticky":false,"template":"elementor_theme","format":"standard","meta":{"_acf_changed":false,"footnotes":""},"categories":[297,3,208,207,203,205,1],"tags":[],"class_list":["post-325","post","type-post","status-publish","format-standard","hentry","category-caribe","category-cuba","category-ideas-escapadas","category-ideas-viajes-invierno","category-ideas-viajes-de-novios","category-ideas-viajes-low-cost","category-vacaciones"],"acf":[],"_links":{"self":[{"href":"https:\/\/www.centraldevacaciones.com\/blog\/wp-json\/wp\/v2\/posts\/325","targetHints":{"allow":["GET"]}}],"collection":[{"href":"https:\/\/www.centraldevacaciones.com\/blog\/wp-json\/wp\/v2\/posts"}],"about":[{"href":"https:\/\/www.centraldevacaciones.com\/blog\/wp-json\/wp\/v2\/types\/post"}],"author":[{"embeddable":true,"href":"https:\/\/www.centraldevacaciones.com\/blog\/wp-json\/wp\/v2\/users\/1"}],"replies":[{"embeddable":true,"href":"https:\/\/www.centraldevacaciones.com\/blog\/wp-json\/wp\/v2\/comments?post=325"}],"version-history":[{"count":0,"href":"https:\/\/www.centraldevacaciones.com\/blog\/wp-json\/wp\/v2\/posts\/325\/revisions"}],"wp:attachment":[{"href":"https:\/\/www.centraldevacaciones.com\/blog\/wp-json\/wp\/v2\/media?parent=325"}],"wp:term":[{"taxonomy":"category","embeddable":true,"href":"https:\/\/www.centraldevacaciones.com\/blog\/wp-json\/wp\/v2\/categories?post=325"},{"taxonomy":"post_tag","embeddable":true,"href":"https:\/\/www.centraldevacaciones.com\/blog\/wp-json\/wp\/v2\/tags?post=325"}],"curies":[{"name":"wp","href":"https:\/\/api.w.org\/{rel}","templated":true}]}}