{"id":3248,"date":"2016-10-17T10:10:16","date_gmt":"2016-10-17T08:10:16","guid":{"rendered":"http:\/\/blog.centraldevacaciones.com\/?p=3248"},"modified":"2021-08-02T11:16:38","modified_gmt":"2021-08-02T09:16:38","slug":"guia-turistica-mallorca","status":"publish","type":"post","link":"https:\/\/www.centraldevacaciones.com\/blog\/guia-turistica-mallorca\/","title":{"rendered":"Gu\u00eda tur\u00edstica: Mallorca."},"content":{"rendered":"\t\t<div data-elementor-type=\"wp-post\" data-elementor-id=\"3248\" class=\"elementor elementor-3248\" data-elementor-post-type=\"post\">\n\t\t\t\t\t\t<section class=\"elementor-section elementor-top-section elementor-element elementor-element-45e17978 elementor-section-boxed elementor-section-height-default elementor-section-height-default\" data-id=\"45e17978\" data-element_type=\"section\">\n\t\t\t\t\t\t<div class=\"elementor-container elementor-column-gap-default\">\n\t\t\t\t\t<div class=\"elementor-column elementor-col-100 elementor-top-column elementor-element elementor-element-3581d084\" data-id=\"3581d084\" data-element_type=\"column\">\n\t\t\t<div class=\"elementor-widget-wrap elementor-element-populated\">\n\t\t\t\t\t\t<div class=\"elementor-element elementor-element-1943b642 elementor-widget elementor-widget-text-editor\" data-id=\"1943b642\" data-element_type=\"widget\" data-widget_type=\"text-editor.default\">\n\t\t\t\t\t\t\t\t\t<iframe title=\"Mallorca - Vive el Mediterr\u00e1neo\" width=\"800\" height=\"600\" src=\"https:\/\/www.youtube.com\/embed\/YidpyJplDwE?feature=oembed\" frameborder=\"0\" allow=\"accelerometer; autoplay; clipboard-write; encrypted-media; gyroscope; picture-in-picture; web-share\" referrerpolicy=\"strict-origin-when-cross-origin\" allowfullscreen><\/iframe>\n<h2>Informaci\u00f3n tur\u00edstica y gu\u00eda de viaje<\/h2>\n<strong>Lugar: Comunidad Aut\u00f3noma de las Islas Baleares.<\/strong>\n\nLas Islas Baleares, o <em>Illes Balears<\/em> (en idioma Catal\u00e1n, idioma oficial de la comunidad), conforman el archipi\u00e9lago mas occidental de Espa\u00f1a. La comunidad est\u00e1 compuesta por varias islas del archipi\u00e9lago Balear, de entre las cuales destacan Mallorca y Menorca por su actividad tur\u00edstica, y no es para menos, pues mientras vayas leyendo \u00e9ste post te ir\u00e1s enamorando poco a poco del para\u00edso terrenal que es Mallorca y querr\u00e1s hacer\u00a0las maletas de una vez para visitarlas.\n\n<strong>Algunas curiosidades de Mallorca<\/strong>\n\nMucho se ha dicho acerca del origen del nombre que reciben las islas del archipi\u00e9lago, hay quienes afirman que el t\u00e9rmino \u201cBalear\u201d proviene del griego y significa \u201clanzar\u201d, sin embargo, a pesar de que varias de las islas si tienen nombre grecos, tambi\u00e9n existe la teor\u00eda de que \u201cBaleares\u201d es una noci\u00f3n p\u00fanica (que proviene del catal\u00e1n, el cual, a su vez, es un idioma derivado del fenicio), que hace referencia a los honderos baleares, un ej\u00e9rcito propio de la zona que ten\u00eda la habilidad de lanzar piedras contra los enemigos de forma que siempre acertaban y, por lo cual, se les dio el sustantivo plural de \u00abba&#8217; l\u00e9 yaroh\u00bb que significa <em>Los que ejercitan el oficio de lanzar piedras.<\/em>\n\n<strong>Informaci\u00f3n geopol\u00edtica<\/strong>\n<ul>\n\t<li><u>Bandera<\/u><\/li>\n<\/ul>\nLa bandera de la Comunidad Aut\u00f3noma de las Islas Baleares, est\u00e1 compuesta de cuatro barras rojas y cinco barras amarillas, junto a la imagen o representaci\u00f3n de un fort\u00edn antiguo.\n<ul>\n\t<li><u>Tipo de gobernanza<\/u><\/li>\n<\/ul>\nLa comunidad, como claramente se puede apreciar en su nombre, es aut\u00f3noma, lo cual quiere decir que, aunque est\u00e9 sujeta a ciertas normas y compromisos con Espa\u00f1a, tienen su propia presidenta y parlamento. Est\u00e1 compuesta por una \u00fanica provincia (el archipi\u00e9lago) y su capital es la ciudad de <em>Palma de Mallorca<\/em> en la isla estelar de \u00e9ste post, Mallorca.\n<ul>\n\t<li><u>Poblaci\u00f3n<\/u><\/li>\n<\/ul>\nLa ciudad m\u00e1s poblada de las Islas Baleares es Palma de Mallorca, con m\u00e1s de 400.000 habitantes; en conjunto, la provincia cuenta con 1.124.744\u00a0habitantes y una densidad poblacional de 222 habitantes por Kil\u00f3metro cuadrado.\n<ul>\n\t<li><u>Situaci\u00f3n geogr\u00e1fica<\/u><\/li>\n<\/ul>\nLa comunidad balear se encuentra en el hemisferio norte del planeta, en la parte occidental de Europa, rodeada por el Mar mediterr\u00e1neo (destino muy apreciado por quienes recorren el mundo); como consecuencia de su localizaci\u00f3n geogr\u00e1fica, existen otras caracter\u00edsticas a tener en cuenta como:\n<ul>\n\t<li>Zona horaria: El uso horario del archipi\u00e9lago es UTC+1, es decir, una hora m\u00e1s a partir del tiempo de la l\u00ednea divisora de Greenwich (en Londres).<\/li>\n\t<li>Clima: de tipo mediterr\u00e1neo, con temperaturas por encima de los 20\u00ba cent\u00edgrados la mayor parte del a\u00f1o y experimentando variaciones entre los 18\u00ba y 15\u00ba en invierno, durante los meses m\u00e1s fr\u00edos (enero y diciembre).<\/li>\n\t<li>Extensi\u00f3n: las islas del archipi\u00e9lago balear, en conjunto, tienen una superficie de 4992 Km cuadrados, en cuanto a Mallorca, cuenta con 3640 Km cuadrados de extensi\u00f3n.<\/li>\n<\/ul>\n<strong>Historia de Mallorca (descripci\u00f3n breve)<\/strong>\n\nSe estima que los primeros pobladores de la isla fueron los honderos baleares, sin embargo, en Mallorca se han encontrado restos arqueol\u00f3gicos de hasta el a\u00f1o 3.500 antes de Cristo. En el a\u00f1o 123 antes de nuestra era, la superficie de lo que hoy conocemos como Mallorca fue conquistada y pas\u00f3 a formar parte del Imperio romano. Entre los a\u00f1os 707 y 1125 despu\u00e9s de Cristo, la isla fue invadida y gobernada por musulmanes, dando paso a una era floreciente de ciudad cultural para la Palma de Mallorca., fue atacada entonces por catalanes pero en 1205 una familia musulm\u00e1n retom\u00f3 el control, formando un principado hasta que en 1229 el territorio fue atacado y anexado a la Corona de Arag\u00f3n (Reino espa\u00f1ol).\n\nEntre otros acontecimientos importantes de la isla se puede mencionar que fue una importante base a\u00e9rea y naval durante la guerra civil espa\u00f1ola, entre 1936 y 1939, cuando Franco toma el poder de Espa\u00f1a.\n\n<strong>Festividades t\u00edpicas de Mallorca<\/strong>\n<ul>\n\t<li>20 de enero: San Sebasti\u00e1n (patr\u00f3n de la isla).<\/li>\n\t<li>D\u00edas 16 y 17 de enero: San Antonio Abad, con especial esmero en la localidad <em>La puebla. <\/em><\/li>\n\t<li>2 de agosto: \u201cMoros y cristianos\u201d, esta es una fiesta muy arraigada puesto que se conmemora la lucha entre los musulmanes y los cristianos por la isla con una representaci\u00f3n por parte de la poblaci\u00f3n de la Palma de Mallorca.<\/li>\n\t<li>12 de septiembre: \u201cLa Diada de Mallorca\u201d, es una conmemoraci\u00f3n del juramento del Rey Jaime II (inicio de la conquista de la isla).<\/li>\n\t<li>31 de diciembre: conmemoraci\u00f3n de la conquista de la Corona de Arag\u00f3n.<\/li>\n\t<li>Cada primer s\u00e1bado de agosto: Marcha des G\u00fcell a Lluc a peu, en honor a la Virgen de Nuestra Se\u00f1ora de Lluc (patrona de Mallorca).<\/li>\n<\/ul>\n<strong>Econom\u00eda de Mallorca<\/strong>\n<ul>\n\t<li><u>Elementos t\u00edpicos<\/u><\/li>\n<\/ul>\nLa econom\u00eda de la isla est\u00e1 basada en dos actividades indispensables para sus pobladores: la agricultura y el turismo, de la segunda, adem\u00e1s, se mantienen otros elementos t\u00edpicos como la artesan\u00eda para souvenirs y la gastronom\u00eda (mezcla entre la musulmana y la desarrollada luego de la conquista por la Corona de Arag\u00f3n) en la cual es norma probar los embutidos locales como la sobrasada y el butifarr\u00f3n y los dulces como la ensaimada.\n<ul>\n\t<li><u>Zonas predilectas de compra<\/u><\/li>\n<\/ul>\nSi de compras se trata, el lugar m\u00e1s variado para conseguir objetos muy comerciales a buenos precios y algunas artesan\u00edas lujosas es la ciudad principal de Mallorca, La Palma; sin embargo, si lo que buscas son artesan\u00edas u otras cosas m\u00e1s locales, es mejor ir a peque\u00f1as localidades como <em>La Puebla.<\/em>\n\n<strong>Lugares tur\u00edsticos de la isla de Mallorca<\/strong>\n\nComo principales sitios a visitar en la Isla, te recomendamos que no te pierdas el Monte Puig de Galatz\u00f3, el castillo de Bellver, la catedral de Santa Mar\u00eda de Palma, el sitio emblem\u00e1tico del peregrinaje: el monasterio de Lluc, el paseo de Calvi\u00e1 (con 32km de vegetaci\u00f3n), la bah\u00eda de Sa Calobra y el castillo de Bendinat. Adem\u00e1s, si quieres conocer mejor el lugar no dejes de darte una vuelta en el ferrocarril de S\u00f3ller, construido en 1912 y el metro de Palma de Mallorca, que funciona desde el 2007.\t\t\t\t\t\t\t\t<\/div>\n\t\t\t\t\t<\/div>\n\t\t<\/div>\n\t\t\t\t\t<\/div>\n\t\t<\/section>\n\t\t\t\t<section class=\"elementor-section elementor-top-section elementor-element elementor-element-7d340cd4 elementor-section-boxed elementor-section-height-default elementor-section-height-default\" data-id=\"7d340cd4\" data-element_type=\"section\">\n\t\t\t\t\t\t<div class=\"elementor-container elementor-column-gap-custom\">\n\t\t\t\t\t<div class=\"elementor-column elementor-col-16 elementor-top-column elementor-element elementor-element-46e0b6d7\" data-id=\"46e0b6d7\" data-element_type=\"column\">\n\t\t\t<div class=\"elementor-widget-wrap elementor-element-populated\">\n\t\t\t\t\t\t<div class=\"elementor-element elementor-element-10d676ee elementor-widget elementor-widget-image\" data-id=\"10d676ee\" data-element_type=\"widget\" data-widget_type=\"image.default\">\n\t\t\t\t\t\t\t\t\t\t\t\t\t\t\t<img decoding=\"async\" width=\"128\" height=\"128\" src=\"https:\/\/www.centraldevacaciones.com\/blog\/wp-content\/uploads\/2021\/05\/dom.png\" class=\"attachment-large size-large wp-image-12635\" alt=\"\" \/>\t\t\t\t\t\t\t\t\t\t\t\t\t\t\t<\/div>\n\t\t\t\t<div class=\"elementor-element elementor-element-63b67ecc elementor-widget elementor-widget-heading\" data-id=\"63b67ecc\" data-element_type=\"widget\" data-widget_type=\"heading.default\">\n\t\t\t\t\t<h3 class=\"elementor-heading-title elementor-size-default\"><a href=\"https:\/\/www.centraldevacaciones.com\/viajes\/\">Ofertas vacacionales<\/a><\/h3>\t\t\t\t<\/div>\n\t\t\t\t\t<\/div>\n\t\t<\/div>\n\t\t\t\t<div class=\"elementor-column elementor-col-16 elementor-top-column elementor-element elementor-element-33ac3e04\" data-id=\"33ac3e04\" data-element_type=\"column\">\n\t\t\t<div class=\"elementor-widget-wrap elementor-element-populated\">\n\t\t\t\t\t\t<div class=\"elementor-element elementor-element-332dfde8 elementor-widget elementor-widget-image\" data-id=\"332dfde8\" data-element_type=\"widget\" data-widget_type=\"image.default\">\n\t\t\t\t\t\t\t\t\t\t\t\t\t\t\t<img decoding=\"async\" width=\"128\" height=\"128\" src=\"https:\/\/www.centraldevacaciones.com\/blog\/wp-content\/uploads\/2021\/05\/camas.png\" class=\"attachment-large size-large wp-image-12637\" alt=\"\" \/>\t\t\t\t\t\t\t\t\t\t\t\t\t\t\t<\/div>\n\t\t\t\t<div class=\"elementor-element elementor-element-358db560 elementor-widget elementor-widget-heading\" data-id=\"358db560\" data-element_type=\"widget\" data-widget_type=\"heading.default\">\n\t\t\t\t\t<h3 class=\"elementor-heading-title elementor-size-default\"><a href=\"https:\/\/www.centraldevacaciones.com\/blog\/hoteles-de-ciudad\/\">Ofertas hoteles<\/a><\/h3>\t\t\t\t<\/div>\n\t\t\t\t\t<\/div>\n\t\t<\/div>\n\t\t\t\t<div class=\"elementor-column elementor-col-16 elementor-top-column elementor-element elementor-element-568afd2c\" data-id=\"568afd2c\" data-element_type=\"column\">\n\t\t\t<div class=\"elementor-widget-wrap elementor-element-populated\">\n\t\t\t\t\t\t<div class=\"elementor-element elementor-element-2e2aef2 elementor-widget elementor-widget-image\" data-id=\"2e2aef2\" data-element_type=\"widget\" data-widget_type=\"image.default\">\n\t\t\t\t\t\t\t\t\t\t\t\t\t\t\t<img decoding=\"async\" width=\"128\" height=\"128\" src=\"https:\/\/www.centraldevacaciones.com\/blog\/wp-content\/uploads\/2021\/05\/avion-1.png\" class=\"attachment-large size-large wp-image-12639\" alt=\"\" \/>\t\t\t\t\t\t\t\t\t\t\t\t\t\t\t<\/div>\n\t\t\t\t<div class=\"elementor-element elementor-element-5735c967 elementor-widget elementor-widget-heading\" data-id=\"5735c967\" data-element_type=\"widget\" data-widget_type=\"heading.default\">\n\t\t\t\t\t<h3 class=\"elementor-heading-title elementor-size-default\"><a href=\"https:\/\/www.centraldevacaciones.com\/blog\/destinos-vacaciones\/\">Mejores destinos<\/a><\/h3>\t\t\t\t<\/div>\n\t\t\t\t\t<\/div>\n\t\t<\/div>\n\t\t\t\t<div class=\"elementor-column elementor-col-16 elementor-top-column elementor-element elementor-element-2af0b484\" data-id=\"2af0b484\" data-element_type=\"column\">\n\t\t\t<div class=\"elementor-widget-wrap elementor-element-populated\">\n\t\t\t\t\t\t<div class=\"elementor-element elementor-element-63553f74 elementor-widget elementor-widget-image\" data-id=\"63553f74\" data-element_type=\"widget\" data-widget_type=\"image.default\">\n\t\t\t\t\t\t\t\t\t\t\t\t\t\t\t<img loading=\"lazy\" decoding=\"async\" width=\"128\" height=\"128\" src=\"https:\/\/www.centraldevacaciones.com\/blog\/wp-content\/uploads\/2021\/05\/cama-solar.png\" class=\"attachment-large size-large wp-image-12640\" alt=\"\" \/>\t\t\t\t\t\t\t\t\t\t\t\t\t\t\t<\/div>\n\t\t\t\t<div class=\"elementor-element elementor-element-3b696776 elementor-widget elementor-widget-heading\" data-id=\"3b696776\" data-element_type=\"widget\" data-widget_type=\"heading.default\">\n\t\t\t\t\t<h3 class=\"elementor-heading-title elementor-size-default\"><a href=\"https:\/\/www.centraldevacaciones.com\/blog\/ofertas-circuitos\/\">Circuitos vacacionales<\/a><\/h3>\t\t\t\t<\/div>\n\t\t\t\t\t<\/div>\n\t\t<\/div>\n\t\t\t\t<div class=\"elementor-column elementor-col-16 elementor-top-column elementor-element elementor-element-3519df05\" data-id=\"3519df05\" data-element_type=\"column\">\n\t\t\t<div class=\"elementor-widget-wrap elementor-element-populated\">\n\t\t\t\t\t\t<div class=\"elementor-element elementor-element-11eec7eb elementor-widget elementor-widget-image\" data-id=\"11eec7eb\" data-element_type=\"widget\" data-widget_type=\"image.default\">\n\t\t\t\t\t\t\t\t\t\t\t\t\t\t\t<img loading=\"lazy\" decoding=\"async\" width=\"128\" height=\"128\" src=\"https:\/\/www.centraldevacaciones.com\/blog\/wp-content\/uploads\/2021\/05\/en-todo-el-mundo.png\" class=\"attachment-large size-large wp-image-12641\" alt=\"\" \/>\t\t\t\t\t\t\t\t\t\t\t\t\t\t\t<\/div>\n\t\t\t\t<div class=\"elementor-element elementor-element-1035f103 elementor-widget elementor-widget-heading\" data-id=\"1035f103\" data-element_type=\"widget\" data-widget_type=\"heading.default\">\n\t\t\t\t\t<h3 class=\"elementor-heading-title elementor-size-default\"><a href=\"https:\/\/www.centraldevacaciones.com\/blog\/vuelo-hotel\/\">Vuelo + hotel <\/a><\/h3>\t\t\t\t<\/div>\n\t\t\t\t\t<\/div>\n\t\t<\/div>\n\t\t\t\t<div class=\"elementor-column elementor-col-16 elementor-top-column elementor-element elementor-element-40c341d2\" data-id=\"40c341d2\" data-element_type=\"column\">\n\t\t\t<div class=\"elementor-widget-wrap elementor-element-populated\">\n\t\t\t\t\t\t<div class=\"elementor-element elementor-element-26908c9a elementor-widget elementor-widget-image\" data-id=\"26908c9a\" data-element_type=\"widget\" data-widget_type=\"image.default\">\n\t\t\t\t\t\t\t\t\t\t\t\t\t\t\t<img loading=\"lazy\" decoding=\"async\" width=\"128\" height=\"128\" src=\"https:\/\/www.centraldevacaciones.com\/blog\/wp-content\/uploads\/2021\/05\/crucero.png\" class=\"attachment-large size-large wp-image-12642\" alt=\"\" \/>\t\t\t\t\t\t\t\t\t\t\t\t\t\t\t<\/div>\n\t\t\t\t<div class=\"elementor-element elementor-element-5cbe1fd elementor-widget elementor-widget-heading\" data-id=\"5cbe1fd\" data-element_type=\"widget\" data-widget_type=\"heading.default\">\n\t\t\t\t\t<h3 class=\"elementor-heading-title elementor-size-default\"><a href=\"https:\/\/www.centraldevacaciones.com\/blog\/destinos-cruceros\/\">Ofertas  cruceros<\/a><\/h3>\t\t\t\t<\/div>\n\t\t\t\t\t<\/div>\n\t\t<\/div>\n\t\t\t\t\t<\/div>\n\t\t<\/section>\n\t\t\t\t<section class=\"elementor-section elementor-top-section elementor-element elementor-element-20f9c89 elementor-section-boxed elementor-section-height-default elementor-section-height-default\" data-id=\"20f9c89\" data-element_type=\"section\">\n\t\t\t\t\t\t<div class=\"elementor-container elementor-column-gap-default\">\n\t\t\t\t\t<div class=\"elementor-column elementor-col-100 elementor-top-column elementor-element elementor-element-769f632\" data-id=\"769f632\" data-element_type=\"column\">\n\t\t\t<div class=\"elementor-widget-wrap elementor-element-populated\">\n\t\t\t\t\t\t<div class=\"elementor-element elementor-element-e4290d6 elementor-widget elementor-widget-text-editor\" data-id=\"e4290d6\" data-element_type=\"widget\" data-widget_type=\"text-editor.default\">\n\t\t\t\t\t\t\t\t\t<p><span style=\"font-weight: 400;\">\u00bfTe gustar\u00eda poder disfrutar este verano de unas vacaciones en tu lugar favorito con los extras m\u00e1s premium que mejor se adapten a ti y poder contar la experiencia a tus conocidos? Est\u00e1s en el sitio correcto, \u00a1Si\u00e9ntete como en casa desde el primer d\u00eda de estancia en cualquier hotel reservado con Central de Vacaciones!<\/span><\/p><p><span style=\"font-weight: 400;\">Haz tu reserva cuando quieras y a donde quieras, teniendo acceso a todo tipo de lujos para elegir y disfruta unos d\u00edas de verano inolvidables junto a las personas que m\u00e1s quieres. \u00a1Haz ya tu reserva antes de que se agote la disponibilidad a muchos destinos y disfruta de un verano espectacular cuando y donde quieras con Central de Vacaciones!<\/span><\/p>\t\t\t\t\t\t\t\t<\/div>\n\t\t\t\t\t<\/div>\n\t\t<\/div>\n\t\t\t\t\t<\/div>\n\t\t<\/section>\n\t\t\t\t<\/div>\n\t\t","protected":false},"excerpt":{"rendered":"<p>Informaci\u00f3n tur\u00edstica y gu\u00eda de viaje Lugar: Comunidad Aut\u00f3noma de las Islas Baleares. Las Islas Baleares, o Illes Balears (en idioma Catal\u00e1n, idioma oficial de la comunidad), conforman el archipi\u00e9lago mas occidental de Espa\u00f1a. La comunidad est\u00e1 compuesta por varias islas del archipi\u00e9lago Balear, de entre las cuales destacan Mallorca y Menorca por su actividad [&hellip;]<\/p>\n","protected":false},"author":1,"featured_media":796,"comment_status":"closed","ping_status":"open","sticky":false,"template":"elementor_theme","format":"standard","meta":{"_acf_changed":false,"footnotes":""},"categories":[4,193,208,203,204,205,194,200,195,1,12,17],"tags":[125],"class_list":["post-3248","post","type-post","status-publish","format-standard","has-post-thumbnail","hentry","category-espana","category-europa","category-ideas-escapadas","category-ideas-viajes-de-novios","category-ideas-viajes-verano","category-ideas-viajes-low-cost","category-islas-paradisiacas","category-rutas-por-espana","category-rutas-por-europa","category-vacaciones","category-viajes","category-viajes-por-europa","tag-mallorca"],"acf":[],"_links":{"self":[{"href":"https:\/\/www.centraldevacaciones.com\/blog\/wp-json\/wp\/v2\/posts\/3248","targetHints":{"allow":["GET"]}}],"collection":[{"href":"https:\/\/www.centraldevacaciones.com\/blog\/wp-json\/wp\/v2\/posts"}],"about":[{"href":"https:\/\/www.centraldevacaciones.com\/blog\/wp-json\/wp\/v2\/types\/post"}],"author":[{"embeddable":true,"href":"https:\/\/www.centraldevacaciones.com\/blog\/wp-json\/wp\/v2\/users\/1"}],"replies":[{"embeddable":true,"href":"https:\/\/www.centraldevacaciones.com\/blog\/wp-json\/wp\/v2\/comments?post=3248"}],"version-history":[{"count":0,"href":"https:\/\/www.centraldevacaciones.com\/blog\/wp-json\/wp\/v2\/posts\/3248\/revisions"}],"wp:featuredmedia":[{"embeddable":true,"href":"https:\/\/www.centraldevacaciones.com\/blog\/wp-json\/wp\/v2\/media\/796"}],"wp:attachment":[{"href":"https:\/\/www.centraldevacaciones.com\/blog\/wp-json\/wp\/v2\/media?parent=3248"}],"wp:term":[{"taxonomy":"category","embeddable":true,"href":"https:\/\/www.centraldevacaciones.com\/blog\/wp-json\/wp\/v2\/categories?post=3248"},{"taxonomy":"post_tag","embeddable":true,"href":"https:\/\/www.centraldevacaciones.com\/blog\/wp-json\/wp\/v2\/tags?post=3248"}],"curies":[{"name":"wp","href":"https:\/\/api.w.org\/{rel}","templated":true}]}}