{"id":3246,"date":"2016-10-17T10:00:43","date_gmt":"2016-10-17T08:00:43","guid":{"rendered":"http:\/\/blog.centraldevacaciones.com\/?p=3246"},"modified":"2022-12-08T12:53:13","modified_gmt":"2022-12-08T11:53:13","slug":"palma-de-mallorca-que-ver-y-que-hacer","status":"publish","type":"post","link":"https:\/\/www.centraldevacaciones.com\/blog\/palma-de-mallorca-que-ver-y-que-hacer\/","title":{"rendered":"Palma de Mallorca, qu\u00e9 ver y qu\u00e9 hacer"},"content":{"rendered":"\t\t<div data-elementor-type=\"wp-post\" data-elementor-id=\"3246\" class=\"elementor elementor-3246\" data-elementor-post-type=\"post\">\n\t\t\t\t\t\t<section class=\"elementor-section elementor-top-section elementor-element elementor-element-79b72d6d elementor-section-boxed elementor-section-height-default elementor-section-height-default\" data-id=\"79b72d6d\" data-element_type=\"section\">\n\t\t\t\t\t\t<div class=\"elementor-container elementor-column-gap-default\">\n\t\t\t\t\t<div class=\"elementor-column elementor-col-100 elementor-top-column elementor-element elementor-element-5dd90b4\" data-id=\"5dd90b4\" data-element_type=\"column\">\n\t\t\t<div class=\"elementor-widget-wrap elementor-element-populated\">\n\t\t\t\t\t\t<div class=\"elementor-element elementor-element-5e99d795 elementor-widget elementor-widget-text-editor\" data-id=\"5e99d795\" data-element_type=\"widget\" data-widget_type=\"text-editor.default\">\n\t\t\t\t\t\t\t\t\tEntre cornisas casi pintadas por la mano divina, y el hermoso mar que rodea esta capital de Mallorca hacen de <strong>Palma de Mallorca<\/strong> un indudable destino para ir de vacaciones\u00a0y salir del ajetreo citadino. Esta combinaci\u00f3n entre hermosas praderas y estructuralismo neocl\u00e1sico deleitan la vista a merced. <strong>Palma de Mallorca<\/strong> es un destino id\u00f3neo para los que buscan relajarse y disfrutar de calles pintorescas y sitios tur\u00edsticos, pues ofrece una gran cantidad de actividades y lugares para ver, <strong>Palma de Mallorca<\/strong> es un sitio ideal para familias que viajan con ni\u00f1os o para adultos mayores, ya que aunque posee una gran movida nocturna, tambi\u00e9n ofrece diferentes maneras de pasar el d\u00eda.\n\n<strong>Palma de Mallorca<\/strong> es una de los distritos que conforman el conjunto independiente de islas baleares, y <strong>se caracteriza por ser un destino incre\u00edble para ir de vacaciones, ya que<\/strong><strong>\u00a0cuenta con diversas actividades<\/strong> y lugares para ver.\n\nSiendo uno de los destinos favoritos de los visitantes del continente Europeo, posee una incre\u00edble y variable agenda de lugares que visitar para poder haber aprovechado cada calle y boulevard. \u00bfTe preguntas que ver y qu\u00e9 hacer en Palma de Mallorca? La lista puede ser interminable, por eso nos hemos propuesto hacer ese trabajo por ti y a continuaci\u00f3n te explicaremos las mejores actividades para hacer en Palma de Mallorca.\n<h2>\u00bfQu\u00e9 ver en Palma? Un espacio para la cultura<\/h2>\nAdem\u00e1s de todas las distintas actividades que ofrece la visita a <strong>Palma de Mallorca<\/strong>, su peso hist\u00f3rico y sus cascos antiguos bien preservados son uno de los puntos fuertes y uno de las primeras cosas que deber\u00edas ver durante tu visita. M\u00e1s all\u00e1 de archiconocido sol y playa, esta mezcla entre tradici\u00f3n y cultura es lo que hace de Mallorca un destino de los m\u00e1s aclamados. Teniendo esto en cuenta, es importante generar un itinerario que permita disfrutar lo mejor de esta hermosa capital.\n\nCabe destacar que Mallorca, siendo un lugar de patrimonio hist\u00f3rico y bellos espacios, vale la pena ser caminado y disfrutado. Alquilar un coche es otra de las opciones para disfrutar de esta preciosa isla, ya que te permitir\u00e1 ahorrar tiempo en desplazamientos y poder sacar el m\u00e1ximo partido a tu viaje. Dicho esto, a continuaci\u00f3n hacemos un repaso de los principales edificios y monumentos hist\u00f3ricos que ver en Palma de Mallorca:\n<h3><strong>Palacio Real de l&#8217;Almudaina<\/strong><\/h3>\nNing\u00fan viaje a Mallorca est\u00e1 completo si no visitas este monumento arquitect\u00f3nico que data del a\u00f1o 1309. Esta es una fortificaci\u00f3n que prevalece con el paso de los a\u00f1os\u00a0 y que ofrece diversos paseos guiados para disfrutar de la historia de este lugar. Si eres de los que les gusta la historia y conocer la cultura del lugar, una visita guiada por el Palacio Real de l&#8217;almudaina es una de las actividades imprescindibles para hacer durante tu estancia.\n\n<strong> <img fetchpriority=\"high\" decoding=\"async\" class=\"alignnone wp-image-19422 size-full\" src=\"https:\/\/www.centraldevacaciones.com\/blog\/wp-content\/uploads\/2021\/10\/Palacio-Real-de-lAlmudaina.jpg\" alt=\"\" width=\"1024\" height=\"682\" srcset=\"https:\/\/www.centraldevacaciones.com\/blog\/wp-content\/uploads\/2021\/10\/Palacio-Real-de-lAlmudaina.jpg 1024w, https:\/\/www.centraldevacaciones.com\/blog\/wp-content\/uploads\/2021\/10\/Palacio-Real-de-lAlmudaina-300x200.jpg 300w, https:\/\/www.centraldevacaciones.com\/blog\/wp-content\/uploads\/2021\/10\/Palacio-Real-de-lAlmudaina-768x512.jpg 768w\" sizes=\"(max-width: 1024px) 100vw, 1024px\" \/><\/strong>\n<h3><strong>Catedral de Santa Mar\u00eda de Palma de Mallorca<\/strong><\/h3>\nLa Catedral de Santa Maria de Palma de Mallorca es otro de los colosos de la arquitectura de la ciudad. Esta renombrada catedral, que es un polo de atracci\u00f3n muy concurrido por los turistas, es una de las catedrales m\u00e1s espectaculares del mundo, con un roset\u00f3n g\u00f3tico espectacular. M\u00e1s all\u00e1 de su vista imponente sobre el mar y las murallas, vale la pena darse un paseo por el interior. All\u00ed, podr\u00e1s ver ornamentos modernistas que se a\u00f1adieron despu\u00e9s de la reforma llevada a cabo por el gran arquitecto Antoni Gaud\u00ed.\n<h2>Las mejores actividades para hacer en Palma de Mallorca<\/h2>\n<h3><strong>Plaza Mayor y Calles Comerciales<\/strong><\/h3>\nUn paseo por la Plaza Mayor y sus calles adyacentes son un objetivo indispensable para aquellos que buscan experimentar el sabor de la gastronom\u00eda t\u00edpica (aunque tambi\u00e9n para los llamados cazadores de \u201cSouvenirs\u201d). La gastronom\u00eda tambi\u00e9n es cultura, y seguramente es una de las mejores formas de conocer la tradici\u00f3n y la idiosincracia de una ciudad. En la Plaza Mayor, podr\u00e1s observar la vibrante vida de la capital de Mallorca y tomar algo mientras recuperas fuerzas para seguir con tu itinerario.\n<h3><strong>Museo de Arte Contempor\u00e1neo Fundaci\u00f3n March<\/strong>,<\/h3>\nLos amantes del arte est\u00e1n de suerte, ya que en Palma de Mallorca tambi\u00e9n peudes hacer una visita al Museo de Arte Contempor\u00e1neo Fundaci\u00f3n March. posee una estructura colonial reconstruida, tambi\u00e9n est\u00e1 rodeado de un jard\u00edn de la cultura Mallorquina lo que lo hace un punto referente para los que aprecian el arte.\n<h3><strong>Palma Aquarium:<\/strong><\/h3>\n<iframe title=\"Palma Aquarium Mallorca in 4K (Ultra HD)\" width=\"800\" height=\"450\" src=\"https:\/\/www.youtube.com\/embed\/nJNoKwM2v0A?feature=oembed\" frameborder=\"0\" allow=\"accelerometer; autoplay; clipboard-write; encrypted-media; gyroscope; picture-in-picture; web-share\" referrerpolicy=\"strict-origin-when-cross-origin\" allowfullscreen><\/iframe>\n\nPara los peque\u00f1os y los no tan peque\u00f1os de la fam\u00edlia, una visita al acuario de Mallorca puede ser la nota de color y curiosidad que necesitaba tu viaje. M\u00e1s all\u00e1 de hacer un recorrido por sus fant\u00e1sticas instalaciones, donde podr\u00e1s observar multitud de peces de todo el mundo, tambi\u00e9n podr\u00e1s hacer actividades especiales como una sesi\u00f3n de cine 3D o buceo entre tiburones.\n<h3><strong>Practicas Mar\u00edtimas<\/strong><\/h3>\nY no nos alejamos del mar para daros nuestra siguiente propuesta. Y es que el hecho de ser una isla, hace de Mallorca un punto clave en cuanto a riqueza y variedad de vida marina.\u00a0 Si eres de los que les encanta estar en el agua, te puedes animar a recorrer los arrecifes en Snorkeling.\n<h2><strong>\u00bfQu\u00e9 hacer en Palma de Mallorca? Las mejores playas<\/strong><\/h2>\n<ul>\n \t<li><strong>Cala Agulla<\/strong>, uno de los sitios paradisiacos m\u00e1s apropiados para todos, consiste en una playa rodeada por pinos y de incre\u00edbles aguas.<\/li>\n \t<li><strong>Bah\u00eda de Alcudia<\/strong>, es la playa m\u00e1s extensa de Palma de Mallorca, ideal para la familia y cuenta con muchos servicios tur\u00edsticos. Aqu\u00ed es donde encontrar\u00e1s muchos de los <a href=\"https:\/\/www.iberostar.com\/es\/hoteles\/mallorca\/\" rel=\"nofollow noopener\" target=\"_blank\">hoteles en Mallorca de Iberostar<\/a>.<\/li>\n \t<li><strong>Cala Varques<\/strong>, es una de las favoritas para aquellos que disfrutan de pasear en veleros, pues si algo la caracteriza es el hecho de que son muchos la que se acercan a esta cala, con aguas cristalinas y una costa de ensue\u00f1o, ofrece una opci\u00f3n primordial para los visitantes de <strong>Palma de Mallorca<\/strong>.<\/li>\n \t<li><strong><u>Cala des Moro<\/u><\/strong>, otra de las maravillosas Cala, sin embargo esta se caracteriza por estar incre\u00edblemente preservada, lo que la vuelve una Cala Virgen, en la que podr\u00e1s disfrutar de una costa rodeada de pe\u00f1ascos plagados de arboles, que te regalaran una postal inolvidable.<\/li>\n \t<li><strong><u>Plata Formentor<\/u><\/strong>, es una de las playas mejor cuidadas, posee un incre\u00edble color, y una marea suave y agradable, ideal para los que quieren disfrutar del hermoso paisaje y relajarse un poco.<\/li>\n<\/ul>\n<h2><strong>Pueblos bonitos cerca de Palma de Mallorca<\/strong>:<\/h2>\nPero la isla de Mallorca es mucho m\u00e1s que Palma, a unos pocos minutos de la capital puedes encontrar\u00e1s unfinidad de sitios y lugares magn\u00edficos con mil y una actividades.<strong> Cerca de Palma de Mallorca<\/strong> hay una serie de pueblos con un encanto especial, entre vegetaci\u00f3n y la arquitectura antigua, a los que podr\u00e1s llegar f\u00e1cilmente. Aqu\u00ed tienes la lista de los m\u00e1s recomendados:\n<ul>\n \t<li>Llucmajor<\/li>\n \t<li>Valldemossa<\/li>\n \t<li>Andratx<\/li>\n \t<li>Sant Elm<\/li>\n \t<li>Inca<\/li>\n<\/ul>\nAhora que ya sabes un poco m\u00e1s qu\u00e9 ver y qu\u00e9 hacer en Palma de Mallorca, \u00bfa qu\u00e9 esperas para reservar tus vacaciones?\t\t\t\t\t\t\t\t<\/div>\n\t\t\t\t\t<\/div>\n\t\t<\/div>\n\t\t\t\t\t<\/div>\n\t\t<\/section>\n\t\t\t\t<section class=\"elementor-section elementor-top-section elementor-element elementor-element-15676431 elementor-section-boxed elementor-section-height-default elementor-section-height-default\" data-id=\"15676431\" data-element_type=\"section\">\n\t\t\t\t\t\t<div class=\"elementor-container elementor-column-gap-default\">\n\t\t\t\t\t<div class=\"elementor-column elementor-col-16 elementor-top-column elementor-element elementor-element-19a389e\" data-id=\"19a389e\" data-element_type=\"column\">\n\t\t\t<div class=\"elementor-widget-wrap elementor-element-populated\">\n\t\t\t\t\t\t<div class=\"elementor-element elementor-element-4d35461c elementor-widget elementor-widget-image\" data-id=\"4d35461c\" data-element_type=\"widget\" data-widget_type=\"image.default\">\n\t\t\t\t\t\t\t\t\t\t\t\t\t\t\t<img decoding=\"async\" width=\"128\" height=\"128\" src=\"https:\/\/www.centraldevacaciones.com\/blog\/wp-content\/uploads\/2020\/09\/espana.png\" class=\"attachment-large size-large wp-image-12730\" alt=\"\" \/>\t\t\t\t\t\t\t\t\t\t\t\t\t\t\t<\/div>\n\t\t\t\t<div class=\"elementor-element elementor-element-6f5dc996 elementor-widget elementor-widget-heading\" data-id=\"6f5dc996\" data-element_type=\"widget\" data-widget_type=\"heading.default\">\n\t\t\t\t\t<h3 class=\"elementor-heading-title elementor-size-default\"><a href=\"https:\/\/www.centraldevacaciones.com\/blog\/ofertas-de-vacaciones\/\">Viajes por Espa\u00f1a<\/a><\/h3>\t\t\t\t<\/div>\n\t\t\t\t\t<\/div>\n\t\t<\/div>\n\t\t\t\t<div class=\"elementor-column elementor-col-16 elementor-top-column elementor-element elementor-element-67ae063a\" data-id=\"67ae063a\" data-element_type=\"column\">\n\t\t\t<div class=\"elementor-widget-wrap elementor-element-populated\">\n\t\t\t\t\t\t<div class=\"elementor-element elementor-element-1e10a496 elementor-widget elementor-widget-image\" data-id=\"1e10a496\" data-element_type=\"widget\" data-widget_type=\"image.default\">\n\t\t\t\t\t\t\t\t\t\t\t\t\t\t\t<img decoding=\"async\" width=\"128\" height=\"128\" src=\"https:\/\/www.centraldevacaciones.com\/blog\/wp-content\/uploads\/2020\/09\/isla.png\" class=\"attachment-large size-large wp-image-12732\" alt=\"\" \/>\t\t\t\t\t\t\t\t\t\t\t\t\t\t\t<\/div>\n\t\t\t\t<div class=\"elementor-element elementor-element-44a8e2d6 elementor-widget elementor-widget-heading\" data-id=\"44a8e2d6\" data-element_type=\"widget\" data-widget_type=\"heading.default\">\n\t\t\t\t\t<h3 class=\"elementor-heading-title elementor-size-default\"><a href=\"https:\/\/www.centraldevacaciones.com\/blog\/vacaciones-mejores-islas-espana\/\">Islas de Espa\u00f1a<\/a><\/h3>\t\t\t\t<\/div>\n\t\t\t\t\t<\/div>\n\t\t<\/div>\n\t\t\t\t<div class=\"elementor-column elementor-col-16 elementor-top-column elementor-element elementor-element-7da454e4\" data-id=\"7da454e4\" data-element_type=\"column\">\n\t\t\t<div class=\"elementor-widget-wrap elementor-element-populated\">\n\t\t\t\t\t\t<div class=\"elementor-element elementor-element-550a3f9d elementor-widget elementor-widget-image\" data-id=\"550a3f9d\" data-element_type=\"widget\" data-widget_type=\"image.default\">\n\t\t\t\t\t\t\t\t\t\t\t\t\t\t\t<img loading=\"lazy\" decoding=\"async\" width=\"128\" height=\"128\" src=\"https:\/\/www.centraldevacaciones.com\/blog\/wp-content\/uploads\/2021\/05\/avion-1.png\" class=\"attachment-large size-large wp-image-12639\" alt=\"\" \/>\t\t\t\t\t\t\t\t\t\t\t\t\t\t\t<\/div>\n\t\t\t\t<div class=\"elementor-element elementor-element-73768549 elementor-widget elementor-widget-heading\" data-id=\"73768549\" data-element_type=\"widget\" data-widget_type=\"heading.default\">\n\t\t\t\t\t<h3 class=\"elementor-heading-title elementor-size-default\"><a href=\"https:\/\/www.centraldevacaciones.com\/viajes\/ofertas-a-islas-canarias.html\">Viajes a Canarias<\/a><\/h3>\t\t\t\t<\/div>\n\t\t\t\t\t<\/div>\n\t\t<\/div>\n\t\t\t\t<div class=\"elementor-column elementor-col-16 elementor-top-column elementor-element elementor-element-6eb966fd\" data-id=\"6eb966fd\" data-element_type=\"column\">\n\t\t\t<div class=\"elementor-widget-wrap elementor-element-populated\">\n\t\t\t\t\t\t<div class=\"elementor-element elementor-element-56f1bae2 elementor-widget elementor-widget-image\" data-id=\"56f1bae2\" data-element_type=\"widget\" data-widget_type=\"image.default\">\n\t\t\t\t\t\t\t\t\t\t\t\t\t\t\t<img loading=\"lazy\" decoding=\"async\" width=\"128\" height=\"128\" src=\"https:\/\/www.centraldevacaciones.com\/blog\/wp-content\/uploads\/2020\/09\/sombrilla.png\" class=\"attachment-large size-large wp-image-12733\" alt=\"\" \/>\t\t\t\t\t\t\t\t\t\t\t\t\t\t\t<\/div>\n\t\t\t\t<div class=\"elementor-element elementor-element-1e2894d6 elementor-widget elementor-widget-heading\" data-id=\"1e2894d6\" data-element_type=\"widget\" data-widget_type=\"heading.default\">\n\t\t\t\t\t<h3 class=\"elementor-heading-title elementor-size-default\"><a href=\"https:\/\/www.centraldevacaciones.com\/viajes\/ofertas-a-lanzarote.html\">Viajes a Lanzarote<\/a><\/h3>\t\t\t\t<\/div>\n\t\t\t\t\t<\/div>\n\t\t<\/div>\n\t\t\t\t<div class=\"elementor-column elementor-col-16 elementor-top-column elementor-element elementor-element-79bd8417\" data-id=\"79bd8417\" data-element_type=\"column\">\n\t\t\t<div class=\"elementor-widget-wrap elementor-element-populated\">\n\t\t\t\t\t\t<div class=\"elementor-element elementor-element-3b1504dd elementor-widget elementor-widget-image\" data-id=\"3b1504dd\" data-element_type=\"widget\" data-widget_type=\"image.default\">\n\t\t\t\t\t\t\t\t\t\t\t\t\t\t\t<img loading=\"lazy\" decoding=\"async\" width=\"128\" height=\"128\" src=\"https:\/\/www.centraldevacaciones.com\/blog\/wp-content\/uploads\/2020\/09\/avion.png\" class=\"attachment-large size-large wp-image-12734\" alt=\"\" \/>\t\t\t\t\t\t\t\t\t\t\t\t\t\t\t<\/div>\n\t\t\t\t<div class=\"elementor-element elementor-element-7b88e37a elementor-widget elementor-widget-heading\" data-id=\"7b88e37a\" data-element_type=\"widget\" data-widget_type=\"heading.default\">\n\t\t\t\t\t<h3 class=\"elementor-heading-title elementor-size-default\"><a href=\"https:\/\/www.centraldevacaciones.com\/viajes\/ofertas-a-islas-baleares.html\">Viajes a las Baleares<\/a><\/h3>\t\t\t\t<\/div>\n\t\t\t\t\t<\/div>\n\t\t<\/div>\n\t\t\t\t<div class=\"elementor-column elementor-col-16 elementor-top-column elementor-element elementor-element-1be1f980\" data-id=\"1be1f980\" data-element_type=\"column\">\n\t\t\t<div class=\"elementor-widget-wrap elementor-element-populated\">\n\t\t\t\t\t\t<div class=\"elementor-element elementor-element-1c512db4 elementor-widget elementor-widget-image\" data-id=\"1c512db4\" data-element_type=\"widget\" data-widget_type=\"image.default\">\n\t\t\t\t\t\t\t\t\t\t\t\t\t\t\t<img loading=\"lazy\" decoding=\"async\" width=\"128\" height=\"128\" src=\"https:\/\/www.centraldevacaciones.com\/blog\/wp-content\/uploads\/2021\/05\/dom.png\" class=\"attachment-large size-large wp-image-12635\" alt=\"\" \/>\t\t\t\t\t\t\t\t\t\t\t\t\t\t\t<\/div>\n\t\t\t\t<div class=\"elementor-element elementor-element-772277c elementor-widget elementor-widget-heading\" data-id=\"772277c\" data-element_type=\"widget\" data-widget_type=\"heading.default\">\n\t\t\t\t\t<h3 class=\"elementor-heading-title elementor-size-default\"><a href=\"https:\/\/www.centraldevacaciones.com\/viajes\/ofertas-a-mallorca.html\">Viajes a Mallorca<\/a><\/h3>\t\t\t\t<\/div>\n\t\t\t\t\t<\/div>\n\t\t<\/div>\n\t\t\t\t\t<\/div>\n\t\t<\/section>\n\t\t\t\t<section class=\"elementor-section elementor-top-section elementor-element elementor-element-39f1986 elementor-section-boxed elementor-section-height-default elementor-section-height-default\" data-id=\"39f1986\" data-element_type=\"section\">\n\t\t\t\t\t\t<div class=\"elementor-container elementor-column-gap-default\">\n\t\t\t\t\t<div class=\"elementor-column elementor-col-100 elementor-top-column elementor-element elementor-element-e358c98\" data-id=\"e358c98\" data-element_type=\"column\">\n\t\t\t<div class=\"elementor-widget-wrap elementor-element-populated\">\n\t\t\t\t\t\t<div class=\"elementor-element elementor-element-0c5cd5a elementor-widget elementor-widget-text-editor\" data-id=\"0c5cd5a\" data-element_type=\"widget\" data-widget_type=\"text-editor.default\">\n\t\t\t\t\t\t\t\t\t<p><span style=\"font-weight: 400;\">\u00a1Disfruta este verano como el que m\u00e1s y haz realidad el sue\u00f1o que muchos otros tienen con Central de Vacaciones! Pasa unos d\u00edas de vacaciones de desconexi\u00f3n en Espa\u00f1a, concretamente en las Islas Canarias sin preocuparte de nada junto a quien m\u00e1s quieres en una estancia premium con los extras que m\u00e1s se adapten a ti. \u00a1Haz ahora tu reserva aprovechando las ofertas antes de que se agote la disponibilidad y empieza a hacer el planning de los d\u00edas de tu estancia!<\/span><\/p>\t\t\t\t\t\t\t\t<\/div>\n\t\t\t\t\t<\/div>\n\t\t<\/div>\n\t\t\t\t\t<\/div>\n\t\t<\/section>\n\t\t\t\t<\/div>\n\t\t","protected":false},"excerpt":{"rendered":"<p>Entre cornisas casi pintadas por la mano divina, y el hermoso mar que rodea esta capital de Mallorca hacen de Palma de Mallorca un indudable destino para ir de vacaciones\u00a0y salir del ajetreo citadino. Esta combinaci\u00f3n entre hermosas praderas y estructuralismo neocl\u00e1sico deleitan la vista a merced. Palma de Mallorca es un destino id\u00f3neo para [&hellip;]<\/p>\n","protected":false},"author":1,"featured_media":708,"comment_status":"closed","ping_status":"open","sticky":false,"template":"elementor_theme","format":"standard","meta":{"_acf_changed":false,"footnotes":""},"categories":[208,4,193,204,205,194,200,195,17],"tags":[143],"class_list":["post-3246","post","type-post","status-publish","format-standard","has-post-thumbnail","hentry","category-ideas-escapadas","category-espana","category-europa","category-ideas-viajes-verano","category-ideas-viajes-low-cost","category-islas-paradisiacas","category-rutas-por-espana","category-rutas-por-europa","category-viajes-por-europa","tag-palma-de-mallorca"],"acf":[],"_links":{"self":[{"href":"https:\/\/www.centraldevacaciones.com\/blog\/wp-json\/wp\/v2\/posts\/3246","targetHints":{"allow":["GET"]}}],"collection":[{"href":"https:\/\/www.centraldevacaciones.com\/blog\/wp-json\/wp\/v2\/posts"}],"about":[{"href":"https:\/\/www.centraldevacaciones.com\/blog\/wp-json\/wp\/v2\/types\/post"}],"author":[{"embeddable":true,"href":"https:\/\/www.centraldevacaciones.com\/blog\/wp-json\/wp\/v2\/users\/1"}],"replies":[{"embeddable":true,"href":"https:\/\/www.centraldevacaciones.com\/blog\/wp-json\/wp\/v2\/comments?post=3246"}],"version-history":[{"count":0,"href":"https:\/\/www.centraldevacaciones.com\/blog\/wp-json\/wp\/v2\/posts\/3246\/revisions"}],"wp:featuredmedia":[{"embeddable":true,"href":"https:\/\/www.centraldevacaciones.com\/blog\/wp-json\/wp\/v2\/media\/708"}],"wp:attachment":[{"href":"https:\/\/www.centraldevacaciones.com\/blog\/wp-json\/wp\/v2\/media?parent=3246"}],"wp:term":[{"taxonomy":"category","embeddable":true,"href":"https:\/\/www.centraldevacaciones.com\/blog\/wp-json\/wp\/v2\/categories?post=3246"},{"taxonomy":"post_tag","embeddable":true,"href":"https:\/\/www.centraldevacaciones.com\/blog\/wp-json\/wp\/v2\/tags?post=3246"}],"curies":[{"name":"wp","href":"https:\/\/api.w.org\/{rel}","templated":true}]}}