{"id":2820,"date":"2017-12-03T10:31:50","date_gmt":"2017-12-03T09:31:50","guid":{"rendered":"http:\/\/blog.centraldevacaciones.com\/?p=2820"},"modified":"2023-05-10T17:32:13","modified_gmt":"2023-05-10T15:32:13","slug":"costa-rica-el-pais-para-los-que-aman-el-ecoturismo","status":"publish","type":"post","link":"https:\/\/www.centraldevacaciones.com\/blog\/costa-rica-el-pais-para-los-que-aman-el-ecoturismo\/","title":{"rendered":"Costa Rica: el pa\u00eds para los que aman  el ecoturismo"},"content":{"rendered":"\t\t<div data-elementor-type=\"wp-post\" data-elementor-id=\"2820\" class=\"elementor elementor-2820\" data-elementor-post-type=\"post\">\n\t\t\t\t\t\t<section class=\"elementor-section elementor-top-section elementor-element elementor-element-99c85ec elementor-section-boxed elementor-section-height-default elementor-section-height-default\" data-id=\"99c85ec\" data-element_type=\"section\">\n\t\t\t\t\t\t<div class=\"elementor-container elementor-column-gap-default\">\n\t\t\t\t\t<div class=\"elementor-column elementor-col-100 elementor-top-column elementor-element elementor-element-df86994\" data-id=\"df86994\" data-element_type=\"column\">\n\t\t\t<div class=\"elementor-widget-wrap elementor-element-populated\">\n\t\t\t\t\t\t<div class=\"elementor-element elementor-element-8335a98 elementor-widget elementor-widget-text-editor\" data-id=\"8335a98\" data-element_type=\"widget\" data-widget_type=\"text-editor.default\">\n\t\t\t\t\t\t\t\t\t<p><a href=\"https:\/\/www.centraldevacaciones.com\/ofertas-viajes\/Ofertas-Centraldevacaciones-a-COSTA_RICA;48;0;0;0;0.html\">Costa Rica<\/a> se considera uno de los mejores destinos para el ecoturismo en Am\u00e9rica Central, con excelentes infraestructuras y una gran biodiversidad. El pa\u00eds ocupa un \u00e1rea estrecha de Centroam\u00e9rica, y se encuentra ba\u00f1ado por los oc\u00e9anos Pac\u00edfico y Atl\u00e1ntico. Costa Rica hace frontera con Panam\u00e1 y Nicaragua, tiene un territorio de s\u00f3lo 51,100 kil\u00f3metros cuadrados, pero posee unas grandes \u00e1reas preservadas y ofrece a los visitantes parques nacionales, volcanes y playas paradisiacas.<\/p>\t\t\t\t\t\t\t\t<\/div>\n\t\t\t\t\t<\/div>\n\t\t<\/div>\n\t\t\t\t\t<\/div>\n\t\t<\/section>\n\t\t\t\t<section class=\"elementor-section elementor-top-section elementor-element elementor-element-bc724dc elementor-section-boxed elementor-section-height-default elementor-section-height-default\" data-id=\"bc724dc\" data-element_type=\"section\">\n\t\t\t\t\t\t<div class=\"elementor-container elementor-column-gap-default\">\n\t\t\t\t\t<div class=\"elementor-column elementor-col-100 elementor-top-column elementor-element elementor-element-c73dddf\" data-id=\"c73dddf\" data-element_type=\"column\">\n\t\t\t<div class=\"elementor-widget-wrap elementor-element-populated\">\n\t\t\t\t\t\t<div class=\"elementor-element elementor-element-3c704a8 elementor-widget elementor-widget-video\" data-id=\"3c704a8\" data-element_type=\"widget\" data-settings=\"{&quot;youtube_url&quot;:&quot;https:\\\/\\\/www.youtube.com\\\/watch?v=jpwOcqn2nro&quot;,&quot;video_type&quot;:&quot;youtube&quot;,&quot;controls&quot;:&quot;yes&quot;}\" data-widget_type=\"video.default\">\n\t\t\t\t\t\t\t<div class=\"elementor-wrapper elementor-open-inline\">\n\t\t\t<div class=\"elementor-video\"><\/div>\t\t<\/div>\n\t\t\t\t\t\t<\/div>\n\t\t\t\t\t<\/div>\n\t\t<\/div>\n\t\t\t\t\t<\/div>\n\t\t<\/section>\n\t\t\t\t<section class=\"elementor-section elementor-top-section elementor-element elementor-element-5b7cd74 elementor-section-boxed elementor-section-height-default elementor-section-height-default\" data-id=\"5b7cd74\" data-element_type=\"section\">\n\t\t\t\t\t\t<div class=\"elementor-container elementor-column-gap-default\">\n\t\t\t\t\t<div class=\"elementor-column elementor-col-100 elementor-top-column elementor-element elementor-element-b1fdb9a\" data-id=\"b1fdb9a\" data-element_type=\"column\">\n\t\t\t<div class=\"elementor-widget-wrap elementor-element-populated\">\n\t\t\t\t\t\t<div class=\"elementor-element elementor-element-ac82a68 elementor-widget elementor-widget-text-editor\" data-id=\"ac82a68\" data-element_type=\"widget\" data-widget_type=\"text-editor.default\">\n\t\t\t\t\t\t\t\t\t<p>No te sorprendas si no encuentras direcciones, en Costa Rica no le ponen \u00a0nombres a las calles o n\u00fameros de las casas. Te podr\u00e1s empezar a orientar por la distancia, por las construcciones e incluso los colores. Pero no te preocupes, los costarricenses aman a los turistas y les encanta ayudarlos de manera amistosa. \u00bfQuieres conocer todas las<strong> maravillas que ofrece Costa Rica para el ecoturismo<\/strong>? Te lo explicamos a continuaci\u00f3n.\u00a0<\/p>\t\t\t\t\t\t\t\t<\/div>\n\t\t\t\t\t<\/div>\n\t\t<\/div>\n\t\t\t\t\t<\/div>\n\t\t<\/section>\n\t\t\t\t<section class=\"elementor-section elementor-top-section elementor-element elementor-element-79bc02c elementor-section-boxed elementor-section-height-default elementor-section-height-default\" data-id=\"79bc02c\" data-element_type=\"section\">\n\t\t\t\t\t\t<div class=\"elementor-container elementor-column-gap-default\">\n\t\t\t\t\t<div class=\"elementor-column elementor-col-100 elementor-top-column elementor-element elementor-element-321a91c\" data-id=\"321a91c\" data-element_type=\"column\">\n\t\t\t<div class=\"elementor-widget-wrap elementor-element-populated\">\n\t\t\t\t\t\t<div class=\"elementor-element elementor-element-0224de9 elementor-widget elementor-widget-heading\" data-id=\"0224de9\" data-element_type=\"widget\" data-widget_type=\"heading.default\">\n\t\t\t\t\t<h2 class=\"elementor-heading-title elementor-size-default\">Qu\u00e9 ver en Costa Rica<\/h2>\t\t\t\t<\/div>\n\t\t\t\t\t<\/div>\n\t\t<\/div>\n\t\t\t\t\t<\/div>\n\t\t<\/section>\n\t\t\t\t<section class=\"elementor-section elementor-top-section elementor-element elementor-element-854d6b6 elementor-section-boxed elementor-section-height-default elementor-section-height-default\" data-id=\"854d6b6\" data-element_type=\"section\">\n\t\t\t\t\t\t<div class=\"elementor-container elementor-column-gap-default\">\n\t\t\t\t\t<div class=\"elementor-column elementor-col-100 elementor-top-column elementor-element elementor-element-bf35d47\" data-id=\"bf35d47\" data-element_type=\"column\">\n\t\t\t<div class=\"elementor-widget-wrap elementor-element-populated\">\n\t\t\t\t\t\t<div class=\"elementor-element elementor-element-5ba684c elementor-widget elementor-widget-text-editor\" data-id=\"5ba684c\" data-element_type=\"widget\" data-widget_type=\"text-editor.default\">\n\t\t\t\t\t\t\t\t\t<p>La isla de Costa Rica posee una privilegiada ubicaci\u00f3n, ya que se extiende desde el Oc\u00e9ano pacifico hasta el mar Caribe a lo largo de 51.000 kil\u00f3metros donde aguardan para el turista playas de aguas cristalinas y arenas claras, parques nacionales con un magnifico clima de monta\u00f1a rememorando aqu\u00ed el hito cinematogr\u00e1fico <em>Jurassic Park<\/em>, y por ultimo para\u00edsos<strong> ideales para la pr\u00e1ctica de diversos deportes acu\u00e1ticos<\/strong>, entre ellos el surf, el <em>windsurf<\/em> y por \u00faltimo la pesca deportiva, tan famosa dentro de la isla.<\/p>\t\t\t\t\t\t\t\t<\/div>\n\t\t\t\t\t<\/div>\n\t\t<\/div>\n\t\t\t\t\t<\/div>\n\t\t<\/section>\n\t\t\t\t<section class=\"elementor-section elementor-top-section elementor-element elementor-element-3a4b0db elementor-section-boxed elementor-section-height-default elementor-section-height-default\" data-id=\"3a4b0db\" data-element_type=\"section\">\n\t\t\t\t\t\t<div class=\"elementor-container elementor-column-gap-default\">\n\t\t\t\t\t<div class=\"elementor-column elementor-col-100 elementor-top-column elementor-element elementor-element-7c8cb03\" data-id=\"7c8cb03\" data-element_type=\"column\">\n\t\t\t<div class=\"elementor-widget-wrap elementor-element-populated\">\n\t\t\t\t\t\t<div class=\"elementor-element elementor-element-3dc150f elementor-widget elementor-widget-heading\" data-id=\"3dc150f\" data-element_type=\"widget\" data-widget_type=\"heading.default\">\n\t\t\t\t\t<h3 class=\"elementor-heading-title elementor-size-default\">Mejores playas de Costa Rica<\/h3>\t\t\t\t<\/div>\n\t\t\t\t\t<\/div>\n\t\t<\/div>\n\t\t\t\t\t<\/div>\n\t\t<\/section>\n\t\t\t\t<section class=\"elementor-section elementor-top-section elementor-element elementor-element-0ff6349 elementor-section-boxed elementor-section-height-default elementor-section-height-default\" data-id=\"0ff6349\" data-element_type=\"section\">\n\t\t\t\t\t\t<div class=\"elementor-container elementor-column-gap-default\">\n\t\t\t\t\t<div class=\"elementor-column elementor-col-100 elementor-top-column elementor-element elementor-element-df895dd\" data-id=\"df895dd\" data-element_type=\"column\">\n\t\t\t<div class=\"elementor-widget-wrap elementor-element-populated\">\n\t\t\t\t\t\t<div class=\"elementor-element elementor-element-3641794 elementor-widget elementor-widget-text-editor\" data-id=\"3641794\" data-element_type=\"widget\" data-widget_type=\"text-editor.default\">\n\t\t\t\t\t\t\t\t\t<div><span style=\"color: var( --e-global-color-text );\">Costa Rica, ba\u00f1ado por las aguas del Mar Caribe y del Oc\u00e9ano Pac\u00edfico, presume de tener algunas de las mejores playas de Centroam\u00e9rica, perfectas para darse un relajate ba\u00f1o, ver la puesta de sol o simplemente dar un paseo por la arena.<\/span><br \/><span style=\"color: var( --e-global-color-text );\"><br \/><\/span><\/div>\n<div><span style=\"color: var( --e-global-color-text );\">A continuaci\u00f3n una selecci\u00f3n de las mejores playas de Costa Rica:<\/span><\/div>\t\t\t\t\t\t\t\t<\/div>\n\t\t\t\t\t<\/div>\n\t\t<\/div>\n\t\t\t\t\t<\/div>\n\t\t<\/section>\n\t\t\t\t<section class=\"elementor-section elementor-top-section elementor-element elementor-element-3031965 elementor-section-boxed elementor-section-height-default elementor-section-height-default\" data-id=\"3031965\" data-element_type=\"section\">\n\t\t\t\t\t\t<div class=\"elementor-container elementor-column-gap-default\">\n\t\t\t\t\t<div class=\"elementor-column elementor-col-100 elementor-top-column elementor-element elementor-element-0c3db3d\" data-id=\"0c3db3d\" data-element_type=\"column\">\n\t\t\t<div class=\"elementor-widget-wrap elementor-element-populated\">\n\t\t\t\t\t\t<div class=\"elementor-element elementor-element-8f23116 elementor-widget elementor-widget-video\" data-id=\"8f23116\" data-element_type=\"widget\" data-settings=\"{&quot;youtube_url&quot;:&quot;https:\\\/\\\/youtu.be\\\/7D51VaZqlmE&quot;,&quot;video_type&quot;:&quot;youtube&quot;,&quot;controls&quot;:&quot;yes&quot;}\" data-widget_type=\"video.default\">\n\t\t\t\t\t\t\t<div class=\"elementor-wrapper elementor-open-inline\">\n\t\t\t<div class=\"elementor-video\"><\/div>\t\t<\/div>\n\t\t\t\t\t\t<\/div>\n\t\t\t\t\t<\/div>\n\t\t<\/div>\n\t\t\t\t\t<\/div>\n\t\t<\/section>\n\t\t\t\t<section class=\"elementor-section elementor-top-section elementor-element elementor-element-900b81d elementor-section-boxed elementor-section-height-default elementor-section-height-default\" data-id=\"900b81d\" data-element_type=\"section\">\n\t\t\t\t\t\t<div class=\"elementor-container elementor-column-gap-default\">\n\t\t\t\t\t<div class=\"elementor-column elementor-col-100 elementor-top-column elementor-element elementor-element-c72c14c\" data-id=\"c72c14c\" data-element_type=\"column\">\n\t\t\t<div class=\"elementor-widget-wrap elementor-element-populated\">\n\t\t\t\t\t\t<div class=\"elementor-element elementor-element-239306e elementor-widget elementor-widget-heading\" data-id=\"239306e\" data-element_type=\"widget\" data-widget_type=\"heading.default\">\n\t\t\t\t\t<h4 class=\"elementor-heading-title elementor-size-default\">\n\n\n\nPlaya Esterillos<\/h4>\t\t\t\t<\/div>\n\t\t\t\t\t<\/div>\n\t\t<\/div>\n\t\t\t\t\t<\/div>\n\t\t<\/section>\n\t\t\t\t<section class=\"elementor-section elementor-top-section elementor-element elementor-element-f24ef8e elementor-section-boxed elementor-section-height-default elementor-section-height-default\" data-id=\"f24ef8e\" data-element_type=\"section\">\n\t\t\t\t\t\t<div class=\"elementor-container elementor-column-gap-default\">\n\t\t\t\t\t<div class=\"elementor-column elementor-col-100 elementor-top-column elementor-element elementor-element-2b2afaa\" data-id=\"2b2afaa\" data-element_type=\"column\">\n\t\t\t<div class=\"elementor-widget-wrap elementor-element-populated\">\n\t\t\t\t\t\t<div class=\"elementor-element elementor-element-f8beba4 elementor-widget elementor-widget-text-editor\" data-id=\"f8beba4\" data-element_type=\"widget\" data-widget_type=\"text-editor.default\">\n\t\t\t\t\t\t\t\t\t<p>Esta preciosa playa de arenas gris\u00e1ceas se extiende 7 km por la costa del Pac\u00edfico, dividi\u00e9ndose en tres secciones: Esterillos Este, Esterillos Centro y Esterillos Oeste, la m\u00e1s cercana a playa Hermosa. Todas ellas se caracterizan por su belleza y la riqueza natural que poseecada rinc\u00f3n, destacando principalmente el impresionante paisaje repleto de bosque tropical formado por <b style=\"color: var( --e-global-color-text ); text-align: justify;\">palmeras y \u00e1rboles almendro.\u00a0<\/b><\/p>\t\t\t\t\t\t\t\t<\/div>\n\t\t\t\t\t<\/div>\n\t\t<\/div>\n\t\t\t\t\t<\/div>\n\t\t<\/section>\n\t\t\t\t<section class=\"elementor-section elementor-top-section elementor-element elementor-element-f94ee42 elementor-section-boxed elementor-section-height-default elementor-section-height-default\" data-id=\"f94ee42\" data-element_type=\"section\">\n\t\t\t\t\t\t<div class=\"elementor-container elementor-column-gap-default\">\n\t\t\t\t\t<div class=\"elementor-column elementor-col-100 elementor-top-column elementor-element elementor-element-3fe871a\" data-id=\"3fe871a\" data-element_type=\"column\">\n\t\t\t<div class=\"elementor-widget-wrap elementor-element-populated\">\n\t\t\t\t\t\t<div class=\"elementor-element elementor-element-6738474 elementor-widget elementor-widget-heading\" data-id=\"6738474\" data-element_type=\"widget\" data-widget_type=\"heading.default\">\n\t\t\t\t\t<h4 class=\"elementor-heading-title elementor-size-default\">Playa Jac\u00f3<\/h4>\t\t\t\t<\/div>\n\t\t\t\t\t<\/div>\n\t\t<\/div>\n\t\t\t\t\t<\/div>\n\t\t<\/section>\n\t\t\t\t<section class=\"elementor-section elementor-top-section elementor-element elementor-element-8ae1b1f elementor-section-boxed elementor-section-height-default elementor-section-height-default\" data-id=\"8ae1b1f\" data-element_type=\"section\">\n\t\t\t\t\t\t<div class=\"elementor-container elementor-column-gap-default\">\n\t\t\t\t\t<div class=\"elementor-column elementor-col-100 elementor-top-column elementor-element elementor-element-6fa4c7e\" data-id=\"6fa4c7e\" data-element_type=\"column\">\n\t\t\t<div class=\"elementor-widget-wrap elementor-element-populated\">\n\t\t\t\t\t\t<div class=\"elementor-element elementor-element-f1f0402 elementor-widget elementor-widget-text-editor\" data-id=\"f1f0402\" data-element_type=\"widget\" data-widget_type=\"text-editor.default\">\n\t\t\t\t\t\t\t\t\t<p>Playa paradis\u00edaca que se extiende sobre 4 km de arena fina, con bellos promontorios en ambos extremos. Adem\u00e1s posee unas arenas de color gris\u00e1ceo amarillento y unas aguas cristalinas de fuerte y constante oleaje, ya que es una playa a mar abierto. Por este motivo, es una de las m\u00e1s conocidas para practicar Surf.<\/p>\t\t\t\t\t\t\t\t<\/div>\n\t\t\t\t\t<\/div>\n\t\t<\/div>\n\t\t\t\t\t<\/div>\n\t\t<\/section>\n\t\t\t\t<section class=\"elementor-section elementor-top-section elementor-element elementor-element-c149e7a elementor-section-boxed elementor-section-height-default elementor-section-height-default\" data-id=\"c149e7a\" data-element_type=\"section\">\n\t\t\t\t\t\t<div class=\"elementor-container elementor-column-gap-default\">\n\t\t\t\t\t<div class=\"elementor-column elementor-col-100 elementor-top-column elementor-element elementor-element-840b6b4\" data-id=\"840b6b4\" data-element_type=\"column\">\n\t\t\t<div class=\"elementor-widget-wrap elementor-element-populated\">\n\t\t\t\t\t\t<div class=\"elementor-element elementor-element-2b26ead elementor-widget elementor-widget-heading\" data-id=\"2b26ead\" data-element_type=\"widget\" data-widget_type=\"heading.default\">\n\t\t\t\t\t<h4 class=\"elementor-heading-title elementor-size-default\">Playa Hermosa<\/h4>\t\t\t\t<\/div>\n\t\t\t\t\t<\/div>\n\t\t<\/div>\n\t\t\t\t\t<\/div>\n\t\t<\/section>\n\t\t\t\t<section class=\"elementor-section elementor-top-section elementor-element elementor-element-44bcd68 elementor-section-boxed elementor-section-height-default elementor-section-height-default\" data-id=\"44bcd68\" data-element_type=\"section\">\n\t\t\t\t\t\t<div class=\"elementor-container elementor-column-gap-default\">\n\t\t\t\t\t<div class=\"elementor-column elementor-col-100 elementor-top-column elementor-element elementor-element-9cea751\" data-id=\"9cea751\" data-element_type=\"column\">\n\t\t\t<div class=\"elementor-widget-wrap elementor-element-populated\">\n\t\t\t\t\t\t<div class=\"elementor-element elementor-element-a86264e elementor-widget elementor-widget-text-editor\" data-id=\"a86264e\" data-element_type=\"widget\" data-widget_type=\"text-editor.default\">\n\t\t\t\t\t\t\t\t\t<p>Playa paradis\u00edaca que se extiende sobre 4 km de arena fina, con bellos promontorios en ambos extremos. Adem\u00e1s posee unas arenas de color gris\u00e1ceo amarillento y unas aguas cristalinas de fuerte y constante oleaje, ya que es una playa a mar abierto. Por este motivo, es una de las m\u00e1s conocidas para practicar Surf.<\/p>\t\t\t\t\t\t\t\t<\/div>\n\t\t\t\t\t<\/div>\n\t\t<\/div>\n\t\t\t\t\t<\/div>\n\t\t<\/section>\n\t\t\t\t<section class=\"elementor-section elementor-top-section elementor-element elementor-element-f9a1600 elementor-section-boxed elementor-section-height-default elementor-section-height-default\" data-id=\"f9a1600\" data-element_type=\"section\">\n\t\t\t\t\t\t<div class=\"elementor-container elementor-column-gap-default\">\n\t\t\t\t\t<div class=\"elementor-column elementor-col-100 elementor-top-column elementor-element elementor-element-bc5c968\" data-id=\"bc5c968\" data-element_type=\"column\">\n\t\t\t<div class=\"elementor-widget-wrap elementor-element-populated\">\n\t\t\t\t\t\t<div class=\"elementor-element elementor-element-82db5b8 elementor-widget elementor-widget-heading\" data-id=\"82db5b8\" data-element_type=\"widget\" data-widget_type=\"heading.default\">\n\t\t\t\t\t<h4 class=\"elementor-heading-title elementor-size-default\">Playa Boca Barranca<\/h4>\t\t\t\t<\/div>\n\t\t\t\t\t<\/div>\n\t\t<\/div>\n\t\t\t\t\t<\/div>\n\t\t<\/section>\n\t\t\t\t<section class=\"elementor-section elementor-top-section elementor-element elementor-element-8e3c1be elementor-section-boxed elementor-section-height-default elementor-section-height-default\" data-id=\"8e3c1be\" data-element_type=\"section\">\n\t\t\t\t\t\t<div class=\"elementor-container elementor-column-gap-default\">\n\t\t\t\t\t<div class=\"elementor-column elementor-col-100 elementor-top-column elementor-element elementor-element-5658130\" data-id=\"5658130\" data-element_type=\"column\">\n\t\t\t<div class=\"elementor-widget-wrap elementor-element-populated\">\n\t\t\t\t\t\t<div class=\"elementor-element elementor-element-e5e2347 elementor-widget elementor-widget-text-editor\" data-id=\"e5e2347\" data-element_type=\"widget\" data-widget_type=\"text-editor.default\">\n\t\t\t\t\t\t\t\t\t<p>Conocida por los surfistas, es considerada una de las mejores playas de Costa Rica. Es una gran oportunidad para experimentar la emoci\u00f3n de la ola, o para observar el espect\u00e1culo. Como t\u00fa desees.\u00a0<\/p>\t\t\t\t\t\t\t\t<\/div>\n\t\t\t\t\t<\/div>\n\t\t<\/div>\n\t\t\t\t\t<\/div>\n\t\t<\/section>\n\t\t\t\t<section class=\"elementor-section elementor-top-section elementor-element elementor-element-a1d817e elementor-section-boxed elementor-section-height-default elementor-section-height-default\" data-id=\"a1d817e\" data-element_type=\"section\">\n\t\t\t\t\t\t<div class=\"elementor-container elementor-column-gap-default\">\n\t\t\t\t\t<div class=\"elementor-column elementor-col-100 elementor-top-column elementor-element elementor-element-9a8eaef\" data-id=\"9a8eaef\" data-element_type=\"column\">\n\t\t\t<div class=\"elementor-widget-wrap elementor-element-populated\">\n\t\t\t\t\t\t<div class=\"elementor-element elementor-element-3989440 elementor-widget elementor-widget-heading\" data-id=\"3989440\" data-element_type=\"widget\" data-widget_type=\"heading.default\">\n\t\t\t\t\t<h2 class=\"elementor-heading-title elementor-size-default\">La monta\u00f1a en Costa Rica<\/h2>\t\t\t\t<\/div>\n\t\t\t\t\t<\/div>\n\t\t<\/div>\n\t\t\t\t\t<\/div>\n\t\t<\/section>\n\t\t\t\t<section class=\"elementor-section elementor-top-section elementor-element elementor-element-8e40085 elementor-section-boxed elementor-section-height-default elementor-section-height-default\" data-id=\"8e40085\" data-element_type=\"section\">\n\t\t\t\t\t\t<div class=\"elementor-container elementor-column-gap-default\">\n\t\t\t\t\t<div class=\"elementor-column elementor-col-100 elementor-top-column elementor-element elementor-element-396086e\" data-id=\"396086e\" data-element_type=\"column\">\n\t\t\t<div class=\"elementor-widget-wrap elementor-element-populated\">\n\t\t\t\t\t\t<div class=\"elementor-element elementor-element-9f425c5 elementor-widget elementor-widget-text-editor\" data-id=\"9f425c5\" data-element_type=\"widget\" data-widget_type=\"text-editor.default\">\n\t\t\t\t\t\t\t\t\t<p>Si por el contrario la preferencia del viajero es el clima de monta\u00f1a, los r\u00edos, la flora y fauna silvestre tambi\u00e9n estas en el lugar correcto ya que la peque\u00f1a Costa Rica cuenta con el 20% de su territorio como \u00e1reas protegidas correspondiente a reservas forestales y Parque nacional. En Costa rica se protege lo m\u00e1s valioso el patrimonio hist\u00f3rico y natural.<\/p>\n<p>A pesar de que las playas son el fuerte de este para\u00edso escondido en centro Am\u00e9rica aqu\u00ed los amantes del ecoturismo se sentir\u00e1n mejor que en casa, y es que el pa\u00eds alberga el \u00fanico parque internacional del mundo. Se trata de un \u00e1rea protegida que fue creada de manera conjunta entre los gobiernos de panam\u00e1 y costa rica constituida por unas 400.000 hect\u00e1reas que llevan por nombre <strong>Parque Internacional La Amistad<\/strong>.<\/p>\n<p>Dicha reserva est\u00e1 constituida por una gran variedad de bosques h\u00famedos y lluviosos as\u00ed como alberga una veintena de tribus ind\u00edgenas de ambos pa\u00edses. La mayor parte de este reservorio lo comprende la regi\u00f3n de Talamanca que cuenta con la particularidad de poseer un alto \u00edndice de conservaci\u00f3n a nivel Natural y en las costumbres de sus pobladores lo que en general la hace de dif\u00edcil acceso para la apreciaci\u00f3n tur\u00edstica<\/p>\t\t\t\t\t\t\t\t<\/div>\n\t\t\t\t\t<\/div>\n\t\t<\/div>\n\t\t\t\t\t<\/div>\n\t\t<\/section>\n\t\t\t\t<section class=\"elementor-section elementor-top-section elementor-element elementor-element-a13757a elementor-section-boxed elementor-section-height-default elementor-section-height-default\" data-id=\"a13757a\" data-element_type=\"section\">\n\t\t\t\t\t\t<div class=\"elementor-container elementor-column-gap-default\">\n\t\t\t\t\t<div class=\"elementor-column elementor-col-100 elementor-top-column elementor-element elementor-element-67aab1e\" data-id=\"67aab1e\" data-element_type=\"column\">\n\t\t\t<div class=\"elementor-widget-wrap elementor-element-populated\">\n\t\t\t\t\t\t<div class=\"elementor-element elementor-element-d5d8e62 elementor-widget elementor-widget-heading\" data-id=\"d5d8e62\" data-element_type=\"widget\" data-widget_type=\"heading.default\">\n\t\t\t\t\t<h2 class=\"elementor-heading-title elementor-size-default\">Top 10 cosas para ver en Costa <\/h2>\t\t\t\t<\/div>\n\t\t\t\t\t<\/div>\n\t\t<\/div>\n\t\t\t\t\t<\/div>\n\t\t<\/section>\n\t\t\t\t<section class=\"elementor-section elementor-top-section elementor-element elementor-element-af56a8c elementor-section-boxed elementor-section-height-default elementor-section-height-default\" data-id=\"af56a8c\" data-element_type=\"section\">\n\t\t\t\t\t\t<div class=\"elementor-container elementor-column-gap-default\">\n\t\t\t\t\t<div class=\"elementor-column elementor-col-100 elementor-top-column elementor-element elementor-element-b663984\" data-id=\"b663984\" data-element_type=\"column\">\n\t\t\t<div class=\"elementor-widget-wrap elementor-element-populated\">\n\t\t\t\t\t\t<div class=\"elementor-element elementor-element-9fb29ce elementor-widget elementor-widget-heading\" data-id=\"9fb29ce\" data-element_type=\"widget\" data-widget_type=\"heading.default\">\n\t\t\t\t\t<h3 class=\"elementor-heading-title elementor-size-default\">R\u00edo Celeste<\/h3>\t\t\t\t<\/div>\n\t\t\t\t\t<\/div>\n\t\t<\/div>\n\t\t\t\t\t<\/div>\n\t\t<\/section>\n\t\t\t\t<section class=\"elementor-section elementor-top-section elementor-element elementor-element-bd17a5e elementor-section-boxed elementor-section-height-default elementor-section-height-default\" data-id=\"bd17a5e\" data-element_type=\"section\">\n\t\t\t\t\t\t<div class=\"elementor-container elementor-column-gap-default\">\n\t\t\t\t\t<div class=\"elementor-column elementor-col-100 elementor-top-column elementor-element elementor-element-269de95\" data-id=\"269de95\" data-element_type=\"column\">\n\t\t\t<div class=\"elementor-widget-wrap elementor-element-populated\">\n\t\t\t\t\t\t<div class=\"elementor-element elementor-element-9993d80 elementor-widget elementor-widget-text-editor\" data-id=\"9993d80\" data-element_type=\"widget\" data-widget_type=\"text-editor.default\">\n\t\t\t\t\t\t\t\t\t<p>Precioso rio situado en el Parque Nacional Volc\u00e1n Tenorio.\u00a0Sus aguas son de un color azul impresionante debido al volc\u00e1n que vierte sal en el r\u00edo.\u00a0Para llegar hay que hacer una caminata de aproximadamente dos horas, pero vale la pena el esfuerzo.\u00a0En el camino tambi\u00e9n se encuentra una cascada de unos 10 metros de altura, con aguas azules, muy hermoso.<\/p>\t\t\t\t\t\t\t\t<\/div>\n\t\t\t\t\t<\/div>\n\t\t<\/div>\n\t\t\t\t\t<\/div>\n\t\t<\/section>\n\t\t\t\t<section class=\"elementor-section elementor-top-section elementor-element elementor-element-9f01d6b elementor-section-boxed elementor-section-height-default elementor-section-height-default\" data-id=\"9f01d6b\" data-element_type=\"section\">\n\t\t\t\t\t\t<div class=\"elementor-container elementor-column-gap-default\">\n\t\t\t\t\t<div class=\"elementor-column elementor-col-100 elementor-top-column elementor-element elementor-element-f83621f\" data-id=\"f83621f\" data-element_type=\"column\">\n\t\t\t<div class=\"elementor-widget-wrap elementor-element-populated\">\n\t\t\t\t\t\t<div class=\"elementor-element elementor-element-c342074 elementor-widget elementor-widget-image\" data-id=\"c342074\" data-element_type=\"widget\" data-widget_type=\"image.default\">\n\t\t\t\t\t\t\t\t\t\t\t\t\t\t\t<img fetchpriority=\"high\" decoding=\"async\" width=\"800\" height=\"539\" src=\"https:\/\/www.centraldevacaciones.com\/blog\/wp-content\/uploads\/2017\/12\/waterfall-in-costa-rica-2022-02-01-23-40-08-utc-1-1024x690.jpg\" class=\"attachment-large size-large wp-image-129232\" alt=\"ecoturismo en Costa Rica: R\u00edo Celeste\" srcset=\"https:\/\/www.centraldevacaciones.com\/blog\/wp-content\/uploads\/2017\/12\/waterfall-in-costa-rica-2022-02-01-23-40-08-utc-1-1024x690.jpg 1024w, https:\/\/www.centraldevacaciones.com\/blog\/wp-content\/uploads\/2017\/12\/waterfall-in-costa-rica-2022-02-01-23-40-08-utc-1-300x202.jpg 300w, https:\/\/www.centraldevacaciones.com\/blog\/wp-content\/uploads\/2017\/12\/waterfall-in-costa-rica-2022-02-01-23-40-08-utc-1-768x518.jpg 768w, https:\/\/www.centraldevacaciones.com\/blog\/wp-content\/uploads\/2017\/12\/waterfall-in-costa-rica-2022-02-01-23-40-08-utc-1-1536x1036.jpg 1536w, https:\/\/www.centraldevacaciones.com\/blog\/wp-content\/uploads\/2017\/12\/waterfall-in-costa-rica-2022-02-01-23-40-08-utc-1-2048x1381.jpg 2048w\" sizes=\"(max-width: 800px) 100vw, 800px\" \/>\t\t\t\t\t\t\t\t\t\t\t\t\t\t\t<\/div>\n\t\t\t\t\t<\/div>\n\t\t<\/div>\n\t\t\t\t\t<\/div>\n\t\t<\/section>\n\t\t\t\t<section class=\"elementor-section elementor-top-section elementor-element elementor-element-d57bb83 elementor-section-boxed elementor-section-height-default elementor-section-height-default\" data-id=\"d57bb83\" data-element_type=\"section\">\n\t\t\t\t\t\t<div class=\"elementor-container elementor-column-gap-default\">\n\t\t\t\t\t<div class=\"elementor-column elementor-col-100 elementor-top-column elementor-element elementor-element-0ba75d0\" data-id=\"0ba75d0\" data-element_type=\"column\">\n\t\t\t<div class=\"elementor-widget-wrap elementor-element-populated\">\n\t\t\t\t\t\t<div class=\"elementor-element elementor-element-ba99cec elementor-widget elementor-widget-heading\" data-id=\"ba99cec\" data-element_type=\"widget\" data-widget_type=\"heading.default\">\n\t\t\t\t\t<h3 class=\"elementor-heading-title elementor-size-default\">Visita al volc\u00e1n Arenal<\/h3>\t\t\t\t<\/div>\n\t\t\t\t\t<\/div>\n\t\t<\/div>\n\t\t\t\t\t<\/div>\n\t\t<\/section>\n\t\t\t\t<section class=\"elementor-section elementor-top-section elementor-element elementor-element-2bda4de elementor-section-boxed elementor-section-height-default elementor-section-height-default\" data-id=\"2bda4de\" data-element_type=\"section\">\n\t\t\t\t\t\t<div class=\"elementor-container elementor-column-gap-default\">\n\t\t\t\t\t<div class=\"elementor-column elementor-col-100 elementor-top-column elementor-element elementor-element-45cdf24\" data-id=\"45cdf24\" data-element_type=\"column\">\n\t\t\t<div class=\"elementor-widget-wrap elementor-element-populated\">\n\t\t\t\t\t\t<div class=\"elementor-element elementor-element-30f424b elementor-widget elementor-widget-text-editor\" data-id=\"30f424b\" data-element_type=\"widget\" data-widget_type=\"text-editor.default\">\n\t\t\t\t\t\t\t\t\t<p>Uno de los mayores atractivos de Costa Rica es el volc\u00e1n Arenal.\u00a0Es necesario tener mucha suerte para ser descubierto, pero cuando ocurre es, sin duda, uno de los espect\u00e1culos m\u00e1s hermosos que se pueden ver en el pa\u00eds.\u00a0El sitio tambi\u00e9n posee hoteles que ofrecen a los hu\u00e9spedes piscinas con aguas termales que brotan desde el volc\u00e1n.<\/p>\t\t\t\t\t\t\t\t<\/div>\n\t\t\t\t\t<\/div>\n\t\t<\/div>\n\t\t\t\t\t<\/div>\n\t\t<\/section>\n\t\t\t\t<section class=\"elementor-section elementor-top-section elementor-element elementor-element-4b203f2 elementor-section-boxed elementor-section-height-default elementor-section-height-default\" data-id=\"4b203f2\" data-element_type=\"section\">\n\t\t\t\t\t\t<div class=\"elementor-container elementor-column-gap-default\">\n\t\t\t\t\t<div class=\"elementor-column elementor-col-100 elementor-top-column elementor-element elementor-element-a194b34\" data-id=\"a194b34\" data-element_type=\"column\">\n\t\t\t<div class=\"elementor-widget-wrap elementor-element-populated\">\n\t\t\t\t\t\t<div class=\"elementor-element elementor-element-3cbd99a elementor-widget elementor-widget-heading\" data-id=\"3cbd99a\" data-element_type=\"widget\" data-widget_type=\"heading.default\">\n\t\t\t\t\t<h3 class=\"elementor-heading-title elementor-size-default\">Monumento Nacional Guayabo\u00a0<\/h3>\t\t\t\t<\/div>\n\t\t\t\t\t<\/div>\n\t\t<\/div>\n\t\t\t\t\t<\/div>\n\t\t<\/section>\n\t\t\t\t<section class=\"elementor-section elementor-top-section elementor-element elementor-element-6e8692c elementor-section-boxed elementor-section-height-default elementor-section-height-default\" data-id=\"6e8692c\" data-element_type=\"section\">\n\t\t\t\t\t\t<div class=\"elementor-container elementor-column-gap-default\">\n\t\t\t\t\t<div class=\"elementor-column elementor-col-100 elementor-top-column elementor-element elementor-element-2afd8ba\" data-id=\"2afd8ba\" data-element_type=\"column\">\n\t\t\t<div class=\"elementor-widget-wrap elementor-element-populated\">\n\t\t\t\t\t\t<div class=\"elementor-element elementor-element-6085584 elementor-widget elementor-widget-text-editor\" data-id=\"6085584\" data-element_type=\"widget\" data-widget_type=\"text-editor.default\">\n\t\t\t\t\t\t\t\t\t<p>El Monumento Nacional Guayabo\u00a0, en Turrialba, es el principal sitio arqueol\u00f3gico del pa\u00eds. Arriba, esferas de piedra en su sitio original, Valle del D\u00edquis,Palmar Sur, regi\u00f3n de Osa, Puntarenas.<\/p>\t\t\t\t\t\t\t\t<\/div>\n\t\t\t\t\t<\/div>\n\t\t<\/div>\n\t\t\t\t\t<\/div>\n\t\t<\/section>\n\t\t\t\t<section class=\"elementor-section elementor-top-section elementor-element elementor-element-88d5ea0 elementor-section-boxed elementor-section-height-default elementor-section-height-default\" data-id=\"88d5ea0\" data-element_type=\"section\">\n\t\t\t\t\t\t<div class=\"elementor-container elementor-column-gap-default\">\n\t\t\t\t\t<div class=\"elementor-column elementor-col-100 elementor-top-column elementor-element elementor-element-5ec0d3f\" data-id=\"5ec0d3f\" data-element_type=\"column\">\n\t\t\t<div class=\"elementor-widget-wrap elementor-element-populated\">\n\t\t\t\t\t\t<div class=\"elementor-element elementor-element-bc4228d elementor-widget elementor-widget-heading\" data-id=\"bc4228d\" data-element_type=\"widget\" data-widget_type=\"heading.default\">\n\t\t\t\t\t<h3 class=\"elementor-heading-title elementor-size-default\">Parque Nacional Manuel Antonio<\/h3>\t\t\t\t<\/div>\n\t\t\t\t\t<\/div>\n\t\t<\/div>\n\t\t\t\t\t<\/div>\n\t\t<\/section>\n\t\t\t\t<section class=\"elementor-section elementor-top-section elementor-element elementor-element-964a145 elementor-section-boxed elementor-section-height-default elementor-section-height-default\" data-id=\"964a145\" data-element_type=\"section\">\n\t\t\t\t\t\t<div class=\"elementor-container elementor-column-gap-default\">\n\t\t\t\t\t<div class=\"elementor-column elementor-col-100 elementor-top-column elementor-element elementor-element-6ce884b\" data-id=\"6ce884b\" data-element_type=\"column\">\n\t\t\t<div class=\"elementor-widget-wrap elementor-element-populated\">\n\t\t\t\t\t\t<div class=\"elementor-element elementor-element-c2f7f47 elementor-widget elementor-widget-text-editor\" data-id=\"c2f7f47\" data-element_type=\"widget\" data-widget_type=\"text-editor.default\">\n\t\t\t\t\t\t\t\t\t<p><img decoding=\"async\" class=\"mw-mmv-final-image\" src=\"https:\/\/upload.wikimedia.org\/wikipedia\/commons\/2\/28\/SphDrake003.jpg\" alt=\"\" crossorigin=\"anonymous\" \/>Este es uno de los parques nacionales m\u00e1s reconocidos de <strong>Costa Rica<\/strong>. El <strong>Parque<\/strong> <strong>Manuel Antonio<\/strong> se encuentra ubicado en la provincia de Puntarenas y es uno de los m\u00e1s hermosos que hay. Lleno de playas paradis\u00edacas, fauna y vegetaci\u00f3n, te har\u00e1 no querer dejarlo nunca. No obstante, no te descuides. Los monos, mapaches, alguno que otro animalito de la zona, es probable que te roben la comida.<\/p>\n<p>El parque cuenta con varias playas y posee buenas infraestructuras de hoteles y restaurantes, es un lugar bello y conservado.\u00a0Esta reserva natural es muy rica en animales, plantas y hermosas playas. Se puede ver en un ambiente natural monos, perezosos, reptiles y, al mismo tiempo, disfrutar de las c\u00e1lidas aguas, limpias y tranquilas del parque.<\/p>\t\t\t\t\t\t\t\t<\/div>\n\t\t\t\t\t<\/div>\n\t\t<\/div>\n\t\t\t\t\t<\/div>\n\t\t<\/section>\n\t\t\t\t<section class=\"elementor-section elementor-top-section elementor-element elementor-element-523c3e6 elementor-section-boxed elementor-section-height-default elementor-section-height-default\" data-id=\"523c3e6\" data-element_type=\"section\">\n\t\t\t\t\t\t<div class=\"elementor-container elementor-column-gap-default\">\n\t\t\t\t\t<div class=\"elementor-column elementor-col-100 elementor-top-column elementor-element elementor-element-f5c29b2\" data-id=\"f5c29b2\" data-element_type=\"column\">\n\t\t\t<div class=\"elementor-widget-wrap elementor-element-populated\">\n\t\t\t\t\t\t<div class=\"elementor-element elementor-element-8b5e845 elementor-widget elementor-widget-heading\" data-id=\"8b5e845\" data-element_type=\"widget\" data-widget_type=\"heading.default\">\n\t\t\t\t\t<h3 class=\"elementor-heading-title elementor-size-default\">Playa Conchal<\/h3>\t\t\t\t<\/div>\n\t\t\t\t\t<\/div>\n\t\t<\/div>\n\t\t\t\t\t<\/div>\n\t\t<\/section>\n\t\t\t\t<section class=\"elementor-section elementor-top-section elementor-element elementor-element-4e6a5fe elementor-section-boxed elementor-section-height-default elementor-section-height-default\" data-id=\"4e6a5fe\" data-element_type=\"section\">\n\t\t\t\t\t\t<div class=\"elementor-container elementor-column-gap-default\">\n\t\t\t\t\t<div class=\"elementor-column elementor-col-100 elementor-top-column elementor-element elementor-element-b95a91b\" data-id=\"b95a91b\" data-element_type=\"column\">\n\t\t\t<div class=\"elementor-widget-wrap elementor-element-populated\">\n\t\t\t\t\t\t<div class=\"elementor-element elementor-element-2b7da7b elementor-widget elementor-widget-text-editor\" data-id=\"2b7da7b\" data-element_type=\"widget\" data-widget_type=\"text-editor.default\">\n\t\t\t\t\t\t\t\t\t<p>Esta playa posee arena gruesa y muchas piezas de concha.\u00a0El agua es completamente cristalina.\u00a0Hay formaciones rocosas que forman peque\u00f1as piscinas todav\u00eda en las aguas poco profundas.\u00a0Vale la pena llevar una m\u00e1scara de buceo o alquilarla, pues es posible ver muchos peces coloridos cerca de las rocas.<\/p>\t\t\t\t\t\t\t\t<\/div>\n\t\t\t\t\t<\/div>\n\t\t<\/div>\n\t\t\t\t\t<\/div>\n\t\t<\/section>\n\t\t\t\t<section class=\"elementor-section elementor-top-section elementor-element elementor-element-588f0e8 elementor-section-boxed elementor-section-height-default elementor-section-height-default\" data-id=\"588f0e8\" data-element_type=\"section\">\n\t\t\t\t\t\t<div class=\"elementor-container elementor-column-gap-default\">\n\t\t\t\t\t<div class=\"elementor-column elementor-col-100 elementor-top-column elementor-element elementor-element-1ddf22d\" data-id=\"1ddf22d\" data-element_type=\"column\">\n\t\t\t<div class=\"elementor-widget-wrap elementor-element-populated\">\n\t\t\t\t\t\t<div class=\"elementor-element elementor-element-6cc3d05 elementor-widget elementor-widget-heading\" data-id=\"6cc3d05\" data-element_type=\"widget\" data-widget_type=\"heading.default\">\n\t\t\t\t\t<h3 class=\"elementor-heading-title elementor-size-default\">Rinc\u00f3n de la Vieja<\/h3>\t\t\t\t<\/div>\n\t\t\t\t\t<\/div>\n\t\t<\/div>\n\t\t\t\t\t<\/div>\n\t\t<\/section>\n\t\t\t\t<section class=\"elementor-section elementor-top-section elementor-element elementor-element-5a01230 elementor-section-boxed elementor-section-height-default elementor-section-height-default\" data-id=\"5a01230\" data-element_type=\"section\">\n\t\t\t\t\t\t<div class=\"elementor-container elementor-column-gap-default\">\n\t\t\t\t\t<div class=\"elementor-column elementor-col-100 elementor-top-column elementor-element elementor-element-6673bac\" data-id=\"6673bac\" data-element_type=\"column\">\n\t\t\t<div class=\"elementor-widget-wrap elementor-element-populated\">\n\t\t\t\t\t\t<div class=\"elementor-element elementor-element-f59af59 elementor-widget elementor-widget-text-editor\" data-id=\"f59af59\" data-element_type=\"widget\" data-widget_type=\"text-editor.default\">\n\t\t\t\t\t\t\t\t\t<p>El Parque Nacional Rinc\u00f3n de la Vieja es uno de los parques de Costa Rica con m\u00e1s diversidad ecol\u00f3gica de flora y fauna.\u00a0En la zona adem\u00e1s se encuentran dos volcanes, el Rinc\u00f3n de la Vieja y Santa Mar\u00eda, as\u00ed como treinta y dos r\u00edos y arroyos.<\/p>\t\t\t\t\t\t\t\t<\/div>\n\t\t\t\t\t<\/div>\n\t\t<\/div>\n\t\t\t\t\t<\/div>\n\t\t<\/section>\n\t\t\t\t<section class=\"elementor-section elementor-top-section elementor-element elementor-element-bdbad73 elementor-section-boxed elementor-section-height-default elementor-section-height-default\" data-id=\"bdbad73\" data-element_type=\"section\">\n\t\t\t\t\t\t<div class=\"elementor-container elementor-column-gap-default\">\n\t\t\t\t\t<div class=\"elementor-column elementor-col-100 elementor-top-column elementor-element elementor-element-64465d8\" data-id=\"64465d8\" data-element_type=\"column\">\n\t\t\t<div class=\"elementor-widget-wrap elementor-element-populated\">\n\t\t\t\t\t\t<div class=\"elementor-element elementor-element-c6bcda3 elementor-widget elementor-widget-heading\" data-id=\"c6bcda3\" data-element_type=\"widget\" data-widget_type=\"heading.default\">\n\t\t\t\t\t<h3 class=\"elementor-heading-title elementor-size-default\">Puerto viejo<\/h3>\t\t\t\t<\/div>\n\t\t\t\t\t<\/div>\n\t\t<\/div>\n\t\t\t\t\t<\/div>\n\t\t<\/section>\n\t\t\t\t<section class=\"elementor-section elementor-top-section elementor-element elementor-element-f842655 elementor-section-boxed elementor-section-height-default elementor-section-height-default\" data-id=\"f842655\" data-element_type=\"section\">\n\t\t\t\t\t\t<div class=\"elementor-container elementor-column-gap-default\">\n\t\t\t\t\t<div class=\"elementor-column elementor-col-100 elementor-top-column elementor-element elementor-element-f4d4586\" data-id=\"f4d4586\" data-element_type=\"column\">\n\t\t\t<div class=\"elementor-widget-wrap elementor-element-populated\">\n\t\t\t\t\t\t<div class=\"elementor-element elementor-element-e849c1c elementor-widget elementor-widget-text-editor\" data-id=\"e849c1c\" data-element_type=\"widget\" data-widget_type=\"text-editor.default\">\n\t\t\t\t\t\t\t\t\t<p>El pueblo <strong>Puerto viejo<\/strong> est\u00e1 localizado en la Costa atl\u00e1ntica, espec\u00edficamente en la <strong>provincia de Lim\u00f3n<\/strong>. Tiene uno de los paisajes m\u00e1s vistosos que puedes encontrar en <strong>Costa Rica<\/strong>. En cualquier parte del lugar, los turistas conseguir\u00e1n aguas cristalinas y azul turquesa, e incluso, olas para los amantes del surf. Restaurantes sencillos que te permitir\u00e1n relajar y disfrutar de una excelente comida caribe\u00f1a. Te recomendamos probar junto a una cerveza, el Pat\u00ed, y degustar igualmente el <em>\u201crice and beans\u201d<\/em> que le encanta a los lugare\u00f1os.<\/p>\t\t\t\t\t\t\t\t<\/div>\n\t\t\t\t\t<\/div>\n\t\t<\/div>\n\t\t\t\t\t<\/div>\n\t\t<\/section>\n\t\t\t\t<section class=\"elementor-section elementor-top-section elementor-element elementor-element-1888d89 elementor-section-boxed elementor-section-height-default elementor-section-height-default\" data-id=\"1888d89\" data-element_type=\"section\">\n\t\t\t\t\t\t<div class=\"elementor-container elementor-column-gap-default\">\n\t\t\t\t\t<div class=\"elementor-column elementor-col-100 elementor-top-column elementor-element elementor-element-6c4b3b5\" data-id=\"6c4b3b5\" data-element_type=\"column\">\n\t\t\t<div class=\"elementor-widget-wrap elementor-element-populated\">\n\t\t\t\t\t\t<div class=\"elementor-element elementor-element-5259784 elementor-widget elementor-widget-heading\" data-id=\"5259784\" data-element_type=\"widget\" data-widget_type=\"heading.default\">\n\t\t\t\t\t<h3 class=\"elementor-heading-title elementor-size-default\">Puerto viejo<\/h3>\t\t\t\t<\/div>\n\t\t\t\t\t<\/div>\n\t\t<\/div>\n\t\t\t\t\t<\/div>\n\t\t<\/section>\n\t\t\t\t<section class=\"elementor-section elementor-top-section elementor-element elementor-element-dca155a elementor-section-boxed elementor-section-height-default elementor-section-height-default\" data-id=\"dca155a\" data-element_type=\"section\">\n\t\t\t\t\t\t<div class=\"elementor-container elementor-column-gap-default\">\n\t\t\t\t\t<div class=\"elementor-column elementor-col-100 elementor-top-column elementor-element elementor-element-438cb91\" data-id=\"438cb91\" data-element_type=\"column\">\n\t\t\t<div class=\"elementor-widget-wrap elementor-element-populated\">\n\t\t\t\t\t\t<div class=\"elementor-element elementor-element-2b7f696 elementor-widget elementor-widget-text-editor\" data-id=\"2b7f696\" data-element_type=\"widget\" data-widget_type=\"text-editor.default\">\n\t\t\t\t\t\t\t\t\t<p>El pueblo <strong>Puerto viejo<\/strong> est\u00e1 localizado en la Costa atl\u00e1ntica, espec\u00edficamente en la <strong>provincia de Lim\u00f3n<\/strong>. Tiene uno de los paisajes m\u00e1s vistosos que puedes encontrar en <strong>Costa Rica<\/strong>. En cualquier parte del lugar, los turistas conseguir\u00e1n aguas cristalinas y azul turquesa, e incluso, olas para los amantes del surf. Restaurantes sencillos que te permitir\u00e1n relajar y disfrutar de una excelente comida caribe\u00f1a. Te recomendamos probar junto a una cerveza, el Pat\u00ed, y degustar igualmente el <em>\u201crice and beans\u201d<\/em> que le encanta a los lugare\u00f1os.<\/p>\t\t\t\t\t\t\t\t<\/div>\n\t\t\t\t\t<\/div>\n\t\t<\/div>\n\t\t\t\t\t<\/div>\n\t\t<\/section>\n\t\t\t\t<section class=\"elementor-section elementor-top-section elementor-element elementor-element-5dc3242 elementor-section-boxed elementor-section-height-default elementor-section-height-default\" data-id=\"5dc3242\" data-element_type=\"section\">\n\t\t\t\t\t\t<div class=\"elementor-container elementor-column-gap-default\">\n\t\t\t\t\t<div class=\"elementor-column elementor-col-100 elementor-top-column elementor-element elementor-element-60e04e5\" data-id=\"60e04e5\" data-element_type=\"column\">\n\t\t\t<div class=\"elementor-widget-wrap elementor-element-populated\">\n\t\t\t\t\t\t<div class=\"elementor-element elementor-element-cc6f21e elementor-widget elementor-widget-heading\" data-id=\"cc6f21e\" data-element_type=\"widget\" data-widget_type=\"heading.default\">\n\t\t\t\t\t<h3 class=\"elementor-heading-title elementor-size-default\">La costanera sur\n<\/h3>\t\t\t\t<\/div>\n\t\t\t\t\t<\/div>\n\t\t<\/div>\n\t\t\t\t\t<\/div>\n\t\t<\/section>\n\t\t\t\t<section class=\"elementor-section elementor-top-section elementor-element elementor-element-4fd2ea1 elementor-section-boxed elementor-section-height-default elementor-section-height-default\" data-id=\"4fd2ea1\" data-element_type=\"section\">\n\t\t\t\t\t\t<div class=\"elementor-container elementor-column-gap-default\">\n\t\t\t\t\t<div class=\"elementor-column elementor-col-100 elementor-top-column elementor-element elementor-element-f93a1f0\" data-id=\"f93a1f0\" data-element_type=\"column\">\n\t\t\t<div class=\"elementor-widget-wrap elementor-element-populated\">\n\t\t\t\t\t\t<div class=\"elementor-element elementor-element-c2b6b4e elementor-widget elementor-widget-text-editor\" data-id=\"c2b6b4e\" data-element_type=\"widget\" data-widget_type=\"text-editor.default\">\n\t\t\t\t\t\t\t\t\t<p>Aunque se pudiera decir que es una carretera m\u00e1s, la ruta que recorre la misma es espectacular. Esta ruta pasa por alguna de las playas m\u00e1s bellas que tiene\u00a0<strong>Costa Rica<\/strong>. Quienes transitan a trav\u00e9s de ella por turismo, empiezan su recorrido por San Jos\u00e9, encontr\u00e1ndose con el arenal de Jac\u00f3. Aunque este es muy popular, no es ni de lejos el m\u00e1s bonito del pa\u00eds.<\/p>\n<p>Despu\u00e9s de este, encontrar\u00e1s las playas de Quepos y las de Manuel Antonio. Si sigues tu camino tur\u00edstico por La costanera te conseguir\u00e1s con playas de dif\u00edcil acceso y que no tienen nombre. Estas playas cuentan con paisajes naturales que pocas personas podr\u00e1n visitar en otro lugar. Antes de llegar a Punta Uvita y unirte a la carretera interamericana cruzar\u00e1s el\u00a0<strong>Parque nacional Marino Ballena<\/strong>.<\/p>\t\t\t\t\t\t\t\t<\/div>\n\t\t\t\t\t<\/div>\n\t\t<\/div>\n\t\t\t\t\t<\/div>\n\t\t<\/section>\n\t\t\t\t<section class=\"elementor-section elementor-top-section elementor-element elementor-element-4bdbd6b elementor-section-boxed elementor-section-height-default elementor-section-height-default\" data-id=\"4bdbd6b\" data-element_type=\"section\">\n\t\t\t\t\t\t<div class=\"elementor-container elementor-column-gap-default\">\n\t\t\t\t\t<div class=\"elementor-column elementor-col-100 elementor-top-column elementor-element elementor-element-116175c\" data-id=\"116175c\" data-element_type=\"column\">\n\t\t\t<div class=\"elementor-widget-wrap elementor-element-populated\">\n\t\t\t\t\t\t<div class=\"elementor-element elementor-element-f633c35 elementor-widget elementor-widget-heading\" data-id=\"f633c35\" data-element_type=\"widget\" data-widget_type=\"heading.default\">\n\t\t\t\t\t<h3 class=\"elementor-heading-title elementor-size-default\">El volc\u00e1n Po\u00e1s\n<\/h3>\t\t\t\t<\/div>\n\t\t\t\t\t<\/div>\n\t\t<\/div>\n\t\t\t\t\t<\/div>\n\t\t<\/section>\n\t\t\t\t<section class=\"elementor-section elementor-top-section elementor-element elementor-element-3625aaf elementor-section-boxed elementor-section-height-default elementor-section-height-default\" data-id=\"3625aaf\" data-element_type=\"section\">\n\t\t\t\t\t\t<div class=\"elementor-container elementor-column-gap-default\">\n\t\t\t\t\t<div class=\"elementor-column elementor-col-100 elementor-top-column elementor-element elementor-element-f56f6fc\" data-id=\"f56f6fc\" data-element_type=\"column\">\n\t\t\t<div class=\"elementor-widget-wrap elementor-element-populated\">\n\t\t\t\t\t\t<div class=\"elementor-element elementor-element-d4ef6a2 elementor-widget elementor-widget-text-editor\" data-id=\"d4ef6a2\" data-element_type=\"widget\" data-widget_type=\"text-editor.default\">\n\t\t\t\t\t\t\t\t\t<p>El\u00a0<strong>volc\u00e1n Po\u00e1s<\/strong>\u00a0te regala una incre\u00edble vista de uno de los cr\u00e1teres m\u00e1s grandes del planeta. Esto hace que sea uno de los parques nacionales m\u00e1s visitado al momento de hacer turismo dentro de<strong>\u00a0Costa Rica<\/strong>. No te mentimos al decir que la naturaleza de este pa\u00eds es muy hermosa.<\/p>\n<p>Las erupciones que se dan en el cr\u00e1ter principal y lo bello de la Laguna Botos, har\u00e1n que tu viaje sea una experiencia irrepetible. No olvides visitar los cultivos de fresas que los lugare\u00f1os siembran camino al volc\u00e1n. El caminar y degustar esta fruta te ayudar\u00e1n a recuperar fuerzas y continuar felizmente el camino.<\/p>\t\t\t\t\t\t\t\t<\/div>\n\t\t\t\t\t<\/div>\n\t\t<\/div>\n\t\t\t\t\t<\/div>\n\t\t<\/section>\n\t\t\t\t<section class=\"elementor-section elementor-top-section elementor-element elementor-element-e79a169 elementor-section-boxed elementor-section-height-default elementor-section-height-default\" data-id=\"e79a169\" data-element_type=\"section\">\n\t\t\t\t\t\t<div class=\"elementor-container elementor-column-gap-default\">\n\t\t\t\t\t<div class=\"elementor-column elementor-col-100 elementor-top-column elementor-element elementor-element-3e04c94\" data-id=\"3e04c94\" data-element_type=\"column\">\n\t\t\t<div class=\"elementor-widget-wrap elementor-element-populated\">\n\t\t\t\t\t\t<div class=\"elementor-element elementor-element-1c7c158 elementor-widget elementor-widget-heading\" data-id=\"1c7c158\" data-element_type=\"widget\" data-widget_type=\"heading.default\">\n\t\t\t\t\t<h2 class=\"elementor-heading-title elementor-size-default\">\u00bfCu\u00e1l es la mejor \u00e9poca para visitar Costa Rica?\n<\/h2>\t\t\t\t<\/div>\n\t\t\t\t\t<\/div>\n\t\t<\/div>\n\t\t\t\t\t<\/div>\n\t\t<\/section>\n\t\t\t\t<section class=\"elementor-section elementor-top-section elementor-element elementor-element-f55ddba elementor-section-boxed elementor-section-height-default elementor-section-height-default\" data-id=\"f55ddba\" data-element_type=\"section\">\n\t\t\t\t\t\t<div class=\"elementor-container elementor-column-gap-default\">\n\t\t\t\t\t<div class=\"elementor-column elementor-col-100 elementor-top-column elementor-element elementor-element-74d3133\" data-id=\"74d3133\" data-element_type=\"column\">\n\t\t\t<div class=\"elementor-widget-wrap elementor-element-populated\">\n\t\t\t\t\t\t<div class=\"elementor-element elementor-element-9b07063 elementor-widget elementor-widget-text-editor\" data-id=\"9b07063\" data-element_type=\"widget\" data-widget_type=\"text-editor.default\">\n\t\t\t\t\t\t\t\t\t<p>Hay dos grandes estaciones en Costa Rica: la seca (que se produce a partir de diciembre a abril y marca la temporada alta de turismo) y la temporada de lluvias (mayo a noviembre, durante los cuales tienden a precipitar sobre el pa\u00eds tormentas tropicales).<\/p>\t\t\t\t\t\t\t\t<\/div>\n\t\t\t\t\t<\/div>\n\t\t<\/div>\n\t\t\t\t\t<\/div>\n\t\t<\/section>\n\t\t\t\t<section class=\"elementor-section elementor-top-section elementor-element elementor-element-c0cbec6 elementor-section-boxed elementor-section-height-default elementor-section-height-default\" data-id=\"c0cbec6\" data-element_type=\"section\">\n\t\t\t\t\t\t<div class=\"elementor-container elementor-column-gap-default\">\n\t\t\t\t\t<div class=\"elementor-column elementor-col-100 elementor-top-column elementor-element elementor-element-74c38a1\" data-id=\"74c38a1\" data-element_type=\"column\">\n\t\t\t<div class=\"elementor-widget-wrap elementor-element-populated\">\n\t\t\t\t\t\t<div class=\"elementor-element elementor-element-a06b4e2 elementor-widget elementor-widget-heading\" data-id=\"a06b4e2\" data-element_type=\"widget\" data-widget_type=\"heading.default\">\n\t\t\t\t\t<h2 class=\"elementor-heading-title elementor-size-default\">Turismo en Costa Rica: la fina l\u00ednea del ecoturismo \n<\/h2>\t\t\t\t<\/div>\n\t\t\t\t\t<\/div>\n\t\t<\/div>\n\t\t\t\t\t<\/div>\n\t\t<\/section>\n\t\t\t\t<section class=\"elementor-section elementor-top-section elementor-element elementor-element-8e8594d elementor-section-boxed elementor-section-height-default elementor-section-height-default\" data-id=\"8e8594d\" data-element_type=\"section\">\n\t\t\t\t\t\t<div class=\"elementor-container elementor-column-gap-default\">\n\t\t\t\t\t<div class=\"elementor-column elementor-col-100 elementor-top-column elementor-element elementor-element-c1849ce\" data-id=\"c1849ce\" data-element_type=\"column\">\n\t\t\t<div class=\"elementor-widget-wrap elementor-element-populated\">\n\t\t\t\t\t\t<div class=\"elementor-element elementor-element-f62da57 elementor-widget elementor-widget-text-editor\" data-id=\"f62da57\" data-element_type=\"widget\" data-widget_type=\"text-editor.default\">\n\t\t\t\t\t\t\t\t\t<p>Costa Rica es un pa\u00eds centro-americano, cuya capital es San Jos\u00e9 y que cuenta con una cultura muy diversa y c\u00e1lida al igual que su clima, a pesar de que se encuentre por encima de las l\u00edneas longitudinales del Ecuador, se asemeja mucho al estado clim\u00e1tico de los pa\u00edses que s\u00ed est\u00e1n dentro del meridiano.<\/p>\n<p>El\u00a0<strong>turismo en Costa Rica<\/strong>\u00a0es actualmente su principal fuente de ingreso, por el constante crecimiento de visitantes que han tenido desde el a\u00f1o 2000 en adelante, coloc\u00e1ndose por encima de su exportaci\u00f3n de banano y caf\u00e9, adem\u00e1s de ser el pa\u00eds con los \u00edndices m\u00e1s altos de turistas per c\u00e1pita de la Cuenca del Caribe.<\/p>\t\t\t\t\t\t\t\t<\/div>\n\t\t\t\t\t<\/div>\n\t\t<\/div>\n\t\t\t\t\t<\/div>\n\t\t<\/section>\n\t\t\t\t<section class=\"elementor-section elementor-top-section elementor-element elementor-element-862c402 elementor-section-boxed elementor-section-height-default elementor-section-height-default\" data-id=\"862c402\" data-element_type=\"section\">\n\t\t\t\t\t\t<div class=\"elementor-container elementor-column-gap-default\">\n\t\t\t\t\t<div class=\"elementor-column elementor-col-100 elementor-top-column elementor-element elementor-element-2c17819\" data-id=\"2c17819\" data-element_type=\"column\">\n\t\t\t<div class=\"elementor-widget-wrap elementor-element-populated\">\n\t\t\t\t\t\t<div class=\"elementor-element elementor-element-dab410e elementor-widget elementor-widget-heading\" data-id=\"dab410e\" data-element_type=\"widget\" data-widget_type=\"heading.default\">\n\t\t\t\t\t<h3 class=\"elementor-heading-title elementor-size-default\">Efecto del turismo dentro de Costa Rica\n<\/h3>\t\t\t\t<\/div>\n\t\t\t\t\t<\/div>\n\t\t<\/div>\n\t\t\t\t\t<\/div>\n\t\t<\/section>\n\t\t\t\t<section class=\"elementor-section elementor-top-section elementor-element elementor-element-802e0ae elementor-section-boxed elementor-section-height-default elementor-section-height-default\" data-id=\"802e0ae\" data-element_type=\"section\">\n\t\t\t\t\t\t<div class=\"elementor-container elementor-column-gap-default\">\n\t\t\t\t\t<div class=\"elementor-column elementor-col-100 elementor-top-column elementor-element elementor-element-3858cac\" data-id=\"3858cac\" data-element_type=\"column\">\n\t\t\t<div class=\"elementor-widget-wrap elementor-element-populated\">\n\t\t\t\t\t\t<div class=\"elementor-element elementor-element-2dead03 elementor-widget elementor-widget-text-editor\" data-id=\"2dead03\" data-element_type=\"widget\" data-widget_type=\"text-editor.default\">\n\t\t\t\t\t\t\t\t\t<p>Para los costarricenses, el turismo no solo se ha convertido en su principal fuente de ingresos econ\u00f3micos, tambi\u00e9n en una de sus fuentes laborales m\u00e1s importantes, seg\u00fan registros oficiales que registran la presencia de 130.000 personas originarias del pa\u00eds trabajando en este sector.<\/p>\n<p>La mayor\u00eda de las personas que visitan Costa Rica tienden a ser de Canad\u00e1, Estados Unidos y de Europa, seg\u00fan los registros de turismo de la naci\u00f3n, seguido de otros pa\u00edses latinoamericanos, por lo que los costarricenses han adoptado, muy amablemente, una actitud amigable ante las costumbres y cultura de esos pa\u00edses, sin dejar de lado los suyos.<\/p>\t\t\t\t\t\t\t\t<\/div>\n\t\t\t\t\t<\/div>\n\t\t<\/div>\n\t\t\t\t\t<\/div>\n\t\t<\/section>\n\t\t\t\t<section class=\"elementor-section elementor-top-section elementor-element elementor-element-39a5823 elementor-section-boxed elementor-section-height-default elementor-section-height-default\" data-id=\"39a5823\" data-element_type=\"section\">\n\t\t\t\t\t\t<div class=\"elementor-container elementor-column-gap-default\">\n\t\t\t\t\t<div class=\"elementor-column elementor-col-100 elementor-top-column elementor-element elementor-element-740220c\" data-id=\"740220c\" data-element_type=\"column\">\n\t\t\t<div class=\"elementor-widget-wrap elementor-element-populated\">\n\t\t\t\t\t\t<div class=\"elementor-element elementor-element-39c56ae elementor-widget elementor-widget-heading\" data-id=\"39c56ae\" data-element_type=\"widget\" data-widget_type=\"heading.default\">\n\t\t\t\t\t<h3 class=\"elementor-heading-title elementor-size-default\">Caracter\u00edsticas del turismo en Costa Rica\n<\/h3>\t\t\t\t<\/div>\n\t\t\t\t\t<\/div>\n\t\t<\/div>\n\t\t\t\t\t<\/div>\n\t\t<\/section>\n\t\t\t\t<section class=\"elementor-section elementor-top-section elementor-element elementor-element-4773dea elementor-section-boxed elementor-section-height-default elementor-section-height-default\" data-id=\"4773dea\" data-element_type=\"section\">\n\t\t\t\t\t\t<div class=\"elementor-container elementor-column-gap-default\">\n\t\t\t\t\t<div class=\"elementor-column elementor-col-100 elementor-top-column elementor-element elementor-element-fdacff2\" data-id=\"fdacff2\" data-element_type=\"column\">\n\t\t\t<div class=\"elementor-widget-wrap elementor-element-populated\">\n\t\t\t\t\t\t<div class=\"elementor-element elementor-element-54f8c45 elementor-widget elementor-widget-text-editor\" data-id=\"54f8c45\" data-element_type=\"widget\" data-widget_type=\"text-editor.default\">\n\t\t\t\t\t\t\t\t\t<p>Gracias a su ubicaci\u00f3n geogr\u00e1fica y a su clima, El pa\u00eds ofrece condiciones de sol, playa, selva, monta\u00f1a, aventura, ecoturismo, turismo rural comunitario, y presenta potencial en las \u00e1reas de deportes, bienestar y salud, moda y turismo de reuniones. Destacando el ecoturismo como el principal punto de atenci\u00f3n de los visitantes en los \u00faltimos a\u00f1os.<\/p>\n<p>Tambi\u00e9n destaca su respeto y afici\u00f3n por su cultura aut\u00f3ctona con la que realizan festivales y ambientes que son muy llamativos para cualquier visitante. Junto a eso, sus tradiciones, sus monumentos arquitect\u00f3nicos y su folklore le han valido ganar t\u00edtulos de patrimonio de la humanidad y patrimonio nacional.<\/p>\n<p>Finalmente, tanto su gastronom\u00eda como sus actividades deportivas tambi\u00e9n la hacen un destino de ecoturismo que puede tentar a cualquier persona que anhela hacer algo diferente y mantenerse en una buena condici\u00f3n f\u00edsica sin dejar de disfrutar de un ambiente completamente agradable.<\/p>\t\t\t\t\t\t\t\t<\/div>\n\t\t\t\t\t<\/div>\n\t\t<\/div>\n\t\t\t\t\t<\/div>\n\t\t<\/section>\n\t\t\t\t<section class=\"elementor-section elementor-top-section elementor-element elementor-element-76750f6 elementor-section-boxed elementor-section-height-default elementor-section-height-default\" data-id=\"76750f6\" data-element_type=\"section\">\n\t\t\t\t\t\t<div class=\"elementor-container elementor-column-gap-default\">\n\t\t\t\t\t<div class=\"elementor-column elementor-col-100 elementor-top-column elementor-element elementor-element-950551b\" data-id=\"950551b\" data-element_type=\"column\">\n\t\t\t<div class=\"elementor-widget-wrap elementor-element-populated\">\n\t\t\t\t\t\t<div class=\"elementor-element elementor-element-4c40055 elementor-widget elementor-widget-heading\" data-id=\"4c40055\" data-element_type=\"widget\" data-widget_type=\"heading.default\">\n\t\t\t\t\t<h2 class=\"elementor-heading-title elementor-size-default\">La mejor forma de viajar a Costa Rica <\/h2>\t\t\t\t<\/div>\n\t\t\t\t\t<\/div>\n\t\t<\/div>\n\t\t\t\t\t<\/div>\n\t\t<\/section>\n\t\t\t\t<section class=\"elementor-section elementor-top-section elementor-element elementor-element-6259337 elementor-section-boxed elementor-section-height-default elementor-section-height-default\" data-id=\"6259337\" data-element_type=\"section\">\n\t\t\t\t\t\t<div class=\"elementor-container elementor-column-gap-default\">\n\t\t\t\t\t<div class=\"elementor-column elementor-col-100 elementor-top-column elementor-element elementor-element-3d5baa7\" data-id=\"3d5baa7\" data-element_type=\"column\">\n\t\t\t<div class=\"elementor-widget-wrap elementor-element-populated\">\n\t\t\t\t\t\t<div class=\"elementor-element elementor-element-89228ba elementor-widget elementor-widget-text-editor\" data-id=\"89228ba\" data-element_type=\"widget\" data-widget_type=\"text-editor.default\">\n\t\t\t\t\t\t\t\t\t<p>Para llegar en Costa Rica por el aire es muy f\u00e1cil, el pa\u00eds se encuentra en el centro de Am\u00e9rica Central y est\u00e1 cubierto por la mayor\u00eda de las aerol\u00edneas del mundo.\u00a0Generalmente los vuelos internacionales se realizan a trav\u00e9s del Aeropuerto Internacional Juan Santamar\u00eda en San Jos\u00e9. \u00a0No te pierdas nuestras <a href=\"http:\/\/www.centraldevacaciones.com\/ofertas-viajes\/Ofertas-Centraldevacaciones-a-COSTA_RICA;48;0;0;0;0.html\">ofertas a Costa Rica<\/a><\/p>\t\t\t\t\t\t\t\t<\/div>\n\t\t\t\t\t<\/div>\n\t\t<\/div>\n\t\t\t\t\t<\/div>\n\t\t<\/section>\n\t\t\t\t<section class=\"elementor-section elementor-top-section elementor-element elementor-element-3d88fe4b elementor-section-boxed elementor-section-height-default elementor-section-height-default\" data-id=\"3d88fe4b\" data-element_type=\"section\">\n\t\t\t\t\t\t<div class=\"elementor-container elementor-column-gap-default\">\n\t\t\t\t\t<div class=\"elementor-column elementor-col-100 elementor-top-column elementor-element elementor-element-3875c5bb\" data-id=\"3875c5bb\" data-element_type=\"column\">\n\t\t\t<div class=\"elementor-widget-wrap elementor-element-populated\">\n\t\t\t\t\t\t<div class=\"elementor-element elementor-element-3c8ebb7d elementor-widget elementor-widget-text-editor\" data-id=\"3c8ebb7d\" data-element_type=\"widget\" data-widget_type=\"text-editor.default\">\n\t\t\t\t\t\t\t\t\t<p>\u00a0<\/p>\n<p><\/p>\n<hr class=\"wp-block-separator is-style-dots\" \/>\n<p><\/p>\n<p>En <a href=\"https:\/\/www.centraldevacaciones.com\/\">Central de Vacaciones<\/a> encontrar\u00e1s un gran n\u00famero de ofertas de Viajes alrededor del mundo. Descubre los destinos y paquetes con todo incluido mejor valorados por nuestros clientes, y reserva ahora tus vacaciones al mejor precio.<\/p>\n<p>Si te gustar\u00eda visitar un sitio de playa no te puedes perder:<\/p>\n<ul>\n<li><a href=\"https:\/\/www.centraldevacaciones.com\/viajes\/ofertas-a-mallorca.html\">Viajes a Mallorca<\/a><\/li>\n<li><a href=\"https:\/\/www.centraldevacaciones.com\/viajes\/ofertas-a-islas-canarias.html\">Ofertas a Islas Canarias<\/a><\/li>\n<li>\u00a0<a href=\"https:\/\/www.centraldevacaciones.com\/blog\/ofertas-algarve\/\">Viajes todo incluido al Algarve<\/a><\/li>\n<li>\u00a0<a href=\"https:\/\/www.centraldevacaciones.com\/viajes\/ofertas-a-fuerteventura.html\">Paquetes de viajes a Fuerteventura<\/a><\/li>\n<\/ul>\n<p>Prefieres ir m\u00e1s lejos? No te pierdas nuestras mejores <a href=\"https:\/\/www.centraldevacaciones.com\/viajes\/ofertas-a-el-caribe.html\">ofertas de viajes al Caribe<\/a>:<\/p>\n<ul>\n<li><a href=\"https:\/\/www.centraldevacaciones.com\/viajes\/ofertas-a-punta-cana.html\">Viajes a Punta Cana<\/a>\u00a0<\/li>\n<li><a href=\"https:\/\/www.centraldevacaciones.com\/ofertas-viajes\/ofertas-centraldevacaciones-a-cuba;50;0;0;0;0.html\">Paquetes de Viajes a Cuba<\/a><\/li>\n<li><a href=\"https:\/\/www.centraldevacaciones.com\/viajes\/ofertas-a-mexico-caribe.html\">Viajes a Riviera Maya<\/a>\u00a0<\/li>\n<li><a href=\"https:\/\/www.centraldevacaciones.com\/ofertas-viajes\/ofertas-centraldevacaciones-a-costa+rica;48;0;0;0;0.html\">Ofertas todo incluido a Costa Rica<\/a><\/li>\n<\/ul>\n<p>Y si quieres redescubrir Europa, te proponemos algunos de los destinos m\u00e1s destacados:<\/p>\n<ul>\n<li><a href=\"https:\/\/www.centraldevacaciones.com\/viajes\/disney.php\">Ofertas a Disneyland Par\u00eds<\/a><\/li>\n<li><a href=\"https:\/\/www.centraldevacaciones.com\/blog\/ofertas-hoteles-londres\/\">Viajes a Londres<\/a><\/li>\n<li><a href=\"https:\/\/www.centraldevacaciones.com\/viajes\/ofertas-a-grecia.html\">\u00a0Vacaciones en Grecia<\/a><\/li>\n<li><a href=\"https:\/\/www.centraldevacaciones.com\/blog\/hoteles-budapest\/\">Ofertas a Budapest<\/a><\/li>\n<\/ul>\n<p><\/p>\n<hr class=\"wp-block-separator is-style-dots\" \/>\n<p><\/p>\t\t\t\t\t\t\t\t<\/div>\n\t\t\t\t\t<\/div>\n\t\t<\/div>\n\t\t\t\t\t<\/div>\n\t\t<\/section>\n\t\t\t\t<\/div>\n\t\t","protected":false},"excerpt":{"rendered":"<p>Costa Rica se considera uno de los mejores destinos para el ecoturismo en Am\u00e9rica Central, con excelentes infraestructuras y una gran biodiversidad. El pa\u00eds ocupa un \u00e1rea estrecha de Centroam\u00e9rica, y se encuentra ba\u00f1ado por los oc\u00e9anos Pac\u00edfico y Atl\u00e1ntico. Costa Rica hace frontera con Panam\u00e1 y Nicaragua, tiene un territorio de s\u00f3lo 51,100 kil\u00f3metros [&hellip;]<\/p>\n","protected":false},"author":1,"featured_media":3987,"comment_status":"closed","ping_status":"open","sticky":false,"template":"elementor_theme","format":"standard","meta":{"_acf_changed":false,"footnotes":""},"categories":[204,297,203,199],"tags":[54],"class_list":["post-2820","post","type-post","status-publish","format-standard","has-post-thumbnail","hentry","category-ideas-viajes-verano","category-caribe","category-ideas-viajes-de-novios","category-rutas-por-sudamerica","tag-costa-rica"],"acf":[],"_links":{"self":[{"href":"https:\/\/www.centraldevacaciones.com\/blog\/wp-json\/wp\/v2\/posts\/2820","targetHints":{"allow":["GET"]}}],"collection":[{"href":"https:\/\/www.centraldevacaciones.com\/blog\/wp-json\/wp\/v2\/posts"}],"about":[{"href":"https:\/\/www.centraldevacaciones.com\/blog\/wp-json\/wp\/v2\/types\/post"}],"author":[{"embeddable":true,"href":"https:\/\/www.centraldevacaciones.com\/blog\/wp-json\/wp\/v2\/users\/1"}],"replies":[{"embeddable":true,"href":"https:\/\/www.centraldevacaciones.com\/blog\/wp-json\/wp\/v2\/comments?post=2820"}],"version-history":[{"count":0,"href":"https:\/\/www.centraldevacaciones.com\/blog\/wp-json\/wp\/v2\/posts\/2820\/revisions"}],"wp:featuredmedia":[{"embeddable":true,"href":"https:\/\/www.centraldevacaciones.com\/blog\/wp-json\/wp\/v2\/media\/3987"}],"wp:attachment":[{"href":"https:\/\/www.centraldevacaciones.com\/blog\/wp-json\/wp\/v2\/media?parent=2820"}],"wp:term":[{"taxonomy":"category","embeddable":true,"href":"https:\/\/www.centraldevacaciones.com\/blog\/wp-json\/wp\/v2\/categories?post=2820"},{"taxonomy":"post_tag","embeddable":true,"href":"https:\/\/www.centraldevacaciones.com\/blog\/wp-json\/wp\/v2\/tags?post=2820"}],"curies":[{"name":"wp","href":"https:\/\/api.w.org\/{rel}","templated":true}]}}