{"id":2713,"date":"2017-11-12T17:41:47","date_gmt":"2017-11-12T16:41:47","guid":{"rendered":"http:\/\/blog.centraldevacaciones.com\/?p=2713"},"modified":"2022-01-24T10:06:01","modified_gmt":"2022-01-24T09:06:01","slug":"turismo-en-cuba","status":"publish","type":"post","link":"https:\/\/www.centraldevacaciones.com\/blog\/turismo-en-cuba\/","title":{"rendered":"Turismo en Cuba"},"content":{"rendered":"\t\t<div data-elementor-type=\"wp-post\" data-elementor-id=\"2713\" class=\"elementor elementor-2713\" data-elementor-post-type=\"post\">\n\t\t\t\t\t\t<section class=\"elementor-section elementor-top-section elementor-element elementor-element-7b35821 elementor-section-boxed elementor-section-height-default elementor-section-height-default\" data-id=\"7b35821\" data-element_type=\"section\">\n\t\t\t\t\t\t<div class=\"elementor-container elementor-column-gap-default\">\n\t\t\t\t\t<div class=\"elementor-column elementor-col-100 elementor-top-column elementor-element elementor-element-0b225f2\" data-id=\"0b225f2\" data-element_type=\"column\">\n\t\t\t<div class=\"elementor-widget-wrap elementor-element-populated\">\n\t\t\t\t\t\t<div class=\"elementor-element elementor-element-6f33103 elementor-widget elementor-widget-text-editor\" data-id=\"6f33103\" data-element_type=\"widget\" data-widget_type=\"text-editor.default\">\n\t\t\t\t\t\t\t\t\t<p><b>En Central de Vacaciones queremos mostrarte la aut\u00e9ntica Cuba<\/b><span style=\"font-weight: 400;\">, la cual es una mezcla entre historia, m\u00fasica, pasi\u00f3n, poes\u00eda, aventura, contando con una interminable riqueza cultural. En su momento Crist\u00f3bal Col\u00f3n la describi\u00f3 como \u201cla tierra m\u00e1s hermosa que los ojos humanos hayan visto\u201d, siendo las palabras de Col\u00f3n un resumen de lo que usted puede descubrir al visitarla.<\/span><\/p><p><span style=\"font-weight: 400;\">En este art\u00edculo vamos a contarte<\/span><b> qu\u00e9 ver para hacer turismo en Cuba <\/b><span style=\"font-weight: 400;\">para que puedas aprovechar al m\u00e1ximo tu viaje. \u00a1No te lo pierdas!\u00a0<\/span><\/p>\t\t\t\t\t\t\t\t<\/div>\n\t\t\t\t\t<\/div>\n\t\t<\/div>\n\t\t\t\t\t<\/div>\n\t\t<\/section>\n\t\t\t\t<section class=\"elementor-section elementor-top-section elementor-element elementor-element-8350641 elementor-section-boxed elementor-section-height-default elementor-section-height-default\" data-id=\"8350641\" data-element_type=\"section\">\n\t\t\t\t\t\t<div class=\"elementor-container elementor-column-gap-default\">\n\t\t\t\t\t<div class=\"elementor-column elementor-col-100 elementor-top-column elementor-element elementor-element-28e6504\" data-id=\"28e6504\" data-element_type=\"column\">\n\t\t\t<div class=\"elementor-widget-wrap elementor-element-populated\">\n\t\t\t\t\t\t<div class=\"elementor-element elementor-element-3ee6592 elementor-widget elementor-widget-video\" data-id=\"3ee6592\" data-element_type=\"widget\" data-settings=\"{&quot;youtube_url&quot;:&quot;https:\\\/\\\/youtu.be\\\/NEjmqcYhMdc&quot;,&quot;video_type&quot;:&quot;youtube&quot;,&quot;controls&quot;:&quot;yes&quot;}\" data-widget_type=\"video.default\">\n\t\t\t\t\t\t\t<div class=\"elementor-wrapper elementor-open-inline\">\n\t\t\t<div class=\"elementor-video\"><\/div>\t\t<\/div>\n\t\t\t\t\t\t<\/div>\n\t\t\t\t\t<\/div>\n\t\t<\/div>\n\t\t\t\t\t<\/div>\n\t\t<\/section>\n\t\t\t\t<section class=\"elementor-section elementor-top-section elementor-element elementor-element-e8561d1 elementor-section-boxed elementor-section-height-default elementor-section-height-default\" data-id=\"e8561d1\" data-element_type=\"section\">\n\t\t\t\t\t\t<div class=\"elementor-container elementor-column-gap-default\">\n\t\t\t\t\t<div class=\"elementor-column elementor-col-100 elementor-top-column elementor-element elementor-element-479bf38\" data-id=\"479bf38\" data-element_type=\"column\">\n\t\t\t<div class=\"elementor-widget-wrap elementor-element-populated\">\n\t\t\t\t\t\t<div class=\"elementor-element elementor-element-770281b elementor-widget elementor-widget-heading\" data-id=\"770281b\" data-element_type=\"widget\" data-widget_type=\"heading.default\">\n\t\t\t\t\t<h2 class=\"elementor-heading-title elementor-size-default\">Todo lo que ver en Cuba <\/h2>\t\t\t\t<\/div>\n\t\t\t\t\t<\/div>\n\t\t<\/div>\n\t\t\t\t\t<\/div>\n\t\t<\/section>\n\t\t\t\t<section class=\"elementor-section elementor-top-section elementor-element elementor-element-c1f727e elementor-section-boxed elementor-section-height-default elementor-section-height-default\" data-id=\"c1f727e\" data-element_type=\"section\">\n\t\t\t\t\t\t<div class=\"elementor-container elementor-column-gap-default\">\n\t\t\t\t\t<div class=\"elementor-column elementor-col-100 elementor-top-column elementor-element elementor-element-d203eac\" data-id=\"d203eac\" data-element_type=\"column\">\n\t\t\t<div class=\"elementor-widget-wrap elementor-element-populated\">\n\t\t\t\t\t\t<div class=\"elementor-element elementor-element-5e375a9 elementor-widget elementor-widget-text-editor\" data-id=\"5e375a9\" data-element_type=\"widget\" data-widget_type=\"text-editor.default\">\n\t\t\t\t\t\t\t\t\t<p><span style=\"font-weight: 400;\">Para que sepas qu\u00e9 ver en Cuba, aqu\u00ed vamos a hacer un repaso de los s<\/span><b>itios m\u00e1s emblem\u00e1ticos <\/b><span style=\"font-weight: 400;\">de este precioso pa\u00eds. <\/span><\/p>\t\t\t\t\t\t\t\t<\/div>\n\t\t\t\t\t<\/div>\n\t\t<\/div>\n\t\t\t\t\t<\/div>\n\t\t<\/section>\n\t\t\t\t<section class=\"elementor-section elementor-top-section elementor-element elementor-element-2ec3434 elementor-section-boxed elementor-section-height-default elementor-section-height-default\" data-id=\"2ec3434\" data-element_type=\"section\">\n\t\t\t\t\t\t<div class=\"elementor-container elementor-column-gap-default\">\n\t\t\t\t\t<div class=\"elementor-column elementor-col-100 elementor-top-column elementor-element elementor-element-d857095\" data-id=\"d857095\" data-element_type=\"column\">\n\t\t\t<div class=\"elementor-widget-wrap elementor-element-populated\">\n\t\t\t\t\t\t<div class=\"elementor-element elementor-element-3125978 elementor-widget elementor-widget-heading\" data-id=\"3125978\" data-element_type=\"widget\" data-widget_type=\"heading.default\">\n\t\t\t\t\t<h3 class=\"elementor-heading-title elementor-size-default\">Plaza de la Catedral de La Habana \n<\/h3>\t\t\t\t<\/div>\n\t\t\t\t\t<\/div>\n\t\t<\/div>\n\t\t\t\t\t<\/div>\n\t\t<\/section>\n\t\t\t\t<section class=\"elementor-section elementor-top-section elementor-element elementor-element-cb854c4 elementor-section-boxed elementor-section-height-default elementor-section-height-default\" data-id=\"cb854c4\" data-element_type=\"section\">\n\t\t\t\t\t\t<div class=\"elementor-container elementor-column-gap-default\">\n\t\t\t\t\t<div class=\"elementor-column elementor-col-100 elementor-top-column elementor-element elementor-element-09b925e\" data-id=\"09b925e\" data-element_type=\"column\">\n\t\t\t<div class=\"elementor-widget-wrap elementor-element-populated\">\n\t\t\t\t\t\t<div class=\"elementor-element elementor-element-8532268 elementor-widget elementor-widget-text-editor\" data-id=\"8532268\" data-element_type=\"widget\" data-widget_type=\"text-editor.default\">\n\t\t\t\t\t\t\t\t\t<p><span style=\"font-weight: 400;\">Localizada en La Habana, <\/span><b>es la plaza m\u00e1s nueva de las plazas principales <\/b><span style=\"font-weight: 400;\">coloniales que le dieron vida a la ciudad. El proyecto es del a\u00f1o 1700, siendo uno de los museos del barroco cubano, porque los edificios que la rodean son del siglo XVIII.\u00a0<\/span><\/p><p><b>En el oeste de la plaza est\u00e1 el palacio de los marqueses de Aguas Claras<\/b><span style=\"font-weight: 400;\">, con un estilo barroco, de finales de 1760 con un patio sombr\u00edo andaluz. El museo de arte colonial est\u00e1 en la edificaci\u00f3n m\u00e1s antigua de La Habana Vieja, frente a la Catedral. Catedral de San Crist\u00f3bal.\u00a0<\/span><\/p><p><span style=\"font-weight: 400;\">En la plaza podr\u00e1 ver que sobresale por sus dos torres desiguales con una fachada barroca, dando hogar a 8 capillas lateras. <\/span><b>Se comenz\u00f3 a construir en 1748. <\/b><span style=\"font-weight: 400;\">Se ha dedicado a la Virgen de Loreto, que se encuentra en el altar mayor. Los restos de Crist\u00f3bal Colon descansaron en su nave central hasta 1898, cuando fueron trasladados a Sevilla.\u00a0<\/span><\/p>\t\t\t\t\t\t\t\t<\/div>\n\t\t\t\t\t<\/div>\n\t\t<\/div>\n\t\t\t\t\t<\/div>\n\t\t<\/section>\n\t\t\t\t<section class=\"elementor-section elementor-top-section elementor-element elementor-element-7c2f537 elementor-section-boxed elementor-section-height-default elementor-section-height-default\" data-id=\"7c2f537\" data-element_type=\"section\">\n\t\t\t\t\t\t<div class=\"elementor-container elementor-column-gap-default\">\n\t\t\t\t\t<div class=\"elementor-column elementor-col-100 elementor-top-column elementor-element elementor-element-04c19c7\" data-id=\"04c19c7\" data-element_type=\"column\">\n\t\t\t<div class=\"elementor-widget-wrap elementor-element-populated\">\n\t\t\t\t\t\t<div class=\"elementor-element elementor-element-8a3a5be elementor-widget elementor-widget-heading\" data-id=\"8a3a5be\" data-element_type=\"widget\" data-widget_type=\"heading.default\">\n\t\t\t\t\t<h3 class=\"elementor-heading-title elementor-size-default\">Holgu\u00edn: la tierra m\u00e1s hermosa<\/h3>\t\t\t\t<\/div>\n\t\t\t\t\t<\/div>\n\t\t<\/div>\n\t\t\t\t\t<\/div>\n\t\t<\/section>\n\t\t\t\t<section class=\"elementor-section elementor-top-section elementor-element elementor-element-4d79308 elementor-section-boxed elementor-section-height-default elementor-section-height-default\" data-id=\"4d79308\" data-element_type=\"section\">\n\t\t\t\t\t\t<div class=\"elementor-container elementor-column-gap-default\">\n\t\t\t\t\t<div class=\"elementor-column elementor-col-100 elementor-top-column elementor-element elementor-element-7071efb\" data-id=\"7071efb\" data-element_type=\"column\">\n\t\t\t<div class=\"elementor-widget-wrap elementor-element-populated\">\n\t\t\t\t\t\t<div class=\"elementor-element elementor-element-c74867f elementor-widget elementor-widget-video\" data-id=\"c74867f\" data-element_type=\"widget\" data-settings=\"{&quot;youtube_url&quot;:&quot;https:\\\/\\\/youtu.be\\\/73be4J1YmMQ&quot;,&quot;video_type&quot;:&quot;youtube&quot;,&quot;controls&quot;:&quot;yes&quot;}\" data-widget_type=\"video.default\">\n\t\t\t\t\t\t\t<div class=\"elementor-wrapper elementor-open-inline\">\n\t\t\t<div class=\"elementor-video\"><\/div>\t\t<\/div>\n\t\t\t\t\t\t<\/div>\n\t\t\t\t\t<\/div>\n\t\t<\/div>\n\t\t\t\t\t<\/div>\n\t\t<\/section>\n\t\t\t\t<section class=\"elementor-section elementor-top-section elementor-element elementor-element-3f4d830 elementor-section-boxed elementor-section-height-default elementor-section-height-default\" data-id=\"3f4d830\" data-element_type=\"section\">\n\t\t\t\t\t\t<div class=\"elementor-container elementor-column-gap-default\">\n\t\t\t\t\t<div class=\"elementor-column elementor-col-100 elementor-top-column elementor-element elementor-element-9c61032\" data-id=\"9c61032\" data-element_type=\"column\">\n\t\t\t<div class=\"elementor-widget-wrap elementor-element-populated\">\n\t\t\t\t\t\t<div class=\"elementor-element elementor-element-d9db54f elementor-widget elementor-widget-text-editor\" data-id=\"d9db54f\" data-element_type=\"widget\" data-widget_type=\"text-editor.default\">\n\t\t\t\t\t\t\t\t\t<p><span style=\"font-weight: 400;\">Son las costas de este lugar que dieron nacimiento a las palabras de Col\u00f3n que hemos mencionado anteriormente. Las <\/span><b>playas hermosas<\/b><span style=\"font-weight: 400;\"> hacen de este lugar al norte de cuba, que sea el tercer lugar m\u00e1s visitado. Podr\u00e1s tener una excelente experiencia de buceo gracias a los arrecifes intactos que se encuentra, y la <\/span><b>abundante vida marina, <\/b><span style=\"font-weight: 400;\">sea con tanques de ox\u00edgeno o con snorkel.<\/span><\/p><p><span style=\"font-weight: 400;\">Tierra adentro, en las colinas y las escarpadas monta\u00f1as ver\u00e1s un paisaje que extiende una invitaci\u00f3n tentadora de explorarlas. Adem\u00e1s de las maravillas naturales con que cuenta, las <\/span><b>aventuras urbanas<\/b><span style=\"font-weight: 400;\"> tambi\u00e9n le esperan. Holgu\u00edn, la ciudad que es capital de la provincia, tiene un museo fascinante en un cuartel colonial, galer\u00edas y monumentos en distintas plazas p\u00fablicas.\u00a0<\/span><br \/><b>En Bir\u00e1n podr\u00e1 visitar la finca en que crecieron Fidel y Ra\u00fal Castro,<\/b><span style=\"font-weight: 400;\"> como tambi\u00e9n admirar la \u00fanica estatua de oro que se conoce, la que fue hecha por amor de Cuba. El poblado de Gibara es un puerto que es el principal de la costa noreste de Cuba, siendo este lugar una porci\u00f3n en Cuba del Mediterr\u00e1neo.<\/span><\/p>\t\t\t\t\t\t\t\t<\/div>\n\t\t\t\t\t<\/div>\n\t\t<\/div>\n\t\t\t\t\t<\/div>\n\t\t<\/section>\n\t\t\t\t<section class=\"elementor-section elementor-top-section elementor-element elementor-element-9599d40 elementor-section-boxed elementor-section-height-default elementor-section-height-default\" data-id=\"9599d40\" data-element_type=\"section\">\n\t\t\t\t\t\t<div class=\"elementor-container elementor-column-gap-default\">\n\t\t\t\t\t<div class=\"elementor-column elementor-col-100 elementor-top-column elementor-element elementor-element-f4d62d6\" data-id=\"f4d62d6\" data-element_type=\"column\">\n\t\t\t<div class=\"elementor-widget-wrap elementor-element-populated\">\n\t\t\t\t\t\t<div class=\"elementor-element elementor-element-fa914b3 elementor-widget elementor-widget-heading\" data-id=\"fa914b3\" data-element_type=\"widget\" data-widget_type=\"heading.default\">\n\t\t\t\t\t<h3 class=\"elementor-heading-title elementor-size-default\">Santiago de Cuba: Con esp\u00edritu caribe\u00f1o\n<\/h3>\t\t\t\t<\/div>\n\t\t\t\t\t<\/div>\n\t\t<\/div>\n\t\t\t\t\t<\/div>\n\t\t<\/section>\n\t\t\t\t<section class=\"elementor-section elementor-top-section elementor-element elementor-element-935f069 elementor-section-boxed elementor-section-height-default elementor-section-height-default\" data-id=\"935f069\" data-element_type=\"section\">\n\t\t\t\t\t\t<div class=\"elementor-container elementor-column-gap-default\">\n\t\t\t\t\t<div class=\"elementor-column elementor-col-100 elementor-top-column elementor-element elementor-element-2f8eed2\" data-id=\"2f8eed2\" data-element_type=\"column\">\n\t\t\t<div class=\"elementor-widget-wrap elementor-element-populated\">\n\t\t\t\t\t\t<div class=\"elementor-element elementor-element-ae66422 elementor-widget elementor-widget-text-editor\" data-id=\"ae66422\" data-element_type=\"widget\" data-widget_type=\"text-editor.default\">\n\t\t\t\t\t\t\t\t\t<p><span style=\"font-weight: 400;\">Se trata de la<\/span><b> segunda ciudad m\u00e1s grande de la isla,<\/b><span style=\"font-weight: 400;\"> que se enorgullece de sus h\u00e9roes, con bellas plazas y una gran tradici\u00f3n musical. Tiene proximidad a Jamaica y otras islas le han dado un car\u00e1cter caribe\u00f1o en el arte y arquitectura al lugar, adem\u00e1s de notarse en su m\u00fasica y en las celebraciones.\u00a0<\/span><\/p><p><span style=\"font-weight: 400;\">La ciudad ha tenido muchas influencias arquitect\u00f3nicas desde el Castillo de Morro, a las casas coloniales en el Centro Hist\u00f3rico y la Bas\u00edlica de Nuestra Se\u00f1ora de la Caridad del Cobre, siendo este el lugar de peregrinaje m\u00e1s sagrado en Cuba.\u00a0<\/span><\/p><p><b>En Santiago est\u00e1 la Reserva de la Biosfera Baconao<\/b><span style=\"font-weight: 400;\">, que fue reconocida por la Unesco con sus plantaciones de caf\u00e9; mientras las cumbres de la Sierra Maestra se muestran al oeste. Bajo el agua los amantes del buceo se ver\u00e1n atra\u00eddos por los restos de naufragios que descansan en el fondo marino.\u00a0<\/span><\/p><p><span style=\"font-weight: 400;\">Esta es una de las <\/span><b>m\u00e1s grandes ciudades de Cuba,<\/b><span style=\"font-weight: 400;\"> y una de las m\u00e1s importantes ya que se considera uno de los sitios tur\u00edsticos m\u00e1s importantes de este pa\u00eds, esta ciudad tiene una gran variedad de lugares de importancia hist\u00f3rica como tambi\u00e9n tur\u00edsticas en las cuales se pueden disfrutar de las casas de la \u00e9poca de la colonia como tambi\u00e9n cafetales espa\u00f1oles que se encuentran casi completamente destruidos por su vigencia hist\u00f3rica y cultural,\u00a0<\/span><\/p><p><span style=\"font-weight: 400;\">Santiago de Cuba est\u00e1 construida en una de las <\/span><b>zonas m\u00e1s alta y rocosas de Cuba<\/b><span style=\"font-weight: 400;\"> y tambi\u00e9n es capital de la regi\u00f3n que posee este mismo nombre de la ciudad, tiene una gran variedad de museos y construcciones antiguas a lo largo y ancho de esta ciudad, tiene una gran importancia en lo cultural y una de las razones es su historia en lo musical a lo largo de la historia como tambi\u00e9n en lo hist\u00f3rico, ya que en las cercan\u00edas de Santiago de Cuba est\u00e1 Jamaica y otros pa\u00edses isle\u00f1os lo cual resalta su vida en toda la zona del mar Caribe.\u00a0<\/span><\/p><p><b>Es una zona muy alegre y llena de festividades d<\/b><span style=\"font-weight: 400;\">urante todo el a\u00f1o, lo m\u00e1s resaltante es el carnaval en donde se puede disfrutar de su m\u00fasica como tambi\u00e9n de su cultura y de sus bailes t\u00edpicos de Santiago de Cuba, tambi\u00e9n esta las festividades del fuego como la feria del Caribe que se celebra en esta ciudad, aparte de todo esto lo hace m\u00e1s un atractivo tur\u00edstico las construcciones de arquitectos de la antig\u00fcedad como lo es el majestuoso castillo negro que est\u00e1 valorado como <\/span><b>patrimonio cultural de la humanidad por la UNESCO<\/b><span style=\"font-weight: 400;\">, como tambi\u00e9n respecto a su religi\u00f3n est\u00e1 la catedral de Nuestra Se\u00f1ora de la Caridad del Cobre que es la bas\u00edlica m\u00e1s visitada por ser una de las m\u00e1s sagradas para los habitantes de Santiago de Cuba.\u00a0<\/span><\/p>\t\t\t\t\t\t\t\t<\/div>\n\t\t\t\t\t<\/div>\n\t\t<\/div>\n\t\t\t\t\t<\/div>\n\t\t<\/section>\n\t\t\t\t<section class=\"elementor-section elementor-top-section elementor-element elementor-element-37bb18e elementor-section-boxed elementor-section-height-default elementor-section-height-default\" data-id=\"37bb18e\" data-element_type=\"section\">\n\t\t\t\t\t\t<div class=\"elementor-container elementor-column-gap-default\">\n\t\t\t\t\t<div class=\"elementor-column elementor-col-100 elementor-top-column elementor-element elementor-element-dad3240\" data-id=\"dad3240\" data-element_type=\"column\">\n\t\t\t<div class=\"elementor-widget-wrap elementor-element-populated\">\n\t\t\t\t\t\t<div class=\"elementor-element elementor-element-9bf7dee elementor-widget elementor-widget-heading\" data-id=\"9bf7dee\" data-element_type=\"widget\" data-widget_type=\"heading.default\">\n\t\t\t\t\t<h3 class=\"elementor-heading-title elementor-size-default\">Trinidad. La ciudad Museo\n<\/h3>\t\t\t\t<\/div>\n\t\t\t\t\t<\/div>\n\t\t<\/div>\n\t\t\t\t\t<\/div>\n\t\t<\/section>\n\t\t\t\t<section class=\"elementor-section elementor-top-section elementor-element elementor-element-5fb7563 elementor-section-boxed elementor-section-height-default elementor-section-height-default\" data-id=\"5fb7563\" data-element_type=\"section\">\n\t\t\t\t\t\t<div class=\"elementor-container elementor-column-gap-default\">\n\t\t\t\t\t<div class=\"elementor-column elementor-col-100 elementor-top-column elementor-element elementor-element-57d9612\" data-id=\"57d9612\" data-element_type=\"column\">\n\t\t\t<div class=\"elementor-widget-wrap elementor-element-populated\">\n\t\t\t\t\t\t<div class=\"elementor-element elementor-element-49bb568 elementor-widget elementor-widget-text-editor\" data-id=\"49bb568\" data-element_type=\"widget\" data-widget_type=\"text-editor.default\">\n\t\t\t\t\t\t\t\t\t<p><span style=\"font-weight: 400;\">Es una <\/span><b>ciudad meticulosamente cuidada,<\/b><span style=\"font-weight: 400;\"> que ofrece la venta al pasado, con varios palacios y plazas coloniales, con vestigios de ingenios o trapiches de ca\u00f1a de az\u00facar y barracas de esclavos de \u00e9pocas pasadas. Esta es una de las mayores razones por las que es un imprescindible para hacer turismo en Cuba.\u00a0<\/span><\/p><p><span style=\"font-weight: 400;\">En el lugar puede admirar la <\/span><b>arquitectura colonial espa\u00f1ola,<\/b><span style=\"font-weight: 400;\"> con hermosas calles empedradas de la ciudad, que resultan ideales para paseos a pie. Trinidad fue fundada en 1514 y declarada patrimonio de la humanidad por la UNESCO en 1988. La ubicaci\u00f3n de Trinidad es id\u00f3nea, entre hermosas monta\u00f1as y la radiante l\u00ednea costera, le ofrece abundancia de atractivos.\u00a0<\/span><\/p><p><span style=\"font-weight: 400;\">Podr\u00e1 escalar las monta\u00f1as en Sierra del Escambray, d\u00e1ndose un chapuz\u00f3 en la playa de Anc\u00f3n o puede pescar r\u00f3balos en el cercano embalse Zaza.\u00a0\u00a0<\/span><\/p>\t\t\t\t\t\t\t\t<\/div>\n\t\t\t\t\t<\/div>\n\t\t<\/div>\n\t\t\t\t\t<\/div>\n\t\t<\/section>\n\t\t\t\t<section class=\"elementor-section elementor-top-section elementor-element elementor-element-50b9038 elementor-section-boxed elementor-section-height-default elementor-section-height-default\" data-id=\"50b9038\" data-element_type=\"section\">\n\t\t\t\t\t\t<div class=\"elementor-container elementor-column-gap-default\">\n\t\t\t\t\t<div class=\"elementor-column elementor-col-100 elementor-top-column elementor-element elementor-element-65306f9\" data-id=\"65306f9\" data-element_type=\"column\">\n\t\t\t<div class=\"elementor-widget-wrap elementor-element-populated\">\n\t\t\t\t\t\t<div class=\"elementor-element elementor-element-a04e952 elementor-widget elementor-widget-heading\" data-id=\"a04e952\" data-element_type=\"widget\" data-widget_type=\"heading.default\">\n\t\t\t\t\t<h3 class=\"elementor-heading-title elementor-size-default\">Cienfuegos: encantadora herencia francesa en Cuba<\/h3>\t\t\t\t<\/div>\n\t\t\t\t\t<\/div>\n\t\t<\/div>\n\t\t\t\t\t<\/div>\n\t\t<\/section>\n\t\t\t\t<section class=\"elementor-section elementor-top-section elementor-element elementor-element-ad95c0d elementor-section-boxed elementor-section-height-default elementor-section-height-default\" data-id=\"ad95c0d\" data-element_type=\"section\">\n\t\t\t\t\t\t<div class=\"elementor-container elementor-column-gap-default\">\n\t\t\t\t\t<div class=\"elementor-column elementor-col-100 elementor-top-column elementor-element elementor-element-5aec9ca\" data-id=\"5aec9ca\" data-element_type=\"column\">\n\t\t\t<div class=\"elementor-widget-wrap elementor-element-populated\">\n\t\t\t\t\t\t<div class=\"elementor-element elementor-element-7e0b991 elementor-widget elementor-widget-video\" data-id=\"7e0b991\" data-element_type=\"widget\" data-settings=\"{&quot;youtube_url&quot;:&quot;https:\\\/\\\/youtu.be\\\/Mx9CInZlPHk&quot;,&quot;video_type&quot;:&quot;youtube&quot;,&quot;controls&quot;:&quot;yes&quot;}\" data-widget_type=\"video.default\">\n\t\t\t\t\t\t\t<div class=\"elementor-wrapper elementor-open-inline\">\n\t\t\t<div class=\"elementor-video\"><\/div>\t\t<\/div>\n\t\t\t\t\t\t<\/div>\n\t\t\t\t\t<\/div>\n\t\t<\/div>\n\t\t\t\t\t<\/div>\n\t\t<\/section>\n\t\t\t\t<section class=\"elementor-section elementor-top-section elementor-element elementor-element-da176a3 elementor-section-boxed elementor-section-height-default elementor-section-height-default\" data-id=\"da176a3\" data-element_type=\"section\">\n\t\t\t\t\t\t<div class=\"elementor-container elementor-column-gap-default\">\n\t\t\t\t\t<div class=\"elementor-column elementor-col-100 elementor-top-column elementor-element elementor-element-c7307d7\" data-id=\"c7307d7\" data-element_type=\"column\">\n\t\t\t<div class=\"elementor-widget-wrap elementor-element-populated\">\n\t\t\t\t\t\t<div class=\"elementor-element elementor-element-4633e2b elementor-widget elementor-widget-text-editor\" data-id=\"4633e2b\" data-element_type=\"widget\" data-widget_type=\"text-editor.default\">\n\t\t\t\t\t\t\t\t\t<p><span style=\"font-weight: 400;\">Cienfuegos es otro de los lugares que ver en Cuba. Es una ciudad muy encantadora al <\/span><b>frente del mar.<\/b><span style=\"font-weight: 400;\"> Cuenta con un pintoresco entorno n\u00e1utico que la hizo acreedora del apodo la perla del sur, el cual por a\u00f1os ha perdurado.<\/span><\/p><p><span style=\"font-weight: 400;\">Los aficionados al buceo se acercan <\/span><b>atra\u00eddo por los arrecifes que rodean a la costa,<\/b><span style=\"font-weight: 400;\"> donde la formaci\u00f3n de columnas de coral que se conocen como Notre Dame, forman un laberinto submarino para explorar. Las aguas calmas que tiene la regi\u00f3n son ideales para navegar en velero, bote como as\u00ed tambi\u00e9n en kayak. Cienfuegos tiene una cultura particular debido a su abolengo como enclave franc\u00e9s.\u00a0<\/span><\/p><p><span style=\"font-weight: 400;\">La ciudad tiene <\/span><b>edificios con una arquitectura \u00fanica <\/b><span style=\"font-weight: 400;\">que fue declarado patrimonio de la humanidad por la UNESCO en el 2005. No se quede sin visitar el Centro Cultural, una casa donde se realizan actividades extra escolares de danza y m\u00fasica de los estudiantes locales. Gracias a la aproximaci\u00f3n entre Estados Unidos y Cuba durante el gobierno del ahora ex presidente Obama, el destino caribe\u00f1o est\u00e1 volviendo a caer en las gracias del turismo mundial.\u00a0<\/span><\/p><p><span style=\"font-weight: 400;\">Un ejemplo claro son las <\/span><b>grandes compa\u00f1\u00edas de cruceros, <\/b><span style=\"font-weight: 400;\">que cada vez hacen m\u00e1s rutas con paradas en Cuba. Adem\u00e1s de la Habana, una ciudad que atrae a muchos turistas extranjeros es la encantadora ciudad de Cienfuegos, ubicada a orillas de una bah\u00eda a 230 km de la capital cubana, en el sur del pa\u00eds. Despu\u00e9s de que la regi\u00f3n fuera establecida por los espa\u00f1oles, la ciudad de Cienfuegos fue fundada en el siglo XIX por inmigrantes franceses.\u00a0<\/span><\/p><p><span style=\"font-weight: 400;\">El resultado fue la construcci\u00f3n de una serie de hermosos<\/span><b> edificios coloniales y neocl\u00e1sicos de influencia francesa<\/b><span style=\"font-weight: 400;\"> en el centro, por lo que esa zona de la ciudad recibi\u00f3 el t\u00edtulo de Patrimonio Mundial de la Humanidad por la UNESCO. La mayor parte de este tesoro arquitect\u00f3nico puede ser visto en torno a la Plaza Jos\u00e9 Mart\u00ed. Bien conservada, la plaza re\u00fane monumentos y construcciones como el edificio de la alcald\u00eda, la Catedral de la Pur\u00edsima Concepci\u00f3n y el Teatro Terry. Tambi\u00e9n puedes ver el hermoso Palacio Ferrer.\u00a0<\/span><\/p><p><b>Tambi\u00e9n encontrar\u00e1s algunos museos<\/b><span style=\"font-weight: 400;\">, adem\u00e1s de hoteles, restaurantes y cafeter\u00edas, donde podr\u00e1s apreciar mejor la cultura local y disfrutar de algunas bebidas y platos t\u00edpicos. M\u00e1s al sur, la zona de Punta Gorda es una especie de pen\u00ednsula que se extiende por la bah\u00eda, y que se ha transformado con el paso de los a\u00f1os en una de las zonas m\u00e1s tur\u00edsticas de la ciudad.\u00a0<\/span><\/p><p><span style=\"font-weight: 400;\">Es donde se encuentran la mayor cantidad de hoteles y palacetes construidos por los adinerados que viv\u00edan all\u00ed en la d\u00e9cada de 1920, como el<\/span><b> Palacio de Valle. <\/b><span style=\"font-weight: 400;\">Incluso construidas m\u00e1s tarde, estas residencias siguieron algunos patrones arquitect\u00f3nicos para combinar con lo que ya exist\u00eda en el centro de la ciudad de Cienfuegos. El puerto de la ciudad tuvo un importante papel en el comercio de la ca\u00f1a de az\u00facar, tabaco y caf\u00e9, y, hoy, es un punto de parada de los buques de crucero, y de la mayor\u00eda de los turistas del Caribe que llegan a Cuba.<\/span><\/p>\t\t\t\t\t\t\t\t<\/div>\n\t\t\t\t\t<\/div>\n\t\t<\/div>\n\t\t\t\t\t<\/div>\n\t\t<\/section>\n\t\t\t\t<section class=\"elementor-section elementor-top-section elementor-element elementor-element-85d7700 elementor-section-boxed elementor-section-height-default elementor-section-height-default\" data-id=\"85d7700\" data-element_type=\"section\">\n\t\t\t\t\t\t<div class=\"elementor-container elementor-column-gap-default\">\n\t\t\t\t\t<div class=\"elementor-column elementor-col-100 elementor-top-column elementor-element elementor-element-e60cd24\" data-id=\"e60cd24\" data-element_type=\"column\">\n\t\t\t<div class=\"elementor-widget-wrap elementor-element-populated\">\n\t\t\t\t\t\t<div class=\"elementor-element elementor-element-7335222 elementor-widget elementor-widget-heading\" data-id=\"7335222\" data-element_type=\"widget\" data-widget_type=\"heading.default\">\n\t\t\t\t\t<h2 class=\"elementor-heading-title elementor-size-default\">Los mejores lugares tur\u00edsticos de Cuba<\/h2>\t\t\t\t<\/div>\n\t\t\t\t\t<\/div>\n\t\t<\/div>\n\t\t\t\t\t<\/div>\n\t\t<\/section>\n\t\t\t\t<section class=\"elementor-section elementor-top-section elementor-element elementor-element-c9d074b elementor-section-boxed elementor-section-height-default elementor-section-height-default\" data-id=\"c9d074b\" data-element_type=\"section\">\n\t\t\t\t\t\t<div class=\"elementor-container elementor-column-gap-default\">\n\t\t\t\t\t<div class=\"elementor-column elementor-col-100 elementor-top-column elementor-element elementor-element-f0f64c9\" data-id=\"f0f64c9\" data-element_type=\"column\">\n\t\t\t<div class=\"elementor-widget-wrap elementor-element-populated\">\n\t\t\t\t\t\t<div class=\"elementor-element elementor-element-65da84b elementor-widget elementor-widget-text-editor\" data-id=\"65da84b\" data-element_type=\"widget\" data-widget_type=\"text-editor.default\">\n\t\t\t\t\t\t\t\t\t<p><span style=\"font-weight: 400;\">La isla de Cuba presenta a los turistas una <\/span><b>oferta de historia y cultura muy rica. <\/b><span style=\"font-weight: 400;\">Ciudades con mucha herencia de la \u00e9poca colonial tales como Cienfuegos, La Habana y Trinidad poseen centros hist\u00f3ricos impresionantes. Donde pareciera que el tiempo no ha transcurrido desde hace mucho, teniendo a\u00fan construcciones centenarias, callejuelas angostas y plazoletas.<\/span><\/p>\t\t\t\t\t\t\t\t<\/div>\n\t\t\t\t\t<\/div>\n\t\t<\/div>\n\t\t\t\t\t<\/div>\n\t\t<\/section>\n\t\t\t\t<section class=\"elementor-section elementor-top-section elementor-element elementor-element-ae3dc5a elementor-section-boxed elementor-section-height-default elementor-section-height-default\" data-id=\"ae3dc5a\" data-element_type=\"section\">\n\t\t\t\t\t\t<div class=\"elementor-container elementor-column-gap-default\">\n\t\t\t\t\t<div class=\"elementor-column elementor-col-100 elementor-top-column elementor-element elementor-element-2ebaa01\" data-id=\"2ebaa01\" data-element_type=\"column\">\n\t\t\t<div class=\"elementor-widget-wrap elementor-element-populated\">\n\t\t\t\t\t\t<div class=\"elementor-element elementor-element-a977525 elementor-widget elementor-widget-heading\" data-id=\"a977525\" data-element_type=\"widget\" data-widget_type=\"heading.default\">\n\t\t\t\t\t<h3 class=\"elementor-heading-title elementor-size-default\">Varadero<\/h3>\t\t\t\t<\/div>\n\t\t\t\t\t<\/div>\n\t\t<\/div>\n\t\t\t\t\t<\/div>\n\t\t<\/section>\n\t\t\t\t<section class=\"elementor-section elementor-top-section elementor-element elementor-element-2e2aa75 elementor-section-boxed elementor-section-height-default elementor-section-height-default\" data-id=\"2e2aa75\" data-element_type=\"section\">\n\t\t\t\t\t\t<div class=\"elementor-container elementor-column-gap-default\">\n\t\t\t\t\t<div class=\"elementor-column elementor-col-100 elementor-top-column elementor-element elementor-element-b6e0ea6\" data-id=\"b6e0ea6\" data-element_type=\"column\">\n\t\t\t<div class=\"elementor-widget-wrap elementor-element-populated\">\n\t\t\t\t\t\t<div class=\"elementor-element elementor-element-8a19082 elementor-widget elementor-widget-text-editor\" data-id=\"8a19082\" data-element_type=\"widget\" data-widget_type=\"text-editor.default\">\n\t\t\t\t\t\t\t\t\t<p><b>Varadero <\/b><span style=\"font-weight: 400;\">es conocida por los amantes del turismo en Latinoam\u00e9rica como una de las <\/span><b>mejores playas de Cuba y del Caribe.<\/b><span style=\"font-weight: 400;\"> Tiene una extensi\u00f3n de 20 km de arena blanca y aguas color turquesa. Bajo la cual se esconde un para\u00edso acu\u00e1tico de vegetaci\u00f3n. Es una maravillosa playa, no solo para los cubanos, tambi\u00e9n es una de las preferidas por muchos turistas en el Caribe.<\/span><\/p><p><br \/><span style=\"font-weight: 400;\">Decidirse sobre cu\u00e1l playa de Varadero es la mejor, es una tarea complicada. M\u00e1s de 50 hoteles poseen playas hermosas privadas, pero, sin embargo, si quieres algo excepcional es Playa Coral. La cual est\u00e1 ubicada cerca de Matanzas y tiene una barrera de coral que simplemente con nadar puede ser alcanzada. <\/span><b>Esta tiene una profundidad de 20 metros <\/b><span style=\"font-weight: 400;\">aproximados, y posee m\u00e1s de 30 especies coralinas. Tambi\u00e9n posee una incre\u00edble fauna marina con ex\u00f3ticos moluscos y peces multicolores.<\/span><\/p>\t\t\t\t\t\t\t\t<\/div>\n\t\t\t\t\t<\/div>\n\t\t<\/div>\n\t\t\t\t\t<\/div>\n\t\t<\/section>\n\t\t\t\t<section class=\"elementor-section elementor-top-section elementor-element elementor-element-6bba8ea elementor-section-boxed elementor-section-height-default elementor-section-height-default\" data-id=\"6bba8ea\" data-element_type=\"section\">\n\t\t\t\t\t\t<div class=\"elementor-container elementor-column-gap-default\">\n\t\t\t\t\t<div class=\"elementor-column elementor-col-100 elementor-top-column elementor-element elementor-element-d83b8c7\" data-id=\"d83b8c7\" data-element_type=\"column\">\n\t\t\t<div class=\"elementor-widget-wrap elementor-element-populated\">\n\t\t\t\t\t\t<div class=\"elementor-element elementor-element-c107e8e elementor-widget elementor-widget-heading\" data-id=\"c107e8e\" data-element_type=\"widget\" data-widget_type=\"heading.default\">\n\t\t\t\t\t<h3 class=\"elementor-heading-title elementor-size-default\">Cayo Guillermo<\/h3>\t\t\t\t<\/div>\n\t\t\t\t\t<\/div>\n\t\t<\/div>\n\t\t\t\t\t<\/div>\n\t\t<\/section>\n\t\t\t\t<section class=\"elementor-section elementor-top-section elementor-element elementor-element-7cc8d2c elementor-section-boxed elementor-section-height-default elementor-section-height-default\" data-id=\"7cc8d2c\" data-element_type=\"section\">\n\t\t\t\t\t\t<div class=\"elementor-container elementor-column-gap-default\">\n\t\t\t\t\t<div class=\"elementor-column elementor-col-100 elementor-top-column elementor-element elementor-element-a816c22\" data-id=\"a816c22\" data-element_type=\"column\">\n\t\t\t<div class=\"elementor-widget-wrap elementor-element-populated\">\n\t\t\t\t\t\t<div class=\"elementor-element elementor-element-0fb457b elementor-widget elementor-widget-text-editor\" data-id=\"0fb457b\" data-element_type=\"widget\" data-widget_type=\"text-editor.default\">\n\t\t\t\t\t\t\t\t\t<p><span style=\"font-weight: 400;\">Es una parte del <\/span><b>paradis\u00edaco grupo de cayos <\/b><span style=\"font-weight: 400;\">que son conocidos como Sabana \u2013 Camag\u00fcey o como Jardines del Rey. Tiene id\u00edlicos paisajes de vegetaci\u00f3n tropical, llenas de aves y arrecifes coralinos ex\u00f3ticos. Sus aguas son de color turquesa y playas de arena blanca.<\/span><\/p><p><span style=\"font-weight: 400;\">Quienes van por turismo recomiendan como la playa m\u00e1s hermosa,<\/span><b> Playa Pilar. <\/b><span style=\"font-weight: 400;\">Est\u00e1 casi virgen y protegida por una gran duna de arena. Tiene aguas agradablemente c\u00e1lidas y apacibles, que con solo mirarlas te dejan apreciar los card\u00famenes de peces de diferentes colores. Tambi\u00e9n, en su fondo marino, ver\u00e1s estrellas de mar y una impresionante cantidad de corales.<\/span><\/p>\t\t\t\t\t\t\t\t<\/div>\n\t\t\t\t\t<\/div>\n\t\t<\/div>\n\t\t\t\t\t<\/div>\n\t\t<\/section>\n\t\t\t\t<section class=\"elementor-section elementor-top-section elementor-element elementor-element-c9fb220 elementor-section-boxed elementor-section-height-default elementor-section-height-default\" data-id=\"c9fb220\" data-element_type=\"section\">\n\t\t\t\t\t\t<div class=\"elementor-container elementor-column-gap-default\">\n\t\t\t\t\t<div class=\"elementor-column elementor-col-100 elementor-top-column elementor-element elementor-element-556ce74\" data-id=\"556ce74\" data-element_type=\"column\">\n\t\t\t<div class=\"elementor-widget-wrap elementor-element-populated\">\n\t\t\t\t\t\t<div class=\"elementor-element elementor-element-7fadfdc elementor-widget elementor-widget-heading\" data-id=\"7fadfdc\" data-element_type=\"widget\" data-widget_type=\"heading.default\">\n\t\t\t\t\t<h3 class=\"elementor-heading-title elementor-size-default\">La Habana<\/h3>\t\t\t\t<\/div>\n\t\t\t\t\t<\/div>\n\t\t<\/div>\n\t\t\t\t\t<\/div>\n\t\t<\/section>\n\t\t\t\t<section class=\"elementor-section elementor-top-section elementor-element elementor-element-6558b49 elementor-section-boxed elementor-section-height-default elementor-section-height-default\" data-id=\"6558b49\" data-element_type=\"section\">\n\t\t\t\t\t\t<div class=\"elementor-container elementor-column-gap-default\">\n\t\t\t\t\t<div class=\"elementor-column elementor-col-100 elementor-top-column elementor-element elementor-element-c13851b\" data-id=\"c13851b\" data-element_type=\"column\">\n\t\t\t<div class=\"elementor-widget-wrap elementor-element-populated\">\n\t\t\t\t\t\t<div class=\"elementor-element elementor-element-4b6c19d elementor-widget elementor-widget-text-editor\" data-id=\"4b6c19d\" data-element_type=\"widget\" data-widget_type=\"text-editor.default\">\n\t\t\t\t\t\t\t\t\t<p><b>Esta ciudad es una de la m\u00e1s visitada por los miles de turistas<\/b><span style=\"font-weight: 400;\"> que atrae Cuba anualmente. Posee como atractivo un centro hist\u00f3rico impresionante que fue declarado por la UNESCO como Patrimonio de la Humanidad. Lleno de edificios de estilo colonial se posiciona como uno de los cascos antiguos mejor preservado que tiene Latinoam\u00e9rica. Es la capital del pa\u00eds, y es su centro econ\u00f3mico \u2013 cultural y de igual manera su principal punto tur\u00edstico.<\/span><\/p>\t\t\t\t\t\t\t\t<\/div>\n\t\t\t\t\t<\/div>\n\t\t<\/div>\n\t\t\t\t\t<\/div>\n\t\t<\/section>\n\t\t\t\t<section class=\"elementor-section elementor-top-section elementor-element elementor-element-2907e14 elementor-section-boxed elementor-section-height-default elementor-section-height-default\" data-id=\"2907e14\" data-element_type=\"section\">\n\t\t\t\t\t\t<div class=\"elementor-container elementor-column-gap-default\">\n\t\t\t\t\t<div class=\"elementor-column elementor-col-100 elementor-top-column elementor-element elementor-element-3657dea\" data-id=\"3657dea\" data-element_type=\"column\">\n\t\t\t<div class=\"elementor-widget-wrap elementor-element-populated\">\n\t\t\t\t\t\t<div class=\"elementor-element elementor-element-3677625 elementor-widget elementor-widget-heading\" data-id=\"3677625\" data-element_type=\"widget\" data-widget_type=\"heading.default\">\n\t\t\t\t\t<h2 class=\"elementor-heading-title elementor-size-default\">\u00bfCu\u00e1ndo viajar a Cuba? <\/h2>\t\t\t\t<\/div>\n\t\t\t\t\t<\/div>\n\t\t<\/div>\n\t\t\t\t\t<\/div>\n\t\t<\/section>\n\t\t\t\t<section class=\"elementor-section elementor-top-section elementor-element elementor-element-23656c4 elementor-section-boxed elementor-section-height-default elementor-section-height-default\" data-id=\"23656c4\" data-element_type=\"section\">\n\t\t\t\t\t\t<div class=\"elementor-container elementor-column-gap-default\">\n\t\t\t\t\t<div class=\"elementor-column elementor-col-100 elementor-top-column elementor-element elementor-element-64060ee\" data-id=\"64060ee\" data-element_type=\"column\">\n\t\t\t<div class=\"elementor-widget-wrap elementor-element-populated\">\n\t\t\t\t\t\t<div class=\"elementor-element elementor-element-c432d90 elementor-widget elementor-widget-text-editor\" data-id=\"c432d90\" data-element_type=\"widget\" data-widget_type=\"text-editor.default\">\n\t\t\t\t\t\t\t\t\t<p><span style=\"font-weight: 400;\">Ahora que ya sabes qu\u00e9 ver en Cuba, es importante que sepas cu\u00e1ndo es mejor viajar. De clima perfecto, con aguas cristalinas, con paisajes espectaculares; fauna y flora ex\u00f3tica y vida nocturna. Esta es Cuba, venga y descubra.\u00a0<\/span><\/p><ul><li style=\"font-weight: 400;\" aria-level=\"1\"><span style=\"font-weight: 400;\">En los meses de verano es decir<\/span><b> junio, julio y agosto<\/b><span style=\"font-weight: 400;\">, los d\u00edas son los m\u00e1s calurosos de entre 25 y 35 grados, donde habr\u00e1 breves<\/span><b> episodios de lluvia,<\/b><span style=\"font-weight: 400;\"> las cuales son temporales y rara vez son durante todo el d\u00eda.\u00a0<\/span><\/li><li style=\"font-weight: 400;\" aria-level=\"1\"><span style=\"font-weight: 400;\">En las <\/span><b>estaciones intermedias hay un clima suave y agradable<\/b><span style=\"font-weight: 400;\">, donde no hay extremos en las temperaturas, y resulta la mejor \u00e9poca para conocer la isla.\u00a0<\/span><\/li><li style=\"font-weight: 400;\" aria-level=\"1\"><b>En la estaci\u00f3n seca, de diciembre a marzo,<\/b><span style=\"font-weight: 400;\"> la temperatura es un poco menor, donde m\u00e1s viento hay y a la noche puede refrescar.<\/span><\/li><\/ul>\t\t\t\t\t\t\t\t<\/div>\n\t\t\t\t\t<\/div>\n\t\t<\/div>\n\t\t\t\t\t<\/div>\n\t\t<\/section>\n\t\t\t\t<section class=\"elementor-section elementor-top-section elementor-element elementor-element-64341eff elementor-section-boxed elementor-section-height-default elementor-section-height-default\" data-id=\"64341eff\" data-element_type=\"section\">\n\t\t\t\t\t\t<div class=\"elementor-container elementor-column-gap-default\">\n\t\t\t\t\t<div class=\"elementor-column elementor-col-20 elementor-top-column elementor-element elementor-element-38bda023\" data-id=\"38bda023\" data-element_type=\"column\">\n\t\t\t<div class=\"elementor-widget-wrap elementor-element-populated\">\n\t\t\t\t\t\t<div class=\"elementor-element elementor-element-7c97facb elementor-widget elementor-widget-image\" data-id=\"7c97facb\" data-element_type=\"widget\" data-widget_type=\"image.default\">\n\t\t\t\t\t\t\t\t\t\t\t\t\t\t\t<img decoding=\"async\" width=\"128\" height=\"128\" src=\"https:\/\/www.centraldevacaciones.com\/blog\/wp-content\/uploads\/2021\/03\/hamaca.png\" class=\"attachment-large size-large wp-image-12659\" alt=\"\" \/>\t\t\t\t\t\t\t\t\t\t\t\t\t\t\t<\/div>\n\t\t\t\t<div class=\"elementor-element elementor-element-59e30c95 elementor-widget elementor-widget-heading\" data-id=\"59e30c95\" data-element_type=\"widget\" data-widget_type=\"heading.default\">\n\t\t\t\t\t<h3 class=\"elementor-heading-title elementor-size-default\"><a href=\"https:\/\/www.centraldevacaciones.com\/viajes\/ofertas-a-el-caribe.html\">Ofertas de viaje al Caribe<\/a><\/h3>\t\t\t\t<\/div>\n\t\t\t\t\t<\/div>\n\t\t<\/div>\n\t\t\t\t<div class=\"elementor-column elementor-col-20 elementor-top-column elementor-element elementor-element-1f6f48ef\" data-id=\"1f6f48ef\" data-element_type=\"column\">\n\t\t\t<div class=\"elementor-widget-wrap elementor-element-populated\">\n\t\t\t\t\t\t<div class=\"elementor-element elementor-element-1d05c934 elementor-widget elementor-widget-image\" data-id=\"1d05c934\" data-element_type=\"widget\" data-widget_type=\"image.default\">\n\t\t\t\t\t\t\t\t\t\t\t\t\t\t\t<img decoding=\"async\" width=\"128\" height=\"128\" src=\"https:\/\/www.centraldevacaciones.com\/blog\/wp-content\/uploads\/2021\/03\/palmera.png\" class=\"attachment-large size-large wp-image-12660\" alt=\"\" \/>\t\t\t\t\t\t\t\t\t\t\t\t\t\t\t<\/div>\n\t\t\t\t<div class=\"elementor-element elementor-element-1c8d65ec elementor-widget elementor-widget-heading\" data-id=\"1c8d65ec\" data-element_type=\"widget\" data-widget_type=\"heading.default\">\n\t\t\t\t\t<h3 class=\"elementor-heading-title elementor-size-default\"><a href=\"https:\/\/www.centraldevacaciones.com\/viajes\/ofertas-a-punta-cana.html\">Viajes a Punta Cana<\/a><\/h3>\t\t\t\t<\/div>\n\t\t\t\t\t<\/div>\n\t\t<\/div>\n\t\t\t\t<div class=\"elementor-column elementor-col-20 elementor-top-column elementor-element elementor-element-45ab82a9\" data-id=\"45ab82a9\" data-element_type=\"column\">\n\t\t\t<div class=\"elementor-widget-wrap elementor-element-populated\">\n\t\t\t\t\t\t<div class=\"elementor-element elementor-element-7d3ab54a elementor-widget elementor-widget-image\" data-id=\"7d3ab54a\" data-element_type=\"widget\" data-widget_type=\"image.default\">\n\t\t\t\t\t\t\t\t\t\t\t\t\t\t\t<img decoding=\"async\" width=\"128\" height=\"128\" src=\"https:\/\/www.centraldevacaciones.com\/blog\/wp-content\/uploads\/2021\/05\/dom.png\" class=\"attachment-large size-large wp-image-12635\" alt=\"\" \/>\t\t\t\t\t\t\t\t\t\t\t\t\t\t\t<\/div>\n\t\t\t\t<div class=\"elementor-element elementor-element-531a4cec elementor-widget elementor-widget-heading\" data-id=\"531a4cec\" data-element_type=\"widget\" data-widget_type=\"heading.default\">\n\t\t\t\t\t<h3 class=\"elementor-heading-title elementor-size-default\"><a href=\"https:\/\/www.centraldevacaciones.com\/viajes\/ofertas-a-varadero.html\">Viajes a Varadero<\/a><\/h3>\t\t\t\t<\/div>\n\t\t\t\t\t<\/div>\n\t\t<\/div>\n\t\t\t\t<div class=\"elementor-column elementor-col-20 elementor-top-column elementor-element elementor-element-71da95ca\" data-id=\"71da95ca\" data-element_type=\"column\">\n\t\t\t<div class=\"elementor-widget-wrap elementor-element-populated\">\n\t\t\t\t\t\t<div class=\"elementor-element elementor-element-21b5473e elementor-widget elementor-widget-image\" data-id=\"21b5473e\" data-element_type=\"widget\" data-widget_type=\"image.default\">\n\t\t\t\t\t\t\t\t\t\t\t\t\t\t\t<img loading=\"lazy\" decoding=\"async\" width=\"128\" height=\"128\" src=\"https:\/\/www.centraldevacaciones.com\/blog\/wp-content\/uploads\/2021\/05\/avion-1.png\" class=\"attachment-large size-large wp-image-12639\" alt=\"\" \/>\t\t\t\t\t\t\t\t\t\t\t\t\t\t\t<\/div>\n\t\t\t\t<div class=\"elementor-element elementor-element-305d4dfe elementor-widget elementor-widget-heading\" data-id=\"305d4dfe\" data-element_type=\"widget\" data-widget_type=\"heading.default\">\n\t\t\t\t\t<h3 class=\"elementor-heading-title elementor-size-default\"><a href=\"https:\/\/www.centraldevacaciones.com\/bahiaprincipe\/\">Ofertas de Bahia Principe<\/a><\/h3>\t\t\t\t<\/div>\n\t\t\t\t\t<\/div>\n\t\t<\/div>\n\t\t\t\t<div class=\"elementor-column elementor-col-20 elementor-top-column elementor-element elementor-element-6cd8154f\" data-id=\"6cd8154f\" data-element_type=\"column\">\n\t\t\t<div class=\"elementor-widget-wrap elementor-element-populated\">\n\t\t\t\t\t\t<div class=\"elementor-element elementor-element-1e8997b9 elementor-widget elementor-widget-image\" data-id=\"1e8997b9\" data-element_type=\"widget\" data-widget_type=\"image.default\">\n\t\t\t\t\t\t\t\t\t\t\t\t\t\t\t<img loading=\"lazy\" decoding=\"async\" width=\"128\" height=\"128\" src=\"https:\/\/www.centraldevacaciones.com\/blog\/wp-content\/uploads\/2021\/03\/verano.png\" class=\"attachment-large size-large wp-image-12661\" alt=\"\" \/>\t\t\t\t\t\t\t\t\t\t\t\t\t\t\t<\/div>\n\t\t\t\t<div class=\"elementor-element elementor-element-331c4145 elementor-widget elementor-widget-heading\" data-id=\"331c4145\" data-element_type=\"widget\" data-widget_type=\"heading.default\">\n\t\t\t\t\t<h3 class=\"elementor-heading-title elementor-size-default\"><a href=\"https:\/\/www.centraldevacaciones.com\/blog\/ofertas-vacaciones-caribe\/\">Destinos del Caribe<\/a><\/h3>\t\t\t\t<\/div>\n\t\t\t\t\t<\/div>\n\t\t<\/div>\n\t\t\t\t\t<\/div>\n\t\t<\/section>\n\t\t\t\t<section class=\"elementor-section elementor-top-section elementor-element elementor-element-f8c2b5f elementor-section-boxed elementor-section-height-default elementor-section-height-default\" data-id=\"f8c2b5f\" data-element_type=\"section\">\n\t\t\t\t\t\t<div class=\"elementor-container elementor-column-gap-default\">\n\t\t\t\t\t<div class=\"elementor-column elementor-col-100 elementor-top-column elementor-element elementor-element-7ad61a9\" data-id=\"7ad61a9\" data-element_type=\"column\">\n\t\t\t<div class=\"elementor-widget-wrap elementor-element-populated\">\n\t\t\t\t\t\t<div class=\"elementor-element elementor-element-a574a24 elementor-widget elementor-widget-text-editor\" data-id=\"a574a24\" data-element_type=\"widget\" data-widget_type=\"text-editor.default\">\n\t\t\t\t\t\t\t\t\t<p><span style=\"font-weight: 400;\">\u00bfTe imaginas este verano en un clima c\u00e1lido y unas espectaculares playas paradis\u00edacas? \u00a1Las playas del Caribe son para ti! Reserva ahora tu viaje al Caribe con Central de Vacaciones. Nuestras ofertas incluyen los extras m\u00e1s premium que mejor se adaptan a ti y empieza a hacer la cuenta atr\u00e1s para vivir una experiencia de verano inolvidable con quien m\u00e1s quieres.<\/span><\/p>\t\t\t\t\t\t\t\t<\/div>\n\t\t\t\t\t<\/div>\n\t\t<\/div>\n\t\t\t\t\t<\/div>\n\t\t<\/section>\n\t\t\t\t<\/div>\n\t\t","protected":false},"excerpt":{"rendered":"<p>En Central de Vacaciones queremos mostrarte la aut\u00e9ntica Cuba, la cual es una mezcla entre historia, m\u00fasica, pasi\u00f3n, poes\u00eda, aventura, contando con una interminable riqueza cultural. En su momento Crist\u00f3bal Col\u00f3n la describi\u00f3 como \u201cla tierra m\u00e1s hermosa que los ojos humanos hayan visto\u201d, siendo las palabras de Col\u00f3n un resumen de lo que usted [&hellip;]<\/p>\n","protected":false},"author":1,"featured_media":3968,"comment_status":"closed","ping_status":"open","sticky":false,"template":"elementor_theme","format":"standard","meta":{"_acf_changed":false,"footnotes":""},"categories":[297,3,203,204],"tags":[],"class_list":["post-2713","post","type-post","status-publish","format-standard","has-post-thumbnail","hentry","category-caribe","category-cuba","category-ideas-viajes-de-novios","category-ideas-viajes-verano"],"acf":[],"_links":{"self":[{"href":"https:\/\/www.centraldevacaciones.com\/blog\/wp-json\/wp\/v2\/posts\/2713","targetHints":{"allow":["GET"]}}],"collection":[{"href":"https:\/\/www.centraldevacaciones.com\/blog\/wp-json\/wp\/v2\/posts"}],"about":[{"href":"https:\/\/www.centraldevacaciones.com\/blog\/wp-json\/wp\/v2\/types\/post"}],"author":[{"embeddable":true,"href":"https:\/\/www.centraldevacaciones.com\/blog\/wp-json\/wp\/v2\/users\/1"}],"replies":[{"embeddable":true,"href":"https:\/\/www.centraldevacaciones.com\/blog\/wp-json\/wp\/v2\/comments?post=2713"}],"version-history":[{"count":0,"href":"https:\/\/www.centraldevacaciones.com\/blog\/wp-json\/wp\/v2\/posts\/2713\/revisions"}],"wp:featuredmedia":[{"embeddable":true,"href":"https:\/\/www.centraldevacaciones.com\/blog\/wp-json\/wp\/v2\/media\/3968"}],"wp:attachment":[{"href":"https:\/\/www.centraldevacaciones.com\/blog\/wp-json\/wp\/v2\/media?parent=2713"}],"wp:term":[{"taxonomy":"category","embeddable":true,"href":"https:\/\/www.centraldevacaciones.com\/blog\/wp-json\/wp\/v2\/categories?post=2713"},{"taxonomy":"post_tag","embeddable":true,"href":"https:\/\/www.centraldevacaciones.com\/blog\/wp-json\/wp\/v2\/tags?post=2713"}],"curies":[{"name":"wp","href":"https:\/\/api.w.org\/{rel}","templated":true}]}}